{"id":139799,"date":"2025-03-16T09:11:31","date_gmt":"2025-03-16T15:11:31","guid":{"rendered":"https:\/\/lospoliticosveracruz.com.mx\/?p=139799"},"modified":"2025-03-16T09:11:47","modified_gmt":"2025-03-16T15:11:47","slug":"en-la-memoria-amorosa","status":"publish","type":"post","link":"https:\/\/lospoliticosveracruz.com\/?p=139799","title":{"rendered":"EN LA MEMORIA AMOROSA"},"content":{"rendered":"\n<p><strong><a href=\"https:\/\/whatsapp.com\/channel\/0029Va8zRWlEKyZIP3Z1dF0e\">\u2002\u2002<strong>\u00danete a nuestro canal&nbsp;<\/strong>\u2002\u2002\u2002\u2002\u2002\u2002&nbsp;<\/a>\u2002\u2002\u2002\u2002\u2002\u2002&nbsp;<\/strong><\/p>\n\n\n\n<p>\u00a1<strong>LOS POL\u00cdTICOS VERACRUZ<\/strong>&nbsp;ya est\u00e1 en WhatsApp!<\/p>\n\n\n\n<p><strong>Miguel Valera<\/strong><\/p>\n\n\n\n<p><em>Relatos dominicales<\/em><\/p>\n\n\n\n<p>Ese d\u00eda pasamos a Cardel por un licuado de guan\u00e1bana a los \u201cJugos El Manantial\u201d. Son los mejores, le dije a Eunice, quien sab\u00eda de mi afici\u00f3n por esta fruta y que siempre, tambi\u00e9n, adivinaba mis pensamientos, cuando de gustos sobre comida y bebida se trataba. Paladeamos esa delicia casi hasta llegar a Laguna Verde, antes de tomar la nueva autopista que nos dejar\u00eda, en un abrir y cerrar de ojos, en Papantla.<\/p>\n\n\n\n<p>Afuera del auto la temperatura estaba a 34 grados. \u00a1Es un infierno!, grit\u00e9, mientras ella encend\u00eda la radio y en las bocinas se escuchaban las notas introductorias de \u201cIn Loving Memory\u201d, de Alter Bridge. Es un Sol, un Mi menor s\u00e9ptimo, un Re, le dije, con cierta presunci\u00f3n, mientras en la bocina se escuchaba \u201cThanks for all you\u2032ve done\u201d (Gracias por todo lo que has hecho).<\/p>\n\n\n\n<p>\u201cI&#8217;ve missed you for so long\u201d (Te he extra\u00f1ado por mucho tiempo); \u201cI can\u2032t believe you&#8217;re gone\u201d (No puedo creer que te hayas ido) \u201cAnd you still live in me\u201d (Y a\u00fan vives en m\u00ed). Llegamos a Papantla con esa canci\u00f3n en la cabeza. Yo le dije que quer\u00eda comer en Casa Pardo, enfrente del parque, pero ella me insisti\u00f3 en que prefer\u00eda Nak\u00fa (coraz\u00f3n) un restaurante de moda, con una construcci\u00f3n de piedra laja, con inmensas vigas, sostenidas por horcones, que le recordaban la casa de sus abuelos.<\/p>\n\n\n\n<p>\u2014S\u00e9 que ya no es hora del desayuno, le dijo Eunice muy propia al mesero, pero quiero las empanadas \u201cTutunak\u00fa\u201d, acompa\u00f1adas con frijoles de olla, como dice aqu\u00ed, se\u00f1al\u00f3 con su dedo. Yo ped\u00ed dos tamales de cuchara (Wate xa paxni, se le\u00eda en la carta) y una sopa totonaca de tortilla (Makampin). Tomamos agua de frutas y de postre compartimos una pieza de Pipitoria con helado de vainilla.<\/p>\n\n\n\n<p>En la atm\u00f3sfera que nos rodeaba s\u00f3lo se hablaba de una cosa, el asesinato, presuntamente a manos de polic\u00edas municipales de Poza Rica, de Magdaleno P\u00e9rez Santes, un hombre de 41 a\u00f1os, cuyo delito habr\u00eda sido el seguir buscando a su hija Diana Paloma P\u00e9rez Vargas, estudiante de bachillerato, desaparecida en noviembre de 2019 cuando se dirig\u00eda a la escuela.<\/p>\n\n\n\n<p>\u201cNo hay peor dolor para un ser humano, que perder a un hijo o una hija\u201d, le dije a Eunice, para comentar del tema. \u201cEste pobre hombre, me contest\u00f3, no perdi\u00f3 la esperanza por encontrar a su hija y mira, ahora, le cortan la vida de esta manera brutal\u201d. Despu\u00e9s de esa golpiza Maleno fue liberado y lleg\u00f3 a su casa de Tres Cruces, en el municipio de Papantla. A las pocas horas le dijo a su familia que se sent\u00eda mal y muri\u00f3.<\/p>\n\n\n\n<p>Sus compa\u00f1eras y compa\u00f1eros del colectivo de b\u00fasqueda \u201cMar\u00eda Herrera\u201d se pronunciaron: \u201cOtra vez fue el Estado. As\u00ed como desaparecieron a muchos de nuestros familiares, es el Estado el que hace alianza con el crimen organizado. Y es el Estado el que pretende criminalizar a nuestros desaparecidos y a todas nuestras familias\u2026 Cada golpe recibido por Maleno es un golpe a las madres, padres, hermanas, esposas e hijos e hijas buscadores de este colectivo\u201d, indicaron.<\/p>\n\n\n\n<p>Se nos hizo un nudo en la garganta. Todo el pueblo de Papantla estaba conmocionado. \u201cQu\u00e9 tristeza\u201d, dijo quedito Eunice. \u201cHab\u00eda renunciado a todo para buscar a su hija y encontr\u00f3 la muerte\u201d. Pero ella est\u00e1 viva, nos dijo el mesero totonaco. No supimos si su frase era literal o se refer\u00eda al \u201cNin\u00edn\u201d, el culto que en esa regi\u00f3n se ofrec\u00eda a \u201clos que no han muerto\u201d.<\/p>\n\n\n\n<p>Al otro d\u00eda, cuando nos montamos en el veh\u00edculo y encendimos la radio, nuevamente estaba ah\u00ed \u201cIn Loving Memory\u201d. Nos miramos sorprendidos y dejamos que en las bocinas se escuchara \u201cI never knew what it was to be alone\u201d (Nunca supe lo que era estar solo\u201d; \u201cI carry the things that remind me of you\u201d (Llevo las cosas que me recuerdan a ti).<\/p>\n","protected":false},"excerpt":{"rendered":"<p>\u2002\u2002\u00danete a nuestro canal&nbsp;\u2002\u2002\u2002\u2002\u2002\u2002&nbsp;\u2002\u2002\u2002\u2002\u2002\u2002&nbsp; \u00a1LOS POL\u00cdTICOS VERACRUZ&nbsp;ya est\u00e1 en WhatsApp! Miguel Valera Relatos dominicales Ese d\u00eda pasamos a Cardel por un licuado de guan\u00e1bana a los \u201cJugos El Manantial\u201d. Son los mejores, le dije a Eunice, quien sab\u00eda de mi afici\u00f3n por esta fruta y que siempre, tambi\u00e9n, adivinaba mis pensamientos, cuando de gustos sobre [&hellip;]<\/p>\n","protected":false},"author":2,"featured_media":139800,"comment_status":"closed","ping_status":"closed","sticky":false,"template":"","format":"standard","meta":{"tdm_status":"","tdm_grid_status":"","footnotes":""},"categories":[75],"tags":[],"class_list":{"0":"post-139799","1":"post","2":"type-post","3":"status-publish","4":"format-standard","5":"has-post-thumbnail","7":"category-cine-libros-y-mas"},"yoast_head":"<!-- This site is optimized with the Yoast SEO plugin v27.4 - https:\/\/yoast.com\/product\/yoast-seo-wordpress\/ -->\n<title>EN LA MEMORIA AMOROSA - Los pol\u00edticos Veracruz<\/title>\n<meta name=\"robots\" content=\"index, follow, max-snippet:-1, max-image-preview:large, max-video-preview:-1\" \/>\n<link rel=\"canonical\" href=\"https:\/\/lospoliticosveracruz.com\/?p=139799\" \/>\n<meta property=\"og:locale\" content=\"es_ES\" \/>\n<meta property=\"og:type\" content=\"article\" \/>\n<meta property=\"og:title\" content=\"EN LA MEMORIA AMOROSA - Los pol\u00edticos Veracruz\" \/>\n<meta property=\"og:description\" content=\"\u2002\u2002\u00danete a nuestro canal&nbsp;\u2002\u2002\u2002\u2002\u2002\u2002&nbsp;\u2002\u2002\u2002\u2002\u2002\u2002&nbsp; \u00a1LOS POL\u00cdTICOS VERACRUZ&nbsp;ya est\u00e1 en WhatsApp! Miguel Valera Relatos dominicales Ese d\u00eda pasamos a Cardel por un licuado de guan\u00e1bana a los \u201cJugos El Manantial\u201d. Son los mejores, le dije a Eunice, quien sab\u00eda de mi afici\u00f3n por esta fruta y que siempre, tambi\u00e9n, adivinaba mis pensamientos, cuando de gustos sobre [&hellip;]\" \/>\n<meta property=\"og:url\" content=\"https:\/\/lospoliticosveracruz.com\/?p=139799\" \/>\n<meta property=\"og:site_name\" content=\"Los pol\u00edticos Veracruz\" \/>\n<meta property=\"article:publisher\" content=\"https:\/\/www.facebook.com\/people\/Notimemes-de-los-Polticos\/61565672886568\/\" \/>\n<meta property=\"article:published_time\" content=\"2025-03-16T15:11:31+00:00\" \/>\n<meta property=\"article:modified_time\" content=\"2025-03-16T15:11:47+00:00\" \/>\n<meta property=\"og:image\" content=\"https:\/\/lospoliticosveracruz.com\/wp-content\/uploads\/2025\/03\/IMG_8115.jpeg\" \/>\n\t<meta property=\"og:image:width\" content=\"600\" \/>\n\t<meta property=\"og:image:height\" content=\"320\" \/>\n\t<meta property=\"og:image:type\" content=\"image\/jpeg\" \/>\n<meta name=\"author\" content=\"Lo viste en Los Pol\u00edticos\" \/>\n<meta name=\"twitter:card\" content=\"summary_large_image\" \/>\n<meta name=\"twitter:creator\" content=\"@LosPoliticosVer\" \/>\n<meta name=\"twitter:site\" content=\"@LosPoliticosVer\" \/>\n<meta name=\"twitter:label1\" content=\"Escrito por\" \/>\n\t<meta name=\"twitter:data1\" content=\"Lo viste en Los Pol\u00edticos\" \/>\n\t<meta name=\"twitter:label2\" content=\"Tiempo de lectura\" \/>\n\t<meta name=\"twitter:data2\" content=\"4 minutos\" \/>\n<script type=\"application\/ld+json\" class=\"yoast-schema-graph\">{\"@context\":\"https:\\\/\\\/schema.org\",\"@graph\":[{\"@type\":\"Article\",\"@id\":\"https:\\\/\\\/lospoliticosveracruz.com\\\/?p=139799#article\",\"isPartOf\":{\"@id\":\"https:\\\/\\\/lospoliticosveracruz.com\\\/?p=139799\"},\"author\":{\"name\":\"Lo viste en Los Pol\u00edticos\",\"@id\":\"https:\\\/\\\/lospoliticosveracruz.com\\\/#\\\/schema\\\/person\\\/b8702bb0e538456e6efd07080bf2a4a2\"},\"headline\":\"EN LA MEMORIA AMOROSA\",\"datePublished\":\"2025-03-16T15:11:31+00:00\",\"dateModified\":\"2025-03-16T15:11:47+00:00\",\"mainEntityOfPage\":{\"@id\":\"https:\\\/\\\/lospoliticosveracruz.com\\\/?p=139799\"},\"wordCount\":712,\"publisher\":{\"@id\":\"https:\\\/\\\/lospoliticosveracruz.com\\\/#organization\"},\"image\":{\"@id\":\"https:\\\/\\\/lospoliticosveracruz.com\\\/?p=139799#primaryimage\"},\"thumbnailUrl\":\"https:\\\/\\\/lospoliticosveracruz.com\\\/wp-content\\\/uploads\\\/2025\\\/03\\\/IMG_8115.jpeg\",\"articleSection\":[\"Cine, Libros y m\u00e1s\"],\"inLanguage\":\"es\"},{\"@type\":\"WebPage\",\"@id\":\"https:\\\/\\\/lospoliticosveracruz.com\\\/?p=139799\",\"url\":\"https:\\\/\\\/lospoliticosveracruz.com\\\/?p=139799\",\"name\":\"EN LA MEMORIA AMOROSA - Los pol\u00edticos Veracruz\",\"isPartOf\":{\"@id\":\"https:\\\/\\\/lospoliticosveracruz.com\\\/#website\"},\"primaryImageOfPage\":{\"@id\":\"https:\\\/\\\/lospoliticosveracruz.com\\\/?p=139799#primaryimage\"},\"image\":{\"@id\":\"https:\\\/\\\/lospoliticosveracruz.com\\\/?p=139799#primaryimage\"},\"thumbnailUrl\":\"https:\\\/\\\/lospoliticosveracruz.com\\\/wp-content\\\/uploads\\\/2025\\\/03\\\/IMG_8115.jpeg\",\"datePublished\":\"2025-03-16T15:11:31+00:00\",\"dateModified\":\"2025-03-16T15:11:47+00:00\",\"breadcrumb\":{\"@id\":\"https:\\\/\\\/lospoliticosveracruz.com\\\/?p=139799#breadcrumb\"},\"inLanguage\":\"es\",\"potentialAction\":[{\"@type\":\"ReadAction\",\"target\":[\"https:\\\/\\\/lospoliticosveracruz.com\\\/?p=139799\"]}]},{\"@type\":\"ImageObject\",\"inLanguage\":\"es\",\"@id\":\"https:\\\/\\\/lospoliticosveracruz.com\\\/?p=139799#primaryimage\",\"url\":\"https:\\\/\\\/lospoliticosveracruz.com\\\/wp-content\\\/uploads\\\/2025\\\/03\\\/IMG_8115.jpeg\",\"contentUrl\":\"https:\\\/\\\/lospoliticosveracruz.com\\\/wp-content\\\/uploads\\\/2025\\\/03\\\/IMG_8115.jpeg\",\"width\":600,\"height\":320},{\"@type\":\"BreadcrumbList\",\"@id\":\"https:\\\/\\\/lospoliticosveracruz.com\\\/?p=139799#breadcrumb\",\"itemListElement\":[{\"@type\":\"ListItem\",\"position\":1,\"name\":\"Portada\",\"item\":\"https:\\\/\\\/lospoliticosveracruz.com\\\/\"},{\"@type\":\"ListItem\",\"position\":2,\"name\":\"EN LA MEMORIA AMOROSA\"}]},{\"@type\":\"WebSite\",\"@id\":\"https:\\\/\\\/lospoliticosveracruz.com\\\/#website\",\"url\":\"https:\\\/\\\/lospoliticosveracruz.com\\\/\",\"name\":\"Los pol\u00edticos Veracruz\",\"description\":\"\",\"publisher\":{\"@id\":\"https:\\\/\\\/lospoliticosveracruz.com\\\/#organization\"},\"potentialAction\":[{\"@type\":\"SearchAction\",\"target\":{\"@type\":\"EntryPoint\",\"urlTemplate\":\"https:\\\/\\\/lospoliticosveracruz.com\\\/?s={search_term_string}\"},\"query-input\":{\"@type\":\"PropertyValueSpecification\",\"valueRequired\":true,\"valueName\":\"search_term_string\"}}],\"inLanguage\":\"es\"},{\"@type\":\"Organization\",\"@id\":\"https:\\\/\\\/lospoliticosveracruz.com\\\/#organization\",\"name\":\"Los pol\u00edticos Veracruz\",\"url\":\"https:\\\/\\\/lospoliticosveracruz.com\\\/\",\"logo\":{\"@type\":\"ImageObject\",\"inLanguage\":\"es\",\"@id\":\"https:\\\/\\\/lospoliticosveracruz.com\\\/#\\\/schema\\\/logo\\\/image\\\/\",\"url\":\"https:\\\/\\\/lospoliticosveracruz.com\\\/wp-content\\\/uploads\\\/2025\\\/12\\\/Logo-Nuevo-LOS-POLITICOS-1.jpg\",\"contentUrl\":\"https:\\\/\\\/lospoliticosveracruz.com\\\/wp-content\\\/uploads\\\/2025\\\/12\\\/Logo-Nuevo-LOS-POLITICOS-1.jpg\",\"width\":260,\"height\":70,\"caption\":\"Los pol\u00edticos Veracruz\"},\"image\":{\"@id\":\"https:\\\/\\\/lospoliticosveracruz.com\\\/#\\\/schema\\\/logo\\\/image\\\/\"},\"sameAs\":[\"https:\\\/\\\/www.facebook.com\\\/people\\\/Notimemes-de-los-Polticos\\\/61565672886568\\\/\",\"https:\\\/\\\/x.com\\\/LosPoliticosVer\"]},{\"@type\":\"Person\",\"@id\":\"https:\\\/\\\/lospoliticosveracruz.com\\\/#\\\/schema\\\/person\\\/b8702bb0e538456e6efd07080bf2a4a2\",\"name\":\"Lo viste en Los Pol\u00edticos\",\"image\":{\"@type\":\"ImageObject\",\"inLanguage\":\"es\",\"@id\":\"https:\\\/\\\/secure.gravatar.com\\\/avatar\\\/3a8de04a2656d44082be478bd6c086daa447c4651605818287b9532d3d0bd435?s=96&d=mm&r=g\",\"url\":\"https:\\\/\\\/secure.gravatar.com\\\/avatar\\\/3a8de04a2656d44082be478bd6c086daa447c4651605818287b9532d3d0bd435?s=96&d=mm&r=g\",\"contentUrl\":\"https:\\\/\\\/secure.gravatar.com\\\/avatar\\\/3a8de04a2656d44082be478bd6c086daa447c4651605818287b9532d3d0bd435?s=96&d=mm&r=g\",\"caption\":\"Lo viste en Los Pol\u00edticos\"},\"url\":\"https:\\\/\\\/lospoliticosveracruz.com\\\/?author=2\"}]}<\/script>\n<!-- \/ Yoast SEO plugin. -->","yoast_head_json":{"title":"EN LA MEMORIA AMOROSA - Los pol\u00edticos Veracruz","robots":{"index":"index","follow":"follow","max-snippet":"max-snippet:-1","max-image-preview":"max-image-preview:large","max-video-preview":"max-video-preview:-1"},"canonical":"https:\/\/lospoliticosveracruz.com\/?p=139799","og_locale":"es_ES","og_type":"article","og_title":"EN LA MEMORIA AMOROSA - Los pol\u00edticos Veracruz","og_description":"\u2002\u2002\u00danete a nuestro canal&nbsp;\u2002\u2002\u2002\u2002\u2002\u2002&nbsp;\u2002\u2002\u2002\u2002\u2002\u2002&nbsp; \u00a1LOS POL\u00cdTICOS VERACRUZ&nbsp;ya est\u00e1 en WhatsApp! Miguel Valera Relatos dominicales Ese d\u00eda pasamos a Cardel por un licuado de guan\u00e1bana a los \u201cJugos El Manantial\u201d. Son los mejores, le dije a Eunice, quien sab\u00eda de mi afici\u00f3n por esta fruta y que siempre, tambi\u00e9n, adivinaba mis pensamientos, cuando de gustos sobre [&hellip;]","og_url":"https:\/\/lospoliticosveracruz.com\/?p=139799","og_site_name":"Los pol\u00edticos Veracruz","article_publisher":"https:\/\/www.facebook.com\/people\/Notimemes-de-los-Polticos\/61565672886568\/","article_published_time":"2025-03-16T15:11:31+00:00","article_modified_time":"2025-03-16T15:11:47+00:00","og_image":[{"width":600,"height":320,"url":"https:\/\/lospoliticosveracruz.com\/wp-content\/uploads\/2025\/03\/IMG_8115.jpeg","type":"image\/jpeg"}],"author":"Lo viste en Los Pol\u00edticos","twitter_card":"summary_large_image","twitter_creator":"@LosPoliticosVer","twitter_site":"@LosPoliticosVer","twitter_misc":{"Escrito por":"Lo viste en Los Pol\u00edticos","Tiempo de lectura":"4 minutos"},"schema":{"@context":"https:\/\/schema.org","@graph":[{"@type":"Article","@id":"https:\/\/lospoliticosveracruz.com\/?p=139799#article","isPartOf":{"@id":"https:\/\/lospoliticosveracruz.com\/?p=139799"},"author":{"name":"Lo viste en Los Pol\u00edticos","@id":"https:\/\/lospoliticosveracruz.com\/#\/schema\/person\/b8702bb0e538456e6efd07080bf2a4a2"},"headline":"EN LA MEMORIA AMOROSA","datePublished":"2025-03-16T15:11:31+00:00","dateModified":"2025-03-16T15:11:47+00:00","mainEntityOfPage":{"@id":"https:\/\/lospoliticosveracruz.com\/?p=139799"},"wordCount":712,"publisher":{"@id":"https:\/\/lospoliticosveracruz.com\/#organization"},"image":{"@id":"https:\/\/lospoliticosveracruz.com\/?p=139799#primaryimage"},"thumbnailUrl":"https:\/\/lospoliticosveracruz.com\/wp-content\/uploads\/2025\/03\/IMG_8115.jpeg","articleSection":["Cine, Libros y m\u00e1s"],"inLanguage":"es"},{"@type":"WebPage","@id":"https:\/\/lospoliticosveracruz.com\/?p=139799","url":"https:\/\/lospoliticosveracruz.com\/?p=139799","name":"EN LA MEMORIA AMOROSA - Los pol\u00edticos Veracruz","isPartOf":{"@id":"https:\/\/lospoliticosveracruz.com\/#website"},"primaryImageOfPage":{"@id":"https:\/\/lospoliticosveracruz.com\/?p=139799#primaryimage"},"image":{"@id":"https:\/\/lospoliticosveracruz.com\/?p=139799#primaryimage"},"thumbnailUrl":"https:\/\/lospoliticosveracruz.com\/wp-content\/uploads\/2025\/03\/IMG_8115.jpeg","datePublished":"2025-03-16T15:11:31+00:00","dateModified":"2025-03-16T15:11:47+00:00","breadcrumb":{"@id":"https:\/\/lospoliticosveracruz.com\/?p=139799#breadcrumb"},"inLanguage":"es","potentialAction":[{"@type":"ReadAction","target":["https:\/\/lospoliticosveracruz.com\/?p=139799"]}]},{"@type":"ImageObject","inLanguage":"es","@id":"https:\/\/lospoliticosveracruz.com\/?p=139799#primaryimage","url":"https:\/\/lospoliticosveracruz.com\/wp-content\/uploads\/2025\/03\/IMG_8115.jpeg","contentUrl":"https:\/\/lospoliticosveracruz.com\/wp-content\/uploads\/2025\/03\/IMG_8115.jpeg","width":600,"height":320},{"@type":"BreadcrumbList","@id":"https:\/\/lospoliticosveracruz.com\/?p=139799#breadcrumb","itemListElement":[{"@type":"ListItem","position":1,"name":"Portada","item":"https:\/\/lospoliticosveracruz.com\/"},{"@type":"ListItem","position":2,"name":"EN LA MEMORIA AMOROSA"}]},{"@type":"WebSite","@id":"https:\/\/lospoliticosveracruz.com\/#website","url":"https:\/\/lospoliticosveracruz.com\/","name":"Los pol\u00edticos Veracruz","description":"","publisher":{"@id":"https:\/\/lospoliticosveracruz.com\/#organization"},"potentialAction":[{"@type":"SearchAction","target":{"@type":"EntryPoint","urlTemplate":"https:\/\/lospoliticosveracruz.com\/?s={search_term_string}"},"query-input":{"@type":"PropertyValueSpecification","valueRequired":true,"valueName":"search_term_string"}}],"inLanguage":"es"},{"@type":"Organization","@id":"https:\/\/lospoliticosveracruz.com\/#organization","name":"Los pol\u00edticos Veracruz","url":"https:\/\/lospoliticosveracruz.com\/","logo":{"@type":"ImageObject","inLanguage":"es","@id":"https:\/\/lospoliticosveracruz.com\/#\/schema\/logo\/image\/","url":"https:\/\/lospoliticosveracruz.com\/wp-content\/uploads\/2025\/12\/Logo-Nuevo-LOS-POLITICOS-1.jpg","contentUrl":"https:\/\/lospoliticosveracruz.com\/wp-content\/uploads\/2025\/12\/Logo-Nuevo-LOS-POLITICOS-1.jpg","width":260,"height":70,"caption":"Los pol\u00edticos Veracruz"},"image":{"@id":"https:\/\/lospoliticosveracruz.com\/#\/schema\/logo\/image\/"},"sameAs":["https:\/\/www.facebook.com\/people\/Notimemes-de-los-Polticos\/61565672886568\/","https:\/\/x.com\/LosPoliticosVer"]},{"@type":"Person","@id":"https:\/\/lospoliticosveracruz.com\/#\/schema\/person\/b8702bb0e538456e6efd07080bf2a4a2","name":"Lo viste en Los Pol\u00edticos","image":{"@type":"ImageObject","inLanguage":"es","@id":"https:\/\/secure.gravatar.com\/avatar\/3a8de04a2656d44082be478bd6c086daa447c4651605818287b9532d3d0bd435?s=96&d=mm&r=g","url":"https:\/\/secure.gravatar.com\/avatar\/3a8de04a2656d44082be478bd6c086daa447c4651605818287b9532d3d0bd435?s=96&d=mm&r=g","contentUrl":"https:\/\/secure.gravatar.com\/avatar\/3a8de04a2656d44082be478bd6c086daa447c4651605818287b9532d3d0bd435?s=96&d=mm&r=g","caption":"Lo viste en Los Pol\u00edticos"},"url":"https:\/\/lospoliticosveracruz.com\/?author=2"}]}},"_links":{"self":[{"href":"https:\/\/lospoliticosveracruz.com\/index.php?rest_route=\/wp\/v2\/posts\/139799","targetHints":{"allow":["GET"]}}],"collection":[{"href":"https:\/\/lospoliticosveracruz.com\/index.php?rest_route=\/wp\/v2\/posts"}],"about":[{"href":"https:\/\/lospoliticosveracruz.com\/index.php?rest_route=\/wp\/v2\/types\/post"}],"author":[{"embeddable":true,"href":"https:\/\/lospoliticosveracruz.com\/index.php?rest_route=\/wp\/v2\/users\/2"}],"replies":[{"embeddable":true,"href":"https:\/\/lospoliticosveracruz.com\/index.php?rest_route=%2Fwp%2Fv2%2Fcomments&post=139799"}],"version-history":[{"count":2,"href":"https:\/\/lospoliticosveracruz.com\/index.php?rest_route=\/wp\/v2\/posts\/139799\/revisions"}],"predecessor-version":[{"id":139802,"href":"https:\/\/lospoliticosveracruz.com\/index.php?rest_route=\/wp\/v2\/posts\/139799\/revisions\/139802"}],"wp:featuredmedia":[{"embeddable":true,"href":"https:\/\/lospoliticosveracruz.com\/index.php?rest_route=\/wp\/v2\/media\/139800"}],"wp:attachment":[{"href":"https:\/\/lospoliticosveracruz.com\/index.php?rest_route=%2Fwp%2Fv2%2Fmedia&parent=139799"}],"wp:term":[{"taxonomy":"category","embeddable":true,"href":"https:\/\/lospoliticosveracruz.com\/index.php?rest_route=%2Fwp%2Fv2%2Fcategories&post=139799"},{"taxonomy":"post_tag","embeddable":true,"href":"https:\/\/lospoliticosveracruz.com\/index.php?rest_route=%2Fwp%2Fv2%2Ftags&post=139799"}],"curies":[{"name":"wp","href":"https:\/\/api.w.org\/{rel}","templated":true}]}}