{"id":139803,"date":"2025-03-16T10:01:08","date_gmt":"2025-03-16T16:01:08","guid":{"rendered":"https:\/\/lospoliticosveracruz.com.mx\/?p=139803"},"modified":"2025-03-16T10:01:23","modified_gmt":"2025-03-16T16:01:23","slug":"le-amargo-el-sabadaba","status":"publish","type":"post","link":"https:\/\/lospoliticosveracruz.com\/?p=139803","title":{"rendered":"LE AMARG\u00d3 EL SABADABA\u2026"},"content":{"rendered":"\n<p><strong><a href=\"https:\/\/whatsapp.com\/channel\/0029Va8zRWlEKyZIP3Z1dF0e\">\u2002\u2002<strong>\u00danete a nuestro canal&nbsp;<\/strong>\u2002\u2002\u2002\u2002\u2002\u2002&nbsp;<\/a>\u2002\u2002\u2002\u2002\u2002\u2002&nbsp;<\/strong><\/p>\n\n\n\n<p>\u00a1<strong>LOS POL\u00cdTICOS VERACRUZ<\/strong>&nbsp;ya est\u00e1 en WhatsApp!<\/p>\n\n\n\n<p><strong>Oved Contreras<\/strong><\/p>\n\n\n\n<p><em>Secas Mecas<\/em><\/p>\n\n\n\n<p>El senador morenista, Ad\u00e1n Augusto L\u00f3pez, estuvo de visita ayer en Veracruz\u2026vino a Coatepec a la fiesta de cumplea\u00f1os del empresario Fernando Padilla, quien es identificado como amigo cercano del ex secretario de Gobernaci\u00f3n y se dice tambi\u00e9n que es uno de los mayores beneficiarios con contratos de gobiernos morenistas.<\/p>\n\n\n\n<p>Ad\u00e1n Augusto L\u00f3pez oblig\u00f3 a que la t\u00eda Ch\u00edo, que no estaba en Veracruz porque se fue al informe de labores del gobernador de Tamaulipas, Am\u00e9rico Villarreal, pusiera a correr a medio mundo\u2026do\u00f1a Zacatl\u00e1n de las Manzanas orden\u00f3 que le pusieran marcaje personal para que la tuvieran al tanto de todos los movimientos del tabasque\u00f1o\u2026qu\u00e9 lugares visitaba y particularmente con quienes se reun\u00eda.<\/p>\n\n\n\n<p>La t\u00eda Ch\u00edo no puede ver ni en pintura al senador morenista. Primero porque tuvo desencuentros con el ex gobernador de Tabasco cuando ella constru\u00eda la refiner\u00eda de Dos Bocas\u2026despu\u00e9s Ad\u00e1n Augusto L\u00f3pez se gan\u00f3 el desprecio de Nahle por haber operado el respaldo de los Yunes a la reforma Judicial y acusa al tabasque\u00f1o de abrirle la puerta de la Cuarta Transformaci\u00f3n al clan\u2026Ricardo Monreal y Noro\u00f1a son los otros dos que se la deben a la t\u00eda Ch\u00edo.<\/p>\n\n\n\n<p>Los escribientes de la gobernadora trabajaron horas extras para ensuciar la visita de Ad\u00e1n Augusto y desde ayer se dedicaron a construir historias de conspiraci\u00f3n\u2026que si Ad\u00e1n Augusto vino a buscar a la gobernadora para palomear listas de candidatos\u2026que si vino a ver a los Yunes para planificar un proyecto pol\u00edtico con miras al 2030\u2026puros cuentos de pescadores que arrulla el mar, dijera la licenciada Melchi.<\/p>\n\n\n\n<p>De risa eso de que Ad\u00e1n Augusto vino a tratar de hablar con la gobernadora cuando es p\u00fablica la enemistad que existe entre ambos sobre todo a ra\u00edz de que ChikiYunes se incorpor\u00f3 a la bancada de Morena en el Senado y se afili\u00f3 al movimiento\u2026lo que provoc\u00f3 el enojo de la se\u00f1ora de R\u00edo Grande, Zacatecas.<\/p>\n\n\n\n<p>Pero todo lo que publicaron sobre la visita del senador morenista solo demuestra que le amarg\u00f3 el sabadaba a do\u00f1a Ch\u00edo\u2026que a pesar de que lo tiene clasificado como personaje Non Grato en Veracruz, Ad\u00e1n Augusto se venga a pasear un fin de semana como si tuviera que pedirles permiso\u2026pero es evidente que no le teme a do\u00f1a Zacazonapan y que teniendo el control del Senado, Ad\u00e1n Augusto y Noro\u00f1a son pieza fundamental para la presidenta Claudia Sheinbaum.<\/p>\n\n\n\n<p><strong>TOMAN CUMBRE TAJ\u00cdN<\/strong>\u2026Siguen los problemas para la secretaria de Cultura, X\u00f3chitl Molina\u2026trabajadores del Parque Tem\u00e1tico Takilhsukut, dependientes del Instituto de Antropolog\u00eda e Historia (INAH), sectorizado a la Secretar\u00eda de Cultura federal, sede para la Cumbre Taj\u00edn, cerraron la ma\u00f1ana de ayer los accesos en exigencia del pago de sueldos atrasados, y advierten que sin pago este a\u00f1o no habr\u00e1 festival.<\/p>\n\n\n\n<p>La toma de instalaciones ocurre a escasos 4 d\u00edas del inicio de la vig\u00e9sima sexta edici\u00f3n del festival del Totonacapan, cuyos preparativos e instalaci\u00f3n de escenarios est\u00e1 en marcha. Sin embargo, los manifestantes impidieron el acceso a trabajadores de distintas empresas, bloqueando tambi\u00e9n el paso al Centro de las Artes Ind\u00edgenas.<\/p>\n\n\n\n<p>Los inconformes acusan que la Secretar\u00eda de Cultura les adeuda el salario correspondiente a los meses de enero y febrero, m\u00e1s la primera quincena de marzo. Agregaron que el Parque Tem\u00e1tico Takilhsukut se encuentra en \u00f3ptimas condiciones debido a que de manera previa se realizaron los trabajos necesarios, aunque quedaron pendientes algunas \u00e1reas que deben ser atendidas en pr\u00f3ximos d\u00edas a n de que todo est\u00e9 listo para el festival.<\/p>\n\n\n\n<p>Los manifestantes advierten que \u201csin pago no hay Cumbre\u201d, lo que plasmaron en una manta que coloraron en la malla perif\u00e9rica de la zona arqueol\u00f3gica. Las \u00e1reas que quedaron pendientes son la zona de campamento, algunas casas escuela, as\u00ed como espacios para venta, lo que podr\u00eda afectar a los comerciantes que contrataron un espacio para el festival.<\/p>\n\n\n\n<p><strong>SENTENCIAN A CASTAGN\u00c9<\/strong>\u2026el empresario Arturo Castagn\u00e9 fue sentenciado a pagar una indemnizaci\u00f3n de m\u00e1s de 14 millones de pesos a la gobernadora de Veracruz, Roc\u00edo Nahle Garc\u00eda por incurrir a violencia violencia de g\u00e9nero as\u00ed como por da\u00f1o moral, seg\u00fan resolvi\u00f3 la jueza del juzgado sexto en el S\u00e9ptimo distrito judicial de Veracruz, Yuriria Zoraya L\u00f3pez Gaspar.<\/p>\n\n\n\n<p>La jueza se\u00f1al\u00f3 en la resoluci\u00f3n publicada que el empresario incurri\u00f3 en \u201cconductas il\u00edcitas\u201d que afectaron a la mandataria estatal, \u201cy se declara que el demandado Arturo Castgan\u00e9 Couturier incurri\u00f3 en conductas il\u00edcitas que produjeron un da\u00f1o moral a la ciudadana Norma Roc\u00edo Nahle Garc\u00eda, por los motivos expuestos en el considerando IV de esta sentencia\u201d.<\/p>\n\n\n\n<p>Adem\u00e1s del da\u00f1o moral fue sentenciado por difamaci\u00f3n, calumnias y violencia en pol\u00edtica de g\u00e9nero de acuerdo al C\u00f3digo penal del estado de Veracruz, en un hecho sin precedentes. La resoluci\u00f3n se emiti\u00f3 bajo el n\u00famero 69 y fue publicada este viernes 14 de marzo, ah\u00ed se establece que adem\u00e1s del pago en efectivo, el empresario fue condenado a la publicaci\u00f3n de un extracto del mismo en los medios donde difundi\u00f3 la informaci\u00f3n contra la mandataria que fueron admitidas por las autoridades judiciales como calumnias y difamaciones.<\/p>\n\n\n\n<p>Hasta este s\u00e1bado, el empresario no se hab\u00eda pronunciado por el resolutivo de la juez que lo sentenci\u00f3 como culpable\u2026pero en redes sociales, le llovieron cr\u00edticas a la jueza a quien fustigaron haberse puesto del lado de la gobernante\u2026que para eso quiere el gobierno tener bajo control al aparato judicial.<\/p>\n","protected":false},"excerpt":{"rendered":"<p>\u2002\u2002\u00danete a nuestro canal&nbsp;\u2002\u2002\u2002\u2002\u2002\u2002&nbsp;\u2002\u2002\u2002\u2002\u2002\u2002&nbsp; \u00a1LOS POL\u00cdTICOS VERACRUZ&nbsp;ya est\u00e1 en WhatsApp! Oved Contreras Secas Mecas El senador morenista, Ad\u00e1n Augusto L\u00f3pez, estuvo de visita ayer en Veracruz\u2026vino a Coatepec a la fiesta de cumplea\u00f1os del empresario Fernando Padilla, quien es identificado como amigo cercano del ex secretario de Gobernaci\u00f3n y se dice tambi\u00e9n que es uno [&hellip;]<\/p>\n","protected":false},"author":2,"featured_media":119816,"comment_status":"closed","ping_status":"closed","sticky":false,"template":"","format":"standard","meta":{"tdm_status":"","tdm_grid_status":"","footnotes":""},"categories":[70],"tags":[],"class_list":{"0":"post-139803","1":"post","2":"type-post","3":"status-publish","4":"format-standard","5":"has-post-thumbnail","7":"category-de-opinion"},"yoast_head":"<!-- This site is optimized with the Yoast SEO plugin v27.4 - https:\/\/yoast.com\/product\/yoast-seo-wordpress\/ -->\n<title>LE AMARG\u00d3 EL SABADABA\u2026 - Los pol\u00edticos Veracruz<\/title>\n<meta name=\"robots\" content=\"index, follow, max-snippet:-1, max-image-preview:large, max-video-preview:-1\" \/>\n<link rel=\"canonical\" href=\"https:\/\/lospoliticosveracruz.com\/?p=139803\" \/>\n<meta property=\"og:locale\" content=\"es_ES\" \/>\n<meta property=\"og:type\" content=\"article\" \/>\n<meta property=\"og:title\" content=\"LE AMARG\u00d3 EL SABADABA\u2026 - Los pol\u00edticos Veracruz\" \/>\n<meta property=\"og:description\" content=\"\u2002\u2002\u00danete a nuestro canal&nbsp;\u2002\u2002\u2002\u2002\u2002\u2002&nbsp;\u2002\u2002\u2002\u2002\u2002\u2002&nbsp; \u00a1LOS POL\u00cdTICOS VERACRUZ&nbsp;ya est\u00e1 en WhatsApp! Oved Contreras Secas Mecas El senador morenista, Ad\u00e1n Augusto L\u00f3pez, estuvo de visita ayer en Veracruz\u2026vino a Coatepec a la fiesta de cumplea\u00f1os del empresario Fernando Padilla, quien es identificado como amigo cercano del ex secretario de Gobernaci\u00f3n y se dice tambi\u00e9n que es uno [&hellip;]\" \/>\n<meta property=\"og:url\" content=\"https:\/\/lospoliticosveracruz.com\/?p=139803\" \/>\n<meta property=\"og:site_name\" content=\"Los pol\u00edticos Veracruz\" \/>\n<meta property=\"article:publisher\" content=\"https:\/\/www.facebook.com\/people\/Notimemes-de-los-Polticos\/61565672886568\/\" \/>\n<meta property=\"article:published_time\" content=\"2025-03-16T16:01:08+00:00\" \/>\n<meta property=\"article:modified_time\" content=\"2025-03-16T16:01:23+00:00\" \/>\n<meta property=\"og:image\" content=\"https:\/\/lospoliticosveracruz.com\/wp-content\/uploads\/2024\/03\/Oved-Contreras.jpg\" \/>\n\t<meta property=\"og:image:width\" content=\"1250\" \/>\n\t<meta property=\"og:image:height\" content=\"667\" \/>\n\t<meta property=\"og:image:type\" content=\"image\/jpeg\" \/>\n<meta name=\"author\" content=\"Lo viste en Los Pol\u00edticos\" \/>\n<meta name=\"twitter:card\" content=\"summary_large_image\" \/>\n<meta name=\"twitter:creator\" content=\"@LosPoliticosVer\" \/>\n<meta name=\"twitter:site\" content=\"@LosPoliticosVer\" \/>\n<meta name=\"twitter:label1\" content=\"Escrito por\" \/>\n\t<meta name=\"twitter:data1\" content=\"Lo viste en Los Pol\u00edticos\" \/>\n\t<meta name=\"twitter:label2\" content=\"Tiempo de lectura\" \/>\n\t<meta name=\"twitter:data2\" content=\"5 minutos\" \/>\n<script type=\"application\/ld+json\" class=\"yoast-schema-graph\">{\"@context\":\"https:\\\/\\\/schema.org\",\"@graph\":[{\"@type\":\"Article\",\"@id\":\"https:\\\/\\\/lospoliticosveracruz.com\\\/?p=139803#article\",\"isPartOf\":{\"@id\":\"https:\\\/\\\/lospoliticosveracruz.com\\\/?p=139803\"},\"author\":{\"name\":\"Lo viste en Los Pol\u00edticos\",\"@id\":\"https:\\\/\\\/lospoliticosveracruz.com\\\/#\\\/schema\\\/person\\\/b8702bb0e538456e6efd07080bf2a4a2\"},\"headline\":\"LE AMARG\u00d3 EL SABADABA\u2026\",\"datePublished\":\"2025-03-16T16:01:08+00:00\",\"dateModified\":\"2025-03-16T16:01:23+00:00\",\"mainEntityOfPage\":{\"@id\":\"https:\\\/\\\/lospoliticosveracruz.com\\\/?p=139803\"},\"wordCount\":1010,\"publisher\":{\"@id\":\"https:\\\/\\\/lospoliticosveracruz.com\\\/#organization\"},\"image\":{\"@id\":\"https:\\\/\\\/lospoliticosveracruz.com\\\/?p=139803#primaryimage\"},\"thumbnailUrl\":\"https:\\\/\\\/lospoliticosveracruz.com\\\/wp-content\\\/uploads\\\/2024\\\/03\\\/Oved-Contreras.jpg\",\"articleSection\":[\"De Opini\u00f3n\"],\"inLanguage\":\"es\"},{\"@type\":\"WebPage\",\"@id\":\"https:\\\/\\\/lospoliticosveracruz.com\\\/?p=139803\",\"url\":\"https:\\\/\\\/lospoliticosveracruz.com\\\/?p=139803\",\"name\":\"LE AMARG\u00d3 EL SABADABA\u2026 - Los pol\u00edticos Veracruz\",\"isPartOf\":{\"@id\":\"https:\\\/\\\/lospoliticosveracruz.com\\\/#website\"},\"primaryImageOfPage\":{\"@id\":\"https:\\\/\\\/lospoliticosveracruz.com\\\/?p=139803#primaryimage\"},\"image\":{\"@id\":\"https:\\\/\\\/lospoliticosveracruz.com\\\/?p=139803#primaryimage\"},\"thumbnailUrl\":\"https:\\\/\\\/lospoliticosveracruz.com\\\/wp-content\\\/uploads\\\/2024\\\/03\\\/Oved-Contreras.jpg\",\"datePublished\":\"2025-03-16T16:01:08+00:00\",\"dateModified\":\"2025-03-16T16:01:23+00:00\",\"breadcrumb\":{\"@id\":\"https:\\\/\\\/lospoliticosveracruz.com\\\/?p=139803#breadcrumb\"},\"inLanguage\":\"es\",\"potentialAction\":[{\"@type\":\"ReadAction\",\"target\":[\"https:\\\/\\\/lospoliticosveracruz.com\\\/?p=139803\"]}]},{\"@type\":\"ImageObject\",\"inLanguage\":\"es\",\"@id\":\"https:\\\/\\\/lospoliticosveracruz.com\\\/?p=139803#primaryimage\",\"url\":\"https:\\\/\\\/lospoliticosveracruz.com\\\/wp-content\\\/uploads\\\/2024\\\/03\\\/Oved-Contreras.jpg\",\"contentUrl\":\"https:\\\/\\\/lospoliticosveracruz.com\\\/wp-content\\\/uploads\\\/2024\\\/03\\\/Oved-Contreras.jpg\",\"width\":1250,\"height\":667},{\"@type\":\"BreadcrumbList\",\"@id\":\"https:\\\/\\\/lospoliticosveracruz.com\\\/?p=139803#breadcrumb\",\"itemListElement\":[{\"@type\":\"ListItem\",\"position\":1,\"name\":\"Portada\",\"item\":\"https:\\\/\\\/lospoliticosveracruz.com\\\/\"},{\"@type\":\"ListItem\",\"position\":2,\"name\":\"LE AMARG\u00d3 EL SABADABA\u2026\"}]},{\"@type\":\"WebSite\",\"@id\":\"https:\\\/\\\/lospoliticosveracruz.com\\\/#website\",\"url\":\"https:\\\/\\\/lospoliticosveracruz.com\\\/\",\"name\":\"Los pol\u00edticos Veracruz\",\"description\":\"\",\"publisher\":{\"@id\":\"https:\\\/\\\/lospoliticosveracruz.com\\\/#organization\"},\"potentialAction\":[{\"@type\":\"SearchAction\",\"target\":{\"@type\":\"EntryPoint\",\"urlTemplate\":\"https:\\\/\\\/lospoliticosveracruz.com\\\/?s={search_term_string}\"},\"query-input\":{\"@type\":\"PropertyValueSpecification\",\"valueRequired\":true,\"valueName\":\"search_term_string\"}}],\"inLanguage\":\"es\"},{\"@type\":\"Organization\",\"@id\":\"https:\\\/\\\/lospoliticosveracruz.com\\\/#organization\",\"name\":\"Los pol\u00edticos Veracruz\",\"url\":\"https:\\\/\\\/lospoliticosveracruz.com\\\/\",\"logo\":{\"@type\":\"ImageObject\",\"inLanguage\":\"es\",\"@id\":\"https:\\\/\\\/lospoliticosveracruz.com\\\/#\\\/schema\\\/logo\\\/image\\\/\",\"url\":\"https:\\\/\\\/lospoliticosveracruz.com\\\/wp-content\\\/uploads\\\/2025\\\/12\\\/Logo-Nuevo-LOS-POLITICOS-1.jpg\",\"contentUrl\":\"https:\\\/\\\/lospoliticosveracruz.com\\\/wp-content\\\/uploads\\\/2025\\\/12\\\/Logo-Nuevo-LOS-POLITICOS-1.jpg\",\"width\":260,\"height\":70,\"caption\":\"Los pol\u00edticos Veracruz\"},\"image\":{\"@id\":\"https:\\\/\\\/lospoliticosveracruz.com\\\/#\\\/schema\\\/logo\\\/image\\\/\"},\"sameAs\":[\"https:\\\/\\\/www.facebook.com\\\/people\\\/Notimemes-de-los-Polticos\\\/61565672886568\\\/\",\"https:\\\/\\\/x.com\\\/LosPoliticosVer\"]},{\"@type\":\"Person\",\"@id\":\"https:\\\/\\\/lospoliticosveracruz.com\\\/#\\\/schema\\\/person\\\/b8702bb0e538456e6efd07080bf2a4a2\",\"name\":\"Lo viste en Los Pol\u00edticos\",\"image\":{\"@type\":\"ImageObject\",\"inLanguage\":\"es\",\"@id\":\"https:\\\/\\\/secure.gravatar.com\\\/avatar\\\/3a8de04a2656d44082be478bd6c086daa447c4651605818287b9532d3d0bd435?s=96&d=mm&r=g\",\"url\":\"https:\\\/\\\/secure.gravatar.com\\\/avatar\\\/3a8de04a2656d44082be478bd6c086daa447c4651605818287b9532d3d0bd435?s=96&d=mm&r=g\",\"contentUrl\":\"https:\\\/\\\/secure.gravatar.com\\\/avatar\\\/3a8de04a2656d44082be478bd6c086daa447c4651605818287b9532d3d0bd435?s=96&d=mm&r=g\",\"caption\":\"Lo viste en Los Pol\u00edticos\"},\"url\":\"https:\\\/\\\/lospoliticosveracruz.com\\\/?author=2\"}]}<\/script>\n<!-- \/ Yoast SEO plugin. -->","yoast_head_json":{"title":"LE AMARG\u00d3 EL SABADABA\u2026 - Los pol\u00edticos Veracruz","robots":{"index":"index","follow":"follow","max-snippet":"max-snippet:-1","max-image-preview":"max-image-preview:large","max-video-preview":"max-video-preview:-1"},"canonical":"https:\/\/lospoliticosveracruz.com\/?p=139803","og_locale":"es_ES","og_type":"article","og_title":"LE AMARG\u00d3 EL SABADABA\u2026 - Los pol\u00edticos Veracruz","og_description":"\u2002\u2002\u00danete a nuestro canal&nbsp;\u2002\u2002\u2002\u2002\u2002\u2002&nbsp;\u2002\u2002\u2002\u2002\u2002\u2002&nbsp; \u00a1LOS POL\u00cdTICOS VERACRUZ&nbsp;ya est\u00e1 en WhatsApp! Oved Contreras Secas Mecas El senador morenista, Ad\u00e1n Augusto L\u00f3pez, estuvo de visita ayer en Veracruz\u2026vino a Coatepec a la fiesta de cumplea\u00f1os del empresario Fernando Padilla, quien es identificado como amigo cercano del ex secretario de Gobernaci\u00f3n y se dice tambi\u00e9n que es uno [&hellip;]","og_url":"https:\/\/lospoliticosveracruz.com\/?p=139803","og_site_name":"Los pol\u00edticos Veracruz","article_publisher":"https:\/\/www.facebook.com\/people\/Notimemes-de-los-Polticos\/61565672886568\/","article_published_time":"2025-03-16T16:01:08+00:00","article_modified_time":"2025-03-16T16:01:23+00:00","og_image":[{"width":1250,"height":667,"url":"https:\/\/lospoliticosveracruz.com\/wp-content\/uploads\/2024\/03\/Oved-Contreras.jpg","type":"image\/jpeg"}],"author":"Lo viste en Los Pol\u00edticos","twitter_card":"summary_large_image","twitter_creator":"@LosPoliticosVer","twitter_site":"@LosPoliticosVer","twitter_misc":{"Escrito por":"Lo viste en Los Pol\u00edticos","Tiempo de lectura":"5 minutos"},"schema":{"@context":"https:\/\/schema.org","@graph":[{"@type":"Article","@id":"https:\/\/lospoliticosveracruz.com\/?p=139803#article","isPartOf":{"@id":"https:\/\/lospoliticosveracruz.com\/?p=139803"},"author":{"name":"Lo viste en Los Pol\u00edticos","@id":"https:\/\/lospoliticosveracruz.com\/#\/schema\/person\/b8702bb0e538456e6efd07080bf2a4a2"},"headline":"LE AMARG\u00d3 EL SABADABA\u2026","datePublished":"2025-03-16T16:01:08+00:00","dateModified":"2025-03-16T16:01:23+00:00","mainEntityOfPage":{"@id":"https:\/\/lospoliticosveracruz.com\/?p=139803"},"wordCount":1010,"publisher":{"@id":"https:\/\/lospoliticosveracruz.com\/#organization"},"image":{"@id":"https:\/\/lospoliticosveracruz.com\/?p=139803#primaryimage"},"thumbnailUrl":"https:\/\/lospoliticosveracruz.com\/wp-content\/uploads\/2024\/03\/Oved-Contreras.jpg","articleSection":["De Opini\u00f3n"],"inLanguage":"es"},{"@type":"WebPage","@id":"https:\/\/lospoliticosveracruz.com\/?p=139803","url":"https:\/\/lospoliticosveracruz.com\/?p=139803","name":"LE AMARG\u00d3 EL SABADABA\u2026 - Los pol\u00edticos Veracruz","isPartOf":{"@id":"https:\/\/lospoliticosveracruz.com\/#website"},"primaryImageOfPage":{"@id":"https:\/\/lospoliticosveracruz.com\/?p=139803#primaryimage"},"image":{"@id":"https:\/\/lospoliticosveracruz.com\/?p=139803#primaryimage"},"thumbnailUrl":"https:\/\/lospoliticosveracruz.com\/wp-content\/uploads\/2024\/03\/Oved-Contreras.jpg","datePublished":"2025-03-16T16:01:08+00:00","dateModified":"2025-03-16T16:01:23+00:00","breadcrumb":{"@id":"https:\/\/lospoliticosveracruz.com\/?p=139803#breadcrumb"},"inLanguage":"es","potentialAction":[{"@type":"ReadAction","target":["https:\/\/lospoliticosveracruz.com\/?p=139803"]}]},{"@type":"ImageObject","inLanguage":"es","@id":"https:\/\/lospoliticosveracruz.com\/?p=139803#primaryimage","url":"https:\/\/lospoliticosveracruz.com\/wp-content\/uploads\/2024\/03\/Oved-Contreras.jpg","contentUrl":"https:\/\/lospoliticosveracruz.com\/wp-content\/uploads\/2024\/03\/Oved-Contreras.jpg","width":1250,"height":667},{"@type":"BreadcrumbList","@id":"https:\/\/lospoliticosveracruz.com\/?p=139803#breadcrumb","itemListElement":[{"@type":"ListItem","position":1,"name":"Portada","item":"https:\/\/lospoliticosveracruz.com\/"},{"@type":"ListItem","position":2,"name":"LE AMARG\u00d3 EL SABADABA\u2026"}]},{"@type":"WebSite","@id":"https:\/\/lospoliticosveracruz.com\/#website","url":"https:\/\/lospoliticosveracruz.com\/","name":"Los pol\u00edticos Veracruz","description":"","publisher":{"@id":"https:\/\/lospoliticosveracruz.com\/#organization"},"potentialAction":[{"@type":"SearchAction","target":{"@type":"EntryPoint","urlTemplate":"https:\/\/lospoliticosveracruz.com\/?s={search_term_string}"},"query-input":{"@type":"PropertyValueSpecification","valueRequired":true,"valueName":"search_term_string"}}],"inLanguage":"es"},{"@type":"Organization","@id":"https:\/\/lospoliticosveracruz.com\/#organization","name":"Los pol\u00edticos Veracruz","url":"https:\/\/lospoliticosveracruz.com\/","logo":{"@type":"ImageObject","inLanguage":"es","@id":"https:\/\/lospoliticosveracruz.com\/#\/schema\/logo\/image\/","url":"https:\/\/lospoliticosveracruz.com\/wp-content\/uploads\/2025\/12\/Logo-Nuevo-LOS-POLITICOS-1.jpg","contentUrl":"https:\/\/lospoliticosveracruz.com\/wp-content\/uploads\/2025\/12\/Logo-Nuevo-LOS-POLITICOS-1.jpg","width":260,"height":70,"caption":"Los pol\u00edticos Veracruz"},"image":{"@id":"https:\/\/lospoliticosveracruz.com\/#\/schema\/logo\/image\/"},"sameAs":["https:\/\/www.facebook.com\/people\/Notimemes-de-los-Polticos\/61565672886568\/","https:\/\/x.com\/LosPoliticosVer"]},{"@type":"Person","@id":"https:\/\/lospoliticosveracruz.com\/#\/schema\/person\/b8702bb0e538456e6efd07080bf2a4a2","name":"Lo viste en Los Pol\u00edticos","image":{"@type":"ImageObject","inLanguage":"es","@id":"https:\/\/secure.gravatar.com\/avatar\/3a8de04a2656d44082be478bd6c086daa447c4651605818287b9532d3d0bd435?s=96&d=mm&r=g","url":"https:\/\/secure.gravatar.com\/avatar\/3a8de04a2656d44082be478bd6c086daa447c4651605818287b9532d3d0bd435?s=96&d=mm&r=g","contentUrl":"https:\/\/secure.gravatar.com\/avatar\/3a8de04a2656d44082be478bd6c086daa447c4651605818287b9532d3d0bd435?s=96&d=mm&r=g","caption":"Lo viste en Los Pol\u00edticos"},"url":"https:\/\/lospoliticosveracruz.com\/?author=2"}]}},"_links":{"self":[{"href":"https:\/\/lospoliticosveracruz.com\/index.php?rest_route=\/wp\/v2\/posts\/139803","targetHints":{"allow":["GET"]}}],"collection":[{"href":"https:\/\/lospoliticosveracruz.com\/index.php?rest_route=\/wp\/v2\/posts"}],"about":[{"href":"https:\/\/lospoliticosveracruz.com\/index.php?rest_route=\/wp\/v2\/types\/post"}],"author":[{"embeddable":true,"href":"https:\/\/lospoliticosveracruz.com\/index.php?rest_route=\/wp\/v2\/users\/2"}],"replies":[{"embeddable":true,"href":"https:\/\/lospoliticosveracruz.com\/index.php?rest_route=%2Fwp%2Fv2%2Fcomments&post=139803"}],"version-history":[{"count":2,"href":"https:\/\/lospoliticosveracruz.com\/index.php?rest_route=\/wp\/v2\/posts\/139803\/revisions"}],"predecessor-version":[{"id":139805,"href":"https:\/\/lospoliticosveracruz.com\/index.php?rest_route=\/wp\/v2\/posts\/139803\/revisions\/139805"}],"wp:featuredmedia":[{"embeddable":true,"href":"https:\/\/lospoliticosveracruz.com\/index.php?rest_route=\/wp\/v2\/media\/119816"}],"wp:attachment":[{"href":"https:\/\/lospoliticosveracruz.com\/index.php?rest_route=%2Fwp%2Fv2%2Fmedia&parent=139803"}],"wp:term":[{"taxonomy":"category","embeddable":true,"href":"https:\/\/lospoliticosveracruz.com\/index.php?rest_route=%2Fwp%2Fv2%2Fcategories&post=139803"},{"taxonomy":"post_tag","embeddable":true,"href":"https:\/\/lospoliticosveracruz.com\/index.php?rest_route=%2Fwp%2Fv2%2Ftags&post=139803"}],"curies":[{"name":"wp","href":"https:\/\/api.w.org\/{rel}","templated":true}]}}