{"id":139806,"date":"2025-03-16T11:26:40","date_gmt":"2025-03-16T17:26:40","guid":{"rendered":"https:\/\/lospoliticosveracruz.com.mx\/?p=139806"},"modified":"2025-03-16T11:27:02","modified_gmt":"2025-03-16T17:27:02","slug":"pablo-y-raul","status":"publish","type":"post","link":"https:\/\/lospoliticosveracruz.com\/?p=139806","title":{"rendered":"PABLO Y RA\u00daL\u00a0"},"content":{"rendered":"\n<p><strong><a href=\"https:\/\/whatsapp.com\/channel\/0029Va8zRWlEKyZIP3Z1dF0e\">\u2002\u2002<strong>\u00danete a nuestro canal&nbsp;<\/strong>\u2002\u2002\u2002\u2002\u2002\u2002&nbsp;<\/a>\u2002\u2002\u2002\u2002\u2002\u2002&nbsp;<\/strong><\/p>\n\n\n\n<p>\u00a1<strong>LOS POL\u00cdTICOS VERACRUZ<\/strong>&nbsp;ya est\u00e1 en WhatsApp!<\/p>\n\n\n\n<p><strong>Juan de Dios S\u00e1nchez Abreu<\/strong><\/p>\n\n\n\n<p><em>El Gordito de Oro<\/em><\/p>\n\n\n\n<p>Las elecciones de los 212 municipios del estado de Veracruz, que se llevar\u00e1n a cabo este 1 de junio del presente a\u00f1o cada d\u00eda se ponen m\u00e1s candente, ya que los 6 partidos pol\u00edticos (PAN, VERDE, PRI, PT, MORENA y MC) que competir\u00e1n, est\u00e1n hechos bolas para elegir a sus candidatos, ya que muchos de ellos se quisieron creer muy dem\u00f3cratas, y abrieron la convocatoria para elegirlos y ahora no saben c\u00f3mo resolver el asunto, ya que se les inscribieron m\u00e1s de un personaje para negociar alg\u00fan puesto (sindicaturas, regidur\u00eda o direcciones), por eso a estas alturas no pueden sacar las 212 planillas completas, adem\u00e1s muchos partidos est\u00e1n esperando a chapulines que no los acepten en su partido, como candidatos y ellos pueda registrarlos. As\u00ed las cosas, en Veracruz con la elecci\u00f3n de candidatos a alcaldes.&nbsp;&nbsp; &nbsp;<\/p>\n\n\n\n<p>***En el municipio sure\u00f1o de Moloac\u00e1n, Veracruz, la se\u00f1ora Teresa Estrada Mart\u00ednez, ser\u00e1 la abanderada del Partido Revolucionario Institucional (PRI) a la alcald\u00eda. Sin duda alguna Do\u00f1a Tere es garant\u00eda de triunfo, ya que es una persona que tiene a\u00f1os trabajando para su pueblo querido, por lo que son de los ayuntamientos contados que ganar\u00e1 el PRI, en otros lugares la tiene dif\u00edcil. Do\u00f1a Tere, junto con su esposo, Omar Ric\u00e1rdez Chong, son una f\u00f3rmula ganadora, la gente les reconoce que cuando est\u00e1n en alg\u00fan puesto de elecci\u00f3n, no se olvidan de su gente. \u00a1Enhorabuena para la familia Ric\u00e1rdez Estrada!&nbsp;&nbsp;<\/p>\n\n\n\n<p>***Quienes ah\u00ed la llevan y cada d\u00eda crecen m\u00e1s, es la f\u00f3rmula ganadora de Ra\u00fal Zarrabal y Pablo Caballero, quienes siguen caminado cada rinc\u00f3n de Boca del R\u00edo, Veracruz, para poder ganar la presidencia municipal. La verdad es que la gente no esperaba el crecimiento de esta f\u00f3rmula Zarrabal\/Caballero, en tan poco tiempo, a trav\u00e9s de Movimiento Ciudadano; en las \u00faltimas encuestas realizadas est\u00e1n en la pelea con m\u00e1s de 10 puntos arriba, y eso que todav\u00eda no inicia la campa\u00f1a formal, por lo que vemos la f\u00f3rmula Zarrabal\/Caballero tiene mucho que crecer ya que no descansa ni un solo d\u00eda, y eso que faltan dos meses y medio para lograr el anhelado triunfo.<\/p>\n\n\n\n<p>***Quien tambi\u00e9n va en caballo de hacienda, es Paco Meraz, candidato a la presidencia municipal de Tempoal, un hombre muy trabajador y bien querido por el pueblo, ya que tiene tiempo que viene apoyando, con la Asociaci\u00f3n Civil \u00abEsperanza para Todos\u201d, a las familias vulnerables en extrema pobreza, discapacitados de todas las edades, personas en situaci\u00f3n de calle, promoci\u00f3n a la salud, educaci\u00f3n y cultura, personas afectadas por desastres naturales, protecci\u00f3n de animales y cuidado del medio ambiente; tambi\u00e9n apoya con traslado en ambulancia privada, donaci\u00f3n de ropa para mujeres, ni\u00f1os y ni\u00f1as, campa\u00f1as de lentes a precios muy econ\u00f3micos. Estas son unas de las tantas actividades que realiza, Paco Meraz, por la gente que lo necesita. Imag\u00ednense si ahorita que no es autoridad apoya incasablemente a la gente, si llega a ser el alcalde cu\u00e1nto beneficio tendr\u00e1 el pueblo de Tempoal, ya que Paco Meraz no descansa en apoyar a sus paisanos. \u00a1Enhorabuena!&nbsp; &nbsp; &nbsp; &nbsp;<\/p>\n\n\n\n<p>*Sale humo blanco en Agua Dulce. El ex director del registro civil va para la presidencia municipal por Morena. \u00c1ngel Delgado Ram\u00edrez es hijo el exalcalde, Ra\u00fal Delgado Montalvo.&nbsp;&nbsp; &nbsp;<\/p>\n\n\n\n<p>***La \u00fanica veracruzana que compite como candidata a Magistrada del Tribunal de Disciplina Judicial del Poder Judicial de la Federaci\u00f3n, con base en el acuerdo INE\/CG208\/2025, listado definitivo de las personas candidatas para la elecci\u00f3n, y a quien se le asign\u00f3 el n\u00famero #18, con el que aparecer\u00e1 en la boleta electoral y el color distintivo Turquesa, es la Dra. Denisse de los \u00c1ngeles Uribe Obreg\u00f3n, licenciada en Derecho y Maestra en Administraci\u00f3n P\u00fablica por la Universidad An\u00e1huac-Veracruz, en colaboraci\u00f3n con la University of Southern y la Universidad de Santiago de Compostela, Espa\u00f1a. Es Doctora en Derecho P\u00fablico por la Universidad Veracruzana, y Doctora en Anticorrupci\u00f3n y Sistema de Justicia por la Centro de Estudio de Posgrado. Cuenta con m\u00e1s de 20 a\u00f1os de trayectoria como servidora p\u00fablica, colaborando en los tres niveles de gobierno. Ha participado activamente en la promoci\u00f3n y fortalecimiento de la cultura jur\u00eddica a trav\u00e9s de su trabajo acad\u00e9mico, colaborando en foros, seminarios, congresos y diplomados donde ha compartido su conocimiento y experiencia en ciber justicia, derechos humanos, anticorrupci\u00f3n, g\u00e9nero y juicio de amparo. Es autora de m\u00faltiples obras, entre las que destacan: \u201cEl municipio Veracruzano: teor\u00eda, historia y marco jur\u00eddico\u201d; Coautora de los libros \u201cE-gobierno: la inteligencia artificial y el Estado Mexicano\u201d, y \u201cUsos de dispositivos de vigilancia electr\u00f3nica en materia de seguridad p\u00fablica y seguridad ciudadana\u201d, as\u00ed como de su obra mas recientes \u201cLa corrupci\u00f3n en el Poder de la Federaci\u00f3n (2000-2021)\u201d. Mantiene una solida trayectoria en el \u00e1mbito acad\u00e9mico y de investigaci\u00f3n. Actualmente, es investigadora honoraria del Colegio de Veracruz, catedr\u00e1tica universitaria en diversas instituciones de educaci\u00f3n superior, y actualmente se desempe\u00f1a como Magistrada del Tribunal Superior de Justicia del Estado de Veracruz en la Tercera Sala, especializada en Materia Penal. Adem\u00e1s funge como Directora de la Escuela Judicial del Estado de Veracruz. A lo largo de su carrera, se ha distinguido por su compromiso con la impartici\u00f3n de justicia, el fortalecimiento del Estado de derecho y la promoci\u00f3n de los derechos humanos, la transparencia y el combate a la corrupci\u00f3n.<\/p>\n\n\n\n<p>*Sigue la mula, dando\u2026nos comentan que en la Academia Nacional de Administraci\u00f3n Penitenciaria (ANAP), ubicada en el kil\u00f3metro #11 de El Lencero, municipio de Emiliano Zapata, Veracruz, el director de Desarrollo Educativo Lic. Mart\u00edn S\u00e1nchez Rodr\u00edguez, sigue solapando a su grupo de \u00e9lite (staff). Resulta que la jefa de departamento, Zue Korin Ayala, permite que su esposo e hijo menor, ingresen a las instalaciones de la ANAP como si nada, cuando a los compa\u00f1eros trabajadores les proh\u00edbe el acceso en taxi, comida o de alguna otra situaci\u00f3n; igual Elisa Galv\u00e1n Arauz (jefa de departamento), lleva a su hija menor y aprovecha a llevarse comida, que dan en la academia, a su casa para su esposo, en una lonchera que ingresa a diario, pidi\u00e9ndoles al \u00e1rea de cocina que le pongan m\u00e1s, m\u00e1s y m\u00e1s comida. Los trabajadores ya est\u00e1n hasta la M\u2026\u2026, de tanta injusticia, adem\u00e1s ella se sigue promocionando para los mejores puestos. El nepotismo est\u00e1 al orden de d\u00eda. \u00a1As\u00ed las cosas en la ANAP! Continuar\u00e1.<\/p>\n\n\n\n<p>***Nos leemos la pr\u00f3xima semana. Te invitamos a que nos sigas por todas nuestras plataformas y redes sociales. Noticias y entrevista INNOVA-DIGITAL, L\u00daDICO con \u201cEL GORDITO DE ORO\u201d, y la revista virtual INNOVA-DIGITAL.<\/p>\n","protected":false},"excerpt":{"rendered":"<p>\u2002\u2002\u00danete a nuestro canal&nbsp;\u2002\u2002\u2002\u2002\u2002\u2002&nbsp;\u2002\u2002\u2002\u2002\u2002\u2002&nbsp; \u00a1LOS POL\u00cdTICOS VERACRUZ&nbsp;ya est\u00e1 en WhatsApp! Juan de Dios S\u00e1nchez Abreu El Gordito de Oro Las elecciones de los 212 municipios del estado de Veracruz, que se llevar\u00e1n a cabo este 1 de junio del presente a\u00f1o cada d\u00eda se ponen m\u00e1s candente, ya que los 6 partidos pol\u00edticos (PAN, VERDE, [&hellip;]<\/p>\n","protected":false},"author":2,"featured_media":132305,"comment_status":"closed","ping_status":"closed","sticky":false,"template":"","format":"standard","meta":{"tdm_status":"","tdm_grid_status":"","footnotes":""},"categories":[70],"tags":[],"class_list":{"0":"post-139806","1":"post","2":"type-post","3":"status-publish","4":"format-standard","5":"has-post-thumbnail","7":"category-de-opinion"},"yoast_head":"<!-- This site is optimized with the Yoast SEO plugin v27.4 - https:\/\/yoast.com\/product\/yoast-seo-wordpress\/ -->\n<title>PABLO Y RA\u00daL\u00a0 - Los pol\u00edticos Veracruz<\/title>\n<meta name=\"robots\" content=\"index, follow, max-snippet:-1, max-image-preview:large, max-video-preview:-1\" \/>\n<link rel=\"canonical\" href=\"https:\/\/lospoliticosveracruz.com\/?p=139806\" \/>\n<meta property=\"og:locale\" content=\"es_ES\" \/>\n<meta property=\"og:type\" content=\"article\" \/>\n<meta property=\"og:title\" content=\"PABLO Y RA\u00daL\u00a0 - Los pol\u00edticos Veracruz\" \/>\n<meta property=\"og:description\" content=\"\u2002\u2002\u00danete a nuestro canal&nbsp;\u2002\u2002\u2002\u2002\u2002\u2002&nbsp;\u2002\u2002\u2002\u2002\u2002\u2002&nbsp; \u00a1LOS POL\u00cdTICOS VERACRUZ&nbsp;ya est\u00e1 en WhatsApp! Juan de Dios S\u00e1nchez Abreu El Gordito de Oro Las elecciones de los 212 municipios del estado de Veracruz, que se llevar\u00e1n a cabo este 1 de junio del presente a\u00f1o cada d\u00eda se ponen m\u00e1s candente, ya que los 6 partidos pol\u00edticos (PAN, VERDE, [&hellip;]\" \/>\n<meta property=\"og:url\" content=\"https:\/\/lospoliticosveracruz.com\/?p=139806\" \/>\n<meta property=\"og:site_name\" content=\"Los pol\u00edticos Veracruz\" \/>\n<meta property=\"article:publisher\" content=\"https:\/\/www.facebook.com\/people\/Notimemes-de-los-Polticos\/61565672886568\/\" \/>\n<meta property=\"article:published_time\" content=\"2025-03-16T17:26:40+00:00\" \/>\n<meta property=\"article:modified_time\" content=\"2025-03-16T17:27:02+00:00\" \/>\n<meta property=\"og:image\" content=\"https:\/\/lospoliticosveracruz.com\/wp-content\/uploads\/2024\/11\/Juan-de-Dios-SanchezAbreu.jpg\" \/>\n\t<meta property=\"og:image:width\" content=\"1250\" \/>\n\t<meta property=\"og:image:height\" content=\"667\" \/>\n\t<meta property=\"og:image:type\" content=\"image\/jpeg\" \/>\n<meta name=\"author\" content=\"Lo viste en Los Pol\u00edticos\" \/>\n<meta name=\"twitter:card\" content=\"summary_large_image\" \/>\n<meta name=\"twitter:creator\" content=\"@LosPoliticosVer\" \/>\n<meta name=\"twitter:site\" content=\"@LosPoliticosVer\" \/>\n<meta name=\"twitter:label1\" content=\"Escrito por\" \/>\n\t<meta name=\"twitter:data1\" content=\"Lo viste en Los Pol\u00edticos\" \/>\n\t<meta name=\"twitter:label2\" content=\"Tiempo de lectura\" \/>\n\t<meta name=\"twitter:data2\" content=\"6 minutos\" \/>\n<script type=\"application\/ld+json\" class=\"yoast-schema-graph\">{\"@context\":\"https:\\\/\\\/schema.org\",\"@graph\":[{\"@type\":\"Article\",\"@id\":\"https:\\\/\\\/lospoliticosveracruz.com\\\/?p=139806#article\",\"isPartOf\":{\"@id\":\"https:\\\/\\\/lospoliticosveracruz.com\\\/?p=139806\"},\"author\":{\"name\":\"Lo viste en Los Pol\u00edticos\",\"@id\":\"https:\\\/\\\/lospoliticosveracruz.com\\\/#\\\/schema\\\/person\\\/b8702bb0e538456e6efd07080bf2a4a2\"},\"headline\":\"PABLO Y RA\u00daL\u00a0\",\"datePublished\":\"2025-03-16T17:26:40+00:00\",\"dateModified\":\"2025-03-16T17:27:02+00:00\",\"mainEntityOfPage\":{\"@id\":\"https:\\\/\\\/lospoliticosveracruz.com\\\/?p=139806\"},\"wordCount\":1225,\"publisher\":{\"@id\":\"https:\\\/\\\/lospoliticosveracruz.com\\\/#organization\"},\"image\":{\"@id\":\"https:\\\/\\\/lospoliticosveracruz.com\\\/?p=139806#primaryimage\"},\"thumbnailUrl\":\"https:\\\/\\\/lospoliticosveracruz.com\\\/wp-content\\\/uploads\\\/2024\\\/11\\\/Juan-de-Dios-SanchezAbreu.jpg\",\"articleSection\":[\"De Opini\u00f3n\"],\"inLanguage\":\"es\"},{\"@type\":\"WebPage\",\"@id\":\"https:\\\/\\\/lospoliticosveracruz.com\\\/?p=139806\",\"url\":\"https:\\\/\\\/lospoliticosveracruz.com\\\/?p=139806\",\"name\":\"PABLO Y RA\u00daL\u00a0 - Los pol\u00edticos Veracruz\",\"isPartOf\":{\"@id\":\"https:\\\/\\\/lospoliticosveracruz.com\\\/#website\"},\"primaryImageOfPage\":{\"@id\":\"https:\\\/\\\/lospoliticosveracruz.com\\\/?p=139806#primaryimage\"},\"image\":{\"@id\":\"https:\\\/\\\/lospoliticosveracruz.com\\\/?p=139806#primaryimage\"},\"thumbnailUrl\":\"https:\\\/\\\/lospoliticosveracruz.com\\\/wp-content\\\/uploads\\\/2024\\\/11\\\/Juan-de-Dios-SanchezAbreu.jpg\",\"datePublished\":\"2025-03-16T17:26:40+00:00\",\"dateModified\":\"2025-03-16T17:27:02+00:00\",\"breadcrumb\":{\"@id\":\"https:\\\/\\\/lospoliticosveracruz.com\\\/?p=139806#breadcrumb\"},\"inLanguage\":\"es\",\"potentialAction\":[{\"@type\":\"ReadAction\",\"target\":[\"https:\\\/\\\/lospoliticosveracruz.com\\\/?p=139806\"]}]},{\"@type\":\"ImageObject\",\"inLanguage\":\"es\",\"@id\":\"https:\\\/\\\/lospoliticosveracruz.com\\\/?p=139806#primaryimage\",\"url\":\"https:\\\/\\\/lospoliticosveracruz.com\\\/wp-content\\\/uploads\\\/2024\\\/11\\\/Juan-de-Dios-SanchezAbreu.jpg\",\"contentUrl\":\"https:\\\/\\\/lospoliticosveracruz.com\\\/wp-content\\\/uploads\\\/2024\\\/11\\\/Juan-de-Dios-SanchezAbreu.jpg\",\"width\":1250,\"height\":667},{\"@type\":\"BreadcrumbList\",\"@id\":\"https:\\\/\\\/lospoliticosveracruz.com\\\/?p=139806#breadcrumb\",\"itemListElement\":[{\"@type\":\"ListItem\",\"position\":1,\"name\":\"Portada\",\"item\":\"https:\\\/\\\/lospoliticosveracruz.com\\\/\"},{\"@type\":\"ListItem\",\"position\":2,\"name\":\"PABLO Y RA\u00daL\u00a0\"}]},{\"@type\":\"WebSite\",\"@id\":\"https:\\\/\\\/lospoliticosveracruz.com\\\/#website\",\"url\":\"https:\\\/\\\/lospoliticosveracruz.com\\\/\",\"name\":\"Los pol\u00edticos Veracruz\",\"description\":\"\",\"publisher\":{\"@id\":\"https:\\\/\\\/lospoliticosveracruz.com\\\/#organization\"},\"potentialAction\":[{\"@type\":\"SearchAction\",\"target\":{\"@type\":\"EntryPoint\",\"urlTemplate\":\"https:\\\/\\\/lospoliticosveracruz.com\\\/?s={search_term_string}\"},\"query-input\":{\"@type\":\"PropertyValueSpecification\",\"valueRequired\":true,\"valueName\":\"search_term_string\"}}],\"inLanguage\":\"es\"},{\"@type\":\"Organization\",\"@id\":\"https:\\\/\\\/lospoliticosveracruz.com\\\/#organization\",\"name\":\"Los pol\u00edticos Veracruz\",\"url\":\"https:\\\/\\\/lospoliticosveracruz.com\\\/\",\"logo\":{\"@type\":\"ImageObject\",\"inLanguage\":\"es\",\"@id\":\"https:\\\/\\\/lospoliticosveracruz.com\\\/#\\\/schema\\\/logo\\\/image\\\/\",\"url\":\"https:\\\/\\\/lospoliticosveracruz.com\\\/wp-content\\\/uploads\\\/2025\\\/12\\\/Logo-Nuevo-LOS-POLITICOS-1.jpg\",\"contentUrl\":\"https:\\\/\\\/lospoliticosveracruz.com\\\/wp-content\\\/uploads\\\/2025\\\/12\\\/Logo-Nuevo-LOS-POLITICOS-1.jpg\",\"width\":260,\"height\":70,\"caption\":\"Los pol\u00edticos Veracruz\"},\"image\":{\"@id\":\"https:\\\/\\\/lospoliticosveracruz.com\\\/#\\\/schema\\\/logo\\\/image\\\/\"},\"sameAs\":[\"https:\\\/\\\/www.facebook.com\\\/people\\\/Notimemes-de-los-Polticos\\\/61565672886568\\\/\",\"https:\\\/\\\/x.com\\\/LosPoliticosVer\"]},{\"@type\":\"Person\",\"@id\":\"https:\\\/\\\/lospoliticosveracruz.com\\\/#\\\/schema\\\/person\\\/b8702bb0e538456e6efd07080bf2a4a2\",\"name\":\"Lo viste en Los Pol\u00edticos\",\"image\":{\"@type\":\"ImageObject\",\"inLanguage\":\"es\",\"@id\":\"https:\\\/\\\/secure.gravatar.com\\\/avatar\\\/3a8de04a2656d44082be478bd6c086daa447c4651605818287b9532d3d0bd435?s=96&d=mm&r=g\",\"url\":\"https:\\\/\\\/secure.gravatar.com\\\/avatar\\\/3a8de04a2656d44082be478bd6c086daa447c4651605818287b9532d3d0bd435?s=96&d=mm&r=g\",\"contentUrl\":\"https:\\\/\\\/secure.gravatar.com\\\/avatar\\\/3a8de04a2656d44082be478bd6c086daa447c4651605818287b9532d3d0bd435?s=96&d=mm&r=g\",\"caption\":\"Lo viste en Los Pol\u00edticos\"},\"url\":\"https:\\\/\\\/lospoliticosveracruz.com\\\/?author=2\"}]}<\/script>\n<!-- \/ Yoast SEO plugin. -->","yoast_head_json":{"title":"PABLO Y RA\u00daL\u00a0 - Los pol\u00edticos Veracruz","robots":{"index":"index","follow":"follow","max-snippet":"max-snippet:-1","max-image-preview":"max-image-preview:large","max-video-preview":"max-video-preview:-1"},"canonical":"https:\/\/lospoliticosveracruz.com\/?p=139806","og_locale":"es_ES","og_type":"article","og_title":"PABLO Y RA\u00daL\u00a0 - Los pol\u00edticos Veracruz","og_description":"\u2002\u2002\u00danete a nuestro canal&nbsp;\u2002\u2002\u2002\u2002\u2002\u2002&nbsp;\u2002\u2002\u2002\u2002\u2002\u2002&nbsp; \u00a1LOS POL\u00cdTICOS VERACRUZ&nbsp;ya est\u00e1 en WhatsApp! Juan de Dios S\u00e1nchez Abreu El Gordito de Oro Las elecciones de los 212 municipios del estado de Veracruz, que se llevar\u00e1n a cabo este 1 de junio del presente a\u00f1o cada d\u00eda se ponen m\u00e1s candente, ya que los 6 partidos pol\u00edticos (PAN, VERDE, [&hellip;]","og_url":"https:\/\/lospoliticosveracruz.com\/?p=139806","og_site_name":"Los pol\u00edticos Veracruz","article_publisher":"https:\/\/www.facebook.com\/people\/Notimemes-de-los-Polticos\/61565672886568\/","article_published_time":"2025-03-16T17:26:40+00:00","article_modified_time":"2025-03-16T17:27:02+00:00","og_image":[{"width":1250,"height":667,"url":"https:\/\/lospoliticosveracruz.com\/wp-content\/uploads\/2024\/11\/Juan-de-Dios-SanchezAbreu.jpg","type":"image\/jpeg"}],"author":"Lo viste en Los Pol\u00edticos","twitter_card":"summary_large_image","twitter_creator":"@LosPoliticosVer","twitter_site":"@LosPoliticosVer","twitter_misc":{"Escrito por":"Lo viste en Los Pol\u00edticos","Tiempo de lectura":"6 minutos"},"schema":{"@context":"https:\/\/schema.org","@graph":[{"@type":"Article","@id":"https:\/\/lospoliticosveracruz.com\/?p=139806#article","isPartOf":{"@id":"https:\/\/lospoliticosveracruz.com\/?p=139806"},"author":{"name":"Lo viste en Los Pol\u00edticos","@id":"https:\/\/lospoliticosveracruz.com\/#\/schema\/person\/b8702bb0e538456e6efd07080bf2a4a2"},"headline":"PABLO Y RA\u00daL\u00a0","datePublished":"2025-03-16T17:26:40+00:00","dateModified":"2025-03-16T17:27:02+00:00","mainEntityOfPage":{"@id":"https:\/\/lospoliticosveracruz.com\/?p=139806"},"wordCount":1225,"publisher":{"@id":"https:\/\/lospoliticosveracruz.com\/#organization"},"image":{"@id":"https:\/\/lospoliticosveracruz.com\/?p=139806#primaryimage"},"thumbnailUrl":"https:\/\/lospoliticosveracruz.com\/wp-content\/uploads\/2024\/11\/Juan-de-Dios-SanchezAbreu.jpg","articleSection":["De Opini\u00f3n"],"inLanguage":"es"},{"@type":"WebPage","@id":"https:\/\/lospoliticosveracruz.com\/?p=139806","url":"https:\/\/lospoliticosveracruz.com\/?p=139806","name":"PABLO Y RA\u00daL\u00a0 - Los pol\u00edticos Veracruz","isPartOf":{"@id":"https:\/\/lospoliticosveracruz.com\/#website"},"primaryImageOfPage":{"@id":"https:\/\/lospoliticosveracruz.com\/?p=139806#primaryimage"},"image":{"@id":"https:\/\/lospoliticosveracruz.com\/?p=139806#primaryimage"},"thumbnailUrl":"https:\/\/lospoliticosveracruz.com\/wp-content\/uploads\/2024\/11\/Juan-de-Dios-SanchezAbreu.jpg","datePublished":"2025-03-16T17:26:40+00:00","dateModified":"2025-03-16T17:27:02+00:00","breadcrumb":{"@id":"https:\/\/lospoliticosveracruz.com\/?p=139806#breadcrumb"},"inLanguage":"es","potentialAction":[{"@type":"ReadAction","target":["https:\/\/lospoliticosveracruz.com\/?p=139806"]}]},{"@type":"ImageObject","inLanguage":"es","@id":"https:\/\/lospoliticosveracruz.com\/?p=139806#primaryimage","url":"https:\/\/lospoliticosveracruz.com\/wp-content\/uploads\/2024\/11\/Juan-de-Dios-SanchezAbreu.jpg","contentUrl":"https:\/\/lospoliticosveracruz.com\/wp-content\/uploads\/2024\/11\/Juan-de-Dios-SanchezAbreu.jpg","width":1250,"height":667},{"@type":"BreadcrumbList","@id":"https:\/\/lospoliticosveracruz.com\/?p=139806#breadcrumb","itemListElement":[{"@type":"ListItem","position":1,"name":"Portada","item":"https:\/\/lospoliticosveracruz.com\/"},{"@type":"ListItem","position":2,"name":"PABLO Y RA\u00daL\u00a0"}]},{"@type":"WebSite","@id":"https:\/\/lospoliticosveracruz.com\/#website","url":"https:\/\/lospoliticosveracruz.com\/","name":"Los pol\u00edticos Veracruz","description":"","publisher":{"@id":"https:\/\/lospoliticosveracruz.com\/#organization"},"potentialAction":[{"@type":"SearchAction","target":{"@type":"EntryPoint","urlTemplate":"https:\/\/lospoliticosveracruz.com\/?s={search_term_string}"},"query-input":{"@type":"PropertyValueSpecification","valueRequired":true,"valueName":"search_term_string"}}],"inLanguage":"es"},{"@type":"Organization","@id":"https:\/\/lospoliticosveracruz.com\/#organization","name":"Los pol\u00edticos Veracruz","url":"https:\/\/lospoliticosveracruz.com\/","logo":{"@type":"ImageObject","inLanguage":"es","@id":"https:\/\/lospoliticosveracruz.com\/#\/schema\/logo\/image\/","url":"https:\/\/lospoliticosveracruz.com\/wp-content\/uploads\/2025\/12\/Logo-Nuevo-LOS-POLITICOS-1.jpg","contentUrl":"https:\/\/lospoliticosveracruz.com\/wp-content\/uploads\/2025\/12\/Logo-Nuevo-LOS-POLITICOS-1.jpg","width":260,"height":70,"caption":"Los pol\u00edticos Veracruz"},"image":{"@id":"https:\/\/lospoliticosveracruz.com\/#\/schema\/logo\/image\/"},"sameAs":["https:\/\/www.facebook.com\/people\/Notimemes-de-los-Polticos\/61565672886568\/","https:\/\/x.com\/LosPoliticosVer"]},{"@type":"Person","@id":"https:\/\/lospoliticosveracruz.com\/#\/schema\/person\/b8702bb0e538456e6efd07080bf2a4a2","name":"Lo viste en Los Pol\u00edticos","image":{"@type":"ImageObject","inLanguage":"es","@id":"https:\/\/secure.gravatar.com\/avatar\/3a8de04a2656d44082be478bd6c086daa447c4651605818287b9532d3d0bd435?s=96&d=mm&r=g","url":"https:\/\/secure.gravatar.com\/avatar\/3a8de04a2656d44082be478bd6c086daa447c4651605818287b9532d3d0bd435?s=96&d=mm&r=g","contentUrl":"https:\/\/secure.gravatar.com\/avatar\/3a8de04a2656d44082be478bd6c086daa447c4651605818287b9532d3d0bd435?s=96&d=mm&r=g","caption":"Lo viste en Los Pol\u00edticos"},"url":"https:\/\/lospoliticosveracruz.com\/?author=2"}]}},"_links":{"self":[{"href":"https:\/\/lospoliticosveracruz.com\/index.php?rest_route=\/wp\/v2\/posts\/139806","targetHints":{"allow":["GET"]}}],"collection":[{"href":"https:\/\/lospoliticosveracruz.com\/index.php?rest_route=\/wp\/v2\/posts"}],"about":[{"href":"https:\/\/lospoliticosveracruz.com\/index.php?rest_route=\/wp\/v2\/types\/post"}],"author":[{"embeddable":true,"href":"https:\/\/lospoliticosveracruz.com\/index.php?rest_route=\/wp\/v2\/users\/2"}],"replies":[{"embeddable":true,"href":"https:\/\/lospoliticosveracruz.com\/index.php?rest_route=%2Fwp%2Fv2%2Fcomments&post=139806"}],"version-history":[{"count":1,"href":"https:\/\/lospoliticosveracruz.com\/index.php?rest_route=\/wp\/v2\/posts\/139806\/revisions"}],"predecessor-version":[{"id":139807,"href":"https:\/\/lospoliticosveracruz.com\/index.php?rest_route=\/wp\/v2\/posts\/139806\/revisions\/139807"}],"wp:featuredmedia":[{"embeddable":true,"href":"https:\/\/lospoliticosveracruz.com\/index.php?rest_route=\/wp\/v2\/media\/132305"}],"wp:attachment":[{"href":"https:\/\/lospoliticosveracruz.com\/index.php?rest_route=%2Fwp%2Fv2%2Fmedia&parent=139806"}],"wp:term":[{"taxonomy":"category","embeddable":true,"href":"https:\/\/lospoliticosveracruz.com\/index.php?rest_route=%2Fwp%2Fv2%2Fcategories&post=139806"},{"taxonomy":"post_tag","embeddable":true,"href":"https:\/\/lospoliticosveracruz.com\/index.php?rest_route=%2Fwp%2Fv2%2Ftags&post=139806"}],"curies":[{"name":"wp","href":"https:\/\/api.w.org\/{rel}","templated":true}]}}