{"id":13984,"date":"2014-12-07T21:14:46","date_gmt":"2014-12-08T03:14:46","guid":{"rendered":"http:\/\/www.lospoliticosveracruz.com.mx\/?p=13984"},"modified":"2014-12-07T21:14:46","modified_gmt":"2014-12-08T03:14:46","slug":"el-destape-de-buganza","status":"publish","type":"post","link":"https:\/\/lospoliticosveracruz.com\/?p=13984","title":{"rendered":"El destape de Buganza"},"content":{"rendered":"<p><a href=\"http:\/\/www.lospoliticosveracruz.com.mx\/wp-content\/uploads\/2014\/10\/Buganza.jpg\"><img loading=\"lazy\" decoding=\"async\" class=\"alignnone size-medium wp-image-12630\" src=\"http:\/\/www.lospoliticosveracruz.com.mx\/wp-content\/uploads\/2014\/10\/Buganza-300x247.jpg\" alt=\"Buganza\" width=\"300\" height=\"247\" \/><\/a><\/p>\n<p><strong>Salvador Mu\u00f1oz<\/strong><\/p>\n<p><em>Los Pol\u00edticos\u00a0<\/em><\/p>\n<p>&nbsp;<\/p>\n<p>De aqu\u00ed al quince, la apuesta de qui\u00e9n se va, qui\u00e9n se queda y qui\u00e9n llega, puede que se mueva m\u00e1s de lo que ha subido y bajado el d\u00f3lar ante el peso en lo que va de este mes.<br \/>\nNo es para menos\u2026 en la semana que pas\u00f3, las aspiraciones de Adolfo Mota, Erick Lagos y Mim\u00ed Guzm\u00e1n se tambalearon al grado de que las posibilidades se abrieron para otros, no s\u00f3lo en lo que respecta a las candidaturas por la diputaci\u00f3n federal, sino tambi\u00e9n en los vac\u00edos que han de engendrarse despu\u00e9s del 15 en el Gabinete de Javier Duarte de Ochoa\u2026 pero de este \u00faltimo punto, hemos de platicar ma\u00f1ana. Hoy, que el tema sea uno de los funcionarios del Gobernador que se mueve entre la pol\u00e9mica.<br \/>\nII<br \/>\nLas palabras de Julen Rementer\u00eda no s\u00f3lo avalaron el trabajo del funcionario, sino que fueron m\u00e1s all\u00e1\u2026 era la comparecencia del titular de la secretar\u00eda de Infraestructura y Obra P\u00fablica, Gerardo Buganza. Ya con el nombre, dicha dependencia es la que en otros tiempos, generaba desconfianza, era sin\u00f3nimo de trinquetes, de chachullos y hasta de los famosos diezmos.<br \/>\nCon la llegada de Gerardo Buganza, las cosas han ido cambiando, tan as\u00ed, que en un momento dado, todos los ex titulares de la desaparecida secretar\u00eda de Comunicaciones, se pusieron a temblar cuando el cordob\u00e9s le fue metiendo orden a muchas constructoras.<br \/>\nPor eso, en la pasada comparecencia, Julen Rementer\u00eda, con su sentencia, no s\u00f3lo avala el trabajo del titular de la SIOP, sino que va m\u00e1s all\u00e1 cuando dice: \u201cSecretario Buganza, si usted termina las obras pendientes de aqu\u00ed al 16, yo votar\u00e9 por usted, aunque sea la primera vez en mi vida que lo haga por el PRI\u201d.<br \/>\nIII<br \/>\nSi bien, la palabra en prenda de Jon Rementer\u00eda est\u00e1 en riesgo, porque si se pudiera medir los resultados de cada uno de los miembros del Gabinete, uno de los m\u00e1s efectivos es precisamente Gerardo Buganza; baste ver La Boticaria que tanto dolor de cabeza dio al Gobernador y sobre todo a los ciudadanos, hoy ya una realidad; as\u00ed como los escenarios donde se efectuaron los pasados Juegos Centroamericanos y del Caribe\u2026 pero ser\u00eda un riesgo a medias de Julen y a la vez, \u00a1un destape!<br \/>\nIV<br \/>\n\u00bfDestape? \u00bfDe qu\u00e9 otra forma se puede llamar a la expresi\u00f3n \u201cyo votar\u00e9 por usted, aunque sea la primera vez en mi vida que lo haga por el PRI\u201d de Julen Rementer\u00eda?<br \/>\nY es que si se recuerda, entre los cambios en el Gabinete que se avecinan para este 15, citaban a Gerardo Buganza como probable secretario de Gobierno, \u00bfpero como candidato?<br \/>\nSiendo nativo de la Ciudad de los 30 Caballeros, la candidatura natural en este momento para Gerardo Buganza ser\u00eda por la diputaci\u00f3n federal aunque es justo enmendarle la plana en aras de salvarle la honra a Julen Rementer\u00eda: Si Buganza fuera candidato por el distrito de C\u00f3rdoba, tendr\u00eda que hacerlo por el PVEM para que se mantuvieran los estatutos del PRI sin mancillar. Luego entonces, si votara por Gerardo, ser\u00eda por el Verde\u2026<br \/>\nV<br \/>\nBaste recordar que en el distrito de C\u00f3rdoba se cita a muchos suspirantes pero ninguno con el tama\u00f1o para salvar otro honor, el del Gobernador. Citaban a Paulina Muguira de Lav\u00edn, pero dicen que ni ella quiere y que su padre tampoco est\u00e1 de acuerdo. Se hablaba de la posibilidad de llevar a Cristina Porres, esposa de Salvador Abell\u00e1, quienes a pesar de tener el cari\u00f1o por una gran labor altruista que realizan en la zona, ya conocieron la derrota en la pasada contienda electoral. La opci\u00f3n de Gerardo Buganza se fortalece con la menci\u00f3n de Julen Rementer\u00eda.<br \/>\nVI<br \/>\nSi Buganza Salmer\u00f3n fuera candidato y ganara el distrito de C\u00f3rdoba, de inmediato se podr\u00eda colocar entre los suspirantes a suceder a Javier Duarte de Ochoa en 2016, sea con dos o cinco a\u00f1os de gubernatura; siendo un candidato del tama\u00f1o de Alberto Silva y tambi\u00e9n para H\u00e9ctor y Pepe Yunes, salvo con una ventaja\u2026 no es priista\u2026 s\u00ed, y eso en estos tiempos, \u00a1ya es ventaja! Al tiempo que cada vez es menos\u2026 habr\u00e1 que esperar este 15 de diciembre c\u00f3mo se acomodan las cosas.<\/p>\n<p>smcainito@gmail.com<\/p>\n","protected":false},"excerpt":{"rendered":"<p>Salvador Mu\u00f1oz Los Pol\u00edticos\u00a0 &nbsp; De aqu\u00ed al quince, la apuesta de qui\u00e9n se va, qui\u00e9n se queda y qui\u00e9n llega, puede que se mueva m\u00e1s de lo que ha subido y bajado el d\u00f3lar ante el peso en lo que va de este mes. No es para menos\u2026 en la semana que pas\u00f3, las [&hellip;]<\/p>\n","protected":false},"author":2,"featured_media":0,"comment_status":"open","ping_status":"open","sticky":false,"template":"","format":"standard","meta":{"tdm_status":"","tdm_grid_status":"","footnotes":""},"categories":[1],"tags":[141,447,119,1130,1175,570,342],"class_list":{"0":"post-13984","1":"post","2":"type-post","3":"status-publish","4":"format-standard","6":"category-sin-categoria","7":"tag-erick-lagos","8":"tag-gerardo-buganza","9":"tag-hector-yunes","10":"tag-julen-rementeria","11":"tag-mimi-guzman","12":"tag-pepe-yunes","13":"tag-siop"},"yoast_head":"<!-- This site is optimized with the Yoast SEO plugin v27.4 - https:\/\/yoast.com\/product\/yoast-seo-wordpress\/ -->\n<title>El destape de Buganza - Los pol\u00edticos Veracruz<\/title>\n<meta name=\"robots\" content=\"index, follow, max-snippet:-1, max-image-preview:large, max-video-preview:-1\" \/>\n<link rel=\"canonical\" href=\"https:\/\/lospoliticosveracruz.com\/?p=13984\" \/>\n<meta property=\"og:locale\" content=\"es_ES\" \/>\n<meta property=\"og:type\" content=\"article\" \/>\n<meta property=\"og:title\" content=\"El destape de Buganza - Los pol\u00edticos Veracruz\" \/>\n<meta property=\"og:description\" content=\"Salvador Mu\u00f1oz Los Pol\u00edticos\u00a0 &nbsp; De aqu\u00ed al quince, la apuesta de qui\u00e9n se va, qui\u00e9n se queda y qui\u00e9n llega, puede que se mueva m\u00e1s de lo que ha subido y bajado el d\u00f3lar ante el peso en lo que va de este mes. No es para menos\u2026 en la semana que pas\u00f3, las [&hellip;]\" \/>\n<meta property=\"og:url\" content=\"https:\/\/lospoliticosveracruz.com\/?p=13984\" \/>\n<meta property=\"og:site_name\" content=\"Los pol\u00edticos Veracruz\" \/>\n<meta property=\"article:publisher\" content=\"https:\/\/www.facebook.com\/people\/Notimemes-de-los-Polticos\/61565672886568\/\" \/>\n<meta property=\"article:published_time\" content=\"2014-12-08T03:14:46+00:00\" \/>\n<meta property=\"og:image\" content=\"http:\/\/www.lospoliticosveracruz.com.mx\/wp-content\/uploads\/2014\/10\/Buganza-300x247.jpg\" \/>\n<meta name=\"author\" content=\"Lo viste en Los Pol\u00edticos\" \/>\n<meta name=\"twitter:card\" content=\"summary_large_image\" \/>\n<meta name=\"twitter:creator\" content=\"@LosPoliticosVer\" \/>\n<meta name=\"twitter:site\" content=\"@LosPoliticosVer\" \/>\n<meta name=\"twitter:label1\" content=\"Escrito por\" \/>\n\t<meta name=\"twitter:data1\" content=\"Lo viste en Los Pol\u00edticos\" \/>\n\t<meta name=\"twitter:label2\" content=\"Tiempo de lectura\" \/>\n\t<meta name=\"twitter:data2\" content=\"4 minutos\" \/>\n<script type=\"application\/ld+json\" class=\"yoast-schema-graph\">{\"@context\":\"https:\\\/\\\/schema.org\",\"@graph\":[{\"@type\":\"Article\",\"@id\":\"https:\\\/\\\/lospoliticosveracruz.com\\\/?p=13984#article\",\"isPartOf\":{\"@id\":\"https:\\\/\\\/lospoliticosveracruz.com\\\/?p=13984\"},\"author\":{\"name\":\"Lo viste en Los Pol\u00edticos\",\"@id\":\"https:\\\/\\\/lospoliticosveracruz.com\\\/#\\\/schema\\\/person\\\/b8702bb0e538456e6efd07080bf2a4a2\"},\"headline\":\"El destape de Buganza\",\"datePublished\":\"2014-12-08T03:14:46+00:00\",\"mainEntityOfPage\":{\"@id\":\"https:\\\/\\\/lospoliticosveracruz.com\\\/?p=13984\"},\"wordCount\":756,\"commentCount\":0,\"publisher\":{\"@id\":\"https:\\\/\\\/lospoliticosveracruz.com\\\/#organization\"},\"image\":{\"@id\":\"https:\\\/\\\/lospoliticosveracruz.com\\\/?p=13984#primaryimage\"},\"thumbnailUrl\":\"http:\\\/\\\/www.lospoliticosveracruz.com.mx\\\/wp-content\\\/uploads\\\/2014\\\/10\\\/Buganza-300x247.jpg\",\"keywords\":[\"Erick Lagos\",\"Gerardo Buganza\",\"H\u00e9ctor Yunes\",\"Julen Rementer\u00eda\",\"Mim\u00ed Guzm\u00e1n\",\"Pepe Yunes\",\"SIOP\"],\"inLanguage\":\"es\",\"potentialAction\":[{\"@type\":\"CommentAction\",\"name\":\"Comment\",\"target\":[\"https:\\\/\\\/lospoliticosveracruz.com\\\/?p=13984#respond\"]}]},{\"@type\":\"WebPage\",\"@id\":\"https:\\\/\\\/lospoliticosveracruz.com\\\/?p=13984\",\"url\":\"https:\\\/\\\/lospoliticosveracruz.com\\\/?p=13984\",\"name\":\"El destape de Buganza - Los pol\u00edticos Veracruz\",\"isPartOf\":{\"@id\":\"https:\\\/\\\/lospoliticosveracruz.com\\\/#website\"},\"primaryImageOfPage\":{\"@id\":\"https:\\\/\\\/lospoliticosveracruz.com\\\/?p=13984#primaryimage\"},\"image\":{\"@id\":\"https:\\\/\\\/lospoliticosveracruz.com\\\/?p=13984#primaryimage\"},\"thumbnailUrl\":\"http:\\\/\\\/www.lospoliticosveracruz.com.mx\\\/wp-content\\\/uploads\\\/2014\\\/10\\\/Buganza-300x247.jpg\",\"datePublished\":\"2014-12-08T03:14:46+00:00\",\"breadcrumb\":{\"@id\":\"https:\\\/\\\/lospoliticosveracruz.com\\\/?p=13984#breadcrumb\"},\"inLanguage\":\"es\",\"potentialAction\":[{\"@type\":\"ReadAction\",\"target\":[\"https:\\\/\\\/lospoliticosveracruz.com\\\/?p=13984\"]}]},{\"@type\":\"ImageObject\",\"inLanguage\":\"es\",\"@id\":\"https:\\\/\\\/lospoliticosveracruz.com\\\/?p=13984#primaryimage\",\"url\":\"http:\\\/\\\/www.lospoliticosveracruz.com.mx\\\/wp-content\\\/uploads\\\/2014\\\/10\\\/Buganza-300x247.jpg\",\"contentUrl\":\"http:\\\/\\\/www.lospoliticosveracruz.com.mx\\\/wp-content\\\/uploads\\\/2014\\\/10\\\/Buganza-300x247.jpg\"},{\"@type\":\"BreadcrumbList\",\"@id\":\"https:\\\/\\\/lospoliticosveracruz.com\\\/?p=13984#breadcrumb\",\"itemListElement\":[{\"@type\":\"ListItem\",\"position\":1,\"name\":\"Portada\",\"item\":\"https:\\\/\\\/lospoliticosveracruz.com\\\/\"},{\"@type\":\"ListItem\",\"position\":2,\"name\":\"El destape de Buganza\"}]},{\"@type\":\"WebSite\",\"@id\":\"https:\\\/\\\/lospoliticosveracruz.com\\\/#website\",\"url\":\"https:\\\/\\\/lospoliticosveracruz.com\\\/\",\"name\":\"Los pol\u00edticos Veracruz\",\"description\":\"\",\"publisher\":{\"@id\":\"https:\\\/\\\/lospoliticosveracruz.com\\\/#organization\"},\"potentialAction\":[{\"@type\":\"SearchAction\",\"target\":{\"@type\":\"EntryPoint\",\"urlTemplate\":\"https:\\\/\\\/lospoliticosveracruz.com\\\/?s={search_term_string}\"},\"query-input\":{\"@type\":\"PropertyValueSpecification\",\"valueRequired\":true,\"valueName\":\"search_term_string\"}}],\"inLanguage\":\"es\"},{\"@type\":\"Organization\",\"@id\":\"https:\\\/\\\/lospoliticosveracruz.com\\\/#organization\",\"name\":\"Los pol\u00edticos Veracruz\",\"url\":\"https:\\\/\\\/lospoliticosveracruz.com\\\/\",\"logo\":{\"@type\":\"ImageObject\",\"inLanguage\":\"es\",\"@id\":\"https:\\\/\\\/lospoliticosveracruz.com\\\/#\\\/schema\\\/logo\\\/image\\\/\",\"url\":\"https:\\\/\\\/lospoliticosveracruz.com\\\/wp-content\\\/uploads\\\/2025\\\/12\\\/Logo-Nuevo-LOS-POLITICOS-1.jpg\",\"contentUrl\":\"https:\\\/\\\/lospoliticosveracruz.com\\\/wp-content\\\/uploads\\\/2025\\\/12\\\/Logo-Nuevo-LOS-POLITICOS-1.jpg\",\"width\":260,\"height\":70,\"caption\":\"Los pol\u00edticos Veracruz\"},\"image\":{\"@id\":\"https:\\\/\\\/lospoliticosveracruz.com\\\/#\\\/schema\\\/logo\\\/image\\\/\"},\"sameAs\":[\"https:\\\/\\\/www.facebook.com\\\/people\\\/Notimemes-de-los-Polticos\\\/61565672886568\\\/\",\"https:\\\/\\\/x.com\\\/LosPoliticosVer\"]},{\"@type\":\"Person\",\"@id\":\"https:\\\/\\\/lospoliticosveracruz.com\\\/#\\\/schema\\\/person\\\/b8702bb0e538456e6efd07080bf2a4a2\",\"name\":\"Lo viste en Los Pol\u00edticos\",\"image\":{\"@type\":\"ImageObject\",\"inLanguage\":\"es\",\"@id\":\"https:\\\/\\\/secure.gravatar.com\\\/avatar\\\/3a8de04a2656d44082be478bd6c086daa447c4651605818287b9532d3d0bd435?s=96&d=mm&r=g\",\"url\":\"https:\\\/\\\/secure.gravatar.com\\\/avatar\\\/3a8de04a2656d44082be478bd6c086daa447c4651605818287b9532d3d0bd435?s=96&d=mm&r=g\",\"contentUrl\":\"https:\\\/\\\/secure.gravatar.com\\\/avatar\\\/3a8de04a2656d44082be478bd6c086daa447c4651605818287b9532d3d0bd435?s=96&d=mm&r=g\",\"caption\":\"Lo viste en Los Pol\u00edticos\"},\"url\":\"https:\\\/\\\/lospoliticosveracruz.com\\\/?author=2\"}]}<\/script>\n<!-- \/ Yoast SEO plugin. -->","yoast_head_json":{"title":"El destape de Buganza - Los pol\u00edticos Veracruz","robots":{"index":"index","follow":"follow","max-snippet":"max-snippet:-1","max-image-preview":"max-image-preview:large","max-video-preview":"max-video-preview:-1"},"canonical":"https:\/\/lospoliticosveracruz.com\/?p=13984","og_locale":"es_ES","og_type":"article","og_title":"El destape de Buganza - Los pol\u00edticos Veracruz","og_description":"Salvador Mu\u00f1oz Los Pol\u00edticos\u00a0 &nbsp; De aqu\u00ed al quince, la apuesta de qui\u00e9n se va, qui\u00e9n se queda y qui\u00e9n llega, puede que se mueva m\u00e1s de lo que ha subido y bajado el d\u00f3lar ante el peso en lo que va de este mes. No es para menos\u2026 en la semana que pas\u00f3, las [&hellip;]","og_url":"https:\/\/lospoliticosveracruz.com\/?p=13984","og_site_name":"Los pol\u00edticos Veracruz","article_publisher":"https:\/\/www.facebook.com\/people\/Notimemes-de-los-Polticos\/61565672886568\/","article_published_time":"2014-12-08T03:14:46+00:00","og_image":[{"url":"http:\/\/www.lospoliticosveracruz.com.mx\/wp-content\/uploads\/2014\/10\/Buganza-300x247.jpg","type":"","width":"","height":""}],"author":"Lo viste en Los Pol\u00edticos","twitter_card":"summary_large_image","twitter_creator":"@LosPoliticosVer","twitter_site":"@LosPoliticosVer","twitter_misc":{"Escrito por":"Lo viste en Los Pol\u00edticos","Tiempo de lectura":"4 minutos"},"schema":{"@context":"https:\/\/schema.org","@graph":[{"@type":"Article","@id":"https:\/\/lospoliticosveracruz.com\/?p=13984#article","isPartOf":{"@id":"https:\/\/lospoliticosveracruz.com\/?p=13984"},"author":{"name":"Lo viste en Los Pol\u00edticos","@id":"https:\/\/lospoliticosveracruz.com\/#\/schema\/person\/b8702bb0e538456e6efd07080bf2a4a2"},"headline":"El destape de Buganza","datePublished":"2014-12-08T03:14:46+00:00","mainEntityOfPage":{"@id":"https:\/\/lospoliticosveracruz.com\/?p=13984"},"wordCount":756,"commentCount":0,"publisher":{"@id":"https:\/\/lospoliticosveracruz.com\/#organization"},"image":{"@id":"https:\/\/lospoliticosveracruz.com\/?p=13984#primaryimage"},"thumbnailUrl":"http:\/\/www.lospoliticosveracruz.com.mx\/wp-content\/uploads\/2014\/10\/Buganza-300x247.jpg","keywords":["Erick Lagos","Gerardo Buganza","H\u00e9ctor Yunes","Julen Rementer\u00eda","Mim\u00ed Guzm\u00e1n","Pepe Yunes","SIOP"],"inLanguage":"es","potentialAction":[{"@type":"CommentAction","name":"Comment","target":["https:\/\/lospoliticosveracruz.com\/?p=13984#respond"]}]},{"@type":"WebPage","@id":"https:\/\/lospoliticosveracruz.com\/?p=13984","url":"https:\/\/lospoliticosveracruz.com\/?p=13984","name":"El destape de Buganza - Los pol\u00edticos Veracruz","isPartOf":{"@id":"https:\/\/lospoliticosveracruz.com\/#website"},"primaryImageOfPage":{"@id":"https:\/\/lospoliticosveracruz.com\/?p=13984#primaryimage"},"image":{"@id":"https:\/\/lospoliticosveracruz.com\/?p=13984#primaryimage"},"thumbnailUrl":"http:\/\/www.lospoliticosveracruz.com.mx\/wp-content\/uploads\/2014\/10\/Buganza-300x247.jpg","datePublished":"2014-12-08T03:14:46+00:00","breadcrumb":{"@id":"https:\/\/lospoliticosveracruz.com\/?p=13984#breadcrumb"},"inLanguage":"es","potentialAction":[{"@type":"ReadAction","target":["https:\/\/lospoliticosveracruz.com\/?p=13984"]}]},{"@type":"ImageObject","inLanguage":"es","@id":"https:\/\/lospoliticosveracruz.com\/?p=13984#primaryimage","url":"http:\/\/www.lospoliticosveracruz.com.mx\/wp-content\/uploads\/2014\/10\/Buganza-300x247.jpg","contentUrl":"http:\/\/www.lospoliticosveracruz.com.mx\/wp-content\/uploads\/2014\/10\/Buganza-300x247.jpg"},{"@type":"BreadcrumbList","@id":"https:\/\/lospoliticosveracruz.com\/?p=13984#breadcrumb","itemListElement":[{"@type":"ListItem","position":1,"name":"Portada","item":"https:\/\/lospoliticosveracruz.com\/"},{"@type":"ListItem","position":2,"name":"El destape de Buganza"}]},{"@type":"WebSite","@id":"https:\/\/lospoliticosveracruz.com\/#website","url":"https:\/\/lospoliticosveracruz.com\/","name":"Los pol\u00edticos Veracruz","description":"","publisher":{"@id":"https:\/\/lospoliticosveracruz.com\/#organization"},"potentialAction":[{"@type":"SearchAction","target":{"@type":"EntryPoint","urlTemplate":"https:\/\/lospoliticosveracruz.com\/?s={search_term_string}"},"query-input":{"@type":"PropertyValueSpecification","valueRequired":true,"valueName":"search_term_string"}}],"inLanguage":"es"},{"@type":"Organization","@id":"https:\/\/lospoliticosveracruz.com\/#organization","name":"Los pol\u00edticos Veracruz","url":"https:\/\/lospoliticosveracruz.com\/","logo":{"@type":"ImageObject","inLanguage":"es","@id":"https:\/\/lospoliticosveracruz.com\/#\/schema\/logo\/image\/","url":"https:\/\/lospoliticosveracruz.com\/wp-content\/uploads\/2025\/12\/Logo-Nuevo-LOS-POLITICOS-1.jpg","contentUrl":"https:\/\/lospoliticosveracruz.com\/wp-content\/uploads\/2025\/12\/Logo-Nuevo-LOS-POLITICOS-1.jpg","width":260,"height":70,"caption":"Los pol\u00edticos Veracruz"},"image":{"@id":"https:\/\/lospoliticosveracruz.com\/#\/schema\/logo\/image\/"},"sameAs":["https:\/\/www.facebook.com\/people\/Notimemes-de-los-Polticos\/61565672886568\/","https:\/\/x.com\/LosPoliticosVer"]},{"@type":"Person","@id":"https:\/\/lospoliticosveracruz.com\/#\/schema\/person\/b8702bb0e538456e6efd07080bf2a4a2","name":"Lo viste en Los Pol\u00edticos","image":{"@type":"ImageObject","inLanguage":"es","@id":"https:\/\/secure.gravatar.com\/avatar\/3a8de04a2656d44082be478bd6c086daa447c4651605818287b9532d3d0bd435?s=96&d=mm&r=g","url":"https:\/\/secure.gravatar.com\/avatar\/3a8de04a2656d44082be478bd6c086daa447c4651605818287b9532d3d0bd435?s=96&d=mm&r=g","contentUrl":"https:\/\/secure.gravatar.com\/avatar\/3a8de04a2656d44082be478bd6c086daa447c4651605818287b9532d3d0bd435?s=96&d=mm&r=g","caption":"Lo viste en Los Pol\u00edticos"},"url":"https:\/\/lospoliticosveracruz.com\/?author=2"}]}},"_links":{"self":[{"href":"https:\/\/lospoliticosveracruz.com\/index.php?rest_route=\/wp\/v2\/posts\/13984","targetHints":{"allow":["GET"]}}],"collection":[{"href":"https:\/\/lospoliticosveracruz.com\/index.php?rest_route=\/wp\/v2\/posts"}],"about":[{"href":"https:\/\/lospoliticosveracruz.com\/index.php?rest_route=\/wp\/v2\/types\/post"}],"author":[{"embeddable":true,"href":"https:\/\/lospoliticosveracruz.com\/index.php?rest_route=\/wp\/v2\/users\/2"}],"replies":[{"embeddable":true,"href":"https:\/\/lospoliticosveracruz.com\/index.php?rest_route=%2Fwp%2Fv2%2Fcomments&post=13984"}],"version-history":[{"count":2,"href":"https:\/\/lospoliticosveracruz.com\/index.php?rest_route=\/wp\/v2\/posts\/13984\/revisions"}],"predecessor-version":[{"id":13986,"href":"https:\/\/lospoliticosveracruz.com\/index.php?rest_route=\/wp\/v2\/posts\/13984\/revisions\/13986"}],"wp:attachment":[{"href":"https:\/\/lospoliticosveracruz.com\/index.php?rest_route=%2Fwp%2Fv2%2Fmedia&parent=13984"}],"wp:term":[{"taxonomy":"category","embeddable":true,"href":"https:\/\/lospoliticosveracruz.com\/index.php?rest_route=%2Fwp%2Fv2%2Fcategories&post=13984"},{"taxonomy":"post_tag","embeddable":true,"href":"https:\/\/lospoliticosveracruz.com\/index.php?rest_route=%2Fwp%2Fv2%2Ftags&post=13984"}],"curies":[{"name":"wp","href":"https:\/\/api.w.org\/{rel}","templated":true}]}}