{"id":139888,"date":"2025-03-18T01:40:22","date_gmt":"2025-03-18T07:40:22","guid":{"rendered":"https:\/\/lospoliticosveracruz.com.mx\/?p=139888"},"modified":"2025-03-18T01:40:35","modified_gmt":"2025-03-18T07:40:35","slug":"el-pvem-entre-las-patas-de-morena-en-veracruz","status":"publish","type":"post","link":"https:\/\/lospoliticosveracruz.com\/?p=139888","title":{"rendered":"EL PVEM, ENTRE LAS \u00abPATAS\u00bb DE MORENA EN VERACRUZ"},"content":{"rendered":"\n<p>[S\u00edguenos ahora tambi\u00e9n en WhatsApp.\u00a0<a href=\"https:\/\/whatsapp.com\/channel\/0029Va8zRWlEKyZIP3Z1dF0e\"><strong><em>Da clic aqu\u00ed<\/em><\/strong><\/a>]\u00a0<br><strong>Ricardo Chua<\/strong><\/p>\n\n\n\n<p><em>Sale y Vale<\/em><\/p>\n\n\n\n<p>\u00abGarganta Profunda\u00bb se\u00f1ala que hace alrededor de 10 d\u00edas.. El coordinador de los senadores del PVEM y l\u00edder \u00abmoral\u00bb de ese partido, Manuel Velasco Coello lleg\u00f3 molesto a Palacio Nacional en CDMX.. Y pese a ser un tipo conciliador los que lo vieron pasar, notaron que iba VISIBLEMENTE CONTRARIADO, con una carpeta con documentos bajo el brazo.. Y su molest\u00eda era EXCLUSIVAMENTE por la coalici\u00f3n que tiene su partido con MORENA en la elecci\u00f3n de las 212 alcald\u00edas que se van a disputar en Veracruz.. ABROOONN..<\/p>\n\n\n\n<p>Al llegar a Palacio Nacional se dirigi\u00f3 a la oficina principal de ese lugar.. Con la intenci\u00f3n de reunirse con la Presidenta, Claudia Shienbaum e informarle a la Jefa Pol\u00edtica de la 4T en M\u00e9xico (Movimiento en donde est\u00e1 inmerso el PVEM).. Que los \u00abVerdes\u00bb en Veracruz con acuerdo con el comit\u00e9 nacional, sus senadores y diputados federales iban a \u00abROMPER\u00bb TOTALMENTE toda la coalici\u00f3n pol\u00edtica que tienen con MORENA para este proceso electoral local en la entidad.. Que ya no hab\u00eda \u00abvuelta de hoja\u00bb.. Dado que la dirigencia estatal de MORENA simplemente no respetaba los acuerdos de la coalici\u00f3n..<\/p>\n\n\n\n<p>Velasco Coello inform\u00f3 a la Presidenta de M\u00e9xico.. Que era IMPOSIBLE entenderse y entrar en raz\u00f3n con MORENA Veracruz porque estaban empecinados en postular candidatos en donde por acuerdos de la coalici\u00f3n, les tocaba postular a los \u00abVerdes\u00bb en esos municipios.. Y lo que era peor, los \u00abMorenos\u00bb se sent\u00edan con autoridad moral para VETAR aspirantes \u00abVerdes\u00bb para ser candidatos a alcaldes para postular en esos ayuntamientos a personajes que reci\u00e9n llegaban a la 4T.. Tanto del PRI, PAN y Movimiento Ciudadano.. Por lo cual, era una gran inconformidad y por eso al igual que el PT.. Ellos tambi\u00e9n \u00abromp\u00edan\u00bb tal coalici\u00f3n..<\/p>\n\n\n\n<p>El ex gobernador de Chiapas le record\u00f3 a Shienbaum, el motivo del por qu\u00e9 el dirigente nacional del PT y senador, Alberto Anaya no quiso hacer coalici\u00f3n con MORENA en la elecci\u00f3n en Veracruz por el \u00abagandalle\u00bb de este partido en la postulaci\u00f3n de candidatos en municipios que ni siquiera son gobierno.. Y que como se sent\u00edan \u00abdue\u00f1os\u00bb de Veracruz.. Los petistas mejor se la \u00abjugaban\u00bb solos y postulan sus propios candidatos.. Ah\u00ed Manuel Velasco le dijo que \u00e9l se hab\u00eda equivocado pero que a\u00fan hab\u00eda tiempo para enmendar el error y que ahora el PVEM tambi\u00e9n ir\u00eda solo en Veracruz..<\/p>\n\n\n\n<p>Manuel Velasco entreg\u00f3 a Sheinbaum la documentaci\u00f3n donde se\u00f1alaba como en 2021.. Cuitl\u00e1huac Garc\u00eda oper\u00f3 junto con Eric Cisneros la \u00abpresi\u00f3n\u00bb hac\u00eda los alcaldes electos del PVEM para pasarlos a MORENA.. De los bloqueos de los pol\u00edticos simpatizantes del PVEM en Veracruz y sobretodo el BLOQUEO pol\u00edtico en contra del hoy diputado federal y l\u00edder moral de los \u00abverdes\u00bb en la entidad, Javier Herrera Borunda y en contra de su \u00abahijado\u00bb pol\u00edtico: Alberto Silva Ramos.. Situaci\u00f3n que ya no se volver\u00eda a repetir en 2025 porque el \u00abrompimiento\u00bb era inminente y que por ello acud\u00eda a Palacio Nacional a informarle..<\/p>\n\n\n\n<p>El senador del PVEM le sostuvo a la Presidenta que por ello.. Es que en municipios como Alvarado,Tuxpan, Medell\u00edn de Bravo m\u00e1s los que se acumulen esta semana, que eran sitios donde hab\u00eda coalici\u00f3n con MORENA, simplemente por estos hechos, ya no lo hab\u00eda.. Pero como la dirigencia de ese partido, no estaba dispuesto a ratificar esos cambios, pues, el comit\u00e9 nacional de los \u00abVerdes\u00bb no le ve\u00edan caso seguir con esa alianza parcial en la entidad.. Por lo cual, lo m\u00e1s sencillo y pr\u00e1ctico para ellos, era deshacerla de manera inmediata y que ambos se \u00abrascaran\u00bb con sus propias \u00abu\u00f1as\u00bb..<\/p>\n\n\n\n<p>Adem\u00e1s el legislador chiapaneco le dej\u00f3 que como antecedente en esta situaci\u00f3n.. Era muy posible que su comit\u00e9 nacional evaluar\u00e1 la posibilidad de hacer alianza pol\u00edtica con ellos, en la elecci\u00f3n federal del 2027 (Cuando se renueva la c\u00e1mara baja del Congreso de la Uni\u00f3n), ya que con este precedente era obvio que MORENA no respeta los acuerdos tomados en una coalici\u00f3n pol\u00edtica para un proceso electoral.. Ah\u00ed fue el asunto que realmente preocup\u00f3 a la Presidenta de M\u00e9xico.. Pero dej\u00f3 que Manuel Velasco siguiera con su relato para que ella tomara la palabra al final.. Y as\u00ed fue..<\/p>\n\n\n\n<p>Ya que el \u00faltimo argumento que dio Velasco a Shienbaum en el tema Veracruz.. Es que por culpa de MORENA ahora el PVEM se quedar\u00eda sin municipios fuertes que gobernar y pareciera que la intenci\u00f3n de ese partido, era debilitarlos en Veracruz y no apoyarse en coalici\u00f3n.. Porque era probable que en manos de MORENA, el PVEM dejar\u00eda de gobernar Medell\u00edn de Bravo para que lo gobernaran los Morenos, adem\u00e1s de no obtener Tuxpan porque no quisieron ser coalici\u00f3n y sufrir derrota en Alvarado en manos del PAN cuando el PVEM a\u00fan lo gobierna municipal..<\/p>\n\n\n\n<p>Al final de cuentas, Manuel Velasco Coello sabe que en Veracruz no hay \u00abvuelta de hoja\u00bb.. Sobre todo que la jefa pol\u00edtica de MORENA en la entidad, que es la gobernadora Roc\u00edo Nahle, est\u00e1 distanciada del Senado por el tema Miguel \u00c1ngel Yunes M\u00e1rquez.. Desde que es miembro activo de la 4T y ellos traen un pleito al interior de ese partido.. Motivo por el cual, no hab\u00eda raz\u00f3n v\u00e1lida para buscar un encuentro con la gobernadora porque simplemente su discurso es otro.. Por ello, no ten\u00eda caso razonar con los personajes que manejan a MORENA en la entidad.. Por lo que su decisi\u00f3n estaba tomada..<\/p>\n\n\n\n<p>Sin embargo, \u00abGarganta Profunda\u00bb relat\u00f3 que despu\u00e9s de escuchar a Manuel Velasco.. La Presidenta le pidi\u00f3 el favor de NO ROMPER TODA LA COALICI\u00d3N PARCIAL.. Que el PVEM siguiera apoyando a MORENA en la elecci\u00f3n municipal.. Que era por el bien de la 4T y seguir caminando con el movimiento en los Estados.. Ella les prometi\u00f3 TOMAR CARTAS EN EL ASUNTO.. Pero que no \u00abrompan\u00bb.. Finalmente esto se ver\u00e1 en los pr\u00f3ximos d\u00edas.. Si el \u00abGuero\u00bb Velasco respet\u00f3 el acuerdo y se queda en la coalici\u00f3n o simplemente se va y cada qui\u00e9n cuida la suyo.. EL PVEM ENTRE LA DIGNIDAD O EL DESPRECIO.. AMEN..<\/p>\n","protected":false},"excerpt":{"rendered":"<p>[S\u00edguenos ahora tambi\u00e9n en WhatsApp.\u00a0Da clic aqu\u00ed]\u00a0Ricardo Chua Sale y Vale \u00abGarganta Profunda\u00bb se\u00f1ala que hace alrededor de 10 d\u00edas.. El coordinador de los senadores del PVEM y l\u00edder \u00abmoral\u00bb de ese partido, Manuel Velasco Coello lleg\u00f3 molesto a Palacio Nacional en CDMX.. Y pese a ser un tipo conciliador los que lo vieron pasar, [&hellip;]<\/p>\n","protected":false},"author":2,"featured_media":119817,"comment_status":"closed","ping_status":"closed","sticky":false,"template":"","format":"standard","meta":{"tdm_status":"","tdm_grid_status":"","footnotes":""},"categories":[70],"tags":[9627,17763,964,1026,3578,203,195],"class_list":{"0":"post-139888","1":"post","2":"type-post","3":"status-publish","4":"format-standard","5":"has-post-thumbnail","7":"category-de-opinion","8":"tag-claudia-sheinbaum","9":"tag-claudia-sheinbaum-pardo","10":"tag-manuel-velasco-coello","11":"tag-morena","12":"tag-rocio-nahle","13":"tag-tuxpan","14":"tag-veracruz"},"yoast_head":"<!-- This site is optimized with the Yoast SEO plugin v27.4 - https:\/\/yoast.com\/product\/yoast-seo-wordpress\/ -->\n<title>EL PVEM, ENTRE LAS &quot;PATAS&quot; DE MORENA EN VERACRUZ - Los pol\u00edticos Veracruz<\/title>\n<meta name=\"robots\" content=\"index, follow, max-snippet:-1, max-image-preview:large, max-video-preview:-1\" \/>\n<link rel=\"canonical\" href=\"https:\/\/lospoliticosveracruz.com\/?p=139888\" \/>\n<meta property=\"og:locale\" content=\"es_ES\" \/>\n<meta property=\"og:type\" content=\"article\" \/>\n<meta property=\"og:title\" content=\"EL PVEM, ENTRE LAS &quot;PATAS&quot; DE MORENA EN VERACRUZ - Los pol\u00edticos Veracruz\" \/>\n<meta property=\"og:description\" content=\"[S\u00edguenos ahora tambi\u00e9n en WhatsApp.\u00a0Da clic aqu\u00ed]\u00a0Ricardo Chua Sale y Vale \u00abGarganta Profunda\u00bb se\u00f1ala que hace alrededor de 10 d\u00edas.. El coordinador de los senadores del PVEM y l\u00edder \u00abmoral\u00bb de ese partido, Manuel Velasco Coello lleg\u00f3 molesto a Palacio Nacional en CDMX.. Y pese a ser un tipo conciliador los que lo vieron pasar, [&hellip;]\" \/>\n<meta property=\"og:url\" content=\"https:\/\/lospoliticosveracruz.com\/?p=139888\" \/>\n<meta property=\"og:site_name\" content=\"Los pol\u00edticos Veracruz\" \/>\n<meta property=\"article:publisher\" content=\"https:\/\/www.facebook.com\/people\/Notimemes-de-los-Polticos\/61565672886568\/\" \/>\n<meta property=\"article:published_time\" content=\"2025-03-18T07:40:22+00:00\" \/>\n<meta property=\"article:modified_time\" content=\"2025-03-18T07:40:35+00:00\" \/>\n<meta property=\"og:image\" content=\"https:\/\/lospoliticosveracruz.com\/wp-content\/uploads\/2024\/03\/Ricardo-Chua.jpg\" \/>\n\t<meta property=\"og:image:width\" content=\"1250\" \/>\n\t<meta property=\"og:image:height\" content=\"667\" \/>\n\t<meta property=\"og:image:type\" content=\"image\/jpeg\" \/>\n<meta name=\"author\" content=\"Lo viste en Los Pol\u00edticos\" \/>\n<meta name=\"twitter:card\" content=\"summary_large_image\" \/>\n<meta name=\"twitter:creator\" content=\"@LosPoliticosVer\" \/>\n<meta name=\"twitter:site\" content=\"@LosPoliticosVer\" \/>\n<meta name=\"twitter:label1\" content=\"Escrito por\" \/>\n\t<meta name=\"twitter:data1\" content=\"Lo viste en Los Pol\u00edticos\" \/>\n\t<meta name=\"twitter:label2\" content=\"Tiempo de lectura\" \/>\n\t<meta name=\"twitter:data2\" content=\"5 minutos\" \/>\n<script type=\"application\/ld+json\" class=\"yoast-schema-graph\">{\"@context\":\"https:\\\/\\\/schema.org\",\"@graph\":[{\"@type\":\"Article\",\"@id\":\"https:\\\/\\\/lospoliticosveracruz.com\\\/?p=139888#article\",\"isPartOf\":{\"@id\":\"https:\\\/\\\/lospoliticosveracruz.com\\\/?p=139888\"},\"author\":{\"name\":\"Lo viste en Los Pol\u00edticos\",\"@id\":\"https:\\\/\\\/lospoliticosveracruz.com\\\/#\\\/schema\\\/person\\\/b8702bb0e538456e6efd07080bf2a4a2\"},\"headline\":\"EL PVEM, ENTRE LAS \u00abPATAS\u00bb DE MORENA EN VERACRUZ\",\"datePublished\":\"2025-03-18T07:40:22+00:00\",\"dateModified\":\"2025-03-18T07:40:35+00:00\",\"mainEntityOfPage\":{\"@id\":\"https:\\\/\\\/lospoliticosveracruz.com\\\/?p=139888\"},\"wordCount\":1101,\"publisher\":{\"@id\":\"https:\\\/\\\/lospoliticosveracruz.com\\\/#organization\"},\"image\":{\"@id\":\"https:\\\/\\\/lospoliticosveracruz.com\\\/?p=139888#primaryimage\"},\"thumbnailUrl\":\"https:\\\/\\\/lospoliticosveracruz.com\\\/wp-content\\\/uploads\\\/2024\\\/03\\\/Ricardo-Chua.jpg\",\"keywords\":[\"Claudia Sheinbaum\",\"Claudia Sheinbaum Pardo\",\"Manuel Velasco Coello\",\"Morena\",\"Roc\u00edo Nahle\",\"Tuxpan\",\"Veracruz\"],\"articleSection\":[\"De Opini\u00f3n\"],\"inLanguage\":\"es\"},{\"@type\":\"WebPage\",\"@id\":\"https:\\\/\\\/lospoliticosveracruz.com\\\/?p=139888\",\"url\":\"https:\\\/\\\/lospoliticosveracruz.com\\\/?p=139888\",\"name\":\"EL PVEM, ENTRE LAS \\\"PATAS\\\" DE MORENA EN VERACRUZ - Los pol\u00edticos Veracruz\",\"isPartOf\":{\"@id\":\"https:\\\/\\\/lospoliticosveracruz.com\\\/#website\"},\"primaryImageOfPage\":{\"@id\":\"https:\\\/\\\/lospoliticosveracruz.com\\\/?p=139888#primaryimage\"},\"image\":{\"@id\":\"https:\\\/\\\/lospoliticosveracruz.com\\\/?p=139888#primaryimage\"},\"thumbnailUrl\":\"https:\\\/\\\/lospoliticosveracruz.com\\\/wp-content\\\/uploads\\\/2024\\\/03\\\/Ricardo-Chua.jpg\",\"datePublished\":\"2025-03-18T07:40:22+00:00\",\"dateModified\":\"2025-03-18T07:40:35+00:00\",\"breadcrumb\":{\"@id\":\"https:\\\/\\\/lospoliticosveracruz.com\\\/?p=139888#breadcrumb\"},\"inLanguage\":\"es\",\"potentialAction\":[{\"@type\":\"ReadAction\",\"target\":[\"https:\\\/\\\/lospoliticosveracruz.com\\\/?p=139888\"]}]},{\"@type\":\"ImageObject\",\"inLanguage\":\"es\",\"@id\":\"https:\\\/\\\/lospoliticosveracruz.com\\\/?p=139888#primaryimage\",\"url\":\"https:\\\/\\\/lospoliticosveracruz.com\\\/wp-content\\\/uploads\\\/2024\\\/03\\\/Ricardo-Chua.jpg\",\"contentUrl\":\"https:\\\/\\\/lospoliticosveracruz.com\\\/wp-content\\\/uploads\\\/2024\\\/03\\\/Ricardo-Chua.jpg\",\"width\":1250,\"height\":667},{\"@type\":\"BreadcrumbList\",\"@id\":\"https:\\\/\\\/lospoliticosveracruz.com\\\/?p=139888#breadcrumb\",\"itemListElement\":[{\"@type\":\"ListItem\",\"position\":1,\"name\":\"Portada\",\"item\":\"https:\\\/\\\/lospoliticosveracruz.com\\\/\"},{\"@type\":\"ListItem\",\"position\":2,\"name\":\"EL PVEM, ENTRE LAS \u00abPATAS\u00bb DE MORENA EN VERACRUZ\"}]},{\"@type\":\"WebSite\",\"@id\":\"https:\\\/\\\/lospoliticosveracruz.com\\\/#website\",\"url\":\"https:\\\/\\\/lospoliticosveracruz.com\\\/\",\"name\":\"Los pol\u00edticos Veracruz\",\"description\":\"\",\"publisher\":{\"@id\":\"https:\\\/\\\/lospoliticosveracruz.com\\\/#organization\"},\"potentialAction\":[{\"@type\":\"SearchAction\",\"target\":{\"@type\":\"EntryPoint\",\"urlTemplate\":\"https:\\\/\\\/lospoliticosveracruz.com\\\/?s={search_term_string}\"},\"query-input\":{\"@type\":\"PropertyValueSpecification\",\"valueRequired\":true,\"valueName\":\"search_term_string\"}}],\"inLanguage\":\"es\"},{\"@type\":\"Organization\",\"@id\":\"https:\\\/\\\/lospoliticosveracruz.com\\\/#organization\",\"name\":\"Los pol\u00edticos Veracruz\",\"url\":\"https:\\\/\\\/lospoliticosveracruz.com\\\/\",\"logo\":{\"@type\":\"ImageObject\",\"inLanguage\":\"es\",\"@id\":\"https:\\\/\\\/lospoliticosveracruz.com\\\/#\\\/schema\\\/logo\\\/image\\\/\",\"url\":\"https:\\\/\\\/lospoliticosveracruz.com\\\/wp-content\\\/uploads\\\/2025\\\/12\\\/Logo-Nuevo-LOS-POLITICOS-1.jpg\",\"contentUrl\":\"https:\\\/\\\/lospoliticosveracruz.com\\\/wp-content\\\/uploads\\\/2025\\\/12\\\/Logo-Nuevo-LOS-POLITICOS-1.jpg\",\"width\":260,\"height\":70,\"caption\":\"Los pol\u00edticos Veracruz\"},\"image\":{\"@id\":\"https:\\\/\\\/lospoliticosveracruz.com\\\/#\\\/schema\\\/logo\\\/image\\\/\"},\"sameAs\":[\"https:\\\/\\\/www.facebook.com\\\/people\\\/Notimemes-de-los-Polticos\\\/61565672886568\\\/\",\"https:\\\/\\\/x.com\\\/LosPoliticosVer\"]},{\"@type\":\"Person\",\"@id\":\"https:\\\/\\\/lospoliticosveracruz.com\\\/#\\\/schema\\\/person\\\/b8702bb0e538456e6efd07080bf2a4a2\",\"name\":\"Lo viste en Los Pol\u00edticos\",\"image\":{\"@type\":\"ImageObject\",\"inLanguage\":\"es\",\"@id\":\"https:\\\/\\\/secure.gravatar.com\\\/avatar\\\/3a8de04a2656d44082be478bd6c086daa447c4651605818287b9532d3d0bd435?s=96&d=mm&r=g\",\"url\":\"https:\\\/\\\/secure.gravatar.com\\\/avatar\\\/3a8de04a2656d44082be478bd6c086daa447c4651605818287b9532d3d0bd435?s=96&d=mm&r=g\",\"contentUrl\":\"https:\\\/\\\/secure.gravatar.com\\\/avatar\\\/3a8de04a2656d44082be478bd6c086daa447c4651605818287b9532d3d0bd435?s=96&d=mm&r=g\",\"caption\":\"Lo viste en Los Pol\u00edticos\"},\"url\":\"https:\\\/\\\/lospoliticosveracruz.com\\\/?author=2\"}]}<\/script>\n<!-- \/ Yoast SEO plugin. -->","yoast_head_json":{"title":"EL PVEM, ENTRE LAS \"PATAS\" DE MORENA EN VERACRUZ - Los pol\u00edticos Veracruz","robots":{"index":"index","follow":"follow","max-snippet":"max-snippet:-1","max-image-preview":"max-image-preview:large","max-video-preview":"max-video-preview:-1"},"canonical":"https:\/\/lospoliticosveracruz.com\/?p=139888","og_locale":"es_ES","og_type":"article","og_title":"EL PVEM, ENTRE LAS \"PATAS\" DE MORENA EN VERACRUZ - Los pol\u00edticos Veracruz","og_description":"[S\u00edguenos ahora tambi\u00e9n en WhatsApp.\u00a0Da clic aqu\u00ed]\u00a0Ricardo Chua Sale y Vale \u00abGarganta Profunda\u00bb se\u00f1ala que hace alrededor de 10 d\u00edas.. El coordinador de los senadores del PVEM y l\u00edder \u00abmoral\u00bb de ese partido, Manuel Velasco Coello lleg\u00f3 molesto a Palacio Nacional en CDMX.. Y pese a ser un tipo conciliador los que lo vieron pasar, [&hellip;]","og_url":"https:\/\/lospoliticosveracruz.com\/?p=139888","og_site_name":"Los pol\u00edticos Veracruz","article_publisher":"https:\/\/www.facebook.com\/people\/Notimemes-de-los-Polticos\/61565672886568\/","article_published_time":"2025-03-18T07:40:22+00:00","article_modified_time":"2025-03-18T07:40:35+00:00","og_image":[{"width":1250,"height":667,"url":"https:\/\/lospoliticosveracruz.com\/wp-content\/uploads\/2024\/03\/Ricardo-Chua.jpg","type":"image\/jpeg"}],"author":"Lo viste en Los Pol\u00edticos","twitter_card":"summary_large_image","twitter_creator":"@LosPoliticosVer","twitter_site":"@LosPoliticosVer","twitter_misc":{"Escrito por":"Lo viste en Los Pol\u00edticos","Tiempo de lectura":"5 minutos"},"schema":{"@context":"https:\/\/schema.org","@graph":[{"@type":"Article","@id":"https:\/\/lospoliticosveracruz.com\/?p=139888#article","isPartOf":{"@id":"https:\/\/lospoliticosveracruz.com\/?p=139888"},"author":{"name":"Lo viste en Los Pol\u00edticos","@id":"https:\/\/lospoliticosveracruz.com\/#\/schema\/person\/b8702bb0e538456e6efd07080bf2a4a2"},"headline":"EL PVEM, ENTRE LAS \u00abPATAS\u00bb DE MORENA EN VERACRUZ","datePublished":"2025-03-18T07:40:22+00:00","dateModified":"2025-03-18T07:40:35+00:00","mainEntityOfPage":{"@id":"https:\/\/lospoliticosveracruz.com\/?p=139888"},"wordCount":1101,"publisher":{"@id":"https:\/\/lospoliticosveracruz.com\/#organization"},"image":{"@id":"https:\/\/lospoliticosveracruz.com\/?p=139888#primaryimage"},"thumbnailUrl":"https:\/\/lospoliticosveracruz.com\/wp-content\/uploads\/2024\/03\/Ricardo-Chua.jpg","keywords":["Claudia Sheinbaum","Claudia Sheinbaum Pardo","Manuel Velasco Coello","Morena","Roc\u00edo Nahle","Tuxpan","Veracruz"],"articleSection":["De Opini\u00f3n"],"inLanguage":"es"},{"@type":"WebPage","@id":"https:\/\/lospoliticosveracruz.com\/?p=139888","url":"https:\/\/lospoliticosveracruz.com\/?p=139888","name":"EL PVEM, ENTRE LAS \"PATAS\" DE MORENA EN VERACRUZ - Los pol\u00edticos Veracruz","isPartOf":{"@id":"https:\/\/lospoliticosveracruz.com\/#website"},"primaryImageOfPage":{"@id":"https:\/\/lospoliticosveracruz.com\/?p=139888#primaryimage"},"image":{"@id":"https:\/\/lospoliticosveracruz.com\/?p=139888#primaryimage"},"thumbnailUrl":"https:\/\/lospoliticosveracruz.com\/wp-content\/uploads\/2024\/03\/Ricardo-Chua.jpg","datePublished":"2025-03-18T07:40:22+00:00","dateModified":"2025-03-18T07:40:35+00:00","breadcrumb":{"@id":"https:\/\/lospoliticosveracruz.com\/?p=139888#breadcrumb"},"inLanguage":"es","potentialAction":[{"@type":"ReadAction","target":["https:\/\/lospoliticosveracruz.com\/?p=139888"]}]},{"@type":"ImageObject","inLanguage":"es","@id":"https:\/\/lospoliticosveracruz.com\/?p=139888#primaryimage","url":"https:\/\/lospoliticosveracruz.com\/wp-content\/uploads\/2024\/03\/Ricardo-Chua.jpg","contentUrl":"https:\/\/lospoliticosveracruz.com\/wp-content\/uploads\/2024\/03\/Ricardo-Chua.jpg","width":1250,"height":667},{"@type":"BreadcrumbList","@id":"https:\/\/lospoliticosveracruz.com\/?p=139888#breadcrumb","itemListElement":[{"@type":"ListItem","position":1,"name":"Portada","item":"https:\/\/lospoliticosveracruz.com\/"},{"@type":"ListItem","position":2,"name":"EL PVEM, ENTRE LAS \u00abPATAS\u00bb DE MORENA EN VERACRUZ"}]},{"@type":"WebSite","@id":"https:\/\/lospoliticosveracruz.com\/#website","url":"https:\/\/lospoliticosveracruz.com\/","name":"Los pol\u00edticos Veracruz","description":"","publisher":{"@id":"https:\/\/lospoliticosveracruz.com\/#organization"},"potentialAction":[{"@type":"SearchAction","target":{"@type":"EntryPoint","urlTemplate":"https:\/\/lospoliticosveracruz.com\/?s={search_term_string}"},"query-input":{"@type":"PropertyValueSpecification","valueRequired":true,"valueName":"search_term_string"}}],"inLanguage":"es"},{"@type":"Organization","@id":"https:\/\/lospoliticosveracruz.com\/#organization","name":"Los pol\u00edticos Veracruz","url":"https:\/\/lospoliticosveracruz.com\/","logo":{"@type":"ImageObject","inLanguage":"es","@id":"https:\/\/lospoliticosveracruz.com\/#\/schema\/logo\/image\/","url":"https:\/\/lospoliticosveracruz.com\/wp-content\/uploads\/2025\/12\/Logo-Nuevo-LOS-POLITICOS-1.jpg","contentUrl":"https:\/\/lospoliticosveracruz.com\/wp-content\/uploads\/2025\/12\/Logo-Nuevo-LOS-POLITICOS-1.jpg","width":260,"height":70,"caption":"Los pol\u00edticos Veracruz"},"image":{"@id":"https:\/\/lospoliticosveracruz.com\/#\/schema\/logo\/image\/"},"sameAs":["https:\/\/www.facebook.com\/people\/Notimemes-de-los-Polticos\/61565672886568\/","https:\/\/x.com\/LosPoliticosVer"]},{"@type":"Person","@id":"https:\/\/lospoliticosveracruz.com\/#\/schema\/person\/b8702bb0e538456e6efd07080bf2a4a2","name":"Lo viste en Los Pol\u00edticos","image":{"@type":"ImageObject","inLanguage":"es","@id":"https:\/\/secure.gravatar.com\/avatar\/3a8de04a2656d44082be478bd6c086daa447c4651605818287b9532d3d0bd435?s=96&d=mm&r=g","url":"https:\/\/secure.gravatar.com\/avatar\/3a8de04a2656d44082be478bd6c086daa447c4651605818287b9532d3d0bd435?s=96&d=mm&r=g","contentUrl":"https:\/\/secure.gravatar.com\/avatar\/3a8de04a2656d44082be478bd6c086daa447c4651605818287b9532d3d0bd435?s=96&d=mm&r=g","caption":"Lo viste en Los Pol\u00edticos"},"url":"https:\/\/lospoliticosveracruz.com\/?author=2"}]}},"_links":{"self":[{"href":"https:\/\/lospoliticosveracruz.com\/index.php?rest_route=\/wp\/v2\/posts\/139888","targetHints":{"allow":["GET"]}}],"collection":[{"href":"https:\/\/lospoliticosveracruz.com\/index.php?rest_route=\/wp\/v2\/posts"}],"about":[{"href":"https:\/\/lospoliticosveracruz.com\/index.php?rest_route=\/wp\/v2\/types\/post"}],"author":[{"embeddable":true,"href":"https:\/\/lospoliticosveracruz.com\/index.php?rest_route=\/wp\/v2\/users\/2"}],"replies":[{"embeddable":true,"href":"https:\/\/lospoliticosveracruz.com\/index.php?rest_route=%2Fwp%2Fv2%2Fcomments&post=139888"}],"version-history":[{"count":2,"href":"https:\/\/lospoliticosveracruz.com\/index.php?rest_route=\/wp\/v2\/posts\/139888\/revisions"}],"predecessor-version":[{"id":139890,"href":"https:\/\/lospoliticosveracruz.com\/index.php?rest_route=\/wp\/v2\/posts\/139888\/revisions\/139890"}],"wp:featuredmedia":[{"embeddable":true,"href":"https:\/\/lospoliticosveracruz.com\/index.php?rest_route=\/wp\/v2\/media\/119817"}],"wp:attachment":[{"href":"https:\/\/lospoliticosveracruz.com\/index.php?rest_route=%2Fwp%2Fv2%2Fmedia&parent=139888"}],"wp:term":[{"taxonomy":"category","embeddable":true,"href":"https:\/\/lospoliticosveracruz.com\/index.php?rest_route=%2Fwp%2Fv2%2Fcategories&post=139888"},{"taxonomy":"post_tag","embeddable":true,"href":"https:\/\/lospoliticosveracruz.com\/index.php?rest_route=%2Fwp%2Fv2%2Ftags&post=139888"}],"curies":[{"name":"wp","href":"https:\/\/api.w.org\/{rel}","templated":true}]}}