{"id":139907,"date":"2025-03-18T10:30:59","date_gmt":"2025-03-18T16:30:59","guid":{"rendered":"https:\/\/lospoliticosveracruz.com.mx\/?p=139907"},"modified":"2025-03-18T10:31:16","modified_gmt":"2025-03-18T16:31:16","slug":"lazy-boy-valiente-campeon","status":"publish","type":"post","link":"https:\/\/lospoliticosveracruz.com\/?p=139907","title":{"rendered":"LAZY BOY, \u00abVALIENTE\u00bb CAMPE\u00d3N!"},"content":{"rendered":"\n<p><strong><a href=\"https:\/\/whatsapp.com\/channel\/0029Va8zRWlEKyZIP3Z1dF0e\">\u2002\u2002<strong>\u00danete a nuestro canal&nbsp;<\/strong>\u2002\u2002\u2002\u2002\u2002\u2002&nbsp;<\/a>\u2002\u2002\u2002\u2002\u2002\u2002&nbsp;<\/strong><\/p>\n\n\n\n<p>\u00a1<strong>LOS POL\u00cdTICOS VERACRUZ<\/strong>&nbsp;ya est\u00e1 en WhatsApp!<\/p>\n\n\n\n<p>Karla M\u00e9ndez&nbsp;<\/p>\n\n\n\n<p>El veracruzano y luchador profesional de las artes marciales mixtas Ronaldo Rodr\u00edguez, mejor conocido como Lazy Boy, fue denunciado ante la Fiscal\u00eda General del Estado(FGE), por violencia familiar en contra de su ex pareja y podr\u00eda ser inscrito pr\u00f3ximamente en el Registro Nacional de Deudores Alimentarios por negarse a dar la pensi\u00f3n a su hijo.&nbsp;<\/p>\n\n\n\n<p>De acuerdo con su expareja y madre de su primer hijo, Tania Montero, el luchador profesional de la UFC fue denunciado por violencia familiar ante la Fiscal\u00eda Especializada en Delitos contra Mujeres, su carpeta fue abierta bajo el n\u00famero 1957\/2022, esto luego de que en diversas ocasiones la violentara.&nbsp;<\/p>\n\n\n\n<p>Tania Montero explic\u00f3 que durante la relaci\u00f3n hubo violencia f\u00edsica y psicol\u00f3gica, tras nacer su hijo en septiembre del 2021 la violencia increment\u00f3 lo que ocasion\u00f3 la separaci\u00f3n y que ahora el luchador profesional de la UFC ejerciera violencia econ\u00f3mica.&nbsp;<\/p>\n\n\n\n<p>\u201cNo s\u00e9 c\u00f3mo explicarlo, pero si tengo mucho miedo, nos da mucho miedo de lo que llegue a hacernos,lo hago responsable de lo que pueda pasarme a mi a mi hijo a mi familia porque la violencia sigue, el acoso sigue.\u00bb<\/p>\n\n\n\n<p>Tania Montero, quien tambi\u00e9n fue luchadora de artes mixtas, explic\u00f3&nbsp;&nbsp;que tras la separaci\u00f3n Lazy Boy se ha negado a cumplir con la pensi\u00f3n que le otorg\u00f3 un juez y en varias ocasiones ha sido amenazada para que retire las demandas.&nbsp;<\/p>\n\n\n\n<p>\u201cEn 2022 le pusieron una pensi\u00f3n de acuerdo a sus ingresos, pero no lo hac\u00eda, \u00e9l iba a dejarme lo que quer\u00eda y cuando quer\u00eda. Despu\u00e9s nada , \u00e9l desde el 2023 no ve a su hijo porque los d\u00edas que \u00e9l le otorg\u00f3 no los tomaba, que estaba de viaje o cosas as\u00ed\u201d&nbsp;<\/p>\n\n\n\n<p>Tania puntualiz\u00f3 que desde agosto del 2022 el luchador profesional quien en la actualidad es patrocinado por varias marcas y su fama ha crecido, la demand\u00f3 a ella para solicitar la custodia del menor, posteriormente intent\u00f3 ampararse para evitar pagar la cantidad de que le impuso el juez ya que a su consideraci\u00f3n es una suma mayor a las necesidades de su hijo.&nbsp;<\/p>\n\n\n\n<p>Tania Montero explic\u00f3 que la violencia que ha vivido tambi\u00e9n han sido partes miembros de la familia de Lazy Boy, quienes la han acosado y amedrentado para exigirle que retire la denuncia penal y la demanda de pensi\u00f3n alimentaria.&nbsp;<\/p>\n\n\n\n<p>Incluso, a\u00f1adi\u00f3 que ha sido victima de acoso sexual por el padre de Lazy Boy y amedrentada por la actual pareja del luchador.<\/p>\n\n\n\n<p>\u201cLa \u00faltima vez que vino fue a amedrentarme. ten\u00eda muchos meses que no nos da nada, \u00e9l cree que con eso come su hijo.\u00bb<\/p>\n\n\n\n<p>La joven explic\u00f3 que la demanda por violencia familiar no ha prosperado a pesar de que el peritaje que le realizaron se comprob\u00f3 que el luchar profesional ejerci\u00f3 violencia f\u00edsica en su contra.&nbsp;<\/p>\n\n\n\n<p>Ante esto y la negativa de cumplir con la pensi\u00f3n, explic\u00f3 que en los pr\u00f3ximas d\u00edas estar\u00e1 solicitando al juez que su nombre sea registrado en el Registro Nacional de Obligaciones Alimentarias (RNOA) mecanismo que se implement\u00f3 en Veracruz a partir de noviembre del 2024.&nbsp;<\/p>\n\n\n\n<p>Cabe recordar que en la actualidad Lazy Boy es luchador profesional de la UFC y patrocinado por diversas marcas internacionales, tambi\u00e9n es uno de los favoritos del p\u00fablico quien se ha ganado fans gracias a su lenguaje jarocho.<\/p>\n","protected":false},"excerpt":{"rendered":"<p>\u2002\u2002\u00danete a nuestro canal&nbsp;\u2002\u2002\u2002\u2002\u2002\u2002&nbsp;\u2002\u2002\u2002\u2002\u2002\u2002&nbsp; \u00a1LOS POL\u00cdTICOS VERACRUZ&nbsp;ya est\u00e1 en WhatsApp! Karla M\u00e9ndez&nbsp; El veracruzano y luchador profesional de las artes marciales mixtas Ronaldo Rodr\u00edguez, mejor conocido como Lazy Boy, fue denunciado ante la Fiscal\u00eda General del Estado(FGE), por violencia familiar en contra de su ex pareja y podr\u00eda ser inscrito pr\u00f3ximamente en el Registro Nacional [&hellip;]<\/p>\n","protected":false},"author":2,"featured_media":139908,"comment_status":"closed","ping_status":"closed","sticky":false,"template":"","format":"standard","meta":{"tdm_status":"","tdm_grid_status":"","footnotes":""},"categories":[6446],"tags":[41834,41835],"class_list":{"0":"post-139907","1":"post","2":"type-post","3":"status-publish","4":"format-standard","5":"has-post-thumbnail","7":"category-la-nota","8":"tag-lazy-boy","9":"tag-ronaldo-rodriguez"},"yoast_head":"<!-- This site is optimized with the Yoast SEO plugin v27.4 - https:\/\/yoast.com\/product\/yoast-seo-wordpress\/ -->\n<title>LAZY BOY, &quot;VALIENTE&quot; CAMPE\u00d3N! - Los pol\u00edticos Veracruz<\/title>\n<meta name=\"robots\" content=\"index, follow, max-snippet:-1, max-image-preview:large, max-video-preview:-1\" \/>\n<link rel=\"canonical\" href=\"https:\/\/lospoliticosveracruz.com\/?p=139907\" \/>\n<meta property=\"og:locale\" content=\"es_ES\" \/>\n<meta property=\"og:type\" content=\"article\" \/>\n<meta property=\"og:title\" content=\"LAZY BOY, &quot;VALIENTE&quot; CAMPE\u00d3N! - Los pol\u00edticos Veracruz\" \/>\n<meta property=\"og:description\" content=\"\u2002\u2002\u00danete a nuestro canal&nbsp;\u2002\u2002\u2002\u2002\u2002\u2002&nbsp;\u2002\u2002\u2002\u2002\u2002\u2002&nbsp; \u00a1LOS POL\u00cdTICOS VERACRUZ&nbsp;ya est\u00e1 en WhatsApp! Karla M\u00e9ndez&nbsp; El veracruzano y luchador profesional de las artes marciales mixtas Ronaldo Rodr\u00edguez, mejor conocido como Lazy Boy, fue denunciado ante la Fiscal\u00eda General del Estado(FGE), por violencia familiar en contra de su ex pareja y podr\u00eda ser inscrito pr\u00f3ximamente en el Registro Nacional [&hellip;]\" \/>\n<meta property=\"og:url\" content=\"https:\/\/lospoliticosveracruz.com\/?p=139907\" \/>\n<meta property=\"og:site_name\" content=\"Los pol\u00edticos Veracruz\" \/>\n<meta property=\"article:publisher\" content=\"https:\/\/www.facebook.com\/people\/Notimemes-de-los-Polticos\/61565672886568\/\" \/>\n<meta property=\"article:published_time\" content=\"2025-03-18T16:30:59+00:00\" \/>\n<meta property=\"article:modified_time\" content=\"2025-03-18T16:31:16+00:00\" \/>\n<meta property=\"og:image\" content=\"https:\/\/lospoliticosveracruz.com\/wp-content\/uploads\/2025\/03\/LAZY-BOY.jpg\" \/>\n\t<meta property=\"og:image:width\" content=\"600\" \/>\n\t<meta property=\"og:image:height\" content=\"320\" \/>\n\t<meta property=\"og:image:type\" content=\"image\/jpeg\" \/>\n<meta name=\"author\" content=\"Lo viste en Los Pol\u00edticos\" \/>\n<meta name=\"twitter:card\" content=\"summary_large_image\" \/>\n<meta name=\"twitter:creator\" content=\"@LosPoliticosVer\" \/>\n<meta name=\"twitter:site\" content=\"@LosPoliticosVer\" \/>\n<meta name=\"twitter:label1\" content=\"Escrito por\" \/>\n\t<meta name=\"twitter:data1\" content=\"Lo viste en Los Pol\u00edticos\" \/>\n\t<meta name=\"twitter:label2\" content=\"Tiempo de lectura\" \/>\n\t<meta name=\"twitter:data2\" content=\"3 minutos\" \/>\n<script type=\"application\/ld+json\" class=\"yoast-schema-graph\">{\"@context\":\"https:\\\/\\\/schema.org\",\"@graph\":[{\"@type\":\"Article\",\"@id\":\"https:\\\/\\\/lospoliticosveracruz.com\\\/?p=139907#article\",\"isPartOf\":{\"@id\":\"https:\\\/\\\/lospoliticosveracruz.com\\\/?p=139907\"},\"author\":{\"name\":\"Lo viste en Los Pol\u00edticos\",\"@id\":\"https:\\\/\\\/lospoliticosveracruz.com\\\/#\\\/schema\\\/person\\\/b8702bb0e538456e6efd07080bf2a4a2\"},\"headline\":\"LAZY BOY, \u00abVALIENTE\u00bb CAMPE\u00d3N!\",\"datePublished\":\"2025-03-18T16:30:59+00:00\",\"dateModified\":\"2025-03-18T16:31:16+00:00\",\"mainEntityOfPage\":{\"@id\":\"https:\\\/\\\/lospoliticosveracruz.com\\\/?p=139907\"},\"wordCount\":609,\"publisher\":{\"@id\":\"https:\\\/\\\/lospoliticosveracruz.com\\\/#organization\"},\"image\":{\"@id\":\"https:\\\/\\\/lospoliticosveracruz.com\\\/?p=139907#primaryimage\"},\"thumbnailUrl\":\"https:\\\/\\\/lospoliticosveracruz.com\\\/wp-content\\\/uploads\\\/2025\\\/03\\\/LAZY-BOY.jpg\",\"keywords\":[\"Lazy Boy\",\"Ronaldo Rodr\u00edguez\"],\"articleSection\":[\"La Nota\"],\"inLanguage\":\"es\"},{\"@type\":\"WebPage\",\"@id\":\"https:\\\/\\\/lospoliticosveracruz.com\\\/?p=139907\",\"url\":\"https:\\\/\\\/lospoliticosveracruz.com\\\/?p=139907\",\"name\":\"LAZY BOY, \\\"VALIENTE\\\" CAMPE\u00d3N! - Los pol\u00edticos Veracruz\",\"isPartOf\":{\"@id\":\"https:\\\/\\\/lospoliticosveracruz.com\\\/#website\"},\"primaryImageOfPage\":{\"@id\":\"https:\\\/\\\/lospoliticosveracruz.com\\\/?p=139907#primaryimage\"},\"image\":{\"@id\":\"https:\\\/\\\/lospoliticosveracruz.com\\\/?p=139907#primaryimage\"},\"thumbnailUrl\":\"https:\\\/\\\/lospoliticosveracruz.com\\\/wp-content\\\/uploads\\\/2025\\\/03\\\/LAZY-BOY.jpg\",\"datePublished\":\"2025-03-18T16:30:59+00:00\",\"dateModified\":\"2025-03-18T16:31:16+00:00\",\"breadcrumb\":{\"@id\":\"https:\\\/\\\/lospoliticosveracruz.com\\\/?p=139907#breadcrumb\"},\"inLanguage\":\"es\",\"potentialAction\":[{\"@type\":\"ReadAction\",\"target\":[\"https:\\\/\\\/lospoliticosveracruz.com\\\/?p=139907\"]}]},{\"@type\":\"ImageObject\",\"inLanguage\":\"es\",\"@id\":\"https:\\\/\\\/lospoliticosveracruz.com\\\/?p=139907#primaryimage\",\"url\":\"https:\\\/\\\/lospoliticosveracruz.com\\\/wp-content\\\/uploads\\\/2025\\\/03\\\/LAZY-BOY.jpg\",\"contentUrl\":\"https:\\\/\\\/lospoliticosveracruz.com\\\/wp-content\\\/uploads\\\/2025\\\/03\\\/LAZY-BOY.jpg\",\"width\":600,\"height\":320},{\"@type\":\"BreadcrumbList\",\"@id\":\"https:\\\/\\\/lospoliticosveracruz.com\\\/?p=139907#breadcrumb\",\"itemListElement\":[{\"@type\":\"ListItem\",\"position\":1,\"name\":\"Portada\",\"item\":\"https:\\\/\\\/lospoliticosveracruz.com\\\/\"},{\"@type\":\"ListItem\",\"position\":2,\"name\":\"LAZY BOY, \u00abVALIENTE\u00bb CAMPE\u00d3N!\"}]},{\"@type\":\"WebSite\",\"@id\":\"https:\\\/\\\/lospoliticosveracruz.com\\\/#website\",\"url\":\"https:\\\/\\\/lospoliticosveracruz.com\\\/\",\"name\":\"Los pol\u00edticos Veracruz\",\"description\":\"\",\"publisher\":{\"@id\":\"https:\\\/\\\/lospoliticosveracruz.com\\\/#organization\"},\"potentialAction\":[{\"@type\":\"SearchAction\",\"target\":{\"@type\":\"EntryPoint\",\"urlTemplate\":\"https:\\\/\\\/lospoliticosveracruz.com\\\/?s={search_term_string}\"},\"query-input\":{\"@type\":\"PropertyValueSpecification\",\"valueRequired\":true,\"valueName\":\"search_term_string\"}}],\"inLanguage\":\"es\"},{\"@type\":\"Organization\",\"@id\":\"https:\\\/\\\/lospoliticosveracruz.com\\\/#organization\",\"name\":\"Los pol\u00edticos Veracruz\",\"url\":\"https:\\\/\\\/lospoliticosveracruz.com\\\/\",\"logo\":{\"@type\":\"ImageObject\",\"inLanguage\":\"es\",\"@id\":\"https:\\\/\\\/lospoliticosveracruz.com\\\/#\\\/schema\\\/logo\\\/image\\\/\",\"url\":\"https:\\\/\\\/lospoliticosveracruz.com\\\/wp-content\\\/uploads\\\/2025\\\/12\\\/Logo-Nuevo-LOS-POLITICOS-1.jpg\",\"contentUrl\":\"https:\\\/\\\/lospoliticosveracruz.com\\\/wp-content\\\/uploads\\\/2025\\\/12\\\/Logo-Nuevo-LOS-POLITICOS-1.jpg\",\"width\":260,\"height\":70,\"caption\":\"Los pol\u00edticos Veracruz\"},\"image\":{\"@id\":\"https:\\\/\\\/lospoliticosveracruz.com\\\/#\\\/schema\\\/logo\\\/image\\\/\"},\"sameAs\":[\"https:\\\/\\\/www.facebook.com\\\/people\\\/Notimemes-de-los-Polticos\\\/61565672886568\\\/\",\"https:\\\/\\\/x.com\\\/LosPoliticosVer\"]},{\"@type\":\"Person\",\"@id\":\"https:\\\/\\\/lospoliticosveracruz.com\\\/#\\\/schema\\\/person\\\/b8702bb0e538456e6efd07080bf2a4a2\",\"name\":\"Lo viste en Los Pol\u00edticos\",\"image\":{\"@type\":\"ImageObject\",\"inLanguage\":\"es\",\"@id\":\"https:\\\/\\\/secure.gravatar.com\\\/avatar\\\/3a8de04a2656d44082be478bd6c086daa447c4651605818287b9532d3d0bd435?s=96&d=mm&r=g\",\"url\":\"https:\\\/\\\/secure.gravatar.com\\\/avatar\\\/3a8de04a2656d44082be478bd6c086daa447c4651605818287b9532d3d0bd435?s=96&d=mm&r=g\",\"contentUrl\":\"https:\\\/\\\/secure.gravatar.com\\\/avatar\\\/3a8de04a2656d44082be478bd6c086daa447c4651605818287b9532d3d0bd435?s=96&d=mm&r=g\",\"caption\":\"Lo viste en Los Pol\u00edticos\"},\"url\":\"https:\\\/\\\/lospoliticosveracruz.com\\\/?author=2\"}]}<\/script>\n<!-- \/ Yoast SEO plugin. -->","yoast_head_json":{"title":"LAZY BOY, \"VALIENTE\" CAMPE\u00d3N! - Los pol\u00edticos Veracruz","robots":{"index":"index","follow":"follow","max-snippet":"max-snippet:-1","max-image-preview":"max-image-preview:large","max-video-preview":"max-video-preview:-1"},"canonical":"https:\/\/lospoliticosveracruz.com\/?p=139907","og_locale":"es_ES","og_type":"article","og_title":"LAZY BOY, \"VALIENTE\" CAMPE\u00d3N! - Los pol\u00edticos Veracruz","og_description":"\u2002\u2002\u00danete a nuestro canal&nbsp;\u2002\u2002\u2002\u2002\u2002\u2002&nbsp;\u2002\u2002\u2002\u2002\u2002\u2002&nbsp; \u00a1LOS POL\u00cdTICOS VERACRUZ&nbsp;ya est\u00e1 en WhatsApp! Karla M\u00e9ndez&nbsp; El veracruzano y luchador profesional de las artes marciales mixtas Ronaldo Rodr\u00edguez, mejor conocido como Lazy Boy, fue denunciado ante la Fiscal\u00eda General del Estado(FGE), por violencia familiar en contra de su ex pareja y podr\u00eda ser inscrito pr\u00f3ximamente en el Registro Nacional [&hellip;]","og_url":"https:\/\/lospoliticosveracruz.com\/?p=139907","og_site_name":"Los pol\u00edticos Veracruz","article_publisher":"https:\/\/www.facebook.com\/people\/Notimemes-de-los-Polticos\/61565672886568\/","article_published_time":"2025-03-18T16:30:59+00:00","article_modified_time":"2025-03-18T16:31:16+00:00","og_image":[{"width":600,"height":320,"url":"https:\/\/lospoliticosveracruz.com\/wp-content\/uploads\/2025\/03\/LAZY-BOY.jpg","type":"image\/jpeg"}],"author":"Lo viste en Los Pol\u00edticos","twitter_card":"summary_large_image","twitter_creator":"@LosPoliticosVer","twitter_site":"@LosPoliticosVer","twitter_misc":{"Escrito por":"Lo viste en Los Pol\u00edticos","Tiempo de lectura":"3 minutos"},"schema":{"@context":"https:\/\/schema.org","@graph":[{"@type":"Article","@id":"https:\/\/lospoliticosveracruz.com\/?p=139907#article","isPartOf":{"@id":"https:\/\/lospoliticosveracruz.com\/?p=139907"},"author":{"name":"Lo viste en Los Pol\u00edticos","@id":"https:\/\/lospoliticosveracruz.com\/#\/schema\/person\/b8702bb0e538456e6efd07080bf2a4a2"},"headline":"LAZY BOY, \u00abVALIENTE\u00bb CAMPE\u00d3N!","datePublished":"2025-03-18T16:30:59+00:00","dateModified":"2025-03-18T16:31:16+00:00","mainEntityOfPage":{"@id":"https:\/\/lospoliticosveracruz.com\/?p=139907"},"wordCount":609,"publisher":{"@id":"https:\/\/lospoliticosveracruz.com\/#organization"},"image":{"@id":"https:\/\/lospoliticosveracruz.com\/?p=139907#primaryimage"},"thumbnailUrl":"https:\/\/lospoliticosveracruz.com\/wp-content\/uploads\/2025\/03\/LAZY-BOY.jpg","keywords":["Lazy Boy","Ronaldo Rodr\u00edguez"],"articleSection":["La Nota"],"inLanguage":"es"},{"@type":"WebPage","@id":"https:\/\/lospoliticosveracruz.com\/?p=139907","url":"https:\/\/lospoliticosveracruz.com\/?p=139907","name":"LAZY BOY, \"VALIENTE\" CAMPE\u00d3N! - Los pol\u00edticos Veracruz","isPartOf":{"@id":"https:\/\/lospoliticosveracruz.com\/#website"},"primaryImageOfPage":{"@id":"https:\/\/lospoliticosveracruz.com\/?p=139907#primaryimage"},"image":{"@id":"https:\/\/lospoliticosveracruz.com\/?p=139907#primaryimage"},"thumbnailUrl":"https:\/\/lospoliticosveracruz.com\/wp-content\/uploads\/2025\/03\/LAZY-BOY.jpg","datePublished":"2025-03-18T16:30:59+00:00","dateModified":"2025-03-18T16:31:16+00:00","breadcrumb":{"@id":"https:\/\/lospoliticosveracruz.com\/?p=139907#breadcrumb"},"inLanguage":"es","potentialAction":[{"@type":"ReadAction","target":["https:\/\/lospoliticosveracruz.com\/?p=139907"]}]},{"@type":"ImageObject","inLanguage":"es","@id":"https:\/\/lospoliticosveracruz.com\/?p=139907#primaryimage","url":"https:\/\/lospoliticosveracruz.com\/wp-content\/uploads\/2025\/03\/LAZY-BOY.jpg","contentUrl":"https:\/\/lospoliticosveracruz.com\/wp-content\/uploads\/2025\/03\/LAZY-BOY.jpg","width":600,"height":320},{"@type":"BreadcrumbList","@id":"https:\/\/lospoliticosveracruz.com\/?p=139907#breadcrumb","itemListElement":[{"@type":"ListItem","position":1,"name":"Portada","item":"https:\/\/lospoliticosveracruz.com\/"},{"@type":"ListItem","position":2,"name":"LAZY BOY, \u00abVALIENTE\u00bb CAMPE\u00d3N!"}]},{"@type":"WebSite","@id":"https:\/\/lospoliticosveracruz.com\/#website","url":"https:\/\/lospoliticosveracruz.com\/","name":"Los pol\u00edticos Veracruz","description":"","publisher":{"@id":"https:\/\/lospoliticosveracruz.com\/#organization"},"potentialAction":[{"@type":"SearchAction","target":{"@type":"EntryPoint","urlTemplate":"https:\/\/lospoliticosveracruz.com\/?s={search_term_string}"},"query-input":{"@type":"PropertyValueSpecification","valueRequired":true,"valueName":"search_term_string"}}],"inLanguage":"es"},{"@type":"Organization","@id":"https:\/\/lospoliticosveracruz.com\/#organization","name":"Los pol\u00edticos Veracruz","url":"https:\/\/lospoliticosveracruz.com\/","logo":{"@type":"ImageObject","inLanguage":"es","@id":"https:\/\/lospoliticosveracruz.com\/#\/schema\/logo\/image\/","url":"https:\/\/lospoliticosveracruz.com\/wp-content\/uploads\/2025\/12\/Logo-Nuevo-LOS-POLITICOS-1.jpg","contentUrl":"https:\/\/lospoliticosveracruz.com\/wp-content\/uploads\/2025\/12\/Logo-Nuevo-LOS-POLITICOS-1.jpg","width":260,"height":70,"caption":"Los pol\u00edticos Veracruz"},"image":{"@id":"https:\/\/lospoliticosveracruz.com\/#\/schema\/logo\/image\/"},"sameAs":["https:\/\/www.facebook.com\/people\/Notimemes-de-los-Polticos\/61565672886568\/","https:\/\/x.com\/LosPoliticosVer"]},{"@type":"Person","@id":"https:\/\/lospoliticosveracruz.com\/#\/schema\/person\/b8702bb0e538456e6efd07080bf2a4a2","name":"Lo viste en Los Pol\u00edticos","image":{"@type":"ImageObject","inLanguage":"es","@id":"https:\/\/secure.gravatar.com\/avatar\/3a8de04a2656d44082be478bd6c086daa447c4651605818287b9532d3d0bd435?s=96&d=mm&r=g","url":"https:\/\/secure.gravatar.com\/avatar\/3a8de04a2656d44082be478bd6c086daa447c4651605818287b9532d3d0bd435?s=96&d=mm&r=g","contentUrl":"https:\/\/secure.gravatar.com\/avatar\/3a8de04a2656d44082be478bd6c086daa447c4651605818287b9532d3d0bd435?s=96&d=mm&r=g","caption":"Lo viste en Los Pol\u00edticos"},"url":"https:\/\/lospoliticosveracruz.com\/?author=2"}]}},"_links":{"self":[{"href":"https:\/\/lospoliticosveracruz.com\/index.php?rest_route=\/wp\/v2\/posts\/139907","targetHints":{"allow":["GET"]}}],"collection":[{"href":"https:\/\/lospoliticosveracruz.com\/index.php?rest_route=\/wp\/v2\/posts"}],"about":[{"href":"https:\/\/lospoliticosveracruz.com\/index.php?rest_route=\/wp\/v2\/types\/post"}],"author":[{"embeddable":true,"href":"https:\/\/lospoliticosveracruz.com\/index.php?rest_route=\/wp\/v2\/users\/2"}],"replies":[{"embeddable":true,"href":"https:\/\/lospoliticosveracruz.com\/index.php?rest_route=%2Fwp%2Fv2%2Fcomments&post=139907"}],"version-history":[{"count":1,"href":"https:\/\/lospoliticosveracruz.com\/index.php?rest_route=\/wp\/v2\/posts\/139907\/revisions"}],"predecessor-version":[{"id":139909,"href":"https:\/\/lospoliticosveracruz.com\/index.php?rest_route=\/wp\/v2\/posts\/139907\/revisions\/139909"}],"wp:featuredmedia":[{"embeddable":true,"href":"https:\/\/lospoliticosveracruz.com\/index.php?rest_route=\/wp\/v2\/media\/139908"}],"wp:attachment":[{"href":"https:\/\/lospoliticosveracruz.com\/index.php?rest_route=%2Fwp%2Fv2%2Fmedia&parent=139907"}],"wp:term":[{"taxonomy":"category","embeddable":true,"href":"https:\/\/lospoliticosveracruz.com\/index.php?rest_route=%2Fwp%2Fv2%2Fcategories&post=139907"},{"taxonomy":"post_tag","embeddable":true,"href":"https:\/\/lospoliticosveracruz.com\/index.php?rest_route=%2Fwp%2Fv2%2Ftags&post=139907"}],"curies":[{"name":"wp","href":"https:\/\/api.w.org\/{rel}","templated":true}]}}