{"id":139970,"date":"2025-03-18T19:59:25","date_gmt":"2025-03-19T01:59:25","guid":{"rendered":"https:\/\/lospoliticosveracruz.com.mx\/?p=139970"},"modified":"2025-03-18T19:59:44","modified_gmt":"2025-03-19T01:59:44","slug":"el-buzon-fiscalizador","status":"publish","type":"post","link":"https:\/\/lospoliticosveracruz.com\/?p=139970","title":{"rendered":"EL BUZ\u00d3N FISCALIZADOR"},"content":{"rendered":"\n<p><a><\/a><a href=\"https:\/\/whatsapp.com\/channel\/0029Va8zRWlEKyZIP3Z1dF0e\"><strong>\u2002\u2002<\/strong><strong>\u00da<\/strong><strong>NETE A NUESTRO CANAL<\/strong><strong><\/strong><\/a><\/p>\n\n\n\n<p>\u00a1<a href=\"https:\/\/whatsapp.com\/channel\/0029Va8zRWlEKyZIP3Z1dF0e\"><strong>LOS POL\u00cd<\/strong><strong>TICOS VERACRUZ<\/strong><\/a> ya est\u00e1 en WhatsApp!<\/p>\n\n\n\n<p><strong>Jos\u00e9 Luis Enr\u00edquez Ambell<br><\/strong><em>Caf\u00e9 de Ma\u00f1ana<br><\/em><\/p>\n\n\n\n<p>En Veracruz, la fiscalizaci\u00f3n no s\u00f3lo es un mandato legal, sino una necesidad imperante para garantizar el buen uso de los recursos p\u00fablicos.<\/p>\n\n\n\n<p>Ahora que se acerca la entrega de las cuentas p\u00fablicas municipales y la \u00faltima del gobierno sexenal de Cuitl\u00e1huac Garc\u00eda, la propuesta de la titular del ORFIS Mtra. Delia Cobos, para la implementaci\u00f3n del Buz\u00f3n Fiscalizador, cobra una especial relevancia.<\/p>\n\n\n\n<p>Y es que el planteamiento es claro: digitalizar y modernizar la comunicaci\u00f3n entre los entes fiscalizables y el \u00f3rgano de fiscalizaci\u00f3n. Esto significa que alcaldes, secretarios, tesoreros y dem\u00e1s servidores p\u00fablicos deber\u00e1n responder a observaciones y requerimientos mediante una plataforma electr\u00f3nica con firma digital certificada.<\/p>\n\n\n\n<p>La idea no es nueva. Ya otros estados como Jalisco, Guanajuato y Quer\u00e9taro han dado este paso con buenos resultados. Lo que s\u00ed es nuevo, es el contexto en el que se pretende aplicar en Veracruz: una transici\u00f3n de gobierno, fin de administraciones municipales y un c\u00famulo de observaciones pendientes que podr\u00edan derivar en mayores responsabilidades administrativas o incluso penales.<\/p>\n\n\n\n<p>No perdamos de vista que, en la \u00abCuenta P\u00fablica 2023\u00bb, el ORFIS detect\u00f3 un presunto da\u00f1o patrimonial de 1,700 millones de pesos. De esa cantidad, 280 millones corresponden al gobierno estatal y el resto a los municipios. \u00bfY qu\u00e9 significa esto? Que hay mucho que aclarar, sobre todo en \u00e1reas como Infraestructura y Obras P\u00fablicas, Salud, Educaci\u00f3n, entre otros sectores, donde los n\u00fameros simplemente no cuadran hasta ahora.<\/p>\n\n\n\n<p>El Buz\u00f3n Fiscalizador llega en un momento clave. Permitir\u00eda que los entes fiscalizables respondan de manera m\u00e1s \u00e1gil y transparente, adem\u00e1s de reducir tiempos y costos en los procesos de fiscalizaci\u00f3n. Pero tambi\u00e9n representa un desaf\u00edo: la resistencia al cambio y la posibilidad de que algunos intenten burlar la vigilancia digital.<\/p>\n\n\n\n<p>La rendici\u00f3n de cuentas ya no es opcional, y con la llegada de una nueva administraci\u00f3n estatal, es fundamental garantizar que los pendientes del actual gobierno queden bien documentados. Lo que pase en los pr\u00f3ximos meses marcar\u00e1 la pauta para el futuro de la fiscalizaci\u00f3n en Veracruz.<\/p>\n\n\n\n<p><strong>DE SOBREMESA<\/strong><\/p>\n\n\n\n<p>En unas horas arranca a toda m\u00e1quina la 26a edici\u00f3n de Cumbre Taj\u00edn 2025 en d\u00f3nde se mezcla la riqueza cultural Totonaca e hist\u00f3rica desde la Ciudad Sagrada de El TAJ\u00cdN, de Veracruz y M\u00e9xico para el Mundo, y en busca que este evento desde el Parque Tem\u00e1tico Takilhsukut resulte el \u00e9xito esperado.<\/p>\n\n\n\n<p>Del 19 al 22 de marzo, CUMBRE TAJ\u00cdN estar\u00e1 recibiendo y presentando a exponentes de la m\u00fasica como Alberto Barros, La Casetera, Ed\u00e9n Mu\u00f1oz, Eugenia Le\u00f3n, Guadalupe Pineda, La Santa Cecilia, Viento Florido y Tania Libertad as\u00ed como, a expresiones tradicionales que dan identidad al pueblo Totonaco, eventos que ponen a Veracruz de moda.<\/p>\n\n\n\n<p>La mezcla de la cultura y el turismo tambi\u00e9n enlazan con el desarrollo econ\u00f3mico, pues el patrimonio hist\u00f3rico y arqueol\u00f3gico que nos representa el Taj\u00edn ayudan a atraer visitantes y econom\u00eda.<\/p>\n\n\n\n<p>Los vestigios de nuestros antepasados ofrece \u00abel turismo cultural\u00bb, y desarrollo econ\u00f3mico, no s\u00f3lo en la regi\u00f3n del Totonacapan, como lo promueve la Gobernadora Roc\u00edo Nahle.<\/p>\n\n\n\n<p><strong>UN CAF\u00c9 LECHERO LIGHT<\/strong><\/p>\n\n\n\n<p>El plant\u00f3n de vecinos del Fraccionamiento Terranova ante la falta de agua, es una total responsabilidad del Ayuntamiento de Emiliano Zapata,- NO de la CMAS XALAPA &#8211; o sea, est\u00e1n fuera de lugar con todo respeto.<\/p>\n\n\n\n<p>El fraccionador edific\u00f3 m\u00e1s viviendas (2 o 3 veces m\u00e1s) de lo que en su momento Cmas Xalapa &#8211; as\u00ed se sabe &#8211; hab\u00eda otorgado con la factibilidad de agua y el Ayuntamiento de E. Zapata permiti\u00f3 y sigue permitiendo que sigan construyendo en ese fraccionamiento, sin considerar la soluci\u00f3n de suministro del agua.<\/p>\n\n\n\n<p>\u00abEl actual alcalde fue quien emiti\u00f3 las primeras autorizaciones de ese Fraccionamiento siendo en su momento Director de Desarrollo Urbano y el actual director sigue dando licencias.<\/p>\n\n\n\n<p>El fraccionador ha perforado 2 o 3 pozos y no ha encontrado suficiente agua. Tema para las autoridades fiscalizadoras; Peque\u00f1o$ detalle$<\/p>\n\n\n\n<p>\u00a1ES CUANTO!<\/p>\n\n\n\n<p>enriquezambell@gmail.com;<br>enamjl62@gmail.com<\/p>\n","protected":false},"excerpt":{"rendered":"<p>\u2002\u2002\u00daNETE A NUESTRO CANAL \u00a1LOS POL\u00cdTICOS VERACRUZ ya est\u00e1 en WhatsApp! Jos\u00e9 Luis Enr\u00edquez AmbellCaf\u00e9 de Ma\u00f1ana En Veracruz, la fiscalizaci\u00f3n no s\u00f3lo es un mandato legal, sino una necesidad imperante para garantizar el buen uso de los recursos p\u00fablicos. Ahora que se acerca la entrega de las cuentas p\u00fablicas municipales y la \u00faltima del [&hellip;]<\/p>\n","protected":false},"author":2,"featured_media":119814,"comment_status":"closed","ping_status":"closed","sticky":false,"template":"","format":"standard","meta":{"tdm_status":"","tdm_grid_status":"","footnotes":""},"categories":[70],"tags":[],"class_list":{"0":"post-139970","1":"post","2":"type-post","3":"status-publish","4":"format-standard","5":"has-post-thumbnail","7":"category-de-opinion"},"yoast_head":"<!-- This site is optimized with the Yoast SEO plugin v27.4 - https:\/\/yoast.com\/product\/yoast-seo-wordpress\/ -->\n<title>EL BUZ\u00d3N FISCALIZADOR - Los pol\u00edticos Veracruz<\/title>\n<meta name=\"robots\" content=\"index, follow, max-snippet:-1, max-image-preview:large, max-video-preview:-1\" \/>\n<link rel=\"canonical\" href=\"https:\/\/lospoliticosveracruz.com\/?p=139970\" \/>\n<meta property=\"og:locale\" content=\"es_ES\" \/>\n<meta property=\"og:type\" content=\"article\" \/>\n<meta property=\"og:title\" content=\"EL BUZ\u00d3N FISCALIZADOR - Los pol\u00edticos Veracruz\" \/>\n<meta property=\"og:description\" content=\"\u2002\u2002\u00daNETE A NUESTRO CANAL \u00a1LOS POL\u00cdTICOS VERACRUZ ya est\u00e1 en WhatsApp! Jos\u00e9 Luis Enr\u00edquez AmbellCaf\u00e9 de Ma\u00f1ana En Veracruz, la fiscalizaci\u00f3n no s\u00f3lo es un mandato legal, sino una necesidad imperante para garantizar el buen uso de los recursos p\u00fablicos. Ahora que se acerca la entrega de las cuentas p\u00fablicas municipales y la \u00faltima del [&hellip;]\" \/>\n<meta property=\"og:url\" content=\"https:\/\/lospoliticosveracruz.com\/?p=139970\" \/>\n<meta property=\"og:site_name\" content=\"Los pol\u00edticos Veracruz\" \/>\n<meta property=\"article:publisher\" content=\"https:\/\/www.facebook.com\/people\/Notimemes-de-los-Polticos\/61565672886568\/\" \/>\n<meta property=\"article:published_time\" content=\"2025-03-19T01:59:25+00:00\" \/>\n<meta property=\"article:modified_time\" content=\"2025-03-19T01:59:44+00:00\" \/>\n<meta property=\"og:image\" content=\"https:\/\/lospoliticosveracruz.com\/wp-content\/uploads\/2024\/03\/Ambell.jpg\" \/>\n\t<meta property=\"og:image:width\" content=\"1250\" \/>\n\t<meta property=\"og:image:height\" content=\"667\" \/>\n\t<meta property=\"og:image:type\" content=\"image\/jpeg\" \/>\n<meta name=\"author\" content=\"Lo viste en Los Pol\u00edticos\" \/>\n<meta name=\"twitter:card\" content=\"summary_large_image\" \/>\n<meta name=\"twitter:creator\" content=\"@LosPoliticosVer\" \/>\n<meta name=\"twitter:site\" content=\"@LosPoliticosVer\" \/>\n<meta name=\"twitter:label1\" content=\"Escrito por\" \/>\n\t<meta name=\"twitter:data1\" content=\"Lo viste en Los Pol\u00edticos\" \/>\n\t<meta name=\"twitter:label2\" content=\"Tiempo de lectura\" \/>\n\t<meta name=\"twitter:data2\" content=\"4 minutos\" \/>\n<script type=\"application\/ld+json\" class=\"yoast-schema-graph\">{\"@context\":\"https:\\\/\\\/schema.org\",\"@graph\":[{\"@type\":\"Article\",\"@id\":\"https:\\\/\\\/lospoliticosveracruz.com\\\/?p=139970#article\",\"isPartOf\":{\"@id\":\"https:\\\/\\\/lospoliticosveracruz.com\\\/?p=139970\"},\"author\":{\"name\":\"Lo viste en Los Pol\u00edticos\",\"@id\":\"https:\\\/\\\/lospoliticosveracruz.com\\\/#\\\/schema\\\/person\\\/b8702bb0e538456e6efd07080bf2a4a2\"},\"headline\":\"EL BUZ\u00d3N FISCALIZADOR\",\"datePublished\":\"2025-03-19T01:59:25+00:00\",\"dateModified\":\"2025-03-19T01:59:44+00:00\",\"mainEntityOfPage\":{\"@id\":\"https:\\\/\\\/lospoliticosveracruz.com\\\/?p=139970\"},\"wordCount\":730,\"publisher\":{\"@id\":\"https:\\\/\\\/lospoliticosveracruz.com\\\/#organization\"},\"image\":{\"@id\":\"https:\\\/\\\/lospoliticosveracruz.com\\\/?p=139970#primaryimage\"},\"thumbnailUrl\":\"https:\\\/\\\/lospoliticosveracruz.com\\\/wp-content\\\/uploads\\\/2024\\\/03\\\/Ambell.jpg\",\"articleSection\":[\"De Opini\u00f3n\"],\"inLanguage\":\"es\"},{\"@type\":\"WebPage\",\"@id\":\"https:\\\/\\\/lospoliticosveracruz.com\\\/?p=139970\",\"url\":\"https:\\\/\\\/lospoliticosveracruz.com\\\/?p=139970\",\"name\":\"EL BUZ\u00d3N FISCALIZADOR - Los pol\u00edticos Veracruz\",\"isPartOf\":{\"@id\":\"https:\\\/\\\/lospoliticosveracruz.com\\\/#website\"},\"primaryImageOfPage\":{\"@id\":\"https:\\\/\\\/lospoliticosveracruz.com\\\/?p=139970#primaryimage\"},\"image\":{\"@id\":\"https:\\\/\\\/lospoliticosveracruz.com\\\/?p=139970#primaryimage\"},\"thumbnailUrl\":\"https:\\\/\\\/lospoliticosveracruz.com\\\/wp-content\\\/uploads\\\/2024\\\/03\\\/Ambell.jpg\",\"datePublished\":\"2025-03-19T01:59:25+00:00\",\"dateModified\":\"2025-03-19T01:59:44+00:00\",\"breadcrumb\":{\"@id\":\"https:\\\/\\\/lospoliticosveracruz.com\\\/?p=139970#breadcrumb\"},\"inLanguage\":\"es\",\"potentialAction\":[{\"@type\":\"ReadAction\",\"target\":[\"https:\\\/\\\/lospoliticosveracruz.com\\\/?p=139970\"]}]},{\"@type\":\"ImageObject\",\"inLanguage\":\"es\",\"@id\":\"https:\\\/\\\/lospoliticosveracruz.com\\\/?p=139970#primaryimage\",\"url\":\"https:\\\/\\\/lospoliticosveracruz.com\\\/wp-content\\\/uploads\\\/2024\\\/03\\\/Ambell.jpg\",\"contentUrl\":\"https:\\\/\\\/lospoliticosveracruz.com\\\/wp-content\\\/uploads\\\/2024\\\/03\\\/Ambell.jpg\",\"width\":1250,\"height\":667},{\"@type\":\"BreadcrumbList\",\"@id\":\"https:\\\/\\\/lospoliticosveracruz.com\\\/?p=139970#breadcrumb\",\"itemListElement\":[{\"@type\":\"ListItem\",\"position\":1,\"name\":\"Portada\",\"item\":\"https:\\\/\\\/lospoliticosveracruz.com\\\/\"},{\"@type\":\"ListItem\",\"position\":2,\"name\":\"EL BUZ\u00d3N FISCALIZADOR\"}]},{\"@type\":\"WebSite\",\"@id\":\"https:\\\/\\\/lospoliticosveracruz.com\\\/#website\",\"url\":\"https:\\\/\\\/lospoliticosveracruz.com\\\/\",\"name\":\"Los pol\u00edticos Veracruz\",\"description\":\"\",\"publisher\":{\"@id\":\"https:\\\/\\\/lospoliticosveracruz.com\\\/#organization\"},\"potentialAction\":[{\"@type\":\"SearchAction\",\"target\":{\"@type\":\"EntryPoint\",\"urlTemplate\":\"https:\\\/\\\/lospoliticosveracruz.com\\\/?s={search_term_string}\"},\"query-input\":{\"@type\":\"PropertyValueSpecification\",\"valueRequired\":true,\"valueName\":\"search_term_string\"}}],\"inLanguage\":\"es\"},{\"@type\":\"Organization\",\"@id\":\"https:\\\/\\\/lospoliticosveracruz.com\\\/#organization\",\"name\":\"Los pol\u00edticos Veracruz\",\"url\":\"https:\\\/\\\/lospoliticosveracruz.com\\\/\",\"logo\":{\"@type\":\"ImageObject\",\"inLanguage\":\"es\",\"@id\":\"https:\\\/\\\/lospoliticosveracruz.com\\\/#\\\/schema\\\/logo\\\/image\\\/\",\"url\":\"https:\\\/\\\/lospoliticosveracruz.com\\\/wp-content\\\/uploads\\\/2025\\\/12\\\/Logo-Nuevo-LOS-POLITICOS-1.jpg\",\"contentUrl\":\"https:\\\/\\\/lospoliticosveracruz.com\\\/wp-content\\\/uploads\\\/2025\\\/12\\\/Logo-Nuevo-LOS-POLITICOS-1.jpg\",\"width\":260,\"height\":70,\"caption\":\"Los pol\u00edticos Veracruz\"},\"image\":{\"@id\":\"https:\\\/\\\/lospoliticosveracruz.com\\\/#\\\/schema\\\/logo\\\/image\\\/\"},\"sameAs\":[\"https:\\\/\\\/www.facebook.com\\\/people\\\/Notimemes-de-los-Polticos\\\/61565672886568\\\/\",\"https:\\\/\\\/x.com\\\/LosPoliticosVer\"]},{\"@type\":\"Person\",\"@id\":\"https:\\\/\\\/lospoliticosveracruz.com\\\/#\\\/schema\\\/person\\\/b8702bb0e538456e6efd07080bf2a4a2\",\"name\":\"Lo viste en Los Pol\u00edticos\",\"image\":{\"@type\":\"ImageObject\",\"inLanguage\":\"es\",\"@id\":\"https:\\\/\\\/secure.gravatar.com\\\/avatar\\\/3a8de04a2656d44082be478bd6c086daa447c4651605818287b9532d3d0bd435?s=96&d=mm&r=g\",\"url\":\"https:\\\/\\\/secure.gravatar.com\\\/avatar\\\/3a8de04a2656d44082be478bd6c086daa447c4651605818287b9532d3d0bd435?s=96&d=mm&r=g\",\"contentUrl\":\"https:\\\/\\\/secure.gravatar.com\\\/avatar\\\/3a8de04a2656d44082be478bd6c086daa447c4651605818287b9532d3d0bd435?s=96&d=mm&r=g\",\"caption\":\"Lo viste en Los Pol\u00edticos\"},\"url\":\"https:\\\/\\\/lospoliticosveracruz.com\\\/?author=2\"}]}<\/script>\n<!-- \/ Yoast SEO plugin. -->","yoast_head_json":{"title":"EL BUZ\u00d3N FISCALIZADOR - Los pol\u00edticos Veracruz","robots":{"index":"index","follow":"follow","max-snippet":"max-snippet:-1","max-image-preview":"max-image-preview:large","max-video-preview":"max-video-preview:-1"},"canonical":"https:\/\/lospoliticosveracruz.com\/?p=139970","og_locale":"es_ES","og_type":"article","og_title":"EL BUZ\u00d3N FISCALIZADOR - Los pol\u00edticos Veracruz","og_description":"\u2002\u2002\u00daNETE A NUESTRO CANAL \u00a1LOS POL\u00cdTICOS VERACRUZ ya est\u00e1 en WhatsApp! Jos\u00e9 Luis Enr\u00edquez AmbellCaf\u00e9 de Ma\u00f1ana En Veracruz, la fiscalizaci\u00f3n no s\u00f3lo es un mandato legal, sino una necesidad imperante para garantizar el buen uso de los recursos p\u00fablicos. Ahora que se acerca la entrega de las cuentas p\u00fablicas municipales y la \u00faltima del [&hellip;]","og_url":"https:\/\/lospoliticosveracruz.com\/?p=139970","og_site_name":"Los pol\u00edticos Veracruz","article_publisher":"https:\/\/www.facebook.com\/people\/Notimemes-de-los-Polticos\/61565672886568\/","article_published_time":"2025-03-19T01:59:25+00:00","article_modified_time":"2025-03-19T01:59:44+00:00","og_image":[{"width":1250,"height":667,"url":"https:\/\/lospoliticosveracruz.com\/wp-content\/uploads\/2024\/03\/Ambell.jpg","type":"image\/jpeg"}],"author":"Lo viste en Los Pol\u00edticos","twitter_card":"summary_large_image","twitter_creator":"@LosPoliticosVer","twitter_site":"@LosPoliticosVer","twitter_misc":{"Escrito por":"Lo viste en Los Pol\u00edticos","Tiempo de lectura":"4 minutos"},"schema":{"@context":"https:\/\/schema.org","@graph":[{"@type":"Article","@id":"https:\/\/lospoliticosveracruz.com\/?p=139970#article","isPartOf":{"@id":"https:\/\/lospoliticosveracruz.com\/?p=139970"},"author":{"name":"Lo viste en Los Pol\u00edticos","@id":"https:\/\/lospoliticosveracruz.com\/#\/schema\/person\/b8702bb0e538456e6efd07080bf2a4a2"},"headline":"EL BUZ\u00d3N FISCALIZADOR","datePublished":"2025-03-19T01:59:25+00:00","dateModified":"2025-03-19T01:59:44+00:00","mainEntityOfPage":{"@id":"https:\/\/lospoliticosveracruz.com\/?p=139970"},"wordCount":730,"publisher":{"@id":"https:\/\/lospoliticosveracruz.com\/#organization"},"image":{"@id":"https:\/\/lospoliticosveracruz.com\/?p=139970#primaryimage"},"thumbnailUrl":"https:\/\/lospoliticosveracruz.com\/wp-content\/uploads\/2024\/03\/Ambell.jpg","articleSection":["De Opini\u00f3n"],"inLanguage":"es"},{"@type":"WebPage","@id":"https:\/\/lospoliticosveracruz.com\/?p=139970","url":"https:\/\/lospoliticosveracruz.com\/?p=139970","name":"EL BUZ\u00d3N FISCALIZADOR - Los pol\u00edticos Veracruz","isPartOf":{"@id":"https:\/\/lospoliticosveracruz.com\/#website"},"primaryImageOfPage":{"@id":"https:\/\/lospoliticosveracruz.com\/?p=139970#primaryimage"},"image":{"@id":"https:\/\/lospoliticosveracruz.com\/?p=139970#primaryimage"},"thumbnailUrl":"https:\/\/lospoliticosveracruz.com\/wp-content\/uploads\/2024\/03\/Ambell.jpg","datePublished":"2025-03-19T01:59:25+00:00","dateModified":"2025-03-19T01:59:44+00:00","breadcrumb":{"@id":"https:\/\/lospoliticosveracruz.com\/?p=139970#breadcrumb"},"inLanguage":"es","potentialAction":[{"@type":"ReadAction","target":["https:\/\/lospoliticosveracruz.com\/?p=139970"]}]},{"@type":"ImageObject","inLanguage":"es","@id":"https:\/\/lospoliticosveracruz.com\/?p=139970#primaryimage","url":"https:\/\/lospoliticosveracruz.com\/wp-content\/uploads\/2024\/03\/Ambell.jpg","contentUrl":"https:\/\/lospoliticosveracruz.com\/wp-content\/uploads\/2024\/03\/Ambell.jpg","width":1250,"height":667},{"@type":"BreadcrumbList","@id":"https:\/\/lospoliticosveracruz.com\/?p=139970#breadcrumb","itemListElement":[{"@type":"ListItem","position":1,"name":"Portada","item":"https:\/\/lospoliticosveracruz.com\/"},{"@type":"ListItem","position":2,"name":"EL BUZ\u00d3N FISCALIZADOR"}]},{"@type":"WebSite","@id":"https:\/\/lospoliticosveracruz.com\/#website","url":"https:\/\/lospoliticosveracruz.com\/","name":"Los pol\u00edticos Veracruz","description":"","publisher":{"@id":"https:\/\/lospoliticosveracruz.com\/#organization"},"potentialAction":[{"@type":"SearchAction","target":{"@type":"EntryPoint","urlTemplate":"https:\/\/lospoliticosveracruz.com\/?s={search_term_string}"},"query-input":{"@type":"PropertyValueSpecification","valueRequired":true,"valueName":"search_term_string"}}],"inLanguage":"es"},{"@type":"Organization","@id":"https:\/\/lospoliticosveracruz.com\/#organization","name":"Los pol\u00edticos Veracruz","url":"https:\/\/lospoliticosveracruz.com\/","logo":{"@type":"ImageObject","inLanguage":"es","@id":"https:\/\/lospoliticosveracruz.com\/#\/schema\/logo\/image\/","url":"https:\/\/lospoliticosveracruz.com\/wp-content\/uploads\/2025\/12\/Logo-Nuevo-LOS-POLITICOS-1.jpg","contentUrl":"https:\/\/lospoliticosveracruz.com\/wp-content\/uploads\/2025\/12\/Logo-Nuevo-LOS-POLITICOS-1.jpg","width":260,"height":70,"caption":"Los pol\u00edticos Veracruz"},"image":{"@id":"https:\/\/lospoliticosveracruz.com\/#\/schema\/logo\/image\/"},"sameAs":["https:\/\/www.facebook.com\/people\/Notimemes-de-los-Polticos\/61565672886568\/","https:\/\/x.com\/LosPoliticosVer"]},{"@type":"Person","@id":"https:\/\/lospoliticosveracruz.com\/#\/schema\/person\/b8702bb0e538456e6efd07080bf2a4a2","name":"Lo viste en Los Pol\u00edticos","image":{"@type":"ImageObject","inLanguage":"es","@id":"https:\/\/secure.gravatar.com\/avatar\/3a8de04a2656d44082be478bd6c086daa447c4651605818287b9532d3d0bd435?s=96&d=mm&r=g","url":"https:\/\/secure.gravatar.com\/avatar\/3a8de04a2656d44082be478bd6c086daa447c4651605818287b9532d3d0bd435?s=96&d=mm&r=g","contentUrl":"https:\/\/secure.gravatar.com\/avatar\/3a8de04a2656d44082be478bd6c086daa447c4651605818287b9532d3d0bd435?s=96&d=mm&r=g","caption":"Lo viste en Los Pol\u00edticos"},"url":"https:\/\/lospoliticosveracruz.com\/?author=2"}]}},"_links":{"self":[{"href":"https:\/\/lospoliticosveracruz.com\/index.php?rest_route=\/wp\/v2\/posts\/139970","targetHints":{"allow":["GET"]}}],"collection":[{"href":"https:\/\/lospoliticosveracruz.com\/index.php?rest_route=\/wp\/v2\/posts"}],"about":[{"href":"https:\/\/lospoliticosveracruz.com\/index.php?rest_route=\/wp\/v2\/types\/post"}],"author":[{"embeddable":true,"href":"https:\/\/lospoliticosveracruz.com\/index.php?rest_route=\/wp\/v2\/users\/2"}],"replies":[{"embeddable":true,"href":"https:\/\/lospoliticosveracruz.com\/index.php?rest_route=%2Fwp%2Fv2%2Fcomments&post=139970"}],"version-history":[{"count":2,"href":"https:\/\/lospoliticosveracruz.com\/index.php?rest_route=\/wp\/v2\/posts\/139970\/revisions"}],"predecessor-version":[{"id":139972,"href":"https:\/\/lospoliticosveracruz.com\/index.php?rest_route=\/wp\/v2\/posts\/139970\/revisions\/139972"}],"wp:featuredmedia":[{"embeddable":true,"href":"https:\/\/lospoliticosveracruz.com\/index.php?rest_route=\/wp\/v2\/media\/119814"}],"wp:attachment":[{"href":"https:\/\/lospoliticosveracruz.com\/index.php?rest_route=%2Fwp%2Fv2%2Fmedia&parent=139970"}],"wp:term":[{"taxonomy":"category","embeddable":true,"href":"https:\/\/lospoliticosveracruz.com\/index.php?rest_route=%2Fwp%2Fv2%2Fcategories&post=139970"},{"taxonomy":"post_tag","embeddable":true,"href":"https:\/\/lospoliticosveracruz.com\/index.php?rest_route=%2Fwp%2Fv2%2Ftags&post=139970"}],"curies":[{"name":"wp","href":"https:\/\/api.w.org\/{rel}","templated":true}]}}