{"id":139973,"date":"2025-03-18T20:30:57","date_gmt":"2025-03-19T02:30:57","guid":{"rendered":"https:\/\/lospoliticosveracruz.com.mx\/?p=139973"},"modified":"2025-03-18T20:31:10","modified_gmt":"2025-03-19T02:31:10","slug":"veracruz-los-planes-de-pemex-en-materia-energetica","status":"publish","type":"post","link":"https:\/\/lospoliticosveracruz.com\/?p=139973","title":{"rendered":"VERACRUZ: LOS PLANES DE PEMEX EN MATERIA ENERG\u00c9TICA"},"content":{"rendered":"\n<p><\/p>\n\n\n\n<ul class=\"wp-block-list\">\n<li><a href=\"https:\/\/whatsapp.com\/channel\/0029Va8zRWlEKyZIP3Z1dF0e\"><strong>\u2002\u2002<\/strong><strong>\u00da<\/strong><strong>NETE A NUESTRO CANAL<\/strong><\/a><\/li>\n\n\n\n<li>\u00a1<a href=\"https:\/\/whatsapp.com\/channel\/0029Va8zRWlEKyZIP3Z1dF0e\"><strong>LOS POL\u00cd<\/strong><strong>TICOS VERACRUZ<\/strong><\/a> ya est\u00e1 en WhatsApp!<\/li>\n<\/ul>\n\n\n\n<p><strong>Jos\u00e9 Luis Ortega Vidal<br><\/strong><em>Claroscuros<\/em><\/p>\n\n\n\n<p>El veinte de agosto del 2024, trascendi\u00f3 el anuncio del presidente Andr\u00e9s Manuel L\u00f3pez Obrador sobre la construcci\u00f3n de una f\u00e1brica de fertilizantes en Poza Rica de Hidalgo, Veracruz.<br>El diario MILENIO public\u00f3 una nota firmada por el reportero Jordan Saucedo, donde se lee:<\/p>\n\n\n\n<p>\u201cPara lograr una mayor autosuficiencia en producci\u00f3n de fertilizantes, y generar empleos, Petr\u00f3leos Mexicanos (Pemex) y la firma industrial portuguesa Mota Engil, construir\u00e1n una nueva planta en Poza Rica, Veracruz.<br>El presidente de la Rep\u00fablica Andr\u00e9s Manuel L\u00f3pez Obrador destac\u00f3 que la construcci\u00f3n y puesta en marcha de esta nueva instalaci\u00f3n contribuir\u00e1 a la generaci\u00f3n de empleos y autosuficiencia del pa\u00eds en la producci\u00f3n de fertilizantes.<br>\u00b4Ya van a comenzar la construcci\u00f3n de la planta de fertilizantes en Poza Rica, esto va a generar muchos empleos y yo espero que este proyecto se replique\u00b4, dijo\u201d.<\/p>\n\n\n\n<p>(2)<br>Dos meses m\u00e1s tarde, el ocho de octubre, la entonces gobernadora electa Roc\u00edo Nahle Garc\u00eda se reuni\u00f3 en Boca del R\u00edo con Joao Pedro Parreira, presidente y director ejecutivo de Mota-Engil Latinoam\u00e9rica.<\/p>\n\n\n\n<p>Un bolet\u00edn de aquel encuentro dio a conocer lo siguiente:<\/p>\n\n\n\n<p>\u201cBienvenidas las inversiones a #Veracruz<br>La empresa @motaengilmexico invierte en la construcci\u00f3n del complejo de amon\u00edaco-urea en las instalaciones de Pemex \u201cEscolin\u201d en Poza Rica. Fertilizantes para el campo mexicano. Una inversi\u00f3n de m\u00e1s de 3 mil mdd.\u201d, inform\u00f3 en sus plataformas digitales.<br>Pemex y Mota Engil Latinoam\u00e9rica comenzar\u00e1n la construcci\u00f3n de esta planta de fertilizantes en Poza Rica para aumentar la autosuficiencia nacional de fertilizantes, crear entre 3 y 5 mil empleos formales as\u00ed como un importante desarrollo econ\u00f3mico.\u201d<\/p>\n\n\n\n<p>(3)<br>El doce de febrero del 2025, V\u00edctor Rodr\u00edguez Padilla -nombrado director de Petr\u00f3leos Mexicanos por la presidenta Claudia Sheinbaum- dio a conocer en La Ma\u00f1anera el plan estrat\u00e9gico de trabajo 2025 \u2013 2030 de PEMEX.<br>Dicho plan contempla los temas clave: Petr\u00f3leo, Gas y Fertilizante, para cumplir el objetivo de la soberan\u00eda energ\u00e9tica nacional.<br>Veracruz aparece en dicho escenario que incluye siete l\u00edneas estrat\u00e9gicas: exploraci\u00f3n focalizada, producci\u00f3n sustentable, refinaci\u00f3n suficiente, fertilizante, petroqu\u00edmica, log\u00edstica segura, energ\u00eda limpia y financiamiento.<br>En el rubro de incremento de reservas de petr\u00f3leo se proyecta explorar 269 pozos, con la perspectiva de hallar 2 mil millones de barriles de crudo.<br>CONTINUAR\u00c1<\/p>\n","protected":false},"excerpt":{"rendered":"<p>Jos\u00e9 Luis Ortega VidalClaroscuros El veinte de agosto del 2024, trascendi\u00f3 el anuncio del presidente Andr\u00e9s Manuel L\u00f3pez Obrador sobre la construcci\u00f3n de una f\u00e1brica de fertilizantes en Poza Rica de Hidalgo, Veracruz.El diario MILENIO public\u00f3 una nota firmada por el reportero Jordan Saucedo, donde se lee: \u201cPara lograr una mayor autosuficiencia en producci\u00f3n de [&hellip;]<\/p>\n","protected":false},"author":2,"featured_media":119931,"comment_status":"closed","ping_status":"closed","sticky":false,"template":"","format":"standard","meta":{"tdm_status":"","tdm_grid_status":"","footnotes":""},"categories":[70],"tags":[2769],"class_list":{"0":"post-139973","1":"post","2":"type-post","3":"status-publish","4":"format-standard","5":"has-post-thumbnail","7":"category-de-opinion","8":"tag-jose-luis-ortega-vidal"},"yoast_head":"<!-- This site is optimized with the Yoast SEO plugin v27.4 - https:\/\/yoast.com\/product\/yoast-seo-wordpress\/ -->\n<title>VERACRUZ: LOS PLANES DE PEMEX EN MATERIA ENERG\u00c9TICA - Los pol\u00edticos Veracruz<\/title>\n<meta name=\"robots\" content=\"index, follow, max-snippet:-1, max-image-preview:large, max-video-preview:-1\" \/>\n<link rel=\"canonical\" href=\"https:\/\/lospoliticosveracruz.com\/?p=139973\" \/>\n<meta property=\"og:locale\" content=\"es_ES\" \/>\n<meta property=\"og:type\" content=\"article\" \/>\n<meta property=\"og:title\" content=\"VERACRUZ: LOS PLANES DE PEMEX EN MATERIA ENERG\u00c9TICA - Los pol\u00edticos Veracruz\" \/>\n<meta property=\"og:description\" content=\"Jos\u00e9 Luis Ortega VidalClaroscuros El veinte de agosto del 2024, trascendi\u00f3 el anuncio del presidente Andr\u00e9s Manuel L\u00f3pez Obrador sobre la construcci\u00f3n de una f\u00e1brica de fertilizantes en Poza Rica de Hidalgo, Veracruz.El diario MILENIO public\u00f3 una nota firmada por el reportero Jordan Saucedo, donde se lee: \u201cPara lograr una mayor autosuficiencia en producci\u00f3n de [&hellip;]\" \/>\n<meta property=\"og:url\" content=\"https:\/\/lospoliticosveracruz.com\/?p=139973\" \/>\n<meta property=\"og:site_name\" content=\"Los pol\u00edticos Veracruz\" \/>\n<meta property=\"article:publisher\" content=\"https:\/\/www.facebook.com\/people\/Notimemes-de-los-Polticos\/61565672886568\/\" \/>\n<meta property=\"article:published_time\" content=\"2025-03-19T02:30:57+00:00\" \/>\n<meta property=\"article:modified_time\" content=\"2025-03-19T02:31:10+00:00\" \/>\n<meta property=\"og:image\" content=\"https:\/\/lospoliticosveracruz.com\/wp-content\/uploads\/2024\/03\/Jose-Luis-Ortega-Vidal.jpg\" \/>\n\t<meta property=\"og:image:width\" content=\"1250\" \/>\n\t<meta property=\"og:image:height\" content=\"667\" \/>\n\t<meta property=\"og:image:type\" content=\"image\/jpeg\" \/>\n<meta name=\"author\" content=\"Lo viste en Los Pol\u00edticos\" \/>\n<meta name=\"twitter:card\" content=\"summary_large_image\" \/>\n<meta name=\"twitter:creator\" content=\"@LosPoliticosVer\" \/>\n<meta name=\"twitter:site\" content=\"@LosPoliticosVer\" \/>\n<meta name=\"twitter:label1\" content=\"Escrito por\" \/>\n\t<meta name=\"twitter:data1\" content=\"Lo viste en Los Pol\u00edticos\" \/>\n\t<meta name=\"twitter:label2\" content=\"Tiempo de lectura\" \/>\n\t<meta name=\"twitter:data2\" content=\"2 minutos\" \/>\n<script type=\"application\/ld+json\" class=\"yoast-schema-graph\">{\"@context\":\"https:\\\/\\\/schema.org\",\"@graph\":[{\"@type\":\"Article\",\"@id\":\"https:\\\/\\\/lospoliticosveracruz.com\\\/?p=139973#article\",\"isPartOf\":{\"@id\":\"https:\\\/\\\/lospoliticosveracruz.com\\\/?p=139973\"},\"author\":{\"name\":\"Lo viste en Los Pol\u00edticos\",\"@id\":\"https:\\\/\\\/lospoliticosveracruz.com\\\/#\\\/schema\\\/person\\\/b8702bb0e538456e6efd07080bf2a4a2\"},\"headline\":\"VERACRUZ: LOS PLANES DE PEMEX EN MATERIA ENERG\u00c9TICA\",\"datePublished\":\"2025-03-19T02:30:57+00:00\",\"dateModified\":\"2025-03-19T02:31:10+00:00\",\"mainEntityOfPage\":{\"@id\":\"https:\\\/\\\/lospoliticosveracruz.com\\\/?p=139973\"},\"wordCount\":428,\"publisher\":{\"@id\":\"https:\\\/\\\/lospoliticosveracruz.com\\\/#organization\"},\"image\":{\"@id\":\"https:\\\/\\\/lospoliticosveracruz.com\\\/?p=139973#primaryimage\"},\"thumbnailUrl\":\"https:\\\/\\\/lospoliticosveracruz.com\\\/wp-content\\\/uploads\\\/2024\\\/03\\\/Jose-Luis-Ortega-Vidal.jpg\",\"keywords\":[\"Jos\u00e9 Luis Ortega Vidal\"],\"articleSection\":[\"De Opini\u00f3n\"],\"inLanguage\":\"es\"},{\"@type\":\"WebPage\",\"@id\":\"https:\\\/\\\/lospoliticosveracruz.com\\\/?p=139973\",\"url\":\"https:\\\/\\\/lospoliticosveracruz.com\\\/?p=139973\",\"name\":\"VERACRUZ: LOS PLANES DE PEMEX EN MATERIA ENERG\u00c9TICA - Los pol\u00edticos Veracruz\",\"isPartOf\":{\"@id\":\"https:\\\/\\\/lospoliticosveracruz.com\\\/#website\"},\"primaryImageOfPage\":{\"@id\":\"https:\\\/\\\/lospoliticosveracruz.com\\\/?p=139973#primaryimage\"},\"image\":{\"@id\":\"https:\\\/\\\/lospoliticosveracruz.com\\\/?p=139973#primaryimage\"},\"thumbnailUrl\":\"https:\\\/\\\/lospoliticosveracruz.com\\\/wp-content\\\/uploads\\\/2024\\\/03\\\/Jose-Luis-Ortega-Vidal.jpg\",\"datePublished\":\"2025-03-19T02:30:57+00:00\",\"dateModified\":\"2025-03-19T02:31:10+00:00\",\"breadcrumb\":{\"@id\":\"https:\\\/\\\/lospoliticosveracruz.com\\\/?p=139973#breadcrumb\"},\"inLanguage\":\"es\",\"potentialAction\":[{\"@type\":\"ReadAction\",\"target\":[\"https:\\\/\\\/lospoliticosveracruz.com\\\/?p=139973\"]}]},{\"@type\":\"ImageObject\",\"inLanguage\":\"es\",\"@id\":\"https:\\\/\\\/lospoliticosveracruz.com\\\/?p=139973#primaryimage\",\"url\":\"https:\\\/\\\/lospoliticosveracruz.com\\\/wp-content\\\/uploads\\\/2024\\\/03\\\/Jose-Luis-Ortega-Vidal.jpg\",\"contentUrl\":\"https:\\\/\\\/lospoliticosveracruz.com\\\/wp-content\\\/uploads\\\/2024\\\/03\\\/Jose-Luis-Ortega-Vidal.jpg\",\"width\":1250,\"height\":667},{\"@type\":\"BreadcrumbList\",\"@id\":\"https:\\\/\\\/lospoliticosveracruz.com\\\/?p=139973#breadcrumb\",\"itemListElement\":[{\"@type\":\"ListItem\",\"position\":1,\"name\":\"Portada\",\"item\":\"https:\\\/\\\/lospoliticosveracruz.com\\\/\"},{\"@type\":\"ListItem\",\"position\":2,\"name\":\"VERACRUZ: LOS PLANES DE PEMEX EN MATERIA ENERG\u00c9TICA\"}]},{\"@type\":\"WebSite\",\"@id\":\"https:\\\/\\\/lospoliticosveracruz.com\\\/#website\",\"url\":\"https:\\\/\\\/lospoliticosveracruz.com\\\/\",\"name\":\"Los pol\u00edticos Veracruz\",\"description\":\"\",\"publisher\":{\"@id\":\"https:\\\/\\\/lospoliticosveracruz.com\\\/#organization\"},\"potentialAction\":[{\"@type\":\"SearchAction\",\"target\":{\"@type\":\"EntryPoint\",\"urlTemplate\":\"https:\\\/\\\/lospoliticosveracruz.com\\\/?s={search_term_string}\"},\"query-input\":{\"@type\":\"PropertyValueSpecification\",\"valueRequired\":true,\"valueName\":\"search_term_string\"}}],\"inLanguage\":\"es\"},{\"@type\":\"Organization\",\"@id\":\"https:\\\/\\\/lospoliticosveracruz.com\\\/#organization\",\"name\":\"Los pol\u00edticos Veracruz\",\"url\":\"https:\\\/\\\/lospoliticosveracruz.com\\\/\",\"logo\":{\"@type\":\"ImageObject\",\"inLanguage\":\"es\",\"@id\":\"https:\\\/\\\/lospoliticosveracruz.com\\\/#\\\/schema\\\/logo\\\/image\\\/\",\"url\":\"https:\\\/\\\/lospoliticosveracruz.com\\\/wp-content\\\/uploads\\\/2025\\\/12\\\/Logo-Nuevo-LOS-POLITICOS-1.jpg\",\"contentUrl\":\"https:\\\/\\\/lospoliticosveracruz.com\\\/wp-content\\\/uploads\\\/2025\\\/12\\\/Logo-Nuevo-LOS-POLITICOS-1.jpg\",\"width\":260,\"height\":70,\"caption\":\"Los pol\u00edticos Veracruz\"},\"image\":{\"@id\":\"https:\\\/\\\/lospoliticosveracruz.com\\\/#\\\/schema\\\/logo\\\/image\\\/\"},\"sameAs\":[\"https:\\\/\\\/www.facebook.com\\\/people\\\/Notimemes-de-los-Polticos\\\/61565672886568\\\/\",\"https:\\\/\\\/x.com\\\/LosPoliticosVer\"]},{\"@type\":\"Person\",\"@id\":\"https:\\\/\\\/lospoliticosveracruz.com\\\/#\\\/schema\\\/person\\\/b8702bb0e538456e6efd07080bf2a4a2\",\"name\":\"Lo viste en Los Pol\u00edticos\",\"image\":{\"@type\":\"ImageObject\",\"inLanguage\":\"es\",\"@id\":\"https:\\\/\\\/secure.gravatar.com\\\/avatar\\\/3a8de04a2656d44082be478bd6c086daa447c4651605818287b9532d3d0bd435?s=96&d=mm&r=g\",\"url\":\"https:\\\/\\\/secure.gravatar.com\\\/avatar\\\/3a8de04a2656d44082be478bd6c086daa447c4651605818287b9532d3d0bd435?s=96&d=mm&r=g\",\"contentUrl\":\"https:\\\/\\\/secure.gravatar.com\\\/avatar\\\/3a8de04a2656d44082be478bd6c086daa447c4651605818287b9532d3d0bd435?s=96&d=mm&r=g\",\"caption\":\"Lo viste en Los Pol\u00edticos\"},\"url\":\"https:\\\/\\\/lospoliticosveracruz.com\\\/?author=2\"}]}<\/script>\n<!-- \/ Yoast SEO plugin. -->","yoast_head_json":{"title":"VERACRUZ: LOS PLANES DE PEMEX EN MATERIA ENERG\u00c9TICA - Los pol\u00edticos Veracruz","robots":{"index":"index","follow":"follow","max-snippet":"max-snippet:-1","max-image-preview":"max-image-preview:large","max-video-preview":"max-video-preview:-1"},"canonical":"https:\/\/lospoliticosveracruz.com\/?p=139973","og_locale":"es_ES","og_type":"article","og_title":"VERACRUZ: LOS PLANES DE PEMEX EN MATERIA ENERG\u00c9TICA - Los pol\u00edticos Veracruz","og_description":"Jos\u00e9 Luis Ortega VidalClaroscuros El veinte de agosto del 2024, trascendi\u00f3 el anuncio del presidente Andr\u00e9s Manuel L\u00f3pez Obrador sobre la construcci\u00f3n de una f\u00e1brica de fertilizantes en Poza Rica de Hidalgo, Veracruz.El diario MILENIO public\u00f3 una nota firmada por el reportero Jordan Saucedo, donde se lee: \u201cPara lograr una mayor autosuficiencia en producci\u00f3n de [&hellip;]","og_url":"https:\/\/lospoliticosveracruz.com\/?p=139973","og_site_name":"Los pol\u00edticos Veracruz","article_publisher":"https:\/\/www.facebook.com\/people\/Notimemes-de-los-Polticos\/61565672886568\/","article_published_time":"2025-03-19T02:30:57+00:00","article_modified_time":"2025-03-19T02:31:10+00:00","og_image":[{"width":1250,"height":667,"url":"https:\/\/lospoliticosveracruz.com\/wp-content\/uploads\/2024\/03\/Jose-Luis-Ortega-Vidal.jpg","type":"image\/jpeg"}],"author":"Lo viste en Los Pol\u00edticos","twitter_card":"summary_large_image","twitter_creator":"@LosPoliticosVer","twitter_site":"@LosPoliticosVer","twitter_misc":{"Escrito por":"Lo viste en Los Pol\u00edticos","Tiempo de lectura":"2 minutos"},"schema":{"@context":"https:\/\/schema.org","@graph":[{"@type":"Article","@id":"https:\/\/lospoliticosveracruz.com\/?p=139973#article","isPartOf":{"@id":"https:\/\/lospoliticosveracruz.com\/?p=139973"},"author":{"name":"Lo viste en Los Pol\u00edticos","@id":"https:\/\/lospoliticosveracruz.com\/#\/schema\/person\/b8702bb0e538456e6efd07080bf2a4a2"},"headline":"VERACRUZ: LOS PLANES DE PEMEX EN MATERIA ENERG\u00c9TICA","datePublished":"2025-03-19T02:30:57+00:00","dateModified":"2025-03-19T02:31:10+00:00","mainEntityOfPage":{"@id":"https:\/\/lospoliticosveracruz.com\/?p=139973"},"wordCount":428,"publisher":{"@id":"https:\/\/lospoliticosveracruz.com\/#organization"},"image":{"@id":"https:\/\/lospoliticosveracruz.com\/?p=139973#primaryimage"},"thumbnailUrl":"https:\/\/lospoliticosveracruz.com\/wp-content\/uploads\/2024\/03\/Jose-Luis-Ortega-Vidal.jpg","keywords":["Jos\u00e9 Luis Ortega Vidal"],"articleSection":["De Opini\u00f3n"],"inLanguage":"es"},{"@type":"WebPage","@id":"https:\/\/lospoliticosveracruz.com\/?p=139973","url":"https:\/\/lospoliticosveracruz.com\/?p=139973","name":"VERACRUZ: LOS PLANES DE PEMEX EN MATERIA ENERG\u00c9TICA - Los pol\u00edticos Veracruz","isPartOf":{"@id":"https:\/\/lospoliticosveracruz.com\/#website"},"primaryImageOfPage":{"@id":"https:\/\/lospoliticosveracruz.com\/?p=139973#primaryimage"},"image":{"@id":"https:\/\/lospoliticosveracruz.com\/?p=139973#primaryimage"},"thumbnailUrl":"https:\/\/lospoliticosveracruz.com\/wp-content\/uploads\/2024\/03\/Jose-Luis-Ortega-Vidal.jpg","datePublished":"2025-03-19T02:30:57+00:00","dateModified":"2025-03-19T02:31:10+00:00","breadcrumb":{"@id":"https:\/\/lospoliticosveracruz.com\/?p=139973#breadcrumb"},"inLanguage":"es","potentialAction":[{"@type":"ReadAction","target":["https:\/\/lospoliticosveracruz.com\/?p=139973"]}]},{"@type":"ImageObject","inLanguage":"es","@id":"https:\/\/lospoliticosveracruz.com\/?p=139973#primaryimage","url":"https:\/\/lospoliticosveracruz.com\/wp-content\/uploads\/2024\/03\/Jose-Luis-Ortega-Vidal.jpg","contentUrl":"https:\/\/lospoliticosveracruz.com\/wp-content\/uploads\/2024\/03\/Jose-Luis-Ortega-Vidal.jpg","width":1250,"height":667},{"@type":"BreadcrumbList","@id":"https:\/\/lospoliticosveracruz.com\/?p=139973#breadcrumb","itemListElement":[{"@type":"ListItem","position":1,"name":"Portada","item":"https:\/\/lospoliticosveracruz.com\/"},{"@type":"ListItem","position":2,"name":"VERACRUZ: LOS PLANES DE PEMEX EN MATERIA ENERG\u00c9TICA"}]},{"@type":"WebSite","@id":"https:\/\/lospoliticosveracruz.com\/#website","url":"https:\/\/lospoliticosveracruz.com\/","name":"Los pol\u00edticos Veracruz","description":"","publisher":{"@id":"https:\/\/lospoliticosveracruz.com\/#organization"},"potentialAction":[{"@type":"SearchAction","target":{"@type":"EntryPoint","urlTemplate":"https:\/\/lospoliticosveracruz.com\/?s={search_term_string}"},"query-input":{"@type":"PropertyValueSpecification","valueRequired":true,"valueName":"search_term_string"}}],"inLanguage":"es"},{"@type":"Organization","@id":"https:\/\/lospoliticosveracruz.com\/#organization","name":"Los pol\u00edticos Veracruz","url":"https:\/\/lospoliticosveracruz.com\/","logo":{"@type":"ImageObject","inLanguage":"es","@id":"https:\/\/lospoliticosveracruz.com\/#\/schema\/logo\/image\/","url":"https:\/\/lospoliticosveracruz.com\/wp-content\/uploads\/2025\/12\/Logo-Nuevo-LOS-POLITICOS-1.jpg","contentUrl":"https:\/\/lospoliticosveracruz.com\/wp-content\/uploads\/2025\/12\/Logo-Nuevo-LOS-POLITICOS-1.jpg","width":260,"height":70,"caption":"Los pol\u00edticos Veracruz"},"image":{"@id":"https:\/\/lospoliticosveracruz.com\/#\/schema\/logo\/image\/"},"sameAs":["https:\/\/www.facebook.com\/people\/Notimemes-de-los-Polticos\/61565672886568\/","https:\/\/x.com\/LosPoliticosVer"]},{"@type":"Person","@id":"https:\/\/lospoliticosveracruz.com\/#\/schema\/person\/b8702bb0e538456e6efd07080bf2a4a2","name":"Lo viste en Los Pol\u00edticos","image":{"@type":"ImageObject","inLanguage":"es","@id":"https:\/\/secure.gravatar.com\/avatar\/3a8de04a2656d44082be478bd6c086daa447c4651605818287b9532d3d0bd435?s=96&d=mm&r=g","url":"https:\/\/secure.gravatar.com\/avatar\/3a8de04a2656d44082be478bd6c086daa447c4651605818287b9532d3d0bd435?s=96&d=mm&r=g","contentUrl":"https:\/\/secure.gravatar.com\/avatar\/3a8de04a2656d44082be478bd6c086daa447c4651605818287b9532d3d0bd435?s=96&d=mm&r=g","caption":"Lo viste en Los Pol\u00edticos"},"url":"https:\/\/lospoliticosveracruz.com\/?author=2"}]}},"_links":{"self":[{"href":"https:\/\/lospoliticosveracruz.com\/index.php?rest_route=\/wp\/v2\/posts\/139973","targetHints":{"allow":["GET"]}}],"collection":[{"href":"https:\/\/lospoliticosveracruz.com\/index.php?rest_route=\/wp\/v2\/posts"}],"about":[{"href":"https:\/\/lospoliticosveracruz.com\/index.php?rest_route=\/wp\/v2\/types\/post"}],"author":[{"embeddable":true,"href":"https:\/\/lospoliticosveracruz.com\/index.php?rest_route=\/wp\/v2\/users\/2"}],"replies":[{"embeddable":true,"href":"https:\/\/lospoliticosveracruz.com\/index.php?rest_route=%2Fwp%2Fv2%2Fcomments&post=139973"}],"version-history":[{"count":2,"href":"https:\/\/lospoliticosveracruz.com\/index.php?rest_route=\/wp\/v2\/posts\/139973\/revisions"}],"predecessor-version":[{"id":139975,"href":"https:\/\/lospoliticosveracruz.com\/index.php?rest_route=\/wp\/v2\/posts\/139973\/revisions\/139975"}],"wp:featuredmedia":[{"embeddable":true,"href":"https:\/\/lospoliticosveracruz.com\/index.php?rest_route=\/wp\/v2\/media\/119931"}],"wp:attachment":[{"href":"https:\/\/lospoliticosveracruz.com\/index.php?rest_route=%2Fwp%2Fv2%2Fmedia&parent=139973"}],"wp:term":[{"taxonomy":"category","embeddable":true,"href":"https:\/\/lospoliticosveracruz.com\/index.php?rest_route=%2Fwp%2Fv2%2Fcategories&post=139973"},{"taxonomy":"post_tag","embeddable":true,"href":"https:\/\/lospoliticosveracruz.com\/index.php?rest_route=%2Fwp%2Fv2%2Ftags&post=139973"}],"curies":[{"name":"wp","href":"https:\/\/api.w.org\/{rel}","templated":true}]}}