{"id":139976,"date":"2025-03-18T20:36:21","date_gmt":"2025-03-19T02:36:21","guid":{"rendered":"https:\/\/lospoliticosveracruz.com.mx\/?p=139976"},"modified":"2025-03-18T20:36:34","modified_gmt":"2025-03-19T02:36:34","slug":"reyes-heroles-democrata-consecuente","status":"publish","type":"post","link":"https:\/\/lospoliticosveracruz.com\/?p=139976","title":{"rendered":"REYES HEROLES, DEM\u00d3CRATA CONSECUENTE"},"content":{"rendered":"\n<p><a><\/a><a href=\"https:\/\/whatsapp.com\/channel\/0029Va8zRWlEKyZIP3Z1dF0e\"><strong>\u2002\u2002<\/strong><strong>\u00da<\/strong><strong>NETE A NUESTRO CANAL<\/strong><strong><\/strong><\/a><\/p>\n\n\n\n<p>\u00a1<a href=\"https:\/\/whatsapp.com\/channel\/0029Va8zRWlEKyZIP3Z1dF0e\"><strong>LOS POL\u00cd<\/strong><strong>TICOS VERACRUZ<\/strong><\/a> ya est\u00e1 en WhatsApp!<\/p>\n\n\n\n<p><strong>Inocencio Y\u00e1\u00f1ez Vicencio<\/strong><\/p>\n\n\n\n<p>Los que en los a\u00f1os setenta levantamos firmas, con los maestros V\u00e1zquez Vela y Tamayo, para que el Partido Comunista Mexicano, obtuviera su registro, saludamos la Reforma Pol\u00edtica reyesherolista del 77, que abri\u00f3 las puertas de nuestro sistema pol\u00edtico a la plena pluralidad.<br>Conviv\u00ed en la Vocacional N\u00famero 5, donde se gest\u00f3 el 68, a partir de un enfrentamiento entre esta escuela y la preparatoria particular Issac Ochoterena, con mi amigo Roberto Gu\u00edzar, orgulloso de portar su credencial de la juventud comunista. Me toc\u00f3 llevar a las reuniones preparatorias de la delegaci\u00f3n que asistir\u00eda al noveno encuentro de la Federaci\u00f3n Mundial de la Juventud Democr\u00e1tica, celebrado en Sof\u00eda Bulgaria en el mes de julio de ese a\u00f1o tr\u00e1gico. Digo llevar a las calles de M\u00e9rida, Colonia Roma, de la CDMX, porque otra parte se fue a la que jefaturaba el PPS y la CJM. Ah\u00ed en la calle de M\u00e9rida estaba Pablo G\u00f3mez. Ya en Bulgaria estuve cerca de Vicente Villamar e Iv\u00e1n Garc\u00eda Sol\u00eds, comunistas que hicieron grandes aportaciones al SNTE.<br>No se present\u00f3 f\u00e1cil la incorporaci\u00f3n de la izquierda radical a la contienda electoral, no todos sus miembros estaban de acuerdo con la v\u00eda electoral. Cuando llegu\u00e9 a la capital, era normal ver leyendas contra las elecciones. En la Escuela Superior de Econom\u00eda del IPN, tom\u00e9 clases con compa\u00f1eros vinculados en 1969 y 1970 a la acci\u00f3n directa. Un veracruzano que ten\u00eda a mi lado era Jos\u00e9 Teodoro Meseguer Morales, conocido por el \u00ab;Diablo\u00bb de Poza Rica. Vi y supe de algunos compa\u00f1eros que calleron acribillados. Pero saben una cosa. Yo los admiraba porque no se victimisaban. Dec\u00edan haber escogido la v\u00eda armada y que por tanto no esperaban que las fuerzas castrenses les respondieran con flores. Meseguer Morales, secuestro un avi\u00f3n para liberar a presos pol\u00edticos, entre los que estaba Mario M\u00e9ndez Rodrigues, director de la revista Por qu\u00e9 ?, que era adem\u00e1s para la guerrilla. Despu\u00e9s coincid\u00eda en la Lagunilla con Mario M\u00e9ndez, buscando libros.<br>Con la llamada izquierda Institucional, con los miembros del Partido Popular Socialista, tuve relaci\u00f3n porque Luis Miranda Res\u00e9ndiz, fue director de la escuela t\u00e9cnica de San Pablo Oxtotepec, donde se firma el Plan de Ayala reformado, en que trabaj\u00e9 a cargo de su biblioteca. En ese tiempo el dirigente de las juventudes del PPS, era H\u00e9ctor Ram\u00edrez Cu\u00e9llar, hermano de Alfonso, que presidi\u00f3 Morena.<br>Est\u00e1 rese\u00f1a me permite afirmar categ\u00f3ricamente que tengo elementos para decirles que Jes\u00fas Reyes Heroles, fue un hombre que hizo mucho por sacar de la clandestinidad y semiclandestinidad a la izquierda radical.<br>La Reforma Pol\u00edtica de 1977, no s\u00f3lo fue electoral, fue sustancialmente pol\u00edtica. Si antes se hab\u00edan creado los diputados de partido, ante la dificultad de que la oposici\u00f3n ganar\u00e1 distritos electorales, la incorporaci\u00f3n de dos expresiones extremas, una que hab\u00eda perdido el registro y otra que nunca lo hab\u00eda tenido, aunque desde Adalberto Tejeda tuviera presencia, ven\u00eda a abrir el espectro partidistta y con los plurinominales se trataba de que los votos que ganaran un distrito, no quedaran sin voz ni decisi\u00f3n, que como dijera el ilustre tuxpe\u00f1o, son parte, pero que en conjunto son la representaci\u00f3n nacional.<br>Qui\u00e9n vot\u00f3 esas reformas que nos llevaron a reconocer el M\u00e9xico plural? Fueron mayor\u00edas pri\u00edstas.<br>C\u00f3mo no pertenezco ni a los bufones que aplauden mec\u00e1nicamente las atrocidades de Morena ni he sido contratado para crear cortinas de humo ni me inhiben los prejuicios de quienes creen que por reconocer los m\u00e9ritos del PRI y de los pri\u00edstas voy a perder la virginidad intelectual , as\u00ed como he advertido sus errores, de frente voy a resaltar sus m\u00e9ritos, m\u00e1s trat\u00e1ndose de una persona que uni\u00f3 teor\u00eda y pr\u00e1ctica ( Antonio Labriola , llamaba a esto praxis, de d\u00f3nde la toma Gramsci ) , que se la negado el ser uno de los arquitectos de la democratizaci\u00f3n mexicana, tanto como el que m\u00e1s.<br>Una vez acompa\u00f1aba a Demetrio Ru\u00edz Malerva a la casa de Don Jes\u00fas Reyes Heroles, y al bajar me pidi\u00f3 que entrara, ocasi\u00f3n en que nos conf\u00edo que se opuso al destape de Manuel Carbonell, porque era maniobra de un polic\u00eda, por eso lo bajo con \u00bb yo como veracruzano, no he votado por \u00e9l\u00bb. Que por cierto no era la primera vez que por una discrepancia le pon\u00eda en la mesa su renuncia.<br>Siendo secretario de Educaci\u00f3n le pregunt\u00e9 hasta donde llegar\u00e1 la Revoluci\u00f3n educativa y me dijo: El presidente Miguel de la Madrid, me autoriz\u00f3 no una Reforma, me autoriz\u00f3 una Revoluci\u00f3n y ya ni siquiera \u00e9l la va a detener, si as\u00ed fuera, cosa que puede, yo me ir\u00e9. La muerte lo sorprendi\u00f3 y los mexicanos perdimos una persona que por la v\u00eda del derecho se propon\u00eda transformar a M\u00e9xico.<br>Ma\u00f1ana a las 10. 30 horas se le rendir\u00e1 homenaje al pi\u00e9 de su busto y a las 11 hs .,en la sala de presidentes del CDE del PRI, en Ru\u00edz Cortinez y Francisco Moreno, la Doctora Zaida Llad\u00f3 Castillo, expondr\u00e1 un semblante de la vida y la obra de Don Jes\u00fas Reyes Heroles, que merece hoy m\u00e1s que nunca expresarle nuestro reconocimiento a este gran mexicano que como pocos contribuy\u00f3 a la democracia y a dotarnos de un instrumental cient\u00edfico para construir una forma m\u00e1s armoniosa de convivencia.<\/p>\n","protected":false},"excerpt":{"rendered":"<p>\u2002\u2002\u00daNETE A NUESTRO CANAL \u00a1LOS POL\u00cdTICOS VERACRUZ ya est\u00e1 en WhatsApp! Inocencio Y\u00e1\u00f1ez Vicencio Los que en los a\u00f1os setenta levantamos firmas, con los maestros V\u00e1zquez Vela y Tamayo, para que el Partido Comunista Mexicano, obtuviera su registro, saludamos la Reforma Pol\u00edtica reyesherolista del 77, que abri\u00f3 las puertas de nuestro sistema pol\u00edtico a la [&hellip;]<\/p>\n","protected":false},"author":2,"featured_media":120033,"comment_status":"closed","ping_status":"closed","sticky":false,"template":"","format":"standard","meta":{"tdm_status":"","tdm_grid_status":"","footnotes":""},"categories":[70],"tags":[8256,3883],"class_list":{"0":"post-139976","1":"post","2":"type-post","3":"status-publish","4":"format-standard","5":"has-post-thumbnail","7":"category-de-opinion","8":"tag-inocencio-yanez-vicencio","9":"tag-snte"},"yoast_head":"<!-- This site is optimized with the Yoast SEO plugin v27.4 - https:\/\/yoast.com\/product\/yoast-seo-wordpress\/ -->\n<title>REYES HEROLES, DEM\u00d3CRATA CONSECUENTE - Los pol\u00edticos Veracruz<\/title>\n<meta name=\"robots\" content=\"index, follow, max-snippet:-1, max-image-preview:large, max-video-preview:-1\" \/>\n<link rel=\"canonical\" href=\"https:\/\/lospoliticosveracruz.com\/?p=139976\" \/>\n<meta property=\"og:locale\" content=\"es_ES\" \/>\n<meta property=\"og:type\" content=\"article\" \/>\n<meta property=\"og:title\" content=\"REYES HEROLES, DEM\u00d3CRATA CONSECUENTE - Los pol\u00edticos Veracruz\" \/>\n<meta property=\"og:description\" content=\"\u2002\u2002\u00daNETE A NUESTRO CANAL \u00a1LOS POL\u00cdTICOS VERACRUZ ya est\u00e1 en WhatsApp! Inocencio Y\u00e1\u00f1ez Vicencio Los que en los a\u00f1os setenta levantamos firmas, con los maestros V\u00e1zquez Vela y Tamayo, para que el Partido Comunista Mexicano, obtuviera su registro, saludamos la Reforma Pol\u00edtica reyesherolista del 77, que abri\u00f3 las puertas de nuestro sistema pol\u00edtico a la [&hellip;]\" \/>\n<meta property=\"og:url\" content=\"https:\/\/lospoliticosveracruz.com\/?p=139976\" \/>\n<meta property=\"og:site_name\" content=\"Los pol\u00edticos Veracruz\" \/>\n<meta property=\"article:publisher\" content=\"https:\/\/www.facebook.com\/people\/Notimemes-de-los-Polticos\/61565672886568\/\" \/>\n<meta property=\"article:published_time\" content=\"2025-03-19T02:36:21+00:00\" \/>\n<meta property=\"article:modified_time\" content=\"2025-03-19T02:36:34+00:00\" \/>\n<meta property=\"og:image\" content=\"https:\/\/lospoliticosveracruz.com\/wp-content\/uploads\/2024\/03\/Inocencio-Yanez-Vicencio.jpg\" \/>\n\t<meta property=\"og:image:width\" content=\"1250\" \/>\n\t<meta property=\"og:image:height\" content=\"667\" \/>\n\t<meta property=\"og:image:type\" content=\"image\/jpeg\" \/>\n<meta name=\"author\" content=\"Lo viste en Los Pol\u00edticos\" \/>\n<meta name=\"twitter:card\" content=\"summary_large_image\" \/>\n<meta name=\"twitter:creator\" content=\"@LosPoliticosVer\" \/>\n<meta name=\"twitter:site\" content=\"@LosPoliticosVer\" \/>\n<meta name=\"twitter:label1\" content=\"Escrito por\" \/>\n\t<meta name=\"twitter:data1\" content=\"Lo viste en Los Pol\u00edticos\" \/>\n\t<meta name=\"twitter:label2\" content=\"Tiempo de lectura\" \/>\n\t<meta name=\"twitter:data2\" content=\"5 minutos\" \/>\n<script type=\"application\/ld+json\" class=\"yoast-schema-graph\">{\"@context\":\"https:\\\/\\\/schema.org\",\"@graph\":[{\"@type\":\"Article\",\"@id\":\"https:\\\/\\\/lospoliticosveracruz.com\\\/?p=139976#article\",\"isPartOf\":{\"@id\":\"https:\\\/\\\/lospoliticosveracruz.com\\\/?p=139976\"},\"author\":{\"name\":\"Lo viste en Los Pol\u00edticos\",\"@id\":\"https:\\\/\\\/lospoliticosveracruz.com\\\/#\\\/schema\\\/person\\\/b8702bb0e538456e6efd07080bf2a4a2\"},\"headline\":\"REYES HEROLES, DEM\u00d3CRATA CONSECUENTE\",\"datePublished\":\"2025-03-19T02:36:21+00:00\",\"dateModified\":\"2025-03-19T02:36:34+00:00\",\"mainEntityOfPage\":{\"@id\":\"https:\\\/\\\/lospoliticosveracruz.com\\\/?p=139976\"},\"wordCount\":973,\"publisher\":{\"@id\":\"https:\\\/\\\/lospoliticosveracruz.com\\\/#organization\"},\"image\":{\"@id\":\"https:\\\/\\\/lospoliticosveracruz.com\\\/?p=139976#primaryimage\"},\"thumbnailUrl\":\"https:\\\/\\\/lospoliticosveracruz.com\\\/wp-content\\\/uploads\\\/2024\\\/03\\\/Inocencio-Yanez-Vicencio.jpg\",\"keywords\":[\"Inocencio Y\u00e1\u00f1ez Vicencio\",\"SNTE\"],\"articleSection\":[\"De Opini\u00f3n\"],\"inLanguage\":\"es\"},{\"@type\":\"WebPage\",\"@id\":\"https:\\\/\\\/lospoliticosveracruz.com\\\/?p=139976\",\"url\":\"https:\\\/\\\/lospoliticosveracruz.com\\\/?p=139976\",\"name\":\"REYES HEROLES, DEM\u00d3CRATA CONSECUENTE - Los pol\u00edticos Veracruz\",\"isPartOf\":{\"@id\":\"https:\\\/\\\/lospoliticosveracruz.com\\\/#website\"},\"primaryImageOfPage\":{\"@id\":\"https:\\\/\\\/lospoliticosveracruz.com\\\/?p=139976#primaryimage\"},\"image\":{\"@id\":\"https:\\\/\\\/lospoliticosveracruz.com\\\/?p=139976#primaryimage\"},\"thumbnailUrl\":\"https:\\\/\\\/lospoliticosveracruz.com\\\/wp-content\\\/uploads\\\/2024\\\/03\\\/Inocencio-Yanez-Vicencio.jpg\",\"datePublished\":\"2025-03-19T02:36:21+00:00\",\"dateModified\":\"2025-03-19T02:36:34+00:00\",\"breadcrumb\":{\"@id\":\"https:\\\/\\\/lospoliticosveracruz.com\\\/?p=139976#breadcrumb\"},\"inLanguage\":\"es\",\"potentialAction\":[{\"@type\":\"ReadAction\",\"target\":[\"https:\\\/\\\/lospoliticosveracruz.com\\\/?p=139976\"]}]},{\"@type\":\"ImageObject\",\"inLanguage\":\"es\",\"@id\":\"https:\\\/\\\/lospoliticosveracruz.com\\\/?p=139976#primaryimage\",\"url\":\"https:\\\/\\\/lospoliticosveracruz.com\\\/wp-content\\\/uploads\\\/2024\\\/03\\\/Inocencio-Yanez-Vicencio.jpg\",\"contentUrl\":\"https:\\\/\\\/lospoliticosveracruz.com\\\/wp-content\\\/uploads\\\/2024\\\/03\\\/Inocencio-Yanez-Vicencio.jpg\",\"width\":1250,\"height\":667},{\"@type\":\"BreadcrumbList\",\"@id\":\"https:\\\/\\\/lospoliticosveracruz.com\\\/?p=139976#breadcrumb\",\"itemListElement\":[{\"@type\":\"ListItem\",\"position\":1,\"name\":\"Portada\",\"item\":\"https:\\\/\\\/lospoliticosveracruz.com\\\/\"},{\"@type\":\"ListItem\",\"position\":2,\"name\":\"REYES HEROLES, DEM\u00d3CRATA CONSECUENTE\"}]},{\"@type\":\"WebSite\",\"@id\":\"https:\\\/\\\/lospoliticosveracruz.com\\\/#website\",\"url\":\"https:\\\/\\\/lospoliticosveracruz.com\\\/\",\"name\":\"Los pol\u00edticos Veracruz\",\"description\":\"\",\"publisher\":{\"@id\":\"https:\\\/\\\/lospoliticosveracruz.com\\\/#organization\"},\"potentialAction\":[{\"@type\":\"SearchAction\",\"target\":{\"@type\":\"EntryPoint\",\"urlTemplate\":\"https:\\\/\\\/lospoliticosveracruz.com\\\/?s={search_term_string}\"},\"query-input\":{\"@type\":\"PropertyValueSpecification\",\"valueRequired\":true,\"valueName\":\"search_term_string\"}}],\"inLanguage\":\"es\"},{\"@type\":\"Organization\",\"@id\":\"https:\\\/\\\/lospoliticosveracruz.com\\\/#organization\",\"name\":\"Los pol\u00edticos Veracruz\",\"url\":\"https:\\\/\\\/lospoliticosveracruz.com\\\/\",\"logo\":{\"@type\":\"ImageObject\",\"inLanguage\":\"es\",\"@id\":\"https:\\\/\\\/lospoliticosveracruz.com\\\/#\\\/schema\\\/logo\\\/image\\\/\",\"url\":\"https:\\\/\\\/lospoliticosveracruz.com\\\/wp-content\\\/uploads\\\/2025\\\/12\\\/Logo-Nuevo-LOS-POLITICOS-1.jpg\",\"contentUrl\":\"https:\\\/\\\/lospoliticosveracruz.com\\\/wp-content\\\/uploads\\\/2025\\\/12\\\/Logo-Nuevo-LOS-POLITICOS-1.jpg\",\"width\":260,\"height\":70,\"caption\":\"Los pol\u00edticos Veracruz\"},\"image\":{\"@id\":\"https:\\\/\\\/lospoliticosveracruz.com\\\/#\\\/schema\\\/logo\\\/image\\\/\"},\"sameAs\":[\"https:\\\/\\\/www.facebook.com\\\/people\\\/Notimemes-de-los-Polticos\\\/61565672886568\\\/\",\"https:\\\/\\\/x.com\\\/LosPoliticosVer\"]},{\"@type\":\"Person\",\"@id\":\"https:\\\/\\\/lospoliticosveracruz.com\\\/#\\\/schema\\\/person\\\/b8702bb0e538456e6efd07080bf2a4a2\",\"name\":\"Lo viste en Los Pol\u00edticos\",\"image\":{\"@type\":\"ImageObject\",\"inLanguage\":\"es\",\"@id\":\"https:\\\/\\\/secure.gravatar.com\\\/avatar\\\/3a8de04a2656d44082be478bd6c086daa447c4651605818287b9532d3d0bd435?s=96&d=mm&r=g\",\"url\":\"https:\\\/\\\/secure.gravatar.com\\\/avatar\\\/3a8de04a2656d44082be478bd6c086daa447c4651605818287b9532d3d0bd435?s=96&d=mm&r=g\",\"contentUrl\":\"https:\\\/\\\/secure.gravatar.com\\\/avatar\\\/3a8de04a2656d44082be478bd6c086daa447c4651605818287b9532d3d0bd435?s=96&d=mm&r=g\",\"caption\":\"Lo viste en Los Pol\u00edticos\"},\"url\":\"https:\\\/\\\/lospoliticosveracruz.com\\\/?author=2\"}]}<\/script>\n<!-- \/ Yoast SEO plugin. -->","yoast_head_json":{"title":"REYES HEROLES, DEM\u00d3CRATA CONSECUENTE - Los pol\u00edticos Veracruz","robots":{"index":"index","follow":"follow","max-snippet":"max-snippet:-1","max-image-preview":"max-image-preview:large","max-video-preview":"max-video-preview:-1"},"canonical":"https:\/\/lospoliticosveracruz.com\/?p=139976","og_locale":"es_ES","og_type":"article","og_title":"REYES HEROLES, DEM\u00d3CRATA CONSECUENTE - Los pol\u00edticos Veracruz","og_description":"\u2002\u2002\u00daNETE A NUESTRO CANAL \u00a1LOS POL\u00cdTICOS VERACRUZ ya est\u00e1 en WhatsApp! Inocencio Y\u00e1\u00f1ez Vicencio Los que en los a\u00f1os setenta levantamos firmas, con los maestros V\u00e1zquez Vela y Tamayo, para que el Partido Comunista Mexicano, obtuviera su registro, saludamos la Reforma Pol\u00edtica reyesherolista del 77, que abri\u00f3 las puertas de nuestro sistema pol\u00edtico a la [&hellip;]","og_url":"https:\/\/lospoliticosveracruz.com\/?p=139976","og_site_name":"Los pol\u00edticos Veracruz","article_publisher":"https:\/\/www.facebook.com\/people\/Notimemes-de-los-Polticos\/61565672886568\/","article_published_time":"2025-03-19T02:36:21+00:00","article_modified_time":"2025-03-19T02:36:34+00:00","og_image":[{"width":1250,"height":667,"url":"https:\/\/lospoliticosveracruz.com\/wp-content\/uploads\/2024\/03\/Inocencio-Yanez-Vicencio.jpg","type":"image\/jpeg"}],"author":"Lo viste en Los Pol\u00edticos","twitter_card":"summary_large_image","twitter_creator":"@LosPoliticosVer","twitter_site":"@LosPoliticosVer","twitter_misc":{"Escrito por":"Lo viste en Los Pol\u00edticos","Tiempo de lectura":"5 minutos"},"schema":{"@context":"https:\/\/schema.org","@graph":[{"@type":"Article","@id":"https:\/\/lospoliticosveracruz.com\/?p=139976#article","isPartOf":{"@id":"https:\/\/lospoliticosveracruz.com\/?p=139976"},"author":{"name":"Lo viste en Los Pol\u00edticos","@id":"https:\/\/lospoliticosveracruz.com\/#\/schema\/person\/b8702bb0e538456e6efd07080bf2a4a2"},"headline":"REYES HEROLES, DEM\u00d3CRATA CONSECUENTE","datePublished":"2025-03-19T02:36:21+00:00","dateModified":"2025-03-19T02:36:34+00:00","mainEntityOfPage":{"@id":"https:\/\/lospoliticosveracruz.com\/?p=139976"},"wordCount":973,"publisher":{"@id":"https:\/\/lospoliticosveracruz.com\/#organization"},"image":{"@id":"https:\/\/lospoliticosveracruz.com\/?p=139976#primaryimage"},"thumbnailUrl":"https:\/\/lospoliticosveracruz.com\/wp-content\/uploads\/2024\/03\/Inocencio-Yanez-Vicencio.jpg","keywords":["Inocencio Y\u00e1\u00f1ez Vicencio","SNTE"],"articleSection":["De Opini\u00f3n"],"inLanguage":"es"},{"@type":"WebPage","@id":"https:\/\/lospoliticosveracruz.com\/?p=139976","url":"https:\/\/lospoliticosveracruz.com\/?p=139976","name":"REYES HEROLES, DEM\u00d3CRATA CONSECUENTE - Los pol\u00edticos Veracruz","isPartOf":{"@id":"https:\/\/lospoliticosveracruz.com\/#website"},"primaryImageOfPage":{"@id":"https:\/\/lospoliticosveracruz.com\/?p=139976#primaryimage"},"image":{"@id":"https:\/\/lospoliticosveracruz.com\/?p=139976#primaryimage"},"thumbnailUrl":"https:\/\/lospoliticosveracruz.com\/wp-content\/uploads\/2024\/03\/Inocencio-Yanez-Vicencio.jpg","datePublished":"2025-03-19T02:36:21+00:00","dateModified":"2025-03-19T02:36:34+00:00","breadcrumb":{"@id":"https:\/\/lospoliticosveracruz.com\/?p=139976#breadcrumb"},"inLanguage":"es","potentialAction":[{"@type":"ReadAction","target":["https:\/\/lospoliticosveracruz.com\/?p=139976"]}]},{"@type":"ImageObject","inLanguage":"es","@id":"https:\/\/lospoliticosveracruz.com\/?p=139976#primaryimage","url":"https:\/\/lospoliticosveracruz.com\/wp-content\/uploads\/2024\/03\/Inocencio-Yanez-Vicencio.jpg","contentUrl":"https:\/\/lospoliticosveracruz.com\/wp-content\/uploads\/2024\/03\/Inocencio-Yanez-Vicencio.jpg","width":1250,"height":667},{"@type":"BreadcrumbList","@id":"https:\/\/lospoliticosveracruz.com\/?p=139976#breadcrumb","itemListElement":[{"@type":"ListItem","position":1,"name":"Portada","item":"https:\/\/lospoliticosveracruz.com\/"},{"@type":"ListItem","position":2,"name":"REYES HEROLES, DEM\u00d3CRATA CONSECUENTE"}]},{"@type":"WebSite","@id":"https:\/\/lospoliticosveracruz.com\/#website","url":"https:\/\/lospoliticosveracruz.com\/","name":"Los pol\u00edticos Veracruz","description":"","publisher":{"@id":"https:\/\/lospoliticosveracruz.com\/#organization"},"potentialAction":[{"@type":"SearchAction","target":{"@type":"EntryPoint","urlTemplate":"https:\/\/lospoliticosveracruz.com\/?s={search_term_string}"},"query-input":{"@type":"PropertyValueSpecification","valueRequired":true,"valueName":"search_term_string"}}],"inLanguage":"es"},{"@type":"Organization","@id":"https:\/\/lospoliticosveracruz.com\/#organization","name":"Los pol\u00edticos Veracruz","url":"https:\/\/lospoliticosveracruz.com\/","logo":{"@type":"ImageObject","inLanguage":"es","@id":"https:\/\/lospoliticosveracruz.com\/#\/schema\/logo\/image\/","url":"https:\/\/lospoliticosveracruz.com\/wp-content\/uploads\/2025\/12\/Logo-Nuevo-LOS-POLITICOS-1.jpg","contentUrl":"https:\/\/lospoliticosveracruz.com\/wp-content\/uploads\/2025\/12\/Logo-Nuevo-LOS-POLITICOS-1.jpg","width":260,"height":70,"caption":"Los pol\u00edticos Veracruz"},"image":{"@id":"https:\/\/lospoliticosveracruz.com\/#\/schema\/logo\/image\/"},"sameAs":["https:\/\/www.facebook.com\/people\/Notimemes-de-los-Polticos\/61565672886568\/","https:\/\/x.com\/LosPoliticosVer"]},{"@type":"Person","@id":"https:\/\/lospoliticosveracruz.com\/#\/schema\/person\/b8702bb0e538456e6efd07080bf2a4a2","name":"Lo viste en Los Pol\u00edticos","image":{"@type":"ImageObject","inLanguage":"es","@id":"https:\/\/secure.gravatar.com\/avatar\/3a8de04a2656d44082be478bd6c086daa447c4651605818287b9532d3d0bd435?s=96&d=mm&r=g","url":"https:\/\/secure.gravatar.com\/avatar\/3a8de04a2656d44082be478bd6c086daa447c4651605818287b9532d3d0bd435?s=96&d=mm&r=g","contentUrl":"https:\/\/secure.gravatar.com\/avatar\/3a8de04a2656d44082be478bd6c086daa447c4651605818287b9532d3d0bd435?s=96&d=mm&r=g","caption":"Lo viste en Los Pol\u00edticos"},"url":"https:\/\/lospoliticosveracruz.com\/?author=2"}]}},"_links":{"self":[{"href":"https:\/\/lospoliticosveracruz.com\/index.php?rest_route=\/wp\/v2\/posts\/139976","targetHints":{"allow":["GET"]}}],"collection":[{"href":"https:\/\/lospoliticosveracruz.com\/index.php?rest_route=\/wp\/v2\/posts"}],"about":[{"href":"https:\/\/lospoliticosveracruz.com\/index.php?rest_route=\/wp\/v2\/types\/post"}],"author":[{"embeddable":true,"href":"https:\/\/lospoliticosveracruz.com\/index.php?rest_route=\/wp\/v2\/users\/2"}],"replies":[{"embeddable":true,"href":"https:\/\/lospoliticosveracruz.com\/index.php?rest_route=%2Fwp%2Fv2%2Fcomments&post=139976"}],"version-history":[{"count":1,"href":"https:\/\/lospoliticosveracruz.com\/index.php?rest_route=\/wp\/v2\/posts\/139976\/revisions"}],"predecessor-version":[{"id":139977,"href":"https:\/\/lospoliticosveracruz.com\/index.php?rest_route=\/wp\/v2\/posts\/139976\/revisions\/139977"}],"wp:featuredmedia":[{"embeddable":true,"href":"https:\/\/lospoliticosveracruz.com\/index.php?rest_route=\/wp\/v2\/media\/120033"}],"wp:attachment":[{"href":"https:\/\/lospoliticosveracruz.com\/index.php?rest_route=%2Fwp%2Fv2%2Fmedia&parent=139976"}],"wp:term":[{"taxonomy":"category","embeddable":true,"href":"https:\/\/lospoliticosveracruz.com\/index.php?rest_route=%2Fwp%2Fv2%2Fcategories&post=139976"},{"taxonomy":"post_tag","embeddable":true,"href":"https:\/\/lospoliticosveracruz.com\/index.php?rest_route=%2Fwp%2Fv2%2Ftags&post=139976"}],"curies":[{"name":"wp","href":"https:\/\/api.w.org\/{rel}","templated":true}]}}