{"id":139982,"date":"2025-03-19T05:31:00","date_gmt":"2025-03-19T11:31:00","guid":{"rendered":"https:\/\/lospoliticosveracruz.com.mx\/?p=139982"},"modified":"2025-03-19T05:31:25","modified_gmt":"2025-03-19T11:31:25","slug":"el-golpe-adan-augusto-y-fernando-padilla","status":"publish","type":"post","link":"https:\/\/lospoliticosveracruz.com\/?p=139982","title":{"rendered":"EL \u00abGOLPE\u00bb AD\u00c1N AUGUSTO Y FERNANDO PADILLA"},"content":{"rendered":"\n<p>[S\u00edguenos ahora tambi\u00e9n en WhatsApp.\u00a0<a href=\"https:\/\/whatsapp.com\/channel\/0029Va8zRWlEKyZIP3Z1dF0e\"><strong><em>Da clic aqu\u00ed<\/em><\/strong><\/a>]\u00a0<br><strong>Ricardo Chua<\/strong><\/p>\n\n\n\n<p><em>Sale y Vale<\/em><\/p>\n\n\n\n<p>Vaya manera de empezar las semana, despu\u00e9s del fin de semana largo, para el senador tabasque\u00f1o, Ad\u00e1n Augusto L\u00f3pez Hern\u00e1ndez y para su amigo el empresario veracruzano, Fernando Padilla Farfan.. Que el pasado s\u00e1bado se hab\u00edan encontrado en Coatepec en una finca propiedad de Padilla para celebrar su cumplea\u00f1os.. Ya que este martes el noticiero \u00abLatinus\u00bb de Carlos Loret de Mola.. Dio a conocer en EXCLUSIVA como presuntamente el empresario ayuda al legislador a impulsar carreras pol\u00edticas de personajes ligados al ex gobernador..<\/p>\n\n\n\n<p>Sobre todo con pol\u00edticos tan pol\u00e9micos y medi\u00e1ticos como es la senadora de Chihuahua, Andrea Chavez.. Ya que seg\u00fan la informaci\u00f3n de \u00abLatinus\u00bb las empresas de Padilla Farf\u00e1n, presuntamente benefician a la legisladora chihuahuense con recursos materiales para que su imagen se posicione pol\u00edticamente en aquella entidad.. Que le ayude a ganar la gubernatura de su estado en 2027 que habr\u00e1 elecciones en ese sitio.. Ya que Andrea Ch\u00e1vez lleva a Chihuahua, las \u00abCaravanas por la salud\u00bb en camionetas equipadas m\u00e9dicamente para dar servicio a la sociedad con pocos recursos econ\u00f3micos para que sean beneficiados..<\/p>\n\n\n\n<p>Pero el asunto es que PRESUNTAMENTE esas camionetas son propiedad del empresario veracruzano.. Es ah\u00ed donde la informaci\u00f3n se maneja con \u00abjiribilla\u00bb porque Ad\u00e1n Augusto es el \u00abpadrino\u00bb pol\u00edtico de la senadora de Chihuahua y Fernando Padilla, es un empresario muy cercano a \u00e9l.. Por ello el morbo de la informaci\u00f3n sacada por \u00abLatinus\u00bb.. Se\u00f1alado que Andrea Chavez no ha transparentado la manera como obtiene ese recurso para pagar las \u00abcaravanas de salud\u00bb.. Se\u00f1alando que con el puro sueldo como legisladora, no le alcanzar\u00eda para hacer este tipo de gasto..<\/p>\n\n\n\n<p>Lo raro o la coincidencia de este asunto.. Es que una de las plataformas en redes sociales m\u00e1s importantes y fuertes del pa\u00eds como lo es \u00abLatinus\u00bb.. Ha hecho p\u00fablico este tema entre Ad\u00e1n Augusto L\u00f3pez y Fernando Padilla.. Sobre todo d\u00edas despu\u00e9s de la fiesta a la que asisti\u00f3 el tabasque\u00f1o a Coatepec y cuya vista se hizo muy medi\u00e1tica ese d\u00eda.. Y el \u00abgolpe\u00bb en el noticiero se lo dan directamente con Fernando Padilla y Andrea Chavez.. Dicen que en pol\u00edtica, las coincidencias no existen. Ser\u00e1 que los pol\u00edticos de MORENA Veracruz, no tendr\u00e1n nada que ver en este asunto.. No queda duda, que aqu\u00ed si no es \u00abDiablo\u00bb esto huele a \u00abazufre\u00bb.. LOS JUGADORES CAMBIAN, EL JUEGO NO..<\/p>\n\n\n\n<p>TUXPAN, \u00bfEL \u00daNICO TRIUNFO DEL PVEM?.. Todo parece indicar que el \u00fanico beneficiado que el PVEM haya \u00abroto\u00bb la coalici\u00f3n con el partido MORENA en el municipio de Tuxpan.. Es pr\u00e1cticamente el candidato a la alcald\u00eda de esa ciudad por el partido \u00abVerde\u00bb, Alberto Silva Ramos.. Ya que dice \u00abGarganta Profunda\u00bb que por los n\u00fameros presentados por este partido.. Despu\u00e9s de que MORENA no le ha respetado los acuerdos de la coalici\u00f3n, en sitios como este puerto, han decidido \u00abromper\u00bb con esta alianza..Algo que beneficia al partido del \u00abtuc\u00e1n\u00bb porque los Morenos ten\u00edan muchos negativos..<\/p>\n\n\n\n<p>Situaci\u00f3n por la cual en la encuesta, los ciudadanos aliados a la 4T en Tuxpan.. Votaron a favor de que \u00abEl Cisne\u00bb Silva fuera el candidato de la alianza MORENA-PVEM.. Se comenta que Silva Ramos gan\u00f3 la encuesta por 17 puntos.. Pero no respetaron el acuerdo y los Morenos impusieron un candidato de su \u00abcuadra\u00bb cercano al subsecretario de Gobierno, Jos\u00e9 Manuel Pozos Castro.. Dejando al ex diputado federal fuera de la \u00abjugada\u00bb sin importar que este haya triunfado en el sondeo.. Situaci\u00f3n que molest\u00f3 al comit\u00e9 nacional del PVEM y decidieron \u00abromper\u00bb la coalici\u00f3n en esta ciudad..<\/p>\n\n\n\n<p>Por ese motivo, Manuel Velasco hizo el reclamo en Palacio Nacional y orden\u00f3 directamente al equipo del PVEM en Veracruz, que en Tuxpan no hab\u00eda vuelta de \u00abhoja\u00bb o pon\u00edan a Silva de candidato o \u00abromp\u00edan\u00bb.. MORENA se \u00abmont\u00f3 en su macho\u00bb y coloc\u00f3 a uno de los suyos.. Dejando al \u00abCisne\u00bb sin oportunidad.. Pensaron que Silva se iba a hacer a un lado.. Ya que pensaron que por esa raz\u00f3n, este iba a tener el temor de perder de nuevo la alcald\u00eda como en 2021.. Pero se equivocaron, envalentonado por los n\u00fameros \u00abEl Cisne\u00bb abri\u00f3 sus \u00abalas\u00bb y se ech\u00f3 a volar.. Se siente seguro de ganarla..<\/p>\n\n\n\n<p>Otra de las razones es que, tanto el PAN y PRI, lanzaron candidatos a alcaldes de muy bajo perfil porque nadie se quer\u00eda inscribir como candidato.. Al menos, no sus figuras de muchos a\u00f1os.. Estos se hicieron a un lado para no gastar y desgastarse.. Y con ese escenario de la oposici\u00f3n.. Se la pusieron \u00abpapita\u00bb al \u00abCisne\u00bb Silva. Ya que de esa manera la elecci\u00f3n en Tuxpan, se cierra en dos: MORENA contra el PVEM.. Y ah\u00ed se ver\u00e1 de qu\u00e9 \u00abcueros salen m\u00e1s correas\u00bb.. Ser\u00e1 una lucha de 4T del Estado contra 4T de la CDMX.. Habr\u00e1 que ver que estrateg\u00eda trae Silva Ramos en este asunto..<\/p>\n\n\n\n<p>Un tema real es que el gobierno de MORENA local dej\u00f3 muchos pendientes y por eso la sociedad de aquel puerto est\u00e1 muy enojada.. Y no quieren saber de los \u00abMorenos\u00bb como gobernantes municipales.. Buscan un cambio con alguien que ya les funcion\u00f3 hace unos a\u00f1os.. Silva est\u00e1 \u00abcachando\u00bb adem\u00e1s a los pol\u00edticos y l\u00edderes de los Morenos que est\u00e1n inconformes con el candidato a alcalde.. Les est\u00e1 abriendo la puerta y a uno de los m\u00e1s fuertes.. Ya lo sent\u00f3 con el senador, Manuel Velasco Coello\u2026 Uno de los m\u00e1s interesados a que \u00abEl Cisne\u00bb gane esa alcald\u00eda en Veracruz..<\/p>\n\n\n\n<p>REFLEXI\u00d3N.. Lo que es un hecho es que MORENA no las trae todas consigo en Tuxpan.. El tema del PVEM y Alberto Silva los dividi\u00f3 de manera feroz.. Se dice que cerca de aquella ciudad, se est\u00e1 preparando la estrategia electoral para que Silva Ramos gane.. \u00abAlquimistas\u00bb y \u00abMapaches\u00bb electorales de Tamaulipas y San Luis Potos\u00ed.. Ya est\u00e1n en tierras tuxpe\u00f1as para hacer ganar al \u00abCisne\u00bb.. Un favor que Manuel Velasco pidi\u00f3 a pol\u00edticos de aquellas entidades.. Ya que Silva es su representante real en Veracruz.. Y hacerlo alcalde es tener una posici\u00f3n en la entidad.. Todo con miras al 2030.. EL QUE ENTENDI\u00d3, ENTENDI\u00d3..<\/p>\n","protected":false},"excerpt":{"rendered":"<p>[S\u00edguenos ahora tambi\u00e9n en WhatsApp.\u00a0Da clic aqu\u00ed]\u00a0Ricardo Chua Sale y Vale Vaya manera de empezar las semana, despu\u00e9s del fin de semana largo, para el senador tabasque\u00f1o, Ad\u00e1n Augusto L\u00f3pez Hern\u00e1ndez y para su amigo el empresario veracruzano, Fernando Padilla Farfan.. Que el pasado s\u00e1bado se hab\u00edan encontrado en Coatepec en una finca propiedad de [&hellip;]<\/p>\n","protected":false},"author":2,"featured_media":119817,"comment_status":"closed","ping_status":"closed","sticky":false,"template":"","format":"standard","meta":{"tdm_status":"","tdm_grid_status":"","footnotes":""},"categories":[70],"tags":[1026,264,203,195],"class_list":{"0":"post-139982","1":"post","2":"type-post","3":"status-publish","4":"format-standard","5":"has-post-thumbnail","7":"category-de-opinion","8":"tag-morena","9":"tag-pvem","10":"tag-tuxpan","11":"tag-veracruz"},"yoast_head":"<!-- This site is optimized with the Yoast SEO plugin v27.4 - https:\/\/yoast.com\/product\/yoast-seo-wordpress\/ -->\n<title>EL &quot;GOLPE&quot; AD\u00c1N AUGUSTO Y FERNANDO PADILLA - Los pol\u00edticos Veracruz<\/title>\n<meta name=\"robots\" content=\"index, follow, max-snippet:-1, max-image-preview:large, max-video-preview:-1\" \/>\n<link rel=\"canonical\" href=\"https:\/\/lospoliticosveracruz.com\/?p=139982\" \/>\n<meta property=\"og:locale\" content=\"es_ES\" \/>\n<meta property=\"og:type\" content=\"article\" \/>\n<meta property=\"og:title\" content=\"EL &quot;GOLPE&quot; AD\u00c1N AUGUSTO Y FERNANDO PADILLA - Los pol\u00edticos Veracruz\" \/>\n<meta property=\"og:description\" content=\"[S\u00edguenos ahora tambi\u00e9n en WhatsApp.\u00a0Da clic aqu\u00ed]\u00a0Ricardo Chua Sale y Vale Vaya manera de empezar las semana, despu\u00e9s del fin de semana largo, para el senador tabasque\u00f1o, Ad\u00e1n Augusto L\u00f3pez Hern\u00e1ndez y para su amigo el empresario veracruzano, Fernando Padilla Farfan.. Que el pasado s\u00e1bado se hab\u00edan encontrado en Coatepec en una finca propiedad de [&hellip;]\" \/>\n<meta property=\"og:url\" content=\"https:\/\/lospoliticosveracruz.com\/?p=139982\" \/>\n<meta property=\"og:site_name\" content=\"Los pol\u00edticos Veracruz\" \/>\n<meta property=\"article:publisher\" content=\"https:\/\/www.facebook.com\/people\/Notimemes-de-los-Polticos\/61565672886568\/\" \/>\n<meta property=\"article:published_time\" content=\"2025-03-19T11:31:00+00:00\" \/>\n<meta property=\"article:modified_time\" content=\"2025-03-19T11:31:25+00:00\" \/>\n<meta property=\"og:image\" content=\"https:\/\/lospoliticosveracruz.com\/wp-content\/uploads\/2024\/03\/Ricardo-Chua.jpg\" \/>\n\t<meta property=\"og:image:width\" content=\"1250\" \/>\n\t<meta property=\"og:image:height\" content=\"667\" \/>\n\t<meta property=\"og:image:type\" content=\"image\/jpeg\" \/>\n<meta name=\"author\" content=\"Lo viste en Los Pol\u00edticos\" \/>\n<meta name=\"twitter:card\" content=\"summary_large_image\" \/>\n<meta name=\"twitter:creator\" content=\"@LosPoliticosVer\" \/>\n<meta name=\"twitter:site\" content=\"@LosPoliticosVer\" \/>\n<meta name=\"twitter:label1\" content=\"Escrito por\" \/>\n\t<meta name=\"twitter:data1\" content=\"Lo viste en Los Pol\u00edticos\" \/>\n\t<meta name=\"twitter:label2\" content=\"Tiempo de lectura\" \/>\n\t<meta name=\"twitter:data2\" content=\"5 minutos\" \/>\n<script type=\"application\/ld+json\" class=\"yoast-schema-graph\">{\"@context\":\"https:\\\/\\\/schema.org\",\"@graph\":[{\"@type\":\"Article\",\"@id\":\"https:\\\/\\\/lospoliticosveracruz.com\\\/?p=139982#article\",\"isPartOf\":{\"@id\":\"https:\\\/\\\/lospoliticosveracruz.com\\\/?p=139982\"},\"author\":{\"name\":\"Lo viste en Los Pol\u00edticos\",\"@id\":\"https:\\\/\\\/lospoliticosveracruz.com\\\/#\\\/schema\\\/person\\\/b8702bb0e538456e6efd07080bf2a4a2\"},\"headline\":\"EL \u00abGOLPE\u00bb AD\u00c1N AUGUSTO Y FERNANDO PADILLA\",\"datePublished\":\"2025-03-19T11:31:00+00:00\",\"dateModified\":\"2025-03-19T11:31:25+00:00\",\"mainEntityOfPage\":{\"@id\":\"https:\\\/\\\/lospoliticosveracruz.com\\\/?p=139982\"},\"wordCount\":1100,\"publisher\":{\"@id\":\"https:\\\/\\\/lospoliticosveracruz.com\\\/#organization\"},\"image\":{\"@id\":\"https:\\\/\\\/lospoliticosveracruz.com\\\/?p=139982#primaryimage\"},\"thumbnailUrl\":\"https:\\\/\\\/lospoliticosveracruz.com\\\/wp-content\\\/uploads\\\/2024\\\/03\\\/Ricardo-Chua.jpg\",\"keywords\":[\"Morena\",\"PVEM\",\"Tuxpan\",\"Veracruz\"],\"articleSection\":[\"De Opini\u00f3n\"],\"inLanguage\":\"es\"},{\"@type\":\"WebPage\",\"@id\":\"https:\\\/\\\/lospoliticosveracruz.com\\\/?p=139982\",\"url\":\"https:\\\/\\\/lospoliticosveracruz.com\\\/?p=139982\",\"name\":\"EL \\\"GOLPE\\\" AD\u00c1N AUGUSTO Y FERNANDO PADILLA - Los pol\u00edticos Veracruz\",\"isPartOf\":{\"@id\":\"https:\\\/\\\/lospoliticosveracruz.com\\\/#website\"},\"primaryImageOfPage\":{\"@id\":\"https:\\\/\\\/lospoliticosveracruz.com\\\/?p=139982#primaryimage\"},\"image\":{\"@id\":\"https:\\\/\\\/lospoliticosveracruz.com\\\/?p=139982#primaryimage\"},\"thumbnailUrl\":\"https:\\\/\\\/lospoliticosveracruz.com\\\/wp-content\\\/uploads\\\/2024\\\/03\\\/Ricardo-Chua.jpg\",\"datePublished\":\"2025-03-19T11:31:00+00:00\",\"dateModified\":\"2025-03-19T11:31:25+00:00\",\"breadcrumb\":{\"@id\":\"https:\\\/\\\/lospoliticosveracruz.com\\\/?p=139982#breadcrumb\"},\"inLanguage\":\"es\",\"potentialAction\":[{\"@type\":\"ReadAction\",\"target\":[\"https:\\\/\\\/lospoliticosveracruz.com\\\/?p=139982\"]}]},{\"@type\":\"ImageObject\",\"inLanguage\":\"es\",\"@id\":\"https:\\\/\\\/lospoliticosveracruz.com\\\/?p=139982#primaryimage\",\"url\":\"https:\\\/\\\/lospoliticosveracruz.com\\\/wp-content\\\/uploads\\\/2024\\\/03\\\/Ricardo-Chua.jpg\",\"contentUrl\":\"https:\\\/\\\/lospoliticosveracruz.com\\\/wp-content\\\/uploads\\\/2024\\\/03\\\/Ricardo-Chua.jpg\",\"width\":1250,\"height\":667},{\"@type\":\"BreadcrumbList\",\"@id\":\"https:\\\/\\\/lospoliticosveracruz.com\\\/?p=139982#breadcrumb\",\"itemListElement\":[{\"@type\":\"ListItem\",\"position\":1,\"name\":\"Portada\",\"item\":\"https:\\\/\\\/lospoliticosveracruz.com\\\/\"},{\"@type\":\"ListItem\",\"position\":2,\"name\":\"EL \u00abGOLPE\u00bb AD\u00c1N AUGUSTO Y FERNANDO PADILLA\"}]},{\"@type\":\"WebSite\",\"@id\":\"https:\\\/\\\/lospoliticosveracruz.com\\\/#website\",\"url\":\"https:\\\/\\\/lospoliticosveracruz.com\\\/\",\"name\":\"Los pol\u00edticos Veracruz\",\"description\":\"\",\"publisher\":{\"@id\":\"https:\\\/\\\/lospoliticosveracruz.com\\\/#organization\"},\"potentialAction\":[{\"@type\":\"SearchAction\",\"target\":{\"@type\":\"EntryPoint\",\"urlTemplate\":\"https:\\\/\\\/lospoliticosveracruz.com\\\/?s={search_term_string}\"},\"query-input\":{\"@type\":\"PropertyValueSpecification\",\"valueRequired\":true,\"valueName\":\"search_term_string\"}}],\"inLanguage\":\"es\"},{\"@type\":\"Organization\",\"@id\":\"https:\\\/\\\/lospoliticosveracruz.com\\\/#organization\",\"name\":\"Los pol\u00edticos Veracruz\",\"url\":\"https:\\\/\\\/lospoliticosveracruz.com\\\/\",\"logo\":{\"@type\":\"ImageObject\",\"inLanguage\":\"es\",\"@id\":\"https:\\\/\\\/lospoliticosveracruz.com\\\/#\\\/schema\\\/logo\\\/image\\\/\",\"url\":\"https:\\\/\\\/lospoliticosveracruz.com\\\/wp-content\\\/uploads\\\/2025\\\/12\\\/Logo-Nuevo-LOS-POLITICOS-1.jpg\",\"contentUrl\":\"https:\\\/\\\/lospoliticosveracruz.com\\\/wp-content\\\/uploads\\\/2025\\\/12\\\/Logo-Nuevo-LOS-POLITICOS-1.jpg\",\"width\":260,\"height\":70,\"caption\":\"Los pol\u00edticos Veracruz\"},\"image\":{\"@id\":\"https:\\\/\\\/lospoliticosveracruz.com\\\/#\\\/schema\\\/logo\\\/image\\\/\"},\"sameAs\":[\"https:\\\/\\\/www.facebook.com\\\/people\\\/Notimemes-de-los-Polticos\\\/61565672886568\\\/\",\"https:\\\/\\\/x.com\\\/LosPoliticosVer\"]},{\"@type\":\"Person\",\"@id\":\"https:\\\/\\\/lospoliticosveracruz.com\\\/#\\\/schema\\\/person\\\/b8702bb0e538456e6efd07080bf2a4a2\",\"name\":\"Lo viste en Los Pol\u00edticos\",\"image\":{\"@type\":\"ImageObject\",\"inLanguage\":\"es\",\"@id\":\"https:\\\/\\\/secure.gravatar.com\\\/avatar\\\/3a8de04a2656d44082be478bd6c086daa447c4651605818287b9532d3d0bd435?s=96&d=mm&r=g\",\"url\":\"https:\\\/\\\/secure.gravatar.com\\\/avatar\\\/3a8de04a2656d44082be478bd6c086daa447c4651605818287b9532d3d0bd435?s=96&d=mm&r=g\",\"contentUrl\":\"https:\\\/\\\/secure.gravatar.com\\\/avatar\\\/3a8de04a2656d44082be478bd6c086daa447c4651605818287b9532d3d0bd435?s=96&d=mm&r=g\",\"caption\":\"Lo viste en Los Pol\u00edticos\"},\"url\":\"https:\\\/\\\/lospoliticosveracruz.com\\\/?author=2\"}]}<\/script>\n<!-- \/ Yoast SEO plugin. -->","yoast_head_json":{"title":"EL \"GOLPE\" AD\u00c1N AUGUSTO Y FERNANDO PADILLA - Los pol\u00edticos Veracruz","robots":{"index":"index","follow":"follow","max-snippet":"max-snippet:-1","max-image-preview":"max-image-preview:large","max-video-preview":"max-video-preview:-1"},"canonical":"https:\/\/lospoliticosveracruz.com\/?p=139982","og_locale":"es_ES","og_type":"article","og_title":"EL \"GOLPE\" AD\u00c1N AUGUSTO Y FERNANDO PADILLA - Los pol\u00edticos Veracruz","og_description":"[S\u00edguenos ahora tambi\u00e9n en WhatsApp.\u00a0Da clic aqu\u00ed]\u00a0Ricardo Chua Sale y Vale Vaya manera de empezar las semana, despu\u00e9s del fin de semana largo, para el senador tabasque\u00f1o, Ad\u00e1n Augusto L\u00f3pez Hern\u00e1ndez y para su amigo el empresario veracruzano, Fernando Padilla Farfan.. Que el pasado s\u00e1bado se hab\u00edan encontrado en Coatepec en una finca propiedad de [&hellip;]","og_url":"https:\/\/lospoliticosveracruz.com\/?p=139982","og_site_name":"Los pol\u00edticos Veracruz","article_publisher":"https:\/\/www.facebook.com\/people\/Notimemes-de-los-Polticos\/61565672886568\/","article_published_time":"2025-03-19T11:31:00+00:00","article_modified_time":"2025-03-19T11:31:25+00:00","og_image":[{"width":1250,"height":667,"url":"https:\/\/lospoliticosveracruz.com\/wp-content\/uploads\/2024\/03\/Ricardo-Chua.jpg","type":"image\/jpeg"}],"author":"Lo viste en Los Pol\u00edticos","twitter_card":"summary_large_image","twitter_creator":"@LosPoliticosVer","twitter_site":"@LosPoliticosVer","twitter_misc":{"Escrito por":"Lo viste en Los Pol\u00edticos","Tiempo de lectura":"5 minutos"},"schema":{"@context":"https:\/\/schema.org","@graph":[{"@type":"Article","@id":"https:\/\/lospoliticosveracruz.com\/?p=139982#article","isPartOf":{"@id":"https:\/\/lospoliticosveracruz.com\/?p=139982"},"author":{"name":"Lo viste en Los Pol\u00edticos","@id":"https:\/\/lospoliticosveracruz.com\/#\/schema\/person\/b8702bb0e538456e6efd07080bf2a4a2"},"headline":"EL \u00abGOLPE\u00bb AD\u00c1N AUGUSTO Y FERNANDO PADILLA","datePublished":"2025-03-19T11:31:00+00:00","dateModified":"2025-03-19T11:31:25+00:00","mainEntityOfPage":{"@id":"https:\/\/lospoliticosveracruz.com\/?p=139982"},"wordCount":1100,"publisher":{"@id":"https:\/\/lospoliticosveracruz.com\/#organization"},"image":{"@id":"https:\/\/lospoliticosveracruz.com\/?p=139982#primaryimage"},"thumbnailUrl":"https:\/\/lospoliticosveracruz.com\/wp-content\/uploads\/2024\/03\/Ricardo-Chua.jpg","keywords":["Morena","PVEM","Tuxpan","Veracruz"],"articleSection":["De Opini\u00f3n"],"inLanguage":"es"},{"@type":"WebPage","@id":"https:\/\/lospoliticosveracruz.com\/?p=139982","url":"https:\/\/lospoliticosveracruz.com\/?p=139982","name":"EL \"GOLPE\" AD\u00c1N AUGUSTO Y FERNANDO PADILLA - Los pol\u00edticos Veracruz","isPartOf":{"@id":"https:\/\/lospoliticosveracruz.com\/#website"},"primaryImageOfPage":{"@id":"https:\/\/lospoliticosveracruz.com\/?p=139982#primaryimage"},"image":{"@id":"https:\/\/lospoliticosveracruz.com\/?p=139982#primaryimage"},"thumbnailUrl":"https:\/\/lospoliticosveracruz.com\/wp-content\/uploads\/2024\/03\/Ricardo-Chua.jpg","datePublished":"2025-03-19T11:31:00+00:00","dateModified":"2025-03-19T11:31:25+00:00","breadcrumb":{"@id":"https:\/\/lospoliticosveracruz.com\/?p=139982#breadcrumb"},"inLanguage":"es","potentialAction":[{"@type":"ReadAction","target":["https:\/\/lospoliticosveracruz.com\/?p=139982"]}]},{"@type":"ImageObject","inLanguage":"es","@id":"https:\/\/lospoliticosveracruz.com\/?p=139982#primaryimage","url":"https:\/\/lospoliticosveracruz.com\/wp-content\/uploads\/2024\/03\/Ricardo-Chua.jpg","contentUrl":"https:\/\/lospoliticosveracruz.com\/wp-content\/uploads\/2024\/03\/Ricardo-Chua.jpg","width":1250,"height":667},{"@type":"BreadcrumbList","@id":"https:\/\/lospoliticosveracruz.com\/?p=139982#breadcrumb","itemListElement":[{"@type":"ListItem","position":1,"name":"Portada","item":"https:\/\/lospoliticosveracruz.com\/"},{"@type":"ListItem","position":2,"name":"EL \u00abGOLPE\u00bb AD\u00c1N AUGUSTO Y FERNANDO PADILLA"}]},{"@type":"WebSite","@id":"https:\/\/lospoliticosveracruz.com\/#website","url":"https:\/\/lospoliticosveracruz.com\/","name":"Los pol\u00edticos Veracruz","description":"","publisher":{"@id":"https:\/\/lospoliticosveracruz.com\/#organization"},"potentialAction":[{"@type":"SearchAction","target":{"@type":"EntryPoint","urlTemplate":"https:\/\/lospoliticosveracruz.com\/?s={search_term_string}"},"query-input":{"@type":"PropertyValueSpecification","valueRequired":true,"valueName":"search_term_string"}}],"inLanguage":"es"},{"@type":"Organization","@id":"https:\/\/lospoliticosveracruz.com\/#organization","name":"Los pol\u00edticos Veracruz","url":"https:\/\/lospoliticosveracruz.com\/","logo":{"@type":"ImageObject","inLanguage":"es","@id":"https:\/\/lospoliticosveracruz.com\/#\/schema\/logo\/image\/","url":"https:\/\/lospoliticosveracruz.com\/wp-content\/uploads\/2025\/12\/Logo-Nuevo-LOS-POLITICOS-1.jpg","contentUrl":"https:\/\/lospoliticosveracruz.com\/wp-content\/uploads\/2025\/12\/Logo-Nuevo-LOS-POLITICOS-1.jpg","width":260,"height":70,"caption":"Los pol\u00edticos Veracruz"},"image":{"@id":"https:\/\/lospoliticosveracruz.com\/#\/schema\/logo\/image\/"},"sameAs":["https:\/\/www.facebook.com\/people\/Notimemes-de-los-Polticos\/61565672886568\/","https:\/\/x.com\/LosPoliticosVer"]},{"@type":"Person","@id":"https:\/\/lospoliticosveracruz.com\/#\/schema\/person\/b8702bb0e538456e6efd07080bf2a4a2","name":"Lo viste en Los Pol\u00edticos","image":{"@type":"ImageObject","inLanguage":"es","@id":"https:\/\/secure.gravatar.com\/avatar\/3a8de04a2656d44082be478bd6c086daa447c4651605818287b9532d3d0bd435?s=96&d=mm&r=g","url":"https:\/\/secure.gravatar.com\/avatar\/3a8de04a2656d44082be478bd6c086daa447c4651605818287b9532d3d0bd435?s=96&d=mm&r=g","contentUrl":"https:\/\/secure.gravatar.com\/avatar\/3a8de04a2656d44082be478bd6c086daa447c4651605818287b9532d3d0bd435?s=96&d=mm&r=g","caption":"Lo viste en Los Pol\u00edticos"},"url":"https:\/\/lospoliticosveracruz.com\/?author=2"}]}},"_links":{"self":[{"href":"https:\/\/lospoliticosveracruz.com\/index.php?rest_route=\/wp\/v2\/posts\/139982","targetHints":{"allow":["GET"]}}],"collection":[{"href":"https:\/\/lospoliticosveracruz.com\/index.php?rest_route=\/wp\/v2\/posts"}],"about":[{"href":"https:\/\/lospoliticosveracruz.com\/index.php?rest_route=\/wp\/v2\/types\/post"}],"author":[{"embeddable":true,"href":"https:\/\/lospoliticosveracruz.com\/index.php?rest_route=\/wp\/v2\/users\/2"}],"replies":[{"embeddable":true,"href":"https:\/\/lospoliticosveracruz.com\/index.php?rest_route=%2Fwp%2Fv2%2Fcomments&post=139982"}],"version-history":[{"count":1,"href":"https:\/\/lospoliticosveracruz.com\/index.php?rest_route=\/wp\/v2\/posts\/139982\/revisions"}],"predecessor-version":[{"id":139983,"href":"https:\/\/lospoliticosveracruz.com\/index.php?rest_route=\/wp\/v2\/posts\/139982\/revisions\/139983"}],"wp:featuredmedia":[{"embeddable":true,"href":"https:\/\/lospoliticosveracruz.com\/index.php?rest_route=\/wp\/v2\/media\/119817"}],"wp:attachment":[{"href":"https:\/\/lospoliticosveracruz.com\/index.php?rest_route=%2Fwp%2Fv2%2Fmedia&parent=139982"}],"wp:term":[{"taxonomy":"category","embeddable":true,"href":"https:\/\/lospoliticosveracruz.com\/index.php?rest_route=%2Fwp%2Fv2%2Fcategories&post=139982"},{"taxonomy":"post_tag","embeddable":true,"href":"https:\/\/lospoliticosveracruz.com\/index.php?rest_route=%2Fwp%2Fv2%2Ftags&post=139982"}],"curies":[{"name":"wp","href":"https:\/\/api.w.org\/{rel}","templated":true}]}}