{"id":139984,"date":"2025-03-19T05:40:23","date_gmt":"2025-03-19T11:40:23","guid":{"rendered":"https:\/\/lospoliticosveracruz.com.mx\/?p=139984"},"modified":"2025-03-19T05:41:08","modified_gmt":"2025-03-19T11:41:08","slug":"seguridad-como-compromiso-y-bandera","status":"publish","type":"post","link":"https:\/\/lospoliticosveracruz.com\/?p=139984","title":{"rendered":"SEGURIDAD COMO COMPROMISO Y BANDERA"},"content":{"rendered":"\n<p>[S\u00edguenos ahora tambi\u00e9n en WhatsApp.\u00a0<a href=\"https:\/\/whatsapp.com\/channel\/0029Va8zRWlEKyZIP3Z1dF0e\"><strong><em>Da clic aqu\u00ed<\/em><\/strong><\/a>]\u00a0<br><strong>Bernardo Guti\u00e9rrez Parra<\/strong><\/p>\n\n\n\n<p><em>Desde el Caf\u00e9<\/em><br>Al PRI le faltaron 27 candidatos para cubrir las 212 alcald\u00edas veracruzanas ya que solo pudo ajustar 185. Con esa cantidad de valientes har\u00e1 frente a la que ser\u00e1 la elecci\u00f3n municipal m\u00e1s dif\u00edcil en sus 95 a\u00f1os de existencia.<\/p>\n\n\n\n<p>No deja de ser parad\u00f3jico que si antes le sobraban aspirantes ahora le falten candidatos, pero esa es la nueva realidad del partido y se tiene que aceptar.<\/p>\n\n\n\n<p>Para Xalapa el PRI tiene a un gallo de espolones en la figura de Silvio Lagos Galindo que no va nom\u00e1s a competir, sino a competir para ganar, seg\u00fan me asegur\u00f3.<\/p>\n\n\n\n<p>Silvio es conocido en todas las colonias y comunidades de Xalapa por su trabajo en el servicio p\u00fablico. No es de los que esper\u00f3 a ser candidato para que lo empiecen a conocer en el municipio que desea gobernar.<\/p>\n\n\n\n<p>Competir\u00e1 contra la candidata de Morena-PVEM, Daniela Griego que tiene a la maquinaria del partido guinda a su favor, con todo lo que eso conlleva. Tambi\u00e9n se medir\u00e1 con el empresario Rom\u00e1n Moreno de Movimiento Ciudadano y con Maribel Ram\u00edrez Topete del PAN, que hasta el a\u00f1o anterior militaba en MC.<\/p>\n\n\n\n<p>De acuerdo a sondeos preliminares, la contienda ser\u00e1 una de las m\u00e1s re\u00f1idas y cerradas del estado precisamente por la fuerza de los candidatos. Si hasta hace unas semanas Daniela Griego iba en caballo de hacienda, hoy las cosas han cambiado. Y lo saben en Morena donde se preparan para echar toda la carne al asador a fin de retener la capital del estado.<\/p>\n\n\n\n<p>En Veracruz el PRI va representado por Carolina Gudi\u00f1o. \u00bfEra la mejor opci\u00f3n? Quien sabe, pero fue la \u00fanica valiente que levant\u00f3 la mano. Carolina es la primera alcaldesa que tuvo el puerto jarocho y se medir\u00e1 con Rosa Mar\u00eda Hern\u00e1ndez Espejo, la favorita de la gobernadora Roc\u00edo Nahle; con la panista Indira Rosales San Rom\u00e1n y con el emecista \u00d3scar Lara, ampliamente conocido en el puerto.<\/p>\n\n\n\n<p>En Boca del R\u00edo el tricolor lleva como candidato al joven Ernesto Vivas Enr\u00edquez; Movimiento Ciudadano ir\u00e1 con el ex priista Ra\u00fal Zarrabal Ferat y Morena y el Verde llevar\u00e1n de abanderada a Bertha Ahued, otra gran amiga de la gobernadora Nahle. Por el partido blanquiazul todo parece indicar que su candidata ser\u00e1 Maryjose Gamboa Torales.<\/p>\n\n\n\n<p>Para Tuxpan el PRI postul\u00f3 a Ana Alicia P\u00e9rez D\u00edaz; para Poza Rica a Juan Manuel Alonso Rivera; en Mart\u00ednez de la Torre el candidato es Mario Manzanilla Cobos y en San Rafael, Abigail M\u00e9ndez Guerrero.<\/p>\n\n\n\n<p>En Misantla ir\u00e1 F\u00e9lix Santamar\u00eda; en Perote Vinicio Asencio Fern\u00e1ndez; en Coatepec Franz Lester Serv\u00edn L\u00f3pez; en Tlalnelhuayocan Arianna \u00c1ngeles Aguirre; en Xico Claudia Rodr\u00edguez Coste\u00f1o; en Emiliano Zapata, Roc\u00edo Z\u00e1rate Valencia; en Banderilla Anaid Arr\u00f3niz Gonz\u00e1les; en Minatitl\u00e1n ir\u00e1 Alberto S\u00e1nchez L\u00f3pez y en Coatzacoalcos el candidato es Carlos Manuel Vasconcelos.<\/p>\n\n\n\n<p>Estos son lector, algunos de los 185 valientes con los que el PRI competir\u00e1 en las pr\u00f3ximas elecciones. Y contra lo que pudiera suponerse, casi ninguno tiene m\u00e1cula. De hecho y salvo una que otra contada excepci\u00f3n, estoy seguro que no hab\u00eda presentado una planilla tan pulcra desde los tiempos de Murillo Vidal.<\/p>\n\n\n\n<p>\u00bfQu\u00e9 pueden ofrecerle estos hombres y mujeres a una ciudadan\u00eda que por los antecedentes de Fidel Herrera y Javier Duarte los mirar\u00e1 con desconfianza y displicencia?<\/p>\n\n\n\n<p>Seguridad.<\/p>\n\n\n\n<p>Con excepci\u00f3n de Miguel Alem\u00e1n (sexenio donde comenzaron las primeras muertes violentas) Fidel y Javier, todos los gobernadores del PRI (y por consiguiente los alcaldes) brindaron seguridad a los veracruzanos. Cosa que no puede decir el PAN que estuvo apenas dos a\u00f1os en el poder y mucho menos Morena, despu\u00e9s del cruento y violento sexenio que se vivi\u00f3 con Cuitl\u00e1huac Garc\u00eda.<\/p>\n\n\n\n<p>No hay m\u00e1s para las candidatas y candidatos del tricolor. Si seguridad es lo que piden a gritos los veracruzanos; la seguridad debe ser su compromiso y su bandera.<\/p>\n\n\n\n<p>bernardogup@hotmail.com<\/p>\n","protected":false},"excerpt":{"rendered":"<p>[S\u00edguenos ahora tambi\u00e9n en WhatsApp.\u00a0Da clic aqu\u00ed]\u00a0Bernardo Guti\u00e9rrez Parra Desde el Caf\u00e9Al PRI le faltaron 27 candidatos para cubrir las 212 alcald\u00edas veracruzanas ya que solo pudo ajustar 185. Con esa cantidad de valientes har\u00e1 frente a la que ser\u00e1 la elecci\u00f3n municipal m\u00e1s dif\u00edcil en sus 95 a\u00f1os de existencia. No deja de ser [&hellip;]<\/p>\n","protected":false},"author":2,"featured_media":119914,"comment_status":"closed","ping_status":"closed","sticky":false,"template":"","format":"standard","meta":{"tdm_status":"","tdm_grid_status":"","footnotes":""},"categories":[70],"tags":[2325,5622,1026,251,3127,195],"class_list":{"0":"post-139984","1":"post","2":"type-post","3":"status-publish","4":"format-standard","5":"has-post-thumbnail","7":"category-de-opinion","8":"tag-carolina-gudino","9":"tag-daniela-griego","10":"tag-morena","11":"tag-pri","12":"tag-silvio-lagos","13":"tag-veracruz"},"yoast_head":"<!-- This site is optimized with the Yoast SEO plugin v27.4 - https:\/\/yoast.com\/product\/yoast-seo-wordpress\/ -->\n<title>SEGURIDAD COMO COMPROMISO Y BANDERA - Los pol\u00edticos Veracruz<\/title>\n<meta name=\"robots\" content=\"index, follow, max-snippet:-1, max-image-preview:large, max-video-preview:-1\" \/>\n<link rel=\"canonical\" href=\"https:\/\/lospoliticosveracruz.com\/?p=139984\" \/>\n<meta property=\"og:locale\" content=\"es_ES\" \/>\n<meta property=\"og:type\" content=\"article\" \/>\n<meta property=\"og:title\" content=\"SEGURIDAD COMO COMPROMISO Y BANDERA - Los pol\u00edticos Veracruz\" \/>\n<meta property=\"og:description\" content=\"[S\u00edguenos ahora tambi\u00e9n en WhatsApp.\u00a0Da clic aqu\u00ed]\u00a0Bernardo Guti\u00e9rrez Parra Desde el Caf\u00e9Al PRI le faltaron 27 candidatos para cubrir las 212 alcald\u00edas veracruzanas ya que solo pudo ajustar 185. Con esa cantidad de valientes har\u00e1 frente a la que ser\u00e1 la elecci\u00f3n municipal m\u00e1s dif\u00edcil en sus 95 a\u00f1os de existencia. No deja de ser [&hellip;]\" \/>\n<meta property=\"og:url\" content=\"https:\/\/lospoliticosveracruz.com\/?p=139984\" \/>\n<meta property=\"og:site_name\" content=\"Los pol\u00edticos Veracruz\" \/>\n<meta property=\"article:publisher\" content=\"https:\/\/www.facebook.com\/people\/Notimemes-de-los-Polticos\/61565672886568\/\" \/>\n<meta property=\"article:published_time\" content=\"2025-03-19T11:40:23+00:00\" \/>\n<meta property=\"article:modified_time\" content=\"2025-03-19T11:41:08+00:00\" \/>\n<meta property=\"og:image\" content=\"https:\/\/lospoliticosveracruz.com\/wp-content\/uploads\/2024\/03\/Bernardo.jpg\" \/>\n\t<meta property=\"og:image:width\" content=\"1250\" \/>\n\t<meta property=\"og:image:height\" content=\"667\" \/>\n\t<meta property=\"og:image:type\" content=\"image\/jpeg\" \/>\n<meta name=\"author\" content=\"Lo viste en Los Pol\u00edticos\" \/>\n<meta name=\"twitter:card\" content=\"summary_large_image\" \/>\n<meta name=\"twitter:creator\" content=\"@LosPoliticosVer\" \/>\n<meta name=\"twitter:site\" content=\"@LosPoliticosVer\" \/>\n<meta name=\"twitter:label1\" content=\"Escrito por\" \/>\n\t<meta name=\"twitter:data1\" content=\"Lo viste en Los Pol\u00edticos\" \/>\n\t<meta name=\"twitter:label2\" content=\"Tiempo de lectura\" \/>\n\t<meta name=\"twitter:data2\" content=\"4 minutos\" \/>\n<script type=\"application\/ld+json\" class=\"yoast-schema-graph\">{\"@context\":\"https:\\\/\\\/schema.org\",\"@graph\":[{\"@type\":\"Article\",\"@id\":\"https:\\\/\\\/lospoliticosveracruz.com\\\/?p=139984#article\",\"isPartOf\":{\"@id\":\"https:\\\/\\\/lospoliticosveracruz.com\\\/?p=139984\"},\"author\":{\"name\":\"Lo viste en Los Pol\u00edticos\",\"@id\":\"https:\\\/\\\/lospoliticosveracruz.com\\\/#\\\/schema\\\/person\\\/b8702bb0e538456e6efd07080bf2a4a2\"},\"headline\":\"SEGURIDAD COMO COMPROMISO Y BANDERA\",\"datePublished\":\"2025-03-19T11:40:23+00:00\",\"dateModified\":\"2025-03-19T11:41:08+00:00\",\"mainEntityOfPage\":{\"@id\":\"https:\\\/\\\/lospoliticosveracruz.com\\\/?p=139984\"},\"wordCount\":709,\"publisher\":{\"@id\":\"https:\\\/\\\/lospoliticosveracruz.com\\\/#organization\"},\"image\":{\"@id\":\"https:\\\/\\\/lospoliticosveracruz.com\\\/?p=139984#primaryimage\"},\"thumbnailUrl\":\"https:\\\/\\\/lospoliticosveracruz.com\\\/wp-content\\\/uploads\\\/2024\\\/03\\\/Bernardo.jpg\",\"keywords\":[\"Carolina Gudi\u00f1o\",\"Daniela Griego\",\"Morena\",\"PRI\",\"Silvio Lagos\",\"Veracruz\"],\"articleSection\":[\"De Opini\u00f3n\"],\"inLanguage\":\"es\"},{\"@type\":\"WebPage\",\"@id\":\"https:\\\/\\\/lospoliticosveracruz.com\\\/?p=139984\",\"url\":\"https:\\\/\\\/lospoliticosveracruz.com\\\/?p=139984\",\"name\":\"SEGURIDAD COMO COMPROMISO Y BANDERA - Los pol\u00edticos Veracruz\",\"isPartOf\":{\"@id\":\"https:\\\/\\\/lospoliticosveracruz.com\\\/#website\"},\"primaryImageOfPage\":{\"@id\":\"https:\\\/\\\/lospoliticosveracruz.com\\\/?p=139984#primaryimage\"},\"image\":{\"@id\":\"https:\\\/\\\/lospoliticosveracruz.com\\\/?p=139984#primaryimage\"},\"thumbnailUrl\":\"https:\\\/\\\/lospoliticosveracruz.com\\\/wp-content\\\/uploads\\\/2024\\\/03\\\/Bernardo.jpg\",\"datePublished\":\"2025-03-19T11:40:23+00:00\",\"dateModified\":\"2025-03-19T11:41:08+00:00\",\"breadcrumb\":{\"@id\":\"https:\\\/\\\/lospoliticosveracruz.com\\\/?p=139984#breadcrumb\"},\"inLanguage\":\"es\",\"potentialAction\":[{\"@type\":\"ReadAction\",\"target\":[\"https:\\\/\\\/lospoliticosveracruz.com\\\/?p=139984\"]}]},{\"@type\":\"ImageObject\",\"inLanguage\":\"es\",\"@id\":\"https:\\\/\\\/lospoliticosveracruz.com\\\/?p=139984#primaryimage\",\"url\":\"https:\\\/\\\/lospoliticosveracruz.com\\\/wp-content\\\/uploads\\\/2024\\\/03\\\/Bernardo.jpg\",\"contentUrl\":\"https:\\\/\\\/lospoliticosveracruz.com\\\/wp-content\\\/uploads\\\/2024\\\/03\\\/Bernardo.jpg\",\"width\":1250,\"height\":667},{\"@type\":\"BreadcrumbList\",\"@id\":\"https:\\\/\\\/lospoliticosveracruz.com\\\/?p=139984#breadcrumb\",\"itemListElement\":[{\"@type\":\"ListItem\",\"position\":1,\"name\":\"Portada\",\"item\":\"https:\\\/\\\/lospoliticosveracruz.com\\\/\"},{\"@type\":\"ListItem\",\"position\":2,\"name\":\"SEGURIDAD COMO COMPROMISO Y BANDERA\"}]},{\"@type\":\"WebSite\",\"@id\":\"https:\\\/\\\/lospoliticosveracruz.com\\\/#website\",\"url\":\"https:\\\/\\\/lospoliticosveracruz.com\\\/\",\"name\":\"Los pol\u00edticos Veracruz\",\"description\":\"\",\"publisher\":{\"@id\":\"https:\\\/\\\/lospoliticosveracruz.com\\\/#organization\"},\"potentialAction\":[{\"@type\":\"SearchAction\",\"target\":{\"@type\":\"EntryPoint\",\"urlTemplate\":\"https:\\\/\\\/lospoliticosveracruz.com\\\/?s={search_term_string}\"},\"query-input\":{\"@type\":\"PropertyValueSpecification\",\"valueRequired\":true,\"valueName\":\"search_term_string\"}}],\"inLanguage\":\"es\"},{\"@type\":\"Organization\",\"@id\":\"https:\\\/\\\/lospoliticosveracruz.com\\\/#organization\",\"name\":\"Los pol\u00edticos Veracruz\",\"url\":\"https:\\\/\\\/lospoliticosveracruz.com\\\/\",\"logo\":{\"@type\":\"ImageObject\",\"inLanguage\":\"es\",\"@id\":\"https:\\\/\\\/lospoliticosveracruz.com\\\/#\\\/schema\\\/logo\\\/image\\\/\",\"url\":\"https:\\\/\\\/lospoliticosveracruz.com\\\/wp-content\\\/uploads\\\/2025\\\/12\\\/Logo-Nuevo-LOS-POLITICOS-1.jpg\",\"contentUrl\":\"https:\\\/\\\/lospoliticosveracruz.com\\\/wp-content\\\/uploads\\\/2025\\\/12\\\/Logo-Nuevo-LOS-POLITICOS-1.jpg\",\"width\":260,\"height\":70,\"caption\":\"Los pol\u00edticos Veracruz\"},\"image\":{\"@id\":\"https:\\\/\\\/lospoliticosveracruz.com\\\/#\\\/schema\\\/logo\\\/image\\\/\"},\"sameAs\":[\"https:\\\/\\\/www.facebook.com\\\/people\\\/Notimemes-de-los-Polticos\\\/61565672886568\\\/\",\"https:\\\/\\\/x.com\\\/LosPoliticosVer\"]},{\"@type\":\"Person\",\"@id\":\"https:\\\/\\\/lospoliticosveracruz.com\\\/#\\\/schema\\\/person\\\/b8702bb0e538456e6efd07080bf2a4a2\",\"name\":\"Lo viste en Los Pol\u00edticos\",\"image\":{\"@type\":\"ImageObject\",\"inLanguage\":\"es\",\"@id\":\"https:\\\/\\\/secure.gravatar.com\\\/avatar\\\/3a8de04a2656d44082be478bd6c086daa447c4651605818287b9532d3d0bd435?s=96&d=mm&r=g\",\"url\":\"https:\\\/\\\/secure.gravatar.com\\\/avatar\\\/3a8de04a2656d44082be478bd6c086daa447c4651605818287b9532d3d0bd435?s=96&d=mm&r=g\",\"contentUrl\":\"https:\\\/\\\/secure.gravatar.com\\\/avatar\\\/3a8de04a2656d44082be478bd6c086daa447c4651605818287b9532d3d0bd435?s=96&d=mm&r=g\",\"caption\":\"Lo viste en Los Pol\u00edticos\"},\"url\":\"https:\\\/\\\/lospoliticosveracruz.com\\\/?author=2\"}]}<\/script>\n<!-- \/ Yoast SEO plugin. -->","yoast_head_json":{"title":"SEGURIDAD COMO COMPROMISO Y BANDERA - Los pol\u00edticos Veracruz","robots":{"index":"index","follow":"follow","max-snippet":"max-snippet:-1","max-image-preview":"max-image-preview:large","max-video-preview":"max-video-preview:-1"},"canonical":"https:\/\/lospoliticosveracruz.com\/?p=139984","og_locale":"es_ES","og_type":"article","og_title":"SEGURIDAD COMO COMPROMISO Y BANDERA - Los pol\u00edticos Veracruz","og_description":"[S\u00edguenos ahora tambi\u00e9n en WhatsApp.\u00a0Da clic aqu\u00ed]\u00a0Bernardo Guti\u00e9rrez Parra Desde el Caf\u00e9Al PRI le faltaron 27 candidatos para cubrir las 212 alcald\u00edas veracruzanas ya que solo pudo ajustar 185. Con esa cantidad de valientes har\u00e1 frente a la que ser\u00e1 la elecci\u00f3n municipal m\u00e1s dif\u00edcil en sus 95 a\u00f1os de existencia. No deja de ser [&hellip;]","og_url":"https:\/\/lospoliticosveracruz.com\/?p=139984","og_site_name":"Los pol\u00edticos Veracruz","article_publisher":"https:\/\/www.facebook.com\/people\/Notimemes-de-los-Polticos\/61565672886568\/","article_published_time":"2025-03-19T11:40:23+00:00","article_modified_time":"2025-03-19T11:41:08+00:00","og_image":[{"width":1250,"height":667,"url":"https:\/\/lospoliticosveracruz.com\/wp-content\/uploads\/2024\/03\/Bernardo.jpg","type":"image\/jpeg"}],"author":"Lo viste en Los Pol\u00edticos","twitter_card":"summary_large_image","twitter_creator":"@LosPoliticosVer","twitter_site":"@LosPoliticosVer","twitter_misc":{"Escrito por":"Lo viste en Los Pol\u00edticos","Tiempo de lectura":"4 minutos"},"schema":{"@context":"https:\/\/schema.org","@graph":[{"@type":"Article","@id":"https:\/\/lospoliticosveracruz.com\/?p=139984#article","isPartOf":{"@id":"https:\/\/lospoliticosveracruz.com\/?p=139984"},"author":{"name":"Lo viste en Los Pol\u00edticos","@id":"https:\/\/lospoliticosveracruz.com\/#\/schema\/person\/b8702bb0e538456e6efd07080bf2a4a2"},"headline":"SEGURIDAD COMO COMPROMISO Y BANDERA","datePublished":"2025-03-19T11:40:23+00:00","dateModified":"2025-03-19T11:41:08+00:00","mainEntityOfPage":{"@id":"https:\/\/lospoliticosveracruz.com\/?p=139984"},"wordCount":709,"publisher":{"@id":"https:\/\/lospoliticosveracruz.com\/#organization"},"image":{"@id":"https:\/\/lospoliticosveracruz.com\/?p=139984#primaryimage"},"thumbnailUrl":"https:\/\/lospoliticosveracruz.com\/wp-content\/uploads\/2024\/03\/Bernardo.jpg","keywords":["Carolina Gudi\u00f1o","Daniela Griego","Morena","PRI","Silvio Lagos","Veracruz"],"articleSection":["De Opini\u00f3n"],"inLanguage":"es"},{"@type":"WebPage","@id":"https:\/\/lospoliticosveracruz.com\/?p=139984","url":"https:\/\/lospoliticosveracruz.com\/?p=139984","name":"SEGURIDAD COMO COMPROMISO Y BANDERA - Los pol\u00edticos Veracruz","isPartOf":{"@id":"https:\/\/lospoliticosveracruz.com\/#website"},"primaryImageOfPage":{"@id":"https:\/\/lospoliticosveracruz.com\/?p=139984#primaryimage"},"image":{"@id":"https:\/\/lospoliticosveracruz.com\/?p=139984#primaryimage"},"thumbnailUrl":"https:\/\/lospoliticosveracruz.com\/wp-content\/uploads\/2024\/03\/Bernardo.jpg","datePublished":"2025-03-19T11:40:23+00:00","dateModified":"2025-03-19T11:41:08+00:00","breadcrumb":{"@id":"https:\/\/lospoliticosveracruz.com\/?p=139984#breadcrumb"},"inLanguage":"es","potentialAction":[{"@type":"ReadAction","target":["https:\/\/lospoliticosveracruz.com\/?p=139984"]}]},{"@type":"ImageObject","inLanguage":"es","@id":"https:\/\/lospoliticosveracruz.com\/?p=139984#primaryimage","url":"https:\/\/lospoliticosveracruz.com\/wp-content\/uploads\/2024\/03\/Bernardo.jpg","contentUrl":"https:\/\/lospoliticosveracruz.com\/wp-content\/uploads\/2024\/03\/Bernardo.jpg","width":1250,"height":667},{"@type":"BreadcrumbList","@id":"https:\/\/lospoliticosveracruz.com\/?p=139984#breadcrumb","itemListElement":[{"@type":"ListItem","position":1,"name":"Portada","item":"https:\/\/lospoliticosveracruz.com\/"},{"@type":"ListItem","position":2,"name":"SEGURIDAD COMO COMPROMISO Y BANDERA"}]},{"@type":"WebSite","@id":"https:\/\/lospoliticosveracruz.com\/#website","url":"https:\/\/lospoliticosveracruz.com\/","name":"Los pol\u00edticos Veracruz","description":"","publisher":{"@id":"https:\/\/lospoliticosveracruz.com\/#organization"},"potentialAction":[{"@type":"SearchAction","target":{"@type":"EntryPoint","urlTemplate":"https:\/\/lospoliticosveracruz.com\/?s={search_term_string}"},"query-input":{"@type":"PropertyValueSpecification","valueRequired":true,"valueName":"search_term_string"}}],"inLanguage":"es"},{"@type":"Organization","@id":"https:\/\/lospoliticosveracruz.com\/#organization","name":"Los pol\u00edticos Veracruz","url":"https:\/\/lospoliticosveracruz.com\/","logo":{"@type":"ImageObject","inLanguage":"es","@id":"https:\/\/lospoliticosveracruz.com\/#\/schema\/logo\/image\/","url":"https:\/\/lospoliticosveracruz.com\/wp-content\/uploads\/2025\/12\/Logo-Nuevo-LOS-POLITICOS-1.jpg","contentUrl":"https:\/\/lospoliticosveracruz.com\/wp-content\/uploads\/2025\/12\/Logo-Nuevo-LOS-POLITICOS-1.jpg","width":260,"height":70,"caption":"Los pol\u00edticos Veracruz"},"image":{"@id":"https:\/\/lospoliticosveracruz.com\/#\/schema\/logo\/image\/"},"sameAs":["https:\/\/www.facebook.com\/people\/Notimemes-de-los-Polticos\/61565672886568\/","https:\/\/x.com\/LosPoliticosVer"]},{"@type":"Person","@id":"https:\/\/lospoliticosveracruz.com\/#\/schema\/person\/b8702bb0e538456e6efd07080bf2a4a2","name":"Lo viste en Los Pol\u00edticos","image":{"@type":"ImageObject","inLanguage":"es","@id":"https:\/\/secure.gravatar.com\/avatar\/3a8de04a2656d44082be478bd6c086daa447c4651605818287b9532d3d0bd435?s=96&d=mm&r=g","url":"https:\/\/secure.gravatar.com\/avatar\/3a8de04a2656d44082be478bd6c086daa447c4651605818287b9532d3d0bd435?s=96&d=mm&r=g","contentUrl":"https:\/\/secure.gravatar.com\/avatar\/3a8de04a2656d44082be478bd6c086daa447c4651605818287b9532d3d0bd435?s=96&d=mm&r=g","caption":"Lo viste en Los Pol\u00edticos"},"url":"https:\/\/lospoliticosveracruz.com\/?author=2"}]}},"_links":{"self":[{"href":"https:\/\/lospoliticosveracruz.com\/index.php?rest_route=\/wp\/v2\/posts\/139984","targetHints":{"allow":["GET"]}}],"collection":[{"href":"https:\/\/lospoliticosveracruz.com\/index.php?rest_route=\/wp\/v2\/posts"}],"about":[{"href":"https:\/\/lospoliticosveracruz.com\/index.php?rest_route=\/wp\/v2\/types\/post"}],"author":[{"embeddable":true,"href":"https:\/\/lospoliticosveracruz.com\/index.php?rest_route=\/wp\/v2\/users\/2"}],"replies":[{"embeddable":true,"href":"https:\/\/lospoliticosveracruz.com\/index.php?rest_route=%2Fwp%2Fv2%2Fcomments&post=139984"}],"version-history":[{"count":1,"href":"https:\/\/lospoliticosveracruz.com\/index.php?rest_route=\/wp\/v2\/posts\/139984\/revisions"}],"predecessor-version":[{"id":139985,"href":"https:\/\/lospoliticosveracruz.com\/index.php?rest_route=\/wp\/v2\/posts\/139984\/revisions\/139985"}],"wp:featuredmedia":[{"embeddable":true,"href":"https:\/\/lospoliticosveracruz.com\/index.php?rest_route=\/wp\/v2\/media\/119914"}],"wp:attachment":[{"href":"https:\/\/lospoliticosveracruz.com\/index.php?rest_route=%2Fwp%2Fv2%2Fmedia&parent=139984"}],"wp:term":[{"taxonomy":"category","embeddable":true,"href":"https:\/\/lospoliticosveracruz.com\/index.php?rest_route=%2Fwp%2Fv2%2Fcategories&post=139984"},{"taxonomy":"post_tag","embeddable":true,"href":"https:\/\/lospoliticosveracruz.com\/index.php?rest_route=%2Fwp%2Fv2%2Ftags&post=139984"}],"curies":[{"name":"wp","href":"https:\/\/api.w.org\/{rel}","templated":true}]}}