{"id":139986,"date":"2025-03-19T07:26:22","date_gmt":"2025-03-19T13:26:22","guid":{"rendered":"https:\/\/lospoliticosveracruz.com.mx\/?p=139986"},"modified":"2025-03-19T07:26:22","modified_gmt":"2025-03-19T13:26:22","slug":"eva-barrientos-la-opcion","status":"publish","type":"post","link":"https:\/\/lospoliticosveracruz.com\/?p=139986","title":{"rendered":"EVA BARRIENTOS, LA OPCI\u00d3N"},"content":{"rendered":"\n<p><strong>Omar Z\u00fa\u00f1iga<\/strong><\/p>\n\n\n\n<p><em>De Primera Mano<\/em><\/p>\n\n\n\n<p>La magistrada presidenta de la Sala Regional Xalapa del Poder Judicial de la Federaci\u00f3n, la guapa xalape\u00f1a&nbsp;<strong>Eva Barrientos Zepeda<\/strong>, tiene ya todo listo para arrancar su campa\u00f1a el pr\u00f3ximo domingo 30 de marzo, que ante la falta de presupuesto y la excesiva fiscalizaci\u00f3n, promete ser harto innovadora.<\/p>\n\n\n\n<p>La magistrada ha instrumentado una campa\u00f1a a trav\u00e9s de redes sociales, todas a su alcance, para lograr su objetivo y aunque sabe que la cosa va a estar ruda y en algunos casos inequitativa, no pierde nunca el buen humor y conf\u00eda en que sus electores salgan a la calle y busquen su casilla, para que despu\u00e9s de haber acudido a sufragar en la elecci\u00f3n municipal, se lancen&nbsp;a&nbsp;buscar&nbsp;el sitio&nbsp;correspondiente&nbsp;para votar en la elecci\u00f3n judicial&nbsp;y que no decaiga el \u00e1nimo.<\/p>\n\n\n\n<p>Al final, ella ya sabe de lo que se tratan las redes y se mueve con mucha soltura, lo mismo Tik Tok que Facebook, Instagram o X (antes tweeter), inclusive a trav\u00e9s de Whatsapp, buscar\u00e1 implantar su mensaje de campa\u00f1a mediante mensajes muy breves, pero con mucho contenido.<\/p>\n\n\n\n<p>El color mel\u00f3n&nbsp;y el n\u00famero dos,&nbsp;ser\u00e1 determinante.<\/p>\n\n\n\n<p>Conf\u00eda plenamente en que las cosas ser\u00e1n transparentes y no habr\u00e1 mano negra que busque empa\u00f1ar esta elecci\u00f3n que adem\u00e1s ser\u00e1 un laboratorio, pues en su caso, la elecci\u00f3n en la Sala Regional, se espera que los resultados salgan unos quinces d\u00edas de la&nbsp;elecci\u00f3n, lo que lleva mano en el conteo ser\u00e1 la&nbsp;Presidencia de la Suprema Corte de Justicia de la Naci\u00f3n y luego el pleno, y as\u00ed, sucesivamente.<\/p>\n\n\n\n<p>En resumen,&nbsp;<strong>Eva Barrientos<\/strong>&nbsp;es la carta que debemos jugar para darle al Trife la experiencia y expertis que necesita, y no permitir lo que puede pasar en la&nbsp;SCJN, donde una se\u00f1ora que se rob\u00f3 su tesis de licenciatura, pueda llegar a ser&nbsp;presidenta&nbsp;del Poder Judicial.<\/p>\n\n\n\n<p>*****<\/p>\n\n\n\n<p>Hoy 19 de marzo del a\u00f1o de Dios y Mar\u00eda Sant\u00edsima 2025, se cumplen 26 a\u00f1os de Cumbre Taj\u00edn.<\/p>\n\n\n\n<p>Cumbre naci\u00f3 como necesidad de traer al estado de Veracruz un espect\u00e1culo de talla mundial y al mismo tiempo que le diera realce a la cultura totonaca, ese realce que siempre ha merecido y nunca se lo hab\u00edan podido otorgar.<\/p>\n\n\n\n<p>El \u00e9xito fue tanto&nbsp;que se construy\u00f3 el parque Takhilsukut,&nbsp;que a su vez vio nacer al&nbsp;Centro de las Artes Ind\u00edgenas;&nbsp;a&nbsp;miles de asistentes en cada edici\u00f3n, se sumaban&nbsp;miles m\u00e1s, el nivel sub\u00eda a\u00f1o con a\u00f1o\u2026 se reinventaban.<\/p>\n\n\n\n<p>Los carteles art\u00edsticos vieron a&nbsp;<strong>Carlos Santana<\/strong>,&nbsp;<strong>Bj\u00f6rk<\/strong>,&nbsp;<strong>Smashing Pumpkins<\/strong>,&nbsp;<strong>Tool<\/strong>, o la colombiana&nbsp;<strong>Tot\u00f3 La Momposina<\/strong>&nbsp;por mencionar s\u00f3lo a algunos, pero tambi\u00e9n talento jarocho como&nbsp;<strong>Los Cojolites<\/strong>alternando con&nbsp;<strong>Mono Blanco<\/strong>&nbsp;o&nbsp;<strong>Los Aguas Aguas<\/strong>abri\u00e9ndole a&nbsp;bandas cuasi m\u00edticas como&nbsp;<strong>Caifanes<\/strong>, al&nbsp;<strong>Tri de Lora<\/strong>&nbsp;o a&nbsp;<strong>Caf\u00e9 Tacuba<\/strong>.<\/p>\n\n\n\n<p>\u00a1Era un evento de talla mundial!<\/p>\n\n\n\n<p>El extraordinario show de luz y sonido \u201cLuz y Voces del Taj\u00edn\u201d producido por el franc\u00e9s&nbsp;<strong>Yves Pepin<\/strong>&nbsp;o \u201cTaj\u00edn Vive\u201d, cuya fila para entrar llegaba de la zona arqueol\u00f3gica hasta m\u00e1s all\u00e1 del Takhilsukut&nbsp;era suficiente para que miles de turistas, nacionales y extranjeros se dieran cita en ese lugar.<\/p>\n\n\n\n<p>En resumen era un&nbsp;espect\u00e1culo digno de Veracruz; un Veracruz&nbsp;que aspiraba a trascender, que fue inspiraci\u00f3n y asombro de propios y extra\u00f1os, que era esperado a\u00f1o con a\u00f1o por los cr\u00edticos m\u00e1s&nbsp;feroces&nbsp;del pa\u00eds y que nunca sal\u00edan defraudados.&nbsp;<strong>Gast\u00f3n Melo<\/strong>&nbsp;y&nbsp;<strong>Salom\u00f3n Bazbaz<\/strong>, los art\u00edfices de aquellos lustres, mejor recordar que imaginar.<\/p>\n\n\n\n<p>Hoy en d\u00eda, el cartel, tanto hablar del arte&nbsp;mismo&nbsp;como del elenco, es digno, mucho, pero de una feria de pueblo, sin menospreciar a estas para nada, pues es un secreto a voces que el cartel de la Feria de Banderilla es mejor que Cumbre Taj\u00edn 2025.<\/p>\n\n\n\n<p>Un estado que busca ponerse de moda debe apostarle, invertir en espect\u00e1culos de calidad, para que la gente que viene sea de todos lados del&nbsp;orbe&nbsp;y ah\u00ed&nbsp;s\u00ed,&nbsp;se pueda hablar&nbsp;bien&nbsp;de Veracruz en todo el Mundo, porque Veracruz lo tiene todo.<\/p>\n\n\n\n<p>S\u00f3lo falta que alguien vaya por ah\u00ed&nbsp;vaya&nbsp;a salir con el discurso simplista de que aquellos&nbsp;eran artistas (verdaderos artistas) para&nbsp;los conservadores y no para el pueblo bueno y sabio, porque ah\u00ed&nbsp;en el forodel Takhilsukut, lo mismo conviv\u00edan conservadores que liberales, ricos y pobres,&nbsp;pueblo\u2026&nbsp;porque era para todos y todos, hablaban maravillas de Cumbre Taj\u00edn.<\/p>\n\n\n\n<p>*****<\/p>\n\n\n\n<p>La contienda por la alcald\u00eda de Xalapa se pone cada vez m\u00e1s interesante.<\/p>\n\n\n\n<p>Resulta que de&nbsp;no&nbsp;pasar otra cosa, este jueves, la diputada&nbsp;local&nbsp;<strong>El\u00edzabeth Morales<\/strong>&nbsp;se estar\u00eda registrando en el PT como aspirante a la candidatura, con lo que &nbsp;ya estar\u00eda completa la baraja partidista en la capital del estado rumbo al 1 de junio, la exalcaldesa se enfrenta a un escenario diferente a su primera vez, enfrentada con medios&nbsp;de comunicaci\u00f3n&nbsp;y varios negativos encima, aunque ciertamente muy conocida.<\/p>\n\n\n\n<p><strong>Daniel<\/strong><strong>a<\/strong><strong>&nbsp;Griego<\/strong>&nbsp;es la virtual abanderada por Morena y los jaloneos internos para completar la planilla siguen a todo lo que da, pues nadie da su brazo a torcer, incluso voces como la de&nbsp;<strong>Juan Vergel<\/strong>&nbsp;que se niegan a aceptar la imposici\u00f3n.<\/p>\n\n\n\n<p>Por Movimiento Ciudadano,&nbsp;<strong>Rom\u00e1n Moreno<\/strong>&nbsp;busca dar la campanada, con un partido naranja que viene creciendo a pasos agigantados en todas las elecciones y una tendencia que no se ve c\u00f3mo cambie que busca posicionarse como segunda fuerza a nivel estatal; adem\u00e1s, Rom\u00e1n aprovech\u00f3 al m\u00e1ximo la precampa\u00f1a para posicionarse en el \u00e1nimo de la ciudadan\u00eda, con un notable crecimiento en el conocimiento de imagen, gente de pueblo, bonach\u00f3n, tirado pa\u2019lante, pero con la experiencia de haber participado ya en una elecci\u00f3n y adem\u00e1s \u00e9xito en los negocios, lo que garantiza una administraci\u00f3n municipal eficaz y eficiente.<\/p>\n\n\n\n<p>Por el PRI,&nbsp;<strong>Silvio Lagos Galindo<\/strong>&nbsp;va a poner su experiencia en el \u00e1mbito legislativo y cargos federales para buscar dar la campanada y sacar lana para Xalapa hasta de donde no haya.<\/p>\n\n\n\n<p>Ah, y tambi\u00e9n&nbsp;<strong>Maribel<\/strong>&nbsp;(Mabel en sus redes)&nbsp;<strong>Ram\u00edrez Topete<\/strong>, neopanista ex emecista, que al final se hizo de la candidatura blanquiazul, contra los intereses mismos de los \u201cpanistas de cepa\u201d, que no est\u00e1n para nada contentos con la designaci\u00f3n, ni con las posiciones en la planilla y que han jurado jugarla en otro lado.<\/p>\n\n\n\n<p>As\u00ed las cosas\u2026&nbsp;hasta el momento.<\/p>\n\n\n\n<p>\u00a1Qu\u00e9 barbaridad!<\/p>\n\n\n\n<p>deprimera.mano2020@gmail.com<\/p>\n","protected":false},"excerpt":{"rendered":"<p>Omar Z\u00fa\u00f1iga De Primera Mano La magistrada presidenta de la Sala Regional Xalapa del Poder Judicial de la Federaci\u00f3n, la guapa xalape\u00f1a&nbsp;Eva Barrientos Zepeda, tiene ya todo listo para arrancar su campa\u00f1a el pr\u00f3ximo domingo 30 de marzo, que ante la falta de presupuesto y la excesiva fiscalizaci\u00f3n, promete ser harto innovadora. La magistrada ha [&hellip;]<\/p>\n","protected":false},"author":2,"featured_media":119918,"comment_status":"closed","ping_status":"","sticky":false,"template":"","format":"standard","meta":{"tdm_status":"","tdm_grid_status":"","footnotes":""},"categories":[70],"tags":[6178,1026,195],"class_list":{"0":"post-139986","1":"post","2":"type-post","3":"status-publish","4":"format-standard","5":"has-post-thumbnail","7":"category-de-opinion","8":"tag-eva-barrientos-zepeda","9":"tag-morena","10":"tag-veracruz"},"yoast_head":"<!-- This site is optimized with the Yoast SEO plugin v27.4 - https:\/\/yoast.com\/product\/yoast-seo-wordpress\/ -->\n<title>EVA BARRIENTOS, LA OPCI\u00d3N - Los pol\u00edticos Veracruz<\/title>\n<meta name=\"robots\" content=\"index, follow, max-snippet:-1, max-image-preview:large, max-video-preview:-1\" \/>\n<link rel=\"canonical\" href=\"https:\/\/lospoliticosveracruz.com\/?p=139986\" \/>\n<meta property=\"og:locale\" content=\"es_ES\" \/>\n<meta property=\"og:type\" content=\"article\" \/>\n<meta property=\"og:title\" content=\"EVA BARRIENTOS, LA OPCI\u00d3N - Los pol\u00edticos Veracruz\" \/>\n<meta property=\"og:description\" content=\"Omar Z\u00fa\u00f1iga De Primera Mano La magistrada presidenta de la Sala Regional Xalapa del Poder Judicial de la Federaci\u00f3n, la guapa xalape\u00f1a&nbsp;Eva Barrientos Zepeda, tiene ya todo listo para arrancar su campa\u00f1a el pr\u00f3ximo domingo 30 de marzo, que ante la falta de presupuesto y la excesiva fiscalizaci\u00f3n, promete ser harto innovadora. La magistrada ha [&hellip;]\" \/>\n<meta property=\"og:url\" content=\"https:\/\/lospoliticosveracruz.com\/?p=139986\" \/>\n<meta property=\"og:site_name\" content=\"Los pol\u00edticos Veracruz\" \/>\n<meta property=\"article:publisher\" content=\"https:\/\/www.facebook.com\/people\/Notimemes-de-los-Polticos\/61565672886568\/\" \/>\n<meta property=\"article:published_time\" content=\"2025-03-19T13:26:22+00:00\" \/>\n<meta property=\"og:image\" content=\"https:\/\/lospoliticosveracruz.com\/wp-content\/uploads\/2024\/03\/Omar-Zuniga.jpg\" \/>\n\t<meta property=\"og:image:width\" content=\"1250\" \/>\n\t<meta property=\"og:image:height\" content=\"667\" \/>\n\t<meta property=\"og:image:type\" content=\"image\/jpeg\" \/>\n<meta name=\"author\" content=\"Lo viste en Los Pol\u00edticos\" \/>\n<meta name=\"twitter:card\" content=\"summary_large_image\" \/>\n<meta name=\"twitter:creator\" content=\"@LosPoliticosVer\" \/>\n<meta name=\"twitter:site\" content=\"@LosPoliticosVer\" \/>\n<meta name=\"twitter:label1\" content=\"Escrito por\" \/>\n\t<meta name=\"twitter:data1\" content=\"Lo viste en Los Pol\u00edticos\" \/>\n\t<meta name=\"twitter:label2\" content=\"Tiempo de lectura\" \/>\n\t<meta name=\"twitter:data2\" content=\"6 minutos\" \/>\n<script type=\"application\/ld+json\" class=\"yoast-schema-graph\">{\"@context\":\"https:\\\/\\\/schema.org\",\"@graph\":[{\"@type\":\"Article\",\"@id\":\"https:\\\/\\\/lospoliticosveracruz.com\\\/?p=139986#article\",\"isPartOf\":{\"@id\":\"https:\\\/\\\/lospoliticosveracruz.com\\\/?p=139986\"},\"author\":{\"name\":\"Lo viste en Los Pol\u00edticos\",\"@id\":\"https:\\\/\\\/lospoliticosveracruz.com\\\/#\\\/schema\\\/person\\\/b8702bb0e538456e6efd07080bf2a4a2\"},\"headline\":\"EVA BARRIENTOS, LA OPCI\u00d3N\",\"datePublished\":\"2025-03-19T13:26:22+00:00\",\"mainEntityOfPage\":{\"@id\":\"https:\\\/\\\/lospoliticosveracruz.com\\\/?p=139986\"},\"wordCount\":1222,\"publisher\":{\"@id\":\"https:\\\/\\\/lospoliticosveracruz.com\\\/#organization\"},\"image\":{\"@id\":\"https:\\\/\\\/lospoliticosveracruz.com\\\/?p=139986#primaryimage\"},\"thumbnailUrl\":\"https:\\\/\\\/lospoliticosveracruz.com\\\/wp-content\\\/uploads\\\/2024\\\/03\\\/Omar-Zuniga.jpg\",\"keywords\":[\"Eva Barrientos Zepeda\",\"Morena\",\"Veracruz\"],\"articleSection\":[\"De Opini\u00f3n\"],\"inLanguage\":\"es\"},{\"@type\":\"WebPage\",\"@id\":\"https:\\\/\\\/lospoliticosveracruz.com\\\/?p=139986\",\"url\":\"https:\\\/\\\/lospoliticosveracruz.com\\\/?p=139986\",\"name\":\"EVA BARRIENTOS, LA OPCI\u00d3N - Los pol\u00edticos Veracruz\",\"isPartOf\":{\"@id\":\"https:\\\/\\\/lospoliticosveracruz.com\\\/#website\"},\"primaryImageOfPage\":{\"@id\":\"https:\\\/\\\/lospoliticosveracruz.com\\\/?p=139986#primaryimage\"},\"image\":{\"@id\":\"https:\\\/\\\/lospoliticosveracruz.com\\\/?p=139986#primaryimage\"},\"thumbnailUrl\":\"https:\\\/\\\/lospoliticosveracruz.com\\\/wp-content\\\/uploads\\\/2024\\\/03\\\/Omar-Zuniga.jpg\",\"datePublished\":\"2025-03-19T13:26:22+00:00\",\"breadcrumb\":{\"@id\":\"https:\\\/\\\/lospoliticosveracruz.com\\\/?p=139986#breadcrumb\"},\"inLanguage\":\"es\",\"potentialAction\":[{\"@type\":\"ReadAction\",\"target\":[\"https:\\\/\\\/lospoliticosveracruz.com\\\/?p=139986\"]}]},{\"@type\":\"ImageObject\",\"inLanguage\":\"es\",\"@id\":\"https:\\\/\\\/lospoliticosveracruz.com\\\/?p=139986#primaryimage\",\"url\":\"https:\\\/\\\/lospoliticosveracruz.com\\\/wp-content\\\/uploads\\\/2024\\\/03\\\/Omar-Zuniga.jpg\",\"contentUrl\":\"https:\\\/\\\/lospoliticosveracruz.com\\\/wp-content\\\/uploads\\\/2024\\\/03\\\/Omar-Zuniga.jpg\",\"width\":1250,\"height\":667},{\"@type\":\"BreadcrumbList\",\"@id\":\"https:\\\/\\\/lospoliticosveracruz.com\\\/?p=139986#breadcrumb\",\"itemListElement\":[{\"@type\":\"ListItem\",\"position\":1,\"name\":\"Portada\",\"item\":\"https:\\\/\\\/lospoliticosveracruz.com\\\/\"},{\"@type\":\"ListItem\",\"position\":2,\"name\":\"EVA BARRIENTOS, LA OPCI\u00d3N\"}]},{\"@type\":\"WebSite\",\"@id\":\"https:\\\/\\\/lospoliticosveracruz.com\\\/#website\",\"url\":\"https:\\\/\\\/lospoliticosveracruz.com\\\/\",\"name\":\"Los pol\u00edticos Veracruz\",\"description\":\"\",\"publisher\":{\"@id\":\"https:\\\/\\\/lospoliticosveracruz.com\\\/#organization\"},\"potentialAction\":[{\"@type\":\"SearchAction\",\"target\":{\"@type\":\"EntryPoint\",\"urlTemplate\":\"https:\\\/\\\/lospoliticosveracruz.com\\\/?s={search_term_string}\"},\"query-input\":{\"@type\":\"PropertyValueSpecification\",\"valueRequired\":true,\"valueName\":\"search_term_string\"}}],\"inLanguage\":\"es\"},{\"@type\":\"Organization\",\"@id\":\"https:\\\/\\\/lospoliticosveracruz.com\\\/#organization\",\"name\":\"Los pol\u00edticos Veracruz\",\"url\":\"https:\\\/\\\/lospoliticosveracruz.com\\\/\",\"logo\":{\"@type\":\"ImageObject\",\"inLanguage\":\"es\",\"@id\":\"https:\\\/\\\/lospoliticosveracruz.com\\\/#\\\/schema\\\/logo\\\/image\\\/\",\"url\":\"https:\\\/\\\/lospoliticosveracruz.com\\\/wp-content\\\/uploads\\\/2025\\\/12\\\/Logo-Nuevo-LOS-POLITICOS-1.jpg\",\"contentUrl\":\"https:\\\/\\\/lospoliticosveracruz.com\\\/wp-content\\\/uploads\\\/2025\\\/12\\\/Logo-Nuevo-LOS-POLITICOS-1.jpg\",\"width\":260,\"height\":70,\"caption\":\"Los pol\u00edticos Veracruz\"},\"image\":{\"@id\":\"https:\\\/\\\/lospoliticosveracruz.com\\\/#\\\/schema\\\/logo\\\/image\\\/\"},\"sameAs\":[\"https:\\\/\\\/www.facebook.com\\\/people\\\/Notimemes-de-los-Polticos\\\/61565672886568\\\/\",\"https:\\\/\\\/x.com\\\/LosPoliticosVer\"]},{\"@type\":\"Person\",\"@id\":\"https:\\\/\\\/lospoliticosveracruz.com\\\/#\\\/schema\\\/person\\\/b8702bb0e538456e6efd07080bf2a4a2\",\"name\":\"Lo viste en Los Pol\u00edticos\",\"image\":{\"@type\":\"ImageObject\",\"inLanguage\":\"es\",\"@id\":\"https:\\\/\\\/secure.gravatar.com\\\/avatar\\\/3a8de04a2656d44082be478bd6c086daa447c4651605818287b9532d3d0bd435?s=96&d=mm&r=g\",\"url\":\"https:\\\/\\\/secure.gravatar.com\\\/avatar\\\/3a8de04a2656d44082be478bd6c086daa447c4651605818287b9532d3d0bd435?s=96&d=mm&r=g\",\"contentUrl\":\"https:\\\/\\\/secure.gravatar.com\\\/avatar\\\/3a8de04a2656d44082be478bd6c086daa447c4651605818287b9532d3d0bd435?s=96&d=mm&r=g\",\"caption\":\"Lo viste en Los Pol\u00edticos\"},\"url\":\"https:\\\/\\\/lospoliticosveracruz.com\\\/?author=2\"}]}<\/script>\n<!-- \/ Yoast SEO plugin. -->","yoast_head_json":{"title":"EVA BARRIENTOS, LA OPCI\u00d3N - Los pol\u00edticos Veracruz","robots":{"index":"index","follow":"follow","max-snippet":"max-snippet:-1","max-image-preview":"max-image-preview:large","max-video-preview":"max-video-preview:-1"},"canonical":"https:\/\/lospoliticosveracruz.com\/?p=139986","og_locale":"es_ES","og_type":"article","og_title":"EVA BARRIENTOS, LA OPCI\u00d3N - Los pol\u00edticos Veracruz","og_description":"Omar Z\u00fa\u00f1iga De Primera Mano La magistrada presidenta de la Sala Regional Xalapa del Poder Judicial de la Federaci\u00f3n, la guapa xalape\u00f1a&nbsp;Eva Barrientos Zepeda, tiene ya todo listo para arrancar su campa\u00f1a el pr\u00f3ximo domingo 30 de marzo, que ante la falta de presupuesto y la excesiva fiscalizaci\u00f3n, promete ser harto innovadora. La magistrada ha [&hellip;]","og_url":"https:\/\/lospoliticosveracruz.com\/?p=139986","og_site_name":"Los pol\u00edticos Veracruz","article_publisher":"https:\/\/www.facebook.com\/people\/Notimemes-de-los-Polticos\/61565672886568\/","article_published_time":"2025-03-19T13:26:22+00:00","og_image":[{"width":1250,"height":667,"url":"https:\/\/lospoliticosveracruz.com\/wp-content\/uploads\/2024\/03\/Omar-Zuniga.jpg","type":"image\/jpeg"}],"author":"Lo viste en Los Pol\u00edticos","twitter_card":"summary_large_image","twitter_creator":"@LosPoliticosVer","twitter_site":"@LosPoliticosVer","twitter_misc":{"Escrito por":"Lo viste en Los Pol\u00edticos","Tiempo de lectura":"6 minutos"},"schema":{"@context":"https:\/\/schema.org","@graph":[{"@type":"Article","@id":"https:\/\/lospoliticosveracruz.com\/?p=139986#article","isPartOf":{"@id":"https:\/\/lospoliticosveracruz.com\/?p=139986"},"author":{"name":"Lo viste en Los Pol\u00edticos","@id":"https:\/\/lospoliticosveracruz.com\/#\/schema\/person\/b8702bb0e538456e6efd07080bf2a4a2"},"headline":"EVA BARRIENTOS, LA OPCI\u00d3N","datePublished":"2025-03-19T13:26:22+00:00","mainEntityOfPage":{"@id":"https:\/\/lospoliticosveracruz.com\/?p=139986"},"wordCount":1222,"publisher":{"@id":"https:\/\/lospoliticosveracruz.com\/#organization"},"image":{"@id":"https:\/\/lospoliticosveracruz.com\/?p=139986#primaryimage"},"thumbnailUrl":"https:\/\/lospoliticosveracruz.com\/wp-content\/uploads\/2024\/03\/Omar-Zuniga.jpg","keywords":["Eva Barrientos Zepeda","Morena","Veracruz"],"articleSection":["De Opini\u00f3n"],"inLanguage":"es"},{"@type":"WebPage","@id":"https:\/\/lospoliticosveracruz.com\/?p=139986","url":"https:\/\/lospoliticosveracruz.com\/?p=139986","name":"EVA BARRIENTOS, LA OPCI\u00d3N - Los pol\u00edticos Veracruz","isPartOf":{"@id":"https:\/\/lospoliticosveracruz.com\/#website"},"primaryImageOfPage":{"@id":"https:\/\/lospoliticosveracruz.com\/?p=139986#primaryimage"},"image":{"@id":"https:\/\/lospoliticosveracruz.com\/?p=139986#primaryimage"},"thumbnailUrl":"https:\/\/lospoliticosveracruz.com\/wp-content\/uploads\/2024\/03\/Omar-Zuniga.jpg","datePublished":"2025-03-19T13:26:22+00:00","breadcrumb":{"@id":"https:\/\/lospoliticosveracruz.com\/?p=139986#breadcrumb"},"inLanguage":"es","potentialAction":[{"@type":"ReadAction","target":["https:\/\/lospoliticosveracruz.com\/?p=139986"]}]},{"@type":"ImageObject","inLanguage":"es","@id":"https:\/\/lospoliticosveracruz.com\/?p=139986#primaryimage","url":"https:\/\/lospoliticosveracruz.com\/wp-content\/uploads\/2024\/03\/Omar-Zuniga.jpg","contentUrl":"https:\/\/lospoliticosveracruz.com\/wp-content\/uploads\/2024\/03\/Omar-Zuniga.jpg","width":1250,"height":667},{"@type":"BreadcrumbList","@id":"https:\/\/lospoliticosveracruz.com\/?p=139986#breadcrumb","itemListElement":[{"@type":"ListItem","position":1,"name":"Portada","item":"https:\/\/lospoliticosveracruz.com\/"},{"@type":"ListItem","position":2,"name":"EVA BARRIENTOS, LA OPCI\u00d3N"}]},{"@type":"WebSite","@id":"https:\/\/lospoliticosveracruz.com\/#website","url":"https:\/\/lospoliticosveracruz.com\/","name":"Los pol\u00edticos Veracruz","description":"","publisher":{"@id":"https:\/\/lospoliticosveracruz.com\/#organization"},"potentialAction":[{"@type":"SearchAction","target":{"@type":"EntryPoint","urlTemplate":"https:\/\/lospoliticosveracruz.com\/?s={search_term_string}"},"query-input":{"@type":"PropertyValueSpecification","valueRequired":true,"valueName":"search_term_string"}}],"inLanguage":"es"},{"@type":"Organization","@id":"https:\/\/lospoliticosveracruz.com\/#organization","name":"Los pol\u00edticos Veracruz","url":"https:\/\/lospoliticosveracruz.com\/","logo":{"@type":"ImageObject","inLanguage":"es","@id":"https:\/\/lospoliticosveracruz.com\/#\/schema\/logo\/image\/","url":"https:\/\/lospoliticosveracruz.com\/wp-content\/uploads\/2025\/12\/Logo-Nuevo-LOS-POLITICOS-1.jpg","contentUrl":"https:\/\/lospoliticosveracruz.com\/wp-content\/uploads\/2025\/12\/Logo-Nuevo-LOS-POLITICOS-1.jpg","width":260,"height":70,"caption":"Los pol\u00edticos Veracruz"},"image":{"@id":"https:\/\/lospoliticosveracruz.com\/#\/schema\/logo\/image\/"},"sameAs":["https:\/\/www.facebook.com\/people\/Notimemes-de-los-Polticos\/61565672886568\/","https:\/\/x.com\/LosPoliticosVer"]},{"@type":"Person","@id":"https:\/\/lospoliticosveracruz.com\/#\/schema\/person\/b8702bb0e538456e6efd07080bf2a4a2","name":"Lo viste en Los Pol\u00edticos","image":{"@type":"ImageObject","inLanguage":"es","@id":"https:\/\/secure.gravatar.com\/avatar\/3a8de04a2656d44082be478bd6c086daa447c4651605818287b9532d3d0bd435?s=96&d=mm&r=g","url":"https:\/\/secure.gravatar.com\/avatar\/3a8de04a2656d44082be478bd6c086daa447c4651605818287b9532d3d0bd435?s=96&d=mm&r=g","contentUrl":"https:\/\/secure.gravatar.com\/avatar\/3a8de04a2656d44082be478bd6c086daa447c4651605818287b9532d3d0bd435?s=96&d=mm&r=g","caption":"Lo viste en Los Pol\u00edticos"},"url":"https:\/\/lospoliticosveracruz.com\/?author=2"}]}},"_links":{"self":[{"href":"https:\/\/lospoliticosveracruz.com\/index.php?rest_route=\/wp\/v2\/posts\/139986","targetHints":{"allow":["GET"]}}],"collection":[{"href":"https:\/\/lospoliticosveracruz.com\/index.php?rest_route=\/wp\/v2\/posts"}],"about":[{"href":"https:\/\/lospoliticosveracruz.com\/index.php?rest_route=\/wp\/v2\/types\/post"}],"author":[{"embeddable":true,"href":"https:\/\/lospoliticosveracruz.com\/index.php?rest_route=\/wp\/v2\/users\/2"}],"replies":[{"embeddable":true,"href":"https:\/\/lospoliticosveracruz.com\/index.php?rest_route=%2Fwp%2Fv2%2Fcomments&post=139986"}],"version-history":[{"count":1,"href":"https:\/\/lospoliticosveracruz.com\/index.php?rest_route=\/wp\/v2\/posts\/139986\/revisions"}],"predecessor-version":[{"id":139987,"href":"https:\/\/lospoliticosveracruz.com\/index.php?rest_route=\/wp\/v2\/posts\/139986\/revisions\/139987"}],"wp:featuredmedia":[{"embeddable":true,"href":"https:\/\/lospoliticosveracruz.com\/index.php?rest_route=\/wp\/v2\/media\/119918"}],"wp:attachment":[{"href":"https:\/\/lospoliticosveracruz.com\/index.php?rest_route=%2Fwp%2Fv2%2Fmedia&parent=139986"}],"wp:term":[{"taxonomy":"category","embeddable":true,"href":"https:\/\/lospoliticosveracruz.com\/index.php?rest_route=%2Fwp%2Fv2%2Fcategories&post=139986"},{"taxonomy":"post_tag","embeddable":true,"href":"https:\/\/lospoliticosveracruz.com\/index.php?rest_route=%2Fwp%2Fv2%2Ftags&post=139986"}],"curies":[{"name":"wp","href":"https:\/\/api.w.org\/{rel}","templated":true}]}}