{"id":14006,"date":"2014-12-08T19:05:14","date_gmt":"2014-12-09T01:05:14","guid":{"rendered":"http:\/\/www.lospoliticosveracruz.com.mx\/?p=14006"},"modified":"2014-12-08T19:05:14","modified_gmt":"2014-12-09T01:05:14","slug":"cecytev-y-los-aviadores-de-fuerza-veracruz","status":"publish","type":"post","link":"https:\/\/lospoliticosveracruz.com\/?p=14006","title":{"rendered":"CecyTev y los aviadores de Fuerza Veracruz"},"content":{"rendered":"<p><a href=\"http:\/\/www.lospoliticosveracruz.com.mx\/wp-content\/uploads\/2014\/12\/Fernando-Arteaga-Aponte.jpg\"><img loading=\"lazy\" decoding=\"async\" class=\"alignnone size-medium wp-image-14008\" src=\"http:\/\/www.lospoliticosveracruz.com.mx\/wp-content\/uploads\/2014\/12\/Fernando-Arteaga-Aponte-300x168.jpg\" alt=\"Fernando Arteaga Aponte\" width=\"300\" height=\"168\" \/><\/a><\/p>\n<p><strong>Claudia Guerrero<\/strong><\/p>\n<p><em>Entre lo ut\u00f3pico y lo verdadero<\/em><\/p>\n<p>&nbsp;<\/p>\n<p>Al destapar la caja de Pandora y denunciar las anomal\u00edas y nepotismo prevaleciente en el Colegio de Estudios Cient\u00edficos y Tecnol\u00f3gicos del Estado de Veracruz (CECyTEV), inteligentes lectores nos han entregado documentaci\u00f3n que amparan m\u00e1s corrupci\u00f3n dentro de \u00e9sta dependencia, perteneciente a la Secretar\u00eda de Educaci\u00f3n de Veracruz, la cual, tiene como titular el gris Adolfo Mota Hern\u00e1ndez\u2026<\/p>\n<p>Y sobresale una lista de empleados, que casualmente o de manera dictatorial, son familiares, amigos y compadres de Fernando Arteaga Aponte, titular de CECyTEV, la cual y en anteriores entregas, hemos publicado y adem\u00e1s, ventilado la desverg\u00fcenza de este funcionario estatal, apodado \u201cEl Huevo\u201d, quien tambi\u00e9n aspira a seguir en la ubre gubernamental de la SEV\u2026 Y tenemos m\u00e1s datos reveladores\u2026<\/p>\n<p>Fernando Arteaga Aponte cuenta con una Asociaci\u00f3n Civil llamada Fuerza Veracruz, con el slogan \u201cFuerza, aptitud y actitud\u201d (FAA) Ella se mantiene de recursos provenientes de la SEV y del propio Colegio, pagando todos sus gastos de operaci\u00f3n y hasta comida y cenas con cargo al erario estatal, como la pr\u00f3xima a realizarse en el Puerto de Veracruz, en el Sal\u00f3n Cueva del Club de Leones, este 14 de diciembre del presente, a las 13:30, en donde anuncian la rifa de regalos con la liga: https:\/\/www.facebook.com\/Fuerza.VeracruzconAptitudyActitud&#8230; En ella, se pretende medir la simpat\u00eda de Arteaga Aponte para aspirar a una diputaci\u00f3n federal o en el menor de los casos, permanecer en el CECyTEV con los pr\u00f3ximos cambios de Secretario de Educaci\u00f3n y con la por fin salida de Adolfo \u201cMotita\u201d de la SEV\u2026<\/p>\n<p>Y para que estemos enterados de qui\u00e9nes integran la Asociaci\u00f3n Fuerza Veracruz (FAA), aqu\u00ed la lista de familiares, compadres, prestanombres, aviadores y amigos cercanos de Fernando Arteaga Aponte:<br \/>\n1. Mart\u00ednez Torres Ra\u00fal.- Aviador.<\/p>\n<p>2. Ochoa Candiani Guadalupe Ladimira.- Aviadora.<\/p>\n<p>3. Romero Lara Liliana.- Aviadora.<\/p>\n<p>4. S\u00e1nchez Sosa \u00c1lvaro.- Director del Plantel Palma Sola.<\/p>\n<p>5. Contreras Castillo Jaime.- Chofer.<\/p>\n<p>6. Aja Arteaga Alicia.- Aviadora.<\/p>\n<p>7. Reyes Betancourt Esperanza.- Directora Plantel de Medell\u00edn y comadre de la familia.<\/p>\n<p>8. Espino Mart\u00ednez Ernesto.-Auxiliar Administrativo Plantel Las Lomas.<\/p>\n<p>9. Perea Hermida Nadia.- Subcoordinadora Administrativa Plantel Catemaco.<\/p>\n<p>10. Narv\u00e1ez P\u00e9rez Luc\u00eda.- Auxiliar en Recursos Materiales.<\/p>\n<p>11. Mijangos Gonz\u00e1lez Claudia.- Coordinadora Administrativa Plantel Veracruz.<\/p>\n<p>12. Mart\u00ednez Jamed Santa.- Aviadora y cobra como Coordinadora.<\/p>\n<p>13. Ferrari Pardi\u00f1o Estefan\u00eda.- Aviadora y cobra como Coordinadora.<\/p>\n<p>14. Espinoza Leal Mar\u00eda Eugenia.- Directora Plantel Yanga y recibe beneficios exclusivos desde la Direcci\u00f3n General.<\/p>\n<p>15. Garc\u00eda Zurita Mario.- Aviador y tambi\u00e9n cobra en el Ayuntamiento de Veracruz.<\/p>\n<p>16. Romero Herreros Rom\u00e1n.- Chofer de la esposa de Fernando Arteaga Aponte.<\/p>\n<p>17. Lara Huerta Martha.- Aviadora.<\/p>\n<p>18. Del Moral Huerta Gissel.- Coordinadora Acad\u00e9mica Plantel Atz\u00e1lan.<\/p>\n<p>19. Restrepo Gazca Ivo Luis.- Jefe de Departamento de Recursos Materiales y cu\u00f1ado inc\u00f3modo de Fernando Arteaga Aponte.<\/p>\n<p>20. Bravo Zurita Carlos.- Coordinador de Servicios Generales.<\/p>\n<p>21. Tlaxcalteco V\u00e1zquez \u00c9rika.- Coordinadora y Fot\u00f3grafa personal sin estudios.<\/p>\n<p>22. Vallejo Barradas Lilia Crystell.- Coordinadora Administrativa Plantel Las Lomas.<\/p>\n<p>23. Banda Carvajal Deysi.- Coordinadora Acad\u00e9mica Plantel Medell\u00edn.<\/p>\n<p>24. Espino Mart\u00ednez Argelia Esther.- Coordinadora Acad\u00e9mica Plantel Las Lomas y cercana a Fernando Arteaga.<\/p>\n<p>25. Solub Ledezma Christian Paul.- Coordinador Administrativo Plantel Medell\u00edn.<\/p>\n<p>26. Romero Aponte Eusebio.- Director Plantel Huitzila.<\/p>\n<p>27. Morales Garc\u00eda Abel.- Coordinador Administrativo Plante Huatusco.<\/p>\n<p>28. Arteaga Lara Joel.- Coordinador Administrativo Plantel Ciudad Mendoza.<\/p>\n<p>29. Tob\u00f3n Acosta Grecia.- Coordinadora Administrativa Plantel Palma Sola.<\/p>\n<p>30. Andrade M\u00e9ndez Jos\u00e9 Guadalupe.- Director Plantel de las Lomas.<\/p>\n<p>31. Avil\u00e9s Gerardo Jos\u00e9 Antonio.- Director Plantel Benito Ju\u00e1rez.<\/p>\n<p>32. Nanni Garc\u00eda Alfonso.- Director Plantel de Veracruz y aparte, cobra una plaza federal en la SEV.<\/p>\n<p>33. Uscanga Romero Rub\u00ed.- Aviadora y cobra como Coordinadora. Trabaja en la delegaci\u00f3n de la SEV Veracruz.<\/p>\n<p>34. Torres Ibarra Virgilio.- Secretario Particular y cobra como subdirector.<\/p>\n<p>Como vemos, Fernando Arteaga Aponte es un sinverg\u00fcenza que utiliza las siglas del CECyTEV para su beneficio personal y pol\u00edtico, adem\u00e1s, nos enteramos que con base a nuestras publicaciones, Arteaga Aponte busc\u00f3 nuestras fuentes y despidi\u00f3 a personal inocente\u2026 Lo que no sabe, es que nuestras \u201cgargantas profundas\u201d contin\u00faan intactas y esto nos da libertad para seguir publicando m\u00e1s actos de corrupci\u00f3n dentro de \u00e9sta dependencia estatal\u2026 Y es seguro, de no destituir a este corrupto servidor p\u00fablico, seguiremos publicando m\u00e1s y m\u00e1s datos de sus acciones soberbias y de nepotismo puro\u2026<\/p>\n<p>Notita importante: No se les olvide, que tenemos dos citas: Una, en el programa Arena Pol\u00edtica, conducido por Tom\u00e1s Gonz\u00e1lez Corro y la que aqu\u00ed escribe, Claudia Guerrero Mart\u00ednez, todos los jueves, a las 19:00, en www.periodicoveraz.com y www.agendamx.org. La otra, en el programa C\u00edrculo Rojo del Periodismo Veracruzano, conducido por Virginia Dur\u00e1n Campollo, Armando Ortiz y su servidora Claudia Guerrero Mart\u00ednez, todos los viernes, a las 19:00, en www.periodicoveraz.com y en alianza con www.eldemocrata.com. Los esperamos<\/p>\n","protected":false},"excerpt":{"rendered":"<p>Claudia Guerrero Entre lo ut\u00f3pico y lo verdadero &nbsp; Al destapar la caja de Pandora y denunciar las anomal\u00edas y nepotismo prevaleciente en el Colegio de Estudios Cient\u00edficos y Tecnol\u00f3gicos del Estado de Veracruz (CECyTEV), inteligentes lectores nos han entregado documentaci\u00f3n que amparan m\u00e1s corrupci\u00f3n dentro de \u00e9sta dependencia, perteneciente a la Secretar\u00eda de Educaci\u00f3n [&hellip;]<\/p>\n","protected":false},"author":2,"featured_media":0,"comment_status":"open","ping_status":"open","sticky":false,"template":"","format":"standard","meta":{"tdm_status":"","tdm_grid_status":"","footnotes":""},"categories":[70],"tags":[1182,1183,1184],"class_list":{"0":"post-14006","1":"post","2":"type-post","3":"status-publish","4":"format-standard","6":"category-de-opinion","7":"tag-cecytev","8":"tag-fernando-arteaga-aponte","9":"tag-fuerza-veracruz"},"yoast_head":"<!-- This site is optimized with the Yoast SEO plugin v27.4 - https:\/\/yoast.com\/product\/yoast-seo-wordpress\/ -->\n<title>CecyTev y los aviadores de Fuerza Veracruz - Los pol\u00edticos Veracruz<\/title>\n<meta name=\"robots\" content=\"index, follow, max-snippet:-1, max-image-preview:large, max-video-preview:-1\" \/>\n<link rel=\"canonical\" href=\"https:\/\/lospoliticosveracruz.com\/?p=14006\" \/>\n<meta property=\"og:locale\" content=\"es_ES\" \/>\n<meta property=\"og:type\" content=\"article\" \/>\n<meta property=\"og:title\" content=\"CecyTev y los aviadores de Fuerza Veracruz - Los pol\u00edticos Veracruz\" \/>\n<meta property=\"og:description\" content=\"Claudia Guerrero Entre lo ut\u00f3pico y lo verdadero &nbsp; Al destapar la caja de Pandora y denunciar las anomal\u00edas y nepotismo prevaleciente en el Colegio de Estudios Cient\u00edficos y Tecnol\u00f3gicos del Estado de Veracruz (CECyTEV), inteligentes lectores nos han entregado documentaci\u00f3n que amparan m\u00e1s corrupci\u00f3n dentro de \u00e9sta dependencia, perteneciente a la Secretar\u00eda de Educaci\u00f3n [&hellip;]\" \/>\n<meta property=\"og:url\" content=\"https:\/\/lospoliticosveracruz.com\/?p=14006\" \/>\n<meta property=\"og:site_name\" content=\"Los pol\u00edticos Veracruz\" \/>\n<meta property=\"article:publisher\" content=\"https:\/\/www.facebook.com\/people\/Notimemes-de-los-Polticos\/61565672886568\/\" \/>\n<meta property=\"article:published_time\" content=\"2014-12-09T01:05:14+00:00\" \/>\n<meta property=\"og:image\" content=\"http:\/\/www.lospoliticosveracruz.com.mx\/wp-content\/uploads\/2014\/12\/Fernando-Arteaga-Aponte-300x168.jpg\" \/>\n<meta name=\"author\" content=\"Lo viste en Los Pol\u00edticos\" \/>\n<meta name=\"twitter:card\" content=\"summary_large_image\" \/>\n<meta name=\"twitter:creator\" content=\"@LosPoliticosVer\" \/>\n<meta name=\"twitter:site\" content=\"@LosPoliticosVer\" \/>\n<meta name=\"twitter:label1\" content=\"Escrito por\" \/>\n\t<meta name=\"twitter:data1\" content=\"Lo viste en Los Pol\u00edticos\" \/>\n\t<meta name=\"twitter:label2\" content=\"Tiempo de lectura\" \/>\n\t<meta name=\"twitter:data2\" content=\"4 minutos\" \/>\n<script type=\"application\/ld+json\" class=\"yoast-schema-graph\">{\"@context\":\"https:\\\/\\\/schema.org\",\"@graph\":[{\"@type\":\"Article\",\"@id\":\"https:\\\/\\\/lospoliticosveracruz.com\\\/?p=14006#article\",\"isPartOf\":{\"@id\":\"https:\\\/\\\/lospoliticosveracruz.com\\\/?p=14006\"},\"author\":{\"name\":\"Lo viste en Los Pol\u00edticos\",\"@id\":\"https:\\\/\\\/lospoliticosveracruz.com\\\/#\\\/schema\\\/person\\\/b8702bb0e538456e6efd07080bf2a4a2\"},\"headline\":\"CecyTev y los aviadores de Fuerza Veracruz\",\"datePublished\":\"2014-12-09T01:05:14+00:00\",\"mainEntityOfPage\":{\"@id\":\"https:\\\/\\\/lospoliticosveracruz.com\\\/?p=14006\"},\"wordCount\":876,\"commentCount\":0,\"publisher\":{\"@id\":\"https:\\\/\\\/lospoliticosveracruz.com\\\/#organization\"},\"image\":{\"@id\":\"https:\\\/\\\/lospoliticosveracruz.com\\\/?p=14006#primaryimage\"},\"thumbnailUrl\":\"http:\\\/\\\/www.lospoliticosveracruz.com.mx\\\/wp-content\\\/uploads\\\/2014\\\/12\\\/Fernando-Arteaga-Aponte-300x168.jpg\",\"keywords\":[\"CECyTEV\",\"Fernando Arteaga Aponte\",\"Fuerza Veracruz\"],\"articleSection\":[\"De Opini\u00f3n\"],\"inLanguage\":\"es\",\"potentialAction\":[{\"@type\":\"CommentAction\",\"name\":\"Comment\",\"target\":[\"https:\\\/\\\/lospoliticosveracruz.com\\\/?p=14006#respond\"]}]},{\"@type\":\"WebPage\",\"@id\":\"https:\\\/\\\/lospoliticosveracruz.com\\\/?p=14006\",\"url\":\"https:\\\/\\\/lospoliticosveracruz.com\\\/?p=14006\",\"name\":\"CecyTev y los aviadores de Fuerza Veracruz - Los pol\u00edticos Veracruz\",\"isPartOf\":{\"@id\":\"https:\\\/\\\/lospoliticosveracruz.com\\\/#website\"},\"primaryImageOfPage\":{\"@id\":\"https:\\\/\\\/lospoliticosveracruz.com\\\/?p=14006#primaryimage\"},\"image\":{\"@id\":\"https:\\\/\\\/lospoliticosveracruz.com\\\/?p=14006#primaryimage\"},\"thumbnailUrl\":\"http:\\\/\\\/www.lospoliticosveracruz.com.mx\\\/wp-content\\\/uploads\\\/2014\\\/12\\\/Fernando-Arteaga-Aponte-300x168.jpg\",\"datePublished\":\"2014-12-09T01:05:14+00:00\",\"breadcrumb\":{\"@id\":\"https:\\\/\\\/lospoliticosveracruz.com\\\/?p=14006#breadcrumb\"},\"inLanguage\":\"es\",\"potentialAction\":[{\"@type\":\"ReadAction\",\"target\":[\"https:\\\/\\\/lospoliticosveracruz.com\\\/?p=14006\"]}]},{\"@type\":\"ImageObject\",\"inLanguage\":\"es\",\"@id\":\"https:\\\/\\\/lospoliticosveracruz.com\\\/?p=14006#primaryimage\",\"url\":\"http:\\\/\\\/www.lospoliticosveracruz.com.mx\\\/wp-content\\\/uploads\\\/2014\\\/12\\\/Fernando-Arteaga-Aponte-300x168.jpg\",\"contentUrl\":\"http:\\\/\\\/www.lospoliticosveracruz.com.mx\\\/wp-content\\\/uploads\\\/2014\\\/12\\\/Fernando-Arteaga-Aponte-300x168.jpg\"},{\"@type\":\"BreadcrumbList\",\"@id\":\"https:\\\/\\\/lospoliticosveracruz.com\\\/?p=14006#breadcrumb\",\"itemListElement\":[{\"@type\":\"ListItem\",\"position\":1,\"name\":\"Portada\",\"item\":\"https:\\\/\\\/lospoliticosveracruz.com\\\/\"},{\"@type\":\"ListItem\",\"position\":2,\"name\":\"CecyTev y los aviadores de Fuerza Veracruz\"}]},{\"@type\":\"WebSite\",\"@id\":\"https:\\\/\\\/lospoliticosveracruz.com\\\/#website\",\"url\":\"https:\\\/\\\/lospoliticosveracruz.com\\\/\",\"name\":\"Los pol\u00edticos Veracruz\",\"description\":\"\",\"publisher\":{\"@id\":\"https:\\\/\\\/lospoliticosveracruz.com\\\/#organization\"},\"potentialAction\":[{\"@type\":\"SearchAction\",\"target\":{\"@type\":\"EntryPoint\",\"urlTemplate\":\"https:\\\/\\\/lospoliticosveracruz.com\\\/?s={search_term_string}\"},\"query-input\":{\"@type\":\"PropertyValueSpecification\",\"valueRequired\":true,\"valueName\":\"search_term_string\"}}],\"inLanguage\":\"es\"},{\"@type\":\"Organization\",\"@id\":\"https:\\\/\\\/lospoliticosveracruz.com\\\/#organization\",\"name\":\"Los pol\u00edticos Veracruz\",\"url\":\"https:\\\/\\\/lospoliticosveracruz.com\\\/\",\"logo\":{\"@type\":\"ImageObject\",\"inLanguage\":\"es\",\"@id\":\"https:\\\/\\\/lospoliticosveracruz.com\\\/#\\\/schema\\\/logo\\\/image\\\/\",\"url\":\"https:\\\/\\\/lospoliticosveracruz.com\\\/wp-content\\\/uploads\\\/2025\\\/12\\\/Logo-Nuevo-LOS-POLITICOS-1.jpg\",\"contentUrl\":\"https:\\\/\\\/lospoliticosveracruz.com\\\/wp-content\\\/uploads\\\/2025\\\/12\\\/Logo-Nuevo-LOS-POLITICOS-1.jpg\",\"width\":260,\"height\":70,\"caption\":\"Los pol\u00edticos Veracruz\"},\"image\":{\"@id\":\"https:\\\/\\\/lospoliticosveracruz.com\\\/#\\\/schema\\\/logo\\\/image\\\/\"},\"sameAs\":[\"https:\\\/\\\/www.facebook.com\\\/people\\\/Notimemes-de-los-Polticos\\\/61565672886568\\\/\",\"https:\\\/\\\/x.com\\\/LosPoliticosVer\"]},{\"@type\":\"Person\",\"@id\":\"https:\\\/\\\/lospoliticosveracruz.com\\\/#\\\/schema\\\/person\\\/b8702bb0e538456e6efd07080bf2a4a2\",\"name\":\"Lo viste en Los Pol\u00edticos\",\"image\":{\"@type\":\"ImageObject\",\"inLanguage\":\"es\",\"@id\":\"https:\\\/\\\/secure.gravatar.com\\\/avatar\\\/3a8de04a2656d44082be478bd6c086daa447c4651605818287b9532d3d0bd435?s=96&d=mm&r=g\",\"url\":\"https:\\\/\\\/secure.gravatar.com\\\/avatar\\\/3a8de04a2656d44082be478bd6c086daa447c4651605818287b9532d3d0bd435?s=96&d=mm&r=g\",\"contentUrl\":\"https:\\\/\\\/secure.gravatar.com\\\/avatar\\\/3a8de04a2656d44082be478bd6c086daa447c4651605818287b9532d3d0bd435?s=96&d=mm&r=g\",\"caption\":\"Lo viste en Los Pol\u00edticos\"},\"url\":\"https:\\\/\\\/lospoliticosveracruz.com\\\/?author=2\"}]}<\/script>\n<!-- \/ Yoast SEO plugin. -->","yoast_head_json":{"title":"CecyTev y los aviadores de Fuerza Veracruz - Los pol\u00edticos Veracruz","robots":{"index":"index","follow":"follow","max-snippet":"max-snippet:-1","max-image-preview":"max-image-preview:large","max-video-preview":"max-video-preview:-1"},"canonical":"https:\/\/lospoliticosveracruz.com\/?p=14006","og_locale":"es_ES","og_type":"article","og_title":"CecyTev y los aviadores de Fuerza Veracruz - Los pol\u00edticos Veracruz","og_description":"Claudia Guerrero Entre lo ut\u00f3pico y lo verdadero &nbsp; Al destapar la caja de Pandora y denunciar las anomal\u00edas y nepotismo prevaleciente en el Colegio de Estudios Cient\u00edficos y Tecnol\u00f3gicos del Estado de Veracruz (CECyTEV), inteligentes lectores nos han entregado documentaci\u00f3n que amparan m\u00e1s corrupci\u00f3n dentro de \u00e9sta dependencia, perteneciente a la Secretar\u00eda de Educaci\u00f3n [&hellip;]","og_url":"https:\/\/lospoliticosveracruz.com\/?p=14006","og_site_name":"Los pol\u00edticos Veracruz","article_publisher":"https:\/\/www.facebook.com\/people\/Notimemes-de-los-Polticos\/61565672886568\/","article_published_time":"2014-12-09T01:05:14+00:00","og_image":[{"url":"http:\/\/www.lospoliticosveracruz.com.mx\/wp-content\/uploads\/2014\/12\/Fernando-Arteaga-Aponte-300x168.jpg","type":"","width":"","height":""}],"author":"Lo viste en Los Pol\u00edticos","twitter_card":"summary_large_image","twitter_creator":"@LosPoliticosVer","twitter_site":"@LosPoliticosVer","twitter_misc":{"Escrito por":"Lo viste en Los Pol\u00edticos","Tiempo de lectura":"4 minutos"},"schema":{"@context":"https:\/\/schema.org","@graph":[{"@type":"Article","@id":"https:\/\/lospoliticosveracruz.com\/?p=14006#article","isPartOf":{"@id":"https:\/\/lospoliticosveracruz.com\/?p=14006"},"author":{"name":"Lo viste en Los Pol\u00edticos","@id":"https:\/\/lospoliticosveracruz.com\/#\/schema\/person\/b8702bb0e538456e6efd07080bf2a4a2"},"headline":"CecyTev y los aviadores de Fuerza Veracruz","datePublished":"2014-12-09T01:05:14+00:00","mainEntityOfPage":{"@id":"https:\/\/lospoliticosveracruz.com\/?p=14006"},"wordCount":876,"commentCount":0,"publisher":{"@id":"https:\/\/lospoliticosveracruz.com\/#organization"},"image":{"@id":"https:\/\/lospoliticosveracruz.com\/?p=14006#primaryimage"},"thumbnailUrl":"http:\/\/www.lospoliticosveracruz.com.mx\/wp-content\/uploads\/2014\/12\/Fernando-Arteaga-Aponte-300x168.jpg","keywords":["CECyTEV","Fernando Arteaga Aponte","Fuerza Veracruz"],"articleSection":["De Opini\u00f3n"],"inLanguage":"es","potentialAction":[{"@type":"CommentAction","name":"Comment","target":["https:\/\/lospoliticosveracruz.com\/?p=14006#respond"]}]},{"@type":"WebPage","@id":"https:\/\/lospoliticosveracruz.com\/?p=14006","url":"https:\/\/lospoliticosveracruz.com\/?p=14006","name":"CecyTev y los aviadores de Fuerza Veracruz - Los pol\u00edticos Veracruz","isPartOf":{"@id":"https:\/\/lospoliticosveracruz.com\/#website"},"primaryImageOfPage":{"@id":"https:\/\/lospoliticosveracruz.com\/?p=14006#primaryimage"},"image":{"@id":"https:\/\/lospoliticosveracruz.com\/?p=14006#primaryimage"},"thumbnailUrl":"http:\/\/www.lospoliticosveracruz.com.mx\/wp-content\/uploads\/2014\/12\/Fernando-Arteaga-Aponte-300x168.jpg","datePublished":"2014-12-09T01:05:14+00:00","breadcrumb":{"@id":"https:\/\/lospoliticosveracruz.com\/?p=14006#breadcrumb"},"inLanguage":"es","potentialAction":[{"@type":"ReadAction","target":["https:\/\/lospoliticosveracruz.com\/?p=14006"]}]},{"@type":"ImageObject","inLanguage":"es","@id":"https:\/\/lospoliticosveracruz.com\/?p=14006#primaryimage","url":"http:\/\/www.lospoliticosveracruz.com.mx\/wp-content\/uploads\/2014\/12\/Fernando-Arteaga-Aponte-300x168.jpg","contentUrl":"http:\/\/www.lospoliticosveracruz.com.mx\/wp-content\/uploads\/2014\/12\/Fernando-Arteaga-Aponte-300x168.jpg"},{"@type":"BreadcrumbList","@id":"https:\/\/lospoliticosveracruz.com\/?p=14006#breadcrumb","itemListElement":[{"@type":"ListItem","position":1,"name":"Portada","item":"https:\/\/lospoliticosveracruz.com\/"},{"@type":"ListItem","position":2,"name":"CecyTev y los aviadores de Fuerza Veracruz"}]},{"@type":"WebSite","@id":"https:\/\/lospoliticosveracruz.com\/#website","url":"https:\/\/lospoliticosveracruz.com\/","name":"Los pol\u00edticos Veracruz","description":"","publisher":{"@id":"https:\/\/lospoliticosveracruz.com\/#organization"},"potentialAction":[{"@type":"SearchAction","target":{"@type":"EntryPoint","urlTemplate":"https:\/\/lospoliticosveracruz.com\/?s={search_term_string}"},"query-input":{"@type":"PropertyValueSpecification","valueRequired":true,"valueName":"search_term_string"}}],"inLanguage":"es"},{"@type":"Organization","@id":"https:\/\/lospoliticosveracruz.com\/#organization","name":"Los pol\u00edticos Veracruz","url":"https:\/\/lospoliticosveracruz.com\/","logo":{"@type":"ImageObject","inLanguage":"es","@id":"https:\/\/lospoliticosveracruz.com\/#\/schema\/logo\/image\/","url":"https:\/\/lospoliticosveracruz.com\/wp-content\/uploads\/2025\/12\/Logo-Nuevo-LOS-POLITICOS-1.jpg","contentUrl":"https:\/\/lospoliticosveracruz.com\/wp-content\/uploads\/2025\/12\/Logo-Nuevo-LOS-POLITICOS-1.jpg","width":260,"height":70,"caption":"Los pol\u00edticos Veracruz"},"image":{"@id":"https:\/\/lospoliticosveracruz.com\/#\/schema\/logo\/image\/"},"sameAs":["https:\/\/www.facebook.com\/people\/Notimemes-de-los-Polticos\/61565672886568\/","https:\/\/x.com\/LosPoliticosVer"]},{"@type":"Person","@id":"https:\/\/lospoliticosveracruz.com\/#\/schema\/person\/b8702bb0e538456e6efd07080bf2a4a2","name":"Lo viste en Los Pol\u00edticos","image":{"@type":"ImageObject","inLanguage":"es","@id":"https:\/\/secure.gravatar.com\/avatar\/3a8de04a2656d44082be478bd6c086daa447c4651605818287b9532d3d0bd435?s=96&d=mm&r=g","url":"https:\/\/secure.gravatar.com\/avatar\/3a8de04a2656d44082be478bd6c086daa447c4651605818287b9532d3d0bd435?s=96&d=mm&r=g","contentUrl":"https:\/\/secure.gravatar.com\/avatar\/3a8de04a2656d44082be478bd6c086daa447c4651605818287b9532d3d0bd435?s=96&d=mm&r=g","caption":"Lo viste en Los Pol\u00edticos"},"url":"https:\/\/lospoliticosveracruz.com\/?author=2"}]}},"_links":{"self":[{"href":"https:\/\/lospoliticosveracruz.com\/index.php?rest_route=\/wp\/v2\/posts\/14006","targetHints":{"allow":["GET"]}}],"collection":[{"href":"https:\/\/lospoliticosveracruz.com\/index.php?rest_route=\/wp\/v2\/posts"}],"about":[{"href":"https:\/\/lospoliticosveracruz.com\/index.php?rest_route=\/wp\/v2\/types\/post"}],"author":[{"embeddable":true,"href":"https:\/\/lospoliticosveracruz.com\/index.php?rest_route=\/wp\/v2\/users\/2"}],"replies":[{"embeddable":true,"href":"https:\/\/lospoliticosveracruz.com\/index.php?rest_route=%2Fwp%2Fv2%2Fcomments&post=14006"}],"version-history":[{"count":2,"href":"https:\/\/lospoliticosveracruz.com\/index.php?rest_route=\/wp\/v2\/posts\/14006\/revisions"}],"predecessor-version":[{"id":14009,"href":"https:\/\/lospoliticosveracruz.com\/index.php?rest_route=\/wp\/v2\/posts\/14006\/revisions\/14009"}],"wp:attachment":[{"href":"https:\/\/lospoliticosveracruz.com\/index.php?rest_route=%2Fwp%2Fv2%2Fmedia&parent=14006"}],"wp:term":[{"taxonomy":"category","embeddable":true,"href":"https:\/\/lospoliticosveracruz.com\/index.php?rest_route=%2Fwp%2Fv2%2Fcategories&post=14006"},{"taxonomy":"post_tag","embeddable":true,"href":"https:\/\/lospoliticosveracruz.com\/index.php?rest_route=%2Fwp%2Fv2%2Ftags&post=14006"}],"curies":[{"name":"wp","href":"https:\/\/api.w.org\/{rel}","templated":true}]}}