{"id":140060,"date":"2025-03-19T23:29:13","date_gmt":"2025-03-20T05:29:13","guid":{"rendered":"https:\/\/lospoliticosveracruz.com.mx\/?p=140060"},"modified":"2025-03-19T23:29:35","modified_gmt":"2025-03-20T05:29:35","slug":"morena-cae-en-veracruz","status":"publish","type":"post","link":"https:\/\/lospoliticosveracruz.com\/?p=140060","title":{"rendered":"MORENA, \u00bfCAE EN VERACRUZ?"},"content":{"rendered":"\n<p>[S\u00edguenos ahora tambi\u00e9n en WhatsApp.\u00a0<a href=\"https:\/\/whatsapp.com\/channel\/0029Va8zRWlEKyZIP3Z1dF0e\"><strong><em>Da clic aqu\u00ed<\/em><\/strong><\/a>]\u00a0<br><strong>Ricardo Chua<\/strong><\/p>\n\n\n\n<p><em>Sale y Vale<\/em><\/p>\n\n\n\n<p>Los comentarios de \u00abGarganta Profunda\u00bb se\u00f1alan directamente que al interior del partido MORENA en Veracruz, si hay una gran preocupaci\u00f3n de sus operadores y dirigentes pol\u00edticos, que si le saben al tema electoral.. Y que no se la pasen adulando y dici\u00e9ndole mentiras a la gobernadora Roc\u00edo Nahle.. De que todo el proceso VA BIEN cuando est\u00e1n pasando las de \u00abCa\u00edn\u00bb para sacar adelante la selecci\u00f3n de los candidatos de este organismo y de su coalici\u00f3n con el PVEM para el proceso de renovaci\u00f3n de los 212 ayuntamientos del Estado..<\/p>\n\n\n\n<p>Hay una seria preocupaci\u00f3n por este caso.. De un grupo de pol\u00edticos, que han analizado el asunto, han visto gr\u00e1ficas y sobre todo el palpar de los mismos simpatizantes de MORENA.. Que se sintieron usados, enga\u00f1ados y los agarraron de \u00abbajada\u00bb en el tema de las famosas encuestas.. Que no han dejado conforme a muchos en la gran mayor\u00eda de los 212 ayuntamientos.. Pero sobre todo se\u00f1alan la sospecha de que muchas de esas candidaturas fueron otorgadas por CONVENIENCIA POL\u00cdTICA de los grupos en el poder de MORENA, pero que para nada son los que la sociedad en sus municipios acepta..<\/p>\n\n\n\n<p>Lo m\u00e1s grave, dice \u00abGarganta Profunda\u00bb, que estos mismos personajes.. Sabedores de toda esta problem\u00e1tica.. Est\u00e1n conscientes que todos los cercanos a Roc\u00edo Nahle est\u00e1n minti\u00e9ndole en torno a lo que est\u00e1 pasando en la selecci\u00f3n de candidatos.. Le mienten sobre el conflicto con el PVEM y sobre todo, no le cuentan la gran decepci\u00f3n que se est\u00e1n llevando los militantes de MORENA cuando se dan cuenta, qui\u00e9n es el candidato seleccionado a la alcald\u00eda de su municipio.. Y eso le est\u00e1 llevando a sitios peligrosos electoralmente porque les puede pasar lo mismo que le pas\u00f3 al PRI en 1997 en Veracruz..<\/p>\n\n\n\n<p>Seg\u00fan esa informaci\u00f3n que menciona \u00abGarganta Profunda\u00bb es que los datos son contundentes.. En diciembre pasado, se ten\u00eda la CERTEZA que MORENA arrasar\u00eda la elecci\u00f3n de alcaldes en Veracruz.. Tanto as\u00ed que se percib\u00eda que ese partido, tendr\u00eda triunfos asegurados en alrededor de 180 a 190 municipios junto con los que obtendr\u00eda con el PVEM en su coalici\u00f3n de los 212 ayuntamientos que hay en Veracruz.. Es decir, la oposici\u00f3n si bien le iba en este proceso, lograr\u00eda tener alrededor de 32 a 22 municipios en toda la entidad.. Lo cual ser\u00eda una cat\u00e1strofe para ellos.. Pero las cosas han cambiado..<\/p>\n\n\n\n<p>Ya que al darse cuenta estos pol\u00edticos de MORENA.. Que hay mucho descontento entre militancia y simpatizantes de este partido por las designaci\u00f3n de candidaturas.. Adem\u00e1s todo eso sumado a los conflictos con el PVEM por las mismas designaciones.. Aunado a los \u00abdesaires\u00bb de los que ha sido objeto toda la clase pol\u00edtica de MORENA por parte de los grupos en el poder.. Y la no aceptaci\u00f3n de los nuevos aliados de la 4T en MORENA en Veracruz, que tambi\u00e9n tienen su coto de poder.. Va a provocar que todos esos triunfos que se ten\u00edan en la mano.. Ya no sean as\u00ed porque todo se pondr\u00e1 m\u00e1s dif\u00edcil..<\/p>\n\n\n\n<p>El an\u00e1lisis que se enter\u00f3 \u00abGarganta Profunda\u00bb de los verdaderos operadores de MORENA se\u00f1alan que de los 180 a 190 municipios que hace dos meses, se ten\u00eda una seguridad de triunfo en las alcald\u00edas.. Estos n\u00fameros han ca\u00eddo estrepitosamente, ya que ahora tienen la certeza, de que s\u00f3lo podr\u00edan obtener triunfos entre 125 a 140 ayuntamientos.. Algo que no se cre\u00eda hace 60 d\u00edas.. Pero todas esas circunstancias en la entidad dentro del gobierno estatal y MORENA, han dado pi\u00e9 de que esta posibilidad, se pueda presentar el pr\u00f3ximo 1 de junio en Veracruz.. Se les complic\u00f3 el escenario..<\/p>\n\n\n\n<p>Si bien es cierto 140 municipios que ser\u00edan manejados por un partido pol\u00edtico de 212 que hay en toda la entidad.. No es un mal n\u00famero y se puede decir que es un organismo que tiene el control.. Pero tambi\u00e9n esto puede ser el PRINCIPIO DEL FIN cuando apenas el gobierno estatal lleva alrededor de 120 d\u00edas en el poder.. Hasta pareciera que se le \u00abdescompuso\u00bb el Estado a la propia gobernadora Roc\u00edo Nahle.. Ya que con la posibilidad de perder 50 municipios que presuntamente ten\u00edas seguro.. Es un dato que para nada le gustar\u00eda experimentar la principal activa pol\u00edtico de MORENA en la entidad: Roc\u00edo Nahle.<\/p>\n\n\n\n<p>As\u00ed que algo tendr\u00e1n que hacer en MORENA para evitar que se presente este escenario.. Ya que los informes al interior del partido.. Se\u00f1alan una desbandada de militantes y simpatizantes de los \u00abMorenos\u00bb a otros partidos.. Tanto de la oposici\u00f3n como del PT.. Se van porque no se sienten a gusto con su organismo pol\u00edtico.. Y estos personajes son con los que MORENA iba a operar la elecci\u00f3n.. Ahora los dejan solos y con el peligro que no GANEN DE MANERA HOLGADA.. Porque estos personajes les pueden \u00abjugar\u00bb en contra o aplicar una campa\u00f1a de \u00abbrazos ca\u00eddos\u00bb.. Y hacer perder a sus candidatos en cada municipio.,.<\/p>\n\n\n\n<p>REFLEXI\u00d3N.. Van a tener que tomar el control de la elecci\u00f3n municipal por parte de MORENA.. Si los candidatos que eligieron no eran los adecuados o en su municipio no son del todo aceptados, entonces, los van a mandar al \u00abmatadero\u00bb porque la gente no va a votar por ellos. Y seguramente les dar\u00e1n la \u00abespalda\u00bb con cualquier aspirante a alcalde de la oposici\u00f3n, que sean de su agrado.. Esa es la manera que est\u00e1 sucediendo en muchos municipios.. El gran ganador es el PRI y el PT.. Que est\u00e1n \u00abcachando\u00bb todo lo que se cae en MORENA.. Qui\u00e9n dir\u00eda.. LOS JUGADORES CAMBIAN, EL JUEGO NO.. AMEN..<\/p>\n","protected":false},"excerpt":{"rendered":"<p>[S\u00edguenos ahora tambi\u00e9n en WhatsApp.\u00a0Da clic aqu\u00ed]\u00a0Ricardo Chua Sale y Vale Los comentarios de \u00abGarganta Profunda\u00bb se\u00f1alan directamente que al interior del partido MORENA en Veracruz, si hay una gran preocupaci\u00f3n de sus operadores y dirigentes pol\u00edticos, que si le saben al tema electoral.. Y que no se la pasen adulando y dici\u00e9ndole mentiras a [&hellip;]<\/p>\n","protected":false},"author":2,"featured_media":119817,"comment_status":"closed","ping_status":"closed","sticky":false,"template":"","format":"standard","meta":{"tdm_status":"","tdm_grid_status":"","footnotes":""},"categories":[70],"tags":[721,1026,264,3578,195],"class_list":{"0":"post-140060","1":"post","2":"type-post","3":"status-publish","4":"format-standard","5":"has-post-thumbnail","7":"category-de-opinion","8":"tag-elecciones","9":"tag-morena","10":"tag-pvem","11":"tag-rocio-nahle","12":"tag-veracruz"},"yoast_head":"<!-- This site is optimized with the Yoast SEO plugin v27.4 - https:\/\/yoast.com\/product\/yoast-seo-wordpress\/ -->\n<title>MORENA, \u00bfCAE EN VERACRUZ? - Los pol\u00edticos Veracruz<\/title>\n<meta name=\"robots\" content=\"index, follow, max-snippet:-1, max-image-preview:large, max-video-preview:-1\" \/>\n<link rel=\"canonical\" href=\"https:\/\/lospoliticosveracruz.com\/?p=140060\" \/>\n<meta property=\"og:locale\" content=\"es_ES\" \/>\n<meta property=\"og:type\" content=\"article\" \/>\n<meta property=\"og:title\" content=\"MORENA, \u00bfCAE EN VERACRUZ? - Los pol\u00edticos Veracruz\" \/>\n<meta property=\"og:description\" content=\"[S\u00edguenos ahora tambi\u00e9n en WhatsApp.\u00a0Da clic aqu\u00ed]\u00a0Ricardo Chua Sale y Vale Los comentarios de \u00abGarganta Profunda\u00bb se\u00f1alan directamente que al interior del partido MORENA en Veracruz, si hay una gran preocupaci\u00f3n de sus operadores y dirigentes pol\u00edticos, que si le saben al tema electoral.. Y que no se la pasen adulando y dici\u00e9ndole mentiras a [&hellip;]\" \/>\n<meta property=\"og:url\" content=\"https:\/\/lospoliticosveracruz.com\/?p=140060\" \/>\n<meta property=\"og:site_name\" content=\"Los pol\u00edticos Veracruz\" \/>\n<meta property=\"article:publisher\" content=\"https:\/\/www.facebook.com\/people\/Notimemes-de-los-Polticos\/61565672886568\/\" \/>\n<meta property=\"article:published_time\" content=\"2025-03-20T05:29:13+00:00\" \/>\n<meta property=\"article:modified_time\" content=\"2025-03-20T05:29:35+00:00\" \/>\n<meta property=\"og:image\" content=\"https:\/\/lospoliticosveracruz.com\/wp-content\/uploads\/2024\/03\/Ricardo-Chua.jpg\" \/>\n\t<meta property=\"og:image:width\" content=\"1250\" \/>\n\t<meta property=\"og:image:height\" content=\"667\" \/>\n\t<meta property=\"og:image:type\" content=\"image\/jpeg\" \/>\n<meta name=\"author\" content=\"Lo viste en Los Pol\u00edticos\" \/>\n<meta name=\"twitter:card\" content=\"summary_large_image\" \/>\n<meta name=\"twitter:creator\" content=\"@LosPoliticosVer\" \/>\n<meta name=\"twitter:site\" content=\"@LosPoliticosVer\" \/>\n<meta name=\"twitter:label1\" content=\"Escrito por\" \/>\n\t<meta name=\"twitter:data1\" content=\"Lo viste en Los Pol\u00edticos\" \/>\n\t<meta name=\"twitter:label2\" content=\"Tiempo de lectura\" \/>\n\t<meta name=\"twitter:data2\" content=\"5 minutos\" \/>\n<script type=\"application\/ld+json\" class=\"yoast-schema-graph\">{\"@context\":\"https:\\\/\\\/schema.org\",\"@graph\":[{\"@type\":\"Article\",\"@id\":\"https:\\\/\\\/lospoliticosveracruz.com\\\/?p=140060#article\",\"isPartOf\":{\"@id\":\"https:\\\/\\\/lospoliticosveracruz.com\\\/?p=140060\"},\"author\":{\"name\":\"Lo viste en Los Pol\u00edticos\",\"@id\":\"https:\\\/\\\/lospoliticosveracruz.com\\\/#\\\/schema\\\/person\\\/b8702bb0e538456e6efd07080bf2a4a2\"},\"headline\":\"MORENA, \u00bfCAE EN VERACRUZ?\",\"datePublished\":\"2025-03-20T05:29:13+00:00\",\"dateModified\":\"2025-03-20T05:29:35+00:00\",\"mainEntityOfPage\":{\"@id\":\"https:\\\/\\\/lospoliticosveracruz.com\\\/?p=140060\"},\"wordCount\":1007,\"publisher\":{\"@id\":\"https:\\\/\\\/lospoliticosveracruz.com\\\/#organization\"},\"image\":{\"@id\":\"https:\\\/\\\/lospoliticosveracruz.com\\\/?p=140060#primaryimage\"},\"thumbnailUrl\":\"https:\\\/\\\/lospoliticosveracruz.com\\\/wp-content\\\/uploads\\\/2024\\\/03\\\/Ricardo-Chua.jpg\",\"keywords\":[\"elecciones\",\"Morena\",\"PVEM\",\"Roc\u00edo Nahle\",\"Veracruz\"],\"articleSection\":[\"De Opini\u00f3n\"],\"inLanguage\":\"es\"},{\"@type\":\"WebPage\",\"@id\":\"https:\\\/\\\/lospoliticosveracruz.com\\\/?p=140060\",\"url\":\"https:\\\/\\\/lospoliticosveracruz.com\\\/?p=140060\",\"name\":\"MORENA, \u00bfCAE EN VERACRUZ? - Los pol\u00edticos Veracruz\",\"isPartOf\":{\"@id\":\"https:\\\/\\\/lospoliticosveracruz.com\\\/#website\"},\"primaryImageOfPage\":{\"@id\":\"https:\\\/\\\/lospoliticosveracruz.com\\\/?p=140060#primaryimage\"},\"image\":{\"@id\":\"https:\\\/\\\/lospoliticosveracruz.com\\\/?p=140060#primaryimage\"},\"thumbnailUrl\":\"https:\\\/\\\/lospoliticosveracruz.com\\\/wp-content\\\/uploads\\\/2024\\\/03\\\/Ricardo-Chua.jpg\",\"datePublished\":\"2025-03-20T05:29:13+00:00\",\"dateModified\":\"2025-03-20T05:29:35+00:00\",\"breadcrumb\":{\"@id\":\"https:\\\/\\\/lospoliticosveracruz.com\\\/?p=140060#breadcrumb\"},\"inLanguage\":\"es\",\"potentialAction\":[{\"@type\":\"ReadAction\",\"target\":[\"https:\\\/\\\/lospoliticosveracruz.com\\\/?p=140060\"]}]},{\"@type\":\"ImageObject\",\"inLanguage\":\"es\",\"@id\":\"https:\\\/\\\/lospoliticosveracruz.com\\\/?p=140060#primaryimage\",\"url\":\"https:\\\/\\\/lospoliticosveracruz.com\\\/wp-content\\\/uploads\\\/2024\\\/03\\\/Ricardo-Chua.jpg\",\"contentUrl\":\"https:\\\/\\\/lospoliticosveracruz.com\\\/wp-content\\\/uploads\\\/2024\\\/03\\\/Ricardo-Chua.jpg\",\"width\":1250,\"height\":667},{\"@type\":\"BreadcrumbList\",\"@id\":\"https:\\\/\\\/lospoliticosveracruz.com\\\/?p=140060#breadcrumb\",\"itemListElement\":[{\"@type\":\"ListItem\",\"position\":1,\"name\":\"Portada\",\"item\":\"https:\\\/\\\/lospoliticosveracruz.com\\\/\"},{\"@type\":\"ListItem\",\"position\":2,\"name\":\"MORENA, \u00bfCAE EN VERACRUZ?\"}]},{\"@type\":\"WebSite\",\"@id\":\"https:\\\/\\\/lospoliticosveracruz.com\\\/#website\",\"url\":\"https:\\\/\\\/lospoliticosveracruz.com\\\/\",\"name\":\"Los pol\u00edticos Veracruz\",\"description\":\"\",\"publisher\":{\"@id\":\"https:\\\/\\\/lospoliticosveracruz.com\\\/#organization\"},\"potentialAction\":[{\"@type\":\"SearchAction\",\"target\":{\"@type\":\"EntryPoint\",\"urlTemplate\":\"https:\\\/\\\/lospoliticosveracruz.com\\\/?s={search_term_string}\"},\"query-input\":{\"@type\":\"PropertyValueSpecification\",\"valueRequired\":true,\"valueName\":\"search_term_string\"}}],\"inLanguage\":\"es\"},{\"@type\":\"Organization\",\"@id\":\"https:\\\/\\\/lospoliticosveracruz.com\\\/#organization\",\"name\":\"Los pol\u00edticos Veracruz\",\"url\":\"https:\\\/\\\/lospoliticosveracruz.com\\\/\",\"logo\":{\"@type\":\"ImageObject\",\"inLanguage\":\"es\",\"@id\":\"https:\\\/\\\/lospoliticosveracruz.com\\\/#\\\/schema\\\/logo\\\/image\\\/\",\"url\":\"https:\\\/\\\/lospoliticosveracruz.com\\\/wp-content\\\/uploads\\\/2025\\\/12\\\/Logo-Nuevo-LOS-POLITICOS-1.jpg\",\"contentUrl\":\"https:\\\/\\\/lospoliticosveracruz.com\\\/wp-content\\\/uploads\\\/2025\\\/12\\\/Logo-Nuevo-LOS-POLITICOS-1.jpg\",\"width\":260,\"height\":70,\"caption\":\"Los pol\u00edticos Veracruz\"},\"image\":{\"@id\":\"https:\\\/\\\/lospoliticosveracruz.com\\\/#\\\/schema\\\/logo\\\/image\\\/\"},\"sameAs\":[\"https:\\\/\\\/www.facebook.com\\\/people\\\/Notimemes-de-los-Polticos\\\/61565672886568\\\/\",\"https:\\\/\\\/x.com\\\/LosPoliticosVer\"]},{\"@type\":\"Person\",\"@id\":\"https:\\\/\\\/lospoliticosveracruz.com\\\/#\\\/schema\\\/person\\\/b8702bb0e538456e6efd07080bf2a4a2\",\"name\":\"Lo viste en Los Pol\u00edticos\",\"image\":{\"@type\":\"ImageObject\",\"inLanguage\":\"es\",\"@id\":\"https:\\\/\\\/secure.gravatar.com\\\/avatar\\\/3a8de04a2656d44082be478bd6c086daa447c4651605818287b9532d3d0bd435?s=96&d=mm&r=g\",\"url\":\"https:\\\/\\\/secure.gravatar.com\\\/avatar\\\/3a8de04a2656d44082be478bd6c086daa447c4651605818287b9532d3d0bd435?s=96&d=mm&r=g\",\"contentUrl\":\"https:\\\/\\\/secure.gravatar.com\\\/avatar\\\/3a8de04a2656d44082be478bd6c086daa447c4651605818287b9532d3d0bd435?s=96&d=mm&r=g\",\"caption\":\"Lo viste en Los Pol\u00edticos\"},\"url\":\"https:\\\/\\\/lospoliticosveracruz.com\\\/?author=2\"}]}<\/script>\n<!-- \/ Yoast SEO plugin. -->","yoast_head_json":{"title":"MORENA, \u00bfCAE EN VERACRUZ? - Los pol\u00edticos Veracruz","robots":{"index":"index","follow":"follow","max-snippet":"max-snippet:-1","max-image-preview":"max-image-preview:large","max-video-preview":"max-video-preview:-1"},"canonical":"https:\/\/lospoliticosveracruz.com\/?p=140060","og_locale":"es_ES","og_type":"article","og_title":"MORENA, \u00bfCAE EN VERACRUZ? - Los pol\u00edticos Veracruz","og_description":"[S\u00edguenos ahora tambi\u00e9n en WhatsApp.\u00a0Da clic aqu\u00ed]\u00a0Ricardo Chua Sale y Vale Los comentarios de \u00abGarganta Profunda\u00bb se\u00f1alan directamente que al interior del partido MORENA en Veracruz, si hay una gran preocupaci\u00f3n de sus operadores y dirigentes pol\u00edticos, que si le saben al tema electoral.. Y que no se la pasen adulando y dici\u00e9ndole mentiras a [&hellip;]","og_url":"https:\/\/lospoliticosveracruz.com\/?p=140060","og_site_name":"Los pol\u00edticos Veracruz","article_publisher":"https:\/\/www.facebook.com\/people\/Notimemes-de-los-Polticos\/61565672886568\/","article_published_time":"2025-03-20T05:29:13+00:00","article_modified_time":"2025-03-20T05:29:35+00:00","og_image":[{"width":1250,"height":667,"url":"https:\/\/lospoliticosveracruz.com\/wp-content\/uploads\/2024\/03\/Ricardo-Chua.jpg","type":"image\/jpeg"}],"author":"Lo viste en Los Pol\u00edticos","twitter_card":"summary_large_image","twitter_creator":"@LosPoliticosVer","twitter_site":"@LosPoliticosVer","twitter_misc":{"Escrito por":"Lo viste en Los Pol\u00edticos","Tiempo de lectura":"5 minutos"},"schema":{"@context":"https:\/\/schema.org","@graph":[{"@type":"Article","@id":"https:\/\/lospoliticosveracruz.com\/?p=140060#article","isPartOf":{"@id":"https:\/\/lospoliticosveracruz.com\/?p=140060"},"author":{"name":"Lo viste en Los Pol\u00edticos","@id":"https:\/\/lospoliticosveracruz.com\/#\/schema\/person\/b8702bb0e538456e6efd07080bf2a4a2"},"headline":"MORENA, \u00bfCAE EN VERACRUZ?","datePublished":"2025-03-20T05:29:13+00:00","dateModified":"2025-03-20T05:29:35+00:00","mainEntityOfPage":{"@id":"https:\/\/lospoliticosveracruz.com\/?p=140060"},"wordCount":1007,"publisher":{"@id":"https:\/\/lospoliticosveracruz.com\/#organization"},"image":{"@id":"https:\/\/lospoliticosveracruz.com\/?p=140060#primaryimage"},"thumbnailUrl":"https:\/\/lospoliticosveracruz.com\/wp-content\/uploads\/2024\/03\/Ricardo-Chua.jpg","keywords":["elecciones","Morena","PVEM","Roc\u00edo Nahle","Veracruz"],"articleSection":["De Opini\u00f3n"],"inLanguage":"es"},{"@type":"WebPage","@id":"https:\/\/lospoliticosveracruz.com\/?p=140060","url":"https:\/\/lospoliticosveracruz.com\/?p=140060","name":"MORENA, \u00bfCAE EN VERACRUZ? - Los pol\u00edticos Veracruz","isPartOf":{"@id":"https:\/\/lospoliticosveracruz.com\/#website"},"primaryImageOfPage":{"@id":"https:\/\/lospoliticosveracruz.com\/?p=140060#primaryimage"},"image":{"@id":"https:\/\/lospoliticosveracruz.com\/?p=140060#primaryimage"},"thumbnailUrl":"https:\/\/lospoliticosveracruz.com\/wp-content\/uploads\/2024\/03\/Ricardo-Chua.jpg","datePublished":"2025-03-20T05:29:13+00:00","dateModified":"2025-03-20T05:29:35+00:00","breadcrumb":{"@id":"https:\/\/lospoliticosveracruz.com\/?p=140060#breadcrumb"},"inLanguage":"es","potentialAction":[{"@type":"ReadAction","target":["https:\/\/lospoliticosveracruz.com\/?p=140060"]}]},{"@type":"ImageObject","inLanguage":"es","@id":"https:\/\/lospoliticosveracruz.com\/?p=140060#primaryimage","url":"https:\/\/lospoliticosveracruz.com\/wp-content\/uploads\/2024\/03\/Ricardo-Chua.jpg","contentUrl":"https:\/\/lospoliticosveracruz.com\/wp-content\/uploads\/2024\/03\/Ricardo-Chua.jpg","width":1250,"height":667},{"@type":"BreadcrumbList","@id":"https:\/\/lospoliticosveracruz.com\/?p=140060#breadcrumb","itemListElement":[{"@type":"ListItem","position":1,"name":"Portada","item":"https:\/\/lospoliticosveracruz.com\/"},{"@type":"ListItem","position":2,"name":"MORENA, \u00bfCAE EN VERACRUZ?"}]},{"@type":"WebSite","@id":"https:\/\/lospoliticosveracruz.com\/#website","url":"https:\/\/lospoliticosveracruz.com\/","name":"Los pol\u00edticos Veracruz","description":"","publisher":{"@id":"https:\/\/lospoliticosveracruz.com\/#organization"},"potentialAction":[{"@type":"SearchAction","target":{"@type":"EntryPoint","urlTemplate":"https:\/\/lospoliticosveracruz.com\/?s={search_term_string}"},"query-input":{"@type":"PropertyValueSpecification","valueRequired":true,"valueName":"search_term_string"}}],"inLanguage":"es"},{"@type":"Organization","@id":"https:\/\/lospoliticosveracruz.com\/#organization","name":"Los pol\u00edticos Veracruz","url":"https:\/\/lospoliticosveracruz.com\/","logo":{"@type":"ImageObject","inLanguage":"es","@id":"https:\/\/lospoliticosveracruz.com\/#\/schema\/logo\/image\/","url":"https:\/\/lospoliticosveracruz.com\/wp-content\/uploads\/2025\/12\/Logo-Nuevo-LOS-POLITICOS-1.jpg","contentUrl":"https:\/\/lospoliticosveracruz.com\/wp-content\/uploads\/2025\/12\/Logo-Nuevo-LOS-POLITICOS-1.jpg","width":260,"height":70,"caption":"Los pol\u00edticos Veracruz"},"image":{"@id":"https:\/\/lospoliticosveracruz.com\/#\/schema\/logo\/image\/"},"sameAs":["https:\/\/www.facebook.com\/people\/Notimemes-de-los-Polticos\/61565672886568\/","https:\/\/x.com\/LosPoliticosVer"]},{"@type":"Person","@id":"https:\/\/lospoliticosveracruz.com\/#\/schema\/person\/b8702bb0e538456e6efd07080bf2a4a2","name":"Lo viste en Los Pol\u00edticos","image":{"@type":"ImageObject","inLanguage":"es","@id":"https:\/\/secure.gravatar.com\/avatar\/3a8de04a2656d44082be478bd6c086daa447c4651605818287b9532d3d0bd435?s=96&d=mm&r=g","url":"https:\/\/secure.gravatar.com\/avatar\/3a8de04a2656d44082be478bd6c086daa447c4651605818287b9532d3d0bd435?s=96&d=mm&r=g","contentUrl":"https:\/\/secure.gravatar.com\/avatar\/3a8de04a2656d44082be478bd6c086daa447c4651605818287b9532d3d0bd435?s=96&d=mm&r=g","caption":"Lo viste en Los Pol\u00edticos"},"url":"https:\/\/lospoliticosveracruz.com\/?author=2"}]}},"_links":{"self":[{"href":"https:\/\/lospoliticosveracruz.com\/index.php?rest_route=\/wp\/v2\/posts\/140060","targetHints":{"allow":["GET"]}}],"collection":[{"href":"https:\/\/lospoliticosveracruz.com\/index.php?rest_route=\/wp\/v2\/posts"}],"about":[{"href":"https:\/\/lospoliticosveracruz.com\/index.php?rest_route=\/wp\/v2\/types\/post"}],"author":[{"embeddable":true,"href":"https:\/\/lospoliticosveracruz.com\/index.php?rest_route=\/wp\/v2\/users\/2"}],"replies":[{"embeddable":true,"href":"https:\/\/lospoliticosveracruz.com\/index.php?rest_route=%2Fwp%2Fv2%2Fcomments&post=140060"}],"version-history":[{"count":1,"href":"https:\/\/lospoliticosveracruz.com\/index.php?rest_route=\/wp\/v2\/posts\/140060\/revisions"}],"predecessor-version":[{"id":140061,"href":"https:\/\/lospoliticosveracruz.com\/index.php?rest_route=\/wp\/v2\/posts\/140060\/revisions\/140061"}],"wp:featuredmedia":[{"embeddable":true,"href":"https:\/\/lospoliticosveracruz.com\/index.php?rest_route=\/wp\/v2\/media\/119817"}],"wp:attachment":[{"href":"https:\/\/lospoliticosveracruz.com\/index.php?rest_route=%2Fwp%2Fv2%2Fmedia&parent=140060"}],"wp:term":[{"taxonomy":"category","embeddable":true,"href":"https:\/\/lospoliticosveracruz.com\/index.php?rest_route=%2Fwp%2Fv2%2Fcategories&post=140060"},{"taxonomy":"post_tag","embeddable":true,"href":"https:\/\/lospoliticosveracruz.com\/index.php?rest_route=%2Fwp%2Fv2%2Ftags&post=140060"}],"curies":[{"name":"wp","href":"https:\/\/api.w.org\/{rel}","templated":true}]}}