{"id":140062,"date":"2025-03-19T23:39:05","date_gmt":"2025-03-20T05:39:05","guid":{"rendered":"https:\/\/lospoliticosveracruz.com.mx\/?p=140062"},"modified":"2025-03-19T23:39:31","modified_gmt":"2025-03-20T05:39:31","slug":"reyes-heroles-y-una-reaccion-muy-humana","status":"publish","type":"post","link":"https:\/\/lospoliticosveracruz.com\/?p=140062","title":{"rendered":"REYES HEROLES Y UNA REACCI\u00d3N MUY HUMANA"},"content":{"rendered":"\n<p>[S\u00edguenos ahora tambi\u00e9n en WhatsApp.\u00a0<a href=\"https:\/\/whatsapp.com\/channel\/0029Va8zRWlEKyZIP3Z1dF0e\"><strong><em>Da clic aqu\u00ed<\/em><\/strong><\/a>]\u00a0<br><strong>Bernardo Guti\u00e9rrez Parra<\/strong><\/p>\n\n\n\n<p><em>Desde el Caf\u00e9<\/em><\/p>\n\n\n\n<p><br>El 19 de marzo de 1985 com\u00eda cerca del Z\u00f3calo capitalino con un viejo pol\u00edtico tuxpe\u00f1o, cuando nos enteramos de la sorpresiva muerte de don Jes\u00fas Reyes Heroles, secretario de la SEP con Miguel de la Madrid, y al que un mes antes hab\u00eda saludado en su oficina, no porque tuviera derecho de picaporte, sino porque me llev\u00f3 don Miguel L\u00f3pez Azuara, un brillante periodista tambi\u00e9n tuxpe\u00f1o, de la \u00e9poca de oro de Exc\u00e9lsior.<\/p>\n\n\n\n<p>Fue la tercera ocasi\u00f3n que lo vi y la primera que cruc\u00e9 palabra con \u00e9l. Casi toda la charla don Jes\u00fas me habl\u00f3 de mi padre el Neno su amigo de la infancia.; \u201cM\u00e1s que amigo hermano; a pesar de que me llevaba seis a\u00f1os\u201d, me dijo.<\/p>\n\n\n\n<p>Por ah\u00ed debe andar una foto que parece daguerrotipo donde est\u00e1n los dos sentados a orilla del r\u00edo Tuxpan. Mi padre sostiene una ca\u00f1a de pescar a la espera de que pique un pez, y don Jes\u00fas lee un libro a lado de una cesta de pan que su padre le mandaba a vender. Don Jes\u00fas tendr\u00eda unos diez a\u00f1os y mi Neno diez y seis.<\/p>\n\n\n\n<p>Despu\u00e9s de cuarenta minutos de una charla inolvidable nos despedimos y no lo volv\u00ed a ver.<\/p>\n\n\n\n<p>No repuestos de la sorpresa, el viejo pol\u00edtico con el que com\u00eda comenz\u00f3 a evocarlo: \u201cBrillante pol\u00edtico, brillante historiador, brillante ide\u00f3logo del PRI, pero un viejo intratable y neur\u00f3tico. \u00bfTe acuerdas cuando nos corri\u00f3?\u201d<\/p>\n\n\n\n<p>C\u00f3mo olvidarlo.<\/p>\n\n\n\n<p>Sucedi\u00f3 en febrero o marzo de 1973. Regresaba con el Neno del Distrito Federal a Tuxpan, pero al llegar a Insurgentes centro estacion\u00f3 su Chevrolet 1957 a dos cuadras del edificio del PRI y me dijo \u201cVamos a saludar a Chucho\u201d.<\/p>\n\n\n\n<p>Las oficinas del l\u00edder tricolor estaban en el quinto o sexto piso de lo que despu\u00e9s se conoci\u00f3 como \u201cEl edificio viejo\u201d. Y la sala de espera estaba atestada f\u00e1cil, de unos treinta fulanos que sin excepci\u00f3n eran la crema y nata de la billetiza en Tuxpan.<\/p>\n\n\n\n<p>Todos eran muy ricos y entraron en tropel al despacho de don Jes\u00fas apenas les franquearon el paso. Mi padre y yo nos quedamos en la sala de espera. Y desde ah\u00ed vimos todo el espect\u00e1culo porque eran tantos que ellos mismos abrieron las puertas del despacho.<\/p>\n\n\n\n<p>Don Jes\u00fas estaba sentado en su escritorio, a su derecha hab\u00eda unos quince tuxpe\u00f1os sentados y parados, a su izquierda otro tanto y en el centro el que llevaba la voz cantante, un empresario ganadero con m\u00e1s millones que pulgas tiene un perro callejero.<\/p>\n\n\n\n<p>\u201cNo nos agradezcas la visita Chucho, venimos a que nos ayudes porque estamos muy jodidos. Aqu\u00ed Fulano quiere ser tesorero en el terru\u00f1o; Sutano quiere la oficina de Hacienda; Mengano quiere ser diputado local; Perengano quiere lo mismo pero a nivel federal\u2026\u201d y tras repartir cargos a todos remat\u00f3 zalamero: \u201cY tu servidor quiere ser el pr\u00f3ximo presidente municipal de la tierra que te vio nacer, hermano\u201d.<\/p>\n\n\n\n<p>Don Jes\u00fas aspir\u00f3 hondo y se puso de pie. \u201cAs\u00ed que est\u00e1n fregados\u201d, dijo. \u201cNo mi Chucho, estamos jodid\u00edsimos y por eso hemos venido a que nos eche la mano nuestro amigo\u201d.<\/p>\n\n\n\n<p>Algo iba a decir cuando alcanz\u00f3 a ver a mi pap\u00e1. \u201c\u00bfY tu qu\u00e9 puesto quieres mi Neno?\u201d, le pregunt\u00f3. \u201cNinguno se\u00f1or; yo vengo con mi hijo a saludarlo\u201d. \u201c\u00bfNo vienes con ellos?\u201d \u201cNo, no viene con nosotros\u201d terci\u00f3 el que llevaba la voz.<\/p>\n\n\n\n<p>Don Jes\u00fas guard\u00f3 silencio mientras los barr\u00eda con la mirada, luego les habl\u00f3 bajito pero fue subiendo el tono hasta que casi grit\u00f3: \u201c\u00bfAcaso piensan que esto es una agencia de colocaciones o que yo soy la Alianza para el Progreso? \u00a1Largo de aqu\u00ed, fuera!\u201d<\/p>\n\n\n\n<p>\u201cY nos corri\u00f3 el muy cabr\u00f3n\u201d, me dijo el viejo pol\u00edtico que tras pensarlo un poco agreg\u00f3: \u201cPero tuvo raz\u00f3n, mucha raz\u00f3n\u201d.<\/p>\n\n\n\n<p>\u00bfQue cu\u00e1l es la moraleja? No lector, no hay moraleja. Simplemente te estoy contando la reacci\u00f3n muy humana, de un pol\u00edtico de excepci\u00f3n de los que tanta falta le hacen y con urgencia a este pa\u00eds.<\/p>\n\n\n\n<p>bernardogup@hotmail.com<\/p>\n","protected":false},"excerpt":{"rendered":"<p>[S\u00edguenos ahora tambi\u00e9n en WhatsApp.\u00a0Da clic aqu\u00ed]\u00a0Bernardo Guti\u00e9rrez Parra Desde el Caf\u00e9 El 19 de marzo de 1985 com\u00eda cerca del Z\u00f3calo capitalino con un viejo pol\u00edtico tuxpe\u00f1o, cuando nos enteramos de la sorpresiva muerte de don Jes\u00fas Reyes Heroles, secretario de la SEP con Miguel de la Madrid, y al que un mes antes [&hellip;]<\/p>\n","protected":false},"author":2,"featured_media":119914,"comment_status":"closed","ping_status":"closed","sticky":false,"template":"","format":"standard","meta":{"tdm_status":"","tdm_grid_status":"","footnotes":""},"categories":[70],"tags":[251,203,195],"class_list":{"0":"post-140062","1":"post","2":"type-post","3":"status-publish","4":"format-standard","5":"has-post-thumbnail","7":"category-de-opinion","8":"tag-pri","9":"tag-tuxpan","10":"tag-veracruz"},"yoast_head":"<!-- This site is optimized with the Yoast SEO plugin v27.4 - https:\/\/yoast.com\/product\/yoast-seo-wordpress\/ -->\n<title>REYES HEROLES Y UNA REACCI\u00d3N MUY HUMANA - Los pol\u00edticos Veracruz<\/title>\n<meta name=\"robots\" content=\"index, follow, max-snippet:-1, max-image-preview:large, max-video-preview:-1\" \/>\n<link rel=\"canonical\" href=\"https:\/\/lospoliticosveracruz.com\/?p=140062\" \/>\n<meta property=\"og:locale\" content=\"es_ES\" \/>\n<meta property=\"og:type\" content=\"article\" \/>\n<meta property=\"og:title\" content=\"REYES HEROLES Y UNA REACCI\u00d3N MUY HUMANA - Los pol\u00edticos Veracruz\" \/>\n<meta property=\"og:description\" content=\"[S\u00edguenos ahora tambi\u00e9n en WhatsApp.\u00a0Da clic aqu\u00ed]\u00a0Bernardo Guti\u00e9rrez Parra Desde el Caf\u00e9 El 19 de marzo de 1985 com\u00eda cerca del Z\u00f3calo capitalino con un viejo pol\u00edtico tuxpe\u00f1o, cuando nos enteramos de la sorpresiva muerte de don Jes\u00fas Reyes Heroles, secretario de la SEP con Miguel de la Madrid, y al que un mes antes [&hellip;]\" \/>\n<meta property=\"og:url\" content=\"https:\/\/lospoliticosveracruz.com\/?p=140062\" \/>\n<meta property=\"og:site_name\" content=\"Los pol\u00edticos Veracruz\" \/>\n<meta property=\"article:publisher\" content=\"https:\/\/www.facebook.com\/people\/Notimemes-de-los-Polticos\/61565672886568\/\" \/>\n<meta property=\"article:published_time\" content=\"2025-03-20T05:39:05+00:00\" \/>\n<meta property=\"article:modified_time\" content=\"2025-03-20T05:39:31+00:00\" \/>\n<meta property=\"og:image\" content=\"https:\/\/lospoliticosveracruz.com\/wp-content\/uploads\/2024\/03\/Bernardo.jpg\" \/>\n\t<meta property=\"og:image:width\" content=\"1250\" \/>\n\t<meta property=\"og:image:height\" content=\"667\" \/>\n\t<meta property=\"og:image:type\" content=\"image\/jpeg\" \/>\n<meta name=\"author\" content=\"Lo viste en Los Pol\u00edticos\" \/>\n<meta name=\"twitter:card\" content=\"summary_large_image\" \/>\n<meta name=\"twitter:creator\" content=\"@LosPoliticosVer\" \/>\n<meta name=\"twitter:site\" content=\"@LosPoliticosVer\" \/>\n<meta name=\"twitter:label1\" content=\"Escrito por\" \/>\n\t<meta name=\"twitter:data1\" content=\"Lo viste en Los Pol\u00edticos\" \/>\n\t<meta name=\"twitter:label2\" content=\"Tiempo de lectura\" \/>\n\t<meta name=\"twitter:data2\" content=\"4 minutos\" \/>\n<script type=\"application\/ld+json\" class=\"yoast-schema-graph\">{\"@context\":\"https:\\\/\\\/schema.org\",\"@graph\":[{\"@type\":\"Article\",\"@id\":\"https:\\\/\\\/lospoliticosveracruz.com\\\/?p=140062#article\",\"isPartOf\":{\"@id\":\"https:\\\/\\\/lospoliticosveracruz.com\\\/?p=140062\"},\"author\":{\"name\":\"Lo viste en Los Pol\u00edticos\",\"@id\":\"https:\\\/\\\/lospoliticosveracruz.com\\\/#\\\/schema\\\/person\\\/b8702bb0e538456e6efd07080bf2a4a2\"},\"headline\":\"REYES HEROLES Y UNA REACCI\u00d3N MUY HUMANA\",\"datePublished\":\"2025-03-20T05:39:05+00:00\",\"dateModified\":\"2025-03-20T05:39:31+00:00\",\"mainEntityOfPage\":{\"@id\":\"https:\\\/\\\/lospoliticosveracruz.com\\\/?p=140062\"},\"wordCount\":743,\"publisher\":{\"@id\":\"https:\\\/\\\/lospoliticosveracruz.com\\\/#organization\"},\"image\":{\"@id\":\"https:\\\/\\\/lospoliticosveracruz.com\\\/?p=140062#primaryimage\"},\"thumbnailUrl\":\"https:\\\/\\\/lospoliticosveracruz.com\\\/wp-content\\\/uploads\\\/2024\\\/03\\\/Bernardo.jpg\",\"keywords\":[\"PRI\",\"Tuxpan\",\"Veracruz\"],\"articleSection\":[\"De Opini\u00f3n\"],\"inLanguage\":\"es\"},{\"@type\":\"WebPage\",\"@id\":\"https:\\\/\\\/lospoliticosveracruz.com\\\/?p=140062\",\"url\":\"https:\\\/\\\/lospoliticosveracruz.com\\\/?p=140062\",\"name\":\"REYES HEROLES Y UNA REACCI\u00d3N MUY HUMANA - Los pol\u00edticos Veracruz\",\"isPartOf\":{\"@id\":\"https:\\\/\\\/lospoliticosveracruz.com\\\/#website\"},\"primaryImageOfPage\":{\"@id\":\"https:\\\/\\\/lospoliticosveracruz.com\\\/?p=140062#primaryimage\"},\"image\":{\"@id\":\"https:\\\/\\\/lospoliticosveracruz.com\\\/?p=140062#primaryimage\"},\"thumbnailUrl\":\"https:\\\/\\\/lospoliticosveracruz.com\\\/wp-content\\\/uploads\\\/2024\\\/03\\\/Bernardo.jpg\",\"datePublished\":\"2025-03-20T05:39:05+00:00\",\"dateModified\":\"2025-03-20T05:39:31+00:00\",\"breadcrumb\":{\"@id\":\"https:\\\/\\\/lospoliticosveracruz.com\\\/?p=140062#breadcrumb\"},\"inLanguage\":\"es\",\"potentialAction\":[{\"@type\":\"ReadAction\",\"target\":[\"https:\\\/\\\/lospoliticosveracruz.com\\\/?p=140062\"]}]},{\"@type\":\"ImageObject\",\"inLanguage\":\"es\",\"@id\":\"https:\\\/\\\/lospoliticosveracruz.com\\\/?p=140062#primaryimage\",\"url\":\"https:\\\/\\\/lospoliticosveracruz.com\\\/wp-content\\\/uploads\\\/2024\\\/03\\\/Bernardo.jpg\",\"contentUrl\":\"https:\\\/\\\/lospoliticosveracruz.com\\\/wp-content\\\/uploads\\\/2024\\\/03\\\/Bernardo.jpg\",\"width\":1250,\"height\":667},{\"@type\":\"BreadcrumbList\",\"@id\":\"https:\\\/\\\/lospoliticosveracruz.com\\\/?p=140062#breadcrumb\",\"itemListElement\":[{\"@type\":\"ListItem\",\"position\":1,\"name\":\"Portada\",\"item\":\"https:\\\/\\\/lospoliticosveracruz.com\\\/\"},{\"@type\":\"ListItem\",\"position\":2,\"name\":\"REYES HEROLES Y UNA REACCI\u00d3N MUY HUMANA\"}]},{\"@type\":\"WebSite\",\"@id\":\"https:\\\/\\\/lospoliticosveracruz.com\\\/#website\",\"url\":\"https:\\\/\\\/lospoliticosveracruz.com\\\/\",\"name\":\"Los pol\u00edticos Veracruz\",\"description\":\"\",\"publisher\":{\"@id\":\"https:\\\/\\\/lospoliticosveracruz.com\\\/#organization\"},\"potentialAction\":[{\"@type\":\"SearchAction\",\"target\":{\"@type\":\"EntryPoint\",\"urlTemplate\":\"https:\\\/\\\/lospoliticosveracruz.com\\\/?s={search_term_string}\"},\"query-input\":{\"@type\":\"PropertyValueSpecification\",\"valueRequired\":true,\"valueName\":\"search_term_string\"}}],\"inLanguage\":\"es\"},{\"@type\":\"Organization\",\"@id\":\"https:\\\/\\\/lospoliticosveracruz.com\\\/#organization\",\"name\":\"Los pol\u00edticos Veracruz\",\"url\":\"https:\\\/\\\/lospoliticosveracruz.com\\\/\",\"logo\":{\"@type\":\"ImageObject\",\"inLanguage\":\"es\",\"@id\":\"https:\\\/\\\/lospoliticosveracruz.com\\\/#\\\/schema\\\/logo\\\/image\\\/\",\"url\":\"https:\\\/\\\/lospoliticosveracruz.com\\\/wp-content\\\/uploads\\\/2025\\\/12\\\/Logo-Nuevo-LOS-POLITICOS-1.jpg\",\"contentUrl\":\"https:\\\/\\\/lospoliticosveracruz.com\\\/wp-content\\\/uploads\\\/2025\\\/12\\\/Logo-Nuevo-LOS-POLITICOS-1.jpg\",\"width\":260,\"height\":70,\"caption\":\"Los pol\u00edticos Veracruz\"},\"image\":{\"@id\":\"https:\\\/\\\/lospoliticosveracruz.com\\\/#\\\/schema\\\/logo\\\/image\\\/\"},\"sameAs\":[\"https:\\\/\\\/www.facebook.com\\\/people\\\/Notimemes-de-los-Polticos\\\/61565672886568\\\/\",\"https:\\\/\\\/x.com\\\/LosPoliticosVer\"]},{\"@type\":\"Person\",\"@id\":\"https:\\\/\\\/lospoliticosveracruz.com\\\/#\\\/schema\\\/person\\\/b8702bb0e538456e6efd07080bf2a4a2\",\"name\":\"Lo viste en Los Pol\u00edticos\",\"image\":{\"@type\":\"ImageObject\",\"inLanguage\":\"es\",\"@id\":\"https:\\\/\\\/secure.gravatar.com\\\/avatar\\\/3a8de04a2656d44082be478bd6c086daa447c4651605818287b9532d3d0bd435?s=96&d=mm&r=g\",\"url\":\"https:\\\/\\\/secure.gravatar.com\\\/avatar\\\/3a8de04a2656d44082be478bd6c086daa447c4651605818287b9532d3d0bd435?s=96&d=mm&r=g\",\"contentUrl\":\"https:\\\/\\\/secure.gravatar.com\\\/avatar\\\/3a8de04a2656d44082be478bd6c086daa447c4651605818287b9532d3d0bd435?s=96&d=mm&r=g\",\"caption\":\"Lo viste en Los Pol\u00edticos\"},\"url\":\"https:\\\/\\\/lospoliticosveracruz.com\\\/?author=2\"}]}<\/script>\n<!-- \/ Yoast SEO plugin. -->","yoast_head_json":{"title":"REYES HEROLES Y UNA REACCI\u00d3N MUY HUMANA - Los pol\u00edticos Veracruz","robots":{"index":"index","follow":"follow","max-snippet":"max-snippet:-1","max-image-preview":"max-image-preview:large","max-video-preview":"max-video-preview:-1"},"canonical":"https:\/\/lospoliticosveracruz.com\/?p=140062","og_locale":"es_ES","og_type":"article","og_title":"REYES HEROLES Y UNA REACCI\u00d3N MUY HUMANA - Los pol\u00edticos Veracruz","og_description":"[S\u00edguenos ahora tambi\u00e9n en WhatsApp.\u00a0Da clic aqu\u00ed]\u00a0Bernardo Guti\u00e9rrez Parra Desde el Caf\u00e9 El 19 de marzo de 1985 com\u00eda cerca del Z\u00f3calo capitalino con un viejo pol\u00edtico tuxpe\u00f1o, cuando nos enteramos de la sorpresiva muerte de don Jes\u00fas Reyes Heroles, secretario de la SEP con Miguel de la Madrid, y al que un mes antes [&hellip;]","og_url":"https:\/\/lospoliticosveracruz.com\/?p=140062","og_site_name":"Los pol\u00edticos Veracruz","article_publisher":"https:\/\/www.facebook.com\/people\/Notimemes-de-los-Polticos\/61565672886568\/","article_published_time":"2025-03-20T05:39:05+00:00","article_modified_time":"2025-03-20T05:39:31+00:00","og_image":[{"width":1250,"height":667,"url":"https:\/\/lospoliticosveracruz.com\/wp-content\/uploads\/2024\/03\/Bernardo.jpg","type":"image\/jpeg"}],"author":"Lo viste en Los Pol\u00edticos","twitter_card":"summary_large_image","twitter_creator":"@LosPoliticosVer","twitter_site":"@LosPoliticosVer","twitter_misc":{"Escrito por":"Lo viste en Los Pol\u00edticos","Tiempo de lectura":"4 minutos"},"schema":{"@context":"https:\/\/schema.org","@graph":[{"@type":"Article","@id":"https:\/\/lospoliticosveracruz.com\/?p=140062#article","isPartOf":{"@id":"https:\/\/lospoliticosveracruz.com\/?p=140062"},"author":{"name":"Lo viste en Los Pol\u00edticos","@id":"https:\/\/lospoliticosveracruz.com\/#\/schema\/person\/b8702bb0e538456e6efd07080bf2a4a2"},"headline":"REYES HEROLES Y UNA REACCI\u00d3N MUY HUMANA","datePublished":"2025-03-20T05:39:05+00:00","dateModified":"2025-03-20T05:39:31+00:00","mainEntityOfPage":{"@id":"https:\/\/lospoliticosveracruz.com\/?p=140062"},"wordCount":743,"publisher":{"@id":"https:\/\/lospoliticosveracruz.com\/#organization"},"image":{"@id":"https:\/\/lospoliticosveracruz.com\/?p=140062#primaryimage"},"thumbnailUrl":"https:\/\/lospoliticosveracruz.com\/wp-content\/uploads\/2024\/03\/Bernardo.jpg","keywords":["PRI","Tuxpan","Veracruz"],"articleSection":["De Opini\u00f3n"],"inLanguage":"es"},{"@type":"WebPage","@id":"https:\/\/lospoliticosveracruz.com\/?p=140062","url":"https:\/\/lospoliticosveracruz.com\/?p=140062","name":"REYES HEROLES Y UNA REACCI\u00d3N MUY HUMANA - Los pol\u00edticos Veracruz","isPartOf":{"@id":"https:\/\/lospoliticosveracruz.com\/#website"},"primaryImageOfPage":{"@id":"https:\/\/lospoliticosveracruz.com\/?p=140062#primaryimage"},"image":{"@id":"https:\/\/lospoliticosveracruz.com\/?p=140062#primaryimage"},"thumbnailUrl":"https:\/\/lospoliticosveracruz.com\/wp-content\/uploads\/2024\/03\/Bernardo.jpg","datePublished":"2025-03-20T05:39:05+00:00","dateModified":"2025-03-20T05:39:31+00:00","breadcrumb":{"@id":"https:\/\/lospoliticosveracruz.com\/?p=140062#breadcrumb"},"inLanguage":"es","potentialAction":[{"@type":"ReadAction","target":["https:\/\/lospoliticosveracruz.com\/?p=140062"]}]},{"@type":"ImageObject","inLanguage":"es","@id":"https:\/\/lospoliticosveracruz.com\/?p=140062#primaryimage","url":"https:\/\/lospoliticosveracruz.com\/wp-content\/uploads\/2024\/03\/Bernardo.jpg","contentUrl":"https:\/\/lospoliticosveracruz.com\/wp-content\/uploads\/2024\/03\/Bernardo.jpg","width":1250,"height":667},{"@type":"BreadcrumbList","@id":"https:\/\/lospoliticosveracruz.com\/?p=140062#breadcrumb","itemListElement":[{"@type":"ListItem","position":1,"name":"Portada","item":"https:\/\/lospoliticosveracruz.com\/"},{"@type":"ListItem","position":2,"name":"REYES HEROLES Y UNA REACCI\u00d3N MUY HUMANA"}]},{"@type":"WebSite","@id":"https:\/\/lospoliticosveracruz.com\/#website","url":"https:\/\/lospoliticosveracruz.com\/","name":"Los pol\u00edticos Veracruz","description":"","publisher":{"@id":"https:\/\/lospoliticosveracruz.com\/#organization"},"potentialAction":[{"@type":"SearchAction","target":{"@type":"EntryPoint","urlTemplate":"https:\/\/lospoliticosveracruz.com\/?s={search_term_string}"},"query-input":{"@type":"PropertyValueSpecification","valueRequired":true,"valueName":"search_term_string"}}],"inLanguage":"es"},{"@type":"Organization","@id":"https:\/\/lospoliticosveracruz.com\/#organization","name":"Los pol\u00edticos Veracruz","url":"https:\/\/lospoliticosveracruz.com\/","logo":{"@type":"ImageObject","inLanguage":"es","@id":"https:\/\/lospoliticosveracruz.com\/#\/schema\/logo\/image\/","url":"https:\/\/lospoliticosveracruz.com\/wp-content\/uploads\/2025\/12\/Logo-Nuevo-LOS-POLITICOS-1.jpg","contentUrl":"https:\/\/lospoliticosveracruz.com\/wp-content\/uploads\/2025\/12\/Logo-Nuevo-LOS-POLITICOS-1.jpg","width":260,"height":70,"caption":"Los pol\u00edticos Veracruz"},"image":{"@id":"https:\/\/lospoliticosveracruz.com\/#\/schema\/logo\/image\/"},"sameAs":["https:\/\/www.facebook.com\/people\/Notimemes-de-los-Polticos\/61565672886568\/","https:\/\/x.com\/LosPoliticosVer"]},{"@type":"Person","@id":"https:\/\/lospoliticosveracruz.com\/#\/schema\/person\/b8702bb0e538456e6efd07080bf2a4a2","name":"Lo viste en Los Pol\u00edticos","image":{"@type":"ImageObject","inLanguage":"es","@id":"https:\/\/secure.gravatar.com\/avatar\/3a8de04a2656d44082be478bd6c086daa447c4651605818287b9532d3d0bd435?s=96&d=mm&r=g","url":"https:\/\/secure.gravatar.com\/avatar\/3a8de04a2656d44082be478bd6c086daa447c4651605818287b9532d3d0bd435?s=96&d=mm&r=g","contentUrl":"https:\/\/secure.gravatar.com\/avatar\/3a8de04a2656d44082be478bd6c086daa447c4651605818287b9532d3d0bd435?s=96&d=mm&r=g","caption":"Lo viste en Los Pol\u00edticos"},"url":"https:\/\/lospoliticosveracruz.com\/?author=2"}]}},"_links":{"self":[{"href":"https:\/\/lospoliticosveracruz.com\/index.php?rest_route=\/wp\/v2\/posts\/140062","targetHints":{"allow":["GET"]}}],"collection":[{"href":"https:\/\/lospoliticosveracruz.com\/index.php?rest_route=\/wp\/v2\/posts"}],"about":[{"href":"https:\/\/lospoliticosveracruz.com\/index.php?rest_route=\/wp\/v2\/types\/post"}],"author":[{"embeddable":true,"href":"https:\/\/lospoliticosveracruz.com\/index.php?rest_route=\/wp\/v2\/users\/2"}],"replies":[{"embeddable":true,"href":"https:\/\/lospoliticosveracruz.com\/index.php?rest_route=%2Fwp%2Fv2%2Fcomments&post=140062"}],"version-history":[{"count":2,"href":"https:\/\/lospoliticosveracruz.com\/index.php?rest_route=\/wp\/v2\/posts\/140062\/revisions"}],"predecessor-version":[{"id":140064,"href":"https:\/\/lospoliticosveracruz.com\/index.php?rest_route=\/wp\/v2\/posts\/140062\/revisions\/140064"}],"wp:featuredmedia":[{"embeddable":true,"href":"https:\/\/lospoliticosveracruz.com\/index.php?rest_route=\/wp\/v2\/media\/119914"}],"wp:attachment":[{"href":"https:\/\/lospoliticosveracruz.com\/index.php?rest_route=%2Fwp%2Fv2%2Fmedia&parent=140062"}],"wp:term":[{"taxonomy":"category","embeddable":true,"href":"https:\/\/lospoliticosveracruz.com\/index.php?rest_route=%2Fwp%2Fv2%2Fcategories&post=140062"},{"taxonomy":"post_tag","embeddable":true,"href":"https:\/\/lospoliticosveracruz.com\/index.php?rest_route=%2Fwp%2Fv2%2Ftags&post=140062"}],"curies":[{"name":"wp","href":"https:\/\/api.w.org\/{rel}","templated":true}]}}