{"id":140137,"date":"2025-03-20T19:50:41","date_gmt":"2025-03-21T01:50:41","guid":{"rendered":"https:\/\/lospoliticosveracruz.com.mx\/?p=140137"},"modified":"2025-03-20T19:51:03","modified_gmt":"2025-03-21T01:51:03","slug":"cjng-y-morena-se-unen-contra-buscadoras","status":"publish","type":"post","link":"https:\/\/lospoliticosveracruz.com\/?p=140137","title":{"rendered":"CJNG Y MORENA SE UNEN CONTRA BUSCADORAS"},"content":{"rendered":"\n<p><strong><a href=\"https:\/\/whatsapp.com\/channel\/0029Va8zRWlEKyZIP3Z1dF0e\">\u2002\u2002<strong>\u00danete a nuestro canal&nbsp;<\/strong>\u2002<\/a><\/strong><\/p>\n\n\n\n<p>\u00a1<strong>LOS POL\u00cdTICOS VERACRUZ<\/strong>&nbsp;ya est\u00e1 en WhatsApp!<\/p>\n\n\n\n<p><strong>Inocencio Y\u00e1\u00f1ez Vicencio<\/strong><\/p>\n\n\n\n<p>Partiendo de que el v\u00eddeo que supuestamente grab\u00f3 el C\u00e1rtel Jalisco Nueva Generaci\u00f3n, descalificando a las buscadoras de desaparecidos, no lo hizo ese grupo que opera al margen de la ley, como ya expertos lo han constatado, de todas formas si as\u00ed es surgen las siguientes interrogantes: porque no se han deslindado? Les pidi\u00f3 permiso o les consult\u00f3 el gobierno para realizar ese v\u00eddeo? Si no les pidieron permiso o no les consultaron , acaso no es sumamente arriesgado que el gobierno hable por ellos?&nbsp;&nbsp;De otra manera, no significa la evidencia de que vienen haciendo causa com\u00fan?<\/p>\n\n\n\n<p>Est\u00e1 sincronizaci\u00f3n no queda ah\u00ed. Al mismo tiempo que los t\u00e9cnicos dan a conocer el supuesto v\u00eddeo del cr\u00edmen organizado y que es un montaje, Noro\u00f1a, presidente del Senado de lo que queda de Rep\u00fablica, vierte tambi\u00e9n palabras indolentes contra las buscadoras de desaparecidos. Alejandro Gertz Manero, de igual forma, aparece con el \u00fanico prop\u00f3sito de deslindarse y trata de convencernos que el campo de entrenamiento y exterminio de Teuchitlan, es consecuencia de la omisi\u00f3n de las autoridades estatales y locales, negando en principio, no obstante que acepta la existencia en ese lugar de partes \u00f3seas, que haya habido ah\u00ed un campo de exterminio y dice que la ropa, zapatos y pertenec\u00edas que se encontraron se debe a que en ese sitio se cambiaban para ponerse el uniforme, poniendo en duda la versi\u00f3n de las buscadoras y los testimonios que dan cuento de los crematorios, dando la impresi\u00f3n de que todo est\u00e9 macabro hallazgo, no es m\u00e1s que una maquinacion para da\u00f1ar la reputaci\u00f3n de los c\u00e1rteles. No se atrevi\u00f3 a decirlo pero se desprende del \u00e9nfasis que puso al negar que hubiera en el rancho Izaguirre, un centro de exterminio.<\/p>\n\n\n\n<p>Bien dijo Claudia Sheinbaum, al manifestar que venia una campa\u00f1a negra. S\u00f3lo que no dijo que est\u00e1 vez saldr\u00eda de Palacio Nacional contra las buscadoras, cuyo \u00fanico delito es tratar de encontrar&nbsp;&nbsp;hijos, hermanos y familiares, que han sido reclutados y masacrados por el crimen organizado. Madres, padres, hermanos, que perdieron seres porque est\u00e1n bajo el abrigo de un Estado que lo que menos les da es prevenci\u00f3n y seguridad a sus vidas y bienes y ahora en lugar de ser las autoridades quienes busquen a sus familiares desaparecidos tienen que hacerlo los mismos que sufren el dolor de perderlos,&nbsp;&nbsp;con el colmo de que en lugar que les brinde apoyo, seg\u00fan declara Edith Gonz\u00e1lez, del colectivo de Tamaulipas, \u00fanicamente les concede tres d\u00edas al mes para buscarlos y esto no \u00fanicamente hay que considerar la amenaza de los c\u00e1rteles sino que las mismas autoridades ponen en la mira a las buscadoras al exhibirlas como fabricadores de barbaridades que supuestamente los c\u00e1rteles no han perpetrado.<\/p>\n\n\n\n<p>Alejandra Gertz Manero, deb\u00eda informar de informar por qu\u00e9 teniendo conocikiento de las diligencias que realizaron en septiembre de 2024, no actuaron, toda vez que la Guardia Federal encontr\u00f3 arm\u00e1s de alto impacto y que la Fiscal\u00eda General de la Rep\u00fablica deb\u00eda de hacerlo de oficio, sin esperar a lo que hicieran las autoridades locales, am\u00e9n que el delito lo impon\u00eda. Pero no, el estaba acatando la pol\u00edtica de abrazos, no balazos y empe\u00f1ado en ocultar estos techos.<\/p>\n\n\n\n<p>Despu\u00e9s de las imputaciones que sus familiares le hicieron y las denuncias que contra \u00e9l realiz\u00f3 el exjefe de la oficina jur\u00eddica de la presidenta con AMLO, Scherer, a Gertz Manero, no le queda nada de credibilidad y , todav\u00eda menos, cuando la denuncia que present\u00f3 Arturo Castagne, no le ha dado curso, muy a pesar que para la opini\u00f3n p\u00fablica, Roc\u00edo Nahle, es responsable de supuestos desv\u00edos en la Refiner\u00eda de Dos Bocas, donde casi triplic\u00f3 los 8 mil millones de d\u00f3lares que originalmente se presupuestaron.<\/p>\n\n\n\n<p>En Jalisco, Tamaulipas, Tabasco, Sinaloa, Guerrero, Veracruz&#8230;las fosas y asesinatos crecen.&nbsp;<\/p>\n\n\n\n<p>En Veracruz, est\u00e1 claro que Roc\u00edo Nahle, premia a los alcaldes que han entregado la plaza al cr\u00edmen organizado, como es el caso de Tuxpan, que con Morena, se ti\u00f1e de sangre, extorsi\u00f3n, cobro de piso y terror.<\/p>\n\n\n\n<p>Roc\u00edo Nahle, est\u00e1 convencido que con los paleros que todos los d\u00edas le descubren cualidades que solo ellos ven y con diputados opositores que bajo la consigna de &#8216; ataca a cualquiera menos a m\u00ed &#8216; podr\u00e1 seguir en su surrealismo, pues no debe confiarse mucho, porque en primer lugar, esos bufones est\u00e1n muy despretigiados y ya nadie les cree y en segundo lugar, su desgobierno, porque ha de saber que no hay gobernaci\u00f3n en Veracruz, que cada d\u00eda m\u00e1s parcelas territoriales o plazas tiene bajo su control el cr\u00edmen en la ciudad, en el campo y en las carreteras, mientras usted se dedica a tomarse fotos y a re\u00edrse de los veracruzanos.<\/p>\n","protected":false},"excerpt":{"rendered":"<p>\u2002\u2002\u00danete a nuestro canal&nbsp;\u2002 \u00a1LOS POL\u00cdTICOS VERACRUZ&nbsp;ya est\u00e1 en WhatsApp! Inocencio Y\u00e1\u00f1ez Vicencio Partiendo de que el v\u00eddeo que supuestamente grab\u00f3 el C\u00e1rtel Jalisco Nueva Generaci\u00f3n, descalificando a las buscadoras de desaparecidos, no lo hizo ese grupo que opera al margen de la ley, como ya expertos lo han constatado, de todas formas si as\u00ed [&hellip;]<\/p>\n","protected":false},"author":2,"featured_media":120033,"comment_status":"closed","ping_status":"closed","sticky":false,"template":"","format":"standard","meta":{"tdm_status":"","tdm_grid_status":"","footnotes":""},"categories":[70],"tags":[31831],"class_list":{"0":"post-140137","1":"post","2":"type-post","3":"status-publish","4":"format-standard","5":"has-post-thumbnail","7":"category-de-opinion","8":"tag-cartel-jalisco-nueva-generacion-2"},"yoast_head":"<!-- This site is optimized with the Yoast SEO plugin v27.4 - https:\/\/yoast.com\/product\/yoast-seo-wordpress\/ -->\n<title>CJNG Y MORENA SE UNEN CONTRA BUSCADORAS - Los pol\u00edticos Veracruz<\/title>\n<meta name=\"robots\" content=\"index, follow, max-snippet:-1, max-image-preview:large, max-video-preview:-1\" \/>\n<link rel=\"canonical\" href=\"https:\/\/lospoliticosveracruz.com\/?p=140137\" \/>\n<meta property=\"og:locale\" content=\"es_ES\" \/>\n<meta property=\"og:type\" content=\"article\" \/>\n<meta property=\"og:title\" content=\"CJNG Y MORENA SE UNEN CONTRA BUSCADORAS - Los pol\u00edticos Veracruz\" \/>\n<meta property=\"og:description\" content=\"\u2002\u2002\u00danete a nuestro canal&nbsp;\u2002 \u00a1LOS POL\u00cdTICOS VERACRUZ&nbsp;ya est\u00e1 en WhatsApp! Inocencio Y\u00e1\u00f1ez Vicencio Partiendo de que el v\u00eddeo que supuestamente grab\u00f3 el C\u00e1rtel Jalisco Nueva Generaci\u00f3n, descalificando a las buscadoras de desaparecidos, no lo hizo ese grupo que opera al margen de la ley, como ya expertos lo han constatado, de todas formas si as\u00ed [&hellip;]\" \/>\n<meta property=\"og:url\" content=\"https:\/\/lospoliticosveracruz.com\/?p=140137\" \/>\n<meta property=\"og:site_name\" content=\"Los pol\u00edticos Veracruz\" \/>\n<meta property=\"article:publisher\" content=\"https:\/\/www.facebook.com\/people\/Notimemes-de-los-Polticos\/61565672886568\/\" \/>\n<meta property=\"article:published_time\" content=\"2025-03-21T01:50:41+00:00\" \/>\n<meta property=\"article:modified_time\" content=\"2025-03-21T01:51:03+00:00\" \/>\n<meta property=\"og:image\" content=\"https:\/\/lospoliticosveracruz.com\/wp-content\/uploads\/2024\/03\/Inocencio-Yanez-Vicencio.jpg\" \/>\n\t<meta property=\"og:image:width\" content=\"1250\" \/>\n\t<meta property=\"og:image:height\" content=\"667\" \/>\n\t<meta property=\"og:image:type\" content=\"image\/jpeg\" \/>\n<meta name=\"author\" content=\"Lo viste en Los Pol\u00edticos\" \/>\n<meta name=\"twitter:card\" content=\"summary_large_image\" \/>\n<meta name=\"twitter:creator\" content=\"@LosPoliticosVer\" \/>\n<meta name=\"twitter:site\" content=\"@LosPoliticosVer\" \/>\n<meta name=\"twitter:label1\" content=\"Escrito por\" \/>\n\t<meta name=\"twitter:data1\" content=\"Lo viste en Los Pol\u00edticos\" \/>\n\t<meta name=\"twitter:label2\" content=\"Tiempo de lectura\" \/>\n\t<meta name=\"twitter:data2\" content=\"4 minutos\" \/>\n<script type=\"application\/ld+json\" class=\"yoast-schema-graph\">{\"@context\":\"https:\\\/\\\/schema.org\",\"@graph\":[{\"@type\":\"Article\",\"@id\":\"https:\\\/\\\/lospoliticosveracruz.com\\\/?p=140137#article\",\"isPartOf\":{\"@id\":\"https:\\\/\\\/lospoliticosveracruz.com\\\/?p=140137\"},\"author\":{\"name\":\"Lo viste en Los Pol\u00edticos\",\"@id\":\"https:\\\/\\\/lospoliticosveracruz.com\\\/#\\\/schema\\\/person\\\/b8702bb0e538456e6efd07080bf2a4a2\"},\"headline\":\"CJNG Y MORENA SE UNEN CONTRA BUSCADORAS\",\"datePublished\":\"2025-03-21T01:50:41+00:00\",\"dateModified\":\"2025-03-21T01:51:03+00:00\",\"mainEntityOfPage\":{\"@id\":\"https:\\\/\\\/lospoliticosveracruz.com\\\/?p=140137\"},\"wordCount\":869,\"publisher\":{\"@id\":\"https:\\\/\\\/lospoliticosveracruz.com\\\/#organization\"},\"image\":{\"@id\":\"https:\\\/\\\/lospoliticosveracruz.com\\\/?p=140137#primaryimage\"},\"thumbnailUrl\":\"https:\\\/\\\/lospoliticosveracruz.com\\\/wp-content\\\/uploads\\\/2024\\\/03\\\/Inocencio-Yanez-Vicencio.jpg\",\"keywords\":[\"C\u00e1rtel Jalisco Nueva Generaci\u00f3n\"],\"articleSection\":[\"De Opini\u00f3n\"],\"inLanguage\":\"es\"},{\"@type\":\"WebPage\",\"@id\":\"https:\\\/\\\/lospoliticosveracruz.com\\\/?p=140137\",\"url\":\"https:\\\/\\\/lospoliticosveracruz.com\\\/?p=140137\",\"name\":\"CJNG Y MORENA SE UNEN CONTRA BUSCADORAS - Los pol\u00edticos Veracruz\",\"isPartOf\":{\"@id\":\"https:\\\/\\\/lospoliticosveracruz.com\\\/#website\"},\"primaryImageOfPage\":{\"@id\":\"https:\\\/\\\/lospoliticosveracruz.com\\\/?p=140137#primaryimage\"},\"image\":{\"@id\":\"https:\\\/\\\/lospoliticosveracruz.com\\\/?p=140137#primaryimage\"},\"thumbnailUrl\":\"https:\\\/\\\/lospoliticosveracruz.com\\\/wp-content\\\/uploads\\\/2024\\\/03\\\/Inocencio-Yanez-Vicencio.jpg\",\"datePublished\":\"2025-03-21T01:50:41+00:00\",\"dateModified\":\"2025-03-21T01:51:03+00:00\",\"breadcrumb\":{\"@id\":\"https:\\\/\\\/lospoliticosveracruz.com\\\/?p=140137#breadcrumb\"},\"inLanguage\":\"es\",\"potentialAction\":[{\"@type\":\"ReadAction\",\"target\":[\"https:\\\/\\\/lospoliticosveracruz.com\\\/?p=140137\"]}]},{\"@type\":\"ImageObject\",\"inLanguage\":\"es\",\"@id\":\"https:\\\/\\\/lospoliticosveracruz.com\\\/?p=140137#primaryimage\",\"url\":\"https:\\\/\\\/lospoliticosveracruz.com\\\/wp-content\\\/uploads\\\/2024\\\/03\\\/Inocencio-Yanez-Vicencio.jpg\",\"contentUrl\":\"https:\\\/\\\/lospoliticosveracruz.com\\\/wp-content\\\/uploads\\\/2024\\\/03\\\/Inocencio-Yanez-Vicencio.jpg\",\"width\":1250,\"height\":667},{\"@type\":\"BreadcrumbList\",\"@id\":\"https:\\\/\\\/lospoliticosveracruz.com\\\/?p=140137#breadcrumb\",\"itemListElement\":[{\"@type\":\"ListItem\",\"position\":1,\"name\":\"Portada\",\"item\":\"https:\\\/\\\/lospoliticosveracruz.com\\\/\"},{\"@type\":\"ListItem\",\"position\":2,\"name\":\"CJNG Y MORENA SE UNEN CONTRA BUSCADORAS\"}]},{\"@type\":\"WebSite\",\"@id\":\"https:\\\/\\\/lospoliticosveracruz.com\\\/#website\",\"url\":\"https:\\\/\\\/lospoliticosveracruz.com\\\/\",\"name\":\"Los pol\u00edticos Veracruz\",\"description\":\"\",\"publisher\":{\"@id\":\"https:\\\/\\\/lospoliticosveracruz.com\\\/#organization\"},\"potentialAction\":[{\"@type\":\"SearchAction\",\"target\":{\"@type\":\"EntryPoint\",\"urlTemplate\":\"https:\\\/\\\/lospoliticosveracruz.com\\\/?s={search_term_string}\"},\"query-input\":{\"@type\":\"PropertyValueSpecification\",\"valueRequired\":true,\"valueName\":\"search_term_string\"}}],\"inLanguage\":\"es\"},{\"@type\":\"Organization\",\"@id\":\"https:\\\/\\\/lospoliticosveracruz.com\\\/#organization\",\"name\":\"Los pol\u00edticos Veracruz\",\"url\":\"https:\\\/\\\/lospoliticosveracruz.com\\\/\",\"logo\":{\"@type\":\"ImageObject\",\"inLanguage\":\"es\",\"@id\":\"https:\\\/\\\/lospoliticosveracruz.com\\\/#\\\/schema\\\/logo\\\/image\\\/\",\"url\":\"https:\\\/\\\/lospoliticosveracruz.com\\\/wp-content\\\/uploads\\\/2025\\\/12\\\/Logo-Nuevo-LOS-POLITICOS-1.jpg\",\"contentUrl\":\"https:\\\/\\\/lospoliticosveracruz.com\\\/wp-content\\\/uploads\\\/2025\\\/12\\\/Logo-Nuevo-LOS-POLITICOS-1.jpg\",\"width\":260,\"height\":70,\"caption\":\"Los pol\u00edticos Veracruz\"},\"image\":{\"@id\":\"https:\\\/\\\/lospoliticosveracruz.com\\\/#\\\/schema\\\/logo\\\/image\\\/\"},\"sameAs\":[\"https:\\\/\\\/www.facebook.com\\\/people\\\/Notimemes-de-los-Polticos\\\/61565672886568\\\/\",\"https:\\\/\\\/x.com\\\/LosPoliticosVer\"]},{\"@type\":\"Person\",\"@id\":\"https:\\\/\\\/lospoliticosveracruz.com\\\/#\\\/schema\\\/person\\\/b8702bb0e538456e6efd07080bf2a4a2\",\"name\":\"Lo viste en Los Pol\u00edticos\",\"image\":{\"@type\":\"ImageObject\",\"inLanguage\":\"es\",\"@id\":\"https:\\\/\\\/secure.gravatar.com\\\/avatar\\\/3a8de04a2656d44082be478bd6c086daa447c4651605818287b9532d3d0bd435?s=96&d=mm&r=g\",\"url\":\"https:\\\/\\\/secure.gravatar.com\\\/avatar\\\/3a8de04a2656d44082be478bd6c086daa447c4651605818287b9532d3d0bd435?s=96&d=mm&r=g\",\"contentUrl\":\"https:\\\/\\\/secure.gravatar.com\\\/avatar\\\/3a8de04a2656d44082be478bd6c086daa447c4651605818287b9532d3d0bd435?s=96&d=mm&r=g\",\"caption\":\"Lo viste en Los Pol\u00edticos\"},\"url\":\"https:\\\/\\\/lospoliticosveracruz.com\\\/?author=2\"}]}<\/script>\n<!-- \/ Yoast SEO plugin. -->","yoast_head_json":{"title":"CJNG Y MORENA SE UNEN CONTRA BUSCADORAS - Los pol\u00edticos Veracruz","robots":{"index":"index","follow":"follow","max-snippet":"max-snippet:-1","max-image-preview":"max-image-preview:large","max-video-preview":"max-video-preview:-1"},"canonical":"https:\/\/lospoliticosveracruz.com\/?p=140137","og_locale":"es_ES","og_type":"article","og_title":"CJNG Y MORENA SE UNEN CONTRA BUSCADORAS - Los pol\u00edticos Veracruz","og_description":"\u2002\u2002\u00danete a nuestro canal&nbsp;\u2002 \u00a1LOS POL\u00cdTICOS VERACRUZ&nbsp;ya est\u00e1 en WhatsApp! Inocencio Y\u00e1\u00f1ez Vicencio Partiendo de que el v\u00eddeo que supuestamente grab\u00f3 el C\u00e1rtel Jalisco Nueva Generaci\u00f3n, descalificando a las buscadoras de desaparecidos, no lo hizo ese grupo que opera al margen de la ley, como ya expertos lo han constatado, de todas formas si as\u00ed [&hellip;]","og_url":"https:\/\/lospoliticosveracruz.com\/?p=140137","og_site_name":"Los pol\u00edticos Veracruz","article_publisher":"https:\/\/www.facebook.com\/people\/Notimemes-de-los-Polticos\/61565672886568\/","article_published_time":"2025-03-21T01:50:41+00:00","article_modified_time":"2025-03-21T01:51:03+00:00","og_image":[{"width":1250,"height":667,"url":"https:\/\/lospoliticosveracruz.com\/wp-content\/uploads\/2024\/03\/Inocencio-Yanez-Vicencio.jpg","type":"image\/jpeg"}],"author":"Lo viste en Los Pol\u00edticos","twitter_card":"summary_large_image","twitter_creator":"@LosPoliticosVer","twitter_site":"@LosPoliticosVer","twitter_misc":{"Escrito por":"Lo viste en Los Pol\u00edticos","Tiempo de lectura":"4 minutos"},"schema":{"@context":"https:\/\/schema.org","@graph":[{"@type":"Article","@id":"https:\/\/lospoliticosveracruz.com\/?p=140137#article","isPartOf":{"@id":"https:\/\/lospoliticosveracruz.com\/?p=140137"},"author":{"name":"Lo viste en Los Pol\u00edticos","@id":"https:\/\/lospoliticosveracruz.com\/#\/schema\/person\/b8702bb0e538456e6efd07080bf2a4a2"},"headline":"CJNG Y MORENA SE UNEN CONTRA BUSCADORAS","datePublished":"2025-03-21T01:50:41+00:00","dateModified":"2025-03-21T01:51:03+00:00","mainEntityOfPage":{"@id":"https:\/\/lospoliticosveracruz.com\/?p=140137"},"wordCount":869,"publisher":{"@id":"https:\/\/lospoliticosveracruz.com\/#organization"},"image":{"@id":"https:\/\/lospoliticosveracruz.com\/?p=140137#primaryimage"},"thumbnailUrl":"https:\/\/lospoliticosveracruz.com\/wp-content\/uploads\/2024\/03\/Inocencio-Yanez-Vicencio.jpg","keywords":["C\u00e1rtel Jalisco Nueva Generaci\u00f3n"],"articleSection":["De Opini\u00f3n"],"inLanguage":"es"},{"@type":"WebPage","@id":"https:\/\/lospoliticosveracruz.com\/?p=140137","url":"https:\/\/lospoliticosveracruz.com\/?p=140137","name":"CJNG Y MORENA SE UNEN CONTRA BUSCADORAS - Los pol\u00edticos Veracruz","isPartOf":{"@id":"https:\/\/lospoliticosveracruz.com\/#website"},"primaryImageOfPage":{"@id":"https:\/\/lospoliticosveracruz.com\/?p=140137#primaryimage"},"image":{"@id":"https:\/\/lospoliticosveracruz.com\/?p=140137#primaryimage"},"thumbnailUrl":"https:\/\/lospoliticosveracruz.com\/wp-content\/uploads\/2024\/03\/Inocencio-Yanez-Vicencio.jpg","datePublished":"2025-03-21T01:50:41+00:00","dateModified":"2025-03-21T01:51:03+00:00","breadcrumb":{"@id":"https:\/\/lospoliticosveracruz.com\/?p=140137#breadcrumb"},"inLanguage":"es","potentialAction":[{"@type":"ReadAction","target":["https:\/\/lospoliticosveracruz.com\/?p=140137"]}]},{"@type":"ImageObject","inLanguage":"es","@id":"https:\/\/lospoliticosveracruz.com\/?p=140137#primaryimage","url":"https:\/\/lospoliticosveracruz.com\/wp-content\/uploads\/2024\/03\/Inocencio-Yanez-Vicencio.jpg","contentUrl":"https:\/\/lospoliticosveracruz.com\/wp-content\/uploads\/2024\/03\/Inocencio-Yanez-Vicencio.jpg","width":1250,"height":667},{"@type":"BreadcrumbList","@id":"https:\/\/lospoliticosveracruz.com\/?p=140137#breadcrumb","itemListElement":[{"@type":"ListItem","position":1,"name":"Portada","item":"https:\/\/lospoliticosveracruz.com\/"},{"@type":"ListItem","position":2,"name":"CJNG Y MORENA SE UNEN CONTRA BUSCADORAS"}]},{"@type":"WebSite","@id":"https:\/\/lospoliticosveracruz.com\/#website","url":"https:\/\/lospoliticosveracruz.com\/","name":"Los pol\u00edticos Veracruz","description":"","publisher":{"@id":"https:\/\/lospoliticosveracruz.com\/#organization"},"potentialAction":[{"@type":"SearchAction","target":{"@type":"EntryPoint","urlTemplate":"https:\/\/lospoliticosveracruz.com\/?s={search_term_string}"},"query-input":{"@type":"PropertyValueSpecification","valueRequired":true,"valueName":"search_term_string"}}],"inLanguage":"es"},{"@type":"Organization","@id":"https:\/\/lospoliticosveracruz.com\/#organization","name":"Los pol\u00edticos Veracruz","url":"https:\/\/lospoliticosveracruz.com\/","logo":{"@type":"ImageObject","inLanguage":"es","@id":"https:\/\/lospoliticosveracruz.com\/#\/schema\/logo\/image\/","url":"https:\/\/lospoliticosveracruz.com\/wp-content\/uploads\/2025\/12\/Logo-Nuevo-LOS-POLITICOS-1.jpg","contentUrl":"https:\/\/lospoliticosveracruz.com\/wp-content\/uploads\/2025\/12\/Logo-Nuevo-LOS-POLITICOS-1.jpg","width":260,"height":70,"caption":"Los pol\u00edticos Veracruz"},"image":{"@id":"https:\/\/lospoliticosveracruz.com\/#\/schema\/logo\/image\/"},"sameAs":["https:\/\/www.facebook.com\/people\/Notimemes-de-los-Polticos\/61565672886568\/","https:\/\/x.com\/LosPoliticosVer"]},{"@type":"Person","@id":"https:\/\/lospoliticosveracruz.com\/#\/schema\/person\/b8702bb0e538456e6efd07080bf2a4a2","name":"Lo viste en Los Pol\u00edticos","image":{"@type":"ImageObject","inLanguage":"es","@id":"https:\/\/secure.gravatar.com\/avatar\/3a8de04a2656d44082be478bd6c086daa447c4651605818287b9532d3d0bd435?s=96&d=mm&r=g","url":"https:\/\/secure.gravatar.com\/avatar\/3a8de04a2656d44082be478bd6c086daa447c4651605818287b9532d3d0bd435?s=96&d=mm&r=g","contentUrl":"https:\/\/secure.gravatar.com\/avatar\/3a8de04a2656d44082be478bd6c086daa447c4651605818287b9532d3d0bd435?s=96&d=mm&r=g","caption":"Lo viste en Los Pol\u00edticos"},"url":"https:\/\/lospoliticosveracruz.com\/?author=2"}]}},"_links":{"self":[{"href":"https:\/\/lospoliticosveracruz.com\/index.php?rest_route=\/wp\/v2\/posts\/140137","targetHints":{"allow":["GET"]}}],"collection":[{"href":"https:\/\/lospoliticosveracruz.com\/index.php?rest_route=\/wp\/v2\/posts"}],"about":[{"href":"https:\/\/lospoliticosveracruz.com\/index.php?rest_route=\/wp\/v2\/types\/post"}],"author":[{"embeddable":true,"href":"https:\/\/lospoliticosveracruz.com\/index.php?rest_route=\/wp\/v2\/users\/2"}],"replies":[{"embeddable":true,"href":"https:\/\/lospoliticosveracruz.com\/index.php?rest_route=%2Fwp%2Fv2%2Fcomments&post=140137"}],"version-history":[{"count":2,"href":"https:\/\/lospoliticosveracruz.com\/index.php?rest_route=\/wp\/v2\/posts\/140137\/revisions"}],"predecessor-version":[{"id":140139,"href":"https:\/\/lospoliticosveracruz.com\/index.php?rest_route=\/wp\/v2\/posts\/140137\/revisions\/140139"}],"wp:featuredmedia":[{"embeddable":true,"href":"https:\/\/lospoliticosveracruz.com\/index.php?rest_route=\/wp\/v2\/media\/120033"}],"wp:attachment":[{"href":"https:\/\/lospoliticosveracruz.com\/index.php?rest_route=%2Fwp%2Fv2%2Fmedia&parent=140137"}],"wp:term":[{"taxonomy":"category","embeddable":true,"href":"https:\/\/lospoliticosveracruz.com\/index.php?rest_route=%2Fwp%2Fv2%2Fcategories&post=140137"},{"taxonomy":"post_tag","embeddable":true,"href":"https:\/\/lospoliticosveracruz.com\/index.php?rest_route=%2Fwp%2Fv2%2Ftags&post=140137"}],"curies":[{"name":"wp","href":"https:\/\/api.w.org\/{rel}","templated":true}]}}