{"id":140140,"date":"2025-03-20T21:13:03","date_gmt":"2025-03-21T03:13:03","guid":{"rendered":"https:\/\/lospoliticosveracruz.com.mx\/?p=140140"},"modified":"2025-03-20T21:13:21","modified_gmt":"2025-03-21T03:13:21","slug":"la-madre-de-todas-las-elecciones-veracruz-2025","status":"publish","type":"post","link":"https:\/\/lospoliticosveracruz.com\/?p=140140","title":{"rendered":"LA MADRE DE TODAS LAS ELECCIONES, VERACRUZ 2025"},"content":{"rendered":"\n<p><a><\/a><a href=\"https:\/\/whatsapp.com\/channel\/0029Va8zRWlEKyZIP3Z1dF0e\"><strong>\u2002\u2002<\/strong><strong>\u00da<\/strong><strong>NETE A NUESTRO CANAL<\/strong><strong><\/strong><\/a><\/p>\n\n\n\n<p>\u00a1<a href=\"https:\/\/whatsapp.com\/channel\/0029Va8zRWlEKyZIP3Z1dF0e\"><strong>LOS POL\u00cd<\/strong><strong>TICOS VERACRUZ<\/strong><\/a> ya est\u00e1 en WhatsApp!<\/p>\n\n\n\n<p><strong>Carlos Miguel Acosta Bravo*<br><\/strong><em>Impronta<\/em><\/p>\n\n\n\n<p>La madre de todas las batallas, o mejor dicho de las elecciones? As\u00ed se ha denominado siempre a la renovaci\u00f3n de las 212 presidencias municipales que provoca pasiones y una enorme competencia entre los numerosos actores pol\u00edticos provenientes de diferentes sectores de la sociedad y enarbolados por diferentes colores.<br>Esta elecci\u00f3n de forma particular ha sido caracterizada por los profundos jaloneos al interior de la coalici\u00f3n electoral que hace ocho a\u00f1os tienen conformada Morena, Partido del Trabajo y Verde Ecologista. En el caso particular de Veracruz eso signific\u00f3 romper esta alianza y los tres organismos pol\u00edticos est\u00e1n participando por separado.<br>Tanta es la pasi\u00f3n que incluso actores de talla nacional como Andy L\u00f3pez Beltr\u00e1n, heredero pol\u00edtico del expresidente m\u00e1s popular de los \u00faltimos treinta a\u00f1os en M\u00e9xico, quien ha estado interviniendo de manera directa con sus visitas en el proceso electoral para Alcaldes y en paralelo se encuentra construyendo su plataforma futurista para el 2030.<br>La participaci\u00f3n y reciente visita al estado de Veracruz del exsecretario de gobernaci\u00f3n y actual l\u00edder de la C\u00e1mara de Senadores Ad\u00e1n Augusto L\u00f3pez Santiago, as\u00ed como la incursi\u00f3n en Morena de los integrantes m\u00e1s visibles y fuertes del clan Yunes: Miguel \u00c1ngel Yunes Linares y Miguel \u00c1ngel Yunes M\u00e1rquez, quienes durante el proceso electoral de 2024 se constituyeron en visibles cr\u00edticos de la hoy gobernadora Ingeniero Roc\u00edo Nahle Garc\u00eda, y que provoc\u00f3 un aireado reclamo de su parte, solicitando que no se les admitiera como integrantes de ese movimiento y que oblig\u00f3 a que su ingreso fuera turnada para su revisi\u00f3n de la Comisi\u00f3n de Honor y Justicia de Morena misma que se mantiene en pausa.<br>Por su parte el clan Yunes logr\u00f3 imponer candidatos del Partido Acci\u00f3n Nacional para dos de los municipios m\u00e1s importantes del estado: Veracruz y Boca del R\u00edo, Indira Rosales San Rom\u00e1n y Mar\u00eda Josefina Gamboa respectivamente, lo cual deja entrever el control pol\u00edtico que tienen sobre el partido Acci\u00f3n Nacional en Veracruz, aun y cuando ellos formalmente se encuentran ya agrupados dentro del Movimiento de Regeneraci\u00f3n Nacional (Morena) al dar el voto decisivo para la destrucci\u00f3n o democratizaci\u00f3n -seg\u00fan ellos- del Poder Judicial en nuestro pa\u00eds.<br>La participaci\u00f3n de la l\u00edder nacional de Morena Luisa Mar\u00eda Alcalde, quien ha estado llamando a todos los que participaron en la encuesta y est\u00e1 entregando personalmente los nombramientos m\u00e1s importantes, como promotores de la Cuarta Transformaci\u00f3n a algunos de los principales actores y precandidatos a presidentes municipales.<br>Por otro lado, se encuentra tambi\u00e9n la intervenci\u00f3n airada del l\u00edder nacional del Partido Verde Ecolog\u00edsta y exgobernador de Chiapas Manuel Velasco, quien se quej\u00f3 directamente con la Presidenta Claudia Sheinbaum de la falta de condiciones para continuar juntos en la coalici\u00f3n electoral entre Morena y el Partido Verde en Veracruz.<br>Los casos m\u00e1s visibles han sido los conflictos para la nominaci\u00f3n de los candidatos a las alcald\u00edas de Tuxpan y Alvarado, as\u00ed como las acusaciones por la falta de cumplimiento a los acuerdos para la designaci\u00f3n de candidatos para el actual proceso electoral que tendr\u00e1 lugar el pr\u00f3ximo 1 de junio.<br>Se ha mencionado tambi\u00e9n la participaci\u00f3n directa del exgobernador Cuitl\u00e1huac Garc\u00eda para inclinar la balanza a favor de su delf\u00edn y exsecretario de Gobernaci\u00f3n Zenyazen Escobar, quien construy\u00f3 una s\u00f3lida plataforma con la organizaci\u00f3n de maestros en la elecci\u00f3n de 2024 y que al final influy\u00f3 para definir como candidato de unidad a Manuel Alonso Cerezo, a quien hoy le publicaron un desplegado dirigido incluso a autoridades estadounidenses pidiendo se investigue la legalidad de su patrimonio y operaciones comerciales.<br>En el caso de Coatepec se quedaron en el camino Enrique Santos, con todo y el respaldo del poderoso l\u00edder de la CATEM Diputado Pedro Haces.Lo mismo pas\u00f3 con la actual s\u00edndica Linda Rub\u00ed Mart\u00ednez que no pudo llegar a la final. En Tuxpan Alberto Silva Ramos tuvo que disciplinarse y ceder la estafeta a Daniel Cortina Mart\u00ednez .<br>En Poza Rica no pudo llegar el exsecretario de Finanzas y Planeaci\u00f3n del exgobernador saliente Cuitlahuac Garc\u00eda, Jos\u00e9 Luis Lima Franco, en su lugar fue nominada la exdiputada local Adanely Rodr\u00edguez Rodr\u00edguez.<br>Es importante apuntar aqu\u00ed el fortalecimiento de la estructura de Morena, con su campa\u00f1a nacional S\u00famate ha crecido en militancia y tambi\u00e9n en presencia, y ha desdibujado a los partidos tradicionales como Acci\u00f3n Nacional y Revolucionario Institucional , y que los resultados de la encuesta realizada por Buend\u00eda&amp;Marquez los refleja con solo un 7% y 8% de preferencia electoral. Las designaciones de los promotores de la Cuarta Transformci\u00f3n han resultado lentas, producto de la participaci\u00f3n e inconformidad de actores pol\u00edticos de peso completo mencionados en p\u00e1rrafos anteriores.<br>Habr\u00e1 tambi\u00e9n que estar muy pendientes del desarrollo de los procesos electorales en los municipios de Veracruz y Boca del R\u00edo, en donde hay prominentes integrantes de Morena como Rosa Mar\u00eda Hern\u00e1ndez Espejo y Bertha Ahued Malpica que enfrente tendr\u00e1n poderos\u00edsimos candidatos de Acci\u00f3n Nacional con recursos, infraestructura y trabajo de territorio intenso y profundo con un enorme capital pol\u00edtico acu\u00f1ado durante las \u00faltimas dos d\u00e9cadas.<br>Destaca tambi\u00e9n la interesante campa\u00f1a de Movimiento Naranja, a quien Buend\u00eda&amp;Marquez ha mencionado a ese partido pol\u00edtico en el segundo lugar con mayor presencia y posibilidades de triunfo a nivel nacional, tambi\u00e9n ha llamado mucho la atenci\u00f3n la campa\u00f1a publicitaria vs el clan Yunes, , ahora faltar\u00e1 ver que es lo que sucede con todos los que quer\u00edan ser y que invirtieron tiempo, trabajo y recursos y al final no fueron beneficiados con la designaci\u00f3n de ser titulares como Promotores del voto de Morena, si en verdad se disciplinan o terminan apoyando a otros candidatos, y disparan con fuego amigo para tomar distancia y que a ese instituto el propio enemigo de Morena termine siendo un distinguido militante de Morena, e inicien el recorrido que en su momento vivi\u00f3 y padeci\u00f3 hasta su extinci\u00f3n el hoy desaparecido Partido de la Revoluci\u00f3n Democr\u00e1tica.<\/p>\n\n\n\n<p>*El autor es Licenciado y Maestro en Comunicaci\u00f3n por la Universidad Iberoamericana de la cual ha formado parte como catedr\u00e1tico , as\u00f3i como de otras instituciones de educaci\u00f3n superior como la Universidad An\u00e1huac y Universidad Veracruzana.<\/p>\n","protected":false},"excerpt":{"rendered":"<p>\u2002\u2002\u00daNETE A NUESTRO CANAL \u00a1LOS POL\u00cdTICOS VERACRUZ ya est\u00e1 en WhatsApp! Carlos Miguel Acosta Bravo*Impronta La madre de todas las batallas, o mejor dicho de las elecciones? As\u00ed se ha denominado siempre a la renovaci\u00f3n de las 212 presidencias municipales que provoca pasiones y una enorme competencia entre los numerosos actores pol\u00edticos provenientes de diferentes [&hellip;]<\/p>\n","protected":false},"author":2,"featured_media":130573,"comment_status":"closed","ping_status":"closed","sticky":false,"template":"","format":"standard","meta":{"tdm_status":"","tdm_grid_status":"","footnotes":""},"categories":[70],"tags":[41741,43287,1026,2326],"class_list":{"0":"post-140140","1":"post","2":"type-post","3":"status-publish","4":"format-standard","5":"has-post-thumbnail","7":"category-de-opinion","8":"tag-andy-lopez-beltran","9":"tag-carlos-miguel-acosta-bravo","10":"tag-morena","11":"tag-partido-del-trabajo"},"yoast_head":"<!-- This site is optimized with the Yoast SEO plugin v27.4 - https:\/\/yoast.com\/product\/yoast-seo-wordpress\/ -->\n<title>LA MADRE DE TODAS LAS ELECCIONES, VERACRUZ 2025 - Los pol\u00edticos Veracruz<\/title>\n<meta name=\"robots\" content=\"index, follow, max-snippet:-1, max-image-preview:large, max-video-preview:-1\" \/>\n<link rel=\"canonical\" href=\"https:\/\/lospoliticosveracruz.com\/?p=140140\" \/>\n<meta property=\"og:locale\" content=\"es_ES\" \/>\n<meta property=\"og:type\" content=\"article\" \/>\n<meta property=\"og:title\" content=\"LA MADRE DE TODAS LAS ELECCIONES, VERACRUZ 2025 - Los pol\u00edticos Veracruz\" \/>\n<meta property=\"og:description\" content=\"\u2002\u2002\u00daNETE A NUESTRO CANAL \u00a1LOS POL\u00cdTICOS VERACRUZ ya est\u00e1 en WhatsApp! Carlos Miguel Acosta Bravo*Impronta La madre de todas las batallas, o mejor dicho de las elecciones? As\u00ed se ha denominado siempre a la renovaci\u00f3n de las 212 presidencias municipales que provoca pasiones y una enorme competencia entre los numerosos actores pol\u00edticos provenientes de diferentes [&hellip;]\" \/>\n<meta property=\"og:url\" content=\"https:\/\/lospoliticosveracruz.com\/?p=140140\" \/>\n<meta property=\"og:site_name\" content=\"Los pol\u00edticos Veracruz\" \/>\n<meta property=\"article:publisher\" content=\"https:\/\/www.facebook.com\/people\/Notimemes-de-los-Polticos\/61565672886568\/\" \/>\n<meta property=\"article:published_time\" content=\"2025-03-21T03:13:03+00:00\" \/>\n<meta property=\"article:modified_time\" content=\"2025-03-21T03:13:21+00:00\" \/>\n<meta property=\"og:image\" content=\"https:\/\/lospoliticosveracruz.com\/wp-content\/uploads\/2024\/09\/Opinion.jpg\" \/>\n\t<meta property=\"og:image:width\" content=\"600\" \/>\n\t<meta property=\"og:image:height\" content=\"320\" \/>\n\t<meta property=\"og:image:type\" content=\"image\/jpeg\" \/>\n<meta name=\"author\" content=\"Lo viste en Los Pol\u00edticos\" \/>\n<meta name=\"twitter:card\" content=\"summary_large_image\" \/>\n<meta name=\"twitter:creator\" content=\"@LosPoliticosVer\" \/>\n<meta name=\"twitter:site\" content=\"@LosPoliticosVer\" \/>\n<meta name=\"twitter:label1\" content=\"Escrito por\" \/>\n\t<meta name=\"twitter:data1\" content=\"Lo viste en Los Pol\u00edticos\" \/>\n\t<meta name=\"twitter:label2\" content=\"Tiempo de lectura\" \/>\n\t<meta name=\"twitter:data2\" content=\"6 minutos\" \/>\n<script type=\"application\/ld+json\" class=\"yoast-schema-graph\">{\"@context\":\"https:\\\/\\\/schema.org\",\"@graph\":[{\"@type\":\"Article\",\"@id\":\"https:\\\/\\\/lospoliticosveracruz.com\\\/?p=140140#article\",\"isPartOf\":{\"@id\":\"https:\\\/\\\/lospoliticosveracruz.com\\\/?p=140140\"},\"author\":{\"name\":\"Lo viste en Los Pol\u00edticos\",\"@id\":\"https:\\\/\\\/lospoliticosveracruz.com\\\/#\\\/schema\\\/person\\\/b8702bb0e538456e6efd07080bf2a4a2\"},\"headline\":\"LA MADRE DE TODAS LAS ELECCIONES, VERACRUZ 2025\",\"datePublished\":\"2025-03-21T03:13:03+00:00\",\"dateModified\":\"2025-03-21T03:13:21+00:00\",\"mainEntityOfPage\":{\"@id\":\"https:\\\/\\\/lospoliticosveracruz.com\\\/?p=140140\"},\"wordCount\":1135,\"publisher\":{\"@id\":\"https:\\\/\\\/lospoliticosveracruz.com\\\/#organization\"},\"image\":{\"@id\":\"https:\\\/\\\/lospoliticosveracruz.com\\\/?p=140140#primaryimage\"},\"thumbnailUrl\":\"https:\\\/\\\/lospoliticosveracruz.com\\\/wp-content\\\/uploads\\\/2024\\\/09\\\/Opinion.jpg\",\"keywords\":[\"Andy L\u00f3pez Beltr\u00e1n\",\"Carlos Miguel Acosta Bravo*\",\"Morena\",\"Partido del Trabajo\"],\"articleSection\":[\"De Opini\u00f3n\"],\"inLanguage\":\"es\"},{\"@type\":\"WebPage\",\"@id\":\"https:\\\/\\\/lospoliticosveracruz.com\\\/?p=140140\",\"url\":\"https:\\\/\\\/lospoliticosveracruz.com\\\/?p=140140\",\"name\":\"LA MADRE DE TODAS LAS ELECCIONES, VERACRUZ 2025 - Los pol\u00edticos Veracruz\",\"isPartOf\":{\"@id\":\"https:\\\/\\\/lospoliticosveracruz.com\\\/#website\"},\"primaryImageOfPage\":{\"@id\":\"https:\\\/\\\/lospoliticosveracruz.com\\\/?p=140140#primaryimage\"},\"image\":{\"@id\":\"https:\\\/\\\/lospoliticosveracruz.com\\\/?p=140140#primaryimage\"},\"thumbnailUrl\":\"https:\\\/\\\/lospoliticosveracruz.com\\\/wp-content\\\/uploads\\\/2024\\\/09\\\/Opinion.jpg\",\"datePublished\":\"2025-03-21T03:13:03+00:00\",\"dateModified\":\"2025-03-21T03:13:21+00:00\",\"breadcrumb\":{\"@id\":\"https:\\\/\\\/lospoliticosveracruz.com\\\/?p=140140#breadcrumb\"},\"inLanguage\":\"es\",\"potentialAction\":[{\"@type\":\"ReadAction\",\"target\":[\"https:\\\/\\\/lospoliticosveracruz.com\\\/?p=140140\"]}]},{\"@type\":\"ImageObject\",\"inLanguage\":\"es\",\"@id\":\"https:\\\/\\\/lospoliticosveracruz.com\\\/?p=140140#primaryimage\",\"url\":\"https:\\\/\\\/lospoliticosveracruz.com\\\/wp-content\\\/uploads\\\/2024\\\/09\\\/Opinion.jpg\",\"contentUrl\":\"https:\\\/\\\/lospoliticosveracruz.com\\\/wp-content\\\/uploads\\\/2024\\\/09\\\/Opinion.jpg\",\"width\":600,\"height\":320},{\"@type\":\"BreadcrumbList\",\"@id\":\"https:\\\/\\\/lospoliticosveracruz.com\\\/?p=140140#breadcrumb\",\"itemListElement\":[{\"@type\":\"ListItem\",\"position\":1,\"name\":\"Portada\",\"item\":\"https:\\\/\\\/lospoliticosveracruz.com\\\/\"},{\"@type\":\"ListItem\",\"position\":2,\"name\":\"LA MADRE DE TODAS LAS ELECCIONES, VERACRUZ 2025\"}]},{\"@type\":\"WebSite\",\"@id\":\"https:\\\/\\\/lospoliticosveracruz.com\\\/#website\",\"url\":\"https:\\\/\\\/lospoliticosveracruz.com\\\/\",\"name\":\"Los pol\u00edticos Veracruz\",\"description\":\"\",\"publisher\":{\"@id\":\"https:\\\/\\\/lospoliticosveracruz.com\\\/#organization\"},\"potentialAction\":[{\"@type\":\"SearchAction\",\"target\":{\"@type\":\"EntryPoint\",\"urlTemplate\":\"https:\\\/\\\/lospoliticosveracruz.com\\\/?s={search_term_string}\"},\"query-input\":{\"@type\":\"PropertyValueSpecification\",\"valueRequired\":true,\"valueName\":\"search_term_string\"}}],\"inLanguage\":\"es\"},{\"@type\":\"Organization\",\"@id\":\"https:\\\/\\\/lospoliticosveracruz.com\\\/#organization\",\"name\":\"Los pol\u00edticos Veracruz\",\"url\":\"https:\\\/\\\/lospoliticosveracruz.com\\\/\",\"logo\":{\"@type\":\"ImageObject\",\"inLanguage\":\"es\",\"@id\":\"https:\\\/\\\/lospoliticosveracruz.com\\\/#\\\/schema\\\/logo\\\/image\\\/\",\"url\":\"https:\\\/\\\/lospoliticosveracruz.com\\\/wp-content\\\/uploads\\\/2025\\\/12\\\/Logo-Nuevo-LOS-POLITICOS-1.jpg\",\"contentUrl\":\"https:\\\/\\\/lospoliticosveracruz.com\\\/wp-content\\\/uploads\\\/2025\\\/12\\\/Logo-Nuevo-LOS-POLITICOS-1.jpg\",\"width\":260,\"height\":70,\"caption\":\"Los pol\u00edticos Veracruz\"},\"image\":{\"@id\":\"https:\\\/\\\/lospoliticosveracruz.com\\\/#\\\/schema\\\/logo\\\/image\\\/\"},\"sameAs\":[\"https:\\\/\\\/www.facebook.com\\\/people\\\/Notimemes-de-los-Polticos\\\/61565672886568\\\/\",\"https:\\\/\\\/x.com\\\/LosPoliticosVer\"]},{\"@type\":\"Person\",\"@id\":\"https:\\\/\\\/lospoliticosveracruz.com\\\/#\\\/schema\\\/person\\\/b8702bb0e538456e6efd07080bf2a4a2\",\"name\":\"Lo viste en Los Pol\u00edticos\",\"image\":{\"@type\":\"ImageObject\",\"inLanguage\":\"es\",\"@id\":\"https:\\\/\\\/secure.gravatar.com\\\/avatar\\\/3a8de04a2656d44082be478bd6c086daa447c4651605818287b9532d3d0bd435?s=96&d=mm&r=g\",\"url\":\"https:\\\/\\\/secure.gravatar.com\\\/avatar\\\/3a8de04a2656d44082be478bd6c086daa447c4651605818287b9532d3d0bd435?s=96&d=mm&r=g\",\"contentUrl\":\"https:\\\/\\\/secure.gravatar.com\\\/avatar\\\/3a8de04a2656d44082be478bd6c086daa447c4651605818287b9532d3d0bd435?s=96&d=mm&r=g\",\"caption\":\"Lo viste en Los Pol\u00edticos\"},\"url\":\"https:\\\/\\\/lospoliticosveracruz.com\\\/?author=2\"}]}<\/script>\n<!-- \/ Yoast SEO plugin. -->","yoast_head_json":{"title":"LA MADRE DE TODAS LAS ELECCIONES, VERACRUZ 2025 - Los pol\u00edticos Veracruz","robots":{"index":"index","follow":"follow","max-snippet":"max-snippet:-1","max-image-preview":"max-image-preview:large","max-video-preview":"max-video-preview:-1"},"canonical":"https:\/\/lospoliticosveracruz.com\/?p=140140","og_locale":"es_ES","og_type":"article","og_title":"LA MADRE DE TODAS LAS ELECCIONES, VERACRUZ 2025 - Los pol\u00edticos Veracruz","og_description":"\u2002\u2002\u00daNETE A NUESTRO CANAL \u00a1LOS POL\u00cdTICOS VERACRUZ ya est\u00e1 en WhatsApp! Carlos Miguel Acosta Bravo*Impronta La madre de todas las batallas, o mejor dicho de las elecciones? As\u00ed se ha denominado siempre a la renovaci\u00f3n de las 212 presidencias municipales que provoca pasiones y una enorme competencia entre los numerosos actores pol\u00edticos provenientes de diferentes [&hellip;]","og_url":"https:\/\/lospoliticosveracruz.com\/?p=140140","og_site_name":"Los pol\u00edticos Veracruz","article_publisher":"https:\/\/www.facebook.com\/people\/Notimemes-de-los-Polticos\/61565672886568\/","article_published_time":"2025-03-21T03:13:03+00:00","article_modified_time":"2025-03-21T03:13:21+00:00","og_image":[{"width":600,"height":320,"url":"https:\/\/lospoliticosveracruz.com\/wp-content\/uploads\/2024\/09\/Opinion.jpg","type":"image\/jpeg"}],"author":"Lo viste en Los Pol\u00edticos","twitter_card":"summary_large_image","twitter_creator":"@LosPoliticosVer","twitter_site":"@LosPoliticosVer","twitter_misc":{"Escrito por":"Lo viste en Los Pol\u00edticos","Tiempo de lectura":"6 minutos"},"schema":{"@context":"https:\/\/schema.org","@graph":[{"@type":"Article","@id":"https:\/\/lospoliticosveracruz.com\/?p=140140#article","isPartOf":{"@id":"https:\/\/lospoliticosveracruz.com\/?p=140140"},"author":{"name":"Lo viste en Los Pol\u00edticos","@id":"https:\/\/lospoliticosveracruz.com\/#\/schema\/person\/b8702bb0e538456e6efd07080bf2a4a2"},"headline":"LA MADRE DE TODAS LAS ELECCIONES, VERACRUZ 2025","datePublished":"2025-03-21T03:13:03+00:00","dateModified":"2025-03-21T03:13:21+00:00","mainEntityOfPage":{"@id":"https:\/\/lospoliticosveracruz.com\/?p=140140"},"wordCount":1135,"publisher":{"@id":"https:\/\/lospoliticosveracruz.com\/#organization"},"image":{"@id":"https:\/\/lospoliticosveracruz.com\/?p=140140#primaryimage"},"thumbnailUrl":"https:\/\/lospoliticosveracruz.com\/wp-content\/uploads\/2024\/09\/Opinion.jpg","keywords":["Andy L\u00f3pez Beltr\u00e1n","Carlos Miguel Acosta Bravo*","Morena","Partido del Trabajo"],"articleSection":["De Opini\u00f3n"],"inLanguage":"es"},{"@type":"WebPage","@id":"https:\/\/lospoliticosveracruz.com\/?p=140140","url":"https:\/\/lospoliticosveracruz.com\/?p=140140","name":"LA MADRE DE TODAS LAS ELECCIONES, VERACRUZ 2025 - Los pol\u00edticos Veracruz","isPartOf":{"@id":"https:\/\/lospoliticosveracruz.com\/#website"},"primaryImageOfPage":{"@id":"https:\/\/lospoliticosveracruz.com\/?p=140140#primaryimage"},"image":{"@id":"https:\/\/lospoliticosveracruz.com\/?p=140140#primaryimage"},"thumbnailUrl":"https:\/\/lospoliticosveracruz.com\/wp-content\/uploads\/2024\/09\/Opinion.jpg","datePublished":"2025-03-21T03:13:03+00:00","dateModified":"2025-03-21T03:13:21+00:00","breadcrumb":{"@id":"https:\/\/lospoliticosveracruz.com\/?p=140140#breadcrumb"},"inLanguage":"es","potentialAction":[{"@type":"ReadAction","target":["https:\/\/lospoliticosveracruz.com\/?p=140140"]}]},{"@type":"ImageObject","inLanguage":"es","@id":"https:\/\/lospoliticosveracruz.com\/?p=140140#primaryimage","url":"https:\/\/lospoliticosveracruz.com\/wp-content\/uploads\/2024\/09\/Opinion.jpg","contentUrl":"https:\/\/lospoliticosveracruz.com\/wp-content\/uploads\/2024\/09\/Opinion.jpg","width":600,"height":320},{"@type":"BreadcrumbList","@id":"https:\/\/lospoliticosveracruz.com\/?p=140140#breadcrumb","itemListElement":[{"@type":"ListItem","position":1,"name":"Portada","item":"https:\/\/lospoliticosveracruz.com\/"},{"@type":"ListItem","position":2,"name":"LA MADRE DE TODAS LAS ELECCIONES, VERACRUZ 2025"}]},{"@type":"WebSite","@id":"https:\/\/lospoliticosveracruz.com\/#website","url":"https:\/\/lospoliticosveracruz.com\/","name":"Los pol\u00edticos Veracruz","description":"","publisher":{"@id":"https:\/\/lospoliticosveracruz.com\/#organization"},"potentialAction":[{"@type":"SearchAction","target":{"@type":"EntryPoint","urlTemplate":"https:\/\/lospoliticosveracruz.com\/?s={search_term_string}"},"query-input":{"@type":"PropertyValueSpecification","valueRequired":true,"valueName":"search_term_string"}}],"inLanguage":"es"},{"@type":"Organization","@id":"https:\/\/lospoliticosveracruz.com\/#organization","name":"Los pol\u00edticos Veracruz","url":"https:\/\/lospoliticosveracruz.com\/","logo":{"@type":"ImageObject","inLanguage":"es","@id":"https:\/\/lospoliticosveracruz.com\/#\/schema\/logo\/image\/","url":"https:\/\/lospoliticosveracruz.com\/wp-content\/uploads\/2025\/12\/Logo-Nuevo-LOS-POLITICOS-1.jpg","contentUrl":"https:\/\/lospoliticosveracruz.com\/wp-content\/uploads\/2025\/12\/Logo-Nuevo-LOS-POLITICOS-1.jpg","width":260,"height":70,"caption":"Los pol\u00edticos Veracruz"},"image":{"@id":"https:\/\/lospoliticosveracruz.com\/#\/schema\/logo\/image\/"},"sameAs":["https:\/\/www.facebook.com\/people\/Notimemes-de-los-Polticos\/61565672886568\/","https:\/\/x.com\/LosPoliticosVer"]},{"@type":"Person","@id":"https:\/\/lospoliticosveracruz.com\/#\/schema\/person\/b8702bb0e538456e6efd07080bf2a4a2","name":"Lo viste en Los Pol\u00edticos","image":{"@type":"ImageObject","inLanguage":"es","@id":"https:\/\/secure.gravatar.com\/avatar\/3a8de04a2656d44082be478bd6c086daa447c4651605818287b9532d3d0bd435?s=96&d=mm&r=g","url":"https:\/\/secure.gravatar.com\/avatar\/3a8de04a2656d44082be478bd6c086daa447c4651605818287b9532d3d0bd435?s=96&d=mm&r=g","contentUrl":"https:\/\/secure.gravatar.com\/avatar\/3a8de04a2656d44082be478bd6c086daa447c4651605818287b9532d3d0bd435?s=96&d=mm&r=g","caption":"Lo viste en Los Pol\u00edticos"},"url":"https:\/\/lospoliticosveracruz.com\/?author=2"}]}},"_links":{"self":[{"href":"https:\/\/lospoliticosveracruz.com\/index.php?rest_route=\/wp\/v2\/posts\/140140","targetHints":{"allow":["GET"]}}],"collection":[{"href":"https:\/\/lospoliticosveracruz.com\/index.php?rest_route=\/wp\/v2\/posts"}],"about":[{"href":"https:\/\/lospoliticosveracruz.com\/index.php?rest_route=\/wp\/v2\/types\/post"}],"author":[{"embeddable":true,"href":"https:\/\/lospoliticosveracruz.com\/index.php?rest_route=\/wp\/v2\/users\/2"}],"replies":[{"embeddable":true,"href":"https:\/\/lospoliticosveracruz.com\/index.php?rest_route=%2Fwp%2Fv2%2Fcomments&post=140140"}],"version-history":[{"count":1,"href":"https:\/\/lospoliticosveracruz.com\/index.php?rest_route=\/wp\/v2\/posts\/140140\/revisions"}],"predecessor-version":[{"id":140141,"href":"https:\/\/lospoliticosveracruz.com\/index.php?rest_route=\/wp\/v2\/posts\/140140\/revisions\/140141"}],"wp:featuredmedia":[{"embeddable":true,"href":"https:\/\/lospoliticosveracruz.com\/index.php?rest_route=\/wp\/v2\/media\/130573"}],"wp:attachment":[{"href":"https:\/\/lospoliticosveracruz.com\/index.php?rest_route=%2Fwp%2Fv2%2Fmedia&parent=140140"}],"wp:term":[{"taxonomy":"category","embeddable":true,"href":"https:\/\/lospoliticosveracruz.com\/index.php?rest_route=%2Fwp%2Fv2%2Fcategories&post=140140"},{"taxonomy":"post_tag","embeddable":true,"href":"https:\/\/lospoliticosveracruz.com\/index.php?rest_route=%2Fwp%2Fv2%2Ftags&post=140140"}],"curies":[{"name":"wp","href":"https:\/\/api.w.org\/{rel}","templated":true}]}}