{"id":140283,"date":"2025-03-23T20:42:48","date_gmt":"2025-03-24T02:42:48","guid":{"rendered":"https:\/\/lospoliticosveracruz.com.mx\/?p=140283"},"modified":"2025-03-23T20:43:08","modified_gmt":"2025-03-24T02:43:08","slug":"subejercicio","status":"publish","type":"post","link":"https:\/\/lospoliticosveracruz.com\/?p=140283","title":{"rendered":"SUBEJERCICIO"},"content":{"rendered":"\n<p><a><\/a><a href=\"https:\/\/whatsapp.com\/channel\/0029Va8zRWlEKyZIP3Z1dF0e\"><strong>\u2002\u2002<\/strong><strong>\u00da<\/strong><strong>NETE A NUESTRO CANAL<\/strong><strong><\/strong><\/a><\/p>\n\n\n\n<p>\u00a1<a href=\"https:\/\/whatsapp.com\/channel\/0029Va8zRWlEKyZIP3Z1dF0e\"><strong>LOS POL\u00cd<\/strong><strong>TICOS VERACRUZ<\/strong><\/a> ya est\u00e1 en WhatsApp!<\/p>\n\n\n\n<p><\/p>\n\n\n\n<p><strong>Guadalupe H. Mar<br><\/strong><em>Mira Pol\u00edtica<\/em><\/p>\n\n\n\n<p><strong>PLAN CON MA\u00d1A <\/strong>\u2026 En el sexenio pasado, el que presidi\u00f3 Andr\u00e9s Manuel L\u00f3pez Obrador, gran parte de los gobiernos de los estados de la rep\u00fablica mexicana, hicieron suya la costumbrita de no ejercer la totalidad de sus presupuestos autorizados y caer en lo que especialistas llaman sub ejercicio, para devolver a la federaci\u00f3n lo que les hab\u00eda sobrado, dinero que se supo era destinado a becas, al Tren Maya y la Refiner\u00eda de Dos Bocas.<br>Como bot\u00f3n que sirva de muestra, en el a\u00f1o fiscal de 2023, porque los datos del 2025 apenas se dar\u00e1n a conocer, los estados de la rep\u00fablica mexicana con mayores subejercicios presupuestales fueron Chiapas que registr\u00f3 un subejercicio del 3.1 por ciento en su gasto total, aunque por segmentos, en el rubro de Desarrollo Econ\u00f3mico, el subejercicio fue del 47 por ciento y en Desarrollo Social, del 11 por ciento.<br>Yucat\u00e1n tuvo un subejercicio del 3 por ciento en su gasto total, pero en Desarrollo Social y otros rubros, el subejercicio fue del 6 y 5 por ciento, respectivamente.<br>Caso curioso es el estado de Hidalgo, donde si bien el subejercicio total fue solo el 0.2 por ciento, en Desarrollo Social el estado invirti\u00f3 55 por ciento menos de lo aprobado.<br>Para que no se queden con la duda amables lectoras y lectores, en el estado de Veracruz durante el sexenio del ingeniero mec\u00e1nico electricista Cuitl\u00e1huac Garc\u00eda Jim\u00e9nez, el subejercicio total de la administraci\u00f3n fue de 12 mil 913 millones de pesos, recursos econ\u00f3micos que debieron destinarse a obra p\u00fablica.<br>Hace unos d\u00edas los medios de comunicaci\u00f3n dieron a conocer que, en los seis a\u00f1os de gobierno de Garc\u00eda Jim\u00e9nez, no se ejercieron, o sea, no se aplicaron para lo que fueron aprobados, 42 mil millones de esos particularmente en el ramo de obra p\u00fablica.<br>Hoy tenemos nuevas presidenta de la rep\u00fablica y gobernadora del estado de Veracruz, lo que nos dar\u00e1 oportunidad en m\u00e1s o menos un a\u00f1o, conocer si la \u201ccostumbrita\u201d del sub ejercicio presupuestal continua.<br><strong>TROMPO A LA U\u00d1A <\/strong>\u2026 Lo sucedido la semana pasada en el municipio de Minatitl\u00e1n, donde el encargado de un bar denominado \u201cJalisquito\u201d arroy\u00f3 y quit\u00f3 la vida al atropellar con su camioneta a dos sujetos que reci\u00e9n hab\u00edan agredido a un empleado de ese establecimiento por no pagar la nueva tarifa por pago de piso, hizo p\u00fablico un secreto a voces en Veracruz, la extorsi\u00f3n a negocios.<br>Tras este incidente se supo que las cuotas por pago de piso se pagan semanalmente y el monto se va incrementando a gusto de los extorsionadores.<br>Hoy el gobierno del estado de Veracruz tiene ante s\u00ed un gran reto, el de garantizar la integridad de los empresarios y comerciantes, sobre todo en esa parte de la entidad veracruzana donde los extorsionadores tienen montado su para\u00edso, aunque Xalapa no canta mal las rancheras, o a poco creen que lo del bar Wichis en la capital del estado es un hecho aislado.<br><strong>PREOCUPADO Y OCUPADO <\/strong>\u2026 El pr\u00f3ximo mi\u00e9rcoles nueve de abril, en el Auditorio de Sanidad Vegetal del municipio de Mart\u00ednez de la Torre, Veracruz, se llevar\u00e1 a cabo el \u00abEncuentro Regional\u00bb como parte de la Agenda Migrante Veracruzana 2025, de la Asociaci\u00f3n de Mexicanos en Carolina del Norte (Amexcan), <strong><em>@AMEXCANNC<\/em><\/strong> donde se abordar\u00e1n temas como el voto de los veracruzanos en el exterior y particularmente, escuchar las preocupaciones de las familias de los migrantes.<br>Ser\u00e1n varios los ponentes en esta reuni\u00f3n que encabezar\u00e1 don Juvencio Rocha Peralta, director ejecutivo de la Asociaci\u00f3n de Mexicanos de Carolina del Norte, cuya organizaci\u00f3n ha trabajado desde hace muchos a\u00f1os por los derechos de los mexicanos en aquella parte de la Uni\u00f3n Americana.<br><strong>DESTACADAS EGRESADAS<\/strong> \u2026 En la elecci\u00f3n del pr\u00f3ximo domingo uno de junio, dos destacadas egresadas de la Facultad de Ciencias y T\u00e9cnicas de la Comunicaci\u00f3n de la Universidad Veracruzana, (Facico), aparecer\u00e1n en las boletas electorales como aspirantes a las presidencias municipales de Veracruz puerto, Rosa Hern\u00e1ndez Espejo abanderada del partido Movimiento de Regeneraci\u00f3n Nacional, mejor conocido como Morena y Mar\u00eda Josefina Gamboa Torales, quien como candidata del Partido Acci\u00f3n Nacional (PAN) va en pos de la alcald\u00eda del municipio de Boca del Rio.<br>Asimismo, por el municipio de Tecolutla y abanderada por el partido Movimiento Ciudadano (MC) va como candidata a la alcald\u00eda de ese municipio la tambi\u00e9n egresada de la Facico M\u00f3nica Tejeda Hern\u00e1ndez, a quien desde aqu\u00ed le damos nuestro sentido p\u00e9same por el fallecimiento de su padre el periodista y amigo Eliseo Tejeda Olmos.<br>D\u00cdGALO SIN MIEDO \u2026 Al correo electr\u00f3nico guadalupehmar@gmail.com<\/p>\n","protected":false},"excerpt":{"rendered":"<p>\u2002\u2002\u00daNETE A NUESTRO CANAL \u00a1LOS POL\u00cdTICOS VERACRUZ ya est\u00e1 en WhatsApp! Guadalupe H. MarMira Pol\u00edtica PLAN CON MA\u00d1A \u2026 En el sexenio pasado, el que presidi\u00f3 Andr\u00e9s Manuel L\u00f3pez Obrador, gran parte de los gobiernos de los estados de la rep\u00fablica mexicana, hicieron suya la costumbrita de no ejercer la totalidad de sus presupuestos autorizados [&hellip;]<\/p>\n","protected":false},"author":2,"featured_media":119929,"comment_status":"closed","ping_status":"closed","sticky":false,"template":"","format":"standard","meta":{"tdm_status":"","tdm_grid_status":"","footnotes":""},"categories":[70],"tags":[18172,13466],"class_list":{"0":"post-140283","1":"post","2":"type-post","3":"status-publish","4":"format-standard","5":"has-post-thumbnail","7":"category-de-opinion","8":"tag-refineria-de-dos-bocas","9":"tag-tren-maya"},"yoast_head":"<!-- This site is optimized with the Yoast SEO plugin v27.4 - https:\/\/yoast.com\/product\/yoast-seo-wordpress\/ -->\n<title>SUBEJERCICIO - Los pol\u00edticos Veracruz<\/title>\n<meta name=\"robots\" content=\"index, follow, max-snippet:-1, max-image-preview:large, max-video-preview:-1\" \/>\n<link rel=\"canonical\" href=\"https:\/\/lospoliticosveracruz.com\/?p=140283\" \/>\n<meta property=\"og:locale\" content=\"es_ES\" \/>\n<meta property=\"og:type\" content=\"article\" \/>\n<meta property=\"og:title\" content=\"SUBEJERCICIO - Los pol\u00edticos Veracruz\" \/>\n<meta property=\"og:description\" content=\"\u2002\u2002\u00daNETE A NUESTRO CANAL \u00a1LOS POL\u00cdTICOS VERACRUZ ya est\u00e1 en WhatsApp! Guadalupe H. MarMira Pol\u00edtica PLAN CON MA\u00d1A \u2026 En el sexenio pasado, el que presidi\u00f3 Andr\u00e9s Manuel L\u00f3pez Obrador, gran parte de los gobiernos de los estados de la rep\u00fablica mexicana, hicieron suya la costumbrita de no ejercer la totalidad de sus presupuestos autorizados [&hellip;]\" \/>\n<meta property=\"og:url\" content=\"https:\/\/lospoliticosveracruz.com\/?p=140283\" \/>\n<meta property=\"og:site_name\" content=\"Los pol\u00edticos Veracruz\" \/>\n<meta property=\"article:publisher\" content=\"https:\/\/www.facebook.com\/people\/Notimemes-de-los-Polticos\/61565672886568\/\" \/>\n<meta property=\"article:published_time\" content=\"2025-03-24T02:42:48+00:00\" \/>\n<meta property=\"article:modified_time\" content=\"2025-03-24T02:43:08+00:00\" \/>\n<meta property=\"og:image\" content=\"https:\/\/lospoliticosveracruz.com\/wp-content\/uploads\/2024\/03\/Lupita-Mar.jpg\" \/>\n\t<meta property=\"og:image:width\" content=\"1250\" \/>\n\t<meta property=\"og:image:height\" content=\"667\" \/>\n\t<meta property=\"og:image:type\" content=\"image\/jpeg\" \/>\n<meta name=\"author\" content=\"Lo viste en Los Pol\u00edticos\" \/>\n<meta name=\"twitter:card\" content=\"summary_large_image\" \/>\n<meta name=\"twitter:creator\" content=\"@LosPoliticosVer\" \/>\n<meta name=\"twitter:site\" content=\"@LosPoliticosVer\" \/>\n<meta name=\"twitter:label1\" content=\"Escrito por\" \/>\n\t<meta name=\"twitter:data1\" content=\"Lo viste en Los Pol\u00edticos\" \/>\n\t<meta name=\"twitter:label2\" content=\"Tiempo de lectura\" \/>\n\t<meta name=\"twitter:data2\" content=\"4 minutos\" \/>\n<script type=\"application\/ld+json\" class=\"yoast-schema-graph\">{\"@context\":\"https:\\\/\\\/schema.org\",\"@graph\":[{\"@type\":\"Article\",\"@id\":\"https:\\\/\\\/lospoliticosveracruz.com\\\/?p=140283#article\",\"isPartOf\":{\"@id\":\"https:\\\/\\\/lospoliticosveracruz.com\\\/?p=140283\"},\"author\":{\"name\":\"Lo viste en Los Pol\u00edticos\",\"@id\":\"https:\\\/\\\/lospoliticosveracruz.com\\\/#\\\/schema\\\/person\\\/b8702bb0e538456e6efd07080bf2a4a2\"},\"headline\":\"SUBEJERCICIO\",\"datePublished\":\"2025-03-24T02:42:48+00:00\",\"dateModified\":\"2025-03-24T02:43:08+00:00\",\"mainEntityOfPage\":{\"@id\":\"https:\\\/\\\/lospoliticosveracruz.com\\\/?p=140283\"},\"wordCount\":822,\"publisher\":{\"@id\":\"https:\\\/\\\/lospoliticosveracruz.com\\\/#organization\"},\"image\":{\"@id\":\"https:\\\/\\\/lospoliticosveracruz.com\\\/?p=140283#primaryimage\"},\"thumbnailUrl\":\"https:\\\/\\\/lospoliticosveracruz.com\\\/wp-content\\\/uploads\\\/2024\\\/03\\\/Lupita-Mar.jpg\",\"keywords\":[\"Refiner\u00eda de Dos Bocas\",\"Tren Maya\"],\"articleSection\":[\"De Opini\u00f3n\"],\"inLanguage\":\"es\"},{\"@type\":\"WebPage\",\"@id\":\"https:\\\/\\\/lospoliticosveracruz.com\\\/?p=140283\",\"url\":\"https:\\\/\\\/lospoliticosveracruz.com\\\/?p=140283\",\"name\":\"SUBEJERCICIO - Los pol\u00edticos Veracruz\",\"isPartOf\":{\"@id\":\"https:\\\/\\\/lospoliticosveracruz.com\\\/#website\"},\"primaryImageOfPage\":{\"@id\":\"https:\\\/\\\/lospoliticosveracruz.com\\\/?p=140283#primaryimage\"},\"image\":{\"@id\":\"https:\\\/\\\/lospoliticosveracruz.com\\\/?p=140283#primaryimage\"},\"thumbnailUrl\":\"https:\\\/\\\/lospoliticosveracruz.com\\\/wp-content\\\/uploads\\\/2024\\\/03\\\/Lupita-Mar.jpg\",\"datePublished\":\"2025-03-24T02:42:48+00:00\",\"dateModified\":\"2025-03-24T02:43:08+00:00\",\"breadcrumb\":{\"@id\":\"https:\\\/\\\/lospoliticosveracruz.com\\\/?p=140283#breadcrumb\"},\"inLanguage\":\"es\",\"potentialAction\":[{\"@type\":\"ReadAction\",\"target\":[\"https:\\\/\\\/lospoliticosveracruz.com\\\/?p=140283\"]}]},{\"@type\":\"ImageObject\",\"inLanguage\":\"es\",\"@id\":\"https:\\\/\\\/lospoliticosveracruz.com\\\/?p=140283#primaryimage\",\"url\":\"https:\\\/\\\/lospoliticosveracruz.com\\\/wp-content\\\/uploads\\\/2024\\\/03\\\/Lupita-Mar.jpg\",\"contentUrl\":\"https:\\\/\\\/lospoliticosveracruz.com\\\/wp-content\\\/uploads\\\/2024\\\/03\\\/Lupita-Mar.jpg\",\"width\":1250,\"height\":667},{\"@type\":\"BreadcrumbList\",\"@id\":\"https:\\\/\\\/lospoliticosveracruz.com\\\/?p=140283#breadcrumb\",\"itemListElement\":[{\"@type\":\"ListItem\",\"position\":1,\"name\":\"Portada\",\"item\":\"https:\\\/\\\/lospoliticosveracruz.com\\\/\"},{\"@type\":\"ListItem\",\"position\":2,\"name\":\"SUBEJERCICIO\"}]},{\"@type\":\"WebSite\",\"@id\":\"https:\\\/\\\/lospoliticosveracruz.com\\\/#website\",\"url\":\"https:\\\/\\\/lospoliticosveracruz.com\\\/\",\"name\":\"Los pol\u00edticos Veracruz\",\"description\":\"\",\"publisher\":{\"@id\":\"https:\\\/\\\/lospoliticosveracruz.com\\\/#organization\"},\"potentialAction\":[{\"@type\":\"SearchAction\",\"target\":{\"@type\":\"EntryPoint\",\"urlTemplate\":\"https:\\\/\\\/lospoliticosveracruz.com\\\/?s={search_term_string}\"},\"query-input\":{\"@type\":\"PropertyValueSpecification\",\"valueRequired\":true,\"valueName\":\"search_term_string\"}}],\"inLanguage\":\"es\"},{\"@type\":\"Organization\",\"@id\":\"https:\\\/\\\/lospoliticosveracruz.com\\\/#organization\",\"name\":\"Los pol\u00edticos Veracruz\",\"url\":\"https:\\\/\\\/lospoliticosveracruz.com\\\/\",\"logo\":{\"@type\":\"ImageObject\",\"inLanguage\":\"es\",\"@id\":\"https:\\\/\\\/lospoliticosveracruz.com\\\/#\\\/schema\\\/logo\\\/image\\\/\",\"url\":\"https:\\\/\\\/lospoliticosveracruz.com\\\/wp-content\\\/uploads\\\/2025\\\/12\\\/Logo-Nuevo-LOS-POLITICOS-1.jpg\",\"contentUrl\":\"https:\\\/\\\/lospoliticosveracruz.com\\\/wp-content\\\/uploads\\\/2025\\\/12\\\/Logo-Nuevo-LOS-POLITICOS-1.jpg\",\"width\":260,\"height\":70,\"caption\":\"Los pol\u00edticos Veracruz\"},\"image\":{\"@id\":\"https:\\\/\\\/lospoliticosveracruz.com\\\/#\\\/schema\\\/logo\\\/image\\\/\"},\"sameAs\":[\"https:\\\/\\\/www.facebook.com\\\/people\\\/Notimemes-de-los-Polticos\\\/61565672886568\\\/\",\"https:\\\/\\\/x.com\\\/LosPoliticosVer\"]},{\"@type\":\"Person\",\"@id\":\"https:\\\/\\\/lospoliticosveracruz.com\\\/#\\\/schema\\\/person\\\/b8702bb0e538456e6efd07080bf2a4a2\",\"name\":\"Lo viste en Los Pol\u00edticos\",\"image\":{\"@type\":\"ImageObject\",\"inLanguage\":\"es\",\"@id\":\"https:\\\/\\\/secure.gravatar.com\\\/avatar\\\/3a8de04a2656d44082be478bd6c086daa447c4651605818287b9532d3d0bd435?s=96&d=mm&r=g\",\"url\":\"https:\\\/\\\/secure.gravatar.com\\\/avatar\\\/3a8de04a2656d44082be478bd6c086daa447c4651605818287b9532d3d0bd435?s=96&d=mm&r=g\",\"contentUrl\":\"https:\\\/\\\/secure.gravatar.com\\\/avatar\\\/3a8de04a2656d44082be478bd6c086daa447c4651605818287b9532d3d0bd435?s=96&d=mm&r=g\",\"caption\":\"Lo viste en Los Pol\u00edticos\"},\"url\":\"https:\\\/\\\/lospoliticosveracruz.com\\\/?author=2\"}]}<\/script>\n<!-- \/ Yoast SEO plugin. -->","yoast_head_json":{"title":"SUBEJERCICIO - Los pol\u00edticos Veracruz","robots":{"index":"index","follow":"follow","max-snippet":"max-snippet:-1","max-image-preview":"max-image-preview:large","max-video-preview":"max-video-preview:-1"},"canonical":"https:\/\/lospoliticosveracruz.com\/?p=140283","og_locale":"es_ES","og_type":"article","og_title":"SUBEJERCICIO - Los pol\u00edticos Veracruz","og_description":"\u2002\u2002\u00daNETE A NUESTRO CANAL \u00a1LOS POL\u00cdTICOS VERACRUZ ya est\u00e1 en WhatsApp! Guadalupe H. MarMira Pol\u00edtica PLAN CON MA\u00d1A \u2026 En el sexenio pasado, el que presidi\u00f3 Andr\u00e9s Manuel L\u00f3pez Obrador, gran parte de los gobiernos de los estados de la rep\u00fablica mexicana, hicieron suya la costumbrita de no ejercer la totalidad de sus presupuestos autorizados [&hellip;]","og_url":"https:\/\/lospoliticosveracruz.com\/?p=140283","og_site_name":"Los pol\u00edticos Veracruz","article_publisher":"https:\/\/www.facebook.com\/people\/Notimemes-de-los-Polticos\/61565672886568\/","article_published_time":"2025-03-24T02:42:48+00:00","article_modified_time":"2025-03-24T02:43:08+00:00","og_image":[{"width":1250,"height":667,"url":"https:\/\/lospoliticosveracruz.com\/wp-content\/uploads\/2024\/03\/Lupita-Mar.jpg","type":"image\/jpeg"}],"author":"Lo viste en Los Pol\u00edticos","twitter_card":"summary_large_image","twitter_creator":"@LosPoliticosVer","twitter_site":"@LosPoliticosVer","twitter_misc":{"Escrito por":"Lo viste en Los Pol\u00edticos","Tiempo de lectura":"4 minutos"},"schema":{"@context":"https:\/\/schema.org","@graph":[{"@type":"Article","@id":"https:\/\/lospoliticosveracruz.com\/?p=140283#article","isPartOf":{"@id":"https:\/\/lospoliticosveracruz.com\/?p=140283"},"author":{"name":"Lo viste en Los Pol\u00edticos","@id":"https:\/\/lospoliticosveracruz.com\/#\/schema\/person\/b8702bb0e538456e6efd07080bf2a4a2"},"headline":"SUBEJERCICIO","datePublished":"2025-03-24T02:42:48+00:00","dateModified":"2025-03-24T02:43:08+00:00","mainEntityOfPage":{"@id":"https:\/\/lospoliticosveracruz.com\/?p=140283"},"wordCount":822,"publisher":{"@id":"https:\/\/lospoliticosveracruz.com\/#organization"},"image":{"@id":"https:\/\/lospoliticosveracruz.com\/?p=140283#primaryimage"},"thumbnailUrl":"https:\/\/lospoliticosveracruz.com\/wp-content\/uploads\/2024\/03\/Lupita-Mar.jpg","keywords":["Refiner\u00eda de Dos Bocas","Tren Maya"],"articleSection":["De Opini\u00f3n"],"inLanguage":"es"},{"@type":"WebPage","@id":"https:\/\/lospoliticosveracruz.com\/?p=140283","url":"https:\/\/lospoliticosveracruz.com\/?p=140283","name":"SUBEJERCICIO - Los pol\u00edticos Veracruz","isPartOf":{"@id":"https:\/\/lospoliticosveracruz.com\/#website"},"primaryImageOfPage":{"@id":"https:\/\/lospoliticosveracruz.com\/?p=140283#primaryimage"},"image":{"@id":"https:\/\/lospoliticosveracruz.com\/?p=140283#primaryimage"},"thumbnailUrl":"https:\/\/lospoliticosveracruz.com\/wp-content\/uploads\/2024\/03\/Lupita-Mar.jpg","datePublished":"2025-03-24T02:42:48+00:00","dateModified":"2025-03-24T02:43:08+00:00","breadcrumb":{"@id":"https:\/\/lospoliticosveracruz.com\/?p=140283#breadcrumb"},"inLanguage":"es","potentialAction":[{"@type":"ReadAction","target":["https:\/\/lospoliticosveracruz.com\/?p=140283"]}]},{"@type":"ImageObject","inLanguage":"es","@id":"https:\/\/lospoliticosveracruz.com\/?p=140283#primaryimage","url":"https:\/\/lospoliticosveracruz.com\/wp-content\/uploads\/2024\/03\/Lupita-Mar.jpg","contentUrl":"https:\/\/lospoliticosveracruz.com\/wp-content\/uploads\/2024\/03\/Lupita-Mar.jpg","width":1250,"height":667},{"@type":"BreadcrumbList","@id":"https:\/\/lospoliticosveracruz.com\/?p=140283#breadcrumb","itemListElement":[{"@type":"ListItem","position":1,"name":"Portada","item":"https:\/\/lospoliticosveracruz.com\/"},{"@type":"ListItem","position":2,"name":"SUBEJERCICIO"}]},{"@type":"WebSite","@id":"https:\/\/lospoliticosveracruz.com\/#website","url":"https:\/\/lospoliticosveracruz.com\/","name":"Los pol\u00edticos Veracruz","description":"","publisher":{"@id":"https:\/\/lospoliticosveracruz.com\/#organization"},"potentialAction":[{"@type":"SearchAction","target":{"@type":"EntryPoint","urlTemplate":"https:\/\/lospoliticosveracruz.com\/?s={search_term_string}"},"query-input":{"@type":"PropertyValueSpecification","valueRequired":true,"valueName":"search_term_string"}}],"inLanguage":"es"},{"@type":"Organization","@id":"https:\/\/lospoliticosveracruz.com\/#organization","name":"Los pol\u00edticos Veracruz","url":"https:\/\/lospoliticosveracruz.com\/","logo":{"@type":"ImageObject","inLanguage":"es","@id":"https:\/\/lospoliticosveracruz.com\/#\/schema\/logo\/image\/","url":"https:\/\/lospoliticosveracruz.com\/wp-content\/uploads\/2025\/12\/Logo-Nuevo-LOS-POLITICOS-1.jpg","contentUrl":"https:\/\/lospoliticosveracruz.com\/wp-content\/uploads\/2025\/12\/Logo-Nuevo-LOS-POLITICOS-1.jpg","width":260,"height":70,"caption":"Los pol\u00edticos Veracruz"},"image":{"@id":"https:\/\/lospoliticosveracruz.com\/#\/schema\/logo\/image\/"},"sameAs":["https:\/\/www.facebook.com\/people\/Notimemes-de-los-Polticos\/61565672886568\/","https:\/\/x.com\/LosPoliticosVer"]},{"@type":"Person","@id":"https:\/\/lospoliticosveracruz.com\/#\/schema\/person\/b8702bb0e538456e6efd07080bf2a4a2","name":"Lo viste en Los Pol\u00edticos","image":{"@type":"ImageObject","inLanguage":"es","@id":"https:\/\/secure.gravatar.com\/avatar\/3a8de04a2656d44082be478bd6c086daa447c4651605818287b9532d3d0bd435?s=96&d=mm&r=g","url":"https:\/\/secure.gravatar.com\/avatar\/3a8de04a2656d44082be478bd6c086daa447c4651605818287b9532d3d0bd435?s=96&d=mm&r=g","contentUrl":"https:\/\/secure.gravatar.com\/avatar\/3a8de04a2656d44082be478bd6c086daa447c4651605818287b9532d3d0bd435?s=96&d=mm&r=g","caption":"Lo viste en Los Pol\u00edticos"},"url":"https:\/\/lospoliticosveracruz.com\/?author=2"}]}},"_links":{"self":[{"href":"https:\/\/lospoliticosveracruz.com\/index.php?rest_route=\/wp\/v2\/posts\/140283","targetHints":{"allow":["GET"]}}],"collection":[{"href":"https:\/\/lospoliticosveracruz.com\/index.php?rest_route=\/wp\/v2\/posts"}],"about":[{"href":"https:\/\/lospoliticosveracruz.com\/index.php?rest_route=\/wp\/v2\/types\/post"}],"author":[{"embeddable":true,"href":"https:\/\/lospoliticosveracruz.com\/index.php?rest_route=\/wp\/v2\/users\/2"}],"replies":[{"embeddable":true,"href":"https:\/\/lospoliticosveracruz.com\/index.php?rest_route=%2Fwp%2Fv2%2Fcomments&post=140283"}],"version-history":[{"count":2,"href":"https:\/\/lospoliticosveracruz.com\/index.php?rest_route=\/wp\/v2\/posts\/140283\/revisions"}],"predecessor-version":[{"id":140285,"href":"https:\/\/lospoliticosveracruz.com\/index.php?rest_route=\/wp\/v2\/posts\/140283\/revisions\/140285"}],"wp:featuredmedia":[{"embeddable":true,"href":"https:\/\/lospoliticosveracruz.com\/index.php?rest_route=\/wp\/v2\/media\/119929"}],"wp:attachment":[{"href":"https:\/\/lospoliticosveracruz.com\/index.php?rest_route=%2Fwp%2Fv2%2Fmedia&parent=140283"}],"wp:term":[{"taxonomy":"category","embeddable":true,"href":"https:\/\/lospoliticosveracruz.com\/index.php?rest_route=%2Fwp%2Fv2%2Fcategories&post=140283"},{"taxonomy":"post_tag","embeddable":true,"href":"https:\/\/lospoliticosveracruz.com\/index.php?rest_route=%2Fwp%2Fv2%2Ftags&post=140283"}],"curies":[{"name":"wp","href":"https:\/\/api.w.org\/{rel}","templated":true}]}}