{"id":140296,"date":"2025-03-24T05:55:14","date_gmt":"2025-03-24T11:55:14","guid":{"rendered":"https:\/\/lospoliticosveracruz.com.mx\/?p=140296"},"modified":"2025-03-24T05:55:31","modified_gmt":"2025-03-24T11:55:31","slug":"la-bajaron","status":"publish","type":"post","link":"https:\/\/lospoliticosveracruz.com\/?p=140296","title":{"rendered":"LA BAJARON!"},"content":{"rendered":"\n<p>[S\u00edguenos ahora tambi\u00e9n en WhatsApp.\u00a0<a href=\"https:\/\/whatsapp.com\/channel\/0029Va8zRWlEKyZIP3Z1dF0e\"><strong><em>Da clic aqu\u00ed<\/em><\/strong><\/a>]\u00a0<br><strong>Fanny Y\u00e9pez<\/strong><br><em>La Columna<\/em><br><br>El retiro de la contienda de la candidata del Partido del Trabajo a presidenta municipal de La Antigua, Anell Acevedo Castellanos, enrarece, empa\u00f1a y evidencia la inseguridad en el proceso electoral en el estado de Veracruz.<br>La tarde de este domingo Anell Acevedo, con sollozos anuncio a trav\u00e9s de un video que subi\u00f3 a sus redes sociales que se baja del proceso electoral, \u201cpor cuestiones que no esperaba y que asustan, les informo que no voy a participar, valoro la vida de mi familia y de mi equipo. No permitir\u00e9 que me roben la sonrisa\u201d.<br>\u201cNo voy a dar m\u00e1s detalles, pero el d\u00eda de hoy recib\u00ed un mensaje, una sugerencia de que me retire de la contienda, por eso lo doy a conocer que no participare en la contienda electoral, sent\u00ed bastante miedo, la pol\u00edtica debe ser sin amenazas\u201d. Resalto.<br>En un mensaje que trasmiti\u00f3 en vivo, Anell Acevedo, pidi\u00f3 respeto a todos, y que no le pidan explicaciones, \u201cno participar\u00e9 a ning\u00fan cargo y por ning\u00fan partido pol\u00edtico\u201d.<br>Agradeci\u00f3 al Partido del Trabajo y a su equipo que la acompa\u00f1o en este proyecto, reiter\u00f3 que no participara en esta contienda, \u201clo lograron\u201d resalto entre l\u00e1grimas.<br>Hasta el momento de redactar esta columna no se hab\u00edan registrado, reacciones sobe esta grave situaci\u00f3n que deja entrever que la candidata del PT en el municipio de La Antigua fue amenazada, por quien sabe qui\u00e9n, para que abandonara la contienda.<br>Es urgente que la titular del OPLE, las autoridades de seguridad p\u00fablica y el propio Partido del Trabajo, den un posicionamiento sobe esta delicada situaci\u00f3n que va a ser preocupaci\u00f3n de otros candidatos.<br>Sabemos que hay mecanismos para proteger la integridad f\u00edsica de las y los candidatos, pero hasta el momento, al menos en el caso de Anell Acevedo Castellanos, no se han puesto en marcha, pero tampoco sabemos si la candidata present\u00f3 una denuncia ante la fiscal\u00eda General del estado.<br>Este mismo domingo, luego de que se trasmitiera el mensaje de renuncia la Gobernadora de Veracruz, Roc\u00edo Nahle Garc\u00eda, solicito al dirigente es estatal del PT que interponga las denuncias y sobre todo de a conocer las amenazas, para que el gobierno del estado pueda actuar y proteger a los pol\u00edticos en riesgo.<\/p>\n\n\n\n<p>\u00abQue se comuniquen, que lo hagan con un comunicado, y a todos los que sientan amenazados se les va a garantizar seguridad\u00bb, enfatizo .<br>Daniela Griego trabaja arduamente para afilar a m\u00e1s de 40 mil ciudadanos<br>La promotora del voto de la 4t en el municipio de Xalapa, Daniela Griego Ceballos trabaja incansablemente para incorporar a las filas morenistas a miles de ciudadanos que radican en esta capital.<br>La meta para este a\u00f1o en Xalapa es de aproximadamente 40 mil registros, por lo que desde hace unas semanas se trabaja todos los d\u00edas en la encomienda.<br>\u201cLa verdad, ha habido muy buena respuesta de la gente. La invitaci\u00f3n es a sumarse al movimiento. Es una campa\u00f1a de afiliaci\u00f3n nacional, a nivel estatal y, en Xalapa, el Comit\u00e9 Nacional me ha designado como promotora. Tenemos esta tarea\u201d.<br>Enfatiz\u00f3 que los trabajos est\u00e1n programados para todo el 2025, conforme al esquema establecido por el coordinador territorial.<br>\u201cEl proceso de afiliaci\u00f3n es muy r\u00e1pido; la meta de afiliaci\u00f3n nacional es de 10 millones de personas, en el estado vamos por un mill\u00f3n y, en Xalapa, la meta es de un poco m\u00e1s de 40 mil durante lo que resta del a\u00f1o\u201d.<br>Conocemos la capacidad de Daniela Griego, por ello no dudamos que logre su objetivo establecido. El trabajo desarrollado en el Instituto de Pensiones del Estado es una clara muestra del compromiso y resultados.<br>En los ayuntamientos de Veracruz y, Xalapa las y los promotoras del voto de la 4t, est\u00e1n trabajando arduamente para incorporar al mayor n\u00famero de ciudadanos a las filas del Movimiento de Regeneraci\u00f3n Nacional.<br>En el caso Rosa Mar\u00eda Hern\u00e1ndez Espejo, diputada federal con licencia, ex catedr\u00e1tica de la facultad de comunicaci\u00f3n de la Universidad Veracruzana, periodista y conductora por muchos a\u00f1os de noticieros de radio, respetando los lineamientos establecidos por el Organismo P\u00fablico Local Electoral (OPLE), sigue sosteniendo reuniones con grupos acad\u00e9micos y con su equipo de trabajo, rumbo al inicio de la campa\u00f1a el pr\u00f3ximo 27 de abril.<br>Este domingo Rosa Mar\u00eda Hern\u00e1ndez Espejo, sostuvo una reuni\u00f3n donde se not\u00f3 la unidad y el compa\u00f1erismo.<br>\u201cVivimos una tarde de uni\u00f3n y compa\u00f1erismo en la Asamblea Informativa de nuestro movimiento, en donde, como promotora de la Cuarta Transformaci\u00f3n, reiter\u00e9, junto con la militancia, el compromiso de seguir impulsando Veracruz y trabajando desde abajo. Con el liderazgo de la gobernadora Roc\u00edo Nahle y la presidenta Claudia Sheinbaum Pardo, avanzamos hacia un futuro de justicia y prosperidad\u201d comento<\/p>\n","protected":false},"excerpt":{"rendered":"<p>[S\u00edguenos ahora tambi\u00e9n en WhatsApp.\u00a0Da clic aqu\u00ed]\u00a0Fanny Y\u00e9pezLa Columna El retiro de la contienda de la candidata del Partido del Trabajo a presidenta municipal de La Antigua, Anell Acevedo Castellanos, enrarece, empa\u00f1a y evidencia la inseguridad en el proceso electoral en el estado de Veracruz.La tarde de este domingo Anell Acevedo, con sollozos anuncio a [&hellip;]<\/p>\n","protected":false},"author":2,"featured_media":126076,"comment_status":"closed","ping_status":"closed","sticky":false,"template":"","format":"standard","meta":{"tdm_status":"","tdm_grid_status":"","footnotes":""},"categories":[70],"tags":[],"class_list":{"0":"post-140296","1":"post","2":"type-post","3":"status-publish","4":"format-standard","5":"has-post-thumbnail","7":"category-de-opinion"},"yoast_head":"<!-- This site is optimized with the Yoast SEO plugin v27.4 - https:\/\/yoast.com\/product\/yoast-seo-wordpress\/ -->\n<title>LA BAJARON! - Los pol\u00edticos Veracruz<\/title>\n<meta name=\"robots\" content=\"index, follow, max-snippet:-1, max-image-preview:large, max-video-preview:-1\" \/>\n<link rel=\"canonical\" href=\"https:\/\/lospoliticosveracruz.com\/?p=140296\" \/>\n<meta property=\"og:locale\" content=\"es_ES\" \/>\n<meta property=\"og:type\" content=\"article\" \/>\n<meta property=\"og:title\" content=\"LA BAJARON! - Los pol\u00edticos Veracruz\" \/>\n<meta property=\"og:description\" content=\"[S\u00edguenos ahora tambi\u00e9n en WhatsApp.\u00a0Da clic aqu\u00ed]\u00a0Fanny Y\u00e9pezLa Columna El retiro de la contienda de la candidata del Partido del Trabajo a presidenta municipal de La Antigua, Anell Acevedo Castellanos, enrarece, empa\u00f1a y evidencia la inseguridad en el proceso electoral en el estado de Veracruz.La tarde de este domingo Anell Acevedo, con sollozos anuncio a [&hellip;]\" \/>\n<meta property=\"og:url\" content=\"https:\/\/lospoliticosveracruz.com\/?p=140296\" \/>\n<meta property=\"og:site_name\" content=\"Los pol\u00edticos Veracruz\" \/>\n<meta property=\"article:publisher\" content=\"https:\/\/www.facebook.com\/people\/Notimemes-de-los-Polticos\/61565672886568\/\" \/>\n<meta property=\"article:published_time\" content=\"2025-03-24T11:55:14+00:00\" \/>\n<meta property=\"article:modified_time\" content=\"2025-03-24T11:55:31+00:00\" \/>\n<meta property=\"og:image\" content=\"https:\/\/lospoliticosveracruz.com\/wp-content\/uploads\/2024\/06\/Fanny-Yepez.jpg\" \/>\n\t<meta property=\"og:image:width\" content=\"1250\" \/>\n\t<meta property=\"og:image:height\" content=\"667\" \/>\n\t<meta property=\"og:image:type\" content=\"image\/jpeg\" \/>\n<meta name=\"author\" content=\"Lo viste en Los Pol\u00edticos\" \/>\n<meta name=\"twitter:card\" content=\"summary_large_image\" \/>\n<meta name=\"twitter:creator\" content=\"@LosPoliticosVer\" \/>\n<meta name=\"twitter:site\" content=\"@LosPoliticosVer\" \/>\n<meta name=\"twitter:label1\" content=\"Escrito por\" \/>\n\t<meta name=\"twitter:data1\" content=\"Lo viste en Los Pol\u00edticos\" \/>\n\t<meta name=\"twitter:label2\" content=\"Tiempo de lectura\" \/>\n\t<meta name=\"twitter:data2\" content=\"4 minutos\" \/>\n<script type=\"application\/ld+json\" class=\"yoast-schema-graph\">{\"@context\":\"https:\\\/\\\/schema.org\",\"@graph\":[{\"@type\":\"Article\",\"@id\":\"https:\\\/\\\/lospoliticosveracruz.com\\\/?p=140296#article\",\"isPartOf\":{\"@id\":\"https:\\\/\\\/lospoliticosveracruz.com\\\/?p=140296\"},\"author\":{\"name\":\"Lo viste en Los Pol\u00edticos\",\"@id\":\"https:\\\/\\\/lospoliticosveracruz.com\\\/#\\\/schema\\\/person\\\/b8702bb0e538456e6efd07080bf2a4a2\"},\"headline\":\"LA BAJARON!\",\"datePublished\":\"2025-03-24T11:55:14+00:00\",\"dateModified\":\"2025-03-24T11:55:31+00:00\",\"mainEntityOfPage\":{\"@id\":\"https:\\\/\\\/lospoliticosveracruz.com\\\/?p=140296\"},\"wordCount\":843,\"publisher\":{\"@id\":\"https:\\\/\\\/lospoliticosveracruz.com\\\/#organization\"},\"image\":{\"@id\":\"https:\\\/\\\/lospoliticosveracruz.com\\\/?p=140296#primaryimage\"},\"thumbnailUrl\":\"https:\\\/\\\/lospoliticosveracruz.com\\\/wp-content\\\/uploads\\\/2024\\\/06\\\/Fanny-Yepez.jpg\",\"articleSection\":[\"De Opini\u00f3n\"],\"inLanguage\":\"es\"},{\"@type\":\"WebPage\",\"@id\":\"https:\\\/\\\/lospoliticosveracruz.com\\\/?p=140296\",\"url\":\"https:\\\/\\\/lospoliticosveracruz.com\\\/?p=140296\",\"name\":\"LA BAJARON! - Los pol\u00edticos Veracruz\",\"isPartOf\":{\"@id\":\"https:\\\/\\\/lospoliticosveracruz.com\\\/#website\"},\"primaryImageOfPage\":{\"@id\":\"https:\\\/\\\/lospoliticosveracruz.com\\\/?p=140296#primaryimage\"},\"image\":{\"@id\":\"https:\\\/\\\/lospoliticosveracruz.com\\\/?p=140296#primaryimage\"},\"thumbnailUrl\":\"https:\\\/\\\/lospoliticosveracruz.com\\\/wp-content\\\/uploads\\\/2024\\\/06\\\/Fanny-Yepez.jpg\",\"datePublished\":\"2025-03-24T11:55:14+00:00\",\"dateModified\":\"2025-03-24T11:55:31+00:00\",\"breadcrumb\":{\"@id\":\"https:\\\/\\\/lospoliticosveracruz.com\\\/?p=140296#breadcrumb\"},\"inLanguage\":\"es\",\"potentialAction\":[{\"@type\":\"ReadAction\",\"target\":[\"https:\\\/\\\/lospoliticosveracruz.com\\\/?p=140296\"]}]},{\"@type\":\"ImageObject\",\"inLanguage\":\"es\",\"@id\":\"https:\\\/\\\/lospoliticosveracruz.com\\\/?p=140296#primaryimage\",\"url\":\"https:\\\/\\\/lospoliticosveracruz.com\\\/wp-content\\\/uploads\\\/2024\\\/06\\\/Fanny-Yepez.jpg\",\"contentUrl\":\"https:\\\/\\\/lospoliticosveracruz.com\\\/wp-content\\\/uploads\\\/2024\\\/06\\\/Fanny-Yepez.jpg\",\"width\":1250,\"height\":667},{\"@type\":\"BreadcrumbList\",\"@id\":\"https:\\\/\\\/lospoliticosveracruz.com\\\/?p=140296#breadcrumb\",\"itemListElement\":[{\"@type\":\"ListItem\",\"position\":1,\"name\":\"Portada\",\"item\":\"https:\\\/\\\/lospoliticosveracruz.com\\\/\"},{\"@type\":\"ListItem\",\"position\":2,\"name\":\"LA BAJARON!\"}]},{\"@type\":\"WebSite\",\"@id\":\"https:\\\/\\\/lospoliticosveracruz.com\\\/#website\",\"url\":\"https:\\\/\\\/lospoliticosveracruz.com\\\/\",\"name\":\"Los pol\u00edticos Veracruz\",\"description\":\"\",\"publisher\":{\"@id\":\"https:\\\/\\\/lospoliticosveracruz.com\\\/#organization\"},\"potentialAction\":[{\"@type\":\"SearchAction\",\"target\":{\"@type\":\"EntryPoint\",\"urlTemplate\":\"https:\\\/\\\/lospoliticosveracruz.com\\\/?s={search_term_string}\"},\"query-input\":{\"@type\":\"PropertyValueSpecification\",\"valueRequired\":true,\"valueName\":\"search_term_string\"}}],\"inLanguage\":\"es\"},{\"@type\":\"Organization\",\"@id\":\"https:\\\/\\\/lospoliticosveracruz.com\\\/#organization\",\"name\":\"Los pol\u00edticos Veracruz\",\"url\":\"https:\\\/\\\/lospoliticosveracruz.com\\\/\",\"logo\":{\"@type\":\"ImageObject\",\"inLanguage\":\"es\",\"@id\":\"https:\\\/\\\/lospoliticosveracruz.com\\\/#\\\/schema\\\/logo\\\/image\\\/\",\"url\":\"https:\\\/\\\/lospoliticosveracruz.com\\\/wp-content\\\/uploads\\\/2025\\\/12\\\/Logo-Nuevo-LOS-POLITICOS-1.jpg\",\"contentUrl\":\"https:\\\/\\\/lospoliticosveracruz.com\\\/wp-content\\\/uploads\\\/2025\\\/12\\\/Logo-Nuevo-LOS-POLITICOS-1.jpg\",\"width\":260,\"height\":70,\"caption\":\"Los pol\u00edticos Veracruz\"},\"image\":{\"@id\":\"https:\\\/\\\/lospoliticosveracruz.com\\\/#\\\/schema\\\/logo\\\/image\\\/\"},\"sameAs\":[\"https:\\\/\\\/www.facebook.com\\\/people\\\/Notimemes-de-los-Polticos\\\/61565672886568\\\/\",\"https:\\\/\\\/x.com\\\/LosPoliticosVer\"]},{\"@type\":\"Person\",\"@id\":\"https:\\\/\\\/lospoliticosveracruz.com\\\/#\\\/schema\\\/person\\\/b8702bb0e538456e6efd07080bf2a4a2\",\"name\":\"Lo viste en Los Pol\u00edticos\",\"image\":{\"@type\":\"ImageObject\",\"inLanguage\":\"es\",\"@id\":\"https:\\\/\\\/secure.gravatar.com\\\/avatar\\\/3a8de04a2656d44082be478bd6c086daa447c4651605818287b9532d3d0bd435?s=96&d=mm&r=g\",\"url\":\"https:\\\/\\\/secure.gravatar.com\\\/avatar\\\/3a8de04a2656d44082be478bd6c086daa447c4651605818287b9532d3d0bd435?s=96&d=mm&r=g\",\"contentUrl\":\"https:\\\/\\\/secure.gravatar.com\\\/avatar\\\/3a8de04a2656d44082be478bd6c086daa447c4651605818287b9532d3d0bd435?s=96&d=mm&r=g\",\"caption\":\"Lo viste en Los Pol\u00edticos\"},\"url\":\"https:\\\/\\\/lospoliticosveracruz.com\\\/?author=2\"}]}<\/script>\n<!-- \/ Yoast SEO plugin. -->","yoast_head_json":{"title":"LA BAJARON! - Los pol\u00edticos Veracruz","robots":{"index":"index","follow":"follow","max-snippet":"max-snippet:-1","max-image-preview":"max-image-preview:large","max-video-preview":"max-video-preview:-1"},"canonical":"https:\/\/lospoliticosveracruz.com\/?p=140296","og_locale":"es_ES","og_type":"article","og_title":"LA BAJARON! - Los pol\u00edticos Veracruz","og_description":"[S\u00edguenos ahora tambi\u00e9n en WhatsApp.\u00a0Da clic aqu\u00ed]\u00a0Fanny Y\u00e9pezLa Columna El retiro de la contienda de la candidata del Partido del Trabajo a presidenta municipal de La Antigua, Anell Acevedo Castellanos, enrarece, empa\u00f1a y evidencia la inseguridad en el proceso electoral en el estado de Veracruz.La tarde de este domingo Anell Acevedo, con sollozos anuncio a [&hellip;]","og_url":"https:\/\/lospoliticosveracruz.com\/?p=140296","og_site_name":"Los pol\u00edticos Veracruz","article_publisher":"https:\/\/www.facebook.com\/people\/Notimemes-de-los-Polticos\/61565672886568\/","article_published_time":"2025-03-24T11:55:14+00:00","article_modified_time":"2025-03-24T11:55:31+00:00","og_image":[{"width":1250,"height":667,"url":"https:\/\/lospoliticosveracruz.com\/wp-content\/uploads\/2024\/06\/Fanny-Yepez.jpg","type":"image\/jpeg"}],"author":"Lo viste en Los Pol\u00edticos","twitter_card":"summary_large_image","twitter_creator":"@LosPoliticosVer","twitter_site":"@LosPoliticosVer","twitter_misc":{"Escrito por":"Lo viste en Los Pol\u00edticos","Tiempo de lectura":"4 minutos"},"schema":{"@context":"https:\/\/schema.org","@graph":[{"@type":"Article","@id":"https:\/\/lospoliticosveracruz.com\/?p=140296#article","isPartOf":{"@id":"https:\/\/lospoliticosveracruz.com\/?p=140296"},"author":{"name":"Lo viste en Los Pol\u00edticos","@id":"https:\/\/lospoliticosveracruz.com\/#\/schema\/person\/b8702bb0e538456e6efd07080bf2a4a2"},"headline":"LA BAJARON!","datePublished":"2025-03-24T11:55:14+00:00","dateModified":"2025-03-24T11:55:31+00:00","mainEntityOfPage":{"@id":"https:\/\/lospoliticosveracruz.com\/?p=140296"},"wordCount":843,"publisher":{"@id":"https:\/\/lospoliticosveracruz.com\/#organization"},"image":{"@id":"https:\/\/lospoliticosveracruz.com\/?p=140296#primaryimage"},"thumbnailUrl":"https:\/\/lospoliticosveracruz.com\/wp-content\/uploads\/2024\/06\/Fanny-Yepez.jpg","articleSection":["De Opini\u00f3n"],"inLanguage":"es"},{"@type":"WebPage","@id":"https:\/\/lospoliticosveracruz.com\/?p=140296","url":"https:\/\/lospoliticosveracruz.com\/?p=140296","name":"LA BAJARON! - Los pol\u00edticos Veracruz","isPartOf":{"@id":"https:\/\/lospoliticosveracruz.com\/#website"},"primaryImageOfPage":{"@id":"https:\/\/lospoliticosveracruz.com\/?p=140296#primaryimage"},"image":{"@id":"https:\/\/lospoliticosveracruz.com\/?p=140296#primaryimage"},"thumbnailUrl":"https:\/\/lospoliticosveracruz.com\/wp-content\/uploads\/2024\/06\/Fanny-Yepez.jpg","datePublished":"2025-03-24T11:55:14+00:00","dateModified":"2025-03-24T11:55:31+00:00","breadcrumb":{"@id":"https:\/\/lospoliticosveracruz.com\/?p=140296#breadcrumb"},"inLanguage":"es","potentialAction":[{"@type":"ReadAction","target":["https:\/\/lospoliticosveracruz.com\/?p=140296"]}]},{"@type":"ImageObject","inLanguage":"es","@id":"https:\/\/lospoliticosveracruz.com\/?p=140296#primaryimage","url":"https:\/\/lospoliticosveracruz.com\/wp-content\/uploads\/2024\/06\/Fanny-Yepez.jpg","contentUrl":"https:\/\/lospoliticosveracruz.com\/wp-content\/uploads\/2024\/06\/Fanny-Yepez.jpg","width":1250,"height":667},{"@type":"BreadcrumbList","@id":"https:\/\/lospoliticosveracruz.com\/?p=140296#breadcrumb","itemListElement":[{"@type":"ListItem","position":1,"name":"Portada","item":"https:\/\/lospoliticosveracruz.com\/"},{"@type":"ListItem","position":2,"name":"LA BAJARON!"}]},{"@type":"WebSite","@id":"https:\/\/lospoliticosveracruz.com\/#website","url":"https:\/\/lospoliticosveracruz.com\/","name":"Los pol\u00edticos Veracruz","description":"","publisher":{"@id":"https:\/\/lospoliticosveracruz.com\/#organization"},"potentialAction":[{"@type":"SearchAction","target":{"@type":"EntryPoint","urlTemplate":"https:\/\/lospoliticosveracruz.com\/?s={search_term_string}"},"query-input":{"@type":"PropertyValueSpecification","valueRequired":true,"valueName":"search_term_string"}}],"inLanguage":"es"},{"@type":"Organization","@id":"https:\/\/lospoliticosveracruz.com\/#organization","name":"Los pol\u00edticos Veracruz","url":"https:\/\/lospoliticosveracruz.com\/","logo":{"@type":"ImageObject","inLanguage":"es","@id":"https:\/\/lospoliticosveracruz.com\/#\/schema\/logo\/image\/","url":"https:\/\/lospoliticosveracruz.com\/wp-content\/uploads\/2025\/12\/Logo-Nuevo-LOS-POLITICOS-1.jpg","contentUrl":"https:\/\/lospoliticosveracruz.com\/wp-content\/uploads\/2025\/12\/Logo-Nuevo-LOS-POLITICOS-1.jpg","width":260,"height":70,"caption":"Los pol\u00edticos Veracruz"},"image":{"@id":"https:\/\/lospoliticosveracruz.com\/#\/schema\/logo\/image\/"},"sameAs":["https:\/\/www.facebook.com\/people\/Notimemes-de-los-Polticos\/61565672886568\/","https:\/\/x.com\/LosPoliticosVer"]},{"@type":"Person","@id":"https:\/\/lospoliticosveracruz.com\/#\/schema\/person\/b8702bb0e538456e6efd07080bf2a4a2","name":"Lo viste en Los Pol\u00edticos","image":{"@type":"ImageObject","inLanguage":"es","@id":"https:\/\/secure.gravatar.com\/avatar\/3a8de04a2656d44082be478bd6c086daa447c4651605818287b9532d3d0bd435?s=96&d=mm&r=g","url":"https:\/\/secure.gravatar.com\/avatar\/3a8de04a2656d44082be478bd6c086daa447c4651605818287b9532d3d0bd435?s=96&d=mm&r=g","contentUrl":"https:\/\/secure.gravatar.com\/avatar\/3a8de04a2656d44082be478bd6c086daa447c4651605818287b9532d3d0bd435?s=96&d=mm&r=g","caption":"Lo viste en Los Pol\u00edticos"},"url":"https:\/\/lospoliticosveracruz.com\/?author=2"}]}},"_links":{"self":[{"href":"https:\/\/lospoliticosveracruz.com\/index.php?rest_route=\/wp\/v2\/posts\/140296","targetHints":{"allow":["GET"]}}],"collection":[{"href":"https:\/\/lospoliticosveracruz.com\/index.php?rest_route=\/wp\/v2\/posts"}],"about":[{"href":"https:\/\/lospoliticosveracruz.com\/index.php?rest_route=\/wp\/v2\/types\/post"}],"author":[{"embeddable":true,"href":"https:\/\/lospoliticosveracruz.com\/index.php?rest_route=\/wp\/v2\/users\/2"}],"replies":[{"embeddable":true,"href":"https:\/\/lospoliticosveracruz.com\/index.php?rest_route=%2Fwp%2Fv2%2Fcomments&post=140296"}],"version-history":[{"count":2,"href":"https:\/\/lospoliticosveracruz.com\/index.php?rest_route=\/wp\/v2\/posts\/140296\/revisions"}],"predecessor-version":[{"id":140298,"href":"https:\/\/lospoliticosveracruz.com\/index.php?rest_route=\/wp\/v2\/posts\/140296\/revisions\/140298"}],"wp:featuredmedia":[{"embeddable":true,"href":"https:\/\/lospoliticosveracruz.com\/index.php?rest_route=\/wp\/v2\/media\/126076"}],"wp:attachment":[{"href":"https:\/\/lospoliticosveracruz.com\/index.php?rest_route=%2Fwp%2Fv2%2Fmedia&parent=140296"}],"wp:term":[{"taxonomy":"category","embeddable":true,"href":"https:\/\/lospoliticosveracruz.com\/index.php?rest_route=%2Fwp%2Fv2%2Fcategories&post=140296"},{"taxonomy":"post_tag","embeddable":true,"href":"https:\/\/lospoliticosveracruz.com\/index.php?rest_route=%2Fwp%2Fv2%2Ftags&post=140296"}],"curies":[{"name":"wp","href":"https:\/\/api.w.org\/{rel}","templated":true}]}}