{"id":14030,"date":"2014-12-09T10:17:20","date_gmt":"2014-12-09T16:17:20","guid":{"rendered":"http:\/\/www.lospoliticosveracruz.com.mx\/?p=14030"},"modified":"2014-12-09T10:17:20","modified_gmt":"2014-12-09T16:17:20","slug":"y-nosotros-nomas-milando","status":"publish","type":"post","link":"https:\/\/lospoliticosveracruz.com\/?p=14030","title":{"rendered":"Y nosotros nom\u00e1s milando"},"content":{"rendered":"<p><a href=\"http:\/\/www.lospoliticosveracruz.com.mx\/wp-content\/uploads\/2014\/12\/corrupcion-mexico.jpg\"><img loading=\"lazy\" decoding=\"async\" class=\"alignnone size-medium wp-image-14032\" src=\"http:\/\/www.lospoliticosveracruz.com.mx\/wp-content\/uploads\/2014\/12\/corrupcion-mexico-300x156.jpg\" alt=\"corrupcion-mexico\" width=\"300\" height=\"156\" \/><\/a><\/p>\n<p><strong>Jorge Arturo Rodr\u00edguez<\/strong><\/p>\n<p><em>Tierra de Babel<\/em><\/p>\n<p>&nbsp;<\/p>\n<p>No hace falta ir a las estad\u00edsticas; lo vivimos diariamente: corrupci\u00f3n, impunidad, influyentismo, inseguridad y un etc\u00e9tera que termina en \u201cestamos de la chingada\u201d. Por donde se quiera verlo. Negarlo u ocultarlo s\u00f3lo agrava la situaci\u00f3n.<br \/>\nSeg\u00fan el Indice de Percepci\u00f3n de la Corrupci\u00f3n 2014, elaborado por Transparencia Internacional, M\u00e9xico se ubic\u00f3 en el lugar n\u00famero 103 de un listado de 175 pa\u00edses, pues obtuvo una puntuaci\u00f3n de 35 sobre 100. Con respecto a la OCDE ocupa el lugar 34 de 34. Brasil, principal competidor de M\u00e9xico en la regi\u00f3n, ocupa el lugar 69, Chile el lugar 31, Per\u00fa el 85 y Colombia el 94. (El Economista). Ah\u00ed nom\u00e1s, chato.<br \/>\nPocas cosas \u201cbuenas\u201d nos quedan\u2026 \u00bfD\u00f3nde chingaos est\u00e1n? Esas s\u00ed, cada d\u00eda m\u00e1s invisibles, pero ah\u00ed est\u00e1n, s\u00f3lo falta saberlas ver, apreciar, descubrir, crearlas.<br \/>\nSe nos fue Vicente Le\u00f1ero, pero recuerdo que alguna vez dijo: \u201cNo me gusta que las historias se acaben: ni en el cine, ni en la literatura, ni en la vida. Siempre tiene que haber m\u00e1s posibilidades, m\u00e1s caminos, m\u00e1s respuestas\u201d. Y eso hay que seguir haciendo: buscar posibilidades, caminos, respuestas, aunque los due\u00f1os del mundo nos pongan barricadas.<br \/>\nCierto o no (las autoridades mexicanas lo niegan) al presidente Enrique Pe\u00f1a Nieto le dijeron \u201cCopelas o cuello\u201d, porque dicen que el consorcio estatal chino CRCC recibi\u00f3 del Gobierno de M\u00e9xico 100 millones de yuanes (unos 16 millones de d\u00f3lares) como compensaci\u00f3n por la cancelaci\u00f3n del contrato para el tren r\u00e1pido Quer\u00e9taro-M\u00e9xico. Y nosotros nom\u00e1s milando\u2026 televisa pa\u2019 jodidos.<br \/>\nTambi\u00e9n dicen que el Gobierno federal destin\u00f3 30 mmdp en 7 a\u00f1os a corporaciones municipales. Ay, g\u00fcey, \u00bfy qu\u00e9 ha pasado? Polis mal pagados, presa f\u00e1cil y profesionalizada para la delincuencia, organizada o no. O sea, m\u00e1s y m\u00e1s inseguridad. \u00bfPa\u2019 qu\u00e9 tantas cifras? Bueno, al menos para llevar la cuenta y ojal\u00e1 no nos tomen en cuenta.<\/p>\n<p>&nbsp;<\/p>\n<p><strong>Los d\u00edas y los temas<\/strong><\/p>\n<p>A pocos d\u00edas de terminar el a\u00f1o, pero la vida sigue. El show debe continuar. Tambi\u00e9n terminan las comparecencias en el Congreso de Veracruz. Por cierto, \u00bfQu\u00e9 secretario dijo: \u201cCompadezco ante ustedes\u2026\u201d, en lugar de expresar \u201ccomparezco\u201d. Bueno, la verdad es que s\u00ed compadecieron todos.<br \/>\nDe la propuesta a la pr\u00e1ctica. El diputado Juan Manuel Vel\u00e1zquez Yunes present\u00f3 la Iniciativa Ley del Instituto de Fomento Artesanal Veracruzano, para preservar, fomentar, promover, rescatar, mejorar, comercializar e impulsar el desarrollo cultural y econ\u00f3mico de la actividad artesanal. Luego, inaugur\u00f3 la exposici\u00f3n artesanal en los pasillos del Poder Legislativo, en la que participaron artesanos de varios municipios. As\u00ed es como se debe trabajar. Por cierto, ser\u00eda buen candidato para la diputaci\u00f3n federal.<br \/>\nEl diputado Ricardo Ahued Bardahuil, siempre sereno, ecu\u00e1nime, certero, en la comparecencia del titular de Sedesol, expres\u00f3: \u201cSi vamos a luchar contra la pobreza, con la pobreza que tiene que ver con la inseguridad. No puede existir un pa\u00eds en progreso con inseguridad en cada rinc\u00f3n de la naci\u00f3n; no podemos acabar con la pobreza si no existe transparencia; no podemos combatir la pobreza sin educaci\u00f3n; no podemos abatir la pobreza si no tenemos innovaci\u00f3n tecnol\u00f3gica nacional, infraestructura, un salario digno; no podemos abatir la pobreza con el sistema de salud caduco que tenemos. As\u00ed no hay crecimiento. Hay que redise\u00f1ar urgentemente el modelo econ\u00f3mico para abatir la pobreza\u201d. Ah\u00ed nom\u00e1s.<br \/>\nPor lo pronto, ah\u00ed se ven.<\/p>\n","protected":false},"excerpt":{"rendered":"<p>Jorge Arturo Rodr\u00edguez Tierra de Babel &nbsp; No hace falta ir a las estad\u00edsticas; lo vivimos diariamente: corrupci\u00f3n, impunidad, influyentismo, inseguridad y un etc\u00e9tera que termina en \u201cestamos de la chingada\u201d. Por donde se quiera verlo. Negarlo u ocultarlo s\u00f3lo agrava la situaci\u00f3n. Seg\u00fan el Indice de Percepci\u00f3n de la Corrupci\u00f3n 2014, elaborado por Transparencia [&hellip;]<\/p>\n","protected":false},"author":2,"featured_media":0,"comment_status":"open","ping_status":"open","sticky":false,"template":"","format":"standard","meta":{"tdm_status":"","tdm_grid_status":"","footnotes":""},"categories":[70],"tags":[281,1192,395,1193],"class_list":{"0":"post-14030","1":"post","2":"type-post","3":"status-publish","4":"format-standard","6":"category-de-opinion","7":"tag-enrique-pena-nieto","8":"tag-indice-de-percepcion-de-la-corrupcion-2014","9":"tag-mexico","10":"tag-transparencia-internacional"},"yoast_head":"<!-- This site is optimized with the Yoast SEO plugin v27.4 - https:\/\/yoast.com\/product\/yoast-seo-wordpress\/ -->\n<title>Y nosotros nom\u00e1s milando - Los pol\u00edticos Veracruz<\/title>\n<meta name=\"robots\" content=\"index, follow, max-snippet:-1, max-image-preview:large, max-video-preview:-1\" \/>\n<link rel=\"canonical\" href=\"https:\/\/lospoliticosveracruz.com\/?p=14030\" \/>\n<meta property=\"og:locale\" content=\"es_ES\" \/>\n<meta property=\"og:type\" content=\"article\" \/>\n<meta property=\"og:title\" content=\"Y nosotros nom\u00e1s milando - Los pol\u00edticos Veracruz\" \/>\n<meta property=\"og:description\" content=\"Jorge Arturo Rodr\u00edguez Tierra de Babel &nbsp; No hace falta ir a las estad\u00edsticas; lo vivimos diariamente: corrupci\u00f3n, impunidad, influyentismo, inseguridad y un etc\u00e9tera que termina en \u201cestamos de la chingada\u201d. Por donde se quiera verlo. Negarlo u ocultarlo s\u00f3lo agrava la situaci\u00f3n. Seg\u00fan el Indice de Percepci\u00f3n de la Corrupci\u00f3n 2014, elaborado por Transparencia [&hellip;]\" \/>\n<meta property=\"og:url\" content=\"https:\/\/lospoliticosveracruz.com\/?p=14030\" \/>\n<meta property=\"og:site_name\" content=\"Los pol\u00edticos Veracruz\" \/>\n<meta property=\"article:publisher\" content=\"https:\/\/www.facebook.com\/people\/Notimemes-de-los-Polticos\/61565672886568\/\" \/>\n<meta property=\"article:published_time\" content=\"2014-12-09T16:17:20+00:00\" \/>\n<meta property=\"og:image\" content=\"http:\/\/www.lospoliticosveracruz.com.mx\/wp-content\/uploads\/2014\/12\/corrupcion-mexico-300x156.jpg\" \/>\n<meta name=\"author\" content=\"Lo viste en Los Pol\u00edticos\" \/>\n<meta name=\"twitter:card\" content=\"summary_large_image\" \/>\n<meta name=\"twitter:creator\" content=\"@LosPoliticosVer\" \/>\n<meta name=\"twitter:site\" content=\"@LosPoliticosVer\" \/>\n<meta name=\"twitter:label1\" content=\"Escrito por\" \/>\n\t<meta name=\"twitter:data1\" content=\"Lo viste en Los Pol\u00edticos\" \/>\n\t<meta name=\"twitter:label2\" content=\"Tiempo de lectura\" \/>\n\t<meta name=\"twitter:data2\" content=\"3 minutos\" \/>\n<script type=\"application\/ld+json\" class=\"yoast-schema-graph\">{\"@context\":\"https:\\\/\\\/schema.org\",\"@graph\":[{\"@type\":\"Article\",\"@id\":\"https:\\\/\\\/lospoliticosveracruz.com\\\/?p=14030#article\",\"isPartOf\":{\"@id\":\"https:\\\/\\\/lospoliticosveracruz.com\\\/?p=14030\"},\"author\":{\"name\":\"Lo viste en Los Pol\u00edticos\",\"@id\":\"https:\\\/\\\/lospoliticosveracruz.com\\\/#\\\/schema\\\/person\\\/b8702bb0e538456e6efd07080bf2a4a2\"},\"headline\":\"Y nosotros nom\u00e1s milando\",\"datePublished\":\"2014-12-09T16:17:20+00:00\",\"mainEntityOfPage\":{\"@id\":\"https:\\\/\\\/lospoliticosveracruz.com\\\/?p=14030\"},\"wordCount\":611,\"commentCount\":0,\"publisher\":{\"@id\":\"https:\\\/\\\/lospoliticosveracruz.com\\\/#organization\"},\"image\":{\"@id\":\"https:\\\/\\\/lospoliticosveracruz.com\\\/?p=14030#primaryimage\"},\"thumbnailUrl\":\"http:\\\/\\\/www.lospoliticosveracruz.com.mx\\\/wp-content\\\/uploads\\\/2014\\\/12\\\/corrupcion-mexico-300x156.jpg\",\"keywords\":[\"Enrique Pe\u00f1a Nieto\",\"Indice de Percepci\u00f3n de la Corrupci\u00f3n 2014\",\"M\u00e9xico\",\"Transparencia Internacional\"],\"articleSection\":[\"De Opini\u00f3n\"],\"inLanguage\":\"es\",\"potentialAction\":[{\"@type\":\"CommentAction\",\"name\":\"Comment\",\"target\":[\"https:\\\/\\\/lospoliticosveracruz.com\\\/?p=14030#respond\"]}]},{\"@type\":\"WebPage\",\"@id\":\"https:\\\/\\\/lospoliticosveracruz.com\\\/?p=14030\",\"url\":\"https:\\\/\\\/lospoliticosveracruz.com\\\/?p=14030\",\"name\":\"Y nosotros nom\u00e1s milando - Los pol\u00edticos Veracruz\",\"isPartOf\":{\"@id\":\"https:\\\/\\\/lospoliticosveracruz.com\\\/#website\"},\"primaryImageOfPage\":{\"@id\":\"https:\\\/\\\/lospoliticosveracruz.com\\\/?p=14030#primaryimage\"},\"image\":{\"@id\":\"https:\\\/\\\/lospoliticosveracruz.com\\\/?p=14030#primaryimage\"},\"thumbnailUrl\":\"http:\\\/\\\/www.lospoliticosveracruz.com.mx\\\/wp-content\\\/uploads\\\/2014\\\/12\\\/corrupcion-mexico-300x156.jpg\",\"datePublished\":\"2014-12-09T16:17:20+00:00\",\"breadcrumb\":{\"@id\":\"https:\\\/\\\/lospoliticosveracruz.com\\\/?p=14030#breadcrumb\"},\"inLanguage\":\"es\",\"potentialAction\":[{\"@type\":\"ReadAction\",\"target\":[\"https:\\\/\\\/lospoliticosveracruz.com\\\/?p=14030\"]}]},{\"@type\":\"ImageObject\",\"inLanguage\":\"es\",\"@id\":\"https:\\\/\\\/lospoliticosveracruz.com\\\/?p=14030#primaryimage\",\"url\":\"http:\\\/\\\/www.lospoliticosveracruz.com.mx\\\/wp-content\\\/uploads\\\/2014\\\/12\\\/corrupcion-mexico-300x156.jpg\",\"contentUrl\":\"http:\\\/\\\/www.lospoliticosveracruz.com.mx\\\/wp-content\\\/uploads\\\/2014\\\/12\\\/corrupcion-mexico-300x156.jpg\"},{\"@type\":\"BreadcrumbList\",\"@id\":\"https:\\\/\\\/lospoliticosveracruz.com\\\/?p=14030#breadcrumb\",\"itemListElement\":[{\"@type\":\"ListItem\",\"position\":1,\"name\":\"Portada\",\"item\":\"https:\\\/\\\/lospoliticosveracruz.com\\\/\"},{\"@type\":\"ListItem\",\"position\":2,\"name\":\"Y nosotros nom\u00e1s milando\"}]},{\"@type\":\"WebSite\",\"@id\":\"https:\\\/\\\/lospoliticosveracruz.com\\\/#website\",\"url\":\"https:\\\/\\\/lospoliticosveracruz.com\\\/\",\"name\":\"Los pol\u00edticos Veracruz\",\"description\":\"\",\"publisher\":{\"@id\":\"https:\\\/\\\/lospoliticosveracruz.com\\\/#organization\"},\"potentialAction\":[{\"@type\":\"SearchAction\",\"target\":{\"@type\":\"EntryPoint\",\"urlTemplate\":\"https:\\\/\\\/lospoliticosveracruz.com\\\/?s={search_term_string}\"},\"query-input\":{\"@type\":\"PropertyValueSpecification\",\"valueRequired\":true,\"valueName\":\"search_term_string\"}}],\"inLanguage\":\"es\"},{\"@type\":\"Organization\",\"@id\":\"https:\\\/\\\/lospoliticosveracruz.com\\\/#organization\",\"name\":\"Los pol\u00edticos Veracruz\",\"url\":\"https:\\\/\\\/lospoliticosveracruz.com\\\/\",\"logo\":{\"@type\":\"ImageObject\",\"inLanguage\":\"es\",\"@id\":\"https:\\\/\\\/lospoliticosveracruz.com\\\/#\\\/schema\\\/logo\\\/image\\\/\",\"url\":\"https:\\\/\\\/lospoliticosveracruz.com\\\/wp-content\\\/uploads\\\/2025\\\/12\\\/Logo-Nuevo-LOS-POLITICOS-1.jpg\",\"contentUrl\":\"https:\\\/\\\/lospoliticosveracruz.com\\\/wp-content\\\/uploads\\\/2025\\\/12\\\/Logo-Nuevo-LOS-POLITICOS-1.jpg\",\"width\":260,\"height\":70,\"caption\":\"Los pol\u00edticos Veracruz\"},\"image\":{\"@id\":\"https:\\\/\\\/lospoliticosveracruz.com\\\/#\\\/schema\\\/logo\\\/image\\\/\"},\"sameAs\":[\"https:\\\/\\\/www.facebook.com\\\/people\\\/Notimemes-de-los-Polticos\\\/61565672886568\\\/\",\"https:\\\/\\\/x.com\\\/LosPoliticosVer\"]},{\"@type\":\"Person\",\"@id\":\"https:\\\/\\\/lospoliticosveracruz.com\\\/#\\\/schema\\\/person\\\/b8702bb0e538456e6efd07080bf2a4a2\",\"name\":\"Lo viste en Los Pol\u00edticos\",\"image\":{\"@type\":\"ImageObject\",\"inLanguage\":\"es\",\"@id\":\"https:\\\/\\\/secure.gravatar.com\\\/avatar\\\/3a8de04a2656d44082be478bd6c086daa447c4651605818287b9532d3d0bd435?s=96&d=mm&r=g\",\"url\":\"https:\\\/\\\/secure.gravatar.com\\\/avatar\\\/3a8de04a2656d44082be478bd6c086daa447c4651605818287b9532d3d0bd435?s=96&d=mm&r=g\",\"contentUrl\":\"https:\\\/\\\/secure.gravatar.com\\\/avatar\\\/3a8de04a2656d44082be478bd6c086daa447c4651605818287b9532d3d0bd435?s=96&d=mm&r=g\",\"caption\":\"Lo viste en Los Pol\u00edticos\"},\"url\":\"https:\\\/\\\/lospoliticosveracruz.com\\\/?author=2\"}]}<\/script>\n<!-- \/ Yoast SEO plugin. -->","yoast_head_json":{"title":"Y nosotros nom\u00e1s milando - Los pol\u00edticos Veracruz","robots":{"index":"index","follow":"follow","max-snippet":"max-snippet:-1","max-image-preview":"max-image-preview:large","max-video-preview":"max-video-preview:-1"},"canonical":"https:\/\/lospoliticosveracruz.com\/?p=14030","og_locale":"es_ES","og_type":"article","og_title":"Y nosotros nom\u00e1s milando - Los pol\u00edticos Veracruz","og_description":"Jorge Arturo Rodr\u00edguez Tierra de Babel &nbsp; No hace falta ir a las estad\u00edsticas; lo vivimos diariamente: corrupci\u00f3n, impunidad, influyentismo, inseguridad y un etc\u00e9tera que termina en \u201cestamos de la chingada\u201d. Por donde se quiera verlo. Negarlo u ocultarlo s\u00f3lo agrava la situaci\u00f3n. Seg\u00fan el Indice de Percepci\u00f3n de la Corrupci\u00f3n 2014, elaborado por Transparencia [&hellip;]","og_url":"https:\/\/lospoliticosveracruz.com\/?p=14030","og_site_name":"Los pol\u00edticos Veracruz","article_publisher":"https:\/\/www.facebook.com\/people\/Notimemes-de-los-Polticos\/61565672886568\/","article_published_time":"2014-12-09T16:17:20+00:00","og_image":[{"url":"http:\/\/www.lospoliticosveracruz.com.mx\/wp-content\/uploads\/2014\/12\/corrupcion-mexico-300x156.jpg","type":"","width":"","height":""}],"author":"Lo viste en Los Pol\u00edticos","twitter_card":"summary_large_image","twitter_creator":"@LosPoliticosVer","twitter_site":"@LosPoliticosVer","twitter_misc":{"Escrito por":"Lo viste en Los Pol\u00edticos","Tiempo de lectura":"3 minutos"},"schema":{"@context":"https:\/\/schema.org","@graph":[{"@type":"Article","@id":"https:\/\/lospoliticosveracruz.com\/?p=14030#article","isPartOf":{"@id":"https:\/\/lospoliticosveracruz.com\/?p=14030"},"author":{"name":"Lo viste en Los Pol\u00edticos","@id":"https:\/\/lospoliticosveracruz.com\/#\/schema\/person\/b8702bb0e538456e6efd07080bf2a4a2"},"headline":"Y nosotros nom\u00e1s milando","datePublished":"2014-12-09T16:17:20+00:00","mainEntityOfPage":{"@id":"https:\/\/lospoliticosveracruz.com\/?p=14030"},"wordCount":611,"commentCount":0,"publisher":{"@id":"https:\/\/lospoliticosveracruz.com\/#organization"},"image":{"@id":"https:\/\/lospoliticosveracruz.com\/?p=14030#primaryimage"},"thumbnailUrl":"http:\/\/www.lospoliticosveracruz.com.mx\/wp-content\/uploads\/2014\/12\/corrupcion-mexico-300x156.jpg","keywords":["Enrique Pe\u00f1a Nieto","Indice de Percepci\u00f3n de la Corrupci\u00f3n 2014","M\u00e9xico","Transparencia Internacional"],"articleSection":["De Opini\u00f3n"],"inLanguage":"es","potentialAction":[{"@type":"CommentAction","name":"Comment","target":["https:\/\/lospoliticosveracruz.com\/?p=14030#respond"]}]},{"@type":"WebPage","@id":"https:\/\/lospoliticosveracruz.com\/?p=14030","url":"https:\/\/lospoliticosveracruz.com\/?p=14030","name":"Y nosotros nom\u00e1s milando - Los pol\u00edticos Veracruz","isPartOf":{"@id":"https:\/\/lospoliticosveracruz.com\/#website"},"primaryImageOfPage":{"@id":"https:\/\/lospoliticosveracruz.com\/?p=14030#primaryimage"},"image":{"@id":"https:\/\/lospoliticosveracruz.com\/?p=14030#primaryimage"},"thumbnailUrl":"http:\/\/www.lospoliticosveracruz.com.mx\/wp-content\/uploads\/2014\/12\/corrupcion-mexico-300x156.jpg","datePublished":"2014-12-09T16:17:20+00:00","breadcrumb":{"@id":"https:\/\/lospoliticosveracruz.com\/?p=14030#breadcrumb"},"inLanguage":"es","potentialAction":[{"@type":"ReadAction","target":["https:\/\/lospoliticosveracruz.com\/?p=14030"]}]},{"@type":"ImageObject","inLanguage":"es","@id":"https:\/\/lospoliticosveracruz.com\/?p=14030#primaryimage","url":"http:\/\/www.lospoliticosveracruz.com.mx\/wp-content\/uploads\/2014\/12\/corrupcion-mexico-300x156.jpg","contentUrl":"http:\/\/www.lospoliticosveracruz.com.mx\/wp-content\/uploads\/2014\/12\/corrupcion-mexico-300x156.jpg"},{"@type":"BreadcrumbList","@id":"https:\/\/lospoliticosveracruz.com\/?p=14030#breadcrumb","itemListElement":[{"@type":"ListItem","position":1,"name":"Portada","item":"https:\/\/lospoliticosveracruz.com\/"},{"@type":"ListItem","position":2,"name":"Y nosotros nom\u00e1s milando"}]},{"@type":"WebSite","@id":"https:\/\/lospoliticosveracruz.com\/#website","url":"https:\/\/lospoliticosveracruz.com\/","name":"Los pol\u00edticos Veracruz","description":"","publisher":{"@id":"https:\/\/lospoliticosveracruz.com\/#organization"},"potentialAction":[{"@type":"SearchAction","target":{"@type":"EntryPoint","urlTemplate":"https:\/\/lospoliticosveracruz.com\/?s={search_term_string}"},"query-input":{"@type":"PropertyValueSpecification","valueRequired":true,"valueName":"search_term_string"}}],"inLanguage":"es"},{"@type":"Organization","@id":"https:\/\/lospoliticosveracruz.com\/#organization","name":"Los pol\u00edticos Veracruz","url":"https:\/\/lospoliticosveracruz.com\/","logo":{"@type":"ImageObject","inLanguage":"es","@id":"https:\/\/lospoliticosveracruz.com\/#\/schema\/logo\/image\/","url":"https:\/\/lospoliticosveracruz.com\/wp-content\/uploads\/2025\/12\/Logo-Nuevo-LOS-POLITICOS-1.jpg","contentUrl":"https:\/\/lospoliticosveracruz.com\/wp-content\/uploads\/2025\/12\/Logo-Nuevo-LOS-POLITICOS-1.jpg","width":260,"height":70,"caption":"Los pol\u00edticos Veracruz"},"image":{"@id":"https:\/\/lospoliticosveracruz.com\/#\/schema\/logo\/image\/"},"sameAs":["https:\/\/www.facebook.com\/people\/Notimemes-de-los-Polticos\/61565672886568\/","https:\/\/x.com\/LosPoliticosVer"]},{"@type":"Person","@id":"https:\/\/lospoliticosveracruz.com\/#\/schema\/person\/b8702bb0e538456e6efd07080bf2a4a2","name":"Lo viste en Los Pol\u00edticos","image":{"@type":"ImageObject","inLanguage":"es","@id":"https:\/\/secure.gravatar.com\/avatar\/3a8de04a2656d44082be478bd6c086daa447c4651605818287b9532d3d0bd435?s=96&d=mm&r=g","url":"https:\/\/secure.gravatar.com\/avatar\/3a8de04a2656d44082be478bd6c086daa447c4651605818287b9532d3d0bd435?s=96&d=mm&r=g","contentUrl":"https:\/\/secure.gravatar.com\/avatar\/3a8de04a2656d44082be478bd6c086daa447c4651605818287b9532d3d0bd435?s=96&d=mm&r=g","caption":"Lo viste en Los Pol\u00edticos"},"url":"https:\/\/lospoliticosveracruz.com\/?author=2"}]}},"_links":{"self":[{"href":"https:\/\/lospoliticosveracruz.com\/index.php?rest_route=\/wp\/v2\/posts\/14030","targetHints":{"allow":["GET"]}}],"collection":[{"href":"https:\/\/lospoliticosveracruz.com\/index.php?rest_route=\/wp\/v2\/posts"}],"about":[{"href":"https:\/\/lospoliticosveracruz.com\/index.php?rest_route=\/wp\/v2\/types\/post"}],"author":[{"embeddable":true,"href":"https:\/\/lospoliticosveracruz.com\/index.php?rest_route=\/wp\/v2\/users\/2"}],"replies":[{"embeddable":true,"href":"https:\/\/lospoliticosveracruz.com\/index.php?rest_route=%2Fwp%2Fv2%2Fcomments&post=14030"}],"version-history":[{"count":2,"href":"https:\/\/lospoliticosveracruz.com\/index.php?rest_route=\/wp\/v2\/posts\/14030\/revisions"}],"predecessor-version":[{"id":14033,"href":"https:\/\/lospoliticosveracruz.com\/index.php?rest_route=\/wp\/v2\/posts\/14030\/revisions\/14033"}],"wp:attachment":[{"href":"https:\/\/lospoliticosveracruz.com\/index.php?rest_route=%2Fwp%2Fv2%2Fmedia&parent=14030"}],"wp:term":[{"taxonomy":"category","embeddable":true,"href":"https:\/\/lospoliticosveracruz.com\/index.php?rest_route=%2Fwp%2Fv2%2Fcategories&post=14030"},{"taxonomy":"post_tag","embeddable":true,"href":"https:\/\/lospoliticosveracruz.com\/index.php?rest_route=%2Fwp%2Fv2%2Ftags&post=14030"}],"curies":[{"name":"wp","href":"https:\/\/api.w.org\/{rel}","templated":true}]}}