{"id":140300,"date":"2025-03-24T07:19:46","date_gmt":"2025-03-24T13:19:46","guid":{"rendered":"https:\/\/lospoliticosveracruz.com.mx\/?p=140300"},"modified":"2025-03-24T07:20:17","modified_gmt":"2025-03-24T13:20:17","slug":"le-llueve-en-su-milpa","status":"publish","type":"post","link":"https:\/\/lospoliticosveracruz.com\/?p=140300","title":{"rendered":"LE LLUEVE EN SU MILPA!"},"content":{"rendered":"\n<p>[S\u00edguenos ahora tambi\u00e9n en WhatsApp.\u00a0<a href=\"https:\/\/whatsapp.com\/channel\/0029Va8zRWlEKyZIP3Z1dF0e\"><strong><em>Da clic aqu\u00ed<\/em><\/strong><\/a>]\u00a0<\/p>\n\n\n\n<p><strong>Oved Contreras<\/strong><\/p>\n\n\n\n<p><em>Secas Mecas<\/em><\/p>\n\n\n\n<p>Ya pas\u00f3 la euforia del nombramiento del empresario Manuel Alonso Cerezo como promotor de la Cuarta Transformaci\u00f3n en C\u00f3rdoba, pero al mu\u00f1ecote Zenyazen Escobar le llueve en su milpa por todos los desmanes que hizo durante su encargo como secretario de Educaci\u00f3n de Veracruz\u2026una obra que incluso exhibi\u00f3 en espectaculares publicitarios, fue la construcci\u00f3n del Campus C\u00f3rdoba de la Universidad Tecnol\u00f3gica de Veracruz (UTCV) que le fue entregada a la \u201cConstructora Inmobiliaria Perlo SA de CV.<\/p>\n\n\n\n<p>Dicha obra debi\u00f3 estar concluida desde el 14 de febrero y hasta la fecha est\u00e1 en obra negra con un avance que no llega ni al 50 por ciento\u2026se comprometieron recursos por 18 millones 500 mil pesos y la obra fue contratada desde el 16 de agosto de 2024 por el Instituto de Espacios Educativos que estaba controlado por el operador financiero del mu\u00f1ecote, Ricardo Garc\u00eda Jim\u00e9nez, para que el Zenyi pudiera anunciarla como su \u201cprimera acci\u00f3n\u201d en C\u00f3rdoba, se coloc\u00f3 la primera piedra el 5 de octubre de 2024.<\/p>\n\n\n\n<p>Seg\u00fan el contrato, la constructora ten\u00eda 90 d\u00edas para acabar la obra de construcci\u00f3n de 2 edificios y obra exterior del Campus C\u00f3rdoba de la UTCV, se venci\u00f3 la fecha legal del contrato (14 de febrero), pero adem\u00e1s del 5 de octubre a la fecha ya transcurrieron 167 d\u00edas naturales y no lleva ni la mitad de los trabajos\u2026como arranque de obra le liberaron cerca de 9 millones de pesos.<\/p>\n\n\n\n<p>La escuela se construye en Tapia, frente a las casas de Homex, y sus escrituras fueron entregadas al Rector de la UTCV el 14 de mayo de 2024, pero a la par del atraso en la obra, el sitio carece de los m\u00e1s elementales servicios para la operaci\u00f3n de la escuela\u2026hay evidentemente una mano que encubre desde la dirigencia estatal de Morena al diputado federal por C\u00f3rdoba y hay fuertes intereses para no proceder contra el mu\u00f1ecote.<\/p>\n\n\n\n<p>CLAMAN JUSTICIA\u2026los mexicanos claman justicia y transparencia ante ola de violencia e impunidad, expuso en su comunicado de este domingo la Arquidi\u00f3cesis de Xalapa, que encabeza el arzobispo Jorge Carlos Patr\u00f3n Wong, adem\u00e1s de que critic\u00f3 la situaci\u00f3n del pa\u00eds en materia de empleo, seguridad y salud.<\/p>\n\n\n\n<p>En la actualidad, refiri\u00f3 que toda la sociedad busca empleos formales y bien pagados para vivir digna y honestamente y se encuentra, no obstante, con trabajos mal remunerados, adem\u00e1s mucha gente clama justicia y transparencia ante la ola de violencia e impunidad y se topa, regularmente, con conductas evasivas de parte de las personas de las instituciones p\u00fablicas de seguridad.<\/p>\n\n\n\n<p>La Arquidi\u00f3cesis de Xalapa destac\u00f3 la que \u201cmuchos enfermos de M\u00e9xico y Veracruz necesitan medicamentos para aliviar sus padecimientos y, preferentemente, se topan con instituciones de salud que tienen desabasto permanente de medicinas necesarias para el restablecimiento de estas personas enfermas\u201d.<\/p>\n\n\n\n<p>Expuso que las instituciones de todo tipo son el reflejo de cada persona que labora en ellas, y cada ciudadano merece tener la promoci\u00f3n humana y la dignificaci\u00f3n personal, para desarrollar salud f\u00edsica y espiritual que sostengan la salud y la armon\u00eda de todas las instituciones del pa\u00eds, hasta alcanzar una sociedad madura y solidaria en M\u00e9xico\u2026el comunicado concluye que ya es tiempo de sembrar en el campo de la justicia social y del bien com\u00fan para que todos cosechemos buenos resultados.<\/p>\n\n\n\n<p>NO TIENE LA CULPA EL INDIO\u2026vaya cinismo de Celestino Rivera quien en 2011 fue detenido en flagrancia tras haber abusado de un menor de edad y en las im\u00e1genes que todav\u00eda rolan en la internet, el sujeto aparece desnudo arriba de una patrulla de la Secretar\u00eda de Seguridad P\u00fablica\u2026ahora el sujeto se defiende de quienes cuestionan que un agresor sexual pueda acceder al poder.<\/p>\n\n\n\n<p>Celestino Rivera asegura que tiene el nombramiento del Partido Verde Ecologista como promotor de la Cuarta Transformaci\u00f3n en Tempoal y que su situaci\u00f3n legal le permite participar en el proceso electoral y contender por un cargo de elecci\u00f3n popular. Y de su detenci\u00f3n en 2011, responde que tras un proceso de cinco a\u00f1os, la justicia lo absolvi\u00f3 completamente.<\/p>\n\n\n\n<p>Refiere que el Poder Judicial de Veracruz y el Poder Judicial de M\u00e9xico investigaron, reunieron pruebas, entrevistas y todo lo necesario para determinar su situaci\u00f3n legal, y luego de cinco a\u00f1os, fue absuelto totalmente incluso ense\u00f1\u00f3 a los medios de comunicaci\u00f3n presentes en su conferencia la boleta de libertad absoluta, lo que significa que no tiene antecedentes penales y que siempre fue inocente.<\/p>\n\n\n\n<p>El aspirante del Verde Ecologista tambi\u00e9n mostr\u00f3 cartas de antecedentes no penales tanto del estado como del \u00e1mbito federal, afirmando que su expediente est\u00e1 limpio y que legalmente puede participar en el proceso electoral, y que si algunas p\u00e1ginas y personas hacen comentarios irresponsables, no pueden estar por encima de la sentencia del Poder Judicial\u2026.as\u00ed estar\u00eda la justicia en los tiempos de Javier Duarte, que pese a los hechos, lo soltaron y le dieron hasta su carta de buena conducta\u2026pero all\u00e1 el Verde Ecologista si mantiene su postura de hacerlo alcalde de Tempoal.<\/p>\n\n\n\n<p>&#8212;<\/p>\n\n\n\n<p>@ovedcontreras<\/p>\n","protected":false},"excerpt":{"rendered":"<p>[S\u00edguenos ahora tambi\u00e9n en WhatsApp.\u00a0Da clic aqu\u00ed]\u00a0 Oved Contreras Secas Mecas Ya pas\u00f3 la euforia del nombramiento del empresario Manuel Alonso Cerezo como promotor de la Cuarta Transformaci\u00f3n en C\u00f3rdoba, pero al mu\u00f1ecote Zenyazen Escobar le llueve en su milpa por todos los desmanes que hizo durante su encargo como secretario de Educaci\u00f3n de Veracruz\u2026una [&hellip;]<\/p>\n","protected":false},"author":2,"featured_media":119816,"comment_status":"closed","ping_status":"closed","sticky":false,"template":"","format":"standard","meta":{"tdm_status":"","tdm_grid_status":"","footnotes":""},"categories":[70],"tags":[618,36966,43307,1026,195],"class_list":{"0":"post-140300","1":"post","2":"type-post","3":"status-publish","4":"format-standard","5":"has-post-thumbnail","7":"category-de-opinion","8":"tag-andres-manuel-lopez-obrador","9":"tag-celestino-rivera","10":"tag-jorge-patron-wong","11":"tag-morena","12":"tag-veracruz"},"yoast_head":"<!-- This site is optimized with the Yoast SEO plugin v27.4 - https:\/\/yoast.com\/product\/yoast-seo-wordpress\/ -->\n<title>LE LLUEVE EN SU MILPA! - Los pol\u00edticos Veracruz<\/title>\n<meta name=\"robots\" content=\"index, follow, max-snippet:-1, max-image-preview:large, max-video-preview:-1\" \/>\n<link rel=\"canonical\" href=\"https:\/\/lospoliticosveracruz.com\/?p=140300\" \/>\n<meta property=\"og:locale\" content=\"es_ES\" \/>\n<meta property=\"og:type\" content=\"article\" \/>\n<meta property=\"og:title\" content=\"LE LLUEVE EN SU MILPA! - Los pol\u00edticos Veracruz\" \/>\n<meta property=\"og:description\" content=\"[S\u00edguenos ahora tambi\u00e9n en WhatsApp.\u00a0Da clic aqu\u00ed]\u00a0 Oved Contreras Secas Mecas Ya pas\u00f3 la euforia del nombramiento del empresario Manuel Alonso Cerezo como promotor de la Cuarta Transformaci\u00f3n en C\u00f3rdoba, pero al mu\u00f1ecote Zenyazen Escobar le llueve en su milpa por todos los desmanes que hizo durante su encargo como secretario de Educaci\u00f3n de Veracruz\u2026una [&hellip;]\" \/>\n<meta property=\"og:url\" content=\"https:\/\/lospoliticosveracruz.com\/?p=140300\" \/>\n<meta property=\"og:site_name\" content=\"Los pol\u00edticos Veracruz\" \/>\n<meta property=\"article:publisher\" content=\"https:\/\/www.facebook.com\/people\/Notimemes-de-los-Polticos\/61565672886568\/\" \/>\n<meta property=\"article:published_time\" content=\"2025-03-24T13:19:46+00:00\" \/>\n<meta property=\"article:modified_time\" content=\"2025-03-24T13:20:17+00:00\" \/>\n<meta property=\"og:image\" content=\"https:\/\/lospoliticosveracruz.com\/wp-content\/uploads\/2024\/03\/Oved-Contreras.jpg\" \/>\n\t<meta property=\"og:image:width\" content=\"1250\" \/>\n\t<meta property=\"og:image:height\" content=\"667\" \/>\n\t<meta property=\"og:image:type\" content=\"image\/jpeg\" \/>\n<meta name=\"author\" content=\"Lo viste en Los Pol\u00edticos\" \/>\n<meta name=\"twitter:card\" content=\"summary_large_image\" \/>\n<meta name=\"twitter:creator\" content=\"@LosPoliticosVer\" \/>\n<meta name=\"twitter:site\" content=\"@LosPoliticosVer\" \/>\n<meta name=\"twitter:label1\" content=\"Escrito por\" \/>\n\t<meta name=\"twitter:data1\" content=\"Lo viste en Los Pol\u00edticos\" \/>\n\t<meta name=\"twitter:label2\" content=\"Tiempo de lectura\" \/>\n\t<meta name=\"twitter:data2\" content=\"4 minutos\" \/>\n<script type=\"application\/ld+json\" class=\"yoast-schema-graph\">{\"@context\":\"https:\\\/\\\/schema.org\",\"@graph\":[{\"@type\":\"Article\",\"@id\":\"https:\\\/\\\/lospoliticosveracruz.com\\\/?p=140300#article\",\"isPartOf\":{\"@id\":\"https:\\\/\\\/lospoliticosveracruz.com\\\/?p=140300\"},\"author\":{\"name\":\"Lo viste en Los Pol\u00edticos\",\"@id\":\"https:\\\/\\\/lospoliticosveracruz.com\\\/#\\\/schema\\\/person\\\/b8702bb0e538456e6efd07080bf2a4a2\"},\"headline\":\"LE LLUEVE EN SU MILPA!\",\"datePublished\":\"2025-03-24T13:19:46+00:00\",\"dateModified\":\"2025-03-24T13:20:17+00:00\",\"mainEntityOfPage\":{\"@id\":\"https:\\\/\\\/lospoliticosveracruz.com\\\/?p=140300\"},\"wordCount\":889,\"publisher\":{\"@id\":\"https:\\\/\\\/lospoliticosveracruz.com\\\/#organization\"},\"image\":{\"@id\":\"https:\\\/\\\/lospoliticosveracruz.com\\\/?p=140300#primaryimage\"},\"thumbnailUrl\":\"https:\\\/\\\/lospoliticosveracruz.com\\\/wp-content\\\/uploads\\\/2024\\\/03\\\/Oved-Contreras.jpg\",\"keywords\":[\"Andr\u00e9s Manuel L\u00f3pez Obrador\",\"Celestino Rivera\",\"Jorge Patr\u00f3n Wong\",\"Morena\",\"Veracruz\"],\"articleSection\":[\"De Opini\u00f3n\"],\"inLanguage\":\"es\"},{\"@type\":\"WebPage\",\"@id\":\"https:\\\/\\\/lospoliticosveracruz.com\\\/?p=140300\",\"url\":\"https:\\\/\\\/lospoliticosveracruz.com\\\/?p=140300\",\"name\":\"LE LLUEVE EN SU MILPA! - Los pol\u00edticos Veracruz\",\"isPartOf\":{\"@id\":\"https:\\\/\\\/lospoliticosveracruz.com\\\/#website\"},\"primaryImageOfPage\":{\"@id\":\"https:\\\/\\\/lospoliticosveracruz.com\\\/?p=140300#primaryimage\"},\"image\":{\"@id\":\"https:\\\/\\\/lospoliticosveracruz.com\\\/?p=140300#primaryimage\"},\"thumbnailUrl\":\"https:\\\/\\\/lospoliticosveracruz.com\\\/wp-content\\\/uploads\\\/2024\\\/03\\\/Oved-Contreras.jpg\",\"datePublished\":\"2025-03-24T13:19:46+00:00\",\"dateModified\":\"2025-03-24T13:20:17+00:00\",\"breadcrumb\":{\"@id\":\"https:\\\/\\\/lospoliticosveracruz.com\\\/?p=140300#breadcrumb\"},\"inLanguage\":\"es\",\"potentialAction\":[{\"@type\":\"ReadAction\",\"target\":[\"https:\\\/\\\/lospoliticosveracruz.com\\\/?p=140300\"]}]},{\"@type\":\"ImageObject\",\"inLanguage\":\"es\",\"@id\":\"https:\\\/\\\/lospoliticosveracruz.com\\\/?p=140300#primaryimage\",\"url\":\"https:\\\/\\\/lospoliticosveracruz.com\\\/wp-content\\\/uploads\\\/2024\\\/03\\\/Oved-Contreras.jpg\",\"contentUrl\":\"https:\\\/\\\/lospoliticosveracruz.com\\\/wp-content\\\/uploads\\\/2024\\\/03\\\/Oved-Contreras.jpg\",\"width\":1250,\"height\":667},{\"@type\":\"BreadcrumbList\",\"@id\":\"https:\\\/\\\/lospoliticosveracruz.com\\\/?p=140300#breadcrumb\",\"itemListElement\":[{\"@type\":\"ListItem\",\"position\":1,\"name\":\"Portada\",\"item\":\"https:\\\/\\\/lospoliticosveracruz.com\\\/\"},{\"@type\":\"ListItem\",\"position\":2,\"name\":\"LE LLUEVE EN SU MILPA!\"}]},{\"@type\":\"WebSite\",\"@id\":\"https:\\\/\\\/lospoliticosveracruz.com\\\/#website\",\"url\":\"https:\\\/\\\/lospoliticosveracruz.com\\\/\",\"name\":\"Los pol\u00edticos Veracruz\",\"description\":\"\",\"publisher\":{\"@id\":\"https:\\\/\\\/lospoliticosveracruz.com\\\/#organization\"},\"potentialAction\":[{\"@type\":\"SearchAction\",\"target\":{\"@type\":\"EntryPoint\",\"urlTemplate\":\"https:\\\/\\\/lospoliticosveracruz.com\\\/?s={search_term_string}\"},\"query-input\":{\"@type\":\"PropertyValueSpecification\",\"valueRequired\":true,\"valueName\":\"search_term_string\"}}],\"inLanguage\":\"es\"},{\"@type\":\"Organization\",\"@id\":\"https:\\\/\\\/lospoliticosveracruz.com\\\/#organization\",\"name\":\"Los pol\u00edticos Veracruz\",\"url\":\"https:\\\/\\\/lospoliticosveracruz.com\\\/\",\"logo\":{\"@type\":\"ImageObject\",\"inLanguage\":\"es\",\"@id\":\"https:\\\/\\\/lospoliticosveracruz.com\\\/#\\\/schema\\\/logo\\\/image\\\/\",\"url\":\"https:\\\/\\\/lospoliticosveracruz.com\\\/wp-content\\\/uploads\\\/2025\\\/12\\\/Logo-Nuevo-LOS-POLITICOS-1.jpg\",\"contentUrl\":\"https:\\\/\\\/lospoliticosveracruz.com\\\/wp-content\\\/uploads\\\/2025\\\/12\\\/Logo-Nuevo-LOS-POLITICOS-1.jpg\",\"width\":260,\"height\":70,\"caption\":\"Los pol\u00edticos Veracruz\"},\"image\":{\"@id\":\"https:\\\/\\\/lospoliticosveracruz.com\\\/#\\\/schema\\\/logo\\\/image\\\/\"},\"sameAs\":[\"https:\\\/\\\/www.facebook.com\\\/people\\\/Notimemes-de-los-Polticos\\\/61565672886568\\\/\",\"https:\\\/\\\/x.com\\\/LosPoliticosVer\"]},{\"@type\":\"Person\",\"@id\":\"https:\\\/\\\/lospoliticosveracruz.com\\\/#\\\/schema\\\/person\\\/b8702bb0e538456e6efd07080bf2a4a2\",\"name\":\"Lo viste en Los Pol\u00edticos\",\"image\":{\"@type\":\"ImageObject\",\"inLanguage\":\"es\",\"@id\":\"https:\\\/\\\/secure.gravatar.com\\\/avatar\\\/3a8de04a2656d44082be478bd6c086daa447c4651605818287b9532d3d0bd435?s=96&d=mm&r=g\",\"url\":\"https:\\\/\\\/secure.gravatar.com\\\/avatar\\\/3a8de04a2656d44082be478bd6c086daa447c4651605818287b9532d3d0bd435?s=96&d=mm&r=g\",\"contentUrl\":\"https:\\\/\\\/secure.gravatar.com\\\/avatar\\\/3a8de04a2656d44082be478bd6c086daa447c4651605818287b9532d3d0bd435?s=96&d=mm&r=g\",\"caption\":\"Lo viste en Los Pol\u00edticos\"},\"url\":\"https:\\\/\\\/lospoliticosveracruz.com\\\/?author=2\"}]}<\/script>\n<!-- \/ Yoast SEO plugin. -->","yoast_head_json":{"title":"LE LLUEVE EN SU MILPA! - Los pol\u00edticos Veracruz","robots":{"index":"index","follow":"follow","max-snippet":"max-snippet:-1","max-image-preview":"max-image-preview:large","max-video-preview":"max-video-preview:-1"},"canonical":"https:\/\/lospoliticosveracruz.com\/?p=140300","og_locale":"es_ES","og_type":"article","og_title":"LE LLUEVE EN SU MILPA! - Los pol\u00edticos Veracruz","og_description":"[S\u00edguenos ahora tambi\u00e9n en WhatsApp.\u00a0Da clic aqu\u00ed]\u00a0 Oved Contreras Secas Mecas Ya pas\u00f3 la euforia del nombramiento del empresario Manuel Alonso Cerezo como promotor de la Cuarta Transformaci\u00f3n en C\u00f3rdoba, pero al mu\u00f1ecote Zenyazen Escobar le llueve en su milpa por todos los desmanes que hizo durante su encargo como secretario de Educaci\u00f3n de Veracruz\u2026una [&hellip;]","og_url":"https:\/\/lospoliticosveracruz.com\/?p=140300","og_site_name":"Los pol\u00edticos Veracruz","article_publisher":"https:\/\/www.facebook.com\/people\/Notimemes-de-los-Polticos\/61565672886568\/","article_published_time":"2025-03-24T13:19:46+00:00","article_modified_time":"2025-03-24T13:20:17+00:00","og_image":[{"width":1250,"height":667,"url":"https:\/\/lospoliticosveracruz.com\/wp-content\/uploads\/2024\/03\/Oved-Contreras.jpg","type":"image\/jpeg"}],"author":"Lo viste en Los Pol\u00edticos","twitter_card":"summary_large_image","twitter_creator":"@LosPoliticosVer","twitter_site":"@LosPoliticosVer","twitter_misc":{"Escrito por":"Lo viste en Los Pol\u00edticos","Tiempo de lectura":"4 minutos"},"schema":{"@context":"https:\/\/schema.org","@graph":[{"@type":"Article","@id":"https:\/\/lospoliticosveracruz.com\/?p=140300#article","isPartOf":{"@id":"https:\/\/lospoliticosveracruz.com\/?p=140300"},"author":{"name":"Lo viste en Los Pol\u00edticos","@id":"https:\/\/lospoliticosveracruz.com\/#\/schema\/person\/b8702bb0e538456e6efd07080bf2a4a2"},"headline":"LE LLUEVE EN SU MILPA!","datePublished":"2025-03-24T13:19:46+00:00","dateModified":"2025-03-24T13:20:17+00:00","mainEntityOfPage":{"@id":"https:\/\/lospoliticosveracruz.com\/?p=140300"},"wordCount":889,"publisher":{"@id":"https:\/\/lospoliticosveracruz.com\/#organization"},"image":{"@id":"https:\/\/lospoliticosveracruz.com\/?p=140300#primaryimage"},"thumbnailUrl":"https:\/\/lospoliticosveracruz.com\/wp-content\/uploads\/2024\/03\/Oved-Contreras.jpg","keywords":["Andr\u00e9s Manuel L\u00f3pez Obrador","Celestino Rivera","Jorge Patr\u00f3n Wong","Morena","Veracruz"],"articleSection":["De Opini\u00f3n"],"inLanguage":"es"},{"@type":"WebPage","@id":"https:\/\/lospoliticosveracruz.com\/?p=140300","url":"https:\/\/lospoliticosveracruz.com\/?p=140300","name":"LE LLUEVE EN SU MILPA! - Los pol\u00edticos Veracruz","isPartOf":{"@id":"https:\/\/lospoliticosveracruz.com\/#website"},"primaryImageOfPage":{"@id":"https:\/\/lospoliticosveracruz.com\/?p=140300#primaryimage"},"image":{"@id":"https:\/\/lospoliticosveracruz.com\/?p=140300#primaryimage"},"thumbnailUrl":"https:\/\/lospoliticosveracruz.com\/wp-content\/uploads\/2024\/03\/Oved-Contreras.jpg","datePublished":"2025-03-24T13:19:46+00:00","dateModified":"2025-03-24T13:20:17+00:00","breadcrumb":{"@id":"https:\/\/lospoliticosveracruz.com\/?p=140300#breadcrumb"},"inLanguage":"es","potentialAction":[{"@type":"ReadAction","target":["https:\/\/lospoliticosveracruz.com\/?p=140300"]}]},{"@type":"ImageObject","inLanguage":"es","@id":"https:\/\/lospoliticosveracruz.com\/?p=140300#primaryimage","url":"https:\/\/lospoliticosveracruz.com\/wp-content\/uploads\/2024\/03\/Oved-Contreras.jpg","contentUrl":"https:\/\/lospoliticosveracruz.com\/wp-content\/uploads\/2024\/03\/Oved-Contreras.jpg","width":1250,"height":667},{"@type":"BreadcrumbList","@id":"https:\/\/lospoliticosveracruz.com\/?p=140300#breadcrumb","itemListElement":[{"@type":"ListItem","position":1,"name":"Portada","item":"https:\/\/lospoliticosveracruz.com\/"},{"@type":"ListItem","position":2,"name":"LE LLUEVE EN SU MILPA!"}]},{"@type":"WebSite","@id":"https:\/\/lospoliticosveracruz.com\/#website","url":"https:\/\/lospoliticosveracruz.com\/","name":"Los pol\u00edticos Veracruz","description":"","publisher":{"@id":"https:\/\/lospoliticosveracruz.com\/#organization"},"potentialAction":[{"@type":"SearchAction","target":{"@type":"EntryPoint","urlTemplate":"https:\/\/lospoliticosveracruz.com\/?s={search_term_string}"},"query-input":{"@type":"PropertyValueSpecification","valueRequired":true,"valueName":"search_term_string"}}],"inLanguage":"es"},{"@type":"Organization","@id":"https:\/\/lospoliticosveracruz.com\/#organization","name":"Los pol\u00edticos Veracruz","url":"https:\/\/lospoliticosveracruz.com\/","logo":{"@type":"ImageObject","inLanguage":"es","@id":"https:\/\/lospoliticosveracruz.com\/#\/schema\/logo\/image\/","url":"https:\/\/lospoliticosveracruz.com\/wp-content\/uploads\/2025\/12\/Logo-Nuevo-LOS-POLITICOS-1.jpg","contentUrl":"https:\/\/lospoliticosveracruz.com\/wp-content\/uploads\/2025\/12\/Logo-Nuevo-LOS-POLITICOS-1.jpg","width":260,"height":70,"caption":"Los pol\u00edticos Veracruz"},"image":{"@id":"https:\/\/lospoliticosveracruz.com\/#\/schema\/logo\/image\/"},"sameAs":["https:\/\/www.facebook.com\/people\/Notimemes-de-los-Polticos\/61565672886568\/","https:\/\/x.com\/LosPoliticosVer"]},{"@type":"Person","@id":"https:\/\/lospoliticosveracruz.com\/#\/schema\/person\/b8702bb0e538456e6efd07080bf2a4a2","name":"Lo viste en Los Pol\u00edticos","image":{"@type":"ImageObject","inLanguage":"es","@id":"https:\/\/secure.gravatar.com\/avatar\/3a8de04a2656d44082be478bd6c086daa447c4651605818287b9532d3d0bd435?s=96&d=mm&r=g","url":"https:\/\/secure.gravatar.com\/avatar\/3a8de04a2656d44082be478bd6c086daa447c4651605818287b9532d3d0bd435?s=96&d=mm&r=g","contentUrl":"https:\/\/secure.gravatar.com\/avatar\/3a8de04a2656d44082be478bd6c086daa447c4651605818287b9532d3d0bd435?s=96&d=mm&r=g","caption":"Lo viste en Los Pol\u00edticos"},"url":"https:\/\/lospoliticosveracruz.com\/?author=2"}]}},"_links":{"self":[{"href":"https:\/\/lospoliticosveracruz.com\/index.php?rest_route=\/wp\/v2\/posts\/140300","targetHints":{"allow":["GET"]}}],"collection":[{"href":"https:\/\/lospoliticosveracruz.com\/index.php?rest_route=\/wp\/v2\/posts"}],"about":[{"href":"https:\/\/lospoliticosveracruz.com\/index.php?rest_route=\/wp\/v2\/types\/post"}],"author":[{"embeddable":true,"href":"https:\/\/lospoliticosveracruz.com\/index.php?rest_route=\/wp\/v2\/users\/2"}],"replies":[{"embeddable":true,"href":"https:\/\/lospoliticosveracruz.com\/index.php?rest_route=%2Fwp%2Fv2%2Fcomments&post=140300"}],"version-history":[{"count":1,"href":"https:\/\/lospoliticosveracruz.com\/index.php?rest_route=\/wp\/v2\/posts\/140300\/revisions"}],"predecessor-version":[{"id":140301,"href":"https:\/\/lospoliticosveracruz.com\/index.php?rest_route=\/wp\/v2\/posts\/140300\/revisions\/140301"}],"wp:featuredmedia":[{"embeddable":true,"href":"https:\/\/lospoliticosveracruz.com\/index.php?rest_route=\/wp\/v2\/media\/119816"}],"wp:attachment":[{"href":"https:\/\/lospoliticosveracruz.com\/index.php?rest_route=%2Fwp%2Fv2%2Fmedia&parent=140300"}],"wp:term":[{"taxonomy":"category","embeddable":true,"href":"https:\/\/lospoliticosveracruz.com\/index.php?rest_route=%2Fwp%2Fv2%2Fcategories&post=140300"},{"taxonomy":"post_tag","embeddable":true,"href":"https:\/\/lospoliticosveracruz.com\/index.php?rest_route=%2Fwp%2Fv2%2Ftags&post=140300"}],"curies":[{"name":"wp","href":"https:\/\/api.w.org\/{rel}","templated":true}]}}