{"id":140319,"date":"2025-03-24T14:59:00","date_gmt":"2025-03-24T20:59:00","guid":{"rendered":"https:\/\/lospoliticosveracruz.com.mx\/?p=140319"},"modified":"2025-03-24T10:47:50","modified_gmt":"2025-03-24T16:47:50","slug":"la-esperanza-de-nacho-gacho","status":"publish","type":"post","link":"https:\/\/lospoliticosveracruz.com\/?p=140319","title":{"rendered":"LA ESPERANZA DE NACHO GACHO"},"content":{"rendered":"\n<p><strong><a href=\"https:\/\/whatsapp.com\/channel\/0029Va8zRWlEKyZIP3Z1dF0e\">\u2002\u2002<strong>\u00danete a nuestro canal&nbsp;<\/strong>\u2002<\/a><\/strong><\/p>\n\n\n\n<p>\u00a1<strong>LOS POL\u00cdTICOS VERACRUZ<\/strong>&nbsp;ya est\u00e1 en WhatsApp!<\/p>\n\n\n\n<p><strong>Salvador Mu\u00f1oz<\/strong><\/p>\n\n\n\n<p><em>Los Pol\u00edticos<\/em><\/p>\n\n\n\n<p>En Morena Coatepec, todo iba bien! Era fiesta! El objetivo lo hab\u00edan logrado! El candidato no era Enrique Santos Mendoza\u2026 sino Nacho Luna\u2026 El siguiente paso, la planilla. Y cuando todo supon\u00eda armar la lista de regidores\u2026 sac\u00f3 el cobre el novel Promotor\u2026 traicion\u00f3 los acuerdos\u2026 minti\u00f3 a sus mismos aliados\u2026<\/p>\n\n\n\n<p>Las pl\u00e1ticas entre dos aspirantes a la candidatura por el municipio de Coatepec estaban dos objetivos: El primero, evitar que llegara Santos Mendoza; el segundo, que cualquiera de los dos que llegara a ser promotor (a), el segundo en las encuestas, ser\u00eda el S\u00edndico (a)&#8230; Las encuestas, de acuerdo a Morena nacional, favorecieron a Nacho Luna quedando en segundo lugar Arely Bonilla.<\/p>\n\n\n\n<p>El asunto es que Nacho Gacho le ten\u00eda preparada una sorpresa a Arely Bonilla: Le ofrec\u00eda la primera regidur\u00eda\u2026 \u00bfY la Sindicatura? Hay dos versiones:<\/p>\n\n\n\n<p>La primera: Que era una posici\u00f3n que entregar\u00eda la Gobernadora.<\/p>\n\n\n\n<p>La segunda: Nacho Gacho no tiene dinero, y tiene que invertir en la campa\u00f1a, \u00bfc\u00f3mo? Con alguien que tenga capital: Givette P\u00e9rez.<\/p>\n\n\n\n<p>A lo mejor el solo nombre de Givette P\u00e9rez poco diga para quienes estamos fuera del Pueblo M\u00e1gico, pero si agregamos que el padre de esta joven es Ernesto P\u00e9rez Astorga, se entienda mejor el inter\u00e9s de Nacho Gacho por tener como 2 a la hija del titular de Sedecop.<\/p>\n\n\n\n<p>Ahora, el ofrecer la primera regidur\u00eda por parte de Nacho Gacho a Arely Bonilla no suena m\u00e1s que a una trampa considerando que si acaso gana la elecci\u00f3n municipal, la primera regidur\u00eda corresponder\u00eda a un var\u00f3n; incluso, se habla de que all\u00ed entra Gabriel Z\u00fa\u00f1iga, representante de Morena ante el Consejo General del OPLE, por cierto, de quien dicen, ni vive en Coatepec.<\/p>\n\n\n\n<p>\u00bfLa segunda? se entiende que ah\u00ed podr\u00eda entrar Arely, aunque ese lugar corresponde a alguna de las damas que salieron insaculadas como aspirantes a regidores\u2026 y si nos atenemos a la lista, ser\u00eda Georgina Morales Aguilar; entonces, tenemos que pasar a la tercera regidur\u00eda que es para var\u00f3n: Aqu\u00ed entran las acciones afirmativas\u2026 y llevamos entonces a Arely hasta el cuarto lugar si no es que pasa otra cosa\u2026<\/p>\n\n\n\n<p>Por supuesto, hasta donde se sabe, Arely Bonilla no acept\u00f3 ni la propuesta, ni la mentira ni la traici\u00f3n de Nacho Gacho.<\/p>\n\n\n\n<p>Con ese panorama, Nacho Gacho perdi\u00f3 una aliada y gan\u00f3 un enemigo de peso completo; y no, no me refiero a Arely Bonilla, sino a Enrique Santos Mendoza quien sigue \u201cen campa\u00f1a\u201d, movi\u00e9ndose, en serie de actividades\u2026 porque todav\u00eda tiene un chance: PT.<\/p>\n\n\n\n<p>Enrique Santos, pues, se suma a la serie de malas relaciones que guarda Nacho Gacho en Coatepec:<\/p>\n\n\n\n<p>Tiene mala relaci\u00f3n con el alcalde Raymundo Andrade, quien por cierto, apoya al MC Edson Corona; tiene mala relaci\u00f3n con el diputado federal Gonz\u00e1lez Naveda; tiene mala relaci\u00f3n con Manuel Huerta; y ahora hasta con los Bonilla.<\/p>\n\n\n\n<p>Su esperanza est\u00e1 en Givette P\u00e9rez, aunque falta ver si Nacho Gacho le ofrece otras garant\u00edas a Ernesto P\u00e9rez Astorga que no sean la traici\u00f3n y la mentira, ups! dos preceptos que seg\u00fan rigen a los morenos.<\/p>\n","protected":false},"excerpt":{"rendered":"<p>\u2002\u2002\u00danete a nuestro canal&nbsp;\u2002 \u00a1LOS POL\u00cdTICOS VERACRUZ&nbsp;ya est\u00e1 en WhatsApp! Salvador Mu\u00f1oz Los Pol\u00edticos En Morena Coatepec, todo iba bien! Era fiesta! El objetivo lo hab\u00edan logrado! El candidato no era Enrique Santos Mendoza\u2026 sino Nacho Luna\u2026 El siguiente paso, la planilla. Y cuando todo supon\u00eda armar la lista de regidores\u2026 sac\u00f3 el cobre el [&hellip;]<\/p>\n","protected":false},"author":2,"featured_media":138112,"comment_status":"closed","ping_status":"closed","sticky":false,"template":"","format":"standard","meta":{"tdm_status":"","tdm_grid_status":"","footnotes":""},"categories":[70],"tags":[24638],"class_list":{"0":"post-140319","1":"post","2":"type-post","3":"status-publish","4":"format-standard","5":"has-post-thumbnail","7":"category-de-opinion","8":"tag-nacho-luna"},"yoast_head":"<!-- This site is optimized with the Yoast SEO plugin v27.4 - https:\/\/yoast.com\/product\/yoast-seo-wordpress\/ -->\n<title>LA ESPERANZA DE NACHO GACHO - Los pol\u00edticos Veracruz<\/title>\n<meta name=\"robots\" content=\"index, follow, max-snippet:-1, max-image-preview:large, max-video-preview:-1\" \/>\n<link rel=\"canonical\" href=\"https:\/\/lospoliticosveracruz.com\/?p=140319\" \/>\n<meta property=\"og:locale\" content=\"es_ES\" \/>\n<meta property=\"og:type\" content=\"article\" \/>\n<meta property=\"og:title\" content=\"LA ESPERANZA DE NACHO GACHO - Los pol\u00edticos Veracruz\" \/>\n<meta property=\"og:description\" content=\"\u2002\u2002\u00danete a nuestro canal&nbsp;\u2002 \u00a1LOS POL\u00cdTICOS VERACRUZ&nbsp;ya est\u00e1 en WhatsApp! Salvador Mu\u00f1oz Los Pol\u00edticos En Morena Coatepec, todo iba bien! Era fiesta! El objetivo lo hab\u00edan logrado! El candidato no era Enrique Santos Mendoza\u2026 sino Nacho Luna\u2026 El siguiente paso, la planilla. Y cuando todo supon\u00eda armar la lista de regidores\u2026 sac\u00f3 el cobre el [&hellip;]\" \/>\n<meta property=\"og:url\" content=\"https:\/\/lospoliticosveracruz.com\/?p=140319\" \/>\n<meta property=\"og:site_name\" content=\"Los pol\u00edticos Veracruz\" \/>\n<meta property=\"article:publisher\" content=\"https:\/\/www.facebook.com\/people\/Notimemes-de-los-Polticos\/61565672886568\/\" \/>\n<meta property=\"article:published_time\" content=\"2025-03-24T20:59:00+00:00\" \/>\n<meta property=\"og:image\" content=\"https:\/\/lospoliticosveracruz.com\/wp-content\/uploads\/2025\/02\/Chava-Munoz.jpg\" \/>\n\t<meta property=\"og:image:width\" content=\"1250\" \/>\n\t<meta property=\"og:image:height\" content=\"667\" \/>\n\t<meta property=\"og:image:type\" content=\"image\/jpeg\" \/>\n<meta name=\"author\" content=\"Lo viste en Los Pol\u00edticos\" \/>\n<meta name=\"twitter:card\" content=\"summary_large_image\" \/>\n<meta name=\"twitter:creator\" content=\"@LosPoliticosVer\" \/>\n<meta name=\"twitter:site\" content=\"@LosPoliticosVer\" \/>\n<meta name=\"twitter:label1\" content=\"Escrito por\" \/>\n\t<meta name=\"twitter:data1\" content=\"Lo viste en Los Pol\u00edticos\" \/>\n\t<meta name=\"twitter:label2\" content=\"Tiempo de lectura\" \/>\n\t<meta name=\"twitter:data2\" content=\"3 minutos\" \/>\n<script type=\"application\/ld+json\" class=\"yoast-schema-graph\">{\"@context\":\"https:\\\/\\\/schema.org\",\"@graph\":[{\"@type\":\"Article\",\"@id\":\"https:\\\/\\\/lospoliticosveracruz.com\\\/?p=140319#article\",\"isPartOf\":{\"@id\":\"https:\\\/\\\/lospoliticosveracruz.com\\\/?p=140319\"},\"author\":{\"name\":\"Lo viste en Los Pol\u00edticos\",\"@id\":\"https:\\\/\\\/lospoliticosveracruz.com\\\/#\\\/schema\\\/person\\\/b8702bb0e538456e6efd07080bf2a4a2\"},\"headline\":\"LA ESPERANZA DE NACHO GACHO\",\"datePublished\":\"2025-03-24T20:59:00+00:00\",\"mainEntityOfPage\":{\"@id\":\"https:\\\/\\\/lospoliticosveracruz.com\\\/?p=140319\"},\"wordCount\":573,\"publisher\":{\"@id\":\"https:\\\/\\\/lospoliticosveracruz.com\\\/#organization\"},\"image\":{\"@id\":\"https:\\\/\\\/lospoliticosveracruz.com\\\/?p=140319#primaryimage\"},\"thumbnailUrl\":\"https:\\\/\\\/lospoliticosveracruz.com\\\/wp-content\\\/uploads\\\/2025\\\/02\\\/Chava-Munoz.jpg\",\"keywords\":[\"Nacho Luna\"],\"articleSection\":[\"De Opini\u00f3n\"],\"inLanguage\":\"es\"},{\"@type\":\"WebPage\",\"@id\":\"https:\\\/\\\/lospoliticosveracruz.com\\\/?p=140319\",\"url\":\"https:\\\/\\\/lospoliticosveracruz.com\\\/?p=140319\",\"name\":\"LA ESPERANZA DE NACHO GACHO - Los pol\u00edticos Veracruz\",\"isPartOf\":{\"@id\":\"https:\\\/\\\/lospoliticosveracruz.com\\\/#website\"},\"primaryImageOfPage\":{\"@id\":\"https:\\\/\\\/lospoliticosveracruz.com\\\/?p=140319#primaryimage\"},\"image\":{\"@id\":\"https:\\\/\\\/lospoliticosveracruz.com\\\/?p=140319#primaryimage\"},\"thumbnailUrl\":\"https:\\\/\\\/lospoliticosveracruz.com\\\/wp-content\\\/uploads\\\/2025\\\/02\\\/Chava-Munoz.jpg\",\"datePublished\":\"2025-03-24T20:59:00+00:00\",\"breadcrumb\":{\"@id\":\"https:\\\/\\\/lospoliticosveracruz.com\\\/?p=140319#breadcrumb\"},\"inLanguage\":\"es\",\"potentialAction\":[{\"@type\":\"ReadAction\",\"target\":[\"https:\\\/\\\/lospoliticosveracruz.com\\\/?p=140319\"]}]},{\"@type\":\"ImageObject\",\"inLanguage\":\"es\",\"@id\":\"https:\\\/\\\/lospoliticosveracruz.com\\\/?p=140319#primaryimage\",\"url\":\"https:\\\/\\\/lospoliticosveracruz.com\\\/wp-content\\\/uploads\\\/2025\\\/02\\\/Chava-Munoz.jpg\",\"contentUrl\":\"https:\\\/\\\/lospoliticosveracruz.com\\\/wp-content\\\/uploads\\\/2025\\\/02\\\/Chava-Munoz.jpg\",\"width\":1250,\"height\":667},{\"@type\":\"BreadcrumbList\",\"@id\":\"https:\\\/\\\/lospoliticosveracruz.com\\\/?p=140319#breadcrumb\",\"itemListElement\":[{\"@type\":\"ListItem\",\"position\":1,\"name\":\"Portada\",\"item\":\"https:\\\/\\\/lospoliticosveracruz.com\\\/\"},{\"@type\":\"ListItem\",\"position\":2,\"name\":\"LA ESPERANZA DE NACHO GACHO\"}]},{\"@type\":\"WebSite\",\"@id\":\"https:\\\/\\\/lospoliticosveracruz.com\\\/#website\",\"url\":\"https:\\\/\\\/lospoliticosveracruz.com\\\/\",\"name\":\"Los pol\u00edticos Veracruz\",\"description\":\"\",\"publisher\":{\"@id\":\"https:\\\/\\\/lospoliticosveracruz.com\\\/#organization\"},\"potentialAction\":[{\"@type\":\"SearchAction\",\"target\":{\"@type\":\"EntryPoint\",\"urlTemplate\":\"https:\\\/\\\/lospoliticosveracruz.com\\\/?s={search_term_string}\"},\"query-input\":{\"@type\":\"PropertyValueSpecification\",\"valueRequired\":true,\"valueName\":\"search_term_string\"}}],\"inLanguage\":\"es\"},{\"@type\":\"Organization\",\"@id\":\"https:\\\/\\\/lospoliticosveracruz.com\\\/#organization\",\"name\":\"Los pol\u00edticos Veracruz\",\"url\":\"https:\\\/\\\/lospoliticosveracruz.com\\\/\",\"logo\":{\"@type\":\"ImageObject\",\"inLanguage\":\"es\",\"@id\":\"https:\\\/\\\/lospoliticosveracruz.com\\\/#\\\/schema\\\/logo\\\/image\\\/\",\"url\":\"https:\\\/\\\/lospoliticosveracruz.com\\\/wp-content\\\/uploads\\\/2025\\\/12\\\/Logo-Nuevo-LOS-POLITICOS-1.jpg\",\"contentUrl\":\"https:\\\/\\\/lospoliticosveracruz.com\\\/wp-content\\\/uploads\\\/2025\\\/12\\\/Logo-Nuevo-LOS-POLITICOS-1.jpg\",\"width\":260,\"height\":70,\"caption\":\"Los pol\u00edticos Veracruz\"},\"image\":{\"@id\":\"https:\\\/\\\/lospoliticosveracruz.com\\\/#\\\/schema\\\/logo\\\/image\\\/\"},\"sameAs\":[\"https:\\\/\\\/www.facebook.com\\\/people\\\/Notimemes-de-los-Polticos\\\/61565672886568\\\/\",\"https:\\\/\\\/x.com\\\/LosPoliticosVer\"]},{\"@type\":\"Person\",\"@id\":\"https:\\\/\\\/lospoliticosveracruz.com\\\/#\\\/schema\\\/person\\\/b8702bb0e538456e6efd07080bf2a4a2\",\"name\":\"Lo viste en Los Pol\u00edticos\",\"image\":{\"@type\":\"ImageObject\",\"inLanguage\":\"es\",\"@id\":\"https:\\\/\\\/secure.gravatar.com\\\/avatar\\\/3a8de04a2656d44082be478bd6c086daa447c4651605818287b9532d3d0bd435?s=96&d=mm&r=g\",\"url\":\"https:\\\/\\\/secure.gravatar.com\\\/avatar\\\/3a8de04a2656d44082be478bd6c086daa447c4651605818287b9532d3d0bd435?s=96&d=mm&r=g\",\"contentUrl\":\"https:\\\/\\\/secure.gravatar.com\\\/avatar\\\/3a8de04a2656d44082be478bd6c086daa447c4651605818287b9532d3d0bd435?s=96&d=mm&r=g\",\"caption\":\"Lo viste en Los Pol\u00edticos\"},\"url\":\"https:\\\/\\\/lospoliticosveracruz.com\\\/?author=2\"}]}<\/script>\n<!-- \/ Yoast SEO plugin. -->","yoast_head_json":{"title":"LA ESPERANZA DE NACHO GACHO - Los pol\u00edticos Veracruz","robots":{"index":"index","follow":"follow","max-snippet":"max-snippet:-1","max-image-preview":"max-image-preview:large","max-video-preview":"max-video-preview:-1"},"canonical":"https:\/\/lospoliticosveracruz.com\/?p=140319","og_locale":"es_ES","og_type":"article","og_title":"LA ESPERANZA DE NACHO GACHO - Los pol\u00edticos Veracruz","og_description":"\u2002\u2002\u00danete a nuestro canal&nbsp;\u2002 \u00a1LOS POL\u00cdTICOS VERACRUZ&nbsp;ya est\u00e1 en WhatsApp! Salvador Mu\u00f1oz Los Pol\u00edticos En Morena Coatepec, todo iba bien! Era fiesta! El objetivo lo hab\u00edan logrado! El candidato no era Enrique Santos Mendoza\u2026 sino Nacho Luna\u2026 El siguiente paso, la planilla. Y cuando todo supon\u00eda armar la lista de regidores\u2026 sac\u00f3 el cobre el [&hellip;]","og_url":"https:\/\/lospoliticosveracruz.com\/?p=140319","og_site_name":"Los pol\u00edticos Veracruz","article_publisher":"https:\/\/www.facebook.com\/people\/Notimemes-de-los-Polticos\/61565672886568\/","article_published_time":"2025-03-24T20:59:00+00:00","og_image":[{"width":1250,"height":667,"url":"https:\/\/lospoliticosveracruz.com\/wp-content\/uploads\/2025\/02\/Chava-Munoz.jpg","type":"image\/jpeg"}],"author":"Lo viste en Los Pol\u00edticos","twitter_card":"summary_large_image","twitter_creator":"@LosPoliticosVer","twitter_site":"@LosPoliticosVer","twitter_misc":{"Escrito por":"Lo viste en Los Pol\u00edticos","Tiempo de lectura":"3 minutos"},"schema":{"@context":"https:\/\/schema.org","@graph":[{"@type":"Article","@id":"https:\/\/lospoliticosveracruz.com\/?p=140319#article","isPartOf":{"@id":"https:\/\/lospoliticosveracruz.com\/?p=140319"},"author":{"name":"Lo viste en Los Pol\u00edticos","@id":"https:\/\/lospoliticosveracruz.com\/#\/schema\/person\/b8702bb0e538456e6efd07080bf2a4a2"},"headline":"LA ESPERANZA DE NACHO GACHO","datePublished":"2025-03-24T20:59:00+00:00","mainEntityOfPage":{"@id":"https:\/\/lospoliticosveracruz.com\/?p=140319"},"wordCount":573,"publisher":{"@id":"https:\/\/lospoliticosveracruz.com\/#organization"},"image":{"@id":"https:\/\/lospoliticosveracruz.com\/?p=140319#primaryimage"},"thumbnailUrl":"https:\/\/lospoliticosveracruz.com\/wp-content\/uploads\/2025\/02\/Chava-Munoz.jpg","keywords":["Nacho Luna"],"articleSection":["De Opini\u00f3n"],"inLanguage":"es"},{"@type":"WebPage","@id":"https:\/\/lospoliticosveracruz.com\/?p=140319","url":"https:\/\/lospoliticosveracruz.com\/?p=140319","name":"LA ESPERANZA DE NACHO GACHO - Los pol\u00edticos Veracruz","isPartOf":{"@id":"https:\/\/lospoliticosveracruz.com\/#website"},"primaryImageOfPage":{"@id":"https:\/\/lospoliticosveracruz.com\/?p=140319#primaryimage"},"image":{"@id":"https:\/\/lospoliticosveracruz.com\/?p=140319#primaryimage"},"thumbnailUrl":"https:\/\/lospoliticosveracruz.com\/wp-content\/uploads\/2025\/02\/Chava-Munoz.jpg","datePublished":"2025-03-24T20:59:00+00:00","breadcrumb":{"@id":"https:\/\/lospoliticosveracruz.com\/?p=140319#breadcrumb"},"inLanguage":"es","potentialAction":[{"@type":"ReadAction","target":["https:\/\/lospoliticosveracruz.com\/?p=140319"]}]},{"@type":"ImageObject","inLanguage":"es","@id":"https:\/\/lospoliticosveracruz.com\/?p=140319#primaryimage","url":"https:\/\/lospoliticosveracruz.com\/wp-content\/uploads\/2025\/02\/Chava-Munoz.jpg","contentUrl":"https:\/\/lospoliticosveracruz.com\/wp-content\/uploads\/2025\/02\/Chava-Munoz.jpg","width":1250,"height":667},{"@type":"BreadcrumbList","@id":"https:\/\/lospoliticosveracruz.com\/?p=140319#breadcrumb","itemListElement":[{"@type":"ListItem","position":1,"name":"Portada","item":"https:\/\/lospoliticosveracruz.com\/"},{"@type":"ListItem","position":2,"name":"LA ESPERANZA DE NACHO GACHO"}]},{"@type":"WebSite","@id":"https:\/\/lospoliticosveracruz.com\/#website","url":"https:\/\/lospoliticosveracruz.com\/","name":"Los pol\u00edticos Veracruz","description":"","publisher":{"@id":"https:\/\/lospoliticosveracruz.com\/#organization"},"potentialAction":[{"@type":"SearchAction","target":{"@type":"EntryPoint","urlTemplate":"https:\/\/lospoliticosveracruz.com\/?s={search_term_string}"},"query-input":{"@type":"PropertyValueSpecification","valueRequired":true,"valueName":"search_term_string"}}],"inLanguage":"es"},{"@type":"Organization","@id":"https:\/\/lospoliticosveracruz.com\/#organization","name":"Los pol\u00edticos Veracruz","url":"https:\/\/lospoliticosveracruz.com\/","logo":{"@type":"ImageObject","inLanguage":"es","@id":"https:\/\/lospoliticosveracruz.com\/#\/schema\/logo\/image\/","url":"https:\/\/lospoliticosveracruz.com\/wp-content\/uploads\/2025\/12\/Logo-Nuevo-LOS-POLITICOS-1.jpg","contentUrl":"https:\/\/lospoliticosveracruz.com\/wp-content\/uploads\/2025\/12\/Logo-Nuevo-LOS-POLITICOS-1.jpg","width":260,"height":70,"caption":"Los pol\u00edticos Veracruz"},"image":{"@id":"https:\/\/lospoliticosveracruz.com\/#\/schema\/logo\/image\/"},"sameAs":["https:\/\/www.facebook.com\/people\/Notimemes-de-los-Polticos\/61565672886568\/","https:\/\/x.com\/LosPoliticosVer"]},{"@type":"Person","@id":"https:\/\/lospoliticosveracruz.com\/#\/schema\/person\/b8702bb0e538456e6efd07080bf2a4a2","name":"Lo viste en Los Pol\u00edticos","image":{"@type":"ImageObject","inLanguage":"es","@id":"https:\/\/secure.gravatar.com\/avatar\/3a8de04a2656d44082be478bd6c086daa447c4651605818287b9532d3d0bd435?s=96&d=mm&r=g","url":"https:\/\/secure.gravatar.com\/avatar\/3a8de04a2656d44082be478bd6c086daa447c4651605818287b9532d3d0bd435?s=96&d=mm&r=g","contentUrl":"https:\/\/secure.gravatar.com\/avatar\/3a8de04a2656d44082be478bd6c086daa447c4651605818287b9532d3d0bd435?s=96&d=mm&r=g","caption":"Lo viste en Los Pol\u00edticos"},"url":"https:\/\/lospoliticosveracruz.com\/?author=2"}]}},"_links":{"self":[{"href":"https:\/\/lospoliticosveracruz.com\/index.php?rest_route=\/wp\/v2\/posts\/140319","targetHints":{"allow":["GET"]}}],"collection":[{"href":"https:\/\/lospoliticosveracruz.com\/index.php?rest_route=\/wp\/v2\/posts"}],"about":[{"href":"https:\/\/lospoliticosveracruz.com\/index.php?rest_route=\/wp\/v2\/types\/post"}],"author":[{"embeddable":true,"href":"https:\/\/lospoliticosveracruz.com\/index.php?rest_route=\/wp\/v2\/users\/2"}],"replies":[{"embeddable":true,"href":"https:\/\/lospoliticosveracruz.com\/index.php?rest_route=%2Fwp%2Fv2%2Fcomments&post=140319"}],"version-history":[{"count":2,"href":"https:\/\/lospoliticosveracruz.com\/index.php?rest_route=\/wp\/v2\/posts\/140319\/revisions"}],"predecessor-version":[{"id":140321,"href":"https:\/\/lospoliticosveracruz.com\/index.php?rest_route=\/wp\/v2\/posts\/140319\/revisions\/140321"}],"wp:featuredmedia":[{"embeddable":true,"href":"https:\/\/lospoliticosveracruz.com\/index.php?rest_route=\/wp\/v2\/media\/138112"}],"wp:attachment":[{"href":"https:\/\/lospoliticosveracruz.com\/index.php?rest_route=%2Fwp%2Fv2%2Fmedia&parent=140319"}],"wp:term":[{"taxonomy":"category","embeddable":true,"href":"https:\/\/lospoliticosveracruz.com\/index.php?rest_route=%2Fwp%2Fv2%2Fcategories&post=140319"},{"taxonomy":"post_tag","embeddable":true,"href":"https:\/\/lospoliticosveracruz.com\/index.php?rest_route=%2Fwp%2Fv2%2Ftags&post=140319"}],"curies":[{"name":"wp","href":"https:\/\/api.w.org\/{rel}","templated":true}]}}