{"id":14037,"date":"2014-12-09T11:27:27","date_gmt":"2014-12-09T17:27:27","guid":{"rendered":"http:\/\/www.lospoliticosveracruz.com.mx\/?p=14037"},"modified":"2014-12-09T11:27:27","modified_gmt":"2014-12-09T17:27:27","slug":"los-acuerdos-de-la-cumbre-iberoamericana","status":"publish","type":"post","link":"https:\/\/lospoliticosveracruz.com\/?p=14037","title":{"rendered":"Los acuerdos de la Cumbre Iberoamericana"},"content":{"rendered":"<p><a href=\"http:\/\/www.lospoliticosveracruz.com.mx\/wp-content\/uploads\/2014\/12\/cumbre.jpg\"><img loading=\"lazy\" decoding=\"async\" class=\"alignnone size-medium wp-image-14038\" src=\"http:\/\/www.lospoliticosveracruz.com.mx\/wp-content\/uploads\/2014\/12\/cumbre-300x101.jpg\" alt=\"cumbre\" width=\"300\" height=\"101\" \/><\/a><\/p>\n<p><strong>Miguel Angel Cristiani<\/strong><\/p>\n<p><em>Bit\u00e1cora Veracruz<\/em><\/p>\n<p>&nbsp;<\/p>\n<p>Concluye este martes la Cumbre Iberoamericana de Presidentes y Jefes de Estado que se celebra en Veracruz, con la presencia de 22 mandatarios, se habr\u00e1n de dar a conocer los acuerdos a que se llegaron durante la serie de reuniones y conferencias en busca de acuerdos para mejorar el futuro de los pa\u00edses de esa comunidad internacional.<\/p>\n<p>Pero m\u00e1s all\u00e1 de los discursos, las fotos para los medios de comunicaci\u00f3n, los mensajes que se pronuncian, vale la pena cuestionar hasta donde resultan efectivos en la pr\u00e1ctica, los temas abordados y su implementaci\u00f3n en la realidad cotidiana de los millones de personas que integramos lo que se conoce como Iberoam\u00e9rica.<\/p>\n<p>Porque no se trata \u00fanicamente de que vengan los presidentes y mandatarios a pronunciar halagadores mensajes, sino lo verdaderamente importante viene ahora, cuando se den a conocer los acuerdos a que se llegaron.<\/p>\n<p>Ah\u00ed est\u00e1 el detalle\u2026.en la implementaci\u00f3n de las pol\u00edticas p\u00fablicas que permitan hacer realidad esa lista de buenos deseos.<\/p>\n<p>El peri\u00f3dico espa\u00f1ol El Pa\u00eds, en su editorial de este martes, adelanta que uno de los proyectos de mayor calado para el futuro de los pa\u00edses de Iberoam\u00e9rica es precisamente el lograr una alianza por la movilidad del talento.<\/p>\n<p>\u201cSe trata de un ambicioso plan para el intercambio de alumnos, profesores e investigadores entre las universidades del espacio iberoamericano. El prop\u00f3sito es facilitar que unos 200.000 docentes y estudiantes realicen en los pr\u00f3ximos cinco a\u00f1os estancias de entre cuatro y seis meses en universidades de otros pa\u00edses.<\/p>\n<p>La iniciativa no puede ser m\u00e1s acertada. La circulaci\u00f3n del talento es un poderoso incentivo para el progreso acad\u00e9mico y un est\u00edmulo para la excelencia educativa. Es tambi\u00e9n oportuna, dada la dif\u00edcil coyuntura econ\u00f3mica que se prev\u00e9 para los pr\u00f3ximos a\u00f1os. Tras un largo periodo de crecimientos del PIB por encima del 5%, los pa\u00edses latinoamericanos afrontan ahora una desaceleraci\u00f3n que est\u00e1 resultando m\u00e1s brusca de lo esperado.<\/p>\n<p>En una regi\u00f3n donde el 25% de la poblaci\u00f3n tiene entre 15 y 29 a\u00f1os, esa situaci\u00f3n debe ser enfrentada con innovaci\u00f3n y con m\u00e1s y mejor educaci\u00f3n. En los a\u00f1os de bonanza econ\u00f3mica ha disminuido la pobreza y ha mejorado -aunque queda mucho por hacer- el nivel educativo de la poblaci\u00f3n.<\/p>\n<p>En estos momentos hay m\u00e1s de 20 millones de j\u00f3venes universitarios, y dos de cada tres son los primeros de su familia en acceder a la universidad. Este elevador social y productivo debe protegerse con presupuestos suficientes para la ense\u00f1anza y las universidades. Este es el gran reto educativo.<\/p>\n<p>El otro es reducir el elevado grado de desigualdad que todav\u00eda persiste y lograr una mayor homogeneidad acad\u00e9mica. Del mismo modo que Europa ha aplicado pol\u00edticas destinadas a garantizar determinados niveles de calidad, ser\u00eda muy deseable que Latinoam\u00e9rica caminara hacia una mayor convergencia universitaria.<\/p>\n<p>Por \u00faltimo, y no menos importante, el intercambio universitario es un excelente instrumento -como se ha demostrado en Europa con el programa Erasmus- de refuerzo de la competencia global que estimula otras convergencias, igual que el estrechamiento de lazos entre universidades y empresas.<\/p>\n<p>El \u00e9xito del plan depender\u00e1, sin embargo, de que los pa\u00edses reunidos en Veracruz sepan encontrar medios de financiaci\u00f3n adecuados. Esa ser\u00e1 la prueba clave del \u00e9xito de esta importante decisi\u00f3n\u201d.<\/p>\n","protected":false},"excerpt":{"rendered":"<p>Miguel Angel Cristiani Bit\u00e1cora Veracruz &nbsp; Concluye este martes la Cumbre Iberoamericana de Presidentes y Jefes de Estado que se celebra en Veracruz, con la presencia de 22 mandatarios, se habr\u00e1n de dar a conocer los acuerdos a que se llegaron durante la serie de reuniones y conferencias en busca de acuerdos para mejorar el [&hellip;]<\/p>\n","protected":false},"author":2,"featured_media":0,"comment_status":"open","ping_status":"open","sticky":false,"template":"","format":"standard","meta":{"tdm_status":"","tdm_grid_status":"","footnotes":""},"categories":[70],"tags":[1170,1197],"class_list":{"0":"post-14037","1":"post","2":"type-post","3":"status-publish","4":"format-standard","6":"category-de-opinion","7":"tag-cumbre-iberoamericana-de-jefes-de-estado-y-de-gobierno","8":"tag-el-pais"},"yoast_head":"<!-- This site is optimized with the Yoast SEO plugin v27.4 - https:\/\/yoast.com\/product\/yoast-seo-wordpress\/ -->\n<title>Los acuerdos de la Cumbre Iberoamericana - Los pol\u00edticos Veracruz<\/title>\n<meta name=\"robots\" content=\"index, follow, max-snippet:-1, max-image-preview:large, max-video-preview:-1\" \/>\n<link rel=\"canonical\" href=\"https:\/\/lospoliticosveracruz.com\/?p=14037\" \/>\n<meta property=\"og:locale\" content=\"es_ES\" \/>\n<meta property=\"og:type\" content=\"article\" \/>\n<meta property=\"og:title\" content=\"Los acuerdos de la Cumbre Iberoamericana - Los pol\u00edticos Veracruz\" \/>\n<meta property=\"og:description\" content=\"Miguel Angel Cristiani Bit\u00e1cora Veracruz &nbsp; Concluye este martes la Cumbre Iberoamericana de Presidentes y Jefes de Estado que se celebra en Veracruz, con la presencia de 22 mandatarios, se habr\u00e1n de dar a conocer los acuerdos a que se llegaron durante la serie de reuniones y conferencias en busca de acuerdos para mejorar el [&hellip;]\" \/>\n<meta property=\"og:url\" content=\"https:\/\/lospoliticosveracruz.com\/?p=14037\" \/>\n<meta property=\"og:site_name\" content=\"Los pol\u00edticos Veracruz\" \/>\n<meta property=\"article:publisher\" content=\"https:\/\/www.facebook.com\/people\/Notimemes-de-los-Polticos\/61565672886568\/\" \/>\n<meta property=\"article:published_time\" content=\"2014-12-09T17:27:27+00:00\" \/>\n<meta property=\"og:image\" content=\"http:\/\/www.lospoliticosveracruz.com.mx\/wp-content\/uploads\/2014\/12\/cumbre-300x101.jpg\" \/>\n<meta name=\"author\" content=\"Lo viste en Los Pol\u00edticos\" \/>\n<meta name=\"twitter:card\" content=\"summary_large_image\" \/>\n<meta name=\"twitter:creator\" content=\"@LosPoliticosVer\" \/>\n<meta name=\"twitter:site\" content=\"@LosPoliticosVer\" \/>\n<meta name=\"twitter:label1\" content=\"Escrito por\" \/>\n\t<meta name=\"twitter:data1\" content=\"Lo viste en Los Pol\u00edticos\" \/>\n\t<meta name=\"twitter:label2\" content=\"Tiempo de lectura\" \/>\n\t<meta name=\"twitter:data2\" content=\"3 minutos\" \/>\n<script type=\"application\/ld+json\" class=\"yoast-schema-graph\">{\"@context\":\"https:\\\/\\\/schema.org\",\"@graph\":[{\"@type\":\"Article\",\"@id\":\"https:\\\/\\\/lospoliticosveracruz.com\\\/?p=14037#article\",\"isPartOf\":{\"@id\":\"https:\\\/\\\/lospoliticosveracruz.com\\\/?p=14037\"},\"author\":{\"name\":\"Lo viste en Los Pol\u00edticos\",\"@id\":\"https:\\\/\\\/lospoliticosveracruz.com\\\/#\\\/schema\\\/person\\\/b8702bb0e538456e6efd07080bf2a4a2\"},\"headline\":\"Los acuerdos de la Cumbre Iberoamericana\",\"datePublished\":\"2014-12-09T17:27:27+00:00\",\"mainEntityOfPage\":{\"@id\":\"https:\\\/\\\/lospoliticosveracruz.com\\\/?p=14037\"},\"wordCount\":594,\"commentCount\":0,\"publisher\":{\"@id\":\"https:\\\/\\\/lospoliticosveracruz.com\\\/#organization\"},\"image\":{\"@id\":\"https:\\\/\\\/lospoliticosveracruz.com\\\/?p=14037#primaryimage\"},\"thumbnailUrl\":\"http:\\\/\\\/www.lospoliticosveracruz.com.mx\\\/wp-content\\\/uploads\\\/2014\\\/12\\\/cumbre-300x101.jpg\",\"keywords\":[\"Cumbre Iberoamericana de Jefes de Estado y de Gobierno\",\"El Pa\u00eds\"],\"articleSection\":[\"De Opini\u00f3n\"],\"inLanguage\":\"es\",\"potentialAction\":[{\"@type\":\"CommentAction\",\"name\":\"Comment\",\"target\":[\"https:\\\/\\\/lospoliticosveracruz.com\\\/?p=14037#respond\"]}]},{\"@type\":\"WebPage\",\"@id\":\"https:\\\/\\\/lospoliticosveracruz.com\\\/?p=14037\",\"url\":\"https:\\\/\\\/lospoliticosveracruz.com\\\/?p=14037\",\"name\":\"Los acuerdos de la Cumbre Iberoamericana - Los pol\u00edticos Veracruz\",\"isPartOf\":{\"@id\":\"https:\\\/\\\/lospoliticosveracruz.com\\\/#website\"},\"primaryImageOfPage\":{\"@id\":\"https:\\\/\\\/lospoliticosveracruz.com\\\/?p=14037#primaryimage\"},\"image\":{\"@id\":\"https:\\\/\\\/lospoliticosveracruz.com\\\/?p=14037#primaryimage\"},\"thumbnailUrl\":\"http:\\\/\\\/www.lospoliticosveracruz.com.mx\\\/wp-content\\\/uploads\\\/2014\\\/12\\\/cumbre-300x101.jpg\",\"datePublished\":\"2014-12-09T17:27:27+00:00\",\"breadcrumb\":{\"@id\":\"https:\\\/\\\/lospoliticosveracruz.com\\\/?p=14037#breadcrumb\"},\"inLanguage\":\"es\",\"potentialAction\":[{\"@type\":\"ReadAction\",\"target\":[\"https:\\\/\\\/lospoliticosveracruz.com\\\/?p=14037\"]}]},{\"@type\":\"ImageObject\",\"inLanguage\":\"es\",\"@id\":\"https:\\\/\\\/lospoliticosveracruz.com\\\/?p=14037#primaryimage\",\"url\":\"http:\\\/\\\/www.lospoliticosveracruz.com.mx\\\/wp-content\\\/uploads\\\/2014\\\/12\\\/cumbre-300x101.jpg\",\"contentUrl\":\"http:\\\/\\\/www.lospoliticosveracruz.com.mx\\\/wp-content\\\/uploads\\\/2014\\\/12\\\/cumbre-300x101.jpg\"},{\"@type\":\"BreadcrumbList\",\"@id\":\"https:\\\/\\\/lospoliticosveracruz.com\\\/?p=14037#breadcrumb\",\"itemListElement\":[{\"@type\":\"ListItem\",\"position\":1,\"name\":\"Portada\",\"item\":\"https:\\\/\\\/lospoliticosveracruz.com\\\/\"},{\"@type\":\"ListItem\",\"position\":2,\"name\":\"Los acuerdos de la Cumbre Iberoamericana\"}]},{\"@type\":\"WebSite\",\"@id\":\"https:\\\/\\\/lospoliticosveracruz.com\\\/#website\",\"url\":\"https:\\\/\\\/lospoliticosveracruz.com\\\/\",\"name\":\"Los pol\u00edticos Veracruz\",\"description\":\"\",\"publisher\":{\"@id\":\"https:\\\/\\\/lospoliticosveracruz.com\\\/#organization\"},\"potentialAction\":[{\"@type\":\"SearchAction\",\"target\":{\"@type\":\"EntryPoint\",\"urlTemplate\":\"https:\\\/\\\/lospoliticosveracruz.com\\\/?s={search_term_string}\"},\"query-input\":{\"@type\":\"PropertyValueSpecification\",\"valueRequired\":true,\"valueName\":\"search_term_string\"}}],\"inLanguage\":\"es\"},{\"@type\":\"Organization\",\"@id\":\"https:\\\/\\\/lospoliticosveracruz.com\\\/#organization\",\"name\":\"Los pol\u00edticos Veracruz\",\"url\":\"https:\\\/\\\/lospoliticosveracruz.com\\\/\",\"logo\":{\"@type\":\"ImageObject\",\"inLanguage\":\"es\",\"@id\":\"https:\\\/\\\/lospoliticosveracruz.com\\\/#\\\/schema\\\/logo\\\/image\\\/\",\"url\":\"https:\\\/\\\/lospoliticosveracruz.com\\\/wp-content\\\/uploads\\\/2025\\\/12\\\/Logo-Nuevo-LOS-POLITICOS-1.jpg\",\"contentUrl\":\"https:\\\/\\\/lospoliticosveracruz.com\\\/wp-content\\\/uploads\\\/2025\\\/12\\\/Logo-Nuevo-LOS-POLITICOS-1.jpg\",\"width\":260,\"height\":70,\"caption\":\"Los pol\u00edticos Veracruz\"},\"image\":{\"@id\":\"https:\\\/\\\/lospoliticosveracruz.com\\\/#\\\/schema\\\/logo\\\/image\\\/\"},\"sameAs\":[\"https:\\\/\\\/www.facebook.com\\\/people\\\/Notimemes-de-los-Polticos\\\/61565672886568\\\/\",\"https:\\\/\\\/x.com\\\/LosPoliticosVer\"]},{\"@type\":\"Person\",\"@id\":\"https:\\\/\\\/lospoliticosveracruz.com\\\/#\\\/schema\\\/person\\\/b8702bb0e538456e6efd07080bf2a4a2\",\"name\":\"Lo viste en Los Pol\u00edticos\",\"image\":{\"@type\":\"ImageObject\",\"inLanguage\":\"es\",\"@id\":\"https:\\\/\\\/secure.gravatar.com\\\/avatar\\\/3a8de04a2656d44082be478bd6c086daa447c4651605818287b9532d3d0bd435?s=96&d=mm&r=g\",\"url\":\"https:\\\/\\\/secure.gravatar.com\\\/avatar\\\/3a8de04a2656d44082be478bd6c086daa447c4651605818287b9532d3d0bd435?s=96&d=mm&r=g\",\"contentUrl\":\"https:\\\/\\\/secure.gravatar.com\\\/avatar\\\/3a8de04a2656d44082be478bd6c086daa447c4651605818287b9532d3d0bd435?s=96&d=mm&r=g\",\"caption\":\"Lo viste en Los Pol\u00edticos\"},\"url\":\"https:\\\/\\\/lospoliticosveracruz.com\\\/?author=2\"}]}<\/script>\n<!-- \/ Yoast SEO plugin. -->","yoast_head_json":{"title":"Los acuerdos de la Cumbre Iberoamericana - Los pol\u00edticos Veracruz","robots":{"index":"index","follow":"follow","max-snippet":"max-snippet:-1","max-image-preview":"max-image-preview:large","max-video-preview":"max-video-preview:-1"},"canonical":"https:\/\/lospoliticosveracruz.com\/?p=14037","og_locale":"es_ES","og_type":"article","og_title":"Los acuerdos de la Cumbre Iberoamericana - Los pol\u00edticos Veracruz","og_description":"Miguel Angel Cristiani Bit\u00e1cora Veracruz &nbsp; Concluye este martes la Cumbre Iberoamericana de Presidentes y Jefes de Estado que se celebra en Veracruz, con la presencia de 22 mandatarios, se habr\u00e1n de dar a conocer los acuerdos a que se llegaron durante la serie de reuniones y conferencias en busca de acuerdos para mejorar el [&hellip;]","og_url":"https:\/\/lospoliticosveracruz.com\/?p=14037","og_site_name":"Los pol\u00edticos Veracruz","article_publisher":"https:\/\/www.facebook.com\/people\/Notimemes-de-los-Polticos\/61565672886568\/","article_published_time":"2014-12-09T17:27:27+00:00","og_image":[{"url":"http:\/\/www.lospoliticosveracruz.com.mx\/wp-content\/uploads\/2014\/12\/cumbre-300x101.jpg","type":"","width":"","height":""}],"author":"Lo viste en Los Pol\u00edticos","twitter_card":"summary_large_image","twitter_creator":"@LosPoliticosVer","twitter_site":"@LosPoliticosVer","twitter_misc":{"Escrito por":"Lo viste en Los Pol\u00edticos","Tiempo de lectura":"3 minutos"},"schema":{"@context":"https:\/\/schema.org","@graph":[{"@type":"Article","@id":"https:\/\/lospoliticosveracruz.com\/?p=14037#article","isPartOf":{"@id":"https:\/\/lospoliticosveracruz.com\/?p=14037"},"author":{"name":"Lo viste en Los Pol\u00edticos","@id":"https:\/\/lospoliticosveracruz.com\/#\/schema\/person\/b8702bb0e538456e6efd07080bf2a4a2"},"headline":"Los acuerdos de la Cumbre Iberoamericana","datePublished":"2014-12-09T17:27:27+00:00","mainEntityOfPage":{"@id":"https:\/\/lospoliticosveracruz.com\/?p=14037"},"wordCount":594,"commentCount":0,"publisher":{"@id":"https:\/\/lospoliticosveracruz.com\/#organization"},"image":{"@id":"https:\/\/lospoliticosveracruz.com\/?p=14037#primaryimage"},"thumbnailUrl":"http:\/\/www.lospoliticosveracruz.com.mx\/wp-content\/uploads\/2014\/12\/cumbre-300x101.jpg","keywords":["Cumbre Iberoamericana de Jefes de Estado y de Gobierno","El Pa\u00eds"],"articleSection":["De Opini\u00f3n"],"inLanguage":"es","potentialAction":[{"@type":"CommentAction","name":"Comment","target":["https:\/\/lospoliticosveracruz.com\/?p=14037#respond"]}]},{"@type":"WebPage","@id":"https:\/\/lospoliticosveracruz.com\/?p=14037","url":"https:\/\/lospoliticosveracruz.com\/?p=14037","name":"Los acuerdos de la Cumbre Iberoamericana - Los pol\u00edticos Veracruz","isPartOf":{"@id":"https:\/\/lospoliticosveracruz.com\/#website"},"primaryImageOfPage":{"@id":"https:\/\/lospoliticosveracruz.com\/?p=14037#primaryimage"},"image":{"@id":"https:\/\/lospoliticosveracruz.com\/?p=14037#primaryimage"},"thumbnailUrl":"http:\/\/www.lospoliticosveracruz.com.mx\/wp-content\/uploads\/2014\/12\/cumbre-300x101.jpg","datePublished":"2014-12-09T17:27:27+00:00","breadcrumb":{"@id":"https:\/\/lospoliticosveracruz.com\/?p=14037#breadcrumb"},"inLanguage":"es","potentialAction":[{"@type":"ReadAction","target":["https:\/\/lospoliticosveracruz.com\/?p=14037"]}]},{"@type":"ImageObject","inLanguage":"es","@id":"https:\/\/lospoliticosveracruz.com\/?p=14037#primaryimage","url":"http:\/\/www.lospoliticosveracruz.com.mx\/wp-content\/uploads\/2014\/12\/cumbre-300x101.jpg","contentUrl":"http:\/\/www.lospoliticosveracruz.com.mx\/wp-content\/uploads\/2014\/12\/cumbre-300x101.jpg"},{"@type":"BreadcrumbList","@id":"https:\/\/lospoliticosveracruz.com\/?p=14037#breadcrumb","itemListElement":[{"@type":"ListItem","position":1,"name":"Portada","item":"https:\/\/lospoliticosveracruz.com\/"},{"@type":"ListItem","position":2,"name":"Los acuerdos de la Cumbre Iberoamericana"}]},{"@type":"WebSite","@id":"https:\/\/lospoliticosveracruz.com\/#website","url":"https:\/\/lospoliticosveracruz.com\/","name":"Los pol\u00edticos Veracruz","description":"","publisher":{"@id":"https:\/\/lospoliticosveracruz.com\/#organization"},"potentialAction":[{"@type":"SearchAction","target":{"@type":"EntryPoint","urlTemplate":"https:\/\/lospoliticosveracruz.com\/?s={search_term_string}"},"query-input":{"@type":"PropertyValueSpecification","valueRequired":true,"valueName":"search_term_string"}}],"inLanguage":"es"},{"@type":"Organization","@id":"https:\/\/lospoliticosveracruz.com\/#organization","name":"Los pol\u00edticos Veracruz","url":"https:\/\/lospoliticosveracruz.com\/","logo":{"@type":"ImageObject","inLanguage":"es","@id":"https:\/\/lospoliticosveracruz.com\/#\/schema\/logo\/image\/","url":"https:\/\/lospoliticosveracruz.com\/wp-content\/uploads\/2025\/12\/Logo-Nuevo-LOS-POLITICOS-1.jpg","contentUrl":"https:\/\/lospoliticosveracruz.com\/wp-content\/uploads\/2025\/12\/Logo-Nuevo-LOS-POLITICOS-1.jpg","width":260,"height":70,"caption":"Los pol\u00edticos Veracruz"},"image":{"@id":"https:\/\/lospoliticosveracruz.com\/#\/schema\/logo\/image\/"},"sameAs":["https:\/\/www.facebook.com\/people\/Notimemes-de-los-Polticos\/61565672886568\/","https:\/\/x.com\/LosPoliticosVer"]},{"@type":"Person","@id":"https:\/\/lospoliticosveracruz.com\/#\/schema\/person\/b8702bb0e538456e6efd07080bf2a4a2","name":"Lo viste en Los Pol\u00edticos","image":{"@type":"ImageObject","inLanguage":"es","@id":"https:\/\/secure.gravatar.com\/avatar\/3a8de04a2656d44082be478bd6c086daa447c4651605818287b9532d3d0bd435?s=96&d=mm&r=g","url":"https:\/\/secure.gravatar.com\/avatar\/3a8de04a2656d44082be478bd6c086daa447c4651605818287b9532d3d0bd435?s=96&d=mm&r=g","contentUrl":"https:\/\/secure.gravatar.com\/avatar\/3a8de04a2656d44082be478bd6c086daa447c4651605818287b9532d3d0bd435?s=96&d=mm&r=g","caption":"Lo viste en Los Pol\u00edticos"},"url":"https:\/\/lospoliticosveracruz.com\/?author=2"}]}},"_links":{"self":[{"href":"https:\/\/lospoliticosveracruz.com\/index.php?rest_route=\/wp\/v2\/posts\/14037","targetHints":{"allow":["GET"]}}],"collection":[{"href":"https:\/\/lospoliticosveracruz.com\/index.php?rest_route=\/wp\/v2\/posts"}],"about":[{"href":"https:\/\/lospoliticosveracruz.com\/index.php?rest_route=\/wp\/v2\/types\/post"}],"author":[{"embeddable":true,"href":"https:\/\/lospoliticosveracruz.com\/index.php?rest_route=\/wp\/v2\/users\/2"}],"replies":[{"embeddable":true,"href":"https:\/\/lospoliticosveracruz.com\/index.php?rest_route=%2Fwp%2Fv2%2Fcomments&post=14037"}],"version-history":[{"count":1,"href":"https:\/\/lospoliticosveracruz.com\/index.php?rest_route=\/wp\/v2\/posts\/14037\/revisions"}],"predecessor-version":[{"id":14039,"href":"https:\/\/lospoliticosveracruz.com\/index.php?rest_route=\/wp\/v2\/posts\/14037\/revisions\/14039"}],"wp:attachment":[{"href":"https:\/\/lospoliticosveracruz.com\/index.php?rest_route=%2Fwp%2Fv2%2Fmedia&parent=14037"}],"wp:term":[{"taxonomy":"category","embeddable":true,"href":"https:\/\/lospoliticosveracruz.com\/index.php?rest_route=%2Fwp%2Fv2%2Fcategories&post=14037"},{"taxonomy":"post_tag","embeddable":true,"href":"https:\/\/lospoliticosveracruz.com\/index.php?rest_route=%2Fwp%2Fv2%2Ftags&post=14037"}],"curies":[{"name":"wp","href":"https:\/\/api.w.org\/{rel}","templated":true}]}}