{"id":140379,"date":"2025-03-25T07:44:18","date_gmt":"2025-03-25T13:44:18","guid":{"rendered":"https:\/\/lospoliticosveracruz.com.mx\/?p=140379"},"modified":"2025-03-25T07:44:39","modified_gmt":"2025-03-25T13:44:39","slug":"la-abejita","status":"publish","type":"post","link":"https:\/\/lospoliticosveracruz.com\/?p=140379","title":{"rendered":"LA ABEJITA"},"content":{"rendered":"\n<p><strong><a href=\"https:\/\/whatsapp.com\/channel\/0029Va8zRWlEKyZIP3Z1dF0e\">\u2002\u2002<strong>\u00danete a nuestro canal&nbsp;<\/strong>\u2002\u2002\u2002\u2002\u2002\u2002&nbsp;<\/a>\u2002\u2002\u2002\u2002\u2002\u2002&nbsp;<\/strong><\/p>\n\n\n\n<p>\u00a1<strong>LOS POL\u00cdTICOS VERACRUZ<\/strong>&nbsp;ya est\u00e1 en WhatsApp!<\/p>\n\n\n\n<p><strong>Juan Javier G\u00f3mez Cazar\u00edn<\/strong><\/p>\n\n\n\n<p><em>Lo que yo pienso<\/em><\/p>\n\n\n\n<p>Grab\u00e9 el video de La Abejita Chiquitita porque me hizo gracia, porque me naci\u00f3, porque se me hizo que no tiene nada de malo.<\/p>\n\n\n\n<p>Lo hice porque soy alegre, porque disfruto la m\u00fasica tropical, porque quiero aprovechar cada d\u00eda en este mundo para ser feliz sin da\u00f1ar a nadie -algo que estoy convencido que deber\u00edamos hacer todos-.<\/p>\n\n\n\n<p>Tambi\u00e9n, porque no creo que tenga que esconderme para ser feliz y fingir algo que no soy, ni adoptar una imagen artificial, de cart\u00f3n, posada, pensada en el \u201cqu\u00e9 dir\u00e1n\u201d y construida para parecerme a los pol\u00edticos a los que, precisamente, no quiero parecerme ni tantito (ni Dios lo mande).<\/p>\n\n\n\n<p>Pero algunos amargados sacaron a relucir sus complejos y sus telara\u00f1as mentales y dijeron que yo estaba mal en bailar con La Abejita Chiquitita que canta de manera excelente Juan Carlos Tapia, mi brother \u201cPaleto\u201d.<\/p>\n\n\n\n<p>Estar\u00eda mal, por ejemplo, si ese video -que grab\u00e9 fuera de mi horario de trabajo y sin usar recursos p\u00fablicos- me hubiera distra\u00eddo de mi chamba y que, derivado de esa distracci\u00f3n, mi encomienda p\u00fablica estuviera para llorar.<\/p>\n\n\n\n<p>Dicho sea de paso, gracias a Dios, a la confianza de mis jefas, al equipo de trabajo y a que nos dedicamos a chambear duro, la Delegaci\u00f3n ha rendido mejores resultados que nunca. Con decirles que ya estamos listos para dispersar becas a estudiantes del nivel medio superior. \u00a1M\u00e1s de 106 mil en todo Veracruz!<\/p>\n\n\n\n<p>As\u00ed que por ah\u00ed no va la cosa. Y les puedo adelantar algo a mis detractores: a m\u00ed por chamba nunca me van ganar. Ser\u00e1 que por eso le buscan por otro lado.<\/p>\n\n\n\n<p>Si no es una distracci\u00f3n de mi trabajo, entonces \u00bfqu\u00e9 les molest\u00f3 del video?<\/p>\n\n\n\n<p>No soy psic\u00f3logo, pero s\u00ed me puedo imaginar su envidia de ver a alguien feliz, libre de ser como quiere.<\/p>\n\n\n\n<p>Imagino la frustraci\u00f3n con su propia existencia y hasta siento mucha pena por ellos, porque vivir frustrado y reo de los complejos emocionales es una de las maneras m\u00e1s tristes de desperdiciar miserablemente nuestra valiosa, temporal, irrepetible e irrecuperable vida.<\/p>\n\n\n\n<p>Esa gente hay que compadecerla, desearles lo mejor y tenerla de lejitos.<\/p>\n\n\n\n<p>Estaba tan \u201cpreocupado\u201d por su opini\u00f3n que me lanc\u00e9 a la Ciudad de M\u00e9xico a correr la carrera Kardias TUDN, que ya hab\u00eda corrido antes y que sirve para apoyar tratamientos para el coraz\u00f3n de ni\u00f1as y ni\u00f1os con padecimientos cardiacos.<\/p>\n\n\n\n<p>Eso deber\u00edan ponerse a hacer aquellos amargados. Les juro que cuando uno va corriendo no tiene tiempo ni energ\u00edas de andar criticando a nadie.<\/p>\n","protected":false},"excerpt":{"rendered":"<p>\u2002\u2002\u00danete a nuestro canal&nbsp;\u2002\u2002\u2002\u2002\u2002\u2002&nbsp;\u2002\u2002\u2002\u2002\u2002\u2002&nbsp; \u00a1LOS POL\u00cdTICOS VERACRUZ&nbsp;ya est\u00e1 en WhatsApp! Juan Javier G\u00f3mez Cazar\u00edn Lo que yo pienso Grab\u00e9 el video de La Abejita Chiquitita porque me hizo gracia, porque me naci\u00f3, porque se me hizo que no tiene nada de malo. Lo hice porque soy alegre, porque disfruto la m\u00fasica tropical, porque quiero aprovechar [&hellip;]<\/p>\n","protected":false},"author":2,"featured_media":0,"comment_status":"closed","ping_status":"closed","sticky":false,"template":"","format":"standard","meta":{"tdm_status":"","tdm_grid_status":"","footnotes":""},"categories":[70],"tags":[12695,43313],"class_list":{"0":"post-140379","1":"post","2":"type-post","3":"status-publish","4":"format-standard","6":"category-de-opinion","7":"tag-juan-javier-gomez-cazarin","8":"tag-la-abejita"},"yoast_head":"<!-- This site is optimized with the Yoast SEO plugin v27.4 - https:\/\/yoast.com\/product\/yoast-seo-wordpress\/ -->\n<title>LA ABEJITA - Los pol\u00edticos Veracruz<\/title>\n<meta name=\"robots\" content=\"index, follow, max-snippet:-1, max-image-preview:large, max-video-preview:-1\" \/>\n<link rel=\"canonical\" href=\"https:\/\/lospoliticosveracruz.com\/?p=140379\" \/>\n<meta property=\"og:locale\" content=\"es_ES\" \/>\n<meta property=\"og:type\" content=\"article\" \/>\n<meta property=\"og:title\" content=\"LA ABEJITA - Los pol\u00edticos Veracruz\" \/>\n<meta property=\"og:description\" content=\"\u2002\u2002\u00danete a nuestro canal&nbsp;\u2002\u2002\u2002\u2002\u2002\u2002&nbsp;\u2002\u2002\u2002\u2002\u2002\u2002&nbsp; \u00a1LOS POL\u00cdTICOS VERACRUZ&nbsp;ya est\u00e1 en WhatsApp! Juan Javier G\u00f3mez Cazar\u00edn Lo que yo pienso Grab\u00e9 el video de La Abejita Chiquitita porque me hizo gracia, porque me naci\u00f3, porque se me hizo que no tiene nada de malo. Lo hice porque soy alegre, porque disfruto la m\u00fasica tropical, porque quiero aprovechar [&hellip;]\" \/>\n<meta property=\"og:url\" content=\"https:\/\/lospoliticosveracruz.com\/?p=140379\" \/>\n<meta property=\"og:site_name\" content=\"Los pol\u00edticos Veracruz\" \/>\n<meta property=\"article:publisher\" content=\"https:\/\/www.facebook.com\/people\/Notimemes-de-los-Polticos\/61565672886568\/\" \/>\n<meta property=\"article:published_time\" content=\"2025-03-25T13:44:18+00:00\" \/>\n<meta property=\"article:modified_time\" content=\"2025-03-25T13:44:39+00:00\" \/>\n<meta property=\"og:image\" content=\"https:\/\/lospoliticosveracruz.com\/wp-content\/uploads\/2016\/07\/Logo-Dor.jpg\" \/>\n\t<meta property=\"og:image:width\" content=\"200\" \/>\n\t<meta property=\"og:image:height\" content=\"200\" \/>\n\t<meta property=\"og:image:type\" content=\"image\/jpeg\" \/>\n<meta name=\"author\" content=\"Lo viste en Los Pol\u00edticos\" \/>\n<meta name=\"twitter:card\" content=\"summary_large_image\" \/>\n<meta name=\"twitter:creator\" content=\"@LosPoliticosVer\" \/>\n<meta name=\"twitter:site\" content=\"@LosPoliticosVer\" \/>\n<meta name=\"twitter:label1\" content=\"Escrito por\" \/>\n\t<meta name=\"twitter:data1\" content=\"Lo viste en Los Pol\u00edticos\" \/>\n\t<meta name=\"twitter:label2\" content=\"Tiempo de lectura\" \/>\n\t<meta name=\"twitter:data2\" content=\"2 minutos\" \/>\n<script type=\"application\/ld+json\" class=\"yoast-schema-graph\">{\"@context\":\"https:\\\/\\\/schema.org\",\"@graph\":[{\"@type\":\"Article\",\"@id\":\"https:\\\/\\\/lospoliticosveracruz.com\\\/?p=140379#article\",\"isPartOf\":{\"@id\":\"https:\\\/\\\/lospoliticosveracruz.com\\\/?p=140379\"},\"author\":{\"name\":\"Lo viste en Los Pol\u00edticos\",\"@id\":\"https:\\\/\\\/lospoliticosveracruz.com\\\/#\\\/schema\\\/person\\\/b8702bb0e538456e6efd07080bf2a4a2\"},\"headline\":\"LA ABEJITA\",\"datePublished\":\"2025-03-25T13:44:18+00:00\",\"dateModified\":\"2025-03-25T13:44:39+00:00\",\"mainEntityOfPage\":{\"@id\":\"https:\\\/\\\/lospoliticosveracruz.com\\\/?p=140379\"},\"wordCount\":474,\"publisher\":{\"@id\":\"https:\\\/\\\/lospoliticosveracruz.com\\\/#organization\"},\"keywords\":[\"Juan Javier G\u00f3mez Cazar\u00edn\",\"LA ABEJITA\"],\"articleSection\":[\"De Opini\u00f3n\"],\"inLanguage\":\"es\"},{\"@type\":\"WebPage\",\"@id\":\"https:\\\/\\\/lospoliticosveracruz.com\\\/?p=140379\",\"url\":\"https:\\\/\\\/lospoliticosveracruz.com\\\/?p=140379\",\"name\":\"LA ABEJITA - Los pol\u00edticos Veracruz\",\"isPartOf\":{\"@id\":\"https:\\\/\\\/lospoliticosveracruz.com\\\/#website\"},\"datePublished\":\"2025-03-25T13:44:18+00:00\",\"dateModified\":\"2025-03-25T13:44:39+00:00\",\"breadcrumb\":{\"@id\":\"https:\\\/\\\/lospoliticosveracruz.com\\\/?p=140379#breadcrumb\"},\"inLanguage\":\"es\",\"potentialAction\":[{\"@type\":\"ReadAction\",\"target\":[\"https:\\\/\\\/lospoliticosveracruz.com\\\/?p=140379\"]}]},{\"@type\":\"BreadcrumbList\",\"@id\":\"https:\\\/\\\/lospoliticosveracruz.com\\\/?p=140379#breadcrumb\",\"itemListElement\":[{\"@type\":\"ListItem\",\"position\":1,\"name\":\"Portada\",\"item\":\"https:\\\/\\\/lospoliticosveracruz.com\\\/\"},{\"@type\":\"ListItem\",\"position\":2,\"name\":\"LA ABEJITA\"}]},{\"@type\":\"WebSite\",\"@id\":\"https:\\\/\\\/lospoliticosveracruz.com\\\/#website\",\"url\":\"https:\\\/\\\/lospoliticosveracruz.com\\\/\",\"name\":\"Los pol\u00edticos Veracruz\",\"description\":\"\",\"publisher\":{\"@id\":\"https:\\\/\\\/lospoliticosveracruz.com\\\/#organization\"},\"potentialAction\":[{\"@type\":\"SearchAction\",\"target\":{\"@type\":\"EntryPoint\",\"urlTemplate\":\"https:\\\/\\\/lospoliticosveracruz.com\\\/?s={search_term_string}\"},\"query-input\":{\"@type\":\"PropertyValueSpecification\",\"valueRequired\":true,\"valueName\":\"search_term_string\"}}],\"inLanguage\":\"es\"},{\"@type\":\"Organization\",\"@id\":\"https:\\\/\\\/lospoliticosveracruz.com\\\/#organization\",\"name\":\"Los pol\u00edticos Veracruz\",\"url\":\"https:\\\/\\\/lospoliticosveracruz.com\\\/\",\"logo\":{\"@type\":\"ImageObject\",\"inLanguage\":\"es\",\"@id\":\"https:\\\/\\\/lospoliticosveracruz.com\\\/#\\\/schema\\\/logo\\\/image\\\/\",\"url\":\"https:\\\/\\\/lospoliticosveracruz.com\\\/wp-content\\\/uploads\\\/2025\\\/12\\\/Logo-Nuevo-LOS-POLITICOS-1.jpg\",\"contentUrl\":\"https:\\\/\\\/lospoliticosveracruz.com\\\/wp-content\\\/uploads\\\/2025\\\/12\\\/Logo-Nuevo-LOS-POLITICOS-1.jpg\",\"width\":260,\"height\":70,\"caption\":\"Los pol\u00edticos Veracruz\"},\"image\":{\"@id\":\"https:\\\/\\\/lospoliticosveracruz.com\\\/#\\\/schema\\\/logo\\\/image\\\/\"},\"sameAs\":[\"https:\\\/\\\/www.facebook.com\\\/people\\\/Notimemes-de-los-Polticos\\\/61565672886568\\\/\",\"https:\\\/\\\/x.com\\\/LosPoliticosVer\"]},{\"@type\":\"Person\",\"@id\":\"https:\\\/\\\/lospoliticosveracruz.com\\\/#\\\/schema\\\/person\\\/b8702bb0e538456e6efd07080bf2a4a2\",\"name\":\"Lo viste en Los Pol\u00edticos\",\"image\":{\"@type\":\"ImageObject\",\"inLanguage\":\"es\",\"@id\":\"https:\\\/\\\/secure.gravatar.com\\\/avatar\\\/3a8de04a2656d44082be478bd6c086daa447c4651605818287b9532d3d0bd435?s=96&d=mm&r=g\",\"url\":\"https:\\\/\\\/secure.gravatar.com\\\/avatar\\\/3a8de04a2656d44082be478bd6c086daa447c4651605818287b9532d3d0bd435?s=96&d=mm&r=g\",\"contentUrl\":\"https:\\\/\\\/secure.gravatar.com\\\/avatar\\\/3a8de04a2656d44082be478bd6c086daa447c4651605818287b9532d3d0bd435?s=96&d=mm&r=g\",\"caption\":\"Lo viste en Los Pol\u00edticos\"},\"url\":\"https:\\\/\\\/lospoliticosveracruz.com\\\/?author=2\"}]}<\/script>\n<!-- \/ Yoast SEO plugin. -->","yoast_head_json":{"title":"LA ABEJITA - Los pol\u00edticos Veracruz","robots":{"index":"index","follow":"follow","max-snippet":"max-snippet:-1","max-image-preview":"max-image-preview:large","max-video-preview":"max-video-preview:-1"},"canonical":"https:\/\/lospoliticosveracruz.com\/?p=140379","og_locale":"es_ES","og_type":"article","og_title":"LA ABEJITA - Los pol\u00edticos Veracruz","og_description":"\u2002\u2002\u00danete a nuestro canal&nbsp;\u2002\u2002\u2002\u2002\u2002\u2002&nbsp;\u2002\u2002\u2002\u2002\u2002\u2002&nbsp; \u00a1LOS POL\u00cdTICOS VERACRUZ&nbsp;ya est\u00e1 en WhatsApp! Juan Javier G\u00f3mez Cazar\u00edn Lo que yo pienso Grab\u00e9 el video de La Abejita Chiquitita porque me hizo gracia, porque me naci\u00f3, porque se me hizo que no tiene nada de malo. Lo hice porque soy alegre, porque disfruto la m\u00fasica tropical, porque quiero aprovechar [&hellip;]","og_url":"https:\/\/lospoliticosveracruz.com\/?p=140379","og_site_name":"Los pol\u00edticos Veracruz","article_publisher":"https:\/\/www.facebook.com\/people\/Notimemes-de-los-Polticos\/61565672886568\/","article_published_time":"2025-03-25T13:44:18+00:00","article_modified_time":"2025-03-25T13:44:39+00:00","og_image":[{"width":200,"height":200,"url":"https:\/\/lospoliticosveracruz.com\/wp-content\/uploads\/2016\/07\/Logo-Dor.jpg","type":"image\/jpeg"}],"author":"Lo viste en Los Pol\u00edticos","twitter_card":"summary_large_image","twitter_creator":"@LosPoliticosVer","twitter_site":"@LosPoliticosVer","twitter_misc":{"Escrito por":"Lo viste en Los Pol\u00edticos","Tiempo de lectura":"2 minutos"},"schema":{"@context":"https:\/\/schema.org","@graph":[{"@type":"Article","@id":"https:\/\/lospoliticosveracruz.com\/?p=140379#article","isPartOf":{"@id":"https:\/\/lospoliticosveracruz.com\/?p=140379"},"author":{"name":"Lo viste en Los Pol\u00edticos","@id":"https:\/\/lospoliticosveracruz.com\/#\/schema\/person\/b8702bb0e538456e6efd07080bf2a4a2"},"headline":"LA ABEJITA","datePublished":"2025-03-25T13:44:18+00:00","dateModified":"2025-03-25T13:44:39+00:00","mainEntityOfPage":{"@id":"https:\/\/lospoliticosveracruz.com\/?p=140379"},"wordCount":474,"publisher":{"@id":"https:\/\/lospoliticosveracruz.com\/#organization"},"keywords":["Juan Javier G\u00f3mez Cazar\u00edn","LA ABEJITA"],"articleSection":["De Opini\u00f3n"],"inLanguage":"es"},{"@type":"WebPage","@id":"https:\/\/lospoliticosveracruz.com\/?p=140379","url":"https:\/\/lospoliticosveracruz.com\/?p=140379","name":"LA ABEJITA - Los pol\u00edticos Veracruz","isPartOf":{"@id":"https:\/\/lospoliticosveracruz.com\/#website"},"datePublished":"2025-03-25T13:44:18+00:00","dateModified":"2025-03-25T13:44:39+00:00","breadcrumb":{"@id":"https:\/\/lospoliticosveracruz.com\/?p=140379#breadcrumb"},"inLanguage":"es","potentialAction":[{"@type":"ReadAction","target":["https:\/\/lospoliticosveracruz.com\/?p=140379"]}]},{"@type":"BreadcrumbList","@id":"https:\/\/lospoliticosveracruz.com\/?p=140379#breadcrumb","itemListElement":[{"@type":"ListItem","position":1,"name":"Portada","item":"https:\/\/lospoliticosveracruz.com\/"},{"@type":"ListItem","position":2,"name":"LA ABEJITA"}]},{"@type":"WebSite","@id":"https:\/\/lospoliticosveracruz.com\/#website","url":"https:\/\/lospoliticosveracruz.com\/","name":"Los pol\u00edticos Veracruz","description":"","publisher":{"@id":"https:\/\/lospoliticosveracruz.com\/#organization"},"potentialAction":[{"@type":"SearchAction","target":{"@type":"EntryPoint","urlTemplate":"https:\/\/lospoliticosveracruz.com\/?s={search_term_string}"},"query-input":{"@type":"PropertyValueSpecification","valueRequired":true,"valueName":"search_term_string"}}],"inLanguage":"es"},{"@type":"Organization","@id":"https:\/\/lospoliticosveracruz.com\/#organization","name":"Los pol\u00edticos Veracruz","url":"https:\/\/lospoliticosveracruz.com\/","logo":{"@type":"ImageObject","inLanguage":"es","@id":"https:\/\/lospoliticosveracruz.com\/#\/schema\/logo\/image\/","url":"https:\/\/lospoliticosveracruz.com\/wp-content\/uploads\/2025\/12\/Logo-Nuevo-LOS-POLITICOS-1.jpg","contentUrl":"https:\/\/lospoliticosveracruz.com\/wp-content\/uploads\/2025\/12\/Logo-Nuevo-LOS-POLITICOS-1.jpg","width":260,"height":70,"caption":"Los pol\u00edticos Veracruz"},"image":{"@id":"https:\/\/lospoliticosveracruz.com\/#\/schema\/logo\/image\/"},"sameAs":["https:\/\/www.facebook.com\/people\/Notimemes-de-los-Polticos\/61565672886568\/","https:\/\/x.com\/LosPoliticosVer"]},{"@type":"Person","@id":"https:\/\/lospoliticosveracruz.com\/#\/schema\/person\/b8702bb0e538456e6efd07080bf2a4a2","name":"Lo viste en Los Pol\u00edticos","image":{"@type":"ImageObject","inLanguage":"es","@id":"https:\/\/secure.gravatar.com\/avatar\/3a8de04a2656d44082be478bd6c086daa447c4651605818287b9532d3d0bd435?s=96&d=mm&r=g","url":"https:\/\/secure.gravatar.com\/avatar\/3a8de04a2656d44082be478bd6c086daa447c4651605818287b9532d3d0bd435?s=96&d=mm&r=g","contentUrl":"https:\/\/secure.gravatar.com\/avatar\/3a8de04a2656d44082be478bd6c086daa447c4651605818287b9532d3d0bd435?s=96&d=mm&r=g","caption":"Lo viste en Los Pol\u00edticos"},"url":"https:\/\/lospoliticosveracruz.com\/?author=2"}]}},"_links":{"self":[{"href":"https:\/\/lospoliticosveracruz.com\/index.php?rest_route=\/wp\/v2\/posts\/140379","targetHints":{"allow":["GET"]}}],"collection":[{"href":"https:\/\/lospoliticosveracruz.com\/index.php?rest_route=\/wp\/v2\/posts"}],"about":[{"href":"https:\/\/lospoliticosveracruz.com\/index.php?rest_route=\/wp\/v2\/types\/post"}],"author":[{"embeddable":true,"href":"https:\/\/lospoliticosveracruz.com\/index.php?rest_route=\/wp\/v2\/users\/2"}],"replies":[{"embeddable":true,"href":"https:\/\/lospoliticosveracruz.com\/index.php?rest_route=%2Fwp%2Fv2%2Fcomments&post=140379"}],"version-history":[{"count":1,"href":"https:\/\/lospoliticosveracruz.com\/index.php?rest_route=\/wp\/v2\/posts\/140379\/revisions"}],"predecessor-version":[{"id":140380,"href":"https:\/\/lospoliticosveracruz.com\/index.php?rest_route=\/wp\/v2\/posts\/140379\/revisions\/140380"}],"wp:attachment":[{"href":"https:\/\/lospoliticosveracruz.com\/index.php?rest_route=%2Fwp%2Fv2%2Fmedia&parent=140379"}],"wp:term":[{"taxonomy":"category","embeddable":true,"href":"https:\/\/lospoliticosveracruz.com\/index.php?rest_route=%2Fwp%2Fv2%2Fcategories&post=140379"},{"taxonomy":"post_tag","embeddable":true,"href":"https:\/\/lospoliticosveracruz.com\/index.php?rest_route=%2Fwp%2Fv2%2Ftags&post=140379"}],"curies":[{"name":"wp","href":"https:\/\/api.w.org\/{rel}","templated":true}]}}