{"id":140381,"date":"2025-03-25T07:58:13","date_gmt":"2025-03-25T13:58:13","guid":{"rendered":"https:\/\/lospoliticosveracruz.com.mx\/?p=140381"},"modified":"2025-03-25T07:58:39","modified_gmt":"2025-03-25T13:58:39","slug":"se-le-alborota-el-gallinero","status":"publish","type":"post","link":"https:\/\/lospoliticosveracruz.com\/?p=140381","title":{"rendered":"SE LE ALBOROTA EL GALLINERO"},"content":{"rendered":"\n<p><strong><a href=\"https:\/\/whatsapp.com\/channel\/0029Va8zRWlEKyZIP3Z1dF0e\">\u2002\u2002<strong>\u00danete a nuestro canal&nbsp;<\/strong>\u2002\u2002\u2002\u2002\u2002\u2002&nbsp;<\/a>\u2002\u2002\u2002\u2002\u2002\u2002&nbsp;<\/strong><\/p>\n\n\n\n<p>\u00a1<strong>LOS POL\u00cdTICOS VERACRUZ<\/strong>&nbsp;ya est\u00e1 en WhatsApp!<\/p>\n\n\n\n<p><strong>Oved Contreras<\/strong><\/p>\n\n\n\n<p><em>Secas Mecas<\/em><\/p>\n\n\n\n<p>Crece la inconformidad al interior de Morena en varios puntos del estado debido a la imposici\u00f3n de candidatos que, aseguran en muchos municipios, no tienen ni arraigo ni gozan del respaldo popular\u2026incluso retan a la dirigencia estatal de Morena a dar a conocer los resultados de las encuestas a ver si es cierto que todos los promotores ganaron en sus municipios.<\/p>\n\n\n\n<p>El chambero asegura que el encono entre la dirigencia nacional de Morena y la gobernadora Roc\u00edo Nahle lleg\u00f3 a tal grado que le dijeron que es su problema hacer ganar a los candidatos que ella impuso por encima de la militancia\u2026y que por eso la t\u00eda anda en recorrido por todo el estado anunciando obras, y curiosamente aparecen los promotores de la Cuarta Transformaci\u00f3n para sacarle provecho a esos anuncios.<\/p>\n\n\n\n<p>En Mart\u00ednez de la Torre, la t\u00eda Ch\u00edo fue a levantar el \u00e1nimo a su candidato Modesto Vel\u00e1zquez Toral, que en d\u00edas pasados fue designado promotor de la cuarta transformaci\u00f3n, y que dicen no repunta de cara a los comicios electorales del mes de junio\u2026la gobernadora anunci\u00f3 en su visita la construcci\u00f3n del puente Mart\u00ednez III, ante la desbandada de grupos de morena a otros partidos que amenazan con fracturar al movimiento\u2026otro caso parecido es la gorda Ahued en Boca del R\u00edo, que dicen que tampoco la quieren los morenistas boque\u00f1os porque los trata con desd\u00e9n como si no la merecieran adem\u00e1s de que siempre llega tarde a todos los recorridos\u2026que si no cambia su trato la van a dejar sola en campa\u00f1a y el d\u00eda de la elecci\u00f3n.<\/p>\n\n\n\n<p>En redes sociales le tiran bonito a Esteban \u201cLaRa\u201d Zepeta a quien acusan de ponerle precio a las candidaturas y que seg\u00fan el sapo es la pedrada\u2026dicen que hasta en un mill\u00f3n de pesos se cotiz\u00f3 una candidatura a presidencia municipal, 300 mil pesos una sindicatura y 200 mil una regidur\u00eda, adem\u00e1s tambi\u00e9n tuvo costo que en algunos municipios se hiciera de la vista gorda para imponer de candidatos a familiares de personajes \u201cde peso\u201d en la pol\u00edtica actual, sin importar que pierdan.<\/p>\n\n\n\n<p><strong>NO LIMPIAR\u00c1N CUENTAS<\/strong>\u2026Al rechazar cualquier acto de exceso e ilegalidad en el servicio p\u00fablico, el presidente de la Junta de Coordinaci\u00f3n Pol\u00edtica del Congreso local, Tebi Bautista, sostuvo que en Veracruz se quiere armon\u00eda, comunicaci\u00f3n y que todos los recursos se apliquen donde lo piden las comunidades, y que por su trascendencia, es un tema que requiere auditor\u00eda y revisi\u00f3n de las instancias competentes.<\/p>\n\n\n\n<p>El diputado morenista afirm\u00f3 que la Comisi\u00f3n de Vigilancia tiene la instrucci\u00f3n de llevar las cosas con mucha honradez, \u00e9tica y profesionalismo, nada de extorsionar a los municipios, nada de limpiar cuentas ni de recibir recursos a espaldas de los compa\u00f1eros\u2026as\u00ed que si los alcaldes quieren llevar la fiesta en paz, m\u00e1s vale que apliquen los recursos donde deben ser y que cada peso sea comprobable para evitarse problemas a futuro.<\/p>\n\n\n\n<p>Ayer lunes, con la asistencia de autoridades municipales de la zona centro de la entidad, inici\u00f3 en el Palacio Legislativo el curso \u201cVeracruz y la Fiscalizaci\u00f3n: Capacitaci\u00f3n para una Gesti\u00f3n Responsable 2025\u201d, que realizan en colaboraci\u00f3n el Congreso del Estado, a trav\u00e9s de la Secretar\u00eda de Fiscalizaci\u00f3n y la Direcci\u00f3n de Auditor\u00eda y Revisi\u00f3n Financiera, y la Contralor\u00eda General del Estado (CGE). El mismo ejercicio se replicar\u00e1 en la ciudad de Veracruz, este mi\u00e9rcoles 26, y en Coatzacoalcos, el viernes 28 de este mes.<\/p>\n\n\n\n<p>En su mensaje de bienvenida, el presidente de la Jucopo destac\u00f3 la importancia de la actualizaci\u00f3n y capacitaci\u00f3n de las y los servidores p\u00fablicos, ya que se trata de la eficiencia, responsabilidad y transparencia con que deben administrarse los recursos y cerrar cada gesti\u00f3n de manera satisfactoria y en orden.<\/p>\n\n\n\n<p><strong>SIGUE LA VIOLENCIA EN TUXPAN<\/strong>\u2026El propietario del restaurante \u00abEl Tim\u00f3n de Chuky\u00bb, Josu\u00e9 \u201cN\u201d, muri\u00f3 tras ser atacado a balazos frente a su domicilio en la congregaci\u00f3n La Mata de Tampamachoco, mismo sector donde se ubica el comedor con especialidad en mariscos\u2026hace un par de d\u00edas, un empresario inmobiliario fue asesinado en el interior de su negocio tambi\u00e9n en Tuxpan, que desde hace varias semanas enfrenta una ola de violencia.<\/p>\n\n\n\n<p>El ataque ocurri\u00f3 en las primeras horas de la tarde de ayer lunes en la calle Rivera del Pescador, en la principal zona restaurantera de platillos a base de mariscos de Tuxpan, en un sector rumbo a la playa. Los desconocidos dispararon en varias ocasiones contra el empresario, de 43 a\u00f1os de edad, quien logr\u00f3 sobrevivir en ese momento.<\/p>\n\n\n\n<p>Con m\u00faltiples heridas fue trasladado a una cl\u00ednica particular, donde finalmente falleci\u00f3\u2026tras el suceso, se activ\u00f3 C\u00f3digo Rojo y corporaciones de los tres niveles de gobierno fueron desplegadas en b\u00fasqueda de los agresores, sin reporte de que hayan detenido a los responsables del ataque armado.<\/p>\n\n\n\n<p>Luego de los hechos ocurridos en Minatitl\u00e1n, donde un empresario dio muerte a dos sicarios que pretend\u00edan cobrarle derecho de piso, la t\u00eda Ch\u00edo anunci\u00f3 que su gobierno dar\u00e1 seguimiento a la investigaci\u00f3n sobre los \u00faltimos hechos, y anunci\u00f3 que se implementar\u00e1n nuevas acciones en la regi\u00f3n despu\u00e9s de que se reportaron recientes incidentes delictivos.<\/p>\n\n\n\n<p>La t\u00eda Ch\u00edo asegur\u00f3 que la Fiscal\u00eda General del Estado (FGE) ya est\u00e1 investigando este caso y destac\u00f3 la importancia de reforzar las leyes para sancionar m\u00e1s severamente este tipo de delitos, porque la extorsi\u00f3n es una amenaza grave que atenta contra la libertad de las personas, \u201cy es crucial que endurezcamos las penas para este tipo de cr\u00edmenes y que se castigue con mayor rigor a los responsables\u201d.<\/p>\n\n\n\n<p>A trav\u00e9s de la Mesa de Seguridad realizada en Mart\u00ednez de la Torre, la mandataria rearm\u00f3 su compromiso con la tranquilidad de los veracruzanos, destacando que las reuniones de seguridad se realizan de manera diaria y en diferentes puntos del Estado para dar respuesta inmediata a las problem\u00e1ticas locales.&nbsp;<\/p>\n\n\n\n<p>&#8212;<\/p>\n\n\n\n<p>@ovedcontreras<\/p>\n","protected":false},"excerpt":{"rendered":"<p>\u2002\u2002\u00danete a nuestro canal&nbsp;\u2002\u2002\u2002\u2002\u2002\u2002&nbsp;\u2002\u2002\u2002\u2002\u2002\u2002&nbsp; \u00a1LOS POL\u00cdTICOS VERACRUZ&nbsp;ya est\u00e1 en WhatsApp! Oved Contreras Secas Mecas Crece la inconformidad al interior de Morena en varios puntos del estado debido a la imposici\u00f3n de candidatos que, aseguran en muchos municipios, no tienen ni arraigo ni gozan del respaldo popular\u2026incluso retan a la dirigencia estatal de Morena a dar [&hellip;]<\/p>\n","protected":false},"author":2,"featured_media":119816,"comment_status":"closed","ping_status":"closed","sticky":false,"template":"","format":"standard","meta":{"tdm_status":"","tdm_grid_status":"","footnotes":""},"categories":[70],"tags":[39715,3578,195],"class_list":{"0":"post-140381","1":"post","2":"type-post","3":"status-publish","4":"format-standard","5":"has-post-thumbnail","7":"category-de-opinion","8":"tag-oved-contreras","9":"tag-rocio-nahle","10":"tag-veracruz"},"yoast_head":"<!-- This site is optimized with the Yoast SEO plugin v27.4 - https:\/\/yoast.com\/product\/yoast-seo-wordpress\/ -->\n<title>SE LE ALBOROTA EL GALLINERO - Los pol\u00edticos Veracruz<\/title>\n<meta name=\"robots\" content=\"index, follow, max-snippet:-1, max-image-preview:large, max-video-preview:-1\" \/>\n<link rel=\"canonical\" href=\"https:\/\/lospoliticosveracruz.com\/?p=140381\" \/>\n<meta property=\"og:locale\" content=\"es_ES\" \/>\n<meta property=\"og:type\" content=\"article\" \/>\n<meta property=\"og:title\" content=\"SE LE ALBOROTA EL GALLINERO - Los pol\u00edticos Veracruz\" \/>\n<meta property=\"og:description\" content=\"\u2002\u2002\u00danete a nuestro canal&nbsp;\u2002\u2002\u2002\u2002\u2002\u2002&nbsp;\u2002\u2002\u2002\u2002\u2002\u2002&nbsp; \u00a1LOS POL\u00cdTICOS VERACRUZ&nbsp;ya est\u00e1 en WhatsApp! Oved Contreras Secas Mecas Crece la inconformidad al interior de Morena en varios puntos del estado debido a la imposici\u00f3n de candidatos que, aseguran en muchos municipios, no tienen ni arraigo ni gozan del respaldo popular\u2026incluso retan a la dirigencia estatal de Morena a dar [&hellip;]\" \/>\n<meta property=\"og:url\" content=\"https:\/\/lospoliticosveracruz.com\/?p=140381\" \/>\n<meta property=\"og:site_name\" content=\"Los pol\u00edticos Veracruz\" \/>\n<meta property=\"article:publisher\" content=\"https:\/\/www.facebook.com\/people\/Notimemes-de-los-Polticos\/61565672886568\/\" \/>\n<meta property=\"article:published_time\" content=\"2025-03-25T13:58:13+00:00\" \/>\n<meta property=\"article:modified_time\" content=\"2025-03-25T13:58:39+00:00\" \/>\n<meta property=\"og:image\" content=\"https:\/\/lospoliticosveracruz.com\/wp-content\/uploads\/2024\/03\/Oved-Contreras.jpg\" \/>\n\t<meta property=\"og:image:width\" content=\"1250\" \/>\n\t<meta property=\"og:image:height\" content=\"667\" \/>\n\t<meta property=\"og:image:type\" content=\"image\/jpeg\" \/>\n<meta name=\"author\" content=\"Lo viste en Los Pol\u00edticos\" \/>\n<meta name=\"twitter:card\" content=\"summary_large_image\" \/>\n<meta name=\"twitter:creator\" content=\"@LosPoliticosVer\" \/>\n<meta name=\"twitter:site\" content=\"@LosPoliticosVer\" \/>\n<meta name=\"twitter:label1\" content=\"Escrito por\" \/>\n\t<meta name=\"twitter:data1\" content=\"Lo viste en Los Pol\u00edticos\" \/>\n\t<meta name=\"twitter:label2\" content=\"Tiempo de lectura\" \/>\n\t<meta name=\"twitter:data2\" content=\"5 minutos\" \/>\n<script type=\"application\/ld+json\" class=\"yoast-schema-graph\">{\"@context\":\"https:\\\/\\\/schema.org\",\"@graph\":[{\"@type\":\"Article\",\"@id\":\"https:\\\/\\\/lospoliticosveracruz.com\\\/?p=140381#article\",\"isPartOf\":{\"@id\":\"https:\\\/\\\/lospoliticosveracruz.com\\\/?p=140381\"},\"author\":{\"name\":\"Lo viste en Los Pol\u00edticos\",\"@id\":\"https:\\\/\\\/lospoliticosveracruz.com\\\/#\\\/schema\\\/person\\\/b8702bb0e538456e6efd07080bf2a4a2\"},\"headline\":\"SE LE ALBOROTA EL GALLINERO\",\"datePublished\":\"2025-03-25T13:58:13+00:00\",\"dateModified\":\"2025-03-25T13:58:39+00:00\",\"mainEntityOfPage\":{\"@id\":\"https:\\\/\\\/lospoliticosveracruz.com\\\/?p=140381\"},\"wordCount\":1071,\"publisher\":{\"@id\":\"https:\\\/\\\/lospoliticosveracruz.com\\\/#organization\"},\"image\":{\"@id\":\"https:\\\/\\\/lospoliticosveracruz.com\\\/?p=140381#primaryimage\"},\"thumbnailUrl\":\"https:\\\/\\\/lospoliticosveracruz.com\\\/wp-content\\\/uploads\\\/2024\\\/03\\\/Oved-Contreras.jpg\",\"keywords\":[\"Oved Contreras\",\"Roc\u00edo Nahle\",\"Veracruz\"],\"articleSection\":[\"De Opini\u00f3n\"],\"inLanguage\":\"es\"},{\"@type\":\"WebPage\",\"@id\":\"https:\\\/\\\/lospoliticosveracruz.com\\\/?p=140381\",\"url\":\"https:\\\/\\\/lospoliticosveracruz.com\\\/?p=140381\",\"name\":\"SE LE ALBOROTA EL GALLINERO - Los pol\u00edticos Veracruz\",\"isPartOf\":{\"@id\":\"https:\\\/\\\/lospoliticosveracruz.com\\\/#website\"},\"primaryImageOfPage\":{\"@id\":\"https:\\\/\\\/lospoliticosveracruz.com\\\/?p=140381#primaryimage\"},\"image\":{\"@id\":\"https:\\\/\\\/lospoliticosveracruz.com\\\/?p=140381#primaryimage\"},\"thumbnailUrl\":\"https:\\\/\\\/lospoliticosveracruz.com\\\/wp-content\\\/uploads\\\/2024\\\/03\\\/Oved-Contreras.jpg\",\"datePublished\":\"2025-03-25T13:58:13+00:00\",\"dateModified\":\"2025-03-25T13:58:39+00:00\",\"breadcrumb\":{\"@id\":\"https:\\\/\\\/lospoliticosveracruz.com\\\/?p=140381#breadcrumb\"},\"inLanguage\":\"es\",\"potentialAction\":[{\"@type\":\"ReadAction\",\"target\":[\"https:\\\/\\\/lospoliticosveracruz.com\\\/?p=140381\"]}]},{\"@type\":\"ImageObject\",\"inLanguage\":\"es\",\"@id\":\"https:\\\/\\\/lospoliticosveracruz.com\\\/?p=140381#primaryimage\",\"url\":\"https:\\\/\\\/lospoliticosveracruz.com\\\/wp-content\\\/uploads\\\/2024\\\/03\\\/Oved-Contreras.jpg\",\"contentUrl\":\"https:\\\/\\\/lospoliticosveracruz.com\\\/wp-content\\\/uploads\\\/2024\\\/03\\\/Oved-Contreras.jpg\",\"width\":1250,\"height\":667},{\"@type\":\"BreadcrumbList\",\"@id\":\"https:\\\/\\\/lospoliticosveracruz.com\\\/?p=140381#breadcrumb\",\"itemListElement\":[{\"@type\":\"ListItem\",\"position\":1,\"name\":\"Portada\",\"item\":\"https:\\\/\\\/lospoliticosveracruz.com\\\/\"},{\"@type\":\"ListItem\",\"position\":2,\"name\":\"SE LE ALBOROTA EL GALLINERO\"}]},{\"@type\":\"WebSite\",\"@id\":\"https:\\\/\\\/lospoliticosveracruz.com\\\/#website\",\"url\":\"https:\\\/\\\/lospoliticosveracruz.com\\\/\",\"name\":\"Los pol\u00edticos Veracruz\",\"description\":\"\",\"publisher\":{\"@id\":\"https:\\\/\\\/lospoliticosveracruz.com\\\/#organization\"},\"potentialAction\":[{\"@type\":\"SearchAction\",\"target\":{\"@type\":\"EntryPoint\",\"urlTemplate\":\"https:\\\/\\\/lospoliticosveracruz.com\\\/?s={search_term_string}\"},\"query-input\":{\"@type\":\"PropertyValueSpecification\",\"valueRequired\":true,\"valueName\":\"search_term_string\"}}],\"inLanguage\":\"es\"},{\"@type\":\"Organization\",\"@id\":\"https:\\\/\\\/lospoliticosveracruz.com\\\/#organization\",\"name\":\"Los pol\u00edticos Veracruz\",\"url\":\"https:\\\/\\\/lospoliticosveracruz.com\\\/\",\"logo\":{\"@type\":\"ImageObject\",\"inLanguage\":\"es\",\"@id\":\"https:\\\/\\\/lospoliticosveracruz.com\\\/#\\\/schema\\\/logo\\\/image\\\/\",\"url\":\"https:\\\/\\\/lospoliticosveracruz.com\\\/wp-content\\\/uploads\\\/2025\\\/12\\\/Logo-Nuevo-LOS-POLITICOS-1.jpg\",\"contentUrl\":\"https:\\\/\\\/lospoliticosveracruz.com\\\/wp-content\\\/uploads\\\/2025\\\/12\\\/Logo-Nuevo-LOS-POLITICOS-1.jpg\",\"width\":260,\"height\":70,\"caption\":\"Los pol\u00edticos Veracruz\"},\"image\":{\"@id\":\"https:\\\/\\\/lospoliticosveracruz.com\\\/#\\\/schema\\\/logo\\\/image\\\/\"},\"sameAs\":[\"https:\\\/\\\/www.facebook.com\\\/people\\\/Notimemes-de-los-Polticos\\\/61565672886568\\\/\",\"https:\\\/\\\/x.com\\\/LosPoliticosVer\"]},{\"@type\":\"Person\",\"@id\":\"https:\\\/\\\/lospoliticosveracruz.com\\\/#\\\/schema\\\/person\\\/b8702bb0e538456e6efd07080bf2a4a2\",\"name\":\"Lo viste en Los Pol\u00edticos\",\"image\":{\"@type\":\"ImageObject\",\"inLanguage\":\"es\",\"@id\":\"https:\\\/\\\/secure.gravatar.com\\\/avatar\\\/3a8de04a2656d44082be478bd6c086daa447c4651605818287b9532d3d0bd435?s=96&d=mm&r=g\",\"url\":\"https:\\\/\\\/secure.gravatar.com\\\/avatar\\\/3a8de04a2656d44082be478bd6c086daa447c4651605818287b9532d3d0bd435?s=96&d=mm&r=g\",\"contentUrl\":\"https:\\\/\\\/secure.gravatar.com\\\/avatar\\\/3a8de04a2656d44082be478bd6c086daa447c4651605818287b9532d3d0bd435?s=96&d=mm&r=g\",\"caption\":\"Lo viste en Los Pol\u00edticos\"},\"url\":\"https:\\\/\\\/lospoliticosveracruz.com\\\/?author=2\"}]}<\/script>\n<!-- \/ Yoast SEO plugin. -->","yoast_head_json":{"title":"SE LE ALBOROTA EL GALLINERO - Los pol\u00edticos Veracruz","robots":{"index":"index","follow":"follow","max-snippet":"max-snippet:-1","max-image-preview":"max-image-preview:large","max-video-preview":"max-video-preview:-1"},"canonical":"https:\/\/lospoliticosveracruz.com\/?p=140381","og_locale":"es_ES","og_type":"article","og_title":"SE LE ALBOROTA EL GALLINERO - Los pol\u00edticos Veracruz","og_description":"\u2002\u2002\u00danete a nuestro canal&nbsp;\u2002\u2002\u2002\u2002\u2002\u2002&nbsp;\u2002\u2002\u2002\u2002\u2002\u2002&nbsp; \u00a1LOS POL\u00cdTICOS VERACRUZ&nbsp;ya est\u00e1 en WhatsApp! Oved Contreras Secas Mecas Crece la inconformidad al interior de Morena en varios puntos del estado debido a la imposici\u00f3n de candidatos que, aseguran en muchos municipios, no tienen ni arraigo ni gozan del respaldo popular\u2026incluso retan a la dirigencia estatal de Morena a dar [&hellip;]","og_url":"https:\/\/lospoliticosveracruz.com\/?p=140381","og_site_name":"Los pol\u00edticos Veracruz","article_publisher":"https:\/\/www.facebook.com\/people\/Notimemes-de-los-Polticos\/61565672886568\/","article_published_time":"2025-03-25T13:58:13+00:00","article_modified_time":"2025-03-25T13:58:39+00:00","og_image":[{"width":1250,"height":667,"url":"https:\/\/lospoliticosveracruz.com\/wp-content\/uploads\/2024\/03\/Oved-Contreras.jpg","type":"image\/jpeg"}],"author":"Lo viste en Los Pol\u00edticos","twitter_card":"summary_large_image","twitter_creator":"@LosPoliticosVer","twitter_site":"@LosPoliticosVer","twitter_misc":{"Escrito por":"Lo viste en Los Pol\u00edticos","Tiempo de lectura":"5 minutos"},"schema":{"@context":"https:\/\/schema.org","@graph":[{"@type":"Article","@id":"https:\/\/lospoliticosveracruz.com\/?p=140381#article","isPartOf":{"@id":"https:\/\/lospoliticosveracruz.com\/?p=140381"},"author":{"name":"Lo viste en Los Pol\u00edticos","@id":"https:\/\/lospoliticosveracruz.com\/#\/schema\/person\/b8702bb0e538456e6efd07080bf2a4a2"},"headline":"SE LE ALBOROTA EL GALLINERO","datePublished":"2025-03-25T13:58:13+00:00","dateModified":"2025-03-25T13:58:39+00:00","mainEntityOfPage":{"@id":"https:\/\/lospoliticosveracruz.com\/?p=140381"},"wordCount":1071,"publisher":{"@id":"https:\/\/lospoliticosveracruz.com\/#organization"},"image":{"@id":"https:\/\/lospoliticosveracruz.com\/?p=140381#primaryimage"},"thumbnailUrl":"https:\/\/lospoliticosveracruz.com\/wp-content\/uploads\/2024\/03\/Oved-Contreras.jpg","keywords":["Oved Contreras","Roc\u00edo Nahle","Veracruz"],"articleSection":["De Opini\u00f3n"],"inLanguage":"es"},{"@type":"WebPage","@id":"https:\/\/lospoliticosveracruz.com\/?p=140381","url":"https:\/\/lospoliticosveracruz.com\/?p=140381","name":"SE LE ALBOROTA EL GALLINERO - Los pol\u00edticos Veracruz","isPartOf":{"@id":"https:\/\/lospoliticosveracruz.com\/#website"},"primaryImageOfPage":{"@id":"https:\/\/lospoliticosveracruz.com\/?p=140381#primaryimage"},"image":{"@id":"https:\/\/lospoliticosveracruz.com\/?p=140381#primaryimage"},"thumbnailUrl":"https:\/\/lospoliticosveracruz.com\/wp-content\/uploads\/2024\/03\/Oved-Contreras.jpg","datePublished":"2025-03-25T13:58:13+00:00","dateModified":"2025-03-25T13:58:39+00:00","breadcrumb":{"@id":"https:\/\/lospoliticosveracruz.com\/?p=140381#breadcrumb"},"inLanguage":"es","potentialAction":[{"@type":"ReadAction","target":["https:\/\/lospoliticosveracruz.com\/?p=140381"]}]},{"@type":"ImageObject","inLanguage":"es","@id":"https:\/\/lospoliticosveracruz.com\/?p=140381#primaryimage","url":"https:\/\/lospoliticosveracruz.com\/wp-content\/uploads\/2024\/03\/Oved-Contreras.jpg","contentUrl":"https:\/\/lospoliticosveracruz.com\/wp-content\/uploads\/2024\/03\/Oved-Contreras.jpg","width":1250,"height":667},{"@type":"BreadcrumbList","@id":"https:\/\/lospoliticosveracruz.com\/?p=140381#breadcrumb","itemListElement":[{"@type":"ListItem","position":1,"name":"Portada","item":"https:\/\/lospoliticosveracruz.com\/"},{"@type":"ListItem","position":2,"name":"SE LE ALBOROTA EL GALLINERO"}]},{"@type":"WebSite","@id":"https:\/\/lospoliticosveracruz.com\/#website","url":"https:\/\/lospoliticosveracruz.com\/","name":"Los pol\u00edticos Veracruz","description":"","publisher":{"@id":"https:\/\/lospoliticosveracruz.com\/#organization"},"potentialAction":[{"@type":"SearchAction","target":{"@type":"EntryPoint","urlTemplate":"https:\/\/lospoliticosveracruz.com\/?s={search_term_string}"},"query-input":{"@type":"PropertyValueSpecification","valueRequired":true,"valueName":"search_term_string"}}],"inLanguage":"es"},{"@type":"Organization","@id":"https:\/\/lospoliticosveracruz.com\/#organization","name":"Los pol\u00edticos Veracruz","url":"https:\/\/lospoliticosveracruz.com\/","logo":{"@type":"ImageObject","inLanguage":"es","@id":"https:\/\/lospoliticosveracruz.com\/#\/schema\/logo\/image\/","url":"https:\/\/lospoliticosveracruz.com\/wp-content\/uploads\/2025\/12\/Logo-Nuevo-LOS-POLITICOS-1.jpg","contentUrl":"https:\/\/lospoliticosveracruz.com\/wp-content\/uploads\/2025\/12\/Logo-Nuevo-LOS-POLITICOS-1.jpg","width":260,"height":70,"caption":"Los pol\u00edticos Veracruz"},"image":{"@id":"https:\/\/lospoliticosveracruz.com\/#\/schema\/logo\/image\/"},"sameAs":["https:\/\/www.facebook.com\/people\/Notimemes-de-los-Polticos\/61565672886568\/","https:\/\/x.com\/LosPoliticosVer"]},{"@type":"Person","@id":"https:\/\/lospoliticosveracruz.com\/#\/schema\/person\/b8702bb0e538456e6efd07080bf2a4a2","name":"Lo viste en Los Pol\u00edticos","image":{"@type":"ImageObject","inLanguage":"es","@id":"https:\/\/secure.gravatar.com\/avatar\/3a8de04a2656d44082be478bd6c086daa447c4651605818287b9532d3d0bd435?s=96&d=mm&r=g","url":"https:\/\/secure.gravatar.com\/avatar\/3a8de04a2656d44082be478bd6c086daa447c4651605818287b9532d3d0bd435?s=96&d=mm&r=g","contentUrl":"https:\/\/secure.gravatar.com\/avatar\/3a8de04a2656d44082be478bd6c086daa447c4651605818287b9532d3d0bd435?s=96&d=mm&r=g","caption":"Lo viste en Los Pol\u00edticos"},"url":"https:\/\/lospoliticosveracruz.com\/?author=2"}]}},"_links":{"self":[{"href":"https:\/\/lospoliticosveracruz.com\/index.php?rest_route=\/wp\/v2\/posts\/140381","targetHints":{"allow":["GET"]}}],"collection":[{"href":"https:\/\/lospoliticosveracruz.com\/index.php?rest_route=\/wp\/v2\/posts"}],"about":[{"href":"https:\/\/lospoliticosveracruz.com\/index.php?rest_route=\/wp\/v2\/types\/post"}],"author":[{"embeddable":true,"href":"https:\/\/lospoliticosveracruz.com\/index.php?rest_route=\/wp\/v2\/users\/2"}],"replies":[{"embeddable":true,"href":"https:\/\/lospoliticosveracruz.com\/index.php?rest_route=%2Fwp%2Fv2%2Fcomments&post=140381"}],"version-history":[{"count":2,"href":"https:\/\/lospoliticosveracruz.com\/index.php?rest_route=\/wp\/v2\/posts\/140381\/revisions"}],"predecessor-version":[{"id":140383,"href":"https:\/\/lospoliticosveracruz.com\/index.php?rest_route=\/wp\/v2\/posts\/140381\/revisions\/140383"}],"wp:featuredmedia":[{"embeddable":true,"href":"https:\/\/lospoliticosveracruz.com\/index.php?rest_route=\/wp\/v2\/media\/119816"}],"wp:attachment":[{"href":"https:\/\/lospoliticosveracruz.com\/index.php?rest_route=%2Fwp%2Fv2%2Fmedia&parent=140381"}],"wp:term":[{"taxonomy":"category","embeddable":true,"href":"https:\/\/lospoliticosveracruz.com\/index.php?rest_route=%2Fwp%2Fv2%2Fcategories&post=140381"},{"taxonomy":"post_tag","embeddable":true,"href":"https:\/\/lospoliticosveracruz.com\/index.php?rest_route=%2Fwp%2Fv2%2Ftags&post=140381"}],"curies":[{"name":"wp","href":"https:\/\/api.w.org\/{rel}","templated":true}]}}