{"id":140390,"date":"2025-03-25T10:28:25","date_gmt":"2025-03-25T16:28:25","guid":{"rendered":"https:\/\/lospoliticosveracruz.com.mx\/?p=140390"},"modified":"2025-03-25T10:28:37","modified_gmt":"2025-03-25T16:28:37","slug":"hijos-de-su-pt-mauser","status":"publish","type":"post","link":"https:\/\/lospoliticosveracruz.com\/?p=140390","title":{"rendered":"HIJOS DE SU PT M\u00c1USER!"},"content":{"rendered":"\n<p><strong><a href=\"https:\/\/whatsapp.com\/channel\/0029Va8zRWlEKyZIP3Z1dF0e\">\u2002\u2002<strong>\u00danete a nuestro canal&nbsp;<\/strong>\u2002\u2002\u2002\u2002\u2002\u2002&nbsp;<\/a>\u2002\u2002\u2002\u2002\u2002\u2002&nbsp;<\/strong><\/p>\n\n\n\n<p>\u00a1<strong>LOS POL\u00cdTICOS VERACRUZ<\/strong>&nbsp;ya est\u00e1 en WhatsApp!<\/p>\n\n\n\n<p>Acayucan<\/p>\n\n\n\n<p>Gran indignaci\u00f3n hay en la sierra de Tatahuicapan despu\u00e9s de que una mujer de ascendencia ind\u00edgena resultara salvajemente golpeada a manos de Luz Elena Gonz\u00e1lez Mart\u00ednez, hermana del candidato del Partido de Trabajo (PT) a la alcald\u00eda de ese municipio, Vladimir Gonz\u00e1lez Mart\u00ednez, durante el baile del cierre de las fiestas patronales de Tatahuicapan.<\/p>\n\n\n\n<p>El motivo de la golpiza, indicaron personas que presenciaron los hechos, y que pidieron anonimato ante el temor de las represalias, fue por que el Presidente municipal de ese municipio, y anfitri\u00f3n de las festividades, Eusebio Gonz\u00e1lez, sac\u00f3 a bailar a la joven Emelyn N, lo que molest\u00f3 y gener\u00f3 celos en su hija Luz Elena Gonz\u00e1lez Mart\u00ednez, quien presuntamente se encontraba alcoholizada y no pudo controlarse al grado de que fue a separar a la pareja a la pista de baile y arremeti\u00f3 salvajemente contra la dama.<\/p>\n\n\n\n<p>El Presidente municipal lejos de evitar que la chica fuera golpeada por su hija, se march\u00f3 del sitio, pues tambi\u00e9n se encontraba en estado inconveniente, y no fue capaz de evitar la agresi\u00f3n a la ciudadana que \u00e9l mismo sac\u00f3 a bailar.<\/p>\n\n\n\n<p>Los ciudadanos que fueron testigos reportaron los hechos a la polic\u00eda municipal, \u201cla polic\u00eda retuvo por unos momentos a la agresora, pero supuestamente por una llamada de su hermano, Vladimir Gonz\u00e1lez Mart\u00ednez, candidato del PT, la tuvieron que liberar y darle una disculpa\u201d, dijo un testigo de las agresiones que pide anonimato ante el temor de ser blanco de represalias de parte de Eusebio Gonz\u00e1lez y de su hijo Vladimir Gonz\u00e1lez, quienes mantienen aterrorizado al pueblo pidiendo el voto a favor del PT.<\/p>\n\n\n\n<p>Los hechos se presentaron al cierre de las fiestas patronales de Tatahuicapan durante el baile de Los Buitres de Culiac\u00e1n en el campo deportivo del pueblo, ante cientos de personas que presenciaron como la hija del alcalde le peg\u00f3 a la joven Emelyn N sin ning\u00fan motivo aparente, solo los celos que sinti\u00f3 al ver que su padre bailaba con otra mujer, Chevo mejor se march\u00f3 del lugar antes de ser golpeado por su propia hija pues es sabido que tampoco lo respetan en su casa por que siempre anda tomando.<\/p>\n\n\n\n<p>\u201cSon una familia muy problem\u00e1tica desde que tiene poder, todos se alcoholizan y no controlan los vicios, ya no solo es el pap\u00e1 que es alcalde el que arma sus shows que dan risa, los hijos son muy violentos por que se sienten con impunidad\u201d, dijo la misma fuente.<\/p>\n\n\n\n<p>Son muchos los videos y fotos del alcalde Chevo Gonz\u00e1lez en donde se mira como baila o se queda tirado bien borracho en el pueblo, el pueblo ind\u00edgena ya hasta le pusieron un apodo que lo retrata de pies a cabeza: \u201cEusebrio Gonz\u00e1lez\u201d.<\/p>\n\n\n\n<p>Hasta ahora el aspirante del PT Vladimir Gonz\u00e1lez no ha dado ning\u00fan pronunciamiento al respecto sobre el mal comportamiento de su hermana y de su padre durante el baile, en el pueblo es sabido que este joven estuvo internado durante varios meses en un centro contra las adicciones porque era consumidor de fentanilo, \u201cnadie olvida que Vladimir andaba bien drogo cuando mero le causa la muerte a su propia madre por sus excesos\u201d.<\/p>\n\n\n\n<p>Vladimir Gonz\u00e1lez durante los \u00faltimos meses camin\u00f3 bajo las siglas de MORENA en busca de la Presidencia de Tatahuicapan, pero no concret\u00f3 sus aspiraciones por la llegada de la ley contra el nepotismo impulsada por la Presidenta y por la Gobernadora Roc\u00edo Nahle Garcia, ya que su pap\u00e1 es el Presidente municipal de Tatahuicapan y pr\u00e1cticamente buscan heredarse la alcald\u00eda como si fuera un patrimonio familiar.<\/p>\n\n\n\n<p>Al quedar fuera de posibilidades de ir por MORENA, el Presidente municipal de Tatahuicapan mand\u00f3 a su hijo por el PT, desobedeciendo la recomendaci\u00f3n de la Gobernadora de que ning\u00fan alcalde de MORENA ten\u00eda que anotar a familiares directos en las pr\u00f3ximas contiendas por las alcald\u00edas en Veracruz.<\/p>\n\n\n\n<p>No es el primer esc\u00e1ndalo que protagoniza Eusebio Gonz\u00e1lez, han sido muchas las borracheras y pleitos entre sus familiares, tanto que abundan numerosas fotos y videos en donde se mira al Presidente municipal hacer toda clase de desfiguros al calor de las copas.<\/p>\n\n\n\n<p>Durante 2024 se gan\u00f3 el repudio de todo el sur de Veracruz al encabezar la toma de la presa Yuribia con lo que pretend\u00eda extorsionar a Coatzacoalcos y al gobierno de Veracruz para conseguir una suma millonaria, esto fue altamente criticado por la poblaci\u00f3n al se\u00f1alar que esos recursos seguramente ir\u00edan a parar a la campa\u00f1a proselitista de su v\u00e1stago, Vladimir Gonz\u00e1lez.<\/p>\n","protected":false},"excerpt":{"rendered":"<p>\u2002\u2002\u00danete a nuestro canal&nbsp;\u2002\u2002\u2002\u2002\u2002\u2002&nbsp;\u2002\u2002\u2002\u2002\u2002\u2002&nbsp; \u00a1LOS POL\u00cdTICOS VERACRUZ&nbsp;ya est\u00e1 en WhatsApp! Acayucan Gran indignaci\u00f3n hay en la sierra de Tatahuicapan despu\u00e9s de que una mujer de ascendencia ind\u00edgena resultara salvajemente golpeada a manos de Luz Elena Gonz\u00e1lez Mart\u00ednez, hermana del candidato del Partido de Trabajo (PT) a la alcald\u00eda de ese municipio, Vladimir Gonz\u00e1lez Mart\u00ednez, durante [&hellip;]<\/p>\n","protected":false},"author":2,"featured_media":140391,"comment_status":"closed","ping_status":"closed","sticky":false,"template":"","format":"standard","meta":{"tdm_status":"","tdm_grid_status":"","footnotes":""},"categories":[72],"tags":[],"class_list":{"0":"post-140390","1":"post","2":"type-post","3":"status-publish","4":"format-standard","5":"has-post-thumbnail","7":"category-palomazos"},"yoast_head":"<!-- This site is optimized with the Yoast SEO plugin v27.4 - https:\/\/yoast.com\/product\/yoast-seo-wordpress\/ -->\n<title>HIJOS DE SU PT M\u00c1USER! - Los pol\u00edticos Veracruz<\/title>\n<meta name=\"robots\" content=\"index, follow, max-snippet:-1, max-image-preview:large, max-video-preview:-1\" \/>\n<link rel=\"canonical\" href=\"https:\/\/lospoliticosveracruz.com\/?p=140390\" \/>\n<meta property=\"og:locale\" content=\"es_ES\" \/>\n<meta property=\"og:type\" content=\"article\" \/>\n<meta property=\"og:title\" content=\"HIJOS DE SU PT M\u00c1USER! - Los pol\u00edticos Veracruz\" \/>\n<meta property=\"og:description\" content=\"\u2002\u2002\u00danete a nuestro canal&nbsp;\u2002\u2002\u2002\u2002\u2002\u2002&nbsp;\u2002\u2002\u2002\u2002\u2002\u2002&nbsp; \u00a1LOS POL\u00cdTICOS VERACRUZ&nbsp;ya est\u00e1 en WhatsApp! Acayucan Gran indignaci\u00f3n hay en la sierra de Tatahuicapan despu\u00e9s de que una mujer de ascendencia ind\u00edgena resultara salvajemente golpeada a manos de Luz Elena Gonz\u00e1lez Mart\u00ednez, hermana del candidato del Partido de Trabajo (PT) a la alcald\u00eda de ese municipio, Vladimir Gonz\u00e1lez Mart\u00ednez, durante [&hellip;]\" \/>\n<meta property=\"og:url\" content=\"https:\/\/lospoliticosveracruz.com\/?p=140390\" \/>\n<meta property=\"og:site_name\" content=\"Los pol\u00edticos Veracruz\" \/>\n<meta property=\"article:publisher\" content=\"https:\/\/www.facebook.com\/people\/Notimemes-de-los-Polticos\/61565672886568\/\" \/>\n<meta property=\"article:published_time\" content=\"2025-03-25T16:28:25+00:00\" \/>\n<meta property=\"article:modified_time\" content=\"2025-03-25T16:28:37+00:00\" \/>\n<meta property=\"og:image\" content=\"https:\/\/lospoliticosveracruz.com\/wp-content\/uploads\/2025\/03\/IMG_8364.png\" \/>\n\t<meta property=\"og:image:width\" content=\"600\" \/>\n\t<meta property=\"og:image:height\" content=\"320\" \/>\n\t<meta property=\"og:image:type\" content=\"image\/png\" \/>\n<meta name=\"author\" content=\"Lo viste en Los Pol\u00edticos\" \/>\n<meta name=\"twitter:card\" content=\"summary_large_image\" \/>\n<meta name=\"twitter:creator\" content=\"@LosPoliticosVer\" \/>\n<meta name=\"twitter:site\" content=\"@LosPoliticosVer\" \/>\n<meta name=\"twitter:label1\" content=\"Escrito por\" \/>\n\t<meta name=\"twitter:data1\" content=\"Lo viste en Los Pol\u00edticos\" \/>\n\t<meta name=\"twitter:label2\" content=\"Tiempo de lectura\" \/>\n\t<meta name=\"twitter:data2\" content=\"4 minutos\" \/>\n<script type=\"application\/ld+json\" class=\"yoast-schema-graph\">{\"@context\":\"https:\\\/\\\/schema.org\",\"@graph\":[{\"@type\":\"Article\",\"@id\":\"https:\\\/\\\/lospoliticosveracruz.com\\\/?p=140390#article\",\"isPartOf\":{\"@id\":\"https:\\\/\\\/lospoliticosveracruz.com\\\/?p=140390\"},\"author\":{\"name\":\"Lo viste en Los Pol\u00edticos\",\"@id\":\"https:\\\/\\\/lospoliticosveracruz.com\\\/#\\\/schema\\\/person\\\/b8702bb0e538456e6efd07080bf2a4a2\"},\"headline\":\"HIJOS DE SU PT M\u00c1USER!\",\"datePublished\":\"2025-03-25T16:28:25+00:00\",\"dateModified\":\"2025-03-25T16:28:37+00:00\",\"mainEntityOfPage\":{\"@id\":\"https:\\\/\\\/lospoliticosveracruz.com\\\/?p=140390\"},\"wordCount\":810,\"publisher\":{\"@id\":\"https:\\\/\\\/lospoliticosveracruz.com\\\/#organization\"},\"image\":{\"@id\":\"https:\\\/\\\/lospoliticosveracruz.com\\\/?p=140390#primaryimage\"},\"thumbnailUrl\":\"https:\\\/\\\/lospoliticosveracruz.com\\\/wp-content\\\/uploads\\\/2025\\\/03\\\/IMG_8364.png\",\"articleSection\":[\"Palomazos\"],\"inLanguage\":\"es\"},{\"@type\":\"WebPage\",\"@id\":\"https:\\\/\\\/lospoliticosveracruz.com\\\/?p=140390\",\"url\":\"https:\\\/\\\/lospoliticosveracruz.com\\\/?p=140390\",\"name\":\"HIJOS DE SU PT M\u00c1USER! - Los pol\u00edticos Veracruz\",\"isPartOf\":{\"@id\":\"https:\\\/\\\/lospoliticosveracruz.com\\\/#website\"},\"primaryImageOfPage\":{\"@id\":\"https:\\\/\\\/lospoliticosveracruz.com\\\/?p=140390#primaryimage\"},\"image\":{\"@id\":\"https:\\\/\\\/lospoliticosveracruz.com\\\/?p=140390#primaryimage\"},\"thumbnailUrl\":\"https:\\\/\\\/lospoliticosveracruz.com\\\/wp-content\\\/uploads\\\/2025\\\/03\\\/IMG_8364.png\",\"datePublished\":\"2025-03-25T16:28:25+00:00\",\"dateModified\":\"2025-03-25T16:28:37+00:00\",\"breadcrumb\":{\"@id\":\"https:\\\/\\\/lospoliticosveracruz.com\\\/?p=140390#breadcrumb\"},\"inLanguage\":\"es\",\"potentialAction\":[{\"@type\":\"ReadAction\",\"target\":[\"https:\\\/\\\/lospoliticosveracruz.com\\\/?p=140390\"]}]},{\"@type\":\"ImageObject\",\"inLanguage\":\"es\",\"@id\":\"https:\\\/\\\/lospoliticosveracruz.com\\\/?p=140390#primaryimage\",\"url\":\"https:\\\/\\\/lospoliticosveracruz.com\\\/wp-content\\\/uploads\\\/2025\\\/03\\\/IMG_8364.png\",\"contentUrl\":\"https:\\\/\\\/lospoliticosveracruz.com\\\/wp-content\\\/uploads\\\/2025\\\/03\\\/IMG_8364.png\",\"width\":600,\"height\":320},{\"@type\":\"BreadcrumbList\",\"@id\":\"https:\\\/\\\/lospoliticosveracruz.com\\\/?p=140390#breadcrumb\",\"itemListElement\":[{\"@type\":\"ListItem\",\"position\":1,\"name\":\"Portada\",\"item\":\"https:\\\/\\\/lospoliticosveracruz.com\\\/\"},{\"@type\":\"ListItem\",\"position\":2,\"name\":\"HIJOS DE SU PT M\u00c1USER!\"}]},{\"@type\":\"WebSite\",\"@id\":\"https:\\\/\\\/lospoliticosveracruz.com\\\/#website\",\"url\":\"https:\\\/\\\/lospoliticosveracruz.com\\\/\",\"name\":\"Los pol\u00edticos Veracruz\",\"description\":\"\",\"publisher\":{\"@id\":\"https:\\\/\\\/lospoliticosveracruz.com\\\/#organization\"},\"potentialAction\":[{\"@type\":\"SearchAction\",\"target\":{\"@type\":\"EntryPoint\",\"urlTemplate\":\"https:\\\/\\\/lospoliticosveracruz.com\\\/?s={search_term_string}\"},\"query-input\":{\"@type\":\"PropertyValueSpecification\",\"valueRequired\":true,\"valueName\":\"search_term_string\"}}],\"inLanguage\":\"es\"},{\"@type\":\"Organization\",\"@id\":\"https:\\\/\\\/lospoliticosveracruz.com\\\/#organization\",\"name\":\"Los pol\u00edticos Veracruz\",\"url\":\"https:\\\/\\\/lospoliticosveracruz.com\\\/\",\"logo\":{\"@type\":\"ImageObject\",\"inLanguage\":\"es\",\"@id\":\"https:\\\/\\\/lospoliticosveracruz.com\\\/#\\\/schema\\\/logo\\\/image\\\/\",\"url\":\"https:\\\/\\\/lospoliticosveracruz.com\\\/wp-content\\\/uploads\\\/2025\\\/12\\\/Logo-Nuevo-LOS-POLITICOS-1.jpg\",\"contentUrl\":\"https:\\\/\\\/lospoliticosveracruz.com\\\/wp-content\\\/uploads\\\/2025\\\/12\\\/Logo-Nuevo-LOS-POLITICOS-1.jpg\",\"width\":260,\"height\":70,\"caption\":\"Los pol\u00edticos Veracruz\"},\"image\":{\"@id\":\"https:\\\/\\\/lospoliticosveracruz.com\\\/#\\\/schema\\\/logo\\\/image\\\/\"},\"sameAs\":[\"https:\\\/\\\/www.facebook.com\\\/people\\\/Notimemes-de-los-Polticos\\\/61565672886568\\\/\",\"https:\\\/\\\/x.com\\\/LosPoliticosVer\"]},{\"@type\":\"Person\",\"@id\":\"https:\\\/\\\/lospoliticosveracruz.com\\\/#\\\/schema\\\/person\\\/b8702bb0e538456e6efd07080bf2a4a2\",\"name\":\"Lo viste en Los Pol\u00edticos\",\"image\":{\"@type\":\"ImageObject\",\"inLanguage\":\"es\",\"@id\":\"https:\\\/\\\/secure.gravatar.com\\\/avatar\\\/3a8de04a2656d44082be478bd6c086daa447c4651605818287b9532d3d0bd435?s=96&d=mm&r=g\",\"url\":\"https:\\\/\\\/secure.gravatar.com\\\/avatar\\\/3a8de04a2656d44082be478bd6c086daa447c4651605818287b9532d3d0bd435?s=96&d=mm&r=g\",\"contentUrl\":\"https:\\\/\\\/secure.gravatar.com\\\/avatar\\\/3a8de04a2656d44082be478bd6c086daa447c4651605818287b9532d3d0bd435?s=96&d=mm&r=g\",\"caption\":\"Lo viste en Los Pol\u00edticos\"},\"url\":\"https:\\\/\\\/lospoliticosveracruz.com\\\/?author=2\"}]}<\/script>\n<!-- \/ Yoast SEO plugin. -->","yoast_head_json":{"title":"HIJOS DE SU PT M\u00c1USER! - Los pol\u00edticos Veracruz","robots":{"index":"index","follow":"follow","max-snippet":"max-snippet:-1","max-image-preview":"max-image-preview:large","max-video-preview":"max-video-preview:-1"},"canonical":"https:\/\/lospoliticosveracruz.com\/?p=140390","og_locale":"es_ES","og_type":"article","og_title":"HIJOS DE SU PT M\u00c1USER! - Los pol\u00edticos Veracruz","og_description":"\u2002\u2002\u00danete a nuestro canal&nbsp;\u2002\u2002\u2002\u2002\u2002\u2002&nbsp;\u2002\u2002\u2002\u2002\u2002\u2002&nbsp; \u00a1LOS POL\u00cdTICOS VERACRUZ&nbsp;ya est\u00e1 en WhatsApp! Acayucan Gran indignaci\u00f3n hay en la sierra de Tatahuicapan despu\u00e9s de que una mujer de ascendencia ind\u00edgena resultara salvajemente golpeada a manos de Luz Elena Gonz\u00e1lez Mart\u00ednez, hermana del candidato del Partido de Trabajo (PT) a la alcald\u00eda de ese municipio, Vladimir Gonz\u00e1lez Mart\u00ednez, durante [&hellip;]","og_url":"https:\/\/lospoliticosveracruz.com\/?p=140390","og_site_name":"Los pol\u00edticos Veracruz","article_publisher":"https:\/\/www.facebook.com\/people\/Notimemes-de-los-Polticos\/61565672886568\/","article_published_time":"2025-03-25T16:28:25+00:00","article_modified_time":"2025-03-25T16:28:37+00:00","og_image":[{"width":600,"height":320,"url":"https:\/\/lospoliticosveracruz.com\/wp-content\/uploads\/2025\/03\/IMG_8364.png","type":"image\/png"}],"author":"Lo viste en Los Pol\u00edticos","twitter_card":"summary_large_image","twitter_creator":"@LosPoliticosVer","twitter_site":"@LosPoliticosVer","twitter_misc":{"Escrito por":"Lo viste en Los Pol\u00edticos","Tiempo de lectura":"4 minutos"},"schema":{"@context":"https:\/\/schema.org","@graph":[{"@type":"Article","@id":"https:\/\/lospoliticosveracruz.com\/?p=140390#article","isPartOf":{"@id":"https:\/\/lospoliticosveracruz.com\/?p=140390"},"author":{"name":"Lo viste en Los Pol\u00edticos","@id":"https:\/\/lospoliticosveracruz.com\/#\/schema\/person\/b8702bb0e538456e6efd07080bf2a4a2"},"headline":"HIJOS DE SU PT M\u00c1USER!","datePublished":"2025-03-25T16:28:25+00:00","dateModified":"2025-03-25T16:28:37+00:00","mainEntityOfPage":{"@id":"https:\/\/lospoliticosveracruz.com\/?p=140390"},"wordCount":810,"publisher":{"@id":"https:\/\/lospoliticosveracruz.com\/#organization"},"image":{"@id":"https:\/\/lospoliticosveracruz.com\/?p=140390#primaryimage"},"thumbnailUrl":"https:\/\/lospoliticosveracruz.com\/wp-content\/uploads\/2025\/03\/IMG_8364.png","articleSection":["Palomazos"],"inLanguage":"es"},{"@type":"WebPage","@id":"https:\/\/lospoliticosveracruz.com\/?p=140390","url":"https:\/\/lospoliticosveracruz.com\/?p=140390","name":"HIJOS DE SU PT M\u00c1USER! - Los pol\u00edticos Veracruz","isPartOf":{"@id":"https:\/\/lospoliticosveracruz.com\/#website"},"primaryImageOfPage":{"@id":"https:\/\/lospoliticosveracruz.com\/?p=140390#primaryimage"},"image":{"@id":"https:\/\/lospoliticosveracruz.com\/?p=140390#primaryimage"},"thumbnailUrl":"https:\/\/lospoliticosveracruz.com\/wp-content\/uploads\/2025\/03\/IMG_8364.png","datePublished":"2025-03-25T16:28:25+00:00","dateModified":"2025-03-25T16:28:37+00:00","breadcrumb":{"@id":"https:\/\/lospoliticosveracruz.com\/?p=140390#breadcrumb"},"inLanguage":"es","potentialAction":[{"@type":"ReadAction","target":["https:\/\/lospoliticosveracruz.com\/?p=140390"]}]},{"@type":"ImageObject","inLanguage":"es","@id":"https:\/\/lospoliticosveracruz.com\/?p=140390#primaryimage","url":"https:\/\/lospoliticosveracruz.com\/wp-content\/uploads\/2025\/03\/IMG_8364.png","contentUrl":"https:\/\/lospoliticosveracruz.com\/wp-content\/uploads\/2025\/03\/IMG_8364.png","width":600,"height":320},{"@type":"BreadcrumbList","@id":"https:\/\/lospoliticosveracruz.com\/?p=140390#breadcrumb","itemListElement":[{"@type":"ListItem","position":1,"name":"Portada","item":"https:\/\/lospoliticosveracruz.com\/"},{"@type":"ListItem","position":2,"name":"HIJOS DE SU PT M\u00c1USER!"}]},{"@type":"WebSite","@id":"https:\/\/lospoliticosveracruz.com\/#website","url":"https:\/\/lospoliticosveracruz.com\/","name":"Los pol\u00edticos Veracruz","description":"","publisher":{"@id":"https:\/\/lospoliticosveracruz.com\/#organization"},"potentialAction":[{"@type":"SearchAction","target":{"@type":"EntryPoint","urlTemplate":"https:\/\/lospoliticosveracruz.com\/?s={search_term_string}"},"query-input":{"@type":"PropertyValueSpecification","valueRequired":true,"valueName":"search_term_string"}}],"inLanguage":"es"},{"@type":"Organization","@id":"https:\/\/lospoliticosveracruz.com\/#organization","name":"Los pol\u00edticos Veracruz","url":"https:\/\/lospoliticosveracruz.com\/","logo":{"@type":"ImageObject","inLanguage":"es","@id":"https:\/\/lospoliticosveracruz.com\/#\/schema\/logo\/image\/","url":"https:\/\/lospoliticosveracruz.com\/wp-content\/uploads\/2025\/12\/Logo-Nuevo-LOS-POLITICOS-1.jpg","contentUrl":"https:\/\/lospoliticosveracruz.com\/wp-content\/uploads\/2025\/12\/Logo-Nuevo-LOS-POLITICOS-1.jpg","width":260,"height":70,"caption":"Los pol\u00edticos Veracruz"},"image":{"@id":"https:\/\/lospoliticosveracruz.com\/#\/schema\/logo\/image\/"},"sameAs":["https:\/\/www.facebook.com\/people\/Notimemes-de-los-Polticos\/61565672886568\/","https:\/\/x.com\/LosPoliticosVer"]},{"@type":"Person","@id":"https:\/\/lospoliticosveracruz.com\/#\/schema\/person\/b8702bb0e538456e6efd07080bf2a4a2","name":"Lo viste en Los Pol\u00edticos","image":{"@type":"ImageObject","inLanguage":"es","@id":"https:\/\/secure.gravatar.com\/avatar\/3a8de04a2656d44082be478bd6c086daa447c4651605818287b9532d3d0bd435?s=96&d=mm&r=g","url":"https:\/\/secure.gravatar.com\/avatar\/3a8de04a2656d44082be478bd6c086daa447c4651605818287b9532d3d0bd435?s=96&d=mm&r=g","contentUrl":"https:\/\/secure.gravatar.com\/avatar\/3a8de04a2656d44082be478bd6c086daa447c4651605818287b9532d3d0bd435?s=96&d=mm&r=g","caption":"Lo viste en Los Pol\u00edticos"},"url":"https:\/\/lospoliticosveracruz.com\/?author=2"}]}},"_links":{"self":[{"href":"https:\/\/lospoliticosveracruz.com\/index.php?rest_route=\/wp\/v2\/posts\/140390","targetHints":{"allow":["GET"]}}],"collection":[{"href":"https:\/\/lospoliticosveracruz.com\/index.php?rest_route=\/wp\/v2\/posts"}],"about":[{"href":"https:\/\/lospoliticosveracruz.com\/index.php?rest_route=\/wp\/v2\/types\/post"}],"author":[{"embeddable":true,"href":"https:\/\/lospoliticosveracruz.com\/index.php?rest_route=\/wp\/v2\/users\/2"}],"replies":[{"embeddable":true,"href":"https:\/\/lospoliticosveracruz.com\/index.php?rest_route=%2Fwp%2Fv2%2Fcomments&post=140390"}],"version-history":[{"count":1,"href":"https:\/\/lospoliticosveracruz.com\/index.php?rest_route=\/wp\/v2\/posts\/140390\/revisions"}],"predecessor-version":[{"id":140392,"href":"https:\/\/lospoliticosveracruz.com\/index.php?rest_route=\/wp\/v2\/posts\/140390\/revisions\/140392"}],"wp:featuredmedia":[{"embeddable":true,"href":"https:\/\/lospoliticosveracruz.com\/index.php?rest_route=\/wp\/v2\/media\/140391"}],"wp:attachment":[{"href":"https:\/\/lospoliticosveracruz.com\/index.php?rest_route=%2Fwp%2Fv2%2Fmedia&parent=140390"}],"wp:term":[{"taxonomy":"category","embeddable":true,"href":"https:\/\/lospoliticosveracruz.com\/index.php?rest_route=%2Fwp%2Fv2%2Fcategories&post=140390"},{"taxonomy":"post_tag","embeddable":true,"href":"https:\/\/lospoliticosveracruz.com\/index.php?rest_route=%2Fwp%2Fv2%2Ftags&post=140390"}],"curies":[{"name":"wp","href":"https:\/\/api.w.org\/{rel}","templated":true}]}}