{"id":14040,"date":"2014-12-09T12:37:40","date_gmt":"2014-12-09T18:37:40","guid":{"rendered":"http:\/\/www.lospoliticosveracruz.com.mx\/?p=14040"},"modified":"2014-12-09T12:37:40","modified_gmt":"2014-12-09T18:37:40","slug":"promesas-promesas-solo-promesas","status":"publish","type":"post","link":"https:\/\/lospoliticosveracruz.com\/?p=14040","title":{"rendered":"Promesas, promesas; s\u00f3lo promesas"},"content":{"rendered":"<p><a href=\"http:\/\/www.lospoliticosveracruz.com.mx\/wp-content\/uploads\/2014\/12\/sat-impuestos.jpg\"><img loading=\"lazy\" decoding=\"async\" class=\"alignnone size-medium wp-image-14041\" src=\"http:\/\/www.lospoliticosveracruz.com.mx\/wp-content\/uploads\/2014\/12\/sat-impuestos-300x202.jpg\" alt=\"sat-impuestos\" width=\"300\" height=\"202\" \/><\/a><\/p>\n<p><strong>Jes\u00fas J. Casta\u00f1eda Nev\u00e1rez<\/strong><br \/>\n\u00bfNo podemos esperar hasta casarnos? Sugiri\u00f3 d\u00e9bilmente la doncella; a lo que de inmediato el emocionado conquistador reforz\u00f3: No te preocupes mi amor, pon mucha atenci\u00f3n, estar conmigo \u201cte conviene\u201d, \u201cvas a tener una casa\u201d, \u201cservicio m\u00e9dico en el seguro social\u201d, \u201cfinanciamiento para tus proyectos\u201d y vas a estar mejor, porque \u201cser formal te conviene\u201d; as\u00ed que ac\u00e9rcate conmigo \u201cpara que crezcamos juntos\u201d; adem\u00e1s, es \u201cmuy f\u00e1cil\u201d, \u201csencillo\u201d, \u201cs\u00f3lo tienes que&#8230;\u201d<br \/>\nHablarle al o\u00eddo a personas humildes que jam\u00e1s han tenido algo propio (con excepci\u00f3n de su hambre y sed de justicia); para ofrecerles todas las cosas que ni en el mejor de sus sue\u00f1os aspirar\u00eda a lograr, como el tener una casa propia y asistencia m\u00e9dica, pero adem\u00e1s, dinero para hacer crecer sus proyectos, representa una fantas\u00eda que los transporta a un sitio so\u00f1ado, en donde todo es de colores vivos y las personas son felices porque tienen la cobertura y sost\u00e9n de un extraordinario s\u00faper h\u00e9roe que todo lo resuelve.<br \/>\nEl resultado es f\u00e1cil de suponer; porque una vez que su mente gastada por el des\u00e1nimo y sin opci\u00f3n alguna que apunte para mejorar, la doncella est\u00e1 m\u00e1s que dispuesta a \u201cfirmar\u201d en donde sea entregando su \u201cprueba de amor\u201d. Despu\u00e9s vendr\u00e1n las sorpresas, porque no todo es como se dice que es; ni es tan \u201csencillo y f\u00e1cil\u201d como se dice. Pero despu\u00e9s . . . ya ni llorar es bueno.<br \/>\nEsto es una de las acciones m\u00e1s representativas de la villan\u00eda con que muchos se conducen, buscando saciar sus instintos de \u201centregar resultados\u201d, sin importar el da\u00f1o que dejan tras de ellos. El dicho popular se cumple cabalmente: \u201cprometer para meter; y una vez metido, se olvida lo prometido\u201d, lo cual aplica para muchos temas del quehacer de los pol\u00edticos.<br \/>\nAlguien debiera intervenir para frenar esta fechor\u00eda antes de su consumaci\u00f3n; alguien que de forma madura analice las promesas y juzgue su viabilidad. Pero tristemente no hay nadie.<br \/>\nEste es el caso de millones de contribuyentes del desaparecido REPECO y que ahora figuran en el R\u00e9gimen de Incorporaci\u00f3n Fiscal RIF, donde la autoridad fiscal (SAT) est\u00e1 agregando a todos los que se desempe\u00f1an en alguna actividad econ\u00f3mica como informales. A ambos les est\u00e1 prometiendo una vida \u201cf\u00e1cil\u201d, \u201csencilla\u201d, de sue\u00f1o que se hace realidad; pero no les dicen que una vez que firmen su \u201caceptaci\u00f3n\u201d, las reglas cambiar\u00e1n.<br \/>\nManejar verdades a medias se traducen en mentiras completas, porque muy pronto el nuevo contribuyente descubrir\u00e1 que las afirmaciones de f\u00e1cil, simple, sencillo, etc., s\u00f3lo formaron parte de un ardid para engancharlos y una vez atrapados ya no hay marcha atr\u00e1s.<br \/>\n\u201cEl R\u00e9gimen de Incorporaci\u00f3n Fiscal tiene la \u00fanica obligaci\u00f3n de declarar bimestralmente\u201d en: http:\/\/www.sat.gob.mx\/RegimenDeIncorporacionFiscal\/03.htm \u2026 eso dice el SAT; pero le falta decir que en realidad NO ES LA UNICA OBLIGACI\u00d3N; hay muchas m\u00e1s, como emitir Factura Electr\u00f3nica por Internet CFDI, entre otras nuevas obligaciones que involucran el uso de la tecnolog\u00eda; todo esto representa una carga administrativa y fiscal a la cual los peque\u00f1os contribuyentes NO est\u00e1n acostumbrados y dif\u00edcilmente podr\u00e1n cumplir si no reciben la ayuda necesaria.<br \/>\nY la sentencia oculta dice: \u201ccuando no se presenten en el plazo establecido para la declaraci\u00f3n por dos veces en forma consecutiva, el contribuyente dejar\u00e1 el RIF y pasar\u00e1 al R\u00e9gimen General con todas las obligaciones que conlleva y sin oportunidad de volver a los beneficios que lo convencieron de sumarse a la formalidad. Un amargo despertar a la realidad.<br \/>\nLa casa, el servicio m\u00e9dico, el financiamiento etc., tienen \u201ccondiciones\u201d y plazos para poder alcanzarlos, pero eso no se dice al principio; se descubre al final.<br \/>\nAlguien debiera sacar la cara por \u00e9stos contribuyentes, pero lamentablemente muchos organismos empresariales ya aceptaron su \u201cmochada\u201d y no s\u00f3lo se har\u00e1n de la vista gorda, sino que participan ya como \u201cpromotores\u201d, lo que termina por \u201cconvencer\u201d al ingenuo peque\u00f1o comerciante, artesano, prestador de servicios t\u00e9cnicos, etc., y con esa \u201cempujadita\u201d se ir\u00e1n derechito a la otra. (*)<br \/>\nEl SAT ya celebra su logro con el n\u00famero de contribuyentes que han ca\u00eddo a sus redes; pero el da\u00f1o lo terminaremos recibiendo todos, hasta el propio Presidente, que ya no se mira tan seguro de los \u201cextraordinarios\u201d resultados que hasta hoy le dicen que se han tenido. Y si no rectifica la estrategia a tiempo, todos los mexicanos lo lamentaremos. Ese es mi pienso.<\/p>\n<p>(*) En el www.cceveracruz.com tenemos un programa de ayuda a todos, principalmente a los micro y peque\u00f1os contribuyentes.<\/p>\n<p>&nbsp;<\/p>\n<p>jjcastaneda55@gmail.com<\/p>\n","protected":false},"excerpt":{"rendered":"<p>Jes\u00fas J. Casta\u00f1eda Nev\u00e1rez \u00bfNo podemos esperar hasta casarnos? Sugiri\u00f3 d\u00e9bilmente la doncella; a lo que de inmediato el emocionado conquistador reforz\u00f3: No te preocupes mi amor, pon mucha atenci\u00f3n, estar conmigo \u201cte conviene\u201d, \u201cvas a tener una casa\u201d, \u201cservicio m\u00e9dico en el seguro social\u201d, \u201cfinanciamiento para tus proyectos\u201d y vas a estar mejor, porque [&hellip;]<\/p>\n","protected":false},"author":2,"featured_media":0,"comment_status":"open","ping_status":"open","sticky":false,"template":"","format":"standard","meta":{"tdm_status":"","tdm_grid_status":"","footnotes":""},"categories":[70],"tags":[1200,1201,1199,239,115],"class_list":{"0":"post-14040","1":"post","2":"type-post","3":"status-publish","4":"format-standard","6":"category-de-opinion","7":"tag-contribuyente","8":"tag-regimen-de-incorporacion-fiscal","9":"tag-repeco","10":"tag-rif","11":"tag-sat"},"yoast_head":"<!-- This site is optimized with the Yoast SEO plugin v27.4 - https:\/\/yoast.com\/product\/yoast-seo-wordpress\/ -->\n<title>Promesas, promesas; s\u00f3lo promesas - Los pol\u00edticos Veracruz<\/title>\n<meta name=\"robots\" content=\"index, follow, max-snippet:-1, max-image-preview:large, max-video-preview:-1\" \/>\n<link rel=\"canonical\" href=\"https:\/\/lospoliticosveracruz.com\/?p=14040\" \/>\n<meta property=\"og:locale\" content=\"es_ES\" \/>\n<meta property=\"og:type\" content=\"article\" \/>\n<meta property=\"og:title\" content=\"Promesas, promesas; s\u00f3lo promesas - Los pol\u00edticos Veracruz\" \/>\n<meta property=\"og:description\" content=\"Jes\u00fas J. Casta\u00f1eda Nev\u00e1rez \u00bfNo podemos esperar hasta casarnos? Sugiri\u00f3 d\u00e9bilmente la doncella; a lo que de inmediato el emocionado conquistador reforz\u00f3: No te preocupes mi amor, pon mucha atenci\u00f3n, estar conmigo \u201cte conviene\u201d, \u201cvas a tener una casa\u201d, \u201cservicio m\u00e9dico en el seguro social\u201d, \u201cfinanciamiento para tus proyectos\u201d y vas a estar mejor, porque [&hellip;]\" \/>\n<meta property=\"og:url\" content=\"https:\/\/lospoliticosveracruz.com\/?p=14040\" \/>\n<meta property=\"og:site_name\" content=\"Los pol\u00edticos Veracruz\" \/>\n<meta property=\"article:publisher\" content=\"https:\/\/www.facebook.com\/people\/Notimemes-de-los-Polticos\/61565672886568\/\" \/>\n<meta property=\"article:published_time\" content=\"2014-12-09T18:37:40+00:00\" \/>\n<meta property=\"og:image\" content=\"http:\/\/www.lospoliticosveracruz.com.mx\/wp-content\/uploads\/2014\/12\/sat-impuestos-300x202.jpg\" \/>\n<meta name=\"author\" content=\"Lo viste en Los Pol\u00edticos\" \/>\n<meta name=\"twitter:card\" content=\"summary_large_image\" \/>\n<meta name=\"twitter:creator\" content=\"@LosPoliticosVer\" \/>\n<meta name=\"twitter:site\" content=\"@LosPoliticosVer\" \/>\n<meta name=\"twitter:label1\" content=\"Escrito por\" \/>\n\t<meta name=\"twitter:data1\" content=\"Lo viste en Los Pol\u00edticos\" \/>\n\t<meta name=\"twitter:label2\" content=\"Tiempo de lectura\" \/>\n\t<meta name=\"twitter:data2\" content=\"4 minutos\" \/>\n<script type=\"application\/ld+json\" class=\"yoast-schema-graph\">{\"@context\":\"https:\\\/\\\/schema.org\",\"@graph\":[{\"@type\":\"Article\",\"@id\":\"https:\\\/\\\/lospoliticosveracruz.com\\\/?p=14040#article\",\"isPartOf\":{\"@id\":\"https:\\\/\\\/lospoliticosveracruz.com\\\/?p=14040\"},\"author\":{\"name\":\"Lo viste en Los Pol\u00edticos\",\"@id\":\"https:\\\/\\\/lospoliticosveracruz.com\\\/#\\\/schema\\\/person\\\/b8702bb0e538456e6efd07080bf2a4a2\"},\"headline\":\"Promesas, promesas; s\u00f3lo promesas\",\"datePublished\":\"2014-12-09T18:37:40+00:00\",\"mainEntityOfPage\":{\"@id\":\"https:\\\/\\\/lospoliticosveracruz.com\\\/?p=14040\"},\"wordCount\":824,\"commentCount\":0,\"publisher\":{\"@id\":\"https:\\\/\\\/lospoliticosveracruz.com\\\/#organization\"},\"image\":{\"@id\":\"https:\\\/\\\/lospoliticosveracruz.com\\\/?p=14040#primaryimage\"},\"thumbnailUrl\":\"http:\\\/\\\/www.lospoliticosveracruz.com.mx\\\/wp-content\\\/uploads\\\/2014\\\/12\\\/sat-impuestos-300x202.jpg\",\"keywords\":[\"contribuyente\",\"R\u00e9gimen de Incorporaci\u00f3n Fiscal\",\"Repeco\",\"RIF\",\"SAT\"],\"articleSection\":[\"De Opini\u00f3n\"],\"inLanguage\":\"es\",\"potentialAction\":[{\"@type\":\"CommentAction\",\"name\":\"Comment\",\"target\":[\"https:\\\/\\\/lospoliticosveracruz.com\\\/?p=14040#respond\"]}]},{\"@type\":\"WebPage\",\"@id\":\"https:\\\/\\\/lospoliticosveracruz.com\\\/?p=14040\",\"url\":\"https:\\\/\\\/lospoliticosveracruz.com\\\/?p=14040\",\"name\":\"Promesas, promesas; s\u00f3lo promesas - Los pol\u00edticos Veracruz\",\"isPartOf\":{\"@id\":\"https:\\\/\\\/lospoliticosveracruz.com\\\/#website\"},\"primaryImageOfPage\":{\"@id\":\"https:\\\/\\\/lospoliticosveracruz.com\\\/?p=14040#primaryimage\"},\"image\":{\"@id\":\"https:\\\/\\\/lospoliticosveracruz.com\\\/?p=14040#primaryimage\"},\"thumbnailUrl\":\"http:\\\/\\\/www.lospoliticosveracruz.com.mx\\\/wp-content\\\/uploads\\\/2014\\\/12\\\/sat-impuestos-300x202.jpg\",\"datePublished\":\"2014-12-09T18:37:40+00:00\",\"breadcrumb\":{\"@id\":\"https:\\\/\\\/lospoliticosveracruz.com\\\/?p=14040#breadcrumb\"},\"inLanguage\":\"es\",\"potentialAction\":[{\"@type\":\"ReadAction\",\"target\":[\"https:\\\/\\\/lospoliticosveracruz.com\\\/?p=14040\"]}]},{\"@type\":\"ImageObject\",\"inLanguage\":\"es\",\"@id\":\"https:\\\/\\\/lospoliticosveracruz.com\\\/?p=14040#primaryimage\",\"url\":\"http:\\\/\\\/www.lospoliticosveracruz.com.mx\\\/wp-content\\\/uploads\\\/2014\\\/12\\\/sat-impuestos-300x202.jpg\",\"contentUrl\":\"http:\\\/\\\/www.lospoliticosveracruz.com.mx\\\/wp-content\\\/uploads\\\/2014\\\/12\\\/sat-impuestos-300x202.jpg\"},{\"@type\":\"BreadcrumbList\",\"@id\":\"https:\\\/\\\/lospoliticosveracruz.com\\\/?p=14040#breadcrumb\",\"itemListElement\":[{\"@type\":\"ListItem\",\"position\":1,\"name\":\"Portada\",\"item\":\"https:\\\/\\\/lospoliticosveracruz.com\\\/\"},{\"@type\":\"ListItem\",\"position\":2,\"name\":\"Promesas, promesas; s\u00f3lo promesas\"}]},{\"@type\":\"WebSite\",\"@id\":\"https:\\\/\\\/lospoliticosveracruz.com\\\/#website\",\"url\":\"https:\\\/\\\/lospoliticosveracruz.com\\\/\",\"name\":\"Los pol\u00edticos Veracruz\",\"description\":\"\",\"publisher\":{\"@id\":\"https:\\\/\\\/lospoliticosveracruz.com\\\/#organization\"},\"potentialAction\":[{\"@type\":\"SearchAction\",\"target\":{\"@type\":\"EntryPoint\",\"urlTemplate\":\"https:\\\/\\\/lospoliticosveracruz.com\\\/?s={search_term_string}\"},\"query-input\":{\"@type\":\"PropertyValueSpecification\",\"valueRequired\":true,\"valueName\":\"search_term_string\"}}],\"inLanguage\":\"es\"},{\"@type\":\"Organization\",\"@id\":\"https:\\\/\\\/lospoliticosveracruz.com\\\/#organization\",\"name\":\"Los pol\u00edticos Veracruz\",\"url\":\"https:\\\/\\\/lospoliticosveracruz.com\\\/\",\"logo\":{\"@type\":\"ImageObject\",\"inLanguage\":\"es\",\"@id\":\"https:\\\/\\\/lospoliticosveracruz.com\\\/#\\\/schema\\\/logo\\\/image\\\/\",\"url\":\"https:\\\/\\\/lospoliticosveracruz.com\\\/wp-content\\\/uploads\\\/2025\\\/12\\\/Logo-Nuevo-LOS-POLITICOS-1.jpg\",\"contentUrl\":\"https:\\\/\\\/lospoliticosveracruz.com\\\/wp-content\\\/uploads\\\/2025\\\/12\\\/Logo-Nuevo-LOS-POLITICOS-1.jpg\",\"width\":260,\"height\":70,\"caption\":\"Los pol\u00edticos Veracruz\"},\"image\":{\"@id\":\"https:\\\/\\\/lospoliticosveracruz.com\\\/#\\\/schema\\\/logo\\\/image\\\/\"},\"sameAs\":[\"https:\\\/\\\/www.facebook.com\\\/people\\\/Notimemes-de-los-Polticos\\\/61565672886568\\\/\",\"https:\\\/\\\/x.com\\\/LosPoliticosVer\"]},{\"@type\":\"Person\",\"@id\":\"https:\\\/\\\/lospoliticosveracruz.com\\\/#\\\/schema\\\/person\\\/b8702bb0e538456e6efd07080bf2a4a2\",\"name\":\"Lo viste en Los Pol\u00edticos\",\"image\":{\"@type\":\"ImageObject\",\"inLanguage\":\"es\",\"@id\":\"https:\\\/\\\/secure.gravatar.com\\\/avatar\\\/3a8de04a2656d44082be478bd6c086daa447c4651605818287b9532d3d0bd435?s=96&d=mm&r=g\",\"url\":\"https:\\\/\\\/secure.gravatar.com\\\/avatar\\\/3a8de04a2656d44082be478bd6c086daa447c4651605818287b9532d3d0bd435?s=96&d=mm&r=g\",\"contentUrl\":\"https:\\\/\\\/secure.gravatar.com\\\/avatar\\\/3a8de04a2656d44082be478bd6c086daa447c4651605818287b9532d3d0bd435?s=96&d=mm&r=g\",\"caption\":\"Lo viste en Los Pol\u00edticos\"},\"url\":\"https:\\\/\\\/lospoliticosveracruz.com\\\/?author=2\"}]}<\/script>\n<!-- \/ Yoast SEO plugin. -->","yoast_head_json":{"title":"Promesas, promesas; s\u00f3lo promesas - Los pol\u00edticos Veracruz","robots":{"index":"index","follow":"follow","max-snippet":"max-snippet:-1","max-image-preview":"max-image-preview:large","max-video-preview":"max-video-preview:-1"},"canonical":"https:\/\/lospoliticosveracruz.com\/?p=14040","og_locale":"es_ES","og_type":"article","og_title":"Promesas, promesas; s\u00f3lo promesas - Los pol\u00edticos Veracruz","og_description":"Jes\u00fas J. Casta\u00f1eda Nev\u00e1rez \u00bfNo podemos esperar hasta casarnos? Sugiri\u00f3 d\u00e9bilmente la doncella; a lo que de inmediato el emocionado conquistador reforz\u00f3: No te preocupes mi amor, pon mucha atenci\u00f3n, estar conmigo \u201cte conviene\u201d, \u201cvas a tener una casa\u201d, \u201cservicio m\u00e9dico en el seguro social\u201d, \u201cfinanciamiento para tus proyectos\u201d y vas a estar mejor, porque [&hellip;]","og_url":"https:\/\/lospoliticosveracruz.com\/?p=14040","og_site_name":"Los pol\u00edticos Veracruz","article_publisher":"https:\/\/www.facebook.com\/people\/Notimemes-de-los-Polticos\/61565672886568\/","article_published_time":"2014-12-09T18:37:40+00:00","og_image":[{"url":"http:\/\/www.lospoliticosveracruz.com.mx\/wp-content\/uploads\/2014\/12\/sat-impuestos-300x202.jpg","type":"","width":"","height":""}],"author":"Lo viste en Los Pol\u00edticos","twitter_card":"summary_large_image","twitter_creator":"@LosPoliticosVer","twitter_site":"@LosPoliticosVer","twitter_misc":{"Escrito por":"Lo viste en Los Pol\u00edticos","Tiempo de lectura":"4 minutos"},"schema":{"@context":"https:\/\/schema.org","@graph":[{"@type":"Article","@id":"https:\/\/lospoliticosveracruz.com\/?p=14040#article","isPartOf":{"@id":"https:\/\/lospoliticosveracruz.com\/?p=14040"},"author":{"name":"Lo viste en Los Pol\u00edticos","@id":"https:\/\/lospoliticosveracruz.com\/#\/schema\/person\/b8702bb0e538456e6efd07080bf2a4a2"},"headline":"Promesas, promesas; s\u00f3lo promesas","datePublished":"2014-12-09T18:37:40+00:00","mainEntityOfPage":{"@id":"https:\/\/lospoliticosveracruz.com\/?p=14040"},"wordCount":824,"commentCount":0,"publisher":{"@id":"https:\/\/lospoliticosveracruz.com\/#organization"},"image":{"@id":"https:\/\/lospoliticosveracruz.com\/?p=14040#primaryimage"},"thumbnailUrl":"http:\/\/www.lospoliticosveracruz.com.mx\/wp-content\/uploads\/2014\/12\/sat-impuestos-300x202.jpg","keywords":["contribuyente","R\u00e9gimen de Incorporaci\u00f3n Fiscal","Repeco","RIF","SAT"],"articleSection":["De Opini\u00f3n"],"inLanguage":"es","potentialAction":[{"@type":"CommentAction","name":"Comment","target":["https:\/\/lospoliticosveracruz.com\/?p=14040#respond"]}]},{"@type":"WebPage","@id":"https:\/\/lospoliticosveracruz.com\/?p=14040","url":"https:\/\/lospoliticosveracruz.com\/?p=14040","name":"Promesas, promesas; s\u00f3lo promesas - Los pol\u00edticos Veracruz","isPartOf":{"@id":"https:\/\/lospoliticosveracruz.com\/#website"},"primaryImageOfPage":{"@id":"https:\/\/lospoliticosveracruz.com\/?p=14040#primaryimage"},"image":{"@id":"https:\/\/lospoliticosveracruz.com\/?p=14040#primaryimage"},"thumbnailUrl":"http:\/\/www.lospoliticosveracruz.com.mx\/wp-content\/uploads\/2014\/12\/sat-impuestos-300x202.jpg","datePublished":"2014-12-09T18:37:40+00:00","breadcrumb":{"@id":"https:\/\/lospoliticosveracruz.com\/?p=14040#breadcrumb"},"inLanguage":"es","potentialAction":[{"@type":"ReadAction","target":["https:\/\/lospoliticosveracruz.com\/?p=14040"]}]},{"@type":"ImageObject","inLanguage":"es","@id":"https:\/\/lospoliticosveracruz.com\/?p=14040#primaryimage","url":"http:\/\/www.lospoliticosveracruz.com.mx\/wp-content\/uploads\/2014\/12\/sat-impuestos-300x202.jpg","contentUrl":"http:\/\/www.lospoliticosveracruz.com.mx\/wp-content\/uploads\/2014\/12\/sat-impuestos-300x202.jpg"},{"@type":"BreadcrumbList","@id":"https:\/\/lospoliticosveracruz.com\/?p=14040#breadcrumb","itemListElement":[{"@type":"ListItem","position":1,"name":"Portada","item":"https:\/\/lospoliticosveracruz.com\/"},{"@type":"ListItem","position":2,"name":"Promesas, promesas; s\u00f3lo promesas"}]},{"@type":"WebSite","@id":"https:\/\/lospoliticosveracruz.com\/#website","url":"https:\/\/lospoliticosveracruz.com\/","name":"Los pol\u00edticos Veracruz","description":"","publisher":{"@id":"https:\/\/lospoliticosveracruz.com\/#organization"},"potentialAction":[{"@type":"SearchAction","target":{"@type":"EntryPoint","urlTemplate":"https:\/\/lospoliticosveracruz.com\/?s={search_term_string}"},"query-input":{"@type":"PropertyValueSpecification","valueRequired":true,"valueName":"search_term_string"}}],"inLanguage":"es"},{"@type":"Organization","@id":"https:\/\/lospoliticosveracruz.com\/#organization","name":"Los pol\u00edticos Veracruz","url":"https:\/\/lospoliticosveracruz.com\/","logo":{"@type":"ImageObject","inLanguage":"es","@id":"https:\/\/lospoliticosveracruz.com\/#\/schema\/logo\/image\/","url":"https:\/\/lospoliticosveracruz.com\/wp-content\/uploads\/2025\/12\/Logo-Nuevo-LOS-POLITICOS-1.jpg","contentUrl":"https:\/\/lospoliticosveracruz.com\/wp-content\/uploads\/2025\/12\/Logo-Nuevo-LOS-POLITICOS-1.jpg","width":260,"height":70,"caption":"Los pol\u00edticos Veracruz"},"image":{"@id":"https:\/\/lospoliticosveracruz.com\/#\/schema\/logo\/image\/"},"sameAs":["https:\/\/www.facebook.com\/people\/Notimemes-de-los-Polticos\/61565672886568\/","https:\/\/x.com\/LosPoliticosVer"]},{"@type":"Person","@id":"https:\/\/lospoliticosveracruz.com\/#\/schema\/person\/b8702bb0e538456e6efd07080bf2a4a2","name":"Lo viste en Los Pol\u00edticos","image":{"@type":"ImageObject","inLanguage":"es","@id":"https:\/\/secure.gravatar.com\/avatar\/3a8de04a2656d44082be478bd6c086daa447c4651605818287b9532d3d0bd435?s=96&d=mm&r=g","url":"https:\/\/secure.gravatar.com\/avatar\/3a8de04a2656d44082be478bd6c086daa447c4651605818287b9532d3d0bd435?s=96&d=mm&r=g","contentUrl":"https:\/\/secure.gravatar.com\/avatar\/3a8de04a2656d44082be478bd6c086daa447c4651605818287b9532d3d0bd435?s=96&d=mm&r=g","caption":"Lo viste en Los Pol\u00edticos"},"url":"https:\/\/lospoliticosveracruz.com\/?author=2"}]}},"_links":{"self":[{"href":"https:\/\/lospoliticosveracruz.com\/index.php?rest_route=\/wp\/v2\/posts\/14040","targetHints":{"allow":["GET"]}}],"collection":[{"href":"https:\/\/lospoliticosveracruz.com\/index.php?rest_route=\/wp\/v2\/posts"}],"about":[{"href":"https:\/\/lospoliticosveracruz.com\/index.php?rest_route=\/wp\/v2\/types\/post"}],"author":[{"embeddable":true,"href":"https:\/\/lospoliticosveracruz.com\/index.php?rest_route=\/wp\/v2\/users\/2"}],"replies":[{"embeddable":true,"href":"https:\/\/lospoliticosveracruz.com\/index.php?rest_route=%2Fwp%2Fv2%2Fcomments&post=14040"}],"version-history":[{"count":1,"href":"https:\/\/lospoliticosveracruz.com\/index.php?rest_route=\/wp\/v2\/posts\/14040\/revisions"}],"predecessor-version":[{"id":14042,"href":"https:\/\/lospoliticosveracruz.com\/index.php?rest_route=\/wp\/v2\/posts\/14040\/revisions\/14042"}],"wp:attachment":[{"href":"https:\/\/lospoliticosveracruz.com\/index.php?rest_route=%2Fwp%2Fv2%2Fmedia&parent=14040"}],"wp:term":[{"taxonomy":"category","embeddable":true,"href":"https:\/\/lospoliticosveracruz.com\/index.php?rest_route=%2Fwp%2Fv2%2Fcategories&post=14040"},{"taxonomy":"post_tag","embeddable":true,"href":"https:\/\/lospoliticosveracruz.com\/index.php?rest_route=%2Fwp%2Fv2%2Ftags&post=14040"}],"curies":[{"name":"wp","href":"https:\/\/api.w.org\/{rel}","templated":true}]}}