{"id":140473,"date":"2025-03-26T07:26:27","date_gmt":"2025-03-26T13:26:27","guid":{"rendered":"https:\/\/lospoliticosveracruz.com.mx\/?p=140473"},"modified":"2025-03-26T07:27:01","modified_gmt":"2025-03-26T13:27:01","slug":"defienden-al-agresor","status":"publish","type":"post","link":"https:\/\/lospoliticosveracruz.com\/?p=140473","title":{"rendered":"DEFIENDEN AL AGRESOR!"},"content":{"rendered":"\n<p>[S\u00edguenos ahora tambi\u00e9n en WhatsApp.\u00a0<a href=\"https:\/\/whatsapp.com\/channel\/0029Va8zRWlEKyZIP3Z1dF0e\"><strong><em>Da clic aqu\u00ed<\/em><\/strong><\/a>]\u00a0<\/p>\n\n\n\n<p><strong>Oved Contreras<\/strong><\/p>\n\n\n\n<p><em>Secas Mecas<\/em><\/p>\n\n\n\n<p>TIENE LAS MANOS METIDAS\u2026es evidente que la gobernadora Roc\u00edo Nahle tiene las manos metidas en el proceso penal que se sigue contra Jorge Winkler\u2026no se entiende de otra manera que la fiscal\u00eda estatal insista en que un juez lo vincule a proceso al ex fiscal en audiencia este mi\u00e9rcoles en Pacho Viejo, a pesar de que parte de una ilegalidad\u2026insisten en retenerlo en prisi\u00f3n pese a la existencia de un NO EJERCICIO DE ACCI\u00d3N PENAL que caus\u00f3 estado hace a\u00f1os\u2026ya do\u00f1a Zacatl\u00e1n de las Manzanas nos dio una probadita de lo que puede hacer con jueces a modo con el fallo contra Arturo Castagn\u00e9 por difamaci\u00f3n.<\/p>\n\n\n\n<p>El viernes pasado, el ex fiscal iba a ser liberado luego de que un tribunal colegiado concluyera por unanimidad que Jorge W est\u00e1 sujeto a una prisi\u00f3n preventiva justificada ILEGAL pues la fiscal\u00eda no logr\u00f3 acreditar la existencia de alg\u00fan riesgo procesal si sigue el proceso libre, y derivado de lo anterior, ORDEN\u00d3 al juez imponerle alguna otra de las medidas cautelares contempladas en el c\u00f3digo, distintas a la prisi\u00f3n, lo que evidentemente resultar\u00eda en libertad para \u00e9l durante el proceso. Sin embargo, la fiscal\u00eda estatal de manera indebida lo detuvo por otros delitos.<\/p>\n\n\n\n<p>La persona que acusa a Jorge W es Gilberto Aguirre Garza, misma persona que fue llevado a proceso por DESAPARICI\u00d3N FORZADA pues ocult\u00f3 el hallazgo de diversos cuerpos en la Barranca de la Aurora, mismo motivo por el que sujetaron a proceso a Javier Duarte\u2026Gilberto Aguirre acus\u00f3 que cuando fue llevado a proceso y lo internaron en Pacho Viejo, d\u00eda y noche le pon\u00edan en su celda m\u00fasica de banda y reguet\u00f3n lo que le imped\u00eda dormir, denuncia que puso en noviembre de 2018 y que al substanciarse, se encontr\u00f3 con diversos obst\u00e1culos que impuso el propio Gilberto Aguirre.<\/p>\n\n\n\n<p>Por ejemplo, el imputado se neg\u00f3 a ratificar su escrito al acudir personal de fiscal\u00eda y tambi\u00e9n se neg\u00f3 al acudir los peritos para realizar los dict\u00e1menes psicol\u00f3gicos, lo mismo para la realizaci\u00f3n del protocolo de Estambul. Por el contrario, se recabaron diversas entrevistas de testigos entre custodios y reclusos, que fueron consistentes en se\u00f1alar que el panorama que describi\u00f3 Aguirre ES FALSO pues \u00e9l no estaba en un \u00e1rea privada sino que hab\u00eda diez camas ocupadas donde estaba.<\/p>\n\n\n\n<p>Por lo que no pod\u00eda solo \u00e9l escuchar la supuesta m\u00fasica que menciona, sino que ser\u00edan 10 reclusos en total, m\u00e1xime que dice que estaba a alto volumen siempre. Y nadie m\u00e1s de sus compa\u00f1eros, oy\u00f3 tal m\u00fasica\u2026los custodios por su parte, se\u00f1alaron que no es posible ingresar bocinas a las \u00e1reas y que estas sean usadas para el fin que Aguirre se\u00f1ala, por lo que nadie m\u00e1s que Aguirre, afirma la existencia de tal situaci\u00f3n, incluso ni siquiera los reclusos que estaban en esa \u00e1rea.<\/p>\n\n\n\n<p>Con esos antecedentes, se decret\u00f3 el NO EJERCICIO DE LA ACCI\u00d3N PENAL, mismo que fue combatido por Aguirre ante un juez pero no prosper\u00f3, y ante ello no se promovi\u00f3 amparo alguno. Abusado, puso la misma denuncia en la FGR en 2019 mismos hechos, mismas personas, mismas circunstancias\u2026la FGR no encontr\u00f3 elementos para investigar y desglos\u00f3 la denuncia a FGE, d\u00f3nde ya hab\u00eda una determinaci\u00f3n firme de sobreseimiento con EFECTOS DE SENTENCIA ABSOLUTORIA a favor de Jorge W. Esta misma denuncia es la que ahora est\u00e1 usando la FGE para mantener a Jorge en prisi\u00f3n.<\/p>\n\n\n\n<p>Esto es ilegal y atenta contra la prohibici\u00f3n constitucional de doble enjuiciamiento por lo que tanto el fiscal al imputar y el juez en caso de vincular, estar\u00edan cometiendo un delito y de hecho, ya se alistan las denuncias. Este mi\u00e9rcoles a las 9 de la ma\u00f1ana es la continuaci\u00f3n de audiencia, misma que SER\u00c1 P\u00daBLICA y que permite el ingreso de cualquier persona que quiera atestiguarla incluyendo a medios de comunicaci\u00f3n. (Con informaci\u00f3n de la jurisconsulta Chispita Rasgado).<\/p>\n\n\n\n<p>DEFIENDEN AL AGRESOR\u2026Por incre\u00edble que parezca, la mayor\u00eda morenista en el Congreso de la Uni\u00f3n y sus aliados -incluyendo a legisladores priistas- desecharon la solicitud de desafuero contra del ex gobernador de Morelos, Cuauht\u00e9moc Blanco, quien enfrenta una denuncia por violaci\u00f3n en grado de tentativa en contra de su media hermana\u2026la votaci\u00f3n qued\u00f3 con 291 votos a favor de proteger a Cuauht\u00e9moc, 158 en contra y 12 abstenciones.<\/p>\n\n\n\n<p>Todos los diputados federales veracruzanos de Morena, incluyendo mujeres que aspiran a ser alcaldes, le dieron la espalda a las mujeres violentadas\u2026\u00bfCu\u00e1l ser\u00eda el problema de volver a arropar a un agresor de mujeres si cuando lo han hecho antes no hay consecuencias, no hay costo pol\u00edtico y a\u00fan as\u00ed votan por ellos? Pueden hacer lo que se les venga en gana, lo saben, por eso est\u00e1n m\u00e1s c\u00ednicos y miserables que nunca, les refut\u00f3 la colectiva Brujas del Mar a las legisladoras morenistas.<\/p>\n\n\n\n<p>M\u00e1s que lamentable da VERG\u00dcENZA. Son, como dir\u00eda Margarita Pisano, unas regalonas del patriarcado. Se les olvida que a las mujeres se deben, esas curules desde donde hoy traicionan las tienen por la lucha de las mujeres\u2026 y as\u00ed pagan.<\/p>\n\n\n\n<p>Toda la bancada panista incluyendo a Maryjose Gamboa vot\u00f3 en contra de desechar la solicitud de desafuero en contra del ex gobernador de Morelos y exigieron que se sometiera al legislador ante la ley\u2026\u00bfEl nuevo PRI? Otra diputada de Veracruz que vot\u00f3 por rechazar el desafuero a Cuauht\u00e9moc Blanco es Lorena Pi\u00f1\u00f3n, incondicional de Alito y el Fofo M\u00e1rquez, vaya diputadas que hay en la entidad veracruzana<\/p>\n\n\n\n<p>JALAN A CUENTAS A CANDANEDO\u2026le lleg\u00f3 el agua a los aparejos al alcalde de Misantla, Javier Hern\u00e1ndez Candanedo, pues el Congreso de Veracruz lo cit\u00f3 con todo su Cabildo luego de que se mantiene en su postura de no pagarle su sueldo a los agentes municipales, pese a que el recurso est\u00e1 etiquetado\u2026el edil ha burlado la ley, ignor\u00f3 incluso a la gobernadora Roc\u00edo Nahle cuando le exigi\u00f3 pagarle a los agentes municipales.<\/p>\n\n\n\n<p>Ya agot\u00f3 la paciencia del gobierno y del Congreso no se puede salvar\u2026deber\u00e1 comparecer para explicar en base a qu\u00e9 se niega a no pagar los sueldos de los agentes municipales \u00bfQu\u00e9 ultim\u00e1tum le prepara el l\u00edder de la Junta de Coordinaci\u00f3n Pol\u00edtica, Tebi Bautista? Porque los exhortos le hacen a Javier Hern\u00e1ndez lo que el viento a Ju\u00e1rez\u2026y el Tebi Bautista, as\u00ed como lo ven, es conciliador pero tambi\u00e9n mecha corta y mano firme.<\/p>\n\n\n\n<p>Hace un par de semanas, arribaron m\u00e1s de 20 agentes y subagentes municipales de Misantla para manifestarse en la plaza Lerdo y solicitar ayuda a la gobernadora Roc\u00edo Nahle Garc\u00eda, debido al descontento generalizado en dicho municipio, pues el alcalde se niega a pagar los sueldos pese a que el reglamento del municipio, establece que cada uno debe tener un salario m\u00ednimo de 278 pesos\u2026hay un total de 108 agentes y subagentes municipales en Misantla, de los cuales, 22 se unieron para interponer la denuncia ante el Tribunal de Conciliaci\u00f3n y Arbitraje y ganaron el fallo desde el a\u00f1o 2022.<\/p>\n\n\n\n<p>&#8212;<br><br>@ovedcontreras<\/p>\n","protected":false},"excerpt":{"rendered":"<p>[S\u00edguenos ahora tambi\u00e9n en WhatsApp.\u00a0Da clic aqu\u00ed]\u00a0 Oved Contreras Secas Mecas TIENE LAS MANOS METIDAS\u2026es evidente que la gobernadora Roc\u00edo Nahle tiene las manos metidas en el proceso penal que se sigue contra Jorge Winkler\u2026no se entiende de otra manera que la fiscal\u00eda estatal insista en que un juez lo vincule a proceso al ex [&hellip;]<\/p>\n","protected":false},"author":2,"featured_media":119816,"comment_status":"closed","ping_status":"closed","sticky":false,"template":"","format":"standard","meta":{"tdm_status":"","tdm_grid_status":"","footnotes":""},"categories":[70],"tags":[1026,3578,195],"class_list":{"0":"post-140473","1":"post","2":"type-post","3":"status-publish","4":"format-standard","5":"has-post-thumbnail","7":"category-de-opinion","8":"tag-morena","9":"tag-rocio-nahle","10":"tag-veracruz"},"yoast_head":"<!-- This site is optimized with the Yoast SEO plugin v27.4 - https:\/\/yoast.com\/product\/yoast-seo-wordpress\/ -->\n<title>DEFIENDEN AL AGRESOR! - Los pol\u00edticos Veracruz<\/title>\n<meta name=\"robots\" content=\"index, follow, max-snippet:-1, max-image-preview:large, max-video-preview:-1\" \/>\n<link rel=\"canonical\" href=\"https:\/\/lospoliticosveracruz.com\/?p=140473\" \/>\n<meta property=\"og:locale\" content=\"es_ES\" \/>\n<meta property=\"og:type\" content=\"article\" \/>\n<meta property=\"og:title\" content=\"DEFIENDEN AL AGRESOR! - Los pol\u00edticos Veracruz\" \/>\n<meta property=\"og:description\" content=\"[S\u00edguenos ahora tambi\u00e9n en WhatsApp.\u00a0Da clic aqu\u00ed]\u00a0 Oved Contreras Secas Mecas TIENE LAS MANOS METIDAS\u2026es evidente que la gobernadora Roc\u00edo Nahle tiene las manos metidas en el proceso penal que se sigue contra Jorge Winkler\u2026no se entiende de otra manera que la fiscal\u00eda estatal insista en que un juez lo vincule a proceso al ex [&hellip;]\" \/>\n<meta property=\"og:url\" content=\"https:\/\/lospoliticosveracruz.com\/?p=140473\" \/>\n<meta property=\"og:site_name\" content=\"Los pol\u00edticos Veracruz\" \/>\n<meta property=\"article:publisher\" content=\"https:\/\/www.facebook.com\/people\/Notimemes-de-los-Polticos\/61565672886568\/\" \/>\n<meta property=\"article:published_time\" content=\"2025-03-26T13:26:27+00:00\" \/>\n<meta property=\"article:modified_time\" content=\"2025-03-26T13:27:01+00:00\" \/>\n<meta property=\"og:image\" content=\"https:\/\/lospoliticosveracruz.com\/wp-content\/uploads\/2024\/03\/Oved-Contreras.jpg\" \/>\n\t<meta property=\"og:image:width\" content=\"1250\" \/>\n\t<meta property=\"og:image:height\" content=\"667\" \/>\n\t<meta property=\"og:image:type\" content=\"image\/jpeg\" \/>\n<meta name=\"author\" content=\"Lo viste en Los Pol\u00edticos\" \/>\n<meta name=\"twitter:card\" content=\"summary_large_image\" \/>\n<meta name=\"twitter:creator\" content=\"@LosPoliticosVer\" \/>\n<meta name=\"twitter:site\" content=\"@LosPoliticosVer\" \/>\n<meta name=\"twitter:label1\" content=\"Escrito por\" \/>\n\t<meta name=\"twitter:data1\" content=\"Lo viste en Los Pol\u00edticos\" \/>\n\t<meta name=\"twitter:label2\" content=\"Tiempo de lectura\" \/>\n\t<meta name=\"twitter:data2\" content=\"6 minutos\" \/>\n<script type=\"application\/ld+json\" class=\"yoast-schema-graph\">{\"@context\":\"https:\\\/\\\/schema.org\",\"@graph\":[{\"@type\":\"Article\",\"@id\":\"https:\\\/\\\/lospoliticosveracruz.com\\\/?p=140473#article\",\"isPartOf\":{\"@id\":\"https:\\\/\\\/lospoliticosveracruz.com\\\/?p=140473\"},\"author\":{\"name\":\"Lo viste en Los Pol\u00edticos\",\"@id\":\"https:\\\/\\\/lospoliticosveracruz.com\\\/#\\\/schema\\\/person\\\/b8702bb0e538456e6efd07080bf2a4a2\"},\"headline\":\"DEFIENDEN AL AGRESOR!\",\"datePublished\":\"2025-03-26T13:26:27+00:00\",\"dateModified\":\"2025-03-26T13:27:01+00:00\",\"mainEntityOfPage\":{\"@id\":\"https:\\\/\\\/lospoliticosveracruz.com\\\/?p=140473\"},\"wordCount\":1257,\"publisher\":{\"@id\":\"https:\\\/\\\/lospoliticosveracruz.com\\\/#organization\"},\"image\":{\"@id\":\"https:\\\/\\\/lospoliticosveracruz.com\\\/?p=140473#primaryimage\"},\"thumbnailUrl\":\"https:\\\/\\\/lospoliticosveracruz.com\\\/wp-content\\\/uploads\\\/2024\\\/03\\\/Oved-Contreras.jpg\",\"keywords\":[\"Morena\",\"Roc\u00edo Nahle\",\"Veracruz\"],\"articleSection\":[\"De Opini\u00f3n\"],\"inLanguage\":\"es\"},{\"@type\":\"WebPage\",\"@id\":\"https:\\\/\\\/lospoliticosveracruz.com\\\/?p=140473\",\"url\":\"https:\\\/\\\/lospoliticosveracruz.com\\\/?p=140473\",\"name\":\"DEFIENDEN AL AGRESOR! - Los pol\u00edticos Veracruz\",\"isPartOf\":{\"@id\":\"https:\\\/\\\/lospoliticosveracruz.com\\\/#website\"},\"primaryImageOfPage\":{\"@id\":\"https:\\\/\\\/lospoliticosveracruz.com\\\/?p=140473#primaryimage\"},\"image\":{\"@id\":\"https:\\\/\\\/lospoliticosveracruz.com\\\/?p=140473#primaryimage\"},\"thumbnailUrl\":\"https:\\\/\\\/lospoliticosveracruz.com\\\/wp-content\\\/uploads\\\/2024\\\/03\\\/Oved-Contreras.jpg\",\"datePublished\":\"2025-03-26T13:26:27+00:00\",\"dateModified\":\"2025-03-26T13:27:01+00:00\",\"breadcrumb\":{\"@id\":\"https:\\\/\\\/lospoliticosveracruz.com\\\/?p=140473#breadcrumb\"},\"inLanguage\":\"es\",\"potentialAction\":[{\"@type\":\"ReadAction\",\"target\":[\"https:\\\/\\\/lospoliticosveracruz.com\\\/?p=140473\"]}]},{\"@type\":\"ImageObject\",\"inLanguage\":\"es\",\"@id\":\"https:\\\/\\\/lospoliticosveracruz.com\\\/?p=140473#primaryimage\",\"url\":\"https:\\\/\\\/lospoliticosveracruz.com\\\/wp-content\\\/uploads\\\/2024\\\/03\\\/Oved-Contreras.jpg\",\"contentUrl\":\"https:\\\/\\\/lospoliticosveracruz.com\\\/wp-content\\\/uploads\\\/2024\\\/03\\\/Oved-Contreras.jpg\",\"width\":1250,\"height\":667},{\"@type\":\"BreadcrumbList\",\"@id\":\"https:\\\/\\\/lospoliticosveracruz.com\\\/?p=140473#breadcrumb\",\"itemListElement\":[{\"@type\":\"ListItem\",\"position\":1,\"name\":\"Portada\",\"item\":\"https:\\\/\\\/lospoliticosveracruz.com\\\/\"},{\"@type\":\"ListItem\",\"position\":2,\"name\":\"DEFIENDEN AL AGRESOR!\"}]},{\"@type\":\"WebSite\",\"@id\":\"https:\\\/\\\/lospoliticosveracruz.com\\\/#website\",\"url\":\"https:\\\/\\\/lospoliticosveracruz.com\\\/\",\"name\":\"Los pol\u00edticos Veracruz\",\"description\":\"\",\"publisher\":{\"@id\":\"https:\\\/\\\/lospoliticosveracruz.com\\\/#organization\"},\"potentialAction\":[{\"@type\":\"SearchAction\",\"target\":{\"@type\":\"EntryPoint\",\"urlTemplate\":\"https:\\\/\\\/lospoliticosveracruz.com\\\/?s={search_term_string}\"},\"query-input\":{\"@type\":\"PropertyValueSpecification\",\"valueRequired\":true,\"valueName\":\"search_term_string\"}}],\"inLanguage\":\"es\"},{\"@type\":\"Organization\",\"@id\":\"https:\\\/\\\/lospoliticosveracruz.com\\\/#organization\",\"name\":\"Los pol\u00edticos Veracruz\",\"url\":\"https:\\\/\\\/lospoliticosveracruz.com\\\/\",\"logo\":{\"@type\":\"ImageObject\",\"inLanguage\":\"es\",\"@id\":\"https:\\\/\\\/lospoliticosveracruz.com\\\/#\\\/schema\\\/logo\\\/image\\\/\",\"url\":\"https:\\\/\\\/lospoliticosveracruz.com\\\/wp-content\\\/uploads\\\/2025\\\/12\\\/Logo-Nuevo-LOS-POLITICOS-1.jpg\",\"contentUrl\":\"https:\\\/\\\/lospoliticosveracruz.com\\\/wp-content\\\/uploads\\\/2025\\\/12\\\/Logo-Nuevo-LOS-POLITICOS-1.jpg\",\"width\":260,\"height\":70,\"caption\":\"Los pol\u00edticos Veracruz\"},\"image\":{\"@id\":\"https:\\\/\\\/lospoliticosveracruz.com\\\/#\\\/schema\\\/logo\\\/image\\\/\"},\"sameAs\":[\"https:\\\/\\\/www.facebook.com\\\/people\\\/Notimemes-de-los-Polticos\\\/61565672886568\\\/\",\"https:\\\/\\\/x.com\\\/LosPoliticosVer\"]},{\"@type\":\"Person\",\"@id\":\"https:\\\/\\\/lospoliticosveracruz.com\\\/#\\\/schema\\\/person\\\/b8702bb0e538456e6efd07080bf2a4a2\",\"name\":\"Lo viste en Los Pol\u00edticos\",\"image\":{\"@type\":\"ImageObject\",\"inLanguage\":\"es\",\"@id\":\"https:\\\/\\\/secure.gravatar.com\\\/avatar\\\/3a8de04a2656d44082be478bd6c086daa447c4651605818287b9532d3d0bd435?s=96&d=mm&r=g\",\"url\":\"https:\\\/\\\/secure.gravatar.com\\\/avatar\\\/3a8de04a2656d44082be478bd6c086daa447c4651605818287b9532d3d0bd435?s=96&d=mm&r=g\",\"contentUrl\":\"https:\\\/\\\/secure.gravatar.com\\\/avatar\\\/3a8de04a2656d44082be478bd6c086daa447c4651605818287b9532d3d0bd435?s=96&d=mm&r=g\",\"caption\":\"Lo viste en Los Pol\u00edticos\"},\"url\":\"https:\\\/\\\/lospoliticosveracruz.com\\\/?author=2\"}]}<\/script>\n<!-- \/ Yoast SEO plugin. -->","yoast_head_json":{"title":"DEFIENDEN AL AGRESOR! - Los pol\u00edticos Veracruz","robots":{"index":"index","follow":"follow","max-snippet":"max-snippet:-1","max-image-preview":"max-image-preview:large","max-video-preview":"max-video-preview:-1"},"canonical":"https:\/\/lospoliticosveracruz.com\/?p=140473","og_locale":"es_ES","og_type":"article","og_title":"DEFIENDEN AL AGRESOR! - Los pol\u00edticos Veracruz","og_description":"[S\u00edguenos ahora tambi\u00e9n en WhatsApp.\u00a0Da clic aqu\u00ed]\u00a0 Oved Contreras Secas Mecas TIENE LAS MANOS METIDAS\u2026es evidente que la gobernadora Roc\u00edo Nahle tiene las manos metidas en el proceso penal que se sigue contra Jorge Winkler\u2026no se entiende de otra manera que la fiscal\u00eda estatal insista en que un juez lo vincule a proceso al ex [&hellip;]","og_url":"https:\/\/lospoliticosveracruz.com\/?p=140473","og_site_name":"Los pol\u00edticos Veracruz","article_publisher":"https:\/\/www.facebook.com\/people\/Notimemes-de-los-Polticos\/61565672886568\/","article_published_time":"2025-03-26T13:26:27+00:00","article_modified_time":"2025-03-26T13:27:01+00:00","og_image":[{"width":1250,"height":667,"url":"https:\/\/lospoliticosveracruz.com\/wp-content\/uploads\/2024\/03\/Oved-Contreras.jpg","type":"image\/jpeg"}],"author":"Lo viste en Los Pol\u00edticos","twitter_card":"summary_large_image","twitter_creator":"@LosPoliticosVer","twitter_site":"@LosPoliticosVer","twitter_misc":{"Escrito por":"Lo viste en Los Pol\u00edticos","Tiempo de lectura":"6 minutos"},"schema":{"@context":"https:\/\/schema.org","@graph":[{"@type":"Article","@id":"https:\/\/lospoliticosveracruz.com\/?p=140473#article","isPartOf":{"@id":"https:\/\/lospoliticosveracruz.com\/?p=140473"},"author":{"name":"Lo viste en Los Pol\u00edticos","@id":"https:\/\/lospoliticosveracruz.com\/#\/schema\/person\/b8702bb0e538456e6efd07080bf2a4a2"},"headline":"DEFIENDEN AL AGRESOR!","datePublished":"2025-03-26T13:26:27+00:00","dateModified":"2025-03-26T13:27:01+00:00","mainEntityOfPage":{"@id":"https:\/\/lospoliticosveracruz.com\/?p=140473"},"wordCount":1257,"publisher":{"@id":"https:\/\/lospoliticosveracruz.com\/#organization"},"image":{"@id":"https:\/\/lospoliticosveracruz.com\/?p=140473#primaryimage"},"thumbnailUrl":"https:\/\/lospoliticosveracruz.com\/wp-content\/uploads\/2024\/03\/Oved-Contreras.jpg","keywords":["Morena","Roc\u00edo Nahle","Veracruz"],"articleSection":["De Opini\u00f3n"],"inLanguage":"es"},{"@type":"WebPage","@id":"https:\/\/lospoliticosveracruz.com\/?p=140473","url":"https:\/\/lospoliticosveracruz.com\/?p=140473","name":"DEFIENDEN AL AGRESOR! - Los pol\u00edticos Veracruz","isPartOf":{"@id":"https:\/\/lospoliticosveracruz.com\/#website"},"primaryImageOfPage":{"@id":"https:\/\/lospoliticosveracruz.com\/?p=140473#primaryimage"},"image":{"@id":"https:\/\/lospoliticosveracruz.com\/?p=140473#primaryimage"},"thumbnailUrl":"https:\/\/lospoliticosveracruz.com\/wp-content\/uploads\/2024\/03\/Oved-Contreras.jpg","datePublished":"2025-03-26T13:26:27+00:00","dateModified":"2025-03-26T13:27:01+00:00","breadcrumb":{"@id":"https:\/\/lospoliticosveracruz.com\/?p=140473#breadcrumb"},"inLanguage":"es","potentialAction":[{"@type":"ReadAction","target":["https:\/\/lospoliticosveracruz.com\/?p=140473"]}]},{"@type":"ImageObject","inLanguage":"es","@id":"https:\/\/lospoliticosveracruz.com\/?p=140473#primaryimage","url":"https:\/\/lospoliticosveracruz.com\/wp-content\/uploads\/2024\/03\/Oved-Contreras.jpg","contentUrl":"https:\/\/lospoliticosveracruz.com\/wp-content\/uploads\/2024\/03\/Oved-Contreras.jpg","width":1250,"height":667},{"@type":"BreadcrumbList","@id":"https:\/\/lospoliticosveracruz.com\/?p=140473#breadcrumb","itemListElement":[{"@type":"ListItem","position":1,"name":"Portada","item":"https:\/\/lospoliticosveracruz.com\/"},{"@type":"ListItem","position":2,"name":"DEFIENDEN AL AGRESOR!"}]},{"@type":"WebSite","@id":"https:\/\/lospoliticosveracruz.com\/#website","url":"https:\/\/lospoliticosveracruz.com\/","name":"Los pol\u00edticos Veracruz","description":"","publisher":{"@id":"https:\/\/lospoliticosveracruz.com\/#organization"},"potentialAction":[{"@type":"SearchAction","target":{"@type":"EntryPoint","urlTemplate":"https:\/\/lospoliticosveracruz.com\/?s={search_term_string}"},"query-input":{"@type":"PropertyValueSpecification","valueRequired":true,"valueName":"search_term_string"}}],"inLanguage":"es"},{"@type":"Organization","@id":"https:\/\/lospoliticosveracruz.com\/#organization","name":"Los pol\u00edticos Veracruz","url":"https:\/\/lospoliticosveracruz.com\/","logo":{"@type":"ImageObject","inLanguage":"es","@id":"https:\/\/lospoliticosveracruz.com\/#\/schema\/logo\/image\/","url":"https:\/\/lospoliticosveracruz.com\/wp-content\/uploads\/2025\/12\/Logo-Nuevo-LOS-POLITICOS-1.jpg","contentUrl":"https:\/\/lospoliticosveracruz.com\/wp-content\/uploads\/2025\/12\/Logo-Nuevo-LOS-POLITICOS-1.jpg","width":260,"height":70,"caption":"Los pol\u00edticos Veracruz"},"image":{"@id":"https:\/\/lospoliticosveracruz.com\/#\/schema\/logo\/image\/"},"sameAs":["https:\/\/www.facebook.com\/people\/Notimemes-de-los-Polticos\/61565672886568\/","https:\/\/x.com\/LosPoliticosVer"]},{"@type":"Person","@id":"https:\/\/lospoliticosveracruz.com\/#\/schema\/person\/b8702bb0e538456e6efd07080bf2a4a2","name":"Lo viste en Los Pol\u00edticos","image":{"@type":"ImageObject","inLanguage":"es","@id":"https:\/\/secure.gravatar.com\/avatar\/3a8de04a2656d44082be478bd6c086daa447c4651605818287b9532d3d0bd435?s=96&d=mm&r=g","url":"https:\/\/secure.gravatar.com\/avatar\/3a8de04a2656d44082be478bd6c086daa447c4651605818287b9532d3d0bd435?s=96&d=mm&r=g","contentUrl":"https:\/\/secure.gravatar.com\/avatar\/3a8de04a2656d44082be478bd6c086daa447c4651605818287b9532d3d0bd435?s=96&d=mm&r=g","caption":"Lo viste en Los Pol\u00edticos"},"url":"https:\/\/lospoliticosveracruz.com\/?author=2"}]}},"_links":{"self":[{"href":"https:\/\/lospoliticosveracruz.com\/index.php?rest_route=\/wp\/v2\/posts\/140473","targetHints":{"allow":["GET"]}}],"collection":[{"href":"https:\/\/lospoliticosveracruz.com\/index.php?rest_route=\/wp\/v2\/posts"}],"about":[{"href":"https:\/\/lospoliticosveracruz.com\/index.php?rest_route=\/wp\/v2\/types\/post"}],"author":[{"embeddable":true,"href":"https:\/\/lospoliticosveracruz.com\/index.php?rest_route=\/wp\/v2\/users\/2"}],"replies":[{"embeddable":true,"href":"https:\/\/lospoliticosveracruz.com\/index.php?rest_route=%2Fwp%2Fv2%2Fcomments&post=140473"}],"version-history":[{"count":2,"href":"https:\/\/lospoliticosveracruz.com\/index.php?rest_route=\/wp\/v2\/posts\/140473\/revisions"}],"predecessor-version":[{"id":140475,"href":"https:\/\/lospoliticosveracruz.com\/index.php?rest_route=\/wp\/v2\/posts\/140473\/revisions\/140475"}],"wp:featuredmedia":[{"embeddable":true,"href":"https:\/\/lospoliticosveracruz.com\/index.php?rest_route=\/wp\/v2\/media\/119816"}],"wp:attachment":[{"href":"https:\/\/lospoliticosveracruz.com\/index.php?rest_route=%2Fwp%2Fv2%2Fmedia&parent=140473"}],"wp:term":[{"taxonomy":"category","embeddable":true,"href":"https:\/\/lospoliticosveracruz.com\/index.php?rest_route=%2Fwp%2Fv2%2Fcategories&post=140473"},{"taxonomy":"post_tag","embeddable":true,"href":"https:\/\/lospoliticosveracruz.com\/index.php?rest_route=%2Fwp%2Fv2%2Ftags&post=140473"}],"curies":[{"name":"wp","href":"https:\/\/api.w.org\/{rel}","templated":true}]}}