{"id":140476,"date":"2025-03-26T07:36:48","date_gmt":"2025-03-26T13:36:48","guid":{"rendered":"https:\/\/lospoliticosveracruz.com.mx\/?p=140476"},"modified":"2025-03-26T07:37:09","modified_gmt":"2025-03-26T13:37:09","slug":"the-shooting","status":"publish","type":"post","link":"https:\/\/lospoliticosveracruz.com\/?p=140476","title":{"rendered":"THE SHOOTING"},"content":{"rendered":"\n<p><strong><a href=\"https:\/\/whatsapp.com\/channel\/0029Va8zRWlEKyZIP3Z1dF0e\">\u2002\u2002<strong>\u00danete a nuestro canal&nbsp;<\/strong>\u2002<\/a><\/strong><\/p>\n\n\n\n<p>\u00a1<strong>LOS POL\u00cdTICOS VERACRUZ<\/strong>&nbsp;ya est\u00e1 en WhatsApp!<\/p>\n\n\n\n<p><strong>Omar Z\u00fa\u00f1iga<\/strong><br><em>De Primera Mano<\/em><\/p>\n\n\n\n<p>Disparamos por la verdad. Nos disparan para silenciarnos.<br>Frases demoledoras en The Shooting, cortometraje que acaba de subir la ONG Art\u00edculo 19, en el que nos muestra la brutal realidad del periodismo en nuestro pa\u00eds.<br>Escasas seis l\u00edneas de parlamento, en un corto extraordinariamente realizado que no tiene desperdicio.<br>articulo19.org\/protegelaverdad<\/p>\n\n\n\n<hr class=\"wp-block-separator has-alpha-channel-opacity\"\/>\n\n\n\n<p>Los titulares de los \u00d3rganos Internos de Control (OIC) de muchas dependencias, dada su relevancia y por ley, es nombrado directamente por el Congreso del Estado.<br>Este es el caso del \u00d3rgano de Fiscalizaci\u00f3n Superior (Orfis), cuyo titular responde al nombre de Randy de Jes\u00fas Ram\u00edrez Rocha, de profesi\u00f3n licenciado en Derecho y egresado de la UV.<br>Pues bien, Randy recibi\u00f3 su nombramiento firmado de pu\u00f1o y letra de las entonces diputadas presidenta y secretaria de la Mesa Directiva de la Sex\u00e1gesima Sexta Legislatura, Margarita Corro y Arianna \u00c1ngeles, respectivamente, por un lapso de cinco a\u00f1os, a partir del 31 de julio de 2023, es decir hace m\u00e1s o menos un a\u00f1o y medio.<br>No es un secreto para nadie que Randy lleg\u00f3 a ese lugar impulsado por el entonces poderoso presidente de la Jucopo, hoy disminuido delegado del Bienestar, Juan Javier G\u00f3mez Cazar\u00edn, en su inmensa avaricia de poder para meter gente en todos lados que obedeciera a sus intereses.<br>Pues bien, en esa soberbia de saberse protegido y en af\u00e1n de hacerle la vida imposible a quien nunca se dobleg\u00f3 a sus caprichos, pero tambi\u00e9n a toda la gente que trabaja en el Orfis, Randy se hizo de un cartel nada agradable entre los funcionarios, que se han quejado de malos tratos que en nada corresponden a un OIC.<br>Como todo lo que apesta de la pasada Legislatura, esto lleg\u00f3 a o\u00eddos del profe Esteban Bautista, diputado presidente de la Jucopo, quien ha prometido (y cumplido) que no dejar\u00e1 pasar nada que huela a corrupci\u00f3n de su antecesor o de quien sea.<br>En este contexto, Randy fue requerido muy amablemente a que dejara su encargo, y diera paso a gente preparada, con vocaci\u00f3n de servicio, que d\u00e9 el ancho en las labores que le requiere el OIC.<br>Sin embargo, la respuesta fue m\u00e1s que virulenta: -Yo no me voy, si tienen algo que ver conmigo, deber\u00e1n solucionarlo con mi jefe pol\u00edtico (el mism\u00edsimo reci\u00e9n estrenado artista-cantante Juan Javier G\u00f3mez Cazar\u00edn).<br>As\u00ed con esa soberbia fue la respuesta.<br>Sin embargo, nos informan que ya un poco m\u00e1s calmado y ante la insistencia, respondi\u00f3 que chance y se iba, pero que le consiguieran un puesto igual de remunerado, con las mismas condiciones de trabajo.<br>A sus 33 a\u00f1os, seg\u00fan informaci\u00f3n p\u00fablica, Randy devenga un salario mensual neto de 60 mil pesos, m\u00e1s 5 mil en vales de despensa; un bono trimestral por la misma cantidad de 60 mil pesos, m\u00e1s aguinaldo, m\u00e1s prima vacacional y m\u00e1s lo que se ofrezca.<br>Por eso es que no quiera soltar la ubre un personaje que muestra y demuestra que no tiene ning\u00fan tipo de respeto por el servicio p\u00fablico, pero tampoco tiene empacho en reconocer y gritar a voz en cuello, que lleg\u00f3 y est\u00e1 ah\u00ed por la recomendaci\u00f3n, y que se debe totalmente a la Abejita Chiquitita.<br>\u00bfNecesita Veracuz a estos funcionarios?, la respuesta es, NO.<\/p>\n\n\n\n<hr class=\"wp-block-separator has-alpha-channel-opacity\"\/>\n\n\n\n<p>Para documentar el optimisno, este breve, pero muy ilustrativo di\u00e1logo<br>-S\u00ed. S\u00ed, f\u00edjate que ayer inici\u00f3 (Cumbre Taj\u00edn) y este\u2026, yo nunca hab\u00eda ido y no conoc\u00eda el parque (Takhilsukhut), est\u00e1 enorme, eeeeh. Esta vez nosotros, (la Secretar\u00eda de) Turismo no hizo, no hizo nada (sic), fue (la Secretar\u00eda de) Cultura; y esteee, ayer fue el primer d\u00eda; esperemos que todo vaya muy bien-, dice la funcionaria<br>-\u00bfC\u00f3mo le fue al Estado en este \u00faltimo puente vacacional de fin de semana. Qu\u00e9 porcentaje hubo de ocupaci\u00f3n?-, revira el pregunt\u00f3n reportero.<br>-Eeeee, f\u00edjate, eeh, ese es otro dato que ya sabes que dan uno, luego me dieron otro. Este no, no s\u00e9 por qu\u00e9 no, no, no, no lo dieron bien; un poquito se quejan los estee, hoteleros, pero siempre lo hacen, (quejarse) de que no es lo que ellos esperaban-, contesta la sagaz funcionaria<br>-Aqu\u00ed en la zona (conurbada veracruz-Boca del R\u00edo) se\u00f1alaban que s\u00ed hubo una ocupaci\u00f3n buena-, salt\u00f3 otra pregunta.<br>-\u00bfS\u00ed?. Ah, qu\u00e9 bueno que fue as\u00ed. Pero ellos (los hoteleros) dicen luego que que que no era la que esperaban. \u00a1Ay no te arrugues!, \u00bfporqu\u00e9 haces as\u00ed?-, salta sorpresivamente la funcionaria sobre la reportera.<br>-\u00bfCu\u00e1l es la expectativa que tienen para Semana Santa?<br>-Ay, yo creo que va a estar s\u00faper bien y m\u00e1s porque viene mi hija. Estoy esperando por m\u00e1s ganas-, y como dir\u00edan los cl\u00e1sicos, \u201cconcluy\u00f3 diciendo la funcionaria\u201d.<br>Cumbre Taj\u00edn se convirti\u00f3 en uno de los Festivales Culturales m\u00e1s importantes no s\u00f3lo del pa\u00eds, sino del Mundo. Era una fecha esperada por propios y extra\u00f1os y la semana pasada a que se hace referencia este di\u00e1logo de lo absurdo, se cumpli\u00f3 el 26 aniversario de su celebarci\u00f3n.<br>La triste realidad que nos cae como una bofetada en la cara, es que el di\u00e1logo de lo absurdo citado l\u00edneas arriba, corresponde a un \u201cchacaleo\u201d con la Secretaria de Turismo de Veracruz Dulce Mar\u00eda \u201cNena\u201d de la Reguera y la referencia de la Semana Santa a su hija, se refiere a la guapa actriz internacional, que en alg\u00fan momento fuera embajadora de Veracruz, Ana de la Reguera.<br>Est\u00e1 en puerta la que parece inminente, fusi\u00f3n Turismo-Cultura, que tendr\u00eda mucho sentido con una secretaria que descubri\u00f3 Cumbre Taj\u00edn 26 a\u00f1os despu\u00e9s de su lanzamiento, pero que en realidad es un contrasentido con la riqueza tur\u00edstica y cultural de Veracruz que merecen atenci\u00f3n por separado, pero bueno ojal\u00e1 se recapacite.<br>Lo que viene a cuento es la misma pregunta. \u00bfNecesita Veracuz a estos funcionarios?, la respuesta es la misma: NO.<\/p>\n\n\n\n<p>\u00a1Qu\u00e9 barbaridad!<br>deprimera.mano2020@gmail.com<\/p>\n","protected":false},"excerpt":{"rendered":"<p>\u2002\u2002\u00danete a nuestro canal&nbsp;\u2002 \u00a1LOS POL\u00cdTICOS VERACRUZ&nbsp;ya est\u00e1 en WhatsApp! Omar Z\u00fa\u00f1igaDe Primera Mano Disparamos por la verdad. Nos disparan para silenciarnos.Frases demoledoras en The Shooting, cortometraje que acaba de subir la ONG Art\u00edculo 19, en el que nos muestra la brutal realidad del periodismo en nuestro pa\u00eds.Escasas seis l\u00edneas de parlamento, en un corto [&hellip;]<\/p>\n","protected":false},"author":2,"featured_media":119918,"comment_status":"closed","ping_status":"closed","sticky":false,"template":"","format":"standard","meta":{"tdm_status":"","tdm_grid_status":"","footnotes":""},"categories":[70],"tags":[],"class_list":{"0":"post-140476","1":"post","2":"type-post","3":"status-publish","4":"format-standard","5":"has-post-thumbnail","7":"category-de-opinion"},"yoast_head":"<!-- This site is optimized with the Yoast SEO plugin v27.4 - https:\/\/yoast.com\/product\/yoast-seo-wordpress\/ -->\n<title>THE SHOOTING - Los pol\u00edticos Veracruz<\/title>\n<meta name=\"robots\" content=\"index, follow, max-snippet:-1, max-image-preview:large, max-video-preview:-1\" \/>\n<link rel=\"canonical\" href=\"https:\/\/lospoliticosveracruz.com\/?p=140476\" \/>\n<meta property=\"og:locale\" content=\"es_ES\" \/>\n<meta property=\"og:type\" content=\"article\" \/>\n<meta property=\"og:title\" content=\"THE SHOOTING - Los pol\u00edticos Veracruz\" \/>\n<meta property=\"og:description\" content=\"\u2002\u2002\u00danete a nuestro canal&nbsp;\u2002 \u00a1LOS POL\u00cdTICOS VERACRUZ&nbsp;ya est\u00e1 en WhatsApp! Omar Z\u00fa\u00f1igaDe Primera Mano Disparamos por la verdad. Nos disparan para silenciarnos.Frases demoledoras en The Shooting, cortometraje que acaba de subir la ONG Art\u00edculo 19, en el que nos muestra la brutal realidad del periodismo en nuestro pa\u00eds.Escasas seis l\u00edneas de parlamento, en un corto [&hellip;]\" \/>\n<meta property=\"og:url\" content=\"https:\/\/lospoliticosveracruz.com\/?p=140476\" \/>\n<meta property=\"og:site_name\" content=\"Los pol\u00edticos Veracruz\" \/>\n<meta property=\"article:publisher\" content=\"https:\/\/www.facebook.com\/people\/Notimemes-de-los-Polticos\/61565672886568\/\" \/>\n<meta property=\"article:published_time\" content=\"2025-03-26T13:36:48+00:00\" \/>\n<meta property=\"article:modified_time\" content=\"2025-03-26T13:37:09+00:00\" \/>\n<meta property=\"og:image\" content=\"https:\/\/lospoliticosveracruz.com\/wp-content\/uploads\/2024\/03\/Omar-Zuniga.jpg\" \/>\n\t<meta property=\"og:image:width\" content=\"1250\" \/>\n\t<meta property=\"og:image:height\" content=\"667\" \/>\n\t<meta property=\"og:image:type\" content=\"image\/jpeg\" \/>\n<meta name=\"author\" content=\"Lo viste en Los Pol\u00edticos\" \/>\n<meta name=\"twitter:card\" content=\"summary_large_image\" \/>\n<meta name=\"twitter:creator\" content=\"@LosPoliticosVer\" \/>\n<meta name=\"twitter:site\" content=\"@LosPoliticosVer\" \/>\n<meta name=\"twitter:label1\" content=\"Escrito por\" \/>\n\t<meta name=\"twitter:data1\" content=\"Lo viste en Los Pol\u00edticos\" \/>\n\t<meta name=\"twitter:label2\" content=\"Tiempo de lectura\" \/>\n\t<meta name=\"twitter:data2\" content=\"5 minutos\" \/>\n<script type=\"application\/ld+json\" class=\"yoast-schema-graph\">{\"@context\":\"https:\\\/\\\/schema.org\",\"@graph\":[{\"@type\":\"Article\",\"@id\":\"https:\\\/\\\/lospoliticosveracruz.com\\\/?p=140476#article\",\"isPartOf\":{\"@id\":\"https:\\\/\\\/lospoliticosveracruz.com\\\/?p=140476\"},\"author\":{\"name\":\"Lo viste en Los Pol\u00edticos\",\"@id\":\"https:\\\/\\\/lospoliticosveracruz.com\\\/#\\\/schema\\\/person\\\/b8702bb0e538456e6efd07080bf2a4a2\"},\"headline\":\"THE SHOOTING\",\"datePublished\":\"2025-03-26T13:36:48+00:00\",\"dateModified\":\"2025-03-26T13:37:09+00:00\",\"mainEntityOfPage\":{\"@id\":\"https:\\\/\\\/lospoliticosveracruz.com\\\/?p=140476\"},\"wordCount\":1057,\"publisher\":{\"@id\":\"https:\\\/\\\/lospoliticosveracruz.com\\\/#organization\"},\"image\":{\"@id\":\"https:\\\/\\\/lospoliticosveracruz.com\\\/?p=140476#primaryimage\"},\"thumbnailUrl\":\"https:\\\/\\\/lospoliticosveracruz.com\\\/wp-content\\\/uploads\\\/2024\\\/03\\\/Omar-Zuniga.jpg\",\"articleSection\":[\"De Opini\u00f3n\"],\"inLanguage\":\"es\"},{\"@type\":\"WebPage\",\"@id\":\"https:\\\/\\\/lospoliticosveracruz.com\\\/?p=140476\",\"url\":\"https:\\\/\\\/lospoliticosveracruz.com\\\/?p=140476\",\"name\":\"THE SHOOTING - Los pol\u00edticos Veracruz\",\"isPartOf\":{\"@id\":\"https:\\\/\\\/lospoliticosveracruz.com\\\/#website\"},\"primaryImageOfPage\":{\"@id\":\"https:\\\/\\\/lospoliticosveracruz.com\\\/?p=140476#primaryimage\"},\"image\":{\"@id\":\"https:\\\/\\\/lospoliticosveracruz.com\\\/?p=140476#primaryimage\"},\"thumbnailUrl\":\"https:\\\/\\\/lospoliticosveracruz.com\\\/wp-content\\\/uploads\\\/2024\\\/03\\\/Omar-Zuniga.jpg\",\"datePublished\":\"2025-03-26T13:36:48+00:00\",\"dateModified\":\"2025-03-26T13:37:09+00:00\",\"breadcrumb\":{\"@id\":\"https:\\\/\\\/lospoliticosveracruz.com\\\/?p=140476#breadcrumb\"},\"inLanguage\":\"es\",\"potentialAction\":[{\"@type\":\"ReadAction\",\"target\":[\"https:\\\/\\\/lospoliticosveracruz.com\\\/?p=140476\"]}]},{\"@type\":\"ImageObject\",\"inLanguage\":\"es\",\"@id\":\"https:\\\/\\\/lospoliticosveracruz.com\\\/?p=140476#primaryimage\",\"url\":\"https:\\\/\\\/lospoliticosveracruz.com\\\/wp-content\\\/uploads\\\/2024\\\/03\\\/Omar-Zuniga.jpg\",\"contentUrl\":\"https:\\\/\\\/lospoliticosveracruz.com\\\/wp-content\\\/uploads\\\/2024\\\/03\\\/Omar-Zuniga.jpg\",\"width\":1250,\"height\":667},{\"@type\":\"BreadcrumbList\",\"@id\":\"https:\\\/\\\/lospoliticosveracruz.com\\\/?p=140476#breadcrumb\",\"itemListElement\":[{\"@type\":\"ListItem\",\"position\":1,\"name\":\"Portada\",\"item\":\"https:\\\/\\\/lospoliticosveracruz.com\\\/\"},{\"@type\":\"ListItem\",\"position\":2,\"name\":\"THE SHOOTING\"}]},{\"@type\":\"WebSite\",\"@id\":\"https:\\\/\\\/lospoliticosveracruz.com\\\/#website\",\"url\":\"https:\\\/\\\/lospoliticosveracruz.com\\\/\",\"name\":\"Los pol\u00edticos Veracruz\",\"description\":\"\",\"publisher\":{\"@id\":\"https:\\\/\\\/lospoliticosveracruz.com\\\/#organization\"},\"potentialAction\":[{\"@type\":\"SearchAction\",\"target\":{\"@type\":\"EntryPoint\",\"urlTemplate\":\"https:\\\/\\\/lospoliticosveracruz.com\\\/?s={search_term_string}\"},\"query-input\":{\"@type\":\"PropertyValueSpecification\",\"valueRequired\":true,\"valueName\":\"search_term_string\"}}],\"inLanguage\":\"es\"},{\"@type\":\"Organization\",\"@id\":\"https:\\\/\\\/lospoliticosveracruz.com\\\/#organization\",\"name\":\"Los pol\u00edticos Veracruz\",\"url\":\"https:\\\/\\\/lospoliticosveracruz.com\\\/\",\"logo\":{\"@type\":\"ImageObject\",\"inLanguage\":\"es\",\"@id\":\"https:\\\/\\\/lospoliticosveracruz.com\\\/#\\\/schema\\\/logo\\\/image\\\/\",\"url\":\"https:\\\/\\\/lospoliticosveracruz.com\\\/wp-content\\\/uploads\\\/2025\\\/12\\\/Logo-Nuevo-LOS-POLITICOS-1.jpg\",\"contentUrl\":\"https:\\\/\\\/lospoliticosveracruz.com\\\/wp-content\\\/uploads\\\/2025\\\/12\\\/Logo-Nuevo-LOS-POLITICOS-1.jpg\",\"width\":260,\"height\":70,\"caption\":\"Los pol\u00edticos Veracruz\"},\"image\":{\"@id\":\"https:\\\/\\\/lospoliticosveracruz.com\\\/#\\\/schema\\\/logo\\\/image\\\/\"},\"sameAs\":[\"https:\\\/\\\/www.facebook.com\\\/people\\\/Notimemes-de-los-Polticos\\\/61565672886568\\\/\",\"https:\\\/\\\/x.com\\\/LosPoliticosVer\"]},{\"@type\":\"Person\",\"@id\":\"https:\\\/\\\/lospoliticosveracruz.com\\\/#\\\/schema\\\/person\\\/b8702bb0e538456e6efd07080bf2a4a2\",\"name\":\"Lo viste en Los Pol\u00edticos\",\"image\":{\"@type\":\"ImageObject\",\"inLanguage\":\"es\",\"@id\":\"https:\\\/\\\/secure.gravatar.com\\\/avatar\\\/3a8de04a2656d44082be478bd6c086daa447c4651605818287b9532d3d0bd435?s=96&d=mm&r=g\",\"url\":\"https:\\\/\\\/secure.gravatar.com\\\/avatar\\\/3a8de04a2656d44082be478bd6c086daa447c4651605818287b9532d3d0bd435?s=96&d=mm&r=g\",\"contentUrl\":\"https:\\\/\\\/secure.gravatar.com\\\/avatar\\\/3a8de04a2656d44082be478bd6c086daa447c4651605818287b9532d3d0bd435?s=96&d=mm&r=g\",\"caption\":\"Lo viste en Los Pol\u00edticos\"},\"url\":\"https:\\\/\\\/lospoliticosveracruz.com\\\/?author=2\"}]}<\/script>\n<!-- \/ Yoast SEO plugin. -->","yoast_head_json":{"title":"THE SHOOTING - Los pol\u00edticos Veracruz","robots":{"index":"index","follow":"follow","max-snippet":"max-snippet:-1","max-image-preview":"max-image-preview:large","max-video-preview":"max-video-preview:-1"},"canonical":"https:\/\/lospoliticosveracruz.com\/?p=140476","og_locale":"es_ES","og_type":"article","og_title":"THE SHOOTING - Los pol\u00edticos Veracruz","og_description":"\u2002\u2002\u00danete a nuestro canal&nbsp;\u2002 \u00a1LOS POL\u00cdTICOS VERACRUZ&nbsp;ya est\u00e1 en WhatsApp! Omar Z\u00fa\u00f1igaDe Primera Mano Disparamos por la verdad. Nos disparan para silenciarnos.Frases demoledoras en The Shooting, cortometraje que acaba de subir la ONG Art\u00edculo 19, en el que nos muestra la brutal realidad del periodismo en nuestro pa\u00eds.Escasas seis l\u00edneas de parlamento, en un corto [&hellip;]","og_url":"https:\/\/lospoliticosveracruz.com\/?p=140476","og_site_name":"Los pol\u00edticos Veracruz","article_publisher":"https:\/\/www.facebook.com\/people\/Notimemes-de-los-Polticos\/61565672886568\/","article_published_time":"2025-03-26T13:36:48+00:00","article_modified_time":"2025-03-26T13:37:09+00:00","og_image":[{"width":1250,"height":667,"url":"https:\/\/lospoliticosveracruz.com\/wp-content\/uploads\/2024\/03\/Omar-Zuniga.jpg","type":"image\/jpeg"}],"author":"Lo viste en Los Pol\u00edticos","twitter_card":"summary_large_image","twitter_creator":"@LosPoliticosVer","twitter_site":"@LosPoliticosVer","twitter_misc":{"Escrito por":"Lo viste en Los Pol\u00edticos","Tiempo de lectura":"5 minutos"},"schema":{"@context":"https:\/\/schema.org","@graph":[{"@type":"Article","@id":"https:\/\/lospoliticosveracruz.com\/?p=140476#article","isPartOf":{"@id":"https:\/\/lospoliticosveracruz.com\/?p=140476"},"author":{"name":"Lo viste en Los Pol\u00edticos","@id":"https:\/\/lospoliticosveracruz.com\/#\/schema\/person\/b8702bb0e538456e6efd07080bf2a4a2"},"headline":"THE SHOOTING","datePublished":"2025-03-26T13:36:48+00:00","dateModified":"2025-03-26T13:37:09+00:00","mainEntityOfPage":{"@id":"https:\/\/lospoliticosveracruz.com\/?p=140476"},"wordCount":1057,"publisher":{"@id":"https:\/\/lospoliticosveracruz.com\/#organization"},"image":{"@id":"https:\/\/lospoliticosveracruz.com\/?p=140476#primaryimage"},"thumbnailUrl":"https:\/\/lospoliticosveracruz.com\/wp-content\/uploads\/2024\/03\/Omar-Zuniga.jpg","articleSection":["De Opini\u00f3n"],"inLanguage":"es"},{"@type":"WebPage","@id":"https:\/\/lospoliticosveracruz.com\/?p=140476","url":"https:\/\/lospoliticosveracruz.com\/?p=140476","name":"THE SHOOTING - Los pol\u00edticos Veracruz","isPartOf":{"@id":"https:\/\/lospoliticosveracruz.com\/#website"},"primaryImageOfPage":{"@id":"https:\/\/lospoliticosveracruz.com\/?p=140476#primaryimage"},"image":{"@id":"https:\/\/lospoliticosveracruz.com\/?p=140476#primaryimage"},"thumbnailUrl":"https:\/\/lospoliticosveracruz.com\/wp-content\/uploads\/2024\/03\/Omar-Zuniga.jpg","datePublished":"2025-03-26T13:36:48+00:00","dateModified":"2025-03-26T13:37:09+00:00","breadcrumb":{"@id":"https:\/\/lospoliticosveracruz.com\/?p=140476#breadcrumb"},"inLanguage":"es","potentialAction":[{"@type":"ReadAction","target":["https:\/\/lospoliticosveracruz.com\/?p=140476"]}]},{"@type":"ImageObject","inLanguage":"es","@id":"https:\/\/lospoliticosveracruz.com\/?p=140476#primaryimage","url":"https:\/\/lospoliticosveracruz.com\/wp-content\/uploads\/2024\/03\/Omar-Zuniga.jpg","contentUrl":"https:\/\/lospoliticosveracruz.com\/wp-content\/uploads\/2024\/03\/Omar-Zuniga.jpg","width":1250,"height":667},{"@type":"BreadcrumbList","@id":"https:\/\/lospoliticosveracruz.com\/?p=140476#breadcrumb","itemListElement":[{"@type":"ListItem","position":1,"name":"Portada","item":"https:\/\/lospoliticosveracruz.com\/"},{"@type":"ListItem","position":2,"name":"THE SHOOTING"}]},{"@type":"WebSite","@id":"https:\/\/lospoliticosveracruz.com\/#website","url":"https:\/\/lospoliticosveracruz.com\/","name":"Los pol\u00edticos Veracruz","description":"","publisher":{"@id":"https:\/\/lospoliticosveracruz.com\/#organization"},"potentialAction":[{"@type":"SearchAction","target":{"@type":"EntryPoint","urlTemplate":"https:\/\/lospoliticosveracruz.com\/?s={search_term_string}"},"query-input":{"@type":"PropertyValueSpecification","valueRequired":true,"valueName":"search_term_string"}}],"inLanguage":"es"},{"@type":"Organization","@id":"https:\/\/lospoliticosveracruz.com\/#organization","name":"Los pol\u00edticos Veracruz","url":"https:\/\/lospoliticosveracruz.com\/","logo":{"@type":"ImageObject","inLanguage":"es","@id":"https:\/\/lospoliticosveracruz.com\/#\/schema\/logo\/image\/","url":"https:\/\/lospoliticosveracruz.com\/wp-content\/uploads\/2025\/12\/Logo-Nuevo-LOS-POLITICOS-1.jpg","contentUrl":"https:\/\/lospoliticosveracruz.com\/wp-content\/uploads\/2025\/12\/Logo-Nuevo-LOS-POLITICOS-1.jpg","width":260,"height":70,"caption":"Los pol\u00edticos Veracruz"},"image":{"@id":"https:\/\/lospoliticosveracruz.com\/#\/schema\/logo\/image\/"},"sameAs":["https:\/\/www.facebook.com\/people\/Notimemes-de-los-Polticos\/61565672886568\/","https:\/\/x.com\/LosPoliticosVer"]},{"@type":"Person","@id":"https:\/\/lospoliticosveracruz.com\/#\/schema\/person\/b8702bb0e538456e6efd07080bf2a4a2","name":"Lo viste en Los Pol\u00edticos","image":{"@type":"ImageObject","inLanguage":"es","@id":"https:\/\/secure.gravatar.com\/avatar\/3a8de04a2656d44082be478bd6c086daa447c4651605818287b9532d3d0bd435?s=96&d=mm&r=g","url":"https:\/\/secure.gravatar.com\/avatar\/3a8de04a2656d44082be478bd6c086daa447c4651605818287b9532d3d0bd435?s=96&d=mm&r=g","contentUrl":"https:\/\/secure.gravatar.com\/avatar\/3a8de04a2656d44082be478bd6c086daa447c4651605818287b9532d3d0bd435?s=96&d=mm&r=g","caption":"Lo viste en Los Pol\u00edticos"},"url":"https:\/\/lospoliticosveracruz.com\/?author=2"}]}},"_links":{"self":[{"href":"https:\/\/lospoliticosveracruz.com\/index.php?rest_route=\/wp\/v2\/posts\/140476","targetHints":{"allow":["GET"]}}],"collection":[{"href":"https:\/\/lospoliticosveracruz.com\/index.php?rest_route=\/wp\/v2\/posts"}],"about":[{"href":"https:\/\/lospoliticosveracruz.com\/index.php?rest_route=\/wp\/v2\/types\/post"}],"author":[{"embeddable":true,"href":"https:\/\/lospoliticosveracruz.com\/index.php?rest_route=\/wp\/v2\/users\/2"}],"replies":[{"embeddable":true,"href":"https:\/\/lospoliticosveracruz.com\/index.php?rest_route=%2Fwp%2Fv2%2Fcomments&post=140476"}],"version-history":[{"count":2,"href":"https:\/\/lospoliticosveracruz.com\/index.php?rest_route=\/wp\/v2\/posts\/140476\/revisions"}],"predecessor-version":[{"id":140478,"href":"https:\/\/lospoliticosveracruz.com\/index.php?rest_route=\/wp\/v2\/posts\/140476\/revisions\/140478"}],"wp:featuredmedia":[{"embeddable":true,"href":"https:\/\/lospoliticosveracruz.com\/index.php?rest_route=\/wp\/v2\/media\/119918"}],"wp:attachment":[{"href":"https:\/\/lospoliticosveracruz.com\/index.php?rest_route=%2Fwp%2Fv2%2Fmedia&parent=140476"}],"wp:term":[{"taxonomy":"category","embeddable":true,"href":"https:\/\/lospoliticosveracruz.com\/index.php?rest_route=%2Fwp%2Fv2%2Fcategories&post=140476"},{"taxonomy":"post_tag","embeddable":true,"href":"https:\/\/lospoliticosveracruz.com\/index.php?rest_route=%2Fwp%2Fv2%2Ftags&post=140476"}],"curies":[{"name":"wp","href":"https:\/\/api.w.org\/{rel}","templated":true}]}}