{"id":140486,"date":"2025-03-26T07:59:15","date_gmt":"2025-03-26T13:59:15","guid":{"rendered":"https:\/\/lospoliticosveracruz.com.mx\/?p=140486"},"modified":"2025-03-26T07:59:30","modified_gmt":"2025-03-26T13:59:30","slug":"cuauhtemoc-y-cuitlahuac-la-linea-en-comun","status":"publish","type":"post","link":"https:\/\/lospoliticosveracruz.com\/?p=140486","title":{"rendered":"CUAUHT\u00c9MOC Y CUITL\u00c1HUAC: LA L\u00cdNEA EN COM\u00daN"},"content":{"rendered":"\n<p><strong><a href=\"https:\/\/whatsapp.com\/channel\/0029Va8zRWlEKyZIP3Z1dF0e\"><\/a><\/strong><\/p>\n\n\n\n<p><strong><a href=\"https:\/\/whatsapp.com\/channel\/0029Va8zRWlEKyZIP3Z1dF0e\">\u2002\u2002<strong>\u00danete a nuestro canal&nbsp;<\/strong>\u2002<\/a><\/strong><\/p>\n\n\n\n<p>\u00a1<strong>LOS POL\u00cdTICOS VERACRUZ<\/strong>&nbsp;ya est\u00e1 en WhatsApp!<\/p>\n\n\n\n<p><strong>Alejandro Aguirre Guerrero&nbsp;<\/strong><\/p>\n\n\n\n<p><em>Al respecto\u2026<\/em><\/p>\n\n\n\n<p>Si bien es cierto, Cuauht\u00e9moc Blanco no es del agrado de la presidenta Sheinbaum, cuenta con la simpat\u00eda y el aprecio de la persona que radica en un rancho chiapaneco. El caso del exfutbolista es muy parecido al de Cuitl\u00e1huac Garc\u00eda: son consentidos del l\u00edder moral.&nbsp;<\/p>\n\n\n\n<p>Pero tanta fue la molestia al interior de algunos grupos morenistas que la votaci\u00f3n en la c\u00e1mara se dividi\u00f3 de manera clara y contundente. No hubo \u201cl\u00ednea\u201d de Palacio Nacional que ordenara tratar de manera especial a quien fuera gobernador de Morelos, pero hay personajes que \u201cno deben tocarse por mero sentido com\u00fan\u201d.&nbsp;<\/p>\n\n\n\n<p>Y aunque lo ideal para satisfacer al clamor ciudadano era que \u201ccaminara\u201d el desafuero contra Blanco (y arrancar as\u00ed el proceso por un presunto delito de corte sexual), ganaron los que sab\u00edan que era mejor quedar bien con el fundador del movimiento que hoy domina en el pa\u00eds.&nbsp;<\/p>\n\n\n\n<p>L\u00edneas arriba mencion\u00e9 que el caso de Cuauht\u00e9moc es similar al de Cuitl\u00e1huac Garc\u00eda, y es as\u00ed, ambos no ser\u00e1n tocados en lo que resta del sexenio, a menos que los se\u00f1alamientos en su contra se salgan de control o sean tan notorios que con pr\u00e1cticamente nada se puedan ocultar.&nbsp;<\/p>\n\n\n\n<p>Las canonj\u00edas para Cuauht\u00e9moc y Cuitl\u00e1huac no pasan por Palacio Nacional, sino por Chiapas. Adem\u00e1s, la habilidad del exfutbolista para allegarse de las amistades indicadas es tanta, que su suerte podr\u00eda ser extremo larga, no as\u00ed la del exgobernador de Veracruz, cuya fortuna ha sido (\u00fanicamente) ser amigo de AMLO.<\/p>\n\n\n\n<p>Y es aqu\u00ed donde varios se preguntan qu\u00e9 le deben a Cuauht\u00e9moc Blanco como para \u201capoyarlo de cualquier manera\u201d y evitarle lo que se le avecinaba en caso de llegar un desafuero. El asunto es simple: le apost\u00f3 al movimiento hace a\u00f1os, desde otra asociaci\u00f3n pol\u00edtica, cuando lleg\u00f3 a la gubernatura\u2026 y eso sigue pesando.<\/p>\n\n\n\n<p>Hace algunas semanas fue en el Senado, ahora el tema \u201cnon grato\u201d para Palacio Nacional se gener\u00f3 en San L\u00e1zaro. \u00bfHabr\u00e1 consecuencias pol\u00edticas, m\u00e1s adelante, para quienes dejaron pasar ambos asuntos?<\/p>\n\n\n\n<p>Veremos qu\u00e9 ocurre, y si de verdad ocurre.&nbsp;<\/p>\n\n\n\n<p>X: @aaguirre_g<\/p>\n","protected":false},"excerpt":{"rendered":"<p>\u2002\u2002\u00danete a nuestro canal&nbsp;\u2002 \u00a1LOS POL\u00cdTICOS VERACRUZ&nbsp;ya est\u00e1 en WhatsApp! Alejandro Aguirre Guerrero&nbsp; Al respecto\u2026 Si bien es cierto, Cuauht\u00e9moc Blanco no es del agrado de la presidenta Sheinbaum, cuenta con la simpat\u00eda y el aprecio de la persona que radica en un rancho chiapaneco. El caso del exfutbolista es muy parecido al de Cuitl\u00e1huac [&hellip;]<\/p>\n","protected":false},"author":2,"featured_media":119938,"comment_status":"closed","ping_status":"closed","sticky":false,"template":"","format":"standard","meta":{"tdm_status":"","tdm_grid_status":"","footnotes":""},"categories":[70],"tags":[],"class_list":{"0":"post-140486","1":"post","2":"type-post","3":"status-publish","4":"format-standard","5":"has-post-thumbnail","7":"category-de-opinion"},"yoast_head":"<!-- This site is optimized with the Yoast SEO plugin v27.4 - https:\/\/yoast.com\/product\/yoast-seo-wordpress\/ -->\n<title>CUAUHT\u00c9MOC Y CUITL\u00c1HUAC: LA L\u00cdNEA EN COM\u00daN - Los pol\u00edticos Veracruz<\/title>\n<meta name=\"robots\" content=\"index, follow, max-snippet:-1, max-image-preview:large, max-video-preview:-1\" \/>\n<link rel=\"canonical\" href=\"https:\/\/lospoliticosveracruz.com\/?p=140486\" \/>\n<meta property=\"og:locale\" content=\"es_ES\" \/>\n<meta property=\"og:type\" content=\"article\" \/>\n<meta property=\"og:title\" content=\"CUAUHT\u00c9MOC Y CUITL\u00c1HUAC: LA L\u00cdNEA EN COM\u00daN - Los pol\u00edticos Veracruz\" \/>\n<meta property=\"og:description\" content=\"\u2002\u2002\u00danete a nuestro canal&nbsp;\u2002 \u00a1LOS POL\u00cdTICOS VERACRUZ&nbsp;ya est\u00e1 en WhatsApp! Alejandro Aguirre Guerrero&nbsp; Al respecto\u2026 Si bien es cierto, Cuauht\u00e9moc Blanco no es del agrado de la presidenta Sheinbaum, cuenta con la simpat\u00eda y el aprecio de la persona que radica en un rancho chiapaneco. El caso del exfutbolista es muy parecido al de Cuitl\u00e1huac [&hellip;]\" \/>\n<meta property=\"og:url\" content=\"https:\/\/lospoliticosveracruz.com\/?p=140486\" \/>\n<meta property=\"og:site_name\" content=\"Los pol\u00edticos Veracruz\" \/>\n<meta property=\"article:publisher\" content=\"https:\/\/www.facebook.com\/people\/Notimemes-de-los-Polticos\/61565672886568\/\" \/>\n<meta property=\"article:published_time\" content=\"2025-03-26T13:59:15+00:00\" \/>\n<meta property=\"article:modified_time\" content=\"2025-03-26T13:59:30+00:00\" \/>\n<meta property=\"og:image\" content=\"https:\/\/lospoliticosveracruz.com\/wp-content\/uploads\/2024\/03\/Alejandro-Aguirre-Guerrero.jpg\" \/>\n\t<meta property=\"og:image:width\" content=\"1250\" \/>\n\t<meta property=\"og:image:height\" content=\"667\" \/>\n\t<meta property=\"og:image:type\" content=\"image\/jpeg\" \/>\n<meta name=\"author\" content=\"Lo viste en Los Pol\u00edticos\" \/>\n<meta name=\"twitter:card\" content=\"summary_large_image\" \/>\n<meta name=\"twitter:creator\" content=\"@LosPoliticosVer\" \/>\n<meta name=\"twitter:site\" content=\"@LosPoliticosVer\" \/>\n<meta name=\"twitter:label1\" content=\"Escrito por\" \/>\n\t<meta name=\"twitter:data1\" content=\"Lo viste en Los Pol\u00edticos\" \/>\n\t<meta name=\"twitter:label2\" content=\"Tiempo de lectura\" \/>\n\t<meta name=\"twitter:data2\" content=\"2 minutos\" \/>\n<script type=\"application\/ld+json\" class=\"yoast-schema-graph\">{\"@context\":\"https:\\\/\\\/schema.org\",\"@graph\":[{\"@type\":\"Article\",\"@id\":\"https:\\\/\\\/lospoliticosveracruz.com\\\/?p=140486#article\",\"isPartOf\":{\"@id\":\"https:\\\/\\\/lospoliticosveracruz.com\\\/?p=140486\"},\"author\":{\"name\":\"Lo viste en Los Pol\u00edticos\",\"@id\":\"https:\\\/\\\/lospoliticosveracruz.com\\\/#\\\/schema\\\/person\\\/b8702bb0e538456e6efd07080bf2a4a2\"},\"headline\":\"CUAUHT\u00c9MOC Y CUITL\u00c1HUAC: LA L\u00cdNEA EN COM\u00daN\",\"datePublished\":\"2025-03-26T13:59:15+00:00\",\"dateModified\":\"2025-03-26T13:59:30+00:00\",\"mainEntityOfPage\":{\"@id\":\"https:\\\/\\\/lospoliticosveracruz.com\\\/?p=140486\"},\"wordCount\":410,\"publisher\":{\"@id\":\"https:\\\/\\\/lospoliticosveracruz.com\\\/#organization\"},\"image\":{\"@id\":\"https:\\\/\\\/lospoliticosveracruz.com\\\/?p=140486#primaryimage\"},\"thumbnailUrl\":\"https:\\\/\\\/lospoliticosveracruz.com\\\/wp-content\\\/uploads\\\/2024\\\/03\\\/Alejandro-Aguirre-Guerrero.jpg\",\"articleSection\":[\"De Opini\u00f3n\"],\"inLanguage\":\"es\"},{\"@type\":\"WebPage\",\"@id\":\"https:\\\/\\\/lospoliticosveracruz.com\\\/?p=140486\",\"url\":\"https:\\\/\\\/lospoliticosveracruz.com\\\/?p=140486\",\"name\":\"CUAUHT\u00c9MOC Y CUITL\u00c1HUAC: LA L\u00cdNEA EN COM\u00daN - Los pol\u00edticos Veracruz\",\"isPartOf\":{\"@id\":\"https:\\\/\\\/lospoliticosveracruz.com\\\/#website\"},\"primaryImageOfPage\":{\"@id\":\"https:\\\/\\\/lospoliticosveracruz.com\\\/?p=140486#primaryimage\"},\"image\":{\"@id\":\"https:\\\/\\\/lospoliticosveracruz.com\\\/?p=140486#primaryimage\"},\"thumbnailUrl\":\"https:\\\/\\\/lospoliticosveracruz.com\\\/wp-content\\\/uploads\\\/2024\\\/03\\\/Alejandro-Aguirre-Guerrero.jpg\",\"datePublished\":\"2025-03-26T13:59:15+00:00\",\"dateModified\":\"2025-03-26T13:59:30+00:00\",\"breadcrumb\":{\"@id\":\"https:\\\/\\\/lospoliticosveracruz.com\\\/?p=140486#breadcrumb\"},\"inLanguage\":\"es\",\"potentialAction\":[{\"@type\":\"ReadAction\",\"target\":[\"https:\\\/\\\/lospoliticosveracruz.com\\\/?p=140486\"]}]},{\"@type\":\"ImageObject\",\"inLanguage\":\"es\",\"@id\":\"https:\\\/\\\/lospoliticosveracruz.com\\\/?p=140486#primaryimage\",\"url\":\"https:\\\/\\\/lospoliticosveracruz.com\\\/wp-content\\\/uploads\\\/2024\\\/03\\\/Alejandro-Aguirre-Guerrero.jpg\",\"contentUrl\":\"https:\\\/\\\/lospoliticosveracruz.com\\\/wp-content\\\/uploads\\\/2024\\\/03\\\/Alejandro-Aguirre-Guerrero.jpg\",\"width\":1250,\"height\":667},{\"@type\":\"BreadcrumbList\",\"@id\":\"https:\\\/\\\/lospoliticosveracruz.com\\\/?p=140486#breadcrumb\",\"itemListElement\":[{\"@type\":\"ListItem\",\"position\":1,\"name\":\"Portada\",\"item\":\"https:\\\/\\\/lospoliticosveracruz.com\\\/\"},{\"@type\":\"ListItem\",\"position\":2,\"name\":\"CUAUHT\u00c9MOC Y CUITL\u00c1HUAC: LA L\u00cdNEA EN COM\u00daN\"}]},{\"@type\":\"WebSite\",\"@id\":\"https:\\\/\\\/lospoliticosveracruz.com\\\/#website\",\"url\":\"https:\\\/\\\/lospoliticosveracruz.com\\\/\",\"name\":\"Los pol\u00edticos Veracruz\",\"description\":\"\",\"publisher\":{\"@id\":\"https:\\\/\\\/lospoliticosveracruz.com\\\/#organization\"},\"potentialAction\":[{\"@type\":\"SearchAction\",\"target\":{\"@type\":\"EntryPoint\",\"urlTemplate\":\"https:\\\/\\\/lospoliticosveracruz.com\\\/?s={search_term_string}\"},\"query-input\":{\"@type\":\"PropertyValueSpecification\",\"valueRequired\":true,\"valueName\":\"search_term_string\"}}],\"inLanguage\":\"es\"},{\"@type\":\"Organization\",\"@id\":\"https:\\\/\\\/lospoliticosveracruz.com\\\/#organization\",\"name\":\"Los pol\u00edticos Veracruz\",\"url\":\"https:\\\/\\\/lospoliticosveracruz.com\\\/\",\"logo\":{\"@type\":\"ImageObject\",\"inLanguage\":\"es\",\"@id\":\"https:\\\/\\\/lospoliticosveracruz.com\\\/#\\\/schema\\\/logo\\\/image\\\/\",\"url\":\"https:\\\/\\\/lospoliticosveracruz.com\\\/wp-content\\\/uploads\\\/2025\\\/12\\\/Logo-Nuevo-LOS-POLITICOS-1.jpg\",\"contentUrl\":\"https:\\\/\\\/lospoliticosveracruz.com\\\/wp-content\\\/uploads\\\/2025\\\/12\\\/Logo-Nuevo-LOS-POLITICOS-1.jpg\",\"width\":260,\"height\":70,\"caption\":\"Los pol\u00edticos Veracruz\"},\"image\":{\"@id\":\"https:\\\/\\\/lospoliticosveracruz.com\\\/#\\\/schema\\\/logo\\\/image\\\/\"},\"sameAs\":[\"https:\\\/\\\/www.facebook.com\\\/people\\\/Notimemes-de-los-Polticos\\\/61565672886568\\\/\",\"https:\\\/\\\/x.com\\\/LosPoliticosVer\"]},{\"@type\":\"Person\",\"@id\":\"https:\\\/\\\/lospoliticosveracruz.com\\\/#\\\/schema\\\/person\\\/b8702bb0e538456e6efd07080bf2a4a2\",\"name\":\"Lo viste en Los Pol\u00edticos\",\"image\":{\"@type\":\"ImageObject\",\"inLanguage\":\"es\",\"@id\":\"https:\\\/\\\/secure.gravatar.com\\\/avatar\\\/3a8de04a2656d44082be478bd6c086daa447c4651605818287b9532d3d0bd435?s=96&d=mm&r=g\",\"url\":\"https:\\\/\\\/secure.gravatar.com\\\/avatar\\\/3a8de04a2656d44082be478bd6c086daa447c4651605818287b9532d3d0bd435?s=96&d=mm&r=g\",\"contentUrl\":\"https:\\\/\\\/secure.gravatar.com\\\/avatar\\\/3a8de04a2656d44082be478bd6c086daa447c4651605818287b9532d3d0bd435?s=96&d=mm&r=g\",\"caption\":\"Lo viste en Los Pol\u00edticos\"},\"url\":\"https:\\\/\\\/lospoliticosveracruz.com\\\/?author=2\"}]}<\/script>\n<!-- \/ Yoast SEO plugin. -->","yoast_head_json":{"title":"CUAUHT\u00c9MOC Y CUITL\u00c1HUAC: LA L\u00cdNEA EN COM\u00daN - Los pol\u00edticos Veracruz","robots":{"index":"index","follow":"follow","max-snippet":"max-snippet:-1","max-image-preview":"max-image-preview:large","max-video-preview":"max-video-preview:-1"},"canonical":"https:\/\/lospoliticosveracruz.com\/?p=140486","og_locale":"es_ES","og_type":"article","og_title":"CUAUHT\u00c9MOC Y CUITL\u00c1HUAC: LA L\u00cdNEA EN COM\u00daN - Los pol\u00edticos Veracruz","og_description":"\u2002\u2002\u00danete a nuestro canal&nbsp;\u2002 \u00a1LOS POL\u00cdTICOS VERACRUZ&nbsp;ya est\u00e1 en WhatsApp! Alejandro Aguirre Guerrero&nbsp; Al respecto\u2026 Si bien es cierto, Cuauht\u00e9moc Blanco no es del agrado de la presidenta Sheinbaum, cuenta con la simpat\u00eda y el aprecio de la persona que radica en un rancho chiapaneco. El caso del exfutbolista es muy parecido al de Cuitl\u00e1huac [&hellip;]","og_url":"https:\/\/lospoliticosveracruz.com\/?p=140486","og_site_name":"Los pol\u00edticos Veracruz","article_publisher":"https:\/\/www.facebook.com\/people\/Notimemes-de-los-Polticos\/61565672886568\/","article_published_time":"2025-03-26T13:59:15+00:00","article_modified_time":"2025-03-26T13:59:30+00:00","og_image":[{"width":1250,"height":667,"url":"https:\/\/lospoliticosveracruz.com\/wp-content\/uploads\/2024\/03\/Alejandro-Aguirre-Guerrero.jpg","type":"image\/jpeg"}],"author":"Lo viste en Los Pol\u00edticos","twitter_card":"summary_large_image","twitter_creator":"@LosPoliticosVer","twitter_site":"@LosPoliticosVer","twitter_misc":{"Escrito por":"Lo viste en Los Pol\u00edticos","Tiempo de lectura":"2 minutos"},"schema":{"@context":"https:\/\/schema.org","@graph":[{"@type":"Article","@id":"https:\/\/lospoliticosveracruz.com\/?p=140486#article","isPartOf":{"@id":"https:\/\/lospoliticosveracruz.com\/?p=140486"},"author":{"name":"Lo viste en Los Pol\u00edticos","@id":"https:\/\/lospoliticosveracruz.com\/#\/schema\/person\/b8702bb0e538456e6efd07080bf2a4a2"},"headline":"CUAUHT\u00c9MOC Y CUITL\u00c1HUAC: LA L\u00cdNEA EN COM\u00daN","datePublished":"2025-03-26T13:59:15+00:00","dateModified":"2025-03-26T13:59:30+00:00","mainEntityOfPage":{"@id":"https:\/\/lospoliticosveracruz.com\/?p=140486"},"wordCount":410,"publisher":{"@id":"https:\/\/lospoliticosveracruz.com\/#organization"},"image":{"@id":"https:\/\/lospoliticosveracruz.com\/?p=140486#primaryimage"},"thumbnailUrl":"https:\/\/lospoliticosveracruz.com\/wp-content\/uploads\/2024\/03\/Alejandro-Aguirre-Guerrero.jpg","articleSection":["De Opini\u00f3n"],"inLanguage":"es"},{"@type":"WebPage","@id":"https:\/\/lospoliticosveracruz.com\/?p=140486","url":"https:\/\/lospoliticosveracruz.com\/?p=140486","name":"CUAUHT\u00c9MOC Y CUITL\u00c1HUAC: LA L\u00cdNEA EN COM\u00daN - Los pol\u00edticos Veracruz","isPartOf":{"@id":"https:\/\/lospoliticosveracruz.com\/#website"},"primaryImageOfPage":{"@id":"https:\/\/lospoliticosveracruz.com\/?p=140486#primaryimage"},"image":{"@id":"https:\/\/lospoliticosveracruz.com\/?p=140486#primaryimage"},"thumbnailUrl":"https:\/\/lospoliticosveracruz.com\/wp-content\/uploads\/2024\/03\/Alejandro-Aguirre-Guerrero.jpg","datePublished":"2025-03-26T13:59:15+00:00","dateModified":"2025-03-26T13:59:30+00:00","breadcrumb":{"@id":"https:\/\/lospoliticosveracruz.com\/?p=140486#breadcrumb"},"inLanguage":"es","potentialAction":[{"@type":"ReadAction","target":["https:\/\/lospoliticosveracruz.com\/?p=140486"]}]},{"@type":"ImageObject","inLanguage":"es","@id":"https:\/\/lospoliticosveracruz.com\/?p=140486#primaryimage","url":"https:\/\/lospoliticosveracruz.com\/wp-content\/uploads\/2024\/03\/Alejandro-Aguirre-Guerrero.jpg","contentUrl":"https:\/\/lospoliticosveracruz.com\/wp-content\/uploads\/2024\/03\/Alejandro-Aguirre-Guerrero.jpg","width":1250,"height":667},{"@type":"BreadcrumbList","@id":"https:\/\/lospoliticosveracruz.com\/?p=140486#breadcrumb","itemListElement":[{"@type":"ListItem","position":1,"name":"Portada","item":"https:\/\/lospoliticosveracruz.com\/"},{"@type":"ListItem","position":2,"name":"CUAUHT\u00c9MOC Y CUITL\u00c1HUAC: LA L\u00cdNEA EN COM\u00daN"}]},{"@type":"WebSite","@id":"https:\/\/lospoliticosveracruz.com\/#website","url":"https:\/\/lospoliticosveracruz.com\/","name":"Los pol\u00edticos Veracruz","description":"","publisher":{"@id":"https:\/\/lospoliticosveracruz.com\/#organization"},"potentialAction":[{"@type":"SearchAction","target":{"@type":"EntryPoint","urlTemplate":"https:\/\/lospoliticosveracruz.com\/?s={search_term_string}"},"query-input":{"@type":"PropertyValueSpecification","valueRequired":true,"valueName":"search_term_string"}}],"inLanguage":"es"},{"@type":"Organization","@id":"https:\/\/lospoliticosveracruz.com\/#organization","name":"Los pol\u00edticos Veracruz","url":"https:\/\/lospoliticosveracruz.com\/","logo":{"@type":"ImageObject","inLanguage":"es","@id":"https:\/\/lospoliticosveracruz.com\/#\/schema\/logo\/image\/","url":"https:\/\/lospoliticosveracruz.com\/wp-content\/uploads\/2025\/12\/Logo-Nuevo-LOS-POLITICOS-1.jpg","contentUrl":"https:\/\/lospoliticosveracruz.com\/wp-content\/uploads\/2025\/12\/Logo-Nuevo-LOS-POLITICOS-1.jpg","width":260,"height":70,"caption":"Los pol\u00edticos Veracruz"},"image":{"@id":"https:\/\/lospoliticosveracruz.com\/#\/schema\/logo\/image\/"},"sameAs":["https:\/\/www.facebook.com\/people\/Notimemes-de-los-Polticos\/61565672886568\/","https:\/\/x.com\/LosPoliticosVer"]},{"@type":"Person","@id":"https:\/\/lospoliticosveracruz.com\/#\/schema\/person\/b8702bb0e538456e6efd07080bf2a4a2","name":"Lo viste en Los Pol\u00edticos","image":{"@type":"ImageObject","inLanguage":"es","@id":"https:\/\/secure.gravatar.com\/avatar\/3a8de04a2656d44082be478bd6c086daa447c4651605818287b9532d3d0bd435?s=96&d=mm&r=g","url":"https:\/\/secure.gravatar.com\/avatar\/3a8de04a2656d44082be478bd6c086daa447c4651605818287b9532d3d0bd435?s=96&d=mm&r=g","contentUrl":"https:\/\/secure.gravatar.com\/avatar\/3a8de04a2656d44082be478bd6c086daa447c4651605818287b9532d3d0bd435?s=96&d=mm&r=g","caption":"Lo viste en Los Pol\u00edticos"},"url":"https:\/\/lospoliticosveracruz.com\/?author=2"}]}},"_links":{"self":[{"href":"https:\/\/lospoliticosveracruz.com\/index.php?rest_route=\/wp\/v2\/posts\/140486","targetHints":{"allow":["GET"]}}],"collection":[{"href":"https:\/\/lospoliticosveracruz.com\/index.php?rest_route=\/wp\/v2\/posts"}],"about":[{"href":"https:\/\/lospoliticosveracruz.com\/index.php?rest_route=\/wp\/v2\/types\/post"}],"author":[{"embeddable":true,"href":"https:\/\/lospoliticosveracruz.com\/index.php?rest_route=\/wp\/v2\/users\/2"}],"replies":[{"embeddable":true,"href":"https:\/\/lospoliticosveracruz.com\/index.php?rest_route=%2Fwp%2Fv2%2Fcomments&post=140486"}],"version-history":[{"count":1,"href":"https:\/\/lospoliticosveracruz.com\/index.php?rest_route=\/wp\/v2\/posts\/140486\/revisions"}],"predecessor-version":[{"id":140487,"href":"https:\/\/lospoliticosveracruz.com\/index.php?rest_route=\/wp\/v2\/posts\/140486\/revisions\/140487"}],"wp:featuredmedia":[{"embeddable":true,"href":"https:\/\/lospoliticosveracruz.com\/index.php?rest_route=\/wp\/v2\/media\/119938"}],"wp:attachment":[{"href":"https:\/\/lospoliticosveracruz.com\/index.php?rest_route=%2Fwp%2Fv2%2Fmedia&parent=140486"}],"wp:term":[{"taxonomy":"category","embeddable":true,"href":"https:\/\/lospoliticosveracruz.com\/index.php?rest_route=%2Fwp%2Fv2%2Fcategories&post=140486"},{"taxonomy":"post_tag","embeddable":true,"href":"https:\/\/lospoliticosveracruz.com\/index.php?rest_route=%2Fwp%2Fv2%2Ftags&post=140486"}],"curies":[{"name":"wp","href":"https:\/\/api.w.org\/{rel}","templated":true}]}}