{"id":140510,"date":"2025-03-26T11:59:00","date_gmt":"2025-03-26T17:59:00","guid":{"rendered":"https:\/\/lospoliticosveracruz.com.mx\/?p=140510"},"modified":"2025-03-26T11:01:04","modified_gmt":"2025-03-26T17:01:04","slug":"los-hilos-de-sisniega","status":"publish","type":"post","link":"https:\/\/lospoliticosveracruz.com\/?p=140510","title":{"rendered":"LOS HILOS DE SISNIEGA"},"content":{"rendered":"\n<p><strong><a href=\"https:\/\/whatsapp.com\/channel\/0029Va8zRWlEKyZIP3Z1dF0e\">\u2002\u2002<strong>\u00danete a nuestro canal&nbsp;<\/strong>\u2002\u2002\u2002\u2002\u2002\u2002&nbsp;<\/a>\u2002\u2002\u2002\u2002\u2002\u2002&nbsp;<\/strong><\/p>\n\n\n\n<p>\u00a1<strong>LOS POL\u00cdTICOS VERACRUZ<\/strong>&nbsp;ya est\u00e1 en WhatsApp!<\/p>\n\n\n\n<p><strong>Salvador Mu\u00f1oz<\/strong><\/p>\n\n\n\n<p><em>Los Pol\u00edticos<\/em><\/p>\n\n\n\n<p>Si hubo un suceso que sacudiera no s\u00f3lo a los familiares y pacientes del hospital Luis F. Nach\u00f3n de esta ciudad capital, sino tambi\u00e9n a la sociedad y a las mismas autoridades de Salud y hasta a la Gobernadora Roc\u00edo Nahle, fue cuando se dio a conocer mediante un oficio, \u00a1que se suspend\u00edan las cirug\u00edas por falta de insumos!<\/p>\n\n\n\n<p>La respuesta del titular de Salud, si recuerdan, fue casi inmediata: \u00a1Ninguna suspensi\u00f3n de cirug\u00edas! Por la tarde, el Luis F. Nach\u00f3n era suministrado.<\/p>\n\n\n\n<p>S\u00ed, parece asunto resuelto, pero no\u2026 \u00bfde qui\u00e9n depend\u00eda el abasto de insumos?<\/p>\n\n\n\n<p>De acuerdo al convenio establecido en el Gobierno anterior de Cuitl\u00e1huac Garc\u00eda y autoridades federales, ser\u00eda el IMSS-Bienestar el que deber\u00eda estar al tanto\u2026<\/p>\n\n\n\n<p>Aqu\u00ed es donde el pasado vuelve a hacerse presente con la presencia t\u00e1cita de Jorge Sisniega Fern\u00e1ndez, quien fue Todopoderoso en la Unidad Administrativa de Salud, en ese gobierno de Cuitl\u00e1huac.<\/p>\n\n\n\n<p>Si ya de por s\u00ed, el cargo conferido lo dotaba de poder, Sisniega Fern\u00e1ndez lo ampli\u00f3 a\u00fan m\u00e1s a trav\u00e9s de la estructura operativa, la cual reca\u00eda en personas cercanas y sus amistades\u2026 de ah\u00ed la magnitud del saqueo realizado a esta dependencia.<\/p>\n\n\n\n<p>\u00bfY qu\u00e9 tiene que ver lo del Luis F. Nach\u00f3n, la falta de Insumos, IMSS-Bienestar y Sisniega Fern\u00e1ndez?<\/p>\n\n\n\n<p>Dentro de todo este entramado econ\u00f3mico y legal que se presenta en la actualidad, existe una persona clave en la que intentan Sisniega y socios mantener el poder: Romana Guti\u00e9rrez Polo.&nbsp;<\/p>\n\n\n\n<p>Romana es la coordinadora estatal del IMSS-Bienestar en Veracruz. La han de recordar por notas period\u00edsticas donde exhibieron el cobro de 3 salarios mensuales: uno, en la Secretar\u00eda de Salud; otro, en el Issste; y por \u00faltimo, el de IMSS-Bienestar.<\/p>\n\n\n\n<p>\u00bfY por qu\u00e9 este personaje es el \u00faltimo eslab\u00f3n de la cadena conformada por Jorge Sisniega Fern\u00e1ndez?<\/p>\n\n\n\n<p>De acuerdo a los mismos empleados de Salud y del IMSS-Bienestar, Romana Guti\u00e9rrez fue impulsada por el mismo Jorge Sisniega para asumir la direcci\u00f3n de Atenci\u00f3n M\u00e9dica de la Secretar\u00eda de Salud y posteriormente la coordinaci\u00f3n de IMSS-Bienestar en Veracruz.<\/p>\n\n\n\n<p>Amparada desde afuera por el \u201cpoder\u201d de Sisniega, la coordinadora de IMSS-Bienestar intent\u00f3 hacer frente a las nuevas autoridades de Salud, con el argumento de que ella \u201ccontrolar\u00eda\u201d el presupuesto de los servicios de Salud, tal y como lo marca el convenio firmado por el entonces gobernador Cuitl\u00e1huac Garc\u00eda con el Gobierno Federal.<\/p>\n\n\n\n<p>Sin embargo, Romana top\u00f3 con una persona que conoce el sistema hospitalario de la A a la Z: Valent\u00edn Herrera Alarc\u00f3n, quien puso lupa a los hospitales del famoso \u201cIMSS-Bienestar\u201d y se percat\u00f3 del desabasto, carencias y nula atenci\u00f3n que se le da a los trabajadores y en especial a los pacientes.<\/p>\n\n\n\n<p>Y si Romana top\u00f3 con Valent\u00edn, lo mismo le pas\u00f3 con la Gobernadora Roc\u00edo Nahle Garc\u00eda, quien al enterarse del desastre financiero y humano en el que se encontraba el sistema de salud en Veracruz, pidi\u00f3 a Herrera Alarc\u00f3m pusiera orden y normatividad al abasto de medicamentos, a la atenci\u00f3n de pacientes y a la infraestructura hospitalaria.<\/p>\n\n\n\n<p>Por eso el caso de la falta de medicamentos de anestesia en el Hospital Luis F. Nach\u00f3n donde tuvo que salir la gobernadora y el secretario de Salud al quite, para abastecer de insumos a este hospital, que opera bajo el esquema IMSS-Bienestar.<\/p>\n\n\n\n<p>Si todo tiene relaci\u00f3n, nada m\u00e1s es cuesti\u00f3n de jalar los hilos de la madeja que dej\u00f3 Sisniega y seguir\u00e1n saliendo muchos detalles que ojal\u00e1 pronto sean amputados para que la atenci\u00f3n y los esfuerzos para combatir el rezago en medicamentos que realiza Nahle y el secretario de Salud, Valent\u00edn Herrera, pronto posicionen a Veracruz como un estado referente en materia de Salud. Los veracruzanos se lo merecen.<\/p>\n\n\n\n<p>Esperemos que la gobernadora ponga pronto un alto a los abusos y negligencia de Romana Guti\u00e9rrez Polo.<\/p>\n","protected":false},"excerpt":{"rendered":"<p>\u2002\u2002\u00danete a nuestro canal&nbsp;\u2002\u2002\u2002\u2002\u2002\u2002&nbsp;\u2002\u2002\u2002\u2002\u2002\u2002&nbsp; \u00a1LOS POL\u00cdTICOS VERACRUZ&nbsp;ya est\u00e1 en WhatsApp! Salvador Mu\u00f1oz Los Pol\u00edticos Si hubo un suceso que sacudiera no s\u00f3lo a los familiares y pacientes del hospital Luis F. Nach\u00f3n de esta ciudad capital, sino tambi\u00e9n a la sociedad y a las mismas autoridades de Salud y hasta a la Gobernadora Roc\u00edo Nahle, [&hellip;]<\/p>\n","protected":false},"author":2,"featured_media":138112,"comment_status":"closed","ping_status":"closed","sticky":false,"template":"","format":"standard","meta":{"tdm_status":"","tdm_grid_status":"","footnotes":""},"categories":[70],"tags":[13470,35783,40337],"class_list":{"0":"post-140510","1":"post","2":"type-post","3":"status-publish","4":"format-standard","5":"has-post-thumbnail","7":"category-de-opinion","8":"tag-imss-bienestar","9":"tag-jorge-sisniega-fernandez","10":"tag-romana-gutierrez-polo"},"yoast_head":"<!-- This site is optimized with the Yoast SEO plugin v27.4 - https:\/\/yoast.com\/product\/yoast-seo-wordpress\/ -->\n<title>LOS HILOS DE SISNIEGA - Los pol\u00edticos Veracruz<\/title>\n<meta name=\"robots\" content=\"index, follow, max-snippet:-1, max-image-preview:large, max-video-preview:-1\" \/>\n<link rel=\"canonical\" href=\"https:\/\/lospoliticosveracruz.com\/?p=140510\" \/>\n<meta property=\"og:locale\" content=\"es_ES\" \/>\n<meta property=\"og:type\" content=\"article\" \/>\n<meta property=\"og:title\" content=\"LOS HILOS DE SISNIEGA - Los pol\u00edticos Veracruz\" \/>\n<meta property=\"og:description\" content=\"\u2002\u2002\u00danete a nuestro canal&nbsp;\u2002\u2002\u2002\u2002\u2002\u2002&nbsp;\u2002\u2002\u2002\u2002\u2002\u2002&nbsp; \u00a1LOS POL\u00cdTICOS VERACRUZ&nbsp;ya est\u00e1 en WhatsApp! Salvador Mu\u00f1oz Los Pol\u00edticos Si hubo un suceso que sacudiera no s\u00f3lo a los familiares y pacientes del hospital Luis F. Nach\u00f3n de esta ciudad capital, sino tambi\u00e9n a la sociedad y a las mismas autoridades de Salud y hasta a la Gobernadora Roc\u00edo Nahle, [&hellip;]\" \/>\n<meta property=\"og:url\" content=\"https:\/\/lospoliticosveracruz.com\/?p=140510\" \/>\n<meta property=\"og:site_name\" content=\"Los pol\u00edticos Veracruz\" \/>\n<meta property=\"article:publisher\" content=\"https:\/\/www.facebook.com\/people\/Notimemes-de-los-Polticos\/61565672886568\/\" \/>\n<meta property=\"article:published_time\" content=\"2025-03-26T17:59:00+00:00\" \/>\n<meta property=\"og:image\" content=\"https:\/\/lospoliticosveracruz.com\/wp-content\/uploads\/2025\/02\/Chava-Munoz.jpg\" \/>\n\t<meta property=\"og:image:width\" content=\"1250\" \/>\n\t<meta property=\"og:image:height\" content=\"667\" \/>\n\t<meta property=\"og:image:type\" content=\"image\/jpeg\" \/>\n<meta name=\"author\" content=\"Lo viste en Los Pol\u00edticos\" \/>\n<meta name=\"twitter:card\" content=\"summary_large_image\" \/>\n<meta name=\"twitter:creator\" content=\"@LosPoliticosVer\" \/>\n<meta name=\"twitter:site\" content=\"@LosPoliticosVer\" \/>\n<meta name=\"twitter:label1\" content=\"Escrito por\" \/>\n\t<meta name=\"twitter:data1\" content=\"Lo viste en Los Pol\u00edticos\" \/>\n\t<meta name=\"twitter:label2\" content=\"Tiempo de lectura\" \/>\n\t<meta name=\"twitter:data2\" content=\"4 minutos\" \/>\n<script type=\"application\/ld+json\" class=\"yoast-schema-graph\">{\"@context\":\"https:\\\/\\\/schema.org\",\"@graph\":[{\"@type\":\"Article\",\"@id\":\"https:\\\/\\\/lospoliticosveracruz.com\\\/?p=140510#article\",\"isPartOf\":{\"@id\":\"https:\\\/\\\/lospoliticosveracruz.com\\\/?p=140510\"},\"author\":{\"name\":\"Lo viste en Los Pol\u00edticos\",\"@id\":\"https:\\\/\\\/lospoliticosveracruz.com\\\/#\\\/schema\\\/person\\\/b8702bb0e538456e6efd07080bf2a4a2\"},\"headline\":\"LOS HILOS DE SISNIEGA\",\"datePublished\":\"2025-03-26T17:59:00+00:00\",\"mainEntityOfPage\":{\"@id\":\"https:\\\/\\\/lospoliticosveracruz.com\\\/?p=140510\"},\"wordCount\":712,\"publisher\":{\"@id\":\"https:\\\/\\\/lospoliticosveracruz.com\\\/#organization\"},\"image\":{\"@id\":\"https:\\\/\\\/lospoliticosveracruz.com\\\/?p=140510#primaryimage\"},\"thumbnailUrl\":\"https:\\\/\\\/lospoliticosveracruz.com\\\/wp-content\\\/uploads\\\/2025\\\/02\\\/Chava-Munoz.jpg\",\"keywords\":[\"IMSS-Bienestar\",\"Jorge Sisniega Fern\u00e1ndez\",\"Romana Guti\u00e9rrez Polo\"],\"articleSection\":[\"De Opini\u00f3n\"],\"inLanguage\":\"es\"},{\"@type\":\"WebPage\",\"@id\":\"https:\\\/\\\/lospoliticosveracruz.com\\\/?p=140510\",\"url\":\"https:\\\/\\\/lospoliticosveracruz.com\\\/?p=140510\",\"name\":\"LOS HILOS DE SISNIEGA - Los pol\u00edticos Veracruz\",\"isPartOf\":{\"@id\":\"https:\\\/\\\/lospoliticosveracruz.com\\\/#website\"},\"primaryImageOfPage\":{\"@id\":\"https:\\\/\\\/lospoliticosveracruz.com\\\/?p=140510#primaryimage\"},\"image\":{\"@id\":\"https:\\\/\\\/lospoliticosveracruz.com\\\/?p=140510#primaryimage\"},\"thumbnailUrl\":\"https:\\\/\\\/lospoliticosveracruz.com\\\/wp-content\\\/uploads\\\/2025\\\/02\\\/Chava-Munoz.jpg\",\"datePublished\":\"2025-03-26T17:59:00+00:00\",\"breadcrumb\":{\"@id\":\"https:\\\/\\\/lospoliticosveracruz.com\\\/?p=140510#breadcrumb\"},\"inLanguage\":\"es\",\"potentialAction\":[{\"@type\":\"ReadAction\",\"target\":[\"https:\\\/\\\/lospoliticosveracruz.com\\\/?p=140510\"]}]},{\"@type\":\"ImageObject\",\"inLanguage\":\"es\",\"@id\":\"https:\\\/\\\/lospoliticosveracruz.com\\\/?p=140510#primaryimage\",\"url\":\"https:\\\/\\\/lospoliticosveracruz.com\\\/wp-content\\\/uploads\\\/2025\\\/02\\\/Chava-Munoz.jpg\",\"contentUrl\":\"https:\\\/\\\/lospoliticosveracruz.com\\\/wp-content\\\/uploads\\\/2025\\\/02\\\/Chava-Munoz.jpg\",\"width\":1250,\"height\":667},{\"@type\":\"BreadcrumbList\",\"@id\":\"https:\\\/\\\/lospoliticosveracruz.com\\\/?p=140510#breadcrumb\",\"itemListElement\":[{\"@type\":\"ListItem\",\"position\":1,\"name\":\"Portada\",\"item\":\"https:\\\/\\\/lospoliticosveracruz.com\\\/\"},{\"@type\":\"ListItem\",\"position\":2,\"name\":\"LOS HILOS DE SISNIEGA\"}]},{\"@type\":\"WebSite\",\"@id\":\"https:\\\/\\\/lospoliticosveracruz.com\\\/#website\",\"url\":\"https:\\\/\\\/lospoliticosveracruz.com\\\/\",\"name\":\"Los pol\u00edticos Veracruz\",\"description\":\"\",\"publisher\":{\"@id\":\"https:\\\/\\\/lospoliticosveracruz.com\\\/#organization\"},\"potentialAction\":[{\"@type\":\"SearchAction\",\"target\":{\"@type\":\"EntryPoint\",\"urlTemplate\":\"https:\\\/\\\/lospoliticosveracruz.com\\\/?s={search_term_string}\"},\"query-input\":{\"@type\":\"PropertyValueSpecification\",\"valueRequired\":true,\"valueName\":\"search_term_string\"}}],\"inLanguage\":\"es\"},{\"@type\":\"Organization\",\"@id\":\"https:\\\/\\\/lospoliticosveracruz.com\\\/#organization\",\"name\":\"Los pol\u00edticos Veracruz\",\"url\":\"https:\\\/\\\/lospoliticosveracruz.com\\\/\",\"logo\":{\"@type\":\"ImageObject\",\"inLanguage\":\"es\",\"@id\":\"https:\\\/\\\/lospoliticosveracruz.com\\\/#\\\/schema\\\/logo\\\/image\\\/\",\"url\":\"https:\\\/\\\/lospoliticosveracruz.com\\\/wp-content\\\/uploads\\\/2025\\\/12\\\/Logo-Nuevo-LOS-POLITICOS-1.jpg\",\"contentUrl\":\"https:\\\/\\\/lospoliticosveracruz.com\\\/wp-content\\\/uploads\\\/2025\\\/12\\\/Logo-Nuevo-LOS-POLITICOS-1.jpg\",\"width\":260,\"height\":70,\"caption\":\"Los pol\u00edticos Veracruz\"},\"image\":{\"@id\":\"https:\\\/\\\/lospoliticosveracruz.com\\\/#\\\/schema\\\/logo\\\/image\\\/\"},\"sameAs\":[\"https:\\\/\\\/www.facebook.com\\\/people\\\/Notimemes-de-los-Polticos\\\/61565672886568\\\/\",\"https:\\\/\\\/x.com\\\/LosPoliticosVer\"]},{\"@type\":\"Person\",\"@id\":\"https:\\\/\\\/lospoliticosveracruz.com\\\/#\\\/schema\\\/person\\\/b8702bb0e538456e6efd07080bf2a4a2\",\"name\":\"Lo viste en Los Pol\u00edticos\",\"image\":{\"@type\":\"ImageObject\",\"inLanguage\":\"es\",\"@id\":\"https:\\\/\\\/secure.gravatar.com\\\/avatar\\\/3a8de04a2656d44082be478bd6c086daa447c4651605818287b9532d3d0bd435?s=96&d=mm&r=g\",\"url\":\"https:\\\/\\\/secure.gravatar.com\\\/avatar\\\/3a8de04a2656d44082be478bd6c086daa447c4651605818287b9532d3d0bd435?s=96&d=mm&r=g\",\"contentUrl\":\"https:\\\/\\\/secure.gravatar.com\\\/avatar\\\/3a8de04a2656d44082be478bd6c086daa447c4651605818287b9532d3d0bd435?s=96&d=mm&r=g\",\"caption\":\"Lo viste en Los Pol\u00edticos\"},\"url\":\"https:\\\/\\\/lospoliticosveracruz.com\\\/?author=2\"}]}<\/script>\n<!-- \/ Yoast SEO plugin. -->","yoast_head_json":{"title":"LOS HILOS DE SISNIEGA - Los pol\u00edticos Veracruz","robots":{"index":"index","follow":"follow","max-snippet":"max-snippet:-1","max-image-preview":"max-image-preview:large","max-video-preview":"max-video-preview:-1"},"canonical":"https:\/\/lospoliticosveracruz.com\/?p=140510","og_locale":"es_ES","og_type":"article","og_title":"LOS HILOS DE SISNIEGA - Los pol\u00edticos Veracruz","og_description":"\u2002\u2002\u00danete a nuestro canal&nbsp;\u2002\u2002\u2002\u2002\u2002\u2002&nbsp;\u2002\u2002\u2002\u2002\u2002\u2002&nbsp; \u00a1LOS POL\u00cdTICOS VERACRUZ&nbsp;ya est\u00e1 en WhatsApp! Salvador Mu\u00f1oz Los Pol\u00edticos Si hubo un suceso que sacudiera no s\u00f3lo a los familiares y pacientes del hospital Luis F. Nach\u00f3n de esta ciudad capital, sino tambi\u00e9n a la sociedad y a las mismas autoridades de Salud y hasta a la Gobernadora Roc\u00edo Nahle, [&hellip;]","og_url":"https:\/\/lospoliticosveracruz.com\/?p=140510","og_site_name":"Los pol\u00edticos Veracruz","article_publisher":"https:\/\/www.facebook.com\/people\/Notimemes-de-los-Polticos\/61565672886568\/","article_published_time":"2025-03-26T17:59:00+00:00","og_image":[{"width":1250,"height":667,"url":"https:\/\/lospoliticosveracruz.com\/wp-content\/uploads\/2025\/02\/Chava-Munoz.jpg","type":"image\/jpeg"}],"author":"Lo viste en Los Pol\u00edticos","twitter_card":"summary_large_image","twitter_creator":"@LosPoliticosVer","twitter_site":"@LosPoliticosVer","twitter_misc":{"Escrito por":"Lo viste en Los Pol\u00edticos","Tiempo de lectura":"4 minutos"},"schema":{"@context":"https:\/\/schema.org","@graph":[{"@type":"Article","@id":"https:\/\/lospoliticosveracruz.com\/?p=140510#article","isPartOf":{"@id":"https:\/\/lospoliticosveracruz.com\/?p=140510"},"author":{"name":"Lo viste en Los Pol\u00edticos","@id":"https:\/\/lospoliticosveracruz.com\/#\/schema\/person\/b8702bb0e538456e6efd07080bf2a4a2"},"headline":"LOS HILOS DE SISNIEGA","datePublished":"2025-03-26T17:59:00+00:00","mainEntityOfPage":{"@id":"https:\/\/lospoliticosveracruz.com\/?p=140510"},"wordCount":712,"publisher":{"@id":"https:\/\/lospoliticosveracruz.com\/#organization"},"image":{"@id":"https:\/\/lospoliticosveracruz.com\/?p=140510#primaryimage"},"thumbnailUrl":"https:\/\/lospoliticosveracruz.com\/wp-content\/uploads\/2025\/02\/Chava-Munoz.jpg","keywords":["IMSS-Bienestar","Jorge Sisniega Fern\u00e1ndez","Romana Guti\u00e9rrez Polo"],"articleSection":["De Opini\u00f3n"],"inLanguage":"es"},{"@type":"WebPage","@id":"https:\/\/lospoliticosveracruz.com\/?p=140510","url":"https:\/\/lospoliticosveracruz.com\/?p=140510","name":"LOS HILOS DE SISNIEGA - Los pol\u00edticos Veracruz","isPartOf":{"@id":"https:\/\/lospoliticosveracruz.com\/#website"},"primaryImageOfPage":{"@id":"https:\/\/lospoliticosveracruz.com\/?p=140510#primaryimage"},"image":{"@id":"https:\/\/lospoliticosveracruz.com\/?p=140510#primaryimage"},"thumbnailUrl":"https:\/\/lospoliticosveracruz.com\/wp-content\/uploads\/2025\/02\/Chava-Munoz.jpg","datePublished":"2025-03-26T17:59:00+00:00","breadcrumb":{"@id":"https:\/\/lospoliticosveracruz.com\/?p=140510#breadcrumb"},"inLanguage":"es","potentialAction":[{"@type":"ReadAction","target":["https:\/\/lospoliticosveracruz.com\/?p=140510"]}]},{"@type":"ImageObject","inLanguage":"es","@id":"https:\/\/lospoliticosveracruz.com\/?p=140510#primaryimage","url":"https:\/\/lospoliticosveracruz.com\/wp-content\/uploads\/2025\/02\/Chava-Munoz.jpg","contentUrl":"https:\/\/lospoliticosveracruz.com\/wp-content\/uploads\/2025\/02\/Chava-Munoz.jpg","width":1250,"height":667},{"@type":"BreadcrumbList","@id":"https:\/\/lospoliticosveracruz.com\/?p=140510#breadcrumb","itemListElement":[{"@type":"ListItem","position":1,"name":"Portada","item":"https:\/\/lospoliticosveracruz.com\/"},{"@type":"ListItem","position":2,"name":"LOS HILOS DE SISNIEGA"}]},{"@type":"WebSite","@id":"https:\/\/lospoliticosveracruz.com\/#website","url":"https:\/\/lospoliticosveracruz.com\/","name":"Los pol\u00edticos Veracruz","description":"","publisher":{"@id":"https:\/\/lospoliticosveracruz.com\/#organization"},"potentialAction":[{"@type":"SearchAction","target":{"@type":"EntryPoint","urlTemplate":"https:\/\/lospoliticosveracruz.com\/?s={search_term_string}"},"query-input":{"@type":"PropertyValueSpecification","valueRequired":true,"valueName":"search_term_string"}}],"inLanguage":"es"},{"@type":"Organization","@id":"https:\/\/lospoliticosveracruz.com\/#organization","name":"Los pol\u00edticos Veracruz","url":"https:\/\/lospoliticosveracruz.com\/","logo":{"@type":"ImageObject","inLanguage":"es","@id":"https:\/\/lospoliticosveracruz.com\/#\/schema\/logo\/image\/","url":"https:\/\/lospoliticosveracruz.com\/wp-content\/uploads\/2025\/12\/Logo-Nuevo-LOS-POLITICOS-1.jpg","contentUrl":"https:\/\/lospoliticosveracruz.com\/wp-content\/uploads\/2025\/12\/Logo-Nuevo-LOS-POLITICOS-1.jpg","width":260,"height":70,"caption":"Los pol\u00edticos Veracruz"},"image":{"@id":"https:\/\/lospoliticosveracruz.com\/#\/schema\/logo\/image\/"},"sameAs":["https:\/\/www.facebook.com\/people\/Notimemes-de-los-Polticos\/61565672886568\/","https:\/\/x.com\/LosPoliticosVer"]},{"@type":"Person","@id":"https:\/\/lospoliticosveracruz.com\/#\/schema\/person\/b8702bb0e538456e6efd07080bf2a4a2","name":"Lo viste en Los Pol\u00edticos","image":{"@type":"ImageObject","inLanguage":"es","@id":"https:\/\/secure.gravatar.com\/avatar\/3a8de04a2656d44082be478bd6c086daa447c4651605818287b9532d3d0bd435?s=96&d=mm&r=g","url":"https:\/\/secure.gravatar.com\/avatar\/3a8de04a2656d44082be478bd6c086daa447c4651605818287b9532d3d0bd435?s=96&d=mm&r=g","contentUrl":"https:\/\/secure.gravatar.com\/avatar\/3a8de04a2656d44082be478bd6c086daa447c4651605818287b9532d3d0bd435?s=96&d=mm&r=g","caption":"Lo viste en Los Pol\u00edticos"},"url":"https:\/\/lospoliticosveracruz.com\/?author=2"}]}},"_links":{"self":[{"href":"https:\/\/lospoliticosveracruz.com\/index.php?rest_route=\/wp\/v2\/posts\/140510","targetHints":{"allow":["GET"]}}],"collection":[{"href":"https:\/\/lospoliticosveracruz.com\/index.php?rest_route=\/wp\/v2\/posts"}],"about":[{"href":"https:\/\/lospoliticosveracruz.com\/index.php?rest_route=\/wp\/v2\/types\/post"}],"author":[{"embeddable":true,"href":"https:\/\/lospoliticosveracruz.com\/index.php?rest_route=\/wp\/v2\/users\/2"}],"replies":[{"embeddable":true,"href":"https:\/\/lospoliticosveracruz.com\/index.php?rest_route=%2Fwp%2Fv2%2Fcomments&post=140510"}],"version-history":[{"count":2,"href":"https:\/\/lospoliticosveracruz.com\/index.php?rest_route=\/wp\/v2\/posts\/140510\/revisions"}],"predecessor-version":[{"id":140513,"href":"https:\/\/lospoliticosveracruz.com\/index.php?rest_route=\/wp\/v2\/posts\/140510\/revisions\/140513"}],"wp:featuredmedia":[{"embeddable":true,"href":"https:\/\/lospoliticosveracruz.com\/index.php?rest_route=\/wp\/v2\/media\/138112"}],"wp:attachment":[{"href":"https:\/\/lospoliticosveracruz.com\/index.php?rest_route=%2Fwp%2Fv2%2Fmedia&parent=140510"}],"wp:term":[{"taxonomy":"category","embeddable":true,"href":"https:\/\/lospoliticosveracruz.com\/index.php?rest_route=%2Fwp%2Fv2%2Fcategories&post=140510"},{"taxonomy":"post_tag","embeddable":true,"href":"https:\/\/lospoliticosveracruz.com\/index.php?rest_route=%2Fwp%2Fv2%2Ftags&post=140510"}],"curies":[{"name":"wp","href":"https:\/\/api.w.org\/{rel}","templated":true}]}}