{"id":140580,"date":"2025-03-27T08:18:35","date_gmt":"2025-03-27T14:18:35","guid":{"rendered":"https:\/\/lospoliticosveracruz.com.mx\/?p=140580"},"modified":"2025-03-27T08:18:44","modified_gmt":"2025-03-27T14:18:44","slug":"vengo-a-competir-para-ganar-maribel","status":"publish","type":"post","link":"https:\/\/lospoliticosveracruz.com\/?p=140580","title":{"rendered":"VENGO A COMPETIR PARA GANAR: MARIBEL"},"content":{"rendered":"\n<p><a><\/a><a href=\"https:\/\/whatsapp.com\/channel\/0029Va8zRWlEKyZIP3Z1dF0e\"><strong>\u2002\u2002<\/strong><strong>\u00da<\/strong><strong>NETE A NUESTRO CANAL<\/strong><strong><\/strong><\/a><\/p>\n\n\n\n<p>\u00a1<a href=\"https:\/\/whatsapp.com\/channel\/0029Va8zRWlEKyZIP3Z1dF0e\"><strong>LOS POL\u00cd<\/strong><strong>TICOS VERACRUZ<\/strong><\/a> ya est\u00e1 en WhatsApp!<\/p>\n\n\n\n<p><strong>Bernardo Guti\u00e9rrez Parra<\/strong><\/p>\n\n\n\n<p><em>Desde el Caf\u00e9<br><\/em><\/p>\n\n\n\n<p>Cuando faltan unos d\u00edas para que arranquen las campa\u00f1as por las 212 alcald\u00edas de Veracruz, la candidata del PAN a la presidencia municipal de Xalapa, Maribel Ram\u00edrez Topete, ya tiene bien definidas sus propuestas para mejorar la calidad de vida de los xalape\u00f1os, propuestas que se resumen en dos grandes temas: agua y seguridad.<\/p>\n\n\n\n<p>Licenciada en Derecho egresada de la UV, diputada local en la anterior Legislatura, hija del abogado Mario Ram\u00edrez Bret\u00f3n que fue delegado de la Reforma Agraria y de la antrop\u00f3loga Maribel Topete, Maribel lleg\u00f3 puntual a la cita con el reportero en un caf\u00e9 de la ciudad.<\/p>\n\n\n\n<p>Cuando le pregunt\u00e9 qu\u00e9 la mueve a buscar la alcald\u00eda contest\u00f3: \u201cEl contexto, la coyuntura y la circunstancia. El contexto que se vive en Xalapa; la coyuntura porque ya es tiempo de mujeres y la circunstancia de que ya se requiere de un cambio en esta ciudad\u201d.<\/p>\n\n\n\n<p>Y no esper\u00f3 a la siguiente pregunta porque de inmediato entr\u00f3 en materia.<\/p>\n\n\n\n<p>\u201cEl primero de los grandes problemas que tiene Xalapa es el agua y sus tarifas. Vamos a proponer una reducci\u00f3n en las tarifas porque la ciudadan\u00eda ya est\u00e1 harta de las altas tarifas y harta de la mala calidad del agua\u201d.<\/p>\n\n\n\n<p>Con la escasez que hay en estos momentos y con la crisis de agua que se avecina, \u00bfde d\u00f3nde se traer\u00e1 el vital l\u00edquido?, pregunt\u00e9.<\/p>\n\n\n\n<p>\u201cEn Xalapa llueve m\u00e1s de la mitad del a\u00f1o y es agua que no podemos desperdiciar. Tenemos los captadores de lluvia que son una excelente respuesta a la falta de agua. Son unos tinacos con un sistema integrado que le permite al agua de lluvia convertirse en agua para consumo humano (para lavar, asearse, etc.). Esto obviamente de la mano de un programa de reforestaci\u00f3n que nos permita recuperar zonas como El Castillo\u201d. Aclar\u00f3 que lo que se busca con esto es no depender tanto de los sitios que surten regularmente de agua a Xalapa.<\/p>\n\n\n\n<p>Maribel sabe que Xalapa, la otrora apacible y tranquila Atenas Veracruzana, es una de las ciudades con m\u00e1s feminicidios y desapariciones de mujeres. Y una de sus propuestas para inhibir sustancialmente estos flagelos consiste en capacitar a la polic\u00eda municipal y mejorar su salario. Pero adem\u00e1s, hacer un registro de los taxistas (con nombres, direcci\u00f3n, tel\u00e9fono y hasta tipo de sangre). Y concientizarlos sobre lo que es la violencia, a fin de evitar que \u00e9sta vaya al volante como sucede en otras ciudades. Otra propuesta es el uso de tecnolog\u00eda de punta que permita, tanto la protecci\u00f3n a la ciudadan\u00eda, como evitar las desapariciones, homicidios, robos o extorsiones.<\/p>\n\n\n\n<p>Sobre la movilidad dijo que hay que conceptualizarla como un derecho humano y propondr\u00e1 que haya una Comisi\u00f3n de Movilidad y Seguridad Vial como lo establece la ley.<\/p>\n\n\n\n<p>Agreg\u00f3 que propondr\u00e1 tarifas m\u00e1s bajas para las mujeres en los medios de transporte ya que se desplazan m\u00e1s que los hombres (van al mercado, van por los ni\u00f1os a la escuela, van a visitar a la abuelita, llevan a los ni\u00f1os al m\u00e9dico, etc.) mientras que los hombres van generalmente del trabajo a su casa y viceversa.<\/p>\n\n\n\n<p>\u00bfPor qu\u00e9 tu cambio de MC al PAN?<\/p>\n\n\n\n<p>\u201cPorque el PAN es la oposici\u00f3n real dentro del Congreso. Aunque fui diputada por ese partido no soy militante del PAN sino diputada ciudadana, y en ese sentido me siento muy bien porque no es obligatorio pertenecer al PAN para aspirar a un puesto de elecci\u00f3n popular\u201d.<\/p>\n\n\n\n<p><strong>\u00bfNo te da miedo el reto de gobernar una ciudad como Xalapa?<\/strong><\/p>\n\n\n\n<p>\u201cS\u00e9 que los valientes a pesar de tener miedo accionan, entonces hay que ser valientes porque s\u00ed se puede. S\u00ed lo vamos a lograr. S\u00e9 que por el contexto, la circunstancia y la coyuntura, vamos a ganar en Xalapa\u201d.<\/p>\n\n\n\n<p>La charla se extendi\u00f3 m\u00e1s de una hora en la que Maribel habl\u00f3 de sus otros proyectos para la ciudad y sus habitantes; del inicio de su campa\u00f1a que piensa arrancar en varias colonias, del apoyo de su partido, del de sus amigos y de su familia, pero sobre sus rivales no dijo ni media palabra.<\/p>\n\n\n\n<p>\u201cYo me enfocar\u00e9 en mis propuestas, en lo que verdaderamente hay que combatir en Xalapa como la inseguridad y la falta de agua, creo que ese es el verdadero reto. Las propuestas hay que convertirlas en compromisos y no dejarlas en promesas. Tenemos que estar comprometidos con la ciudadan\u00eda.<\/p>\n\n\n\n<p>\u201cSoy una xalape\u00f1a de arraigo que quiero a mi ciudad, pero tambi\u00e9n quiero que le vaya mejor a todas las familias xalape\u00f1as sin distinci\u00f3n de partidos, creencias o condici\u00f3n social, porque a todas las familias las voy a poner en el centro.<\/p>\n\n\n\n<p>\u201cQuiero una ciudad que sea amigable para las ni\u00f1as y para los ni\u00f1os. Quiero que vayan a los museos o a cualquier centro de recreaci\u00f3n sin miedo; queremos impulsar la Orquesta Municipal de Xalapa, en este proyecto est\u00e1 trabajando conmigo Venus Rey junior.<\/p>\n\n\n\n<p>\u201cQueremos construir algo que no hay en Xalapa: canchas municipales de futbol para que las ni\u00f1as y los ni\u00f1os lo jueguen sin ning\u00fan riesgo\u201d.<\/p>\n\n\n\n<p>En la planta baja del caf\u00e9 la esperaba su esposo Francisco Berl\u00edn V\u00e1zquez, que ser\u00e1 su jefe de campa\u00f1a y tambi\u00e9n la esperaba su hijo m\u00e1s peque\u00f1o. Eran casi las diez de la noche pero Maribel a\u00fan ten\u00eda otra reuni\u00f3n que atender al otro extremo de la ciudad.<\/p>\n\n\n\n<p>Al despedirse me hizo un comentario final: \u201cMi campa\u00f1a no se centrar\u00e1 en descalificaciones porque no es mi estilo y porque las descalificaciones no llevan a ninguna parte. Mi campa\u00f1a se centrar\u00e1 en propuestas y compromisos. No voy a pelear con nadie sino a competir y si vengo a competir es para ganar\u201d.<\/p>\n\n\n\n<p><strong>Carlos G\u00e1mez listo para Tlapacoyan<\/strong><\/p>\n\n\n\n<p>Hace unos d\u00edas el representante estatal de los cafeticultores en Veracruz, Israel S\u00e1nchez Gonz\u00e1lez, hizo un llamado a la c\u00fapula de Morena para que respalden a Carlos G\u00e1mez Paredes, como candidato a la presidencia municipal de Tlapacoyan. El l\u00edder cafeticultor, dijo que para impulsar un cambio verdadero en el municipio y trabajar en sinergia con Claudia Sheinbaum y Roc\u00edo Nahle, se necesitan l\u00edderes comprometidos como G\u00e1mez.<\/p>\n\n\n\n<p>S\u00e1nchez Gonz\u00e1lez agreg\u00f3 que Carlos G\u00e1mez es un hombre preparado, con un inter\u00e9s genuino en el bienestar social y una trayectoria que lo respalda como defensor de los sectores m\u00e1s vulnerables. Por lo que los cafeticultores lo ven como el \u00fanico capaz de promover un cambio significativo y rescatar al municipio del abandono en que se encuentra.<\/p>\n\n\n\n<p>La lucha por la alcald\u00eda de Tlapacoyan se ha centrado en dos personas lector, y una de ellas es Carlos G\u00e1mez que, est\u00e1 probado, va arriba en las encuestas y cuenta con el respaldo de la mayor\u00eda ciudadana. Lo \u00fanico que falta es el visto bueno de Morena que ojal\u00e1 no se equivoque y apunte para otro lado.<\/p>\n\n\n\n<p>bernardogup@hotmail.com<\/p>\n","protected":false},"excerpt":{"rendered":"<p>\u2002\u2002\u00daNETE A NUESTRO CANAL \u00a1LOS POL\u00cdTICOS VERACRUZ ya est\u00e1 en WhatsApp! Bernardo Guti\u00e9rrez Parra Desde el Caf\u00e9 Cuando faltan unos d\u00edas para que arranquen las campa\u00f1as por las 212 alcald\u00edas de Veracruz, la candidata del PAN a la presidencia municipal de Xalapa, Maribel Ram\u00edrez Topete, ya tiene bien definidas sus propuestas para mejorar la calidad [&hellip;]<\/p>\n","protected":false},"author":2,"featured_media":119914,"comment_status":"closed","ping_status":"closed","sticky":false,"template":"","format":"standard","meta":{"tdm_status":"","tdm_grid_status":"","footnotes":""},"categories":[70],"tags":[42291,43377,10808,293,96],"class_list":{"0":"post-140580","1":"post","2":"type-post","3":"status-publish","4":"format-standard","5":"has-post-thumbnail","7":"category-de-opinion","8":"tag-carlos-gamez-paredes","9":"tag-israel-sanchez-gonzalez","10":"tag-maribel-ramirez-topete","11":"tag-tlapacoyan","12":"tag-xalapa"},"yoast_head":"<!-- This site is optimized with the Yoast SEO plugin v27.4 - https:\/\/yoast.com\/product\/yoast-seo-wordpress\/ -->\n<title>VENGO A COMPETIR PARA GANAR: MARIBEL - Los pol\u00edticos Veracruz<\/title>\n<meta name=\"robots\" content=\"index, follow, max-snippet:-1, max-image-preview:large, max-video-preview:-1\" \/>\n<link rel=\"canonical\" href=\"https:\/\/lospoliticosveracruz.com\/?p=140580\" \/>\n<meta property=\"og:locale\" content=\"es_ES\" \/>\n<meta property=\"og:type\" content=\"article\" \/>\n<meta property=\"og:title\" content=\"VENGO A COMPETIR PARA GANAR: MARIBEL - Los pol\u00edticos Veracruz\" \/>\n<meta property=\"og:description\" content=\"\u2002\u2002\u00daNETE A NUESTRO CANAL \u00a1LOS POL\u00cdTICOS VERACRUZ ya est\u00e1 en WhatsApp! Bernardo Guti\u00e9rrez Parra Desde el Caf\u00e9 Cuando faltan unos d\u00edas para que arranquen las campa\u00f1as por las 212 alcald\u00edas de Veracruz, la candidata del PAN a la presidencia municipal de Xalapa, Maribel Ram\u00edrez Topete, ya tiene bien definidas sus propuestas para mejorar la calidad [&hellip;]\" \/>\n<meta property=\"og:url\" content=\"https:\/\/lospoliticosveracruz.com\/?p=140580\" \/>\n<meta property=\"og:site_name\" content=\"Los pol\u00edticos Veracruz\" \/>\n<meta property=\"article:publisher\" content=\"https:\/\/www.facebook.com\/people\/Notimemes-de-los-Polticos\/61565672886568\/\" \/>\n<meta property=\"article:published_time\" content=\"2025-03-27T14:18:35+00:00\" \/>\n<meta property=\"article:modified_time\" content=\"2025-03-27T14:18:44+00:00\" \/>\n<meta property=\"og:image\" content=\"https:\/\/lospoliticosveracruz.com\/wp-content\/uploads\/2024\/03\/Bernardo.jpg\" \/>\n\t<meta property=\"og:image:width\" content=\"1250\" \/>\n\t<meta property=\"og:image:height\" content=\"667\" \/>\n\t<meta property=\"og:image:type\" content=\"image\/jpeg\" \/>\n<meta name=\"author\" content=\"Lo viste en Los Pol\u00edticos\" \/>\n<meta name=\"twitter:card\" content=\"summary_large_image\" \/>\n<meta name=\"twitter:creator\" content=\"@LosPoliticosVer\" \/>\n<meta name=\"twitter:site\" content=\"@LosPoliticosVer\" \/>\n<meta name=\"twitter:label1\" content=\"Escrito por\" \/>\n\t<meta name=\"twitter:data1\" content=\"Lo viste en Los Pol\u00edticos\" \/>\n\t<meta name=\"twitter:label2\" content=\"Tiempo de lectura\" \/>\n\t<meta name=\"twitter:data2\" content=\"6 minutos\" \/>\n<script type=\"application\/ld+json\" class=\"yoast-schema-graph\">{\"@context\":\"https:\\\/\\\/schema.org\",\"@graph\":[{\"@type\":\"Article\",\"@id\":\"https:\\\/\\\/lospoliticosveracruz.com\\\/?p=140580#article\",\"isPartOf\":{\"@id\":\"https:\\\/\\\/lospoliticosveracruz.com\\\/?p=140580\"},\"author\":{\"name\":\"Lo viste en Los Pol\u00edticos\",\"@id\":\"https:\\\/\\\/lospoliticosveracruz.com\\\/#\\\/schema\\\/person\\\/b8702bb0e538456e6efd07080bf2a4a2\"},\"headline\":\"VENGO A COMPETIR PARA GANAR: MARIBEL\",\"datePublished\":\"2025-03-27T14:18:35+00:00\",\"dateModified\":\"2025-03-27T14:18:44+00:00\",\"mainEntityOfPage\":{\"@id\":\"https:\\\/\\\/lospoliticosveracruz.com\\\/?p=140580\"},\"wordCount\":1225,\"publisher\":{\"@id\":\"https:\\\/\\\/lospoliticosveracruz.com\\\/#organization\"},\"image\":{\"@id\":\"https:\\\/\\\/lospoliticosveracruz.com\\\/?p=140580#primaryimage\"},\"thumbnailUrl\":\"https:\\\/\\\/lospoliticosveracruz.com\\\/wp-content\\\/uploads\\\/2024\\\/03\\\/Bernardo.jpg\",\"keywords\":[\"Carlos G\u00e1mez Paredes\",\"Israel S\u00e1nchez Gonz\u00e1lez\",\"Maribel Ram\u00edrez Topete\",\"Tlapacoyan\",\"Xalapa\"],\"articleSection\":[\"De Opini\u00f3n\"],\"inLanguage\":\"es\"},{\"@type\":\"WebPage\",\"@id\":\"https:\\\/\\\/lospoliticosveracruz.com\\\/?p=140580\",\"url\":\"https:\\\/\\\/lospoliticosveracruz.com\\\/?p=140580\",\"name\":\"VENGO A COMPETIR PARA GANAR: MARIBEL - Los pol\u00edticos Veracruz\",\"isPartOf\":{\"@id\":\"https:\\\/\\\/lospoliticosveracruz.com\\\/#website\"},\"primaryImageOfPage\":{\"@id\":\"https:\\\/\\\/lospoliticosveracruz.com\\\/?p=140580#primaryimage\"},\"image\":{\"@id\":\"https:\\\/\\\/lospoliticosveracruz.com\\\/?p=140580#primaryimage\"},\"thumbnailUrl\":\"https:\\\/\\\/lospoliticosveracruz.com\\\/wp-content\\\/uploads\\\/2024\\\/03\\\/Bernardo.jpg\",\"datePublished\":\"2025-03-27T14:18:35+00:00\",\"dateModified\":\"2025-03-27T14:18:44+00:00\",\"breadcrumb\":{\"@id\":\"https:\\\/\\\/lospoliticosveracruz.com\\\/?p=140580#breadcrumb\"},\"inLanguage\":\"es\",\"potentialAction\":[{\"@type\":\"ReadAction\",\"target\":[\"https:\\\/\\\/lospoliticosveracruz.com\\\/?p=140580\"]}]},{\"@type\":\"ImageObject\",\"inLanguage\":\"es\",\"@id\":\"https:\\\/\\\/lospoliticosveracruz.com\\\/?p=140580#primaryimage\",\"url\":\"https:\\\/\\\/lospoliticosveracruz.com\\\/wp-content\\\/uploads\\\/2024\\\/03\\\/Bernardo.jpg\",\"contentUrl\":\"https:\\\/\\\/lospoliticosveracruz.com\\\/wp-content\\\/uploads\\\/2024\\\/03\\\/Bernardo.jpg\",\"width\":1250,\"height\":667},{\"@type\":\"BreadcrumbList\",\"@id\":\"https:\\\/\\\/lospoliticosveracruz.com\\\/?p=140580#breadcrumb\",\"itemListElement\":[{\"@type\":\"ListItem\",\"position\":1,\"name\":\"Portada\",\"item\":\"https:\\\/\\\/lospoliticosveracruz.com\\\/\"},{\"@type\":\"ListItem\",\"position\":2,\"name\":\"VENGO A COMPETIR PARA GANAR: MARIBEL\"}]},{\"@type\":\"WebSite\",\"@id\":\"https:\\\/\\\/lospoliticosveracruz.com\\\/#website\",\"url\":\"https:\\\/\\\/lospoliticosveracruz.com\\\/\",\"name\":\"Los pol\u00edticos Veracruz\",\"description\":\"\",\"publisher\":{\"@id\":\"https:\\\/\\\/lospoliticosveracruz.com\\\/#organization\"},\"potentialAction\":[{\"@type\":\"SearchAction\",\"target\":{\"@type\":\"EntryPoint\",\"urlTemplate\":\"https:\\\/\\\/lospoliticosveracruz.com\\\/?s={search_term_string}\"},\"query-input\":{\"@type\":\"PropertyValueSpecification\",\"valueRequired\":true,\"valueName\":\"search_term_string\"}}],\"inLanguage\":\"es\"},{\"@type\":\"Organization\",\"@id\":\"https:\\\/\\\/lospoliticosveracruz.com\\\/#organization\",\"name\":\"Los pol\u00edticos Veracruz\",\"url\":\"https:\\\/\\\/lospoliticosveracruz.com\\\/\",\"logo\":{\"@type\":\"ImageObject\",\"inLanguage\":\"es\",\"@id\":\"https:\\\/\\\/lospoliticosveracruz.com\\\/#\\\/schema\\\/logo\\\/image\\\/\",\"url\":\"https:\\\/\\\/lospoliticosveracruz.com\\\/wp-content\\\/uploads\\\/2025\\\/12\\\/Logo-Nuevo-LOS-POLITICOS-1.jpg\",\"contentUrl\":\"https:\\\/\\\/lospoliticosveracruz.com\\\/wp-content\\\/uploads\\\/2025\\\/12\\\/Logo-Nuevo-LOS-POLITICOS-1.jpg\",\"width\":260,\"height\":70,\"caption\":\"Los pol\u00edticos Veracruz\"},\"image\":{\"@id\":\"https:\\\/\\\/lospoliticosveracruz.com\\\/#\\\/schema\\\/logo\\\/image\\\/\"},\"sameAs\":[\"https:\\\/\\\/www.facebook.com\\\/people\\\/Notimemes-de-los-Polticos\\\/61565672886568\\\/\",\"https:\\\/\\\/x.com\\\/LosPoliticosVer\"]},{\"@type\":\"Person\",\"@id\":\"https:\\\/\\\/lospoliticosveracruz.com\\\/#\\\/schema\\\/person\\\/b8702bb0e538456e6efd07080bf2a4a2\",\"name\":\"Lo viste en Los Pol\u00edticos\",\"image\":{\"@type\":\"ImageObject\",\"inLanguage\":\"es\",\"@id\":\"https:\\\/\\\/secure.gravatar.com\\\/avatar\\\/3a8de04a2656d44082be478bd6c086daa447c4651605818287b9532d3d0bd435?s=96&d=mm&r=g\",\"url\":\"https:\\\/\\\/secure.gravatar.com\\\/avatar\\\/3a8de04a2656d44082be478bd6c086daa447c4651605818287b9532d3d0bd435?s=96&d=mm&r=g\",\"contentUrl\":\"https:\\\/\\\/secure.gravatar.com\\\/avatar\\\/3a8de04a2656d44082be478bd6c086daa447c4651605818287b9532d3d0bd435?s=96&d=mm&r=g\",\"caption\":\"Lo viste en Los Pol\u00edticos\"},\"url\":\"https:\\\/\\\/lospoliticosveracruz.com\\\/?author=2\"}]}<\/script>\n<!-- \/ Yoast SEO plugin. -->","yoast_head_json":{"title":"VENGO A COMPETIR PARA GANAR: MARIBEL - Los pol\u00edticos Veracruz","robots":{"index":"index","follow":"follow","max-snippet":"max-snippet:-1","max-image-preview":"max-image-preview:large","max-video-preview":"max-video-preview:-1"},"canonical":"https:\/\/lospoliticosveracruz.com\/?p=140580","og_locale":"es_ES","og_type":"article","og_title":"VENGO A COMPETIR PARA GANAR: MARIBEL - Los pol\u00edticos Veracruz","og_description":"\u2002\u2002\u00daNETE A NUESTRO CANAL \u00a1LOS POL\u00cdTICOS VERACRUZ ya est\u00e1 en WhatsApp! Bernardo Guti\u00e9rrez Parra Desde el Caf\u00e9 Cuando faltan unos d\u00edas para que arranquen las campa\u00f1as por las 212 alcald\u00edas de Veracruz, la candidata del PAN a la presidencia municipal de Xalapa, Maribel Ram\u00edrez Topete, ya tiene bien definidas sus propuestas para mejorar la calidad [&hellip;]","og_url":"https:\/\/lospoliticosveracruz.com\/?p=140580","og_site_name":"Los pol\u00edticos Veracruz","article_publisher":"https:\/\/www.facebook.com\/people\/Notimemes-de-los-Polticos\/61565672886568\/","article_published_time":"2025-03-27T14:18:35+00:00","article_modified_time":"2025-03-27T14:18:44+00:00","og_image":[{"width":1250,"height":667,"url":"https:\/\/lospoliticosveracruz.com\/wp-content\/uploads\/2024\/03\/Bernardo.jpg","type":"image\/jpeg"}],"author":"Lo viste en Los Pol\u00edticos","twitter_card":"summary_large_image","twitter_creator":"@LosPoliticosVer","twitter_site":"@LosPoliticosVer","twitter_misc":{"Escrito por":"Lo viste en Los Pol\u00edticos","Tiempo de lectura":"6 minutos"},"schema":{"@context":"https:\/\/schema.org","@graph":[{"@type":"Article","@id":"https:\/\/lospoliticosveracruz.com\/?p=140580#article","isPartOf":{"@id":"https:\/\/lospoliticosveracruz.com\/?p=140580"},"author":{"name":"Lo viste en Los Pol\u00edticos","@id":"https:\/\/lospoliticosveracruz.com\/#\/schema\/person\/b8702bb0e538456e6efd07080bf2a4a2"},"headline":"VENGO A COMPETIR PARA GANAR: MARIBEL","datePublished":"2025-03-27T14:18:35+00:00","dateModified":"2025-03-27T14:18:44+00:00","mainEntityOfPage":{"@id":"https:\/\/lospoliticosveracruz.com\/?p=140580"},"wordCount":1225,"publisher":{"@id":"https:\/\/lospoliticosveracruz.com\/#organization"},"image":{"@id":"https:\/\/lospoliticosveracruz.com\/?p=140580#primaryimage"},"thumbnailUrl":"https:\/\/lospoliticosveracruz.com\/wp-content\/uploads\/2024\/03\/Bernardo.jpg","keywords":["Carlos G\u00e1mez Paredes","Israel S\u00e1nchez Gonz\u00e1lez","Maribel Ram\u00edrez Topete","Tlapacoyan","Xalapa"],"articleSection":["De Opini\u00f3n"],"inLanguage":"es"},{"@type":"WebPage","@id":"https:\/\/lospoliticosveracruz.com\/?p=140580","url":"https:\/\/lospoliticosveracruz.com\/?p=140580","name":"VENGO A COMPETIR PARA GANAR: MARIBEL - Los pol\u00edticos Veracruz","isPartOf":{"@id":"https:\/\/lospoliticosveracruz.com\/#website"},"primaryImageOfPage":{"@id":"https:\/\/lospoliticosveracruz.com\/?p=140580#primaryimage"},"image":{"@id":"https:\/\/lospoliticosveracruz.com\/?p=140580#primaryimage"},"thumbnailUrl":"https:\/\/lospoliticosveracruz.com\/wp-content\/uploads\/2024\/03\/Bernardo.jpg","datePublished":"2025-03-27T14:18:35+00:00","dateModified":"2025-03-27T14:18:44+00:00","breadcrumb":{"@id":"https:\/\/lospoliticosveracruz.com\/?p=140580#breadcrumb"},"inLanguage":"es","potentialAction":[{"@type":"ReadAction","target":["https:\/\/lospoliticosveracruz.com\/?p=140580"]}]},{"@type":"ImageObject","inLanguage":"es","@id":"https:\/\/lospoliticosveracruz.com\/?p=140580#primaryimage","url":"https:\/\/lospoliticosveracruz.com\/wp-content\/uploads\/2024\/03\/Bernardo.jpg","contentUrl":"https:\/\/lospoliticosveracruz.com\/wp-content\/uploads\/2024\/03\/Bernardo.jpg","width":1250,"height":667},{"@type":"BreadcrumbList","@id":"https:\/\/lospoliticosveracruz.com\/?p=140580#breadcrumb","itemListElement":[{"@type":"ListItem","position":1,"name":"Portada","item":"https:\/\/lospoliticosveracruz.com\/"},{"@type":"ListItem","position":2,"name":"VENGO A COMPETIR PARA GANAR: MARIBEL"}]},{"@type":"WebSite","@id":"https:\/\/lospoliticosveracruz.com\/#website","url":"https:\/\/lospoliticosveracruz.com\/","name":"Los pol\u00edticos Veracruz","description":"","publisher":{"@id":"https:\/\/lospoliticosveracruz.com\/#organization"},"potentialAction":[{"@type":"SearchAction","target":{"@type":"EntryPoint","urlTemplate":"https:\/\/lospoliticosveracruz.com\/?s={search_term_string}"},"query-input":{"@type":"PropertyValueSpecification","valueRequired":true,"valueName":"search_term_string"}}],"inLanguage":"es"},{"@type":"Organization","@id":"https:\/\/lospoliticosveracruz.com\/#organization","name":"Los pol\u00edticos Veracruz","url":"https:\/\/lospoliticosveracruz.com\/","logo":{"@type":"ImageObject","inLanguage":"es","@id":"https:\/\/lospoliticosveracruz.com\/#\/schema\/logo\/image\/","url":"https:\/\/lospoliticosveracruz.com\/wp-content\/uploads\/2025\/12\/Logo-Nuevo-LOS-POLITICOS-1.jpg","contentUrl":"https:\/\/lospoliticosveracruz.com\/wp-content\/uploads\/2025\/12\/Logo-Nuevo-LOS-POLITICOS-1.jpg","width":260,"height":70,"caption":"Los pol\u00edticos Veracruz"},"image":{"@id":"https:\/\/lospoliticosveracruz.com\/#\/schema\/logo\/image\/"},"sameAs":["https:\/\/www.facebook.com\/people\/Notimemes-de-los-Polticos\/61565672886568\/","https:\/\/x.com\/LosPoliticosVer"]},{"@type":"Person","@id":"https:\/\/lospoliticosveracruz.com\/#\/schema\/person\/b8702bb0e538456e6efd07080bf2a4a2","name":"Lo viste en Los Pol\u00edticos","image":{"@type":"ImageObject","inLanguage":"es","@id":"https:\/\/secure.gravatar.com\/avatar\/3a8de04a2656d44082be478bd6c086daa447c4651605818287b9532d3d0bd435?s=96&d=mm&r=g","url":"https:\/\/secure.gravatar.com\/avatar\/3a8de04a2656d44082be478bd6c086daa447c4651605818287b9532d3d0bd435?s=96&d=mm&r=g","contentUrl":"https:\/\/secure.gravatar.com\/avatar\/3a8de04a2656d44082be478bd6c086daa447c4651605818287b9532d3d0bd435?s=96&d=mm&r=g","caption":"Lo viste en Los Pol\u00edticos"},"url":"https:\/\/lospoliticosveracruz.com\/?author=2"}]}},"_links":{"self":[{"href":"https:\/\/lospoliticosveracruz.com\/index.php?rest_route=\/wp\/v2\/posts\/140580","targetHints":{"allow":["GET"]}}],"collection":[{"href":"https:\/\/lospoliticosveracruz.com\/index.php?rest_route=\/wp\/v2\/posts"}],"about":[{"href":"https:\/\/lospoliticosveracruz.com\/index.php?rest_route=\/wp\/v2\/types\/post"}],"author":[{"embeddable":true,"href":"https:\/\/lospoliticosveracruz.com\/index.php?rest_route=\/wp\/v2\/users\/2"}],"replies":[{"embeddable":true,"href":"https:\/\/lospoliticosveracruz.com\/index.php?rest_route=%2Fwp%2Fv2%2Fcomments&post=140580"}],"version-history":[{"count":1,"href":"https:\/\/lospoliticosveracruz.com\/index.php?rest_route=\/wp\/v2\/posts\/140580\/revisions"}],"predecessor-version":[{"id":140581,"href":"https:\/\/lospoliticosveracruz.com\/index.php?rest_route=\/wp\/v2\/posts\/140580\/revisions\/140581"}],"wp:featuredmedia":[{"embeddable":true,"href":"https:\/\/lospoliticosveracruz.com\/index.php?rest_route=\/wp\/v2\/media\/119914"}],"wp:attachment":[{"href":"https:\/\/lospoliticosveracruz.com\/index.php?rest_route=%2Fwp%2Fv2%2Fmedia&parent=140580"}],"wp:term":[{"taxonomy":"category","embeddable":true,"href":"https:\/\/lospoliticosveracruz.com\/index.php?rest_route=%2Fwp%2Fv2%2Fcategories&post=140580"},{"taxonomy":"post_tag","embeddable":true,"href":"https:\/\/lospoliticosveracruz.com\/index.php?rest_route=%2Fwp%2Fv2%2Ftags&post=140580"}],"curies":[{"name":"wp","href":"https:\/\/api.w.org\/{rel}","templated":true}]}}