{"id":140588,"date":"2025-03-27T09:05:20","date_gmt":"2025-03-27T15:05:20","guid":{"rendered":"https:\/\/lospoliticosveracruz.com.mx\/?p=140588"},"modified":"2025-03-27T09:05:57","modified_gmt":"2025-03-27T15:05:57","slug":"se-las-rayan-a-mc","status":"publish","type":"post","link":"https:\/\/lospoliticosveracruz.com\/?p=140588","title":{"rendered":"SE LAS RAYAN A MC!"},"content":{"rendered":"\n<p><a><\/a><a href=\"https:\/\/whatsapp.com\/channel\/0029Va8zRWlEKyZIP3Z1dF0e\"><strong>\u2002\u2002<\/strong><strong>\u00da<\/strong><strong>NETE A NUESTRO CANAL<\/strong><strong><\/strong><\/a><\/p>\n\n\n\n<p>\u00a1<a href=\"https:\/\/whatsapp.com\/channel\/0029Va8zRWlEKyZIP3Z1dF0e\"><strong>LOS POL\u00cd<\/strong><strong>TICOS VERACRUZ<\/strong><\/a> ya est\u00e1 en WhatsApp!<\/p>\n\n\n\n<p><strong>Alejandro \u00c1vila<br><\/strong><em>Boca del R\u00edo<br><\/em>A trav\u00e9s de sus redes sociales, el virtual candidato de Movimiento Ciudadano para la alcald\u00eda de Boca del R\u00edo, Ra\u00fal Zarrabal Ferat, mostr\u00f3 que bardas con el logotipo del partido naranja fueron vandalizadas.<\/p>\n\n\n\n<p>El propio Ra\u00fal Zarrabal mencion\u00f3 que, despu\u00e9s de una pl\u00e1tica con el coordinador municipal, Pablo Caballero P\u00e9rez, este el expres\u00f3 su rechazo hacia el vandalismo y violencia que sufri\u00f3 la publicidad de Movimiento Ciudadano en el municipio.<\/p>\n\n\n\n<p>\u00abEspec\u00edficamente en colonias como la Carranza, donde se han ido a rayonear, tapar y manchar bardas publicitarias del partido Movimiento Ciudadano. Se desconoce en particular quien haya sido, pero eso es muestra de que el partido en los \u00faltimos meses ha hecho un trabajo ordenado, organizado, donde se ha convocado la ciudadan\u00eda de Boca del R\u00edo para construir una alternativa en la ciudad, con el fin de construir buenos gobiernos y llevar buenas propuestas a los ciudadanos\u00bb, expuso Ra\u00fal Zarrabal.<\/p>\n\n\n\n<p>Por su parte el presidente estatal de Movimiento Ciudadano, Luis Carbonell de la Hoz, no fue ajeno a esta situaci\u00f3n y expres\u00f3 lo siguiente.<\/p>\n\n\n\n<p>\u00abEn Boca del R\u00edo, la \u00fanica alternativa libre de traidores y libre de Yunes es nuestro amigo, Ra\u00fal Zarrabal, y la verdad es que ya es tan grande la desesperaci\u00f3n de nuestros adversarios, particularmente del PAN, que han decidido borrar y vandalizar todas las bardas que ha pintado Movimiento Ciudadano, particularmente de nuestro delegado municipal, que es Pablo Caballero, y esto se debe al crecimiento exponencial, que es un movimiento de alegr\u00edas, de causas, pero sobre todo de proyectos nosotros s\u00ed sabemos gobernar y lo hacemos bien\u00bb, expres\u00f3 el presidente estatal de Movimiento Ciudadano, Luis Carbonell de la Hoz.<\/p>\n\n\n\n<p>El dirigente del partido naranja puntualiz\u00f3 que en cuanto lo marque la ley se har\u00e1 oficial la candidatura de Ra\u00fal Zarrabal por el municipio de Boca del R\u00edo, pues puntualiz\u00f3 ya cuenta con el aval del coordinaci\u00f3n nacional, Jorge \u00c1lvarez Maynez.<\/p>\n\n\n\n<p>\u00abEs un hombre con tracci\u00f3n en las colonias, con proyecto, con causas, que ha servido con honestidad, con principios y con valores, y cuenta con todo el respaldo de la dirigencia nacional, de Maynez y de su amigo, Luis Carbonell, para darle sentido y causa a los problemas de los boque\u00f1os\u00bb, culmin\u00f3.<\/p>\n","protected":false},"excerpt":{"rendered":"<p>\u2002\u2002\u00daNETE A NUESTRO CANAL \u00a1LOS POL\u00cdTICOS VERACRUZ ya est\u00e1 en WhatsApp! Alejandro \u00c1vilaBoca del R\u00edoA trav\u00e9s de sus redes sociales, el virtual candidato de Movimiento Ciudadano para la alcald\u00eda de Boca del R\u00edo, Ra\u00fal Zarrabal Ferat, mostr\u00f3 que bardas con el logotipo del partido naranja fueron vandalizadas. El propio Ra\u00fal Zarrabal mencion\u00f3 que, despu\u00e9s de [&hellip;]<\/p>\n","protected":false},"author":2,"featured_media":140589,"comment_status":"closed","ping_status":"closed","sticky":false,"template":"","format":"standard","meta":{"tdm_status":"","tdm_grid_status":"","footnotes":""},"categories":[6446],"tags":[],"class_list":{"0":"post-140588","1":"post","2":"type-post","3":"status-publish","4":"format-standard","5":"has-post-thumbnail","7":"category-la-nota"},"yoast_head":"<!-- This site is optimized with the Yoast SEO plugin v27.4 - https:\/\/yoast.com\/product\/yoast-seo-wordpress\/ -->\n<title>SE LAS RAYAN A MC! - Los pol\u00edticos Veracruz<\/title>\n<meta name=\"robots\" content=\"index, follow, max-snippet:-1, max-image-preview:large, max-video-preview:-1\" \/>\n<link rel=\"canonical\" href=\"https:\/\/lospoliticosveracruz.com\/?p=140588\" \/>\n<meta property=\"og:locale\" content=\"es_ES\" \/>\n<meta property=\"og:type\" content=\"article\" \/>\n<meta property=\"og:title\" content=\"SE LAS RAYAN A MC! - Los pol\u00edticos Veracruz\" \/>\n<meta property=\"og:description\" content=\"\u2002\u2002\u00daNETE A NUESTRO CANAL \u00a1LOS POL\u00cdTICOS VERACRUZ ya est\u00e1 en WhatsApp! Alejandro \u00c1vilaBoca del R\u00edoA trav\u00e9s de sus redes sociales, el virtual candidato de Movimiento Ciudadano para la alcald\u00eda de Boca del R\u00edo, Ra\u00fal Zarrabal Ferat, mostr\u00f3 que bardas con el logotipo del partido naranja fueron vandalizadas. El propio Ra\u00fal Zarrabal mencion\u00f3 que, despu\u00e9s de [&hellip;]\" \/>\n<meta property=\"og:url\" content=\"https:\/\/lospoliticosveracruz.com\/?p=140588\" \/>\n<meta property=\"og:site_name\" content=\"Los pol\u00edticos Veracruz\" \/>\n<meta property=\"article:publisher\" content=\"https:\/\/www.facebook.com\/people\/Notimemes-de-los-Polticos\/61565672886568\/\" \/>\n<meta property=\"article:published_time\" content=\"2025-03-27T15:05:20+00:00\" \/>\n<meta property=\"article:modified_time\" content=\"2025-03-27T15:05:57+00:00\" \/>\n<meta property=\"og:image\" content=\"https:\/\/lospoliticosveracruz.com\/wp-content\/uploads\/2025\/03\/WhatsApp-Image-2025-03-27-at-9.03.19-AM.jpeg\" \/>\n\t<meta property=\"og:image:width\" content=\"600\" \/>\n\t<meta property=\"og:image:height\" content=\"320\" \/>\n\t<meta property=\"og:image:type\" content=\"image\/jpeg\" \/>\n<meta name=\"author\" content=\"Lo viste en Los Pol\u00edticos\" \/>\n<meta name=\"twitter:card\" content=\"summary_large_image\" \/>\n<meta name=\"twitter:creator\" content=\"@LosPoliticosVer\" \/>\n<meta name=\"twitter:site\" content=\"@LosPoliticosVer\" \/>\n<meta name=\"twitter:label1\" content=\"Escrito por\" \/>\n\t<meta name=\"twitter:data1\" content=\"Lo viste en Los Pol\u00edticos\" \/>\n\t<meta name=\"twitter:label2\" content=\"Tiempo de lectura\" \/>\n\t<meta name=\"twitter:data2\" content=\"2 minutos\" \/>\n<script type=\"application\/ld+json\" class=\"yoast-schema-graph\">{\"@context\":\"https:\\\/\\\/schema.org\",\"@graph\":[{\"@type\":\"Article\",\"@id\":\"https:\\\/\\\/lospoliticosveracruz.com\\\/?p=140588#article\",\"isPartOf\":{\"@id\":\"https:\\\/\\\/lospoliticosveracruz.com\\\/?p=140588\"},\"author\":{\"name\":\"Lo viste en Los Pol\u00edticos\",\"@id\":\"https:\\\/\\\/lospoliticosveracruz.com\\\/#\\\/schema\\\/person\\\/b8702bb0e538456e6efd07080bf2a4a2\"},\"headline\":\"SE LAS RAYAN A MC!\",\"datePublished\":\"2025-03-27T15:05:20+00:00\",\"dateModified\":\"2025-03-27T15:05:57+00:00\",\"mainEntityOfPage\":{\"@id\":\"https:\\\/\\\/lospoliticosveracruz.com\\\/?p=140588\"},\"wordCount\":411,\"publisher\":{\"@id\":\"https:\\\/\\\/lospoliticosveracruz.com\\\/#organization\"},\"image\":{\"@id\":\"https:\\\/\\\/lospoliticosveracruz.com\\\/?p=140588#primaryimage\"},\"thumbnailUrl\":\"https:\\\/\\\/lospoliticosveracruz.com\\\/wp-content\\\/uploads\\\/2025\\\/03\\\/WhatsApp-Image-2025-03-27-at-9.03.19-AM.jpeg\",\"articleSection\":[\"La Nota\"],\"inLanguage\":\"es\"},{\"@type\":\"WebPage\",\"@id\":\"https:\\\/\\\/lospoliticosveracruz.com\\\/?p=140588\",\"url\":\"https:\\\/\\\/lospoliticosveracruz.com\\\/?p=140588\",\"name\":\"SE LAS RAYAN A MC! - Los pol\u00edticos Veracruz\",\"isPartOf\":{\"@id\":\"https:\\\/\\\/lospoliticosveracruz.com\\\/#website\"},\"primaryImageOfPage\":{\"@id\":\"https:\\\/\\\/lospoliticosveracruz.com\\\/?p=140588#primaryimage\"},\"image\":{\"@id\":\"https:\\\/\\\/lospoliticosveracruz.com\\\/?p=140588#primaryimage\"},\"thumbnailUrl\":\"https:\\\/\\\/lospoliticosveracruz.com\\\/wp-content\\\/uploads\\\/2025\\\/03\\\/WhatsApp-Image-2025-03-27-at-9.03.19-AM.jpeg\",\"datePublished\":\"2025-03-27T15:05:20+00:00\",\"dateModified\":\"2025-03-27T15:05:57+00:00\",\"breadcrumb\":{\"@id\":\"https:\\\/\\\/lospoliticosveracruz.com\\\/?p=140588#breadcrumb\"},\"inLanguage\":\"es\",\"potentialAction\":[{\"@type\":\"ReadAction\",\"target\":[\"https:\\\/\\\/lospoliticosveracruz.com\\\/?p=140588\"]}]},{\"@type\":\"ImageObject\",\"inLanguage\":\"es\",\"@id\":\"https:\\\/\\\/lospoliticosveracruz.com\\\/?p=140588#primaryimage\",\"url\":\"https:\\\/\\\/lospoliticosveracruz.com\\\/wp-content\\\/uploads\\\/2025\\\/03\\\/WhatsApp-Image-2025-03-27-at-9.03.19-AM.jpeg\",\"contentUrl\":\"https:\\\/\\\/lospoliticosveracruz.com\\\/wp-content\\\/uploads\\\/2025\\\/03\\\/WhatsApp-Image-2025-03-27-at-9.03.19-AM.jpeg\",\"width\":600,\"height\":320},{\"@type\":\"BreadcrumbList\",\"@id\":\"https:\\\/\\\/lospoliticosveracruz.com\\\/?p=140588#breadcrumb\",\"itemListElement\":[{\"@type\":\"ListItem\",\"position\":1,\"name\":\"Portada\",\"item\":\"https:\\\/\\\/lospoliticosveracruz.com\\\/\"},{\"@type\":\"ListItem\",\"position\":2,\"name\":\"SE LAS RAYAN A MC!\"}]},{\"@type\":\"WebSite\",\"@id\":\"https:\\\/\\\/lospoliticosveracruz.com\\\/#website\",\"url\":\"https:\\\/\\\/lospoliticosveracruz.com\\\/\",\"name\":\"Los pol\u00edticos Veracruz\",\"description\":\"\",\"publisher\":{\"@id\":\"https:\\\/\\\/lospoliticosveracruz.com\\\/#organization\"},\"potentialAction\":[{\"@type\":\"SearchAction\",\"target\":{\"@type\":\"EntryPoint\",\"urlTemplate\":\"https:\\\/\\\/lospoliticosveracruz.com\\\/?s={search_term_string}\"},\"query-input\":{\"@type\":\"PropertyValueSpecification\",\"valueRequired\":true,\"valueName\":\"search_term_string\"}}],\"inLanguage\":\"es\"},{\"@type\":\"Organization\",\"@id\":\"https:\\\/\\\/lospoliticosveracruz.com\\\/#organization\",\"name\":\"Los pol\u00edticos Veracruz\",\"url\":\"https:\\\/\\\/lospoliticosveracruz.com\\\/\",\"logo\":{\"@type\":\"ImageObject\",\"inLanguage\":\"es\",\"@id\":\"https:\\\/\\\/lospoliticosveracruz.com\\\/#\\\/schema\\\/logo\\\/image\\\/\",\"url\":\"https:\\\/\\\/lospoliticosveracruz.com\\\/wp-content\\\/uploads\\\/2025\\\/12\\\/Logo-Nuevo-LOS-POLITICOS-1.jpg\",\"contentUrl\":\"https:\\\/\\\/lospoliticosveracruz.com\\\/wp-content\\\/uploads\\\/2025\\\/12\\\/Logo-Nuevo-LOS-POLITICOS-1.jpg\",\"width\":260,\"height\":70,\"caption\":\"Los pol\u00edticos Veracruz\"},\"image\":{\"@id\":\"https:\\\/\\\/lospoliticosveracruz.com\\\/#\\\/schema\\\/logo\\\/image\\\/\"},\"sameAs\":[\"https:\\\/\\\/www.facebook.com\\\/people\\\/Notimemes-de-los-Polticos\\\/61565672886568\\\/\",\"https:\\\/\\\/x.com\\\/LosPoliticosVer\"]},{\"@type\":\"Person\",\"@id\":\"https:\\\/\\\/lospoliticosveracruz.com\\\/#\\\/schema\\\/person\\\/b8702bb0e538456e6efd07080bf2a4a2\",\"name\":\"Lo viste en Los Pol\u00edticos\",\"image\":{\"@type\":\"ImageObject\",\"inLanguage\":\"es\",\"@id\":\"https:\\\/\\\/secure.gravatar.com\\\/avatar\\\/3a8de04a2656d44082be478bd6c086daa447c4651605818287b9532d3d0bd435?s=96&d=mm&r=g\",\"url\":\"https:\\\/\\\/secure.gravatar.com\\\/avatar\\\/3a8de04a2656d44082be478bd6c086daa447c4651605818287b9532d3d0bd435?s=96&d=mm&r=g\",\"contentUrl\":\"https:\\\/\\\/secure.gravatar.com\\\/avatar\\\/3a8de04a2656d44082be478bd6c086daa447c4651605818287b9532d3d0bd435?s=96&d=mm&r=g\",\"caption\":\"Lo viste en Los Pol\u00edticos\"},\"url\":\"https:\\\/\\\/lospoliticosveracruz.com\\\/?author=2\"}]}<\/script>\n<!-- \/ Yoast SEO plugin. -->","yoast_head_json":{"title":"SE LAS RAYAN A MC! - Los pol\u00edticos Veracruz","robots":{"index":"index","follow":"follow","max-snippet":"max-snippet:-1","max-image-preview":"max-image-preview:large","max-video-preview":"max-video-preview:-1"},"canonical":"https:\/\/lospoliticosveracruz.com\/?p=140588","og_locale":"es_ES","og_type":"article","og_title":"SE LAS RAYAN A MC! - Los pol\u00edticos Veracruz","og_description":"\u2002\u2002\u00daNETE A NUESTRO CANAL \u00a1LOS POL\u00cdTICOS VERACRUZ ya est\u00e1 en WhatsApp! Alejandro \u00c1vilaBoca del R\u00edoA trav\u00e9s de sus redes sociales, el virtual candidato de Movimiento Ciudadano para la alcald\u00eda de Boca del R\u00edo, Ra\u00fal Zarrabal Ferat, mostr\u00f3 que bardas con el logotipo del partido naranja fueron vandalizadas. El propio Ra\u00fal Zarrabal mencion\u00f3 que, despu\u00e9s de [&hellip;]","og_url":"https:\/\/lospoliticosveracruz.com\/?p=140588","og_site_name":"Los pol\u00edticos Veracruz","article_publisher":"https:\/\/www.facebook.com\/people\/Notimemes-de-los-Polticos\/61565672886568\/","article_published_time":"2025-03-27T15:05:20+00:00","article_modified_time":"2025-03-27T15:05:57+00:00","og_image":[{"width":600,"height":320,"url":"https:\/\/lospoliticosveracruz.com\/wp-content\/uploads\/2025\/03\/WhatsApp-Image-2025-03-27-at-9.03.19-AM.jpeg","type":"image\/jpeg"}],"author":"Lo viste en Los Pol\u00edticos","twitter_card":"summary_large_image","twitter_creator":"@LosPoliticosVer","twitter_site":"@LosPoliticosVer","twitter_misc":{"Escrito por":"Lo viste en Los Pol\u00edticos","Tiempo de lectura":"2 minutos"},"schema":{"@context":"https:\/\/schema.org","@graph":[{"@type":"Article","@id":"https:\/\/lospoliticosveracruz.com\/?p=140588#article","isPartOf":{"@id":"https:\/\/lospoliticosveracruz.com\/?p=140588"},"author":{"name":"Lo viste en Los Pol\u00edticos","@id":"https:\/\/lospoliticosveracruz.com\/#\/schema\/person\/b8702bb0e538456e6efd07080bf2a4a2"},"headline":"SE LAS RAYAN A MC!","datePublished":"2025-03-27T15:05:20+00:00","dateModified":"2025-03-27T15:05:57+00:00","mainEntityOfPage":{"@id":"https:\/\/lospoliticosveracruz.com\/?p=140588"},"wordCount":411,"publisher":{"@id":"https:\/\/lospoliticosveracruz.com\/#organization"},"image":{"@id":"https:\/\/lospoliticosveracruz.com\/?p=140588#primaryimage"},"thumbnailUrl":"https:\/\/lospoliticosveracruz.com\/wp-content\/uploads\/2025\/03\/WhatsApp-Image-2025-03-27-at-9.03.19-AM.jpeg","articleSection":["La Nota"],"inLanguage":"es"},{"@type":"WebPage","@id":"https:\/\/lospoliticosveracruz.com\/?p=140588","url":"https:\/\/lospoliticosveracruz.com\/?p=140588","name":"SE LAS RAYAN A MC! - Los pol\u00edticos Veracruz","isPartOf":{"@id":"https:\/\/lospoliticosveracruz.com\/#website"},"primaryImageOfPage":{"@id":"https:\/\/lospoliticosveracruz.com\/?p=140588#primaryimage"},"image":{"@id":"https:\/\/lospoliticosveracruz.com\/?p=140588#primaryimage"},"thumbnailUrl":"https:\/\/lospoliticosveracruz.com\/wp-content\/uploads\/2025\/03\/WhatsApp-Image-2025-03-27-at-9.03.19-AM.jpeg","datePublished":"2025-03-27T15:05:20+00:00","dateModified":"2025-03-27T15:05:57+00:00","breadcrumb":{"@id":"https:\/\/lospoliticosveracruz.com\/?p=140588#breadcrumb"},"inLanguage":"es","potentialAction":[{"@type":"ReadAction","target":["https:\/\/lospoliticosveracruz.com\/?p=140588"]}]},{"@type":"ImageObject","inLanguage":"es","@id":"https:\/\/lospoliticosveracruz.com\/?p=140588#primaryimage","url":"https:\/\/lospoliticosveracruz.com\/wp-content\/uploads\/2025\/03\/WhatsApp-Image-2025-03-27-at-9.03.19-AM.jpeg","contentUrl":"https:\/\/lospoliticosveracruz.com\/wp-content\/uploads\/2025\/03\/WhatsApp-Image-2025-03-27-at-9.03.19-AM.jpeg","width":600,"height":320},{"@type":"BreadcrumbList","@id":"https:\/\/lospoliticosveracruz.com\/?p=140588#breadcrumb","itemListElement":[{"@type":"ListItem","position":1,"name":"Portada","item":"https:\/\/lospoliticosveracruz.com\/"},{"@type":"ListItem","position":2,"name":"SE LAS RAYAN A MC!"}]},{"@type":"WebSite","@id":"https:\/\/lospoliticosveracruz.com\/#website","url":"https:\/\/lospoliticosveracruz.com\/","name":"Los pol\u00edticos Veracruz","description":"","publisher":{"@id":"https:\/\/lospoliticosveracruz.com\/#organization"},"potentialAction":[{"@type":"SearchAction","target":{"@type":"EntryPoint","urlTemplate":"https:\/\/lospoliticosveracruz.com\/?s={search_term_string}"},"query-input":{"@type":"PropertyValueSpecification","valueRequired":true,"valueName":"search_term_string"}}],"inLanguage":"es"},{"@type":"Organization","@id":"https:\/\/lospoliticosveracruz.com\/#organization","name":"Los pol\u00edticos Veracruz","url":"https:\/\/lospoliticosveracruz.com\/","logo":{"@type":"ImageObject","inLanguage":"es","@id":"https:\/\/lospoliticosveracruz.com\/#\/schema\/logo\/image\/","url":"https:\/\/lospoliticosveracruz.com\/wp-content\/uploads\/2025\/12\/Logo-Nuevo-LOS-POLITICOS-1.jpg","contentUrl":"https:\/\/lospoliticosveracruz.com\/wp-content\/uploads\/2025\/12\/Logo-Nuevo-LOS-POLITICOS-1.jpg","width":260,"height":70,"caption":"Los pol\u00edticos Veracruz"},"image":{"@id":"https:\/\/lospoliticosveracruz.com\/#\/schema\/logo\/image\/"},"sameAs":["https:\/\/www.facebook.com\/people\/Notimemes-de-los-Polticos\/61565672886568\/","https:\/\/x.com\/LosPoliticosVer"]},{"@type":"Person","@id":"https:\/\/lospoliticosveracruz.com\/#\/schema\/person\/b8702bb0e538456e6efd07080bf2a4a2","name":"Lo viste en Los Pol\u00edticos","image":{"@type":"ImageObject","inLanguage":"es","@id":"https:\/\/secure.gravatar.com\/avatar\/3a8de04a2656d44082be478bd6c086daa447c4651605818287b9532d3d0bd435?s=96&d=mm&r=g","url":"https:\/\/secure.gravatar.com\/avatar\/3a8de04a2656d44082be478bd6c086daa447c4651605818287b9532d3d0bd435?s=96&d=mm&r=g","contentUrl":"https:\/\/secure.gravatar.com\/avatar\/3a8de04a2656d44082be478bd6c086daa447c4651605818287b9532d3d0bd435?s=96&d=mm&r=g","caption":"Lo viste en Los Pol\u00edticos"},"url":"https:\/\/lospoliticosveracruz.com\/?author=2"}]}},"_links":{"self":[{"href":"https:\/\/lospoliticosveracruz.com\/index.php?rest_route=\/wp\/v2\/posts\/140588","targetHints":{"allow":["GET"]}}],"collection":[{"href":"https:\/\/lospoliticosveracruz.com\/index.php?rest_route=\/wp\/v2\/posts"}],"about":[{"href":"https:\/\/lospoliticosveracruz.com\/index.php?rest_route=\/wp\/v2\/types\/post"}],"author":[{"embeddable":true,"href":"https:\/\/lospoliticosveracruz.com\/index.php?rest_route=\/wp\/v2\/users\/2"}],"replies":[{"embeddable":true,"href":"https:\/\/lospoliticosveracruz.com\/index.php?rest_route=%2Fwp%2Fv2%2Fcomments&post=140588"}],"version-history":[{"count":2,"href":"https:\/\/lospoliticosveracruz.com\/index.php?rest_route=\/wp\/v2\/posts\/140588\/revisions"}],"predecessor-version":[{"id":140591,"href":"https:\/\/lospoliticosveracruz.com\/index.php?rest_route=\/wp\/v2\/posts\/140588\/revisions\/140591"}],"wp:featuredmedia":[{"embeddable":true,"href":"https:\/\/lospoliticosveracruz.com\/index.php?rest_route=\/wp\/v2\/media\/140589"}],"wp:attachment":[{"href":"https:\/\/lospoliticosveracruz.com\/index.php?rest_route=%2Fwp%2Fv2%2Fmedia&parent=140588"}],"wp:term":[{"taxonomy":"category","embeddable":true,"href":"https:\/\/lospoliticosveracruz.com\/index.php?rest_route=%2Fwp%2Fv2%2Fcategories&post=140588"},{"taxonomy":"post_tag","embeddable":true,"href":"https:\/\/lospoliticosveracruz.com\/index.php?rest_route=%2Fwp%2Fv2%2Ftags&post=140588"}],"curies":[{"name":"wp","href":"https:\/\/api.w.org\/{rel}","templated":true}]}}