{"id":140616,"date":"2025-03-27T11:23:06","date_gmt":"2025-03-27T17:23:06","guid":{"rendered":"https:\/\/lospoliticosveracruz.com.mx\/?p=140616"},"modified":"2025-03-27T11:23:23","modified_gmt":"2025-03-27T17:23:23","slug":"cobaev-en-crisis","status":"publish","type":"post","link":"https:\/\/lospoliticosveracruz.com\/?p=140616","title":{"rendered":"COBAEV EN CRISIS!"},"content":{"rendered":"\n<p><a><\/a><a href=\"https:\/\/whatsapp.com\/channel\/0029Va8zRWlEKyZIP3Z1dF0e\"><strong>\u2002\u2002<\/strong><strong>\u00da<\/strong><strong>NETE A NUESTRO CANAL<\/strong><strong><\/strong><\/a><\/p>\n\n\n\n<p>\u00a1<a href=\"https:\/\/whatsapp.com\/channel\/0029Va8zRWlEKyZIP3Z1dF0e\"><strong>LOS POL\u00cd<\/strong><strong>TICOS VERACRUZ<\/strong><\/a> ya est\u00e1 en WhatsApp!<\/p>\n\n\n\n<p><\/p>\n\n\n\n<p><strong>Alejandro \u00c1vila<br><\/strong><em>Cosoleacaque<br><\/em>El Colegio de Bachilleres del Estado de Veracruz (COBAEV) con sede Cosoleacaque se encuentra en paro de labores debido a la falta de pagos a personal docente.<\/p>\n\n\n\n<p>La protesta ha sido motivada por la falta de respuesta de las autoridades estatales, lo que ha generado preocupaci\u00f3n por el impacto en la educaci\u00f3n de los estudiantes.<\/p>\n\n\n\n<p>En paralelo, graves casos de mobbing escolar ha sido denunciados en el plantel de Zaragoza, donde una docente ha sido acusada de acoso hacia sus alumnos.<\/p>\n\n\n\n<p>La situaci\u00f3n se complica a\u00fan m\u00e1s con la presi\u00f3n ejercida sobre la directora general del COBAEV, quien fue cuestionada durante su visita al plantel de Las Choapas sobre los conflictos internos que afectan a varios planteles; a pesar de las inquietudes planteadas por la comunidad, su respuesta fue evasiva.<\/p>\n\n\n\n<p>Un caso particularmente alarmante involucra al profesor Francisco Manuel L. H., docente del COBAEV de Sayula de Aleman, quien fue separado de su cargo tras ser acusado de mantener una relaci\u00f3n inapropiada con una estudiante menor de edad. A pesar de que la menor neg\u00f3 las acusaciones en un acta levantada en el plantel, el padre present\u00f3 pruebas que corroboran los se\u00f1alamientos, incluyendo capturas de pantalla de conversaciones sobre la situaci\u00f3n.<\/p>\n\n\n\n<p>Tras una investigaci\u00f3n, la Direcci\u00f3n de Asuntos Jur\u00eddicos del COBAEV opt\u00f3 por rescindir su contrato sin responsabilidad para la parte patronal, lo que ha generado controversia y cuestionamientos sobre la eficacia de las medidas disciplinarias.<\/p>\n\n\n\n<p>Adem\u00e1s, en Las Choapas, otro docente enfrenta acusaciones de haber grabado relaciones sexuales con una alumna, un hecho que ha levantado serias preocupaciones sobre la seguridad y bienestar de los estudiantes en la instituci\u00f3n.<\/p>\n\n\n\n<p>Estos incidentes, que evidencian un patr\u00f3n preocupante de conductas inapropiadas y falta de atenci\u00f3n a las denuncias, han llevado a la comunidad educativa a demandar una respuesta contundente de las autoridades.<\/p>\n\n\n\n<p>Mientras tanto, la Fiscal\u00eda Especializada en Investigaci\u00f3n de Delitos de Violencia contra la Familia ha iniciado una carpeta de investigaci\u00f3n, dejando en el aire la pregunta de si se dar\u00e1 seguimiento a estos casos o si quedar\u00e1n en el olvido como tantos otros.<\/p>\n\n\n\n<p>La crisis en el COBAEV de la zona sur pone de manifiesto la necesidad urgente de abordar tanto los problemas laborales como las denuncias de acoso y abuso dentro de las instituciones educativas, priorizando siempre la seguridad y el bienestar de los estudiantes.<\/p>\n","protected":false},"excerpt":{"rendered":"<p>\u2002\u2002\u00daNETE A NUESTRO CANAL \u00a1LOS POL\u00cdTICOS VERACRUZ ya est\u00e1 en WhatsApp! Alejandro \u00c1vilaCosoleacaqueEl Colegio de Bachilleres del Estado de Veracruz (COBAEV) con sede Cosoleacaque se encuentra en paro de labores debido a la falta de pagos a personal docente. La protesta ha sido motivada por la falta de respuesta de las autoridades estatales, lo que [&hellip;]<\/p>\n","protected":false},"author":2,"featured_media":140617,"comment_status":"closed","ping_status":"closed","sticky":false,"template":"","format":"standard","meta":{"tdm_status":"","tdm_grid_status":"","footnotes":""},"categories":[6446],"tags":[2166,375],"class_list":{"0":"post-140616","1":"post","2":"type-post","3":"status-publish","4":"format-standard","5":"has-post-thumbnail","7":"category-la-nota","8":"tag-cobaev","9":"tag-cosoleacaque"},"yoast_head":"<!-- This site is optimized with the Yoast SEO plugin v27.4 - https:\/\/yoast.com\/product\/yoast-seo-wordpress\/ -->\n<title>COBAEV EN CRISIS! - Los pol\u00edticos Veracruz<\/title>\n<meta name=\"robots\" content=\"index, follow, max-snippet:-1, max-image-preview:large, max-video-preview:-1\" \/>\n<link rel=\"canonical\" href=\"https:\/\/lospoliticosveracruz.com\/?p=140616\" \/>\n<meta property=\"og:locale\" content=\"es_ES\" \/>\n<meta property=\"og:type\" content=\"article\" \/>\n<meta property=\"og:title\" content=\"COBAEV EN CRISIS! - Los pol\u00edticos Veracruz\" \/>\n<meta property=\"og:description\" content=\"\u2002\u2002\u00daNETE A NUESTRO CANAL \u00a1LOS POL\u00cdTICOS VERACRUZ ya est\u00e1 en WhatsApp! Alejandro \u00c1vilaCosoleacaqueEl Colegio de Bachilleres del Estado de Veracruz (COBAEV) con sede Cosoleacaque se encuentra en paro de labores debido a la falta de pagos a personal docente. La protesta ha sido motivada por la falta de respuesta de las autoridades estatales, lo que [&hellip;]\" \/>\n<meta property=\"og:url\" content=\"https:\/\/lospoliticosveracruz.com\/?p=140616\" \/>\n<meta property=\"og:site_name\" content=\"Los pol\u00edticos Veracruz\" \/>\n<meta property=\"article:publisher\" content=\"https:\/\/www.facebook.com\/people\/Notimemes-de-los-Polticos\/61565672886568\/\" \/>\n<meta property=\"article:published_time\" content=\"2025-03-27T17:23:06+00:00\" \/>\n<meta property=\"article:modified_time\" content=\"2025-03-27T17:23:23+00:00\" \/>\n<meta property=\"og:image\" content=\"https:\/\/lospoliticosveracruz.com\/wp-content\/uploads\/2025\/03\/COBAEV.jpeg\" \/>\n\t<meta property=\"og:image:width\" content=\"600\" \/>\n\t<meta property=\"og:image:height\" content=\"320\" \/>\n\t<meta property=\"og:image:type\" content=\"image\/jpeg\" \/>\n<meta name=\"author\" content=\"Lo viste en Los Pol\u00edticos\" \/>\n<meta name=\"twitter:card\" content=\"summary_large_image\" \/>\n<meta name=\"twitter:creator\" content=\"@LosPoliticosVer\" \/>\n<meta name=\"twitter:site\" content=\"@LosPoliticosVer\" \/>\n<meta name=\"twitter:label1\" content=\"Escrito por\" \/>\n\t<meta name=\"twitter:data1\" content=\"Lo viste en Los Pol\u00edticos\" \/>\n\t<meta name=\"twitter:label2\" content=\"Tiempo de lectura\" \/>\n\t<meta name=\"twitter:data2\" content=\"2 minutos\" \/>\n<script type=\"application\/ld+json\" class=\"yoast-schema-graph\">{\"@context\":\"https:\\\/\\\/schema.org\",\"@graph\":[{\"@type\":\"Article\",\"@id\":\"https:\\\/\\\/lospoliticosveracruz.com\\\/?p=140616#article\",\"isPartOf\":{\"@id\":\"https:\\\/\\\/lospoliticosveracruz.com\\\/?p=140616\"},\"author\":{\"name\":\"Lo viste en Los Pol\u00edticos\",\"@id\":\"https:\\\/\\\/lospoliticosveracruz.com\\\/#\\\/schema\\\/person\\\/b8702bb0e538456e6efd07080bf2a4a2\"},\"headline\":\"COBAEV EN CRISIS!\",\"datePublished\":\"2025-03-27T17:23:06+00:00\",\"dateModified\":\"2025-03-27T17:23:23+00:00\",\"mainEntityOfPage\":{\"@id\":\"https:\\\/\\\/lospoliticosveracruz.com\\\/?p=140616\"},\"wordCount\":425,\"publisher\":{\"@id\":\"https:\\\/\\\/lospoliticosveracruz.com\\\/#organization\"},\"image\":{\"@id\":\"https:\\\/\\\/lospoliticosveracruz.com\\\/?p=140616#primaryimage\"},\"thumbnailUrl\":\"https:\\\/\\\/lospoliticosveracruz.com\\\/wp-content\\\/uploads\\\/2025\\\/03\\\/COBAEV.jpeg\",\"keywords\":[\"Cobaev\",\"Cosoleacaque\"],\"articleSection\":[\"La Nota\"],\"inLanguage\":\"es\"},{\"@type\":\"WebPage\",\"@id\":\"https:\\\/\\\/lospoliticosveracruz.com\\\/?p=140616\",\"url\":\"https:\\\/\\\/lospoliticosveracruz.com\\\/?p=140616\",\"name\":\"COBAEV EN CRISIS! - Los pol\u00edticos Veracruz\",\"isPartOf\":{\"@id\":\"https:\\\/\\\/lospoliticosveracruz.com\\\/#website\"},\"primaryImageOfPage\":{\"@id\":\"https:\\\/\\\/lospoliticosveracruz.com\\\/?p=140616#primaryimage\"},\"image\":{\"@id\":\"https:\\\/\\\/lospoliticosveracruz.com\\\/?p=140616#primaryimage\"},\"thumbnailUrl\":\"https:\\\/\\\/lospoliticosveracruz.com\\\/wp-content\\\/uploads\\\/2025\\\/03\\\/COBAEV.jpeg\",\"datePublished\":\"2025-03-27T17:23:06+00:00\",\"dateModified\":\"2025-03-27T17:23:23+00:00\",\"breadcrumb\":{\"@id\":\"https:\\\/\\\/lospoliticosveracruz.com\\\/?p=140616#breadcrumb\"},\"inLanguage\":\"es\",\"potentialAction\":[{\"@type\":\"ReadAction\",\"target\":[\"https:\\\/\\\/lospoliticosveracruz.com\\\/?p=140616\"]}]},{\"@type\":\"ImageObject\",\"inLanguage\":\"es\",\"@id\":\"https:\\\/\\\/lospoliticosveracruz.com\\\/?p=140616#primaryimage\",\"url\":\"https:\\\/\\\/lospoliticosveracruz.com\\\/wp-content\\\/uploads\\\/2025\\\/03\\\/COBAEV.jpeg\",\"contentUrl\":\"https:\\\/\\\/lospoliticosveracruz.com\\\/wp-content\\\/uploads\\\/2025\\\/03\\\/COBAEV.jpeg\",\"width\":600,\"height\":320},{\"@type\":\"BreadcrumbList\",\"@id\":\"https:\\\/\\\/lospoliticosveracruz.com\\\/?p=140616#breadcrumb\",\"itemListElement\":[{\"@type\":\"ListItem\",\"position\":1,\"name\":\"Portada\",\"item\":\"https:\\\/\\\/lospoliticosveracruz.com\\\/\"},{\"@type\":\"ListItem\",\"position\":2,\"name\":\"COBAEV EN CRISIS!\"}]},{\"@type\":\"WebSite\",\"@id\":\"https:\\\/\\\/lospoliticosveracruz.com\\\/#website\",\"url\":\"https:\\\/\\\/lospoliticosveracruz.com\\\/\",\"name\":\"Los pol\u00edticos Veracruz\",\"description\":\"\",\"publisher\":{\"@id\":\"https:\\\/\\\/lospoliticosveracruz.com\\\/#organization\"},\"potentialAction\":[{\"@type\":\"SearchAction\",\"target\":{\"@type\":\"EntryPoint\",\"urlTemplate\":\"https:\\\/\\\/lospoliticosveracruz.com\\\/?s={search_term_string}\"},\"query-input\":{\"@type\":\"PropertyValueSpecification\",\"valueRequired\":true,\"valueName\":\"search_term_string\"}}],\"inLanguage\":\"es\"},{\"@type\":\"Organization\",\"@id\":\"https:\\\/\\\/lospoliticosveracruz.com\\\/#organization\",\"name\":\"Los pol\u00edticos Veracruz\",\"url\":\"https:\\\/\\\/lospoliticosveracruz.com\\\/\",\"logo\":{\"@type\":\"ImageObject\",\"inLanguage\":\"es\",\"@id\":\"https:\\\/\\\/lospoliticosveracruz.com\\\/#\\\/schema\\\/logo\\\/image\\\/\",\"url\":\"https:\\\/\\\/lospoliticosveracruz.com\\\/wp-content\\\/uploads\\\/2025\\\/12\\\/Logo-Nuevo-LOS-POLITICOS-1.jpg\",\"contentUrl\":\"https:\\\/\\\/lospoliticosveracruz.com\\\/wp-content\\\/uploads\\\/2025\\\/12\\\/Logo-Nuevo-LOS-POLITICOS-1.jpg\",\"width\":260,\"height\":70,\"caption\":\"Los pol\u00edticos Veracruz\"},\"image\":{\"@id\":\"https:\\\/\\\/lospoliticosveracruz.com\\\/#\\\/schema\\\/logo\\\/image\\\/\"},\"sameAs\":[\"https:\\\/\\\/www.facebook.com\\\/people\\\/Notimemes-de-los-Polticos\\\/61565672886568\\\/\",\"https:\\\/\\\/x.com\\\/LosPoliticosVer\"]},{\"@type\":\"Person\",\"@id\":\"https:\\\/\\\/lospoliticosveracruz.com\\\/#\\\/schema\\\/person\\\/b8702bb0e538456e6efd07080bf2a4a2\",\"name\":\"Lo viste en Los Pol\u00edticos\",\"image\":{\"@type\":\"ImageObject\",\"inLanguage\":\"es\",\"@id\":\"https:\\\/\\\/secure.gravatar.com\\\/avatar\\\/3a8de04a2656d44082be478bd6c086daa447c4651605818287b9532d3d0bd435?s=96&d=mm&r=g\",\"url\":\"https:\\\/\\\/secure.gravatar.com\\\/avatar\\\/3a8de04a2656d44082be478bd6c086daa447c4651605818287b9532d3d0bd435?s=96&d=mm&r=g\",\"contentUrl\":\"https:\\\/\\\/secure.gravatar.com\\\/avatar\\\/3a8de04a2656d44082be478bd6c086daa447c4651605818287b9532d3d0bd435?s=96&d=mm&r=g\",\"caption\":\"Lo viste en Los Pol\u00edticos\"},\"url\":\"https:\\\/\\\/lospoliticosveracruz.com\\\/?author=2\"}]}<\/script>\n<!-- \/ Yoast SEO plugin. -->","yoast_head_json":{"title":"COBAEV EN CRISIS! - Los pol\u00edticos Veracruz","robots":{"index":"index","follow":"follow","max-snippet":"max-snippet:-1","max-image-preview":"max-image-preview:large","max-video-preview":"max-video-preview:-1"},"canonical":"https:\/\/lospoliticosveracruz.com\/?p=140616","og_locale":"es_ES","og_type":"article","og_title":"COBAEV EN CRISIS! - Los pol\u00edticos Veracruz","og_description":"\u2002\u2002\u00daNETE A NUESTRO CANAL \u00a1LOS POL\u00cdTICOS VERACRUZ ya est\u00e1 en WhatsApp! Alejandro \u00c1vilaCosoleacaqueEl Colegio de Bachilleres del Estado de Veracruz (COBAEV) con sede Cosoleacaque se encuentra en paro de labores debido a la falta de pagos a personal docente. La protesta ha sido motivada por la falta de respuesta de las autoridades estatales, lo que [&hellip;]","og_url":"https:\/\/lospoliticosveracruz.com\/?p=140616","og_site_name":"Los pol\u00edticos Veracruz","article_publisher":"https:\/\/www.facebook.com\/people\/Notimemes-de-los-Polticos\/61565672886568\/","article_published_time":"2025-03-27T17:23:06+00:00","article_modified_time":"2025-03-27T17:23:23+00:00","og_image":[{"width":600,"height":320,"url":"https:\/\/lospoliticosveracruz.com\/wp-content\/uploads\/2025\/03\/COBAEV.jpeg","type":"image\/jpeg"}],"author":"Lo viste en Los Pol\u00edticos","twitter_card":"summary_large_image","twitter_creator":"@LosPoliticosVer","twitter_site":"@LosPoliticosVer","twitter_misc":{"Escrito por":"Lo viste en Los Pol\u00edticos","Tiempo de lectura":"2 minutos"},"schema":{"@context":"https:\/\/schema.org","@graph":[{"@type":"Article","@id":"https:\/\/lospoliticosveracruz.com\/?p=140616#article","isPartOf":{"@id":"https:\/\/lospoliticosveracruz.com\/?p=140616"},"author":{"name":"Lo viste en Los Pol\u00edticos","@id":"https:\/\/lospoliticosveracruz.com\/#\/schema\/person\/b8702bb0e538456e6efd07080bf2a4a2"},"headline":"COBAEV EN CRISIS!","datePublished":"2025-03-27T17:23:06+00:00","dateModified":"2025-03-27T17:23:23+00:00","mainEntityOfPage":{"@id":"https:\/\/lospoliticosveracruz.com\/?p=140616"},"wordCount":425,"publisher":{"@id":"https:\/\/lospoliticosveracruz.com\/#organization"},"image":{"@id":"https:\/\/lospoliticosveracruz.com\/?p=140616#primaryimage"},"thumbnailUrl":"https:\/\/lospoliticosveracruz.com\/wp-content\/uploads\/2025\/03\/COBAEV.jpeg","keywords":["Cobaev","Cosoleacaque"],"articleSection":["La Nota"],"inLanguage":"es"},{"@type":"WebPage","@id":"https:\/\/lospoliticosveracruz.com\/?p=140616","url":"https:\/\/lospoliticosveracruz.com\/?p=140616","name":"COBAEV EN CRISIS! - Los pol\u00edticos Veracruz","isPartOf":{"@id":"https:\/\/lospoliticosveracruz.com\/#website"},"primaryImageOfPage":{"@id":"https:\/\/lospoliticosveracruz.com\/?p=140616#primaryimage"},"image":{"@id":"https:\/\/lospoliticosveracruz.com\/?p=140616#primaryimage"},"thumbnailUrl":"https:\/\/lospoliticosveracruz.com\/wp-content\/uploads\/2025\/03\/COBAEV.jpeg","datePublished":"2025-03-27T17:23:06+00:00","dateModified":"2025-03-27T17:23:23+00:00","breadcrumb":{"@id":"https:\/\/lospoliticosveracruz.com\/?p=140616#breadcrumb"},"inLanguage":"es","potentialAction":[{"@type":"ReadAction","target":["https:\/\/lospoliticosveracruz.com\/?p=140616"]}]},{"@type":"ImageObject","inLanguage":"es","@id":"https:\/\/lospoliticosveracruz.com\/?p=140616#primaryimage","url":"https:\/\/lospoliticosveracruz.com\/wp-content\/uploads\/2025\/03\/COBAEV.jpeg","contentUrl":"https:\/\/lospoliticosveracruz.com\/wp-content\/uploads\/2025\/03\/COBAEV.jpeg","width":600,"height":320},{"@type":"BreadcrumbList","@id":"https:\/\/lospoliticosveracruz.com\/?p=140616#breadcrumb","itemListElement":[{"@type":"ListItem","position":1,"name":"Portada","item":"https:\/\/lospoliticosveracruz.com\/"},{"@type":"ListItem","position":2,"name":"COBAEV EN CRISIS!"}]},{"@type":"WebSite","@id":"https:\/\/lospoliticosveracruz.com\/#website","url":"https:\/\/lospoliticosveracruz.com\/","name":"Los pol\u00edticos Veracruz","description":"","publisher":{"@id":"https:\/\/lospoliticosveracruz.com\/#organization"},"potentialAction":[{"@type":"SearchAction","target":{"@type":"EntryPoint","urlTemplate":"https:\/\/lospoliticosveracruz.com\/?s={search_term_string}"},"query-input":{"@type":"PropertyValueSpecification","valueRequired":true,"valueName":"search_term_string"}}],"inLanguage":"es"},{"@type":"Organization","@id":"https:\/\/lospoliticosveracruz.com\/#organization","name":"Los pol\u00edticos Veracruz","url":"https:\/\/lospoliticosveracruz.com\/","logo":{"@type":"ImageObject","inLanguage":"es","@id":"https:\/\/lospoliticosveracruz.com\/#\/schema\/logo\/image\/","url":"https:\/\/lospoliticosveracruz.com\/wp-content\/uploads\/2025\/12\/Logo-Nuevo-LOS-POLITICOS-1.jpg","contentUrl":"https:\/\/lospoliticosveracruz.com\/wp-content\/uploads\/2025\/12\/Logo-Nuevo-LOS-POLITICOS-1.jpg","width":260,"height":70,"caption":"Los pol\u00edticos Veracruz"},"image":{"@id":"https:\/\/lospoliticosveracruz.com\/#\/schema\/logo\/image\/"},"sameAs":["https:\/\/www.facebook.com\/people\/Notimemes-de-los-Polticos\/61565672886568\/","https:\/\/x.com\/LosPoliticosVer"]},{"@type":"Person","@id":"https:\/\/lospoliticosveracruz.com\/#\/schema\/person\/b8702bb0e538456e6efd07080bf2a4a2","name":"Lo viste en Los Pol\u00edticos","image":{"@type":"ImageObject","inLanguage":"es","@id":"https:\/\/secure.gravatar.com\/avatar\/3a8de04a2656d44082be478bd6c086daa447c4651605818287b9532d3d0bd435?s=96&d=mm&r=g","url":"https:\/\/secure.gravatar.com\/avatar\/3a8de04a2656d44082be478bd6c086daa447c4651605818287b9532d3d0bd435?s=96&d=mm&r=g","contentUrl":"https:\/\/secure.gravatar.com\/avatar\/3a8de04a2656d44082be478bd6c086daa447c4651605818287b9532d3d0bd435?s=96&d=mm&r=g","caption":"Lo viste en Los Pol\u00edticos"},"url":"https:\/\/lospoliticosveracruz.com\/?author=2"}]}},"_links":{"self":[{"href":"https:\/\/lospoliticosveracruz.com\/index.php?rest_route=\/wp\/v2\/posts\/140616","targetHints":{"allow":["GET"]}}],"collection":[{"href":"https:\/\/lospoliticosveracruz.com\/index.php?rest_route=\/wp\/v2\/posts"}],"about":[{"href":"https:\/\/lospoliticosveracruz.com\/index.php?rest_route=\/wp\/v2\/types\/post"}],"author":[{"embeddable":true,"href":"https:\/\/lospoliticosveracruz.com\/index.php?rest_route=\/wp\/v2\/users\/2"}],"replies":[{"embeddable":true,"href":"https:\/\/lospoliticosveracruz.com\/index.php?rest_route=%2Fwp%2Fv2%2Fcomments&post=140616"}],"version-history":[{"count":1,"href":"https:\/\/lospoliticosveracruz.com\/index.php?rest_route=\/wp\/v2\/posts\/140616\/revisions"}],"predecessor-version":[{"id":140618,"href":"https:\/\/lospoliticosveracruz.com\/index.php?rest_route=\/wp\/v2\/posts\/140616\/revisions\/140618"}],"wp:featuredmedia":[{"embeddable":true,"href":"https:\/\/lospoliticosveracruz.com\/index.php?rest_route=\/wp\/v2\/media\/140617"}],"wp:attachment":[{"href":"https:\/\/lospoliticosveracruz.com\/index.php?rest_route=%2Fwp%2Fv2%2Fmedia&parent=140616"}],"wp:term":[{"taxonomy":"category","embeddable":true,"href":"https:\/\/lospoliticosveracruz.com\/index.php?rest_route=%2Fwp%2Fv2%2Fcategories&post=140616"},{"taxonomy":"post_tag","embeddable":true,"href":"https:\/\/lospoliticosveracruz.com\/index.php?rest_route=%2Fwp%2Fv2%2Ftags&post=140616"}],"curies":[{"name":"wp","href":"https:\/\/api.w.org\/{rel}","templated":true}]}}