{"id":140725,"date":"2025-03-28T20:11:35","date_gmt":"2025-03-29T02:11:35","guid":{"rendered":"https:\/\/lospoliticosveracruz.com.mx\/?p=140725"},"modified":"2025-03-28T20:13:31","modified_gmt":"2025-03-29T02:13:31","slug":"la-entrevista-con-cuauhtemoc","status":"publish","type":"post","link":"https:\/\/lospoliticosveracruz.com\/?p=140725","title":{"rendered":"LA ENTREVISTA CON CUAUHT\u00c9MOC"},"content":{"rendered":"\n<p><a href=\"https:\/\/whatsapp.com\/channel\/0029Va8zRWlEKyZIP3Z1dF0e\"><strong>\u2002\u2002<\/strong><strong>\u00danete a nuestro canal&nbsp;<\/strong><strong>\u2002\u2002\u2002\u2002\u2002\u2002&nbsp;<\/strong><\/a><strong>\u2002\u2002\u2002\u2002\u2002\u2002&nbsp;<\/strong><\/p>\n\n\n\n<p>\u00a1<strong>LOS POL\u00cdTICOS VERACRUZ<\/strong>&nbsp;ya est\u00e1 en WhatsApp!<\/p>\n\n\n\n<p><strong>Brenda Caballero<\/strong><\/p>\n\n\n\n<p><em>N\u00fameros Rojos<\/em><\/p>\n\n\n\n<p>Unas cuantas horas me cost\u00f3 llegar a Morelos, pero no import\u00f3 si iba a tener la exclusiva con Cuauht\u00e9moc Blanco, el hombre m\u00e1s protegido de M\u00e9xico.<br>As\u00ed que pernoct\u00e9 en la Fiscal\u00eda de Morelos con tal de entrevistar a uno de los hombres que ha dado de qu\u00e9 hablar, y no precisamente por sus haza\u00f1as futbol\u00edsticas ni por \u201cla bajada de chescos\u201d que le aplic\u00f3 a Lavolpe y Faitelson.<br>Eran cerca de la diez de la ma\u00f1ana cuando el flamante diputado apareci\u00f3 en tremendo camionet\u00f3n acompa\u00f1ado de su abogada, s\u00ed, una mujer que lo defiende, y otras legisladoras federales que tambi\u00e9n lo defienden. Dije entre m\u00ed: \u201cNo est\u00e1 Solo\u201d.<br>Como pude me col\u00e9 entre ellas, pues en este sexenio \u201cLlegamos todas\u201d!<br>-Diputado, diputado \u00bfPuede darme una entrevista?<br>-Lo que ten\u00eda que decir ya lo dije.<br>-\u00a1Pero yo no estaba con los reporteros!<br>-\u00c9se es tu problema. \u00a1Ya no dar\u00e9 entrevistas!<br>-Oiga, pero yo vine con ellas, con su abogada y las diputadas porque yo s\u00ed creo que \u00a1Llegamos todas!<br>-Bueno, si vienes con ellas, entonces eres aliada. Pregunta r\u00e1pido, porque me voy. Mi tiempo es oro.<br><strong>-\u00bfEs usted inocente o culpable?<br><\/strong>.-Otra vez la burra al trigo, \u00a1claro que inocente! Todas esas acusaciones son mentiras.<br>-Entonces no quiso violar a su hermana.<br>-Esa ni es mi hermana, es hermana de mi hermano mayor, y hasta una prueba de ADN me har\u00e9 para que todo M\u00e9xico se entere de la mentira, la farsa y la hipocres\u00eda.<br>-Pero lo que ella dice es grave, y Yo le creo.<br>-Ahhh mentirosa! no eres una reportera, seguramente te mand\u00f3 el ex Fiscal Uriel Carmona, para cuestionarme y acusarme, \u00a1eres una chayotera! \u00a1quieres extorsionarme!<br>-\u00a1\u00d3igame, nadie me mand\u00f3, yo vine solita. Ahora hasta violentador es?<br>-\u00a1No te permito que me levantes la voz, ya vez lo que le pas\u00f3 a mi esposa?<br><strong>-Entonces es verdad que la golpe\u00f3?<br><\/strong>-Na! Lo que pasa es que adem\u00e1s de modelo, quiere ser actriz\u2026 mejor di que quieres un aut\u00f3grafo y deja de estar enchinchando.<br>-Ni que fuera la diputada Jessica Ram\u00edrez que hasta playera del Am\u00e9rica llev\u00f3.<br>-\u00bfPues d\u00f3nde qued\u00f3 tu sororidad reportera?<br>-Usted la rompi\u00f3 \u00bfa poco no se dio cuenta? \u00a1Hizo quedar mal hasta a la Presidenta con A!<br>-A trancazos te voy a sacar de aqu\u00ed, pero no yo\u2026 \u00a1Guardias! Digo\u2026 \u00a1diputadas!<br>-\u00d3igame no estamos en el campo de f\u00fatbol, donde sacan tarjeta roja y te expulsan.<br>-Claro que no, te voy a sacar tarjeta morada \u00a1Diputadas, est\u00e1 chayotera me est\u00e1 molestando!<br>-Aqu\u00ed estamos diputado, a la orden, usted nada m\u00e1s d\u00edganos a qui\u00e9n madreamos, digo, sacamos.<br>-\u00a1Oigan diputadas! A dondeeeeee meeee llevaaaaannn, oigaaaaaaaannnn. Yo puedo poner mis patitas en la calle, sin ayudaaaaa, Oigaaaaan, no sean asiiiii<br>-Estas violentando y agrediendo al diputado \u00a1pa fuera!<br>-Oigaaaaaaannn pero ustedes son mujeres, el agresor es \u00e9l, no yoooooooo.<br>-S\u00e1cate chayotera \u00a1El Cuau no est\u00e1 solo! \u00a1Faltaba m\u00e1s!<br>-Oigaaaaannnn diputadas, una pregunta.\u00bfEntonces no llegamos todas?<\/p>\n\n\n\n<p>*Entrevista ficticia con el \u00fanico prop\u00f3sito de\u2026 bueno, hoy no se puede sonre\u00edr con este caso\u2026<\/p>\n\n\n\n<p>correo:caballero_brenda@hotmail.com<br>Twitter: @NumerosRojos_BC<\/p>\n","protected":false},"excerpt":{"rendered":"<p>\u2002\u2002\u00danete a nuestro canal&nbsp;\u2002\u2002\u2002\u2002\u2002\u2002&nbsp;\u2002\u2002\u2002\u2002\u2002\u2002&nbsp; \u00a1LOS POL\u00cdTICOS VERACRUZ&nbsp;ya est\u00e1 en WhatsApp! Brenda Caballero N\u00fameros Rojos Unas cuantas horas me cost\u00f3 llegar a Morelos, pero no import\u00f3 si iba a tener la exclusiva con Cuauht\u00e9moc Blanco, el hombre m\u00e1s protegido de M\u00e9xico.As\u00ed que pernoct\u00e9 en la Fiscal\u00eda de Morelos con tal de entrevistar a uno de los [&hellip;]<\/p>\n","protected":false},"author":2,"featured_media":119809,"comment_status":"closed","ping_status":"closed","sticky":false,"template":"","format":"standard","meta":{"tdm_status":"","tdm_grid_status":"","footnotes":""},"categories":[70],"tags":[2687,1512,5855],"class_list":{"0":"post-140725","1":"post","2":"type-post","3":"status-publish","4":"format-standard","5":"has-post-thumbnail","7":"category-de-opinion","8":"tag-brenda-caballero","9":"tag-cuauhtemoc-blanco","10":"tag-morelos"},"yoast_head":"<!-- This site is optimized with the Yoast SEO plugin v27.4 - https:\/\/yoast.com\/product\/yoast-seo-wordpress\/ -->\n<title>LA ENTREVISTA CON CUAUHT\u00c9MOC - Los pol\u00edticos Veracruz<\/title>\n<meta name=\"robots\" content=\"index, follow, max-snippet:-1, max-image-preview:large, max-video-preview:-1\" \/>\n<link rel=\"canonical\" href=\"https:\/\/lospoliticosveracruz.com\/?p=140725\" \/>\n<meta property=\"og:locale\" content=\"es_ES\" \/>\n<meta property=\"og:type\" content=\"article\" \/>\n<meta property=\"og:title\" content=\"LA ENTREVISTA CON CUAUHT\u00c9MOC - Los pol\u00edticos Veracruz\" \/>\n<meta property=\"og:description\" content=\"\u2002\u2002\u00danete a nuestro canal&nbsp;\u2002\u2002\u2002\u2002\u2002\u2002&nbsp;\u2002\u2002\u2002\u2002\u2002\u2002&nbsp; \u00a1LOS POL\u00cdTICOS VERACRUZ&nbsp;ya est\u00e1 en WhatsApp! Brenda Caballero N\u00fameros Rojos Unas cuantas horas me cost\u00f3 llegar a Morelos, pero no import\u00f3 si iba a tener la exclusiva con Cuauht\u00e9moc Blanco, el hombre m\u00e1s protegido de M\u00e9xico.As\u00ed que pernoct\u00e9 en la Fiscal\u00eda de Morelos con tal de entrevistar a uno de los [&hellip;]\" \/>\n<meta property=\"og:url\" content=\"https:\/\/lospoliticosveracruz.com\/?p=140725\" \/>\n<meta property=\"og:site_name\" content=\"Los pol\u00edticos Veracruz\" \/>\n<meta property=\"article:publisher\" content=\"https:\/\/www.facebook.com\/people\/Notimemes-de-los-Polticos\/61565672886568\/\" \/>\n<meta property=\"article:published_time\" content=\"2025-03-29T02:11:35+00:00\" \/>\n<meta property=\"article:modified_time\" content=\"2025-03-29T02:13:31+00:00\" \/>\n<meta property=\"og:image\" content=\"https:\/\/lospoliticosveracruz.com\/wp-content\/uploads\/2024\/03\/Brenda-Caballero.jpg\" \/>\n\t<meta property=\"og:image:width\" content=\"1600\" \/>\n\t<meta property=\"og:image:height\" content=\"853\" \/>\n\t<meta property=\"og:image:type\" content=\"image\/jpeg\" \/>\n<meta name=\"author\" content=\"Lo viste en Los Pol\u00edticos\" \/>\n<meta name=\"twitter:card\" content=\"summary_large_image\" \/>\n<meta name=\"twitter:creator\" content=\"@LosPoliticosVer\" \/>\n<meta name=\"twitter:site\" content=\"@LosPoliticosVer\" \/>\n<meta name=\"twitter:label1\" content=\"Escrito por\" \/>\n\t<meta name=\"twitter:data1\" content=\"Lo viste en Los Pol\u00edticos\" \/>\n\t<meta name=\"twitter:label2\" content=\"Tiempo de lectura\" \/>\n\t<meta name=\"twitter:data2\" content=\"3 minutos\" \/>\n<script type=\"application\/ld+json\" class=\"yoast-schema-graph\">{\"@context\":\"https:\\\/\\\/schema.org\",\"@graph\":[{\"@type\":\"Article\",\"@id\":\"https:\\\/\\\/lospoliticosveracruz.com\\\/?p=140725#article\",\"isPartOf\":{\"@id\":\"https:\\\/\\\/lospoliticosveracruz.com\\\/?p=140725\"},\"author\":{\"name\":\"Lo viste en Los Pol\u00edticos\",\"@id\":\"https:\\\/\\\/lospoliticosveracruz.com\\\/#\\\/schema\\\/person\\\/b8702bb0e538456e6efd07080bf2a4a2\"},\"headline\":\"LA ENTREVISTA CON CUAUHT\u00c9MOC\",\"datePublished\":\"2025-03-29T02:11:35+00:00\",\"dateModified\":\"2025-03-29T02:13:31+00:00\",\"mainEntityOfPage\":{\"@id\":\"https:\\\/\\\/lospoliticosveracruz.com\\\/?p=140725\"},\"wordCount\":572,\"publisher\":{\"@id\":\"https:\\\/\\\/lospoliticosveracruz.com\\\/#organization\"},\"image\":{\"@id\":\"https:\\\/\\\/lospoliticosveracruz.com\\\/?p=140725#primaryimage\"},\"thumbnailUrl\":\"https:\\\/\\\/lospoliticosveracruz.com\\\/wp-content\\\/uploads\\\/2024\\\/03\\\/Brenda-Caballero.jpg\",\"keywords\":[\"Brenda Caballero\",\"Cuauht\u00e9moc Blanco\",\"Morelos\"],\"articleSection\":[\"De Opini\u00f3n\"],\"inLanguage\":\"es\"},{\"@type\":\"WebPage\",\"@id\":\"https:\\\/\\\/lospoliticosveracruz.com\\\/?p=140725\",\"url\":\"https:\\\/\\\/lospoliticosveracruz.com\\\/?p=140725\",\"name\":\"LA ENTREVISTA CON CUAUHT\u00c9MOC - Los pol\u00edticos Veracruz\",\"isPartOf\":{\"@id\":\"https:\\\/\\\/lospoliticosveracruz.com\\\/#website\"},\"primaryImageOfPage\":{\"@id\":\"https:\\\/\\\/lospoliticosveracruz.com\\\/?p=140725#primaryimage\"},\"image\":{\"@id\":\"https:\\\/\\\/lospoliticosveracruz.com\\\/?p=140725#primaryimage\"},\"thumbnailUrl\":\"https:\\\/\\\/lospoliticosveracruz.com\\\/wp-content\\\/uploads\\\/2024\\\/03\\\/Brenda-Caballero.jpg\",\"datePublished\":\"2025-03-29T02:11:35+00:00\",\"dateModified\":\"2025-03-29T02:13:31+00:00\",\"breadcrumb\":{\"@id\":\"https:\\\/\\\/lospoliticosveracruz.com\\\/?p=140725#breadcrumb\"},\"inLanguage\":\"es\",\"potentialAction\":[{\"@type\":\"ReadAction\",\"target\":[\"https:\\\/\\\/lospoliticosveracruz.com\\\/?p=140725\"]}]},{\"@type\":\"ImageObject\",\"inLanguage\":\"es\",\"@id\":\"https:\\\/\\\/lospoliticosveracruz.com\\\/?p=140725#primaryimage\",\"url\":\"https:\\\/\\\/lospoliticosveracruz.com\\\/wp-content\\\/uploads\\\/2024\\\/03\\\/Brenda-Caballero.jpg\",\"contentUrl\":\"https:\\\/\\\/lospoliticosveracruz.com\\\/wp-content\\\/uploads\\\/2024\\\/03\\\/Brenda-Caballero.jpg\",\"width\":1600,\"height\":853},{\"@type\":\"BreadcrumbList\",\"@id\":\"https:\\\/\\\/lospoliticosveracruz.com\\\/?p=140725#breadcrumb\",\"itemListElement\":[{\"@type\":\"ListItem\",\"position\":1,\"name\":\"Portada\",\"item\":\"https:\\\/\\\/lospoliticosveracruz.com\\\/\"},{\"@type\":\"ListItem\",\"position\":2,\"name\":\"LA ENTREVISTA CON CUAUHT\u00c9MOC\"}]},{\"@type\":\"WebSite\",\"@id\":\"https:\\\/\\\/lospoliticosveracruz.com\\\/#website\",\"url\":\"https:\\\/\\\/lospoliticosveracruz.com\\\/\",\"name\":\"Los pol\u00edticos Veracruz\",\"description\":\"\",\"publisher\":{\"@id\":\"https:\\\/\\\/lospoliticosveracruz.com\\\/#organization\"},\"potentialAction\":[{\"@type\":\"SearchAction\",\"target\":{\"@type\":\"EntryPoint\",\"urlTemplate\":\"https:\\\/\\\/lospoliticosveracruz.com\\\/?s={search_term_string}\"},\"query-input\":{\"@type\":\"PropertyValueSpecification\",\"valueRequired\":true,\"valueName\":\"search_term_string\"}}],\"inLanguage\":\"es\"},{\"@type\":\"Organization\",\"@id\":\"https:\\\/\\\/lospoliticosveracruz.com\\\/#organization\",\"name\":\"Los pol\u00edticos Veracruz\",\"url\":\"https:\\\/\\\/lospoliticosveracruz.com\\\/\",\"logo\":{\"@type\":\"ImageObject\",\"inLanguage\":\"es\",\"@id\":\"https:\\\/\\\/lospoliticosveracruz.com\\\/#\\\/schema\\\/logo\\\/image\\\/\",\"url\":\"https:\\\/\\\/lospoliticosveracruz.com\\\/wp-content\\\/uploads\\\/2025\\\/12\\\/Logo-Nuevo-LOS-POLITICOS-1.jpg\",\"contentUrl\":\"https:\\\/\\\/lospoliticosveracruz.com\\\/wp-content\\\/uploads\\\/2025\\\/12\\\/Logo-Nuevo-LOS-POLITICOS-1.jpg\",\"width\":260,\"height\":70,\"caption\":\"Los pol\u00edticos Veracruz\"},\"image\":{\"@id\":\"https:\\\/\\\/lospoliticosveracruz.com\\\/#\\\/schema\\\/logo\\\/image\\\/\"},\"sameAs\":[\"https:\\\/\\\/www.facebook.com\\\/people\\\/Notimemes-de-los-Polticos\\\/61565672886568\\\/\",\"https:\\\/\\\/x.com\\\/LosPoliticosVer\"]},{\"@type\":\"Person\",\"@id\":\"https:\\\/\\\/lospoliticosveracruz.com\\\/#\\\/schema\\\/person\\\/b8702bb0e538456e6efd07080bf2a4a2\",\"name\":\"Lo viste en Los Pol\u00edticos\",\"image\":{\"@type\":\"ImageObject\",\"inLanguage\":\"es\",\"@id\":\"https:\\\/\\\/secure.gravatar.com\\\/avatar\\\/3a8de04a2656d44082be478bd6c086daa447c4651605818287b9532d3d0bd435?s=96&d=mm&r=g\",\"url\":\"https:\\\/\\\/secure.gravatar.com\\\/avatar\\\/3a8de04a2656d44082be478bd6c086daa447c4651605818287b9532d3d0bd435?s=96&d=mm&r=g\",\"contentUrl\":\"https:\\\/\\\/secure.gravatar.com\\\/avatar\\\/3a8de04a2656d44082be478bd6c086daa447c4651605818287b9532d3d0bd435?s=96&d=mm&r=g\",\"caption\":\"Lo viste en Los Pol\u00edticos\"},\"url\":\"https:\\\/\\\/lospoliticosveracruz.com\\\/?author=2\"}]}<\/script>\n<!-- \/ Yoast SEO plugin. -->","yoast_head_json":{"title":"LA ENTREVISTA CON CUAUHT\u00c9MOC - Los pol\u00edticos Veracruz","robots":{"index":"index","follow":"follow","max-snippet":"max-snippet:-1","max-image-preview":"max-image-preview:large","max-video-preview":"max-video-preview:-1"},"canonical":"https:\/\/lospoliticosveracruz.com\/?p=140725","og_locale":"es_ES","og_type":"article","og_title":"LA ENTREVISTA CON CUAUHT\u00c9MOC - Los pol\u00edticos Veracruz","og_description":"\u2002\u2002\u00danete a nuestro canal&nbsp;\u2002\u2002\u2002\u2002\u2002\u2002&nbsp;\u2002\u2002\u2002\u2002\u2002\u2002&nbsp; \u00a1LOS POL\u00cdTICOS VERACRUZ&nbsp;ya est\u00e1 en WhatsApp! Brenda Caballero N\u00fameros Rojos Unas cuantas horas me cost\u00f3 llegar a Morelos, pero no import\u00f3 si iba a tener la exclusiva con Cuauht\u00e9moc Blanco, el hombre m\u00e1s protegido de M\u00e9xico.As\u00ed que pernoct\u00e9 en la Fiscal\u00eda de Morelos con tal de entrevistar a uno de los [&hellip;]","og_url":"https:\/\/lospoliticosveracruz.com\/?p=140725","og_site_name":"Los pol\u00edticos Veracruz","article_publisher":"https:\/\/www.facebook.com\/people\/Notimemes-de-los-Polticos\/61565672886568\/","article_published_time":"2025-03-29T02:11:35+00:00","article_modified_time":"2025-03-29T02:13:31+00:00","og_image":[{"width":1600,"height":853,"url":"https:\/\/lospoliticosveracruz.com\/wp-content\/uploads\/2024\/03\/Brenda-Caballero.jpg","type":"image\/jpeg"}],"author":"Lo viste en Los Pol\u00edticos","twitter_card":"summary_large_image","twitter_creator":"@LosPoliticosVer","twitter_site":"@LosPoliticosVer","twitter_misc":{"Escrito por":"Lo viste en Los Pol\u00edticos","Tiempo de lectura":"3 minutos"},"schema":{"@context":"https:\/\/schema.org","@graph":[{"@type":"Article","@id":"https:\/\/lospoliticosveracruz.com\/?p=140725#article","isPartOf":{"@id":"https:\/\/lospoliticosveracruz.com\/?p=140725"},"author":{"name":"Lo viste en Los Pol\u00edticos","@id":"https:\/\/lospoliticosveracruz.com\/#\/schema\/person\/b8702bb0e538456e6efd07080bf2a4a2"},"headline":"LA ENTREVISTA CON CUAUHT\u00c9MOC","datePublished":"2025-03-29T02:11:35+00:00","dateModified":"2025-03-29T02:13:31+00:00","mainEntityOfPage":{"@id":"https:\/\/lospoliticosveracruz.com\/?p=140725"},"wordCount":572,"publisher":{"@id":"https:\/\/lospoliticosveracruz.com\/#organization"},"image":{"@id":"https:\/\/lospoliticosveracruz.com\/?p=140725#primaryimage"},"thumbnailUrl":"https:\/\/lospoliticosveracruz.com\/wp-content\/uploads\/2024\/03\/Brenda-Caballero.jpg","keywords":["Brenda Caballero","Cuauht\u00e9moc Blanco","Morelos"],"articleSection":["De Opini\u00f3n"],"inLanguage":"es"},{"@type":"WebPage","@id":"https:\/\/lospoliticosveracruz.com\/?p=140725","url":"https:\/\/lospoliticosveracruz.com\/?p=140725","name":"LA ENTREVISTA CON CUAUHT\u00c9MOC - Los pol\u00edticos Veracruz","isPartOf":{"@id":"https:\/\/lospoliticosveracruz.com\/#website"},"primaryImageOfPage":{"@id":"https:\/\/lospoliticosveracruz.com\/?p=140725#primaryimage"},"image":{"@id":"https:\/\/lospoliticosveracruz.com\/?p=140725#primaryimage"},"thumbnailUrl":"https:\/\/lospoliticosveracruz.com\/wp-content\/uploads\/2024\/03\/Brenda-Caballero.jpg","datePublished":"2025-03-29T02:11:35+00:00","dateModified":"2025-03-29T02:13:31+00:00","breadcrumb":{"@id":"https:\/\/lospoliticosveracruz.com\/?p=140725#breadcrumb"},"inLanguage":"es","potentialAction":[{"@type":"ReadAction","target":["https:\/\/lospoliticosveracruz.com\/?p=140725"]}]},{"@type":"ImageObject","inLanguage":"es","@id":"https:\/\/lospoliticosveracruz.com\/?p=140725#primaryimage","url":"https:\/\/lospoliticosveracruz.com\/wp-content\/uploads\/2024\/03\/Brenda-Caballero.jpg","contentUrl":"https:\/\/lospoliticosveracruz.com\/wp-content\/uploads\/2024\/03\/Brenda-Caballero.jpg","width":1600,"height":853},{"@type":"BreadcrumbList","@id":"https:\/\/lospoliticosveracruz.com\/?p=140725#breadcrumb","itemListElement":[{"@type":"ListItem","position":1,"name":"Portada","item":"https:\/\/lospoliticosveracruz.com\/"},{"@type":"ListItem","position":2,"name":"LA ENTREVISTA CON CUAUHT\u00c9MOC"}]},{"@type":"WebSite","@id":"https:\/\/lospoliticosveracruz.com\/#website","url":"https:\/\/lospoliticosveracruz.com\/","name":"Los pol\u00edticos Veracruz","description":"","publisher":{"@id":"https:\/\/lospoliticosveracruz.com\/#organization"},"potentialAction":[{"@type":"SearchAction","target":{"@type":"EntryPoint","urlTemplate":"https:\/\/lospoliticosveracruz.com\/?s={search_term_string}"},"query-input":{"@type":"PropertyValueSpecification","valueRequired":true,"valueName":"search_term_string"}}],"inLanguage":"es"},{"@type":"Organization","@id":"https:\/\/lospoliticosveracruz.com\/#organization","name":"Los pol\u00edticos Veracruz","url":"https:\/\/lospoliticosveracruz.com\/","logo":{"@type":"ImageObject","inLanguage":"es","@id":"https:\/\/lospoliticosveracruz.com\/#\/schema\/logo\/image\/","url":"https:\/\/lospoliticosveracruz.com\/wp-content\/uploads\/2025\/12\/Logo-Nuevo-LOS-POLITICOS-1.jpg","contentUrl":"https:\/\/lospoliticosveracruz.com\/wp-content\/uploads\/2025\/12\/Logo-Nuevo-LOS-POLITICOS-1.jpg","width":260,"height":70,"caption":"Los pol\u00edticos Veracruz"},"image":{"@id":"https:\/\/lospoliticosveracruz.com\/#\/schema\/logo\/image\/"},"sameAs":["https:\/\/www.facebook.com\/people\/Notimemes-de-los-Polticos\/61565672886568\/","https:\/\/x.com\/LosPoliticosVer"]},{"@type":"Person","@id":"https:\/\/lospoliticosveracruz.com\/#\/schema\/person\/b8702bb0e538456e6efd07080bf2a4a2","name":"Lo viste en Los Pol\u00edticos","image":{"@type":"ImageObject","inLanguage":"es","@id":"https:\/\/secure.gravatar.com\/avatar\/3a8de04a2656d44082be478bd6c086daa447c4651605818287b9532d3d0bd435?s=96&d=mm&r=g","url":"https:\/\/secure.gravatar.com\/avatar\/3a8de04a2656d44082be478bd6c086daa447c4651605818287b9532d3d0bd435?s=96&d=mm&r=g","contentUrl":"https:\/\/secure.gravatar.com\/avatar\/3a8de04a2656d44082be478bd6c086daa447c4651605818287b9532d3d0bd435?s=96&d=mm&r=g","caption":"Lo viste en Los Pol\u00edticos"},"url":"https:\/\/lospoliticosveracruz.com\/?author=2"}]}},"_links":{"self":[{"href":"https:\/\/lospoliticosveracruz.com\/index.php?rest_route=\/wp\/v2\/posts\/140725","targetHints":{"allow":["GET"]}}],"collection":[{"href":"https:\/\/lospoliticosveracruz.com\/index.php?rest_route=\/wp\/v2\/posts"}],"about":[{"href":"https:\/\/lospoliticosveracruz.com\/index.php?rest_route=\/wp\/v2\/types\/post"}],"author":[{"embeddable":true,"href":"https:\/\/lospoliticosveracruz.com\/index.php?rest_route=\/wp\/v2\/users\/2"}],"replies":[{"embeddable":true,"href":"https:\/\/lospoliticosveracruz.com\/index.php?rest_route=%2Fwp%2Fv2%2Fcomments&post=140725"}],"version-history":[{"count":2,"href":"https:\/\/lospoliticosveracruz.com\/index.php?rest_route=\/wp\/v2\/posts\/140725\/revisions"}],"predecessor-version":[{"id":140728,"href":"https:\/\/lospoliticosveracruz.com\/index.php?rest_route=\/wp\/v2\/posts\/140725\/revisions\/140728"}],"wp:featuredmedia":[{"embeddable":true,"href":"https:\/\/lospoliticosveracruz.com\/index.php?rest_route=\/wp\/v2\/media\/119809"}],"wp:attachment":[{"href":"https:\/\/lospoliticosveracruz.com\/index.php?rest_route=%2Fwp%2Fv2%2Fmedia&parent=140725"}],"wp:term":[{"taxonomy":"category","embeddable":true,"href":"https:\/\/lospoliticosveracruz.com\/index.php?rest_route=%2Fwp%2Fv2%2Fcategories&post=140725"},{"taxonomy":"post_tag","embeddable":true,"href":"https:\/\/lospoliticosveracruz.com\/index.php?rest_route=%2Fwp%2Fv2%2Ftags&post=140725"}],"curies":[{"name":"wp","href":"https:\/\/api.w.org\/{rel}","templated":true}]}}