{"id":140745,"date":"2025-03-30T09:14:31","date_gmt":"2025-03-30T15:14:31","guid":{"rendered":"https:\/\/lospoliticosveracruz.com.mx\/?p=140745"},"modified":"2025-03-30T09:14:45","modified_gmt":"2025-03-30T15:14:45","slug":"padilla-y-la-envidia","status":"publish","type":"post","link":"https:\/\/lospoliticosveracruz.com\/?p=140745","title":{"rendered":"PADILLA Y LA ENVIDIA"},"content":{"rendered":"\n<p><strong><a href=\"https:\/\/whatsapp.com\/channel\/0029Va8zRWlEKyZIP3Z1dF0e\">\u2002\u2002<strong>\u00danete a nuestro canal&nbsp;<\/strong>\u2002<\/a><\/strong><\/p>\n\n\n\n<p>\u00a1<strong>LOS POL\u00cdTICOS VERACRUZ<\/strong>&nbsp;ya est\u00e1 en WhatsApp!<\/p>\n\n\n\n<p><strong>El Gordito de Oro<\/strong><\/p>\n\n\n\n<p><em><strong>Juan de Dios S\u00e1nchez Abreu<\/strong><\/em><\/p>\n\n\n\n<p>1 de abril, inicia el portal \u201cagenciainnovadigital\u201d, esperamos sea de su agrado, y con la informaci\u00f3n que generemos internacional, nacional, estatal, regional y municipal en todos los rubros inform\u00e1ticos, podamos estar a su altura.&nbsp;&nbsp;<\/p>\n\n\n\n<p>*Este 1 de abril inicia el proceso electoral (campa\u00f1a) para la elecci\u00f3n del Poder Judicial de la Federaci\u00f3n (ministros, magistrados y jueces de distrito).<\/p>\n\n\n\n<p>Dicen que el \u00e9xito est\u00e1 lleno de envidias y es verdad, cuando ven que t\u00fa vas avanzando exitosamente en el trabajo, vienen las cr\u00edticas y las envidias de la gente, as\u00ed le pasa al empresario veracruzano, Ingeniero Fernando Padilla Farf\u00e1n, quien desde hace muchos a\u00f1os se ha forjado en el esfuerzo y trabajo, en el camino de la vida ha ido conociendo gente con quien ha hecho alianzas de colaboraci\u00f3n, es normal a veces uno no puede solo y hay que buscar aliados, pero quienes no saben de este negocio, se admiran del avance de las personas trabajadoras; me dec\u00eda una amigo, es f\u00e1cil criticar y destruir la imagen de una persona sin conocerla, y m\u00e1s hoy en la redes sociales, pero el Ingeniero Padilla Farf\u00e1n, ha sido una persona bien relacionada dentro de la pol\u00edtica, y quienes saben de este oficio, entienden que es l\u00f3gico que se hagan convenios. Padilla Farf\u00e1n, es criticado fuertemente pero muchos no saben que dentro de sus actividades, tambi\u00e9n ayuda a muchas gente y a beneficencias sociales, pero \u00e9l no los anda diciendo porque lo hace con mucho profesionalismo, discreci\u00f3n y cari\u00f1o. Como dijera \u201cDon Quijote: si los perros ladran, es porque avanzamos Sancho\u201d.<\/p>\n\n\n\n<p>***Quien es una mujer muy trabajadora a favor de la gente de las colonias de Coatzacoalcos, es la arquitecta Liliana Orantes, quien tiene a\u00f1os visitando un sin n\u00famero de colonias y adem\u00e1s llev\u00e1ndoles beneficios, \u00bfsaben cu\u00e1l es lo m\u00e1s importante de la labor de Liliana Orantes? que lo hace durante todo el a\u00f1o haya o no campa\u00f1as pol\u00edticas, ella siempre esta cerca de la gente, por eso es m\u00e1s valioso su trabajo; hoy los partidos pol\u00edticos deben poner sus ojos en la arquitecta Liliana, ya que es una mujer bien querida, y en este momentos como est\u00e1n las cosas en Coatzacoalcos, la arquitecta ser\u00eda un factor importante pol\u00edticamente dentro de un partido pol\u00edtico, pero bueno sabemos que una vez m\u00e1s las palancas internas en los partidos hacen llegar a las candidaturas al mas malo. L\u00e1stima porque la arquitecta Liliana Orantes, es una mujer valiosa. Ojal\u00e1 la volteen a ver. \u00a1Tiempo al tiempo!&nbsp;&nbsp;<\/p>\n\n\n\n<p>***La verdad las diputadas federales veracruzanas de MORENA, VERDE y PRI dan pena ajena al votar a favor de que se desechara el desafuero al diputado Cuauht\u00e9moc Blanco, quien est\u00e1 acusado de violaci\u00f3n en grado de tentativa contra su media hermana, Nidia Fabiola. Las diputadas siempre dicen que todas llegaron juntas y lo que le pase a una le pasa a todas, pero ahora no fue as\u00ed porque en el Congreso Federal, las mas aferradas de defender a Cuauht\u00e9moc Blanco, fueron las diputadas de MORENA, VERDE y PRI. Ahora le pregunto a las diputadas federales: qui\u00e9n les va a creer que entre ellas se defienden; si en verdad Cuauht\u00e9moc Blanco no es culpable de los hechos, que vaya a la fiscal\u00eda de Morelos sin fuero federal y aclare su problema, pero lo hizo con fuero para que no lo detengan, eso pone en duda si Blanco es culpable o no. Ojal\u00e1 las diputadas que lo defendieron ahora que vayan a sus distritos den una explicaci\u00f3n a sus mujeres de por qu\u00e9 defienden a un presunto acusado de tentativa de violaci\u00f3n, y m\u00e1s de su media hermana.&nbsp;&nbsp; &nbsp;<\/p>\n\n\n\n<p>***Finalmente la candidata a la presidencia municipal en la alianza Verde-Morena, en Puente Nacional , va a ser Maritza Itzel Guti\u00e9rrez Le\u00f3n, ex s\u00edndica y una mujer muy trabajadora, quien junto al actual alcalde, Roberto Montiel, han hecho un buen trabajo por el municipio, por lo que creo la gente le va dar el voto de confianza para poder seguir el trabajo realizado hasta el momento. Maritza debe rodearse de gente de experiencia pol\u00edtica y administrativamente como lo es el maestro Fidel Ronz\u00f3n, una persona con mucha experiencia y bien querido en el municipio. El Verde eligi\u00f3 muy bien en Puente Nacional y van derecho al triunfo este 1 de junio \u00a1Enhorabuena!&nbsp;&nbsp;<\/p>\n\n\n\n<p>***Nos leemos la pr\u00f3xima semana. Te invitamos a que nos sigas por todas nuestras plataformas y redes sociales. Noticias y entrevista INNOVA-DIGITAL, L\u00daDICO con \u201cEL GORDITO DE ORO\u201d, la revista virtual INNOVA-DIGITAL, y el portal agenciainnovadigital.<\/p>\n","protected":false},"excerpt":{"rendered":"<p>\u2002\u2002\u00danete a nuestro canal&nbsp;\u2002 \u00a1LOS POL\u00cdTICOS VERACRUZ&nbsp;ya est\u00e1 en WhatsApp! El Gordito de Oro Juan de Dios S\u00e1nchez Abreu 1 de abril, inicia el portal \u201cagenciainnovadigital\u201d, esperamos sea de su agrado, y con la informaci\u00f3n que generemos internacional, nacional, estatal, regional y municipal en todos los rubros inform\u00e1ticos, podamos estar a su altura.&nbsp;&nbsp; *Este 1 [&hellip;]<\/p>\n","protected":false},"author":2,"featured_media":132305,"comment_status":"closed","ping_status":"closed","sticky":false,"template":"","format":"standard","meta":{"tdm_status":"","tdm_grid_status":"","footnotes":""},"categories":[70],"tags":[],"class_list":{"0":"post-140745","1":"post","2":"type-post","3":"status-publish","4":"format-standard","5":"has-post-thumbnail","7":"category-de-opinion"},"yoast_head":"<!-- This site is optimized with the Yoast SEO plugin v27.4 - https:\/\/yoast.com\/product\/yoast-seo-wordpress\/ -->\n<title>PADILLA Y LA ENVIDIA - Los pol\u00edticos Veracruz<\/title>\n<meta name=\"robots\" content=\"index, follow, max-snippet:-1, max-image-preview:large, max-video-preview:-1\" \/>\n<link rel=\"canonical\" href=\"https:\/\/lospoliticosveracruz.com\/?p=140745\" \/>\n<meta property=\"og:locale\" content=\"es_ES\" \/>\n<meta property=\"og:type\" content=\"article\" \/>\n<meta property=\"og:title\" content=\"PADILLA Y LA ENVIDIA - Los pol\u00edticos Veracruz\" \/>\n<meta property=\"og:description\" content=\"\u2002\u2002\u00danete a nuestro canal&nbsp;\u2002 \u00a1LOS POL\u00cdTICOS VERACRUZ&nbsp;ya est\u00e1 en WhatsApp! El Gordito de Oro Juan de Dios S\u00e1nchez Abreu 1 de abril, inicia el portal \u201cagenciainnovadigital\u201d, esperamos sea de su agrado, y con la informaci\u00f3n que generemos internacional, nacional, estatal, regional y municipal en todos los rubros inform\u00e1ticos, podamos estar a su altura.&nbsp;&nbsp; *Este 1 [&hellip;]\" \/>\n<meta property=\"og:url\" content=\"https:\/\/lospoliticosveracruz.com\/?p=140745\" \/>\n<meta property=\"og:site_name\" content=\"Los pol\u00edticos Veracruz\" \/>\n<meta property=\"article:publisher\" content=\"https:\/\/www.facebook.com\/people\/Notimemes-de-los-Polticos\/61565672886568\/\" \/>\n<meta property=\"article:published_time\" content=\"2025-03-30T15:14:31+00:00\" \/>\n<meta property=\"article:modified_time\" content=\"2025-03-30T15:14:45+00:00\" \/>\n<meta property=\"og:image\" content=\"https:\/\/lospoliticosveracruz.com\/wp-content\/uploads\/2024\/11\/Juan-de-Dios-SanchezAbreu.jpg\" \/>\n\t<meta property=\"og:image:width\" content=\"1250\" \/>\n\t<meta property=\"og:image:height\" content=\"667\" \/>\n\t<meta property=\"og:image:type\" content=\"image\/jpeg\" \/>\n<meta name=\"author\" content=\"Lo viste en Los Pol\u00edticos\" \/>\n<meta name=\"twitter:card\" content=\"summary_large_image\" \/>\n<meta name=\"twitter:creator\" content=\"@LosPoliticosVer\" \/>\n<meta name=\"twitter:site\" content=\"@LosPoliticosVer\" \/>\n<meta name=\"twitter:label1\" content=\"Escrito por\" \/>\n\t<meta name=\"twitter:data1\" content=\"Lo viste en Los Pol\u00edticos\" \/>\n\t<meta name=\"twitter:label2\" content=\"Tiempo de lectura\" \/>\n\t<meta name=\"twitter:data2\" content=\"4 minutos\" \/>\n<script type=\"application\/ld+json\" class=\"yoast-schema-graph\">{\"@context\":\"https:\\\/\\\/schema.org\",\"@graph\":[{\"@type\":\"Article\",\"@id\":\"https:\\\/\\\/lospoliticosveracruz.com\\\/?p=140745#article\",\"isPartOf\":{\"@id\":\"https:\\\/\\\/lospoliticosveracruz.com\\\/?p=140745\"},\"author\":{\"name\":\"Lo viste en Los Pol\u00edticos\",\"@id\":\"https:\\\/\\\/lospoliticosveracruz.com\\\/#\\\/schema\\\/person\\\/b8702bb0e538456e6efd07080bf2a4a2\"},\"headline\":\"PADILLA Y LA ENVIDIA\",\"datePublished\":\"2025-03-30T15:14:31+00:00\",\"dateModified\":\"2025-03-30T15:14:45+00:00\",\"mainEntityOfPage\":{\"@id\":\"https:\\\/\\\/lospoliticosveracruz.com\\\/?p=140745\"},\"wordCount\":829,\"publisher\":{\"@id\":\"https:\\\/\\\/lospoliticosveracruz.com\\\/#organization\"},\"image\":{\"@id\":\"https:\\\/\\\/lospoliticosveracruz.com\\\/?p=140745#primaryimage\"},\"thumbnailUrl\":\"https:\\\/\\\/lospoliticosveracruz.com\\\/wp-content\\\/uploads\\\/2024\\\/11\\\/Juan-de-Dios-SanchezAbreu.jpg\",\"articleSection\":[\"De Opini\u00f3n\"],\"inLanguage\":\"es\"},{\"@type\":\"WebPage\",\"@id\":\"https:\\\/\\\/lospoliticosveracruz.com\\\/?p=140745\",\"url\":\"https:\\\/\\\/lospoliticosveracruz.com\\\/?p=140745\",\"name\":\"PADILLA Y LA ENVIDIA - Los pol\u00edticos Veracruz\",\"isPartOf\":{\"@id\":\"https:\\\/\\\/lospoliticosveracruz.com\\\/#website\"},\"primaryImageOfPage\":{\"@id\":\"https:\\\/\\\/lospoliticosveracruz.com\\\/?p=140745#primaryimage\"},\"image\":{\"@id\":\"https:\\\/\\\/lospoliticosveracruz.com\\\/?p=140745#primaryimage\"},\"thumbnailUrl\":\"https:\\\/\\\/lospoliticosveracruz.com\\\/wp-content\\\/uploads\\\/2024\\\/11\\\/Juan-de-Dios-SanchezAbreu.jpg\",\"datePublished\":\"2025-03-30T15:14:31+00:00\",\"dateModified\":\"2025-03-30T15:14:45+00:00\",\"breadcrumb\":{\"@id\":\"https:\\\/\\\/lospoliticosveracruz.com\\\/?p=140745#breadcrumb\"},\"inLanguage\":\"es\",\"potentialAction\":[{\"@type\":\"ReadAction\",\"target\":[\"https:\\\/\\\/lospoliticosveracruz.com\\\/?p=140745\"]}]},{\"@type\":\"ImageObject\",\"inLanguage\":\"es\",\"@id\":\"https:\\\/\\\/lospoliticosveracruz.com\\\/?p=140745#primaryimage\",\"url\":\"https:\\\/\\\/lospoliticosveracruz.com\\\/wp-content\\\/uploads\\\/2024\\\/11\\\/Juan-de-Dios-SanchezAbreu.jpg\",\"contentUrl\":\"https:\\\/\\\/lospoliticosveracruz.com\\\/wp-content\\\/uploads\\\/2024\\\/11\\\/Juan-de-Dios-SanchezAbreu.jpg\",\"width\":1250,\"height\":667},{\"@type\":\"BreadcrumbList\",\"@id\":\"https:\\\/\\\/lospoliticosveracruz.com\\\/?p=140745#breadcrumb\",\"itemListElement\":[{\"@type\":\"ListItem\",\"position\":1,\"name\":\"Portada\",\"item\":\"https:\\\/\\\/lospoliticosveracruz.com\\\/\"},{\"@type\":\"ListItem\",\"position\":2,\"name\":\"PADILLA Y LA ENVIDIA\"}]},{\"@type\":\"WebSite\",\"@id\":\"https:\\\/\\\/lospoliticosveracruz.com\\\/#website\",\"url\":\"https:\\\/\\\/lospoliticosveracruz.com\\\/\",\"name\":\"Los pol\u00edticos Veracruz\",\"description\":\"\",\"publisher\":{\"@id\":\"https:\\\/\\\/lospoliticosveracruz.com\\\/#organization\"},\"potentialAction\":[{\"@type\":\"SearchAction\",\"target\":{\"@type\":\"EntryPoint\",\"urlTemplate\":\"https:\\\/\\\/lospoliticosveracruz.com\\\/?s={search_term_string}\"},\"query-input\":{\"@type\":\"PropertyValueSpecification\",\"valueRequired\":true,\"valueName\":\"search_term_string\"}}],\"inLanguage\":\"es\"},{\"@type\":\"Organization\",\"@id\":\"https:\\\/\\\/lospoliticosveracruz.com\\\/#organization\",\"name\":\"Los pol\u00edticos Veracruz\",\"url\":\"https:\\\/\\\/lospoliticosveracruz.com\\\/\",\"logo\":{\"@type\":\"ImageObject\",\"inLanguage\":\"es\",\"@id\":\"https:\\\/\\\/lospoliticosveracruz.com\\\/#\\\/schema\\\/logo\\\/image\\\/\",\"url\":\"https:\\\/\\\/lospoliticosveracruz.com\\\/wp-content\\\/uploads\\\/2025\\\/12\\\/Logo-Nuevo-LOS-POLITICOS-1.jpg\",\"contentUrl\":\"https:\\\/\\\/lospoliticosveracruz.com\\\/wp-content\\\/uploads\\\/2025\\\/12\\\/Logo-Nuevo-LOS-POLITICOS-1.jpg\",\"width\":260,\"height\":70,\"caption\":\"Los pol\u00edticos Veracruz\"},\"image\":{\"@id\":\"https:\\\/\\\/lospoliticosveracruz.com\\\/#\\\/schema\\\/logo\\\/image\\\/\"},\"sameAs\":[\"https:\\\/\\\/www.facebook.com\\\/people\\\/Notimemes-de-los-Polticos\\\/61565672886568\\\/\",\"https:\\\/\\\/x.com\\\/LosPoliticosVer\"]},{\"@type\":\"Person\",\"@id\":\"https:\\\/\\\/lospoliticosveracruz.com\\\/#\\\/schema\\\/person\\\/b8702bb0e538456e6efd07080bf2a4a2\",\"name\":\"Lo viste en Los Pol\u00edticos\",\"image\":{\"@type\":\"ImageObject\",\"inLanguage\":\"es\",\"@id\":\"https:\\\/\\\/secure.gravatar.com\\\/avatar\\\/3a8de04a2656d44082be478bd6c086daa447c4651605818287b9532d3d0bd435?s=96&d=mm&r=g\",\"url\":\"https:\\\/\\\/secure.gravatar.com\\\/avatar\\\/3a8de04a2656d44082be478bd6c086daa447c4651605818287b9532d3d0bd435?s=96&d=mm&r=g\",\"contentUrl\":\"https:\\\/\\\/secure.gravatar.com\\\/avatar\\\/3a8de04a2656d44082be478bd6c086daa447c4651605818287b9532d3d0bd435?s=96&d=mm&r=g\",\"caption\":\"Lo viste en Los Pol\u00edticos\"},\"url\":\"https:\\\/\\\/lospoliticosveracruz.com\\\/?author=2\"}]}<\/script>\n<!-- \/ Yoast SEO plugin. -->","yoast_head_json":{"title":"PADILLA Y LA ENVIDIA - Los pol\u00edticos Veracruz","robots":{"index":"index","follow":"follow","max-snippet":"max-snippet:-1","max-image-preview":"max-image-preview:large","max-video-preview":"max-video-preview:-1"},"canonical":"https:\/\/lospoliticosveracruz.com\/?p=140745","og_locale":"es_ES","og_type":"article","og_title":"PADILLA Y LA ENVIDIA - Los pol\u00edticos Veracruz","og_description":"\u2002\u2002\u00danete a nuestro canal&nbsp;\u2002 \u00a1LOS POL\u00cdTICOS VERACRUZ&nbsp;ya est\u00e1 en WhatsApp! El Gordito de Oro Juan de Dios S\u00e1nchez Abreu 1 de abril, inicia el portal \u201cagenciainnovadigital\u201d, esperamos sea de su agrado, y con la informaci\u00f3n que generemos internacional, nacional, estatal, regional y municipal en todos los rubros inform\u00e1ticos, podamos estar a su altura.&nbsp;&nbsp; *Este 1 [&hellip;]","og_url":"https:\/\/lospoliticosveracruz.com\/?p=140745","og_site_name":"Los pol\u00edticos Veracruz","article_publisher":"https:\/\/www.facebook.com\/people\/Notimemes-de-los-Polticos\/61565672886568\/","article_published_time":"2025-03-30T15:14:31+00:00","article_modified_time":"2025-03-30T15:14:45+00:00","og_image":[{"width":1250,"height":667,"url":"https:\/\/lospoliticosveracruz.com\/wp-content\/uploads\/2024\/11\/Juan-de-Dios-SanchezAbreu.jpg","type":"image\/jpeg"}],"author":"Lo viste en Los Pol\u00edticos","twitter_card":"summary_large_image","twitter_creator":"@LosPoliticosVer","twitter_site":"@LosPoliticosVer","twitter_misc":{"Escrito por":"Lo viste en Los Pol\u00edticos","Tiempo de lectura":"4 minutos"},"schema":{"@context":"https:\/\/schema.org","@graph":[{"@type":"Article","@id":"https:\/\/lospoliticosveracruz.com\/?p=140745#article","isPartOf":{"@id":"https:\/\/lospoliticosveracruz.com\/?p=140745"},"author":{"name":"Lo viste en Los Pol\u00edticos","@id":"https:\/\/lospoliticosveracruz.com\/#\/schema\/person\/b8702bb0e538456e6efd07080bf2a4a2"},"headline":"PADILLA Y LA ENVIDIA","datePublished":"2025-03-30T15:14:31+00:00","dateModified":"2025-03-30T15:14:45+00:00","mainEntityOfPage":{"@id":"https:\/\/lospoliticosveracruz.com\/?p=140745"},"wordCount":829,"publisher":{"@id":"https:\/\/lospoliticosveracruz.com\/#organization"},"image":{"@id":"https:\/\/lospoliticosveracruz.com\/?p=140745#primaryimage"},"thumbnailUrl":"https:\/\/lospoliticosveracruz.com\/wp-content\/uploads\/2024\/11\/Juan-de-Dios-SanchezAbreu.jpg","articleSection":["De Opini\u00f3n"],"inLanguage":"es"},{"@type":"WebPage","@id":"https:\/\/lospoliticosveracruz.com\/?p=140745","url":"https:\/\/lospoliticosveracruz.com\/?p=140745","name":"PADILLA Y LA ENVIDIA - Los pol\u00edticos Veracruz","isPartOf":{"@id":"https:\/\/lospoliticosveracruz.com\/#website"},"primaryImageOfPage":{"@id":"https:\/\/lospoliticosveracruz.com\/?p=140745#primaryimage"},"image":{"@id":"https:\/\/lospoliticosveracruz.com\/?p=140745#primaryimage"},"thumbnailUrl":"https:\/\/lospoliticosveracruz.com\/wp-content\/uploads\/2024\/11\/Juan-de-Dios-SanchezAbreu.jpg","datePublished":"2025-03-30T15:14:31+00:00","dateModified":"2025-03-30T15:14:45+00:00","breadcrumb":{"@id":"https:\/\/lospoliticosveracruz.com\/?p=140745#breadcrumb"},"inLanguage":"es","potentialAction":[{"@type":"ReadAction","target":["https:\/\/lospoliticosveracruz.com\/?p=140745"]}]},{"@type":"ImageObject","inLanguage":"es","@id":"https:\/\/lospoliticosveracruz.com\/?p=140745#primaryimage","url":"https:\/\/lospoliticosveracruz.com\/wp-content\/uploads\/2024\/11\/Juan-de-Dios-SanchezAbreu.jpg","contentUrl":"https:\/\/lospoliticosveracruz.com\/wp-content\/uploads\/2024\/11\/Juan-de-Dios-SanchezAbreu.jpg","width":1250,"height":667},{"@type":"BreadcrumbList","@id":"https:\/\/lospoliticosveracruz.com\/?p=140745#breadcrumb","itemListElement":[{"@type":"ListItem","position":1,"name":"Portada","item":"https:\/\/lospoliticosveracruz.com\/"},{"@type":"ListItem","position":2,"name":"PADILLA Y LA ENVIDIA"}]},{"@type":"WebSite","@id":"https:\/\/lospoliticosveracruz.com\/#website","url":"https:\/\/lospoliticosveracruz.com\/","name":"Los pol\u00edticos Veracruz","description":"","publisher":{"@id":"https:\/\/lospoliticosveracruz.com\/#organization"},"potentialAction":[{"@type":"SearchAction","target":{"@type":"EntryPoint","urlTemplate":"https:\/\/lospoliticosveracruz.com\/?s={search_term_string}"},"query-input":{"@type":"PropertyValueSpecification","valueRequired":true,"valueName":"search_term_string"}}],"inLanguage":"es"},{"@type":"Organization","@id":"https:\/\/lospoliticosveracruz.com\/#organization","name":"Los pol\u00edticos Veracruz","url":"https:\/\/lospoliticosveracruz.com\/","logo":{"@type":"ImageObject","inLanguage":"es","@id":"https:\/\/lospoliticosveracruz.com\/#\/schema\/logo\/image\/","url":"https:\/\/lospoliticosveracruz.com\/wp-content\/uploads\/2025\/12\/Logo-Nuevo-LOS-POLITICOS-1.jpg","contentUrl":"https:\/\/lospoliticosveracruz.com\/wp-content\/uploads\/2025\/12\/Logo-Nuevo-LOS-POLITICOS-1.jpg","width":260,"height":70,"caption":"Los pol\u00edticos Veracruz"},"image":{"@id":"https:\/\/lospoliticosveracruz.com\/#\/schema\/logo\/image\/"},"sameAs":["https:\/\/www.facebook.com\/people\/Notimemes-de-los-Polticos\/61565672886568\/","https:\/\/x.com\/LosPoliticosVer"]},{"@type":"Person","@id":"https:\/\/lospoliticosveracruz.com\/#\/schema\/person\/b8702bb0e538456e6efd07080bf2a4a2","name":"Lo viste en Los Pol\u00edticos","image":{"@type":"ImageObject","inLanguage":"es","@id":"https:\/\/secure.gravatar.com\/avatar\/3a8de04a2656d44082be478bd6c086daa447c4651605818287b9532d3d0bd435?s=96&d=mm&r=g","url":"https:\/\/secure.gravatar.com\/avatar\/3a8de04a2656d44082be478bd6c086daa447c4651605818287b9532d3d0bd435?s=96&d=mm&r=g","contentUrl":"https:\/\/secure.gravatar.com\/avatar\/3a8de04a2656d44082be478bd6c086daa447c4651605818287b9532d3d0bd435?s=96&d=mm&r=g","caption":"Lo viste en Los Pol\u00edticos"},"url":"https:\/\/lospoliticosveracruz.com\/?author=2"}]}},"_links":{"self":[{"href":"https:\/\/lospoliticosveracruz.com\/index.php?rest_route=\/wp\/v2\/posts\/140745","targetHints":{"allow":["GET"]}}],"collection":[{"href":"https:\/\/lospoliticosveracruz.com\/index.php?rest_route=\/wp\/v2\/posts"}],"about":[{"href":"https:\/\/lospoliticosveracruz.com\/index.php?rest_route=\/wp\/v2\/types\/post"}],"author":[{"embeddable":true,"href":"https:\/\/lospoliticosveracruz.com\/index.php?rest_route=\/wp\/v2\/users\/2"}],"replies":[{"embeddable":true,"href":"https:\/\/lospoliticosveracruz.com\/index.php?rest_route=%2Fwp%2Fv2%2Fcomments&post=140745"}],"version-history":[{"count":1,"href":"https:\/\/lospoliticosveracruz.com\/index.php?rest_route=\/wp\/v2\/posts\/140745\/revisions"}],"predecessor-version":[{"id":140746,"href":"https:\/\/lospoliticosveracruz.com\/index.php?rest_route=\/wp\/v2\/posts\/140745\/revisions\/140746"}],"wp:featuredmedia":[{"embeddable":true,"href":"https:\/\/lospoliticosveracruz.com\/index.php?rest_route=\/wp\/v2\/media\/132305"}],"wp:attachment":[{"href":"https:\/\/lospoliticosveracruz.com\/index.php?rest_route=%2Fwp%2Fv2%2Fmedia&parent=140745"}],"wp:term":[{"taxonomy":"category","embeddable":true,"href":"https:\/\/lospoliticosveracruz.com\/index.php?rest_route=%2Fwp%2Fv2%2Fcategories&post=140745"},{"taxonomy":"post_tag","embeddable":true,"href":"https:\/\/lospoliticosveracruz.com\/index.php?rest_route=%2Fwp%2Fv2%2Ftags&post=140745"}],"curies":[{"name":"wp","href":"https:\/\/api.w.org\/{rel}","templated":true}]}}