{"id":14084,"date":"2014-12-10T20:32:55","date_gmt":"2014-12-11T02:32:55","guid":{"rendered":"http:\/\/www.lospoliticosveracruz.com.mx\/?p=14084"},"modified":"2014-12-10T20:32:55","modified_gmt":"2014-12-11T02:32:55","slug":"gobernador-de-2-anos-quienes-apoyaran","status":"publish","type":"post","link":"https:\/\/lospoliticosveracruz.com\/?p=14084","title":{"rendered":"Gobernador de 2 a\u00f1os: \u00bfqui\u00e9nes apoyar\u00e1n?"},"content":{"rendered":"<p><a href=\"http:\/\/www.lospoliticosveracruz.com.mx\/wp-content\/uploads\/2014\/12\/Eduardo-Andrade.jpg\"><img loading=\"lazy\" decoding=\"async\" class=\"alignnone size-medium wp-image-14087\" src=\"http:\/\/www.lospoliticosveracruz.com.mx\/wp-content\/uploads\/2014\/12\/Eduardo-Andrade-300x155.jpg\" alt=\"Eduardo Andrade\" width=\"300\" height=\"155\" \/><\/a><\/p>\n<p><strong>\u00c1lvaro Belin Andrade<\/strong><\/p>\n<p><em>Hora Libre<\/em><\/p>\n<p>&nbsp;<\/p>\n<p>Con la presentaci\u00f3n este mi\u00e9rcoles al Congreso local de la iniciativa de reforma constitucional en materia electoral, cuyo punto nodal es hacer coincidir en 2018 la elecci\u00f3n presidencial con la de Gobernador del Estado y diputados locales y, por ende, una elecci\u00f3n previa, en 2016, de gobernador y diputados locales para un periodo de solo dos a\u00f1os, las reacciones en contra no se hicieron esperar.<br \/>\nY de qu\u00e9 manera.<br \/>\nSalvo el diputado panista Julen Rementer\u00eda del Puerto, quien consider\u00f3 como positiva la iniciativa que \u00e9l mismo hab\u00eda adelantado (se dice que como favor pagado), la clase pol\u00edtica veracruzana reaccion\u00f3 como resorte, con extremada beligerancia, incluso entre personajes del propio PRI, al considerar el contenido de la propuesta como un claro mensaje de la fidelidad de trascender pol\u00edticamente m\u00e1s all\u00e1 de los 12 a\u00f1os que sumar\u00eda con los gobiernos de Fidel Herrera y Javier Duarte.<br \/>\nAunque la argumentaci\u00f3n oficial para justificar la propuesta es que con ello se busca ahorrar a los veracruzanos tanto agitaci\u00f3n pol\u00edtica como gastos electorales, lo cierto es que est\u00e1 muy lejos de lograrla.<br \/>\nVeamos: adem\u00e1s de los comicios federales de 2015 para renovar la C\u00e1mara de Diputados, Veracruz vivir\u00eda en 2016 comicios para renovar los poderes ejecutivo y legislativo locales de duraci\u00f3n de dos a\u00f1os; en 2017, la elecci\u00f3n de los 212 presidentes municipales, y en 2018, de nueva cuenta, comicios para elegir gobernador y diputados locales, adem\u00e1s de Presidente de la Rep\u00fablica, senadores y diputados federales.<br \/>\nY todo ello entra\u00f1a un excesivo gasto p\u00fablico en elecciones, particularmente en las dos consecutivas para llegar a la gubernatura de seis a\u00f1os en 2018, en un momento en que no solo Veracruz est\u00e1 en recesi\u00f3n sino que ello mismo amenaza al pa\u00eds, con una virtual devaluaci\u00f3n del peso y la dr\u00e1stica ca\u00edda en los precios internacionales del petr\u00f3leo.<br \/>\nCuando el diputado panista Julen Rementer\u00eda lanz\u00f3 el borrego de una propuesta similar (que le vali\u00f3 ser sustituido en el liderazgo de su fracci\u00f3n en el Congreso local), y Cuauht\u00e9moc Pola Estrada, de Movimiento Ciudadano, se\u00f1al\u00f3 su coincidencia y a\u00f1adi\u00f3 el ingrediente de que ese gobernador de dos a\u00f1os fuera designado por el Congreso para evitar comicios, de varios frentes surgieron discordancias y abucheos.<br \/>\nPero en esta ocasi\u00f3n, la cosa va en serio. Est\u00e1 fundada en una iniciativa formal enviada al Congreso por el gobernador Javier Duarte de Ochoa, y fue defendida ayer mismo por uno de los posibles candidatos priistas para ese periodo sui generis, el secretario de Gobierno, Erick Lagos Hern\u00e1ndez.<br \/>\nPor ello, las reacciones de dos de los Yunes (Miguel \u00c1ngel, del PAN, y H\u00e9ctor, del PRI) fueron inmediatas y duras, muy duras, sin que ning\u00fan dirigente priista haya salido en defensa de la propuesta.<\/p>\n<p>\u00bfRebeli\u00f3n en la granja?<\/p>\n<p>Que Miguel \u00c1ngel Yunes Linares, enemigo ac\u00e9rrimo de la fidelidad y quien se prepara para contender por segunda ocasi\u00f3n por la gubernatura, se\u00f1ale que \u201clo que Duarte busca es imponer a un Gobernador de dos a\u00f1os que lo encubra, que borre las huellas de sus il\u00edcitos y retirarse tranquilo y con las bolsas llenas\u201d, puede ser fuerte, aunque predecible.<br \/>\nLo m\u00e1s preocupante para el gobernador Duarte e, incluso, para el presidente Enrique Pe\u00f1a Nieto, quien debi\u00f3 autorizar el contenido de la iniciativa, es la reacci\u00f3n entre los propios miembros del PRI.<br \/>\nEl senador priista H\u00e9ctor Yunes Landa, quien pr\u00e1cticamente coincidi\u00f3 con su primo blanquiazul, consider\u00f3 que con la propuesta se busca convertir la Constituci\u00f3n pol\u00edtica local en un traje a la medida, lo que consider\u00f3 como un retroceso inadmisible y una aventura peligrosa: \u201cLa tentativa de asestar un golpe a la democracia para enmascarar la reelecci\u00f3n de una facci\u00f3n implica anteponer la ambici\u00f3n al progreso de Veracruz\u201d.<br \/>\nAl referirse a la iniciativa de reforma pol\u00edtico-electoral enviada por el Ejecutivo estatal, Yunes Landa dijo que es preocupante y genera indignaci\u00f3n pretender que la ley se ajuste al capricho, y a\u00f1adi\u00f3 que una gubernatura de dos a\u00f1os afectar\u00e1 la econom\u00eda \u2013que ya roza el escenario recesivo\u2013, la seguridad ciudadana y la gobernabilidad. Adem\u00e1s, expres\u00f3 que estar\u00e1 atento a la resoluci\u00f3n del Congreso para evaluar su participaci\u00f3n en la contienda electoral, independientemente de las modalidades que determinen las leyes.<br \/>\nAunque ayer no hab\u00eda mandado una declaraci\u00f3n al respecto, se espera que en breve el senador Jos\u00e9 Francisco Yunes Zorrilla (el otro aspirante a la candidatura del PRI) reaccione casi en los mismos t\u00e9rminos en que se ha pronunciado en los \u00faltimos meses, en que ha declarado su oposici\u00f3n a la elecci\u00f3n de un gobernador de dos a\u00f1os.<br \/>\nPor si las cosas no estuvieran al rojo vivo, se comenta que muchos diputados locales del tricolor estar\u00edan evaluando la posibilidad de brindar un voto negativo a la iniciativa gubernamental, am\u00e9n del voto en contra ya anunciado por el diputado del Partido del Trabajo, Fidel Robles Guadarrama, y de al menos dos de los diez diputados panistas.<br \/>\nEl tiempo tambi\u00e9n podr\u00eda operar a favor o en contra de la propuesta. Si es aprobada en el presente periodo ordinario de sesiones de la Legislatura local, tendr\u00eda que ser ratificada en un segundo periodo, que podr\u00eda ser en junio pr\u00f3ximo y, luego, ser sometida a la consideraci\u00f3n de los ayuntamientos y ser ratificada por al menos 107.<br \/>\nEsto \u00faltimo, por supuesto, es pan comido para un gobierno que ha adquirido fama de actuar como avalancha pol\u00edtica, con apoyo incluso de los partidos en apariencia opositores.<\/p>\n","protected":false},"excerpt":{"rendered":"<p>\u00c1lvaro Belin Andrade Hora Libre &nbsp; Con la presentaci\u00f3n este mi\u00e9rcoles al Congreso local de la iniciativa de reforma constitucional en materia electoral, cuyo punto nodal es hacer coincidir en 2018 la elecci\u00f3n presidencial con la de Gobernador del Estado y diputados locales y, por ende, una elecci\u00f3n previa, en 2016, de gobernador y diputados [&hellip;]<\/p>\n","protected":false},"author":2,"featured_media":0,"comment_status":"open","ping_status":"open","sticky":false,"template":"","format":"standard","meta":{"tdm_status":"","tdm_grid_status":"","footnotes":""},"categories":[70],"tags":[928,1219,260,1130,195],"class_list":{"0":"post-14084","1":"post","2":"type-post","3":"status-publish","4":"format-standard","6":"category-de-opinion","7":"tag-cuauhtemoc-pola-estrada","8":"tag-gubernatura-dos-anos","9":"tag-javier-duarte-de-ochoa","10":"tag-julen-rementeria","11":"tag-veracruz"},"yoast_head":"<!-- This site is optimized with the Yoast SEO plugin v27.4 - https:\/\/yoast.com\/product\/yoast-seo-wordpress\/ -->\n<title>Gobernador de 2 a\u00f1os: \u00bfqui\u00e9nes apoyar\u00e1n? - Los pol\u00edticos Veracruz<\/title>\n<meta name=\"robots\" content=\"index, follow, max-snippet:-1, max-image-preview:large, max-video-preview:-1\" \/>\n<link rel=\"canonical\" href=\"https:\/\/lospoliticosveracruz.com\/?p=14084\" \/>\n<meta property=\"og:locale\" content=\"es_ES\" \/>\n<meta property=\"og:type\" content=\"article\" \/>\n<meta property=\"og:title\" content=\"Gobernador de 2 a\u00f1os: \u00bfqui\u00e9nes apoyar\u00e1n? - Los pol\u00edticos Veracruz\" \/>\n<meta property=\"og:description\" content=\"\u00c1lvaro Belin Andrade Hora Libre &nbsp; Con la presentaci\u00f3n este mi\u00e9rcoles al Congreso local de la iniciativa de reforma constitucional en materia electoral, cuyo punto nodal es hacer coincidir en 2018 la elecci\u00f3n presidencial con la de Gobernador del Estado y diputados locales y, por ende, una elecci\u00f3n previa, en 2016, de gobernador y diputados [&hellip;]\" \/>\n<meta property=\"og:url\" content=\"https:\/\/lospoliticosveracruz.com\/?p=14084\" \/>\n<meta property=\"og:site_name\" content=\"Los pol\u00edticos Veracruz\" \/>\n<meta property=\"article:publisher\" content=\"https:\/\/www.facebook.com\/people\/Notimemes-de-los-Polticos\/61565672886568\/\" \/>\n<meta property=\"article:published_time\" content=\"2014-12-11T02:32:55+00:00\" \/>\n<meta property=\"og:image\" content=\"http:\/\/www.lospoliticosveracruz.com.mx\/wp-content\/uploads\/2014\/12\/Eduardo-Andrade-300x155.jpg\" \/>\n<meta name=\"author\" content=\"Lo viste en Los Pol\u00edticos\" \/>\n<meta name=\"twitter:card\" content=\"summary_large_image\" \/>\n<meta name=\"twitter:creator\" content=\"@LosPoliticosVer\" \/>\n<meta name=\"twitter:site\" content=\"@LosPoliticosVer\" \/>\n<meta name=\"twitter:label1\" content=\"Escrito por\" \/>\n\t<meta name=\"twitter:data1\" content=\"Lo viste en Los Pol\u00edticos\" \/>\n\t<meta name=\"twitter:label2\" content=\"Tiempo de lectura\" \/>\n\t<meta name=\"twitter:data2\" content=\"5 minutos\" \/>\n<script type=\"application\/ld+json\" class=\"yoast-schema-graph\">{\"@context\":\"https:\\\/\\\/schema.org\",\"@graph\":[{\"@type\":\"Article\",\"@id\":\"https:\\\/\\\/lospoliticosveracruz.com\\\/?p=14084#article\",\"isPartOf\":{\"@id\":\"https:\\\/\\\/lospoliticosveracruz.com\\\/?p=14084\"},\"author\":{\"name\":\"Lo viste en Los Pol\u00edticos\",\"@id\":\"https:\\\/\\\/lospoliticosveracruz.com\\\/#\\\/schema\\\/person\\\/b8702bb0e538456e6efd07080bf2a4a2\"},\"headline\":\"Gobernador de 2 a\u00f1os: \u00bfqui\u00e9nes apoyar\u00e1n?\",\"datePublished\":\"2014-12-11T02:32:55+00:00\",\"mainEntityOfPage\":{\"@id\":\"https:\\\/\\\/lospoliticosveracruz.com\\\/?p=14084\"},\"wordCount\":974,\"commentCount\":0,\"publisher\":{\"@id\":\"https:\\\/\\\/lospoliticosveracruz.com\\\/#organization\"},\"image\":{\"@id\":\"https:\\\/\\\/lospoliticosveracruz.com\\\/?p=14084#primaryimage\"},\"thumbnailUrl\":\"http:\\\/\\\/www.lospoliticosveracruz.com.mx\\\/wp-content\\\/uploads\\\/2014\\\/12\\\/Eduardo-Andrade-300x155.jpg\",\"keywords\":[\"Cuauht\u00e9moc Pola Estrada\",\"Gubernatura dos a\u00f1os\",\"Javier Duarte de Ochoa\",\"Julen Rementer\u00eda\",\"Veracruz\"],\"articleSection\":[\"De Opini\u00f3n\"],\"inLanguage\":\"es\",\"potentialAction\":[{\"@type\":\"CommentAction\",\"name\":\"Comment\",\"target\":[\"https:\\\/\\\/lospoliticosveracruz.com\\\/?p=14084#respond\"]}]},{\"@type\":\"WebPage\",\"@id\":\"https:\\\/\\\/lospoliticosveracruz.com\\\/?p=14084\",\"url\":\"https:\\\/\\\/lospoliticosveracruz.com\\\/?p=14084\",\"name\":\"Gobernador de 2 a\u00f1os: \u00bfqui\u00e9nes apoyar\u00e1n? - Los pol\u00edticos Veracruz\",\"isPartOf\":{\"@id\":\"https:\\\/\\\/lospoliticosveracruz.com\\\/#website\"},\"primaryImageOfPage\":{\"@id\":\"https:\\\/\\\/lospoliticosveracruz.com\\\/?p=14084#primaryimage\"},\"image\":{\"@id\":\"https:\\\/\\\/lospoliticosveracruz.com\\\/?p=14084#primaryimage\"},\"thumbnailUrl\":\"http:\\\/\\\/www.lospoliticosveracruz.com.mx\\\/wp-content\\\/uploads\\\/2014\\\/12\\\/Eduardo-Andrade-300x155.jpg\",\"datePublished\":\"2014-12-11T02:32:55+00:00\",\"breadcrumb\":{\"@id\":\"https:\\\/\\\/lospoliticosveracruz.com\\\/?p=14084#breadcrumb\"},\"inLanguage\":\"es\",\"potentialAction\":[{\"@type\":\"ReadAction\",\"target\":[\"https:\\\/\\\/lospoliticosveracruz.com\\\/?p=14084\"]}]},{\"@type\":\"ImageObject\",\"inLanguage\":\"es\",\"@id\":\"https:\\\/\\\/lospoliticosveracruz.com\\\/?p=14084#primaryimage\",\"url\":\"http:\\\/\\\/www.lospoliticosveracruz.com.mx\\\/wp-content\\\/uploads\\\/2014\\\/12\\\/Eduardo-Andrade-300x155.jpg\",\"contentUrl\":\"http:\\\/\\\/www.lospoliticosveracruz.com.mx\\\/wp-content\\\/uploads\\\/2014\\\/12\\\/Eduardo-Andrade-300x155.jpg\"},{\"@type\":\"BreadcrumbList\",\"@id\":\"https:\\\/\\\/lospoliticosveracruz.com\\\/?p=14084#breadcrumb\",\"itemListElement\":[{\"@type\":\"ListItem\",\"position\":1,\"name\":\"Portada\",\"item\":\"https:\\\/\\\/lospoliticosveracruz.com\\\/\"},{\"@type\":\"ListItem\",\"position\":2,\"name\":\"Gobernador de 2 a\u00f1os: \u00bfqui\u00e9nes apoyar\u00e1n?\"}]},{\"@type\":\"WebSite\",\"@id\":\"https:\\\/\\\/lospoliticosveracruz.com\\\/#website\",\"url\":\"https:\\\/\\\/lospoliticosveracruz.com\\\/\",\"name\":\"Los pol\u00edticos Veracruz\",\"description\":\"\",\"publisher\":{\"@id\":\"https:\\\/\\\/lospoliticosveracruz.com\\\/#organization\"},\"potentialAction\":[{\"@type\":\"SearchAction\",\"target\":{\"@type\":\"EntryPoint\",\"urlTemplate\":\"https:\\\/\\\/lospoliticosveracruz.com\\\/?s={search_term_string}\"},\"query-input\":{\"@type\":\"PropertyValueSpecification\",\"valueRequired\":true,\"valueName\":\"search_term_string\"}}],\"inLanguage\":\"es\"},{\"@type\":\"Organization\",\"@id\":\"https:\\\/\\\/lospoliticosveracruz.com\\\/#organization\",\"name\":\"Los pol\u00edticos Veracruz\",\"url\":\"https:\\\/\\\/lospoliticosveracruz.com\\\/\",\"logo\":{\"@type\":\"ImageObject\",\"inLanguage\":\"es\",\"@id\":\"https:\\\/\\\/lospoliticosveracruz.com\\\/#\\\/schema\\\/logo\\\/image\\\/\",\"url\":\"https:\\\/\\\/lospoliticosveracruz.com\\\/wp-content\\\/uploads\\\/2025\\\/12\\\/Logo-Nuevo-LOS-POLITICOS-1.jpg\",\"contentUrl\":\"https:\\\/\\\/lospoliticosveracruz.com\\\/wp-content\\\/uploads\\\/2025\\\/12\\\/Logo-Nuevo-LOS-POLITICOS-1.jpg\",\"width\":260,\"height\":70,\"caption\":\"Los pol\u00edticos Veracruz\"},\"image\":{\"@id\":\"https:\\\/\\\/lospoliticosveracruz.com\\\/#\\\/schema\\\/logo\\\/image\\\/\"},\"sameAs\":[\"https:\\\/\\\/www.facebook.com\\\/people\\\/Notimemes-de-los-Polticos\\\/61565672886568\\\/\",\"https:\\\/\\\/x.com\\\/LosPoliticosVer\"]},{\"@type\":\"Person\",\"@id\":\"https:\\\/\\\/lospoliticosveracruz.com\\\/#\\\/schema\\\/person\\\/b8702bb0e538456e6efd07080bf2a4a2\",\"name\":\"Lo viste en Los Pol\u00edticos\",\"image\":{\"@type\":\"ImageObject\",\"inLanguage\":\"es\",\"@id\":\"https:\\\/\\\/secure.gravatar.com\\\/avatar\\\/3a8de04a2656d44082be478bd6c086daa447c4651605818287b9532d3d0bd435?s=96&d=mm&r=g\",\"url\":\"https:\\\/\\\/secure.gravatar.com\\\/avatar\\\/3a8de04a2656d44082be478bd6c086daa447c4651605818287b9532d3d0bd435?s=96&d=mm&r=g\",\"contentUrl\":\"https:\\\/\\\/secure.gravatar.com\\\/avatar\\\/3a8de04a2656d44082be478bd6c086daa447c4651605818287b9532d3d0bd435?s=96&d=mm&r=g\",\"caption\":\"Lo viste en Los Pol\u00edticos\"},\"url\":\"https:\\\/\\\/lospoliticosveracruz.com\\\/?author=2\"}]}<\/script>\n<!-- \/ Yoast SEO plugin. -->","yoast_head_json":{"title":"Gobernador de 2 a\u00f1os: \u00bfqui\u00e9nes apoyar\u00e1n? - Los pol\u00edticos Veracruz","robots":{"index":"index","follow":"follow","max-snippet":"max-snippet:-1","max-image-preview":"max-image-preview:large","max-video-preview":"max-video-preview:-1"},"canonical":"https:\/\/lospoliticosveracruz.com\/?p=14084","og_locale":"es_ES","og_type":"article","og_title":"Gobernador de 2 a\u00f1os: \u00bfqui\u00e9nes apoyar\u00e1n? - Los pol\u00edticos Veracruz","og_description":"\u00c1lvaro Belin Andrade Hora Libre &nbsp; Con la presentaci\u00f3n este mi\u00e9rcoles al Congreso local de la iniciativa de reforma constitucional en materia electoral, cuyo punto nodal es hacer coincidir en 2018 la elecci\u00f3n presidencial con la de Gobernador del Estado y diputados locales y, por ende, una elecci\u00f3n previa, en 2016, de gobernador y diputados [&hellip;]","og_url":"https:\/\/lospoliticosveracruz.com\/?p=14084","og_site_name":"Los pol\u00edticos Veracruz","article_publisher":"https:\/\/www.facebook.com\/people\/Notimemes-de-los-Polticos\/61565672886568\/","article_published_time":"2014-12-11T02:32:55+00:00","og_image":[{"url":"http:\/\/www.lospoliticosveracruz.com.mx\/wp-content\/uploads\/2014\/12\/Eduardo-Andrade-300x155.jpg","type":"","width":"","height":""}],"author":"Lo viste en Los Pol\u00edticos","twitter_card":"summary_large_image","twitter_creator":"@LosPoliticosVer","twitter_site":"@LosPoliticosVer","twitter_misc":{"Escrito por":"Lo viste en Los Pol\u00edticos","Tiempo de lectura":"5 minutos"},"schema":{"@context":"https:\/\/schema.org","@graph":[{"@type":"Article","@id":"https:\/\/lospoliticosveracruz.com\/?p=14084#article","isPartOf":{"@id":"https:\/\/lospoliticosveracruz.com\/?p=14084"},"author":{"name":"Lo viste en Los Pol\u00edticos","@id":"https:\/\/lospoliticosveracruz.com\/#\/schema\/person\/b8702bb0e538456e6efd07080bf2a4a2"},"headline":"Gobernador de 2 a\u00f1os: \u00bfqui\u00e9nes apoyar\u00e1n?","datePublished":"2014-12-11T02:32:55+00:00","mainEntityOfPage":{"@id":"https:\/\/lospoliticosveracruz.com\/?p=14084"},"wordCount":974,"commentCount":0,"publisher":{"@id":"https:\/\/lospoliticosveracruz.com\/#organization"},"image":{"@id":"https:\/\/lospoliticosveracruz.com\/?p=14084#primaryimage"},"thumbnailUrl":"http:\/\/www.lospoliticosveracruz.com.mx\/wp-content\/uploads\/2014\/12\/Eduardo-Andrade-300x155.jpg","keywords":["Cuauht\u00e9moc Pola Estrada","Gubernatura dos a\u00f1os","Javier Duarte de Ochoa","Julen Rementer\u00eda","Veracruz"],"articleSection":["De Opini\u00f3n"],"inLanguage":"es","potentialAction":[{"@type":"CommentAction","name":"Comment","target":["https:\/\/lospoliticosveracruz.com\/?p=14084#respond"]}]},{"@type":"WebPage","@id":"https:\/\/lospoliticosveracruz.com\/?p=14084","url":"https:\/\/lospoliticosveracruz.com\/?p=14084","name":"Gobernador de 2 a\u00f1os: \u00bfqui\u00e9nes apoyar\u00e1n? - Los pol\u00edticos Veracruz","isPartOf":{"@id":"https:\/\/lospoliticosveracruz.com\/#website"},"primaryImageOfPage":{"@id":"https:\/\/lospoliticosveracruz.com\/?p=14084#primaryimage"},"image":{"@id":"https:\/\/lospoliticosveracruz.com\/?p=14084#primaryimage"},"thumbnailUrl":"http:\/\/www.lospoliticosveracruz.com.mx\/wp-content\/uploads\/2014\/12\/Eduardo-Andrade-300x155.jpg","datePublished":"2014-12-11T02:32:55+00:00","breadcrumb":{"@id":"https:\/\/lospoliticosveracruz.com\/?p=14084#breadcrumb"},"inLanguage":"es","potentialAction":[{"@type":"ReadAction","target":["https:\/\/lospoliticosveracruz.com\/?p=14084"]}]},{"@type":"ImageObject","inLanguage":"es","@id":"https:\/\/lospoliticosveracruz.com\/?p=14084#primaryimage","url":"http:\/\/www.lospoliticosveracruz.com.mx\/wp-content\/uploads\/2014\/12\/Eduardo-Andrade-300x155.jpg","contentUrl":"http:\/\/www.lospoliticosveracruz.com.mx\/wp-content\/uploads\/2014\/12\/Eduardo-Andrade-300x155.jpg"},{"@type":"BreadcrumbList","@id":"https:\/\/lospoliticosveracruz.com\/?p=14084#breadcrumb","itemListElement":[{"@type":"ListItem","position":1,"name":"Portada","item":"https:\/\/lospoliticosveracruz.com\/"},{"@type":"ListItem","position":2,"name":"Gobernador de 2 a\u00f1os: \u00bfqui\u00e9nes apoyar\u00e1n?"}]},{"@type":"WebSite","@id":"https:\/\/lospoliticosveracruz.com\/#website","url":"https:\/\/lospoliticosveracruz.com\/","name":"Los pol\u00edticos Veracruz","description":"","publisher":{"@id":"https:\/\/lospoliticosveracruz.com\/#organization"},"potentialAction":[{"@type":"SearchAction","target":{"@type":"EntryPoint","urlTemplate":"https:\/\/lospoliticosveracruz.com\/?s={search_term_string}"},"query-input":{"@type":"PropertyValueSpecification","valueRequired":true,"valueName":"search_term_string"}}],"inLanguage":"es"},{"@type":"Organization","@id":"https:\/\/lospoliticosveracruz.com\/#organization","name":"Los pol\u00edticos Veracruz","url":"https:\/\/lospoliticosveracruz.com\/","logo":{"@type":"ImageObject","inLanguage":"es","@id":"https:\/\/lospoliticosveracruz.com\/#\/schema\/logo\/image\/","url":"https:\/\/lospoliticosveracruz.com\/wp-content\/uploads\/2025\/12\/Logo-Nuevo-LOS-POLITICOS-1.jpg","contentUrl":"https:\/\/lospoliticosveracruz.com\/wp-content\/uploads\/2025\/12\/Logo-Nuevo-LOS-POLITICOS-1.jpg","width":260,"height":70,"caption":"Los pol\u00edticos Veracruz"},"image":{"@id":"https:\/\/lospoliticosveracruz.com\/#\/schema\/logo\/image\/"},"sameAs":["https:\/\/www.facebook.com\/people\/Notimemes-de-los-Polticos\/61565672886568\/","https:\/\/x.com\/LosPoliticosVer"]},{"@type":"Person","@id":"https:\/\/lospoliticosveracruz.com\/#\/schema\/person\/b8702bb0e538456e6efd07080bf2a4a2","name":"Lo viste en Los Pol\u00edticos","image":{"@type":"ImageObject","inLanguage":"es","@id":"https:\/\/secure.gravatar.com\/avatar\/3a8de04a2656d44082be478bd6c086daa447c4651605818287b9532d3d0bd435?s=96&d=mm&r=g","url":"https:\/\/secure.gravatar.com\/avatar\/3a8de04a2656d44082be478bd6c086daa447c4651605818287b9532d3d0bd435?s=96&d=mm&r=g","contentUrl":"https:\/\/secure.gravatar.com\/avatar\/3a8de04a2656d44082be478bd6c086daa447c4651605818287b9532d3d0bd435?s=96&d=mm&r=g","caption":"Lo viste en Los Pol\u00edticos"},"url":"https:\/\/lospoliticosveracruz.com\/?author=2"}]}},"_links":{"self":[{"href":"https:\/\/lospoliticosveracruz.com\/index.php?rest_route=\/wp\/v2\/posts\/14084","targetHints":{"allow":["GET"]}}],"collection":[{"href":"https:\/\/lospoliticosveracruz.com\/index.php?rest_route=\/wp\/v2\/posts"}],"about":[{"href":"https:\/\/lospoliticosveracruz.com\/index.php?rest_route=\/wp\/v2\/types\/post"}],"author":[{"embeddable":true,"href":"https:\/\/lospoliticosveracruz.com\/index.php?rest_route=\/wp\/v2\/users\/2"}],"replies":[{"embeddable":true,"href":"https:\/\/lospoliticosveracruz.com\/index.php?rest_route=%2Fwp%2Fv2%2Fcomments&post=14084"}],"version-history":[{"count":2,"href":"https:\/\/lospoliticosveracruz.com\/index.php?rest_route=\/wp\/v2\/posts\/14084\/revisions"}],"predecessor-version":[{"id":14088,"href":"https:\/\/lospoliticosveracruz.com\/index.php?rest_route=\/wp\/v2\/posts\/14084\/revisions\/14088"}],"wp:attachment":[{"href":"https:\/\/lospoliticosveracruz.com\/index.php?rest_route=%2Fwp%2Fv2%2Fmedia&parent=14084"}],"wp:term":[{"taxonomy":"category","embeddable":true,"href":"https:\/\/lospoliticosveracruz.com\/index.php?rest_route=%2Fwp%2Fv2%2Fcategories&post=14084"},{"taxonomy":"post_tag","embeddable":true,"href":"https:\/\/lospoliticosveracruz.com\/index.php?rest_route=%2Fwp%2Fv2%2Ftags&post=14084"}],"curies":[{"name":"wp","href":"https:\/\/api.w.org\/{rel}","templated":true}]}}