{"id":140892,"date":"2025-03-31T20:02:33","date_gmt":"2025-04-01T02:02:33","guid":{"rendered":"https:\/\/lospoliticosveracruz.com.mx\/?p=140892"},"modified":"2025-03-31T20:02:52","modified_gmt":"2025-04-01T02:02:52","slug":"recta-final-de-zafra-azucarera-danos-ambientales-en-veracruz","status":"publish","type":"post","link":"https:\/\/lospoliticosveracruz.com\/?p=140892","title":{"rendered":"RECTA FINAL DE ZAFRA AZUCARERA; DA\u00d1OS AMBIENTALES EN VERACRUZ"},"content":{"rendered":"\n<p>[S\u00edguenos ahora tambi\u00e9n en WhatsApp.\u00a0<a href=\"https:\/\/whatsapp.com\/channel\/0029Va8zRWlEKyZIP3Z1dF0e\"><strong><em>Da clic aqu\u00ed<\/em><\/strong><\/a>]\u00a0<br><strong>Jos\u00e9 Luis Enr\u00edquez Ambell<\/strong><\/p>\n\n\n\n<p><em>Caf\u00e9 de Ma\u00f1ana<\/em><\/p>\n\n\n\n<p>El t\u00e9rmino de la&nbsp;zafra&nbsp;en todos los ingenios azucareros, deja sin empleo a los trabajadores temporales y, tambi\u00e9n, da\u00f1os y afectaciones en los caminos que transitan las unidades de carga de la ca\u00f1a que se transporta, as\u00ed como un mayor desgaste por el uso en las f\u00e1bricas con gran antig\u00fcedad en moliendas, y por si fuera poco, \u00ablamentablemente causan&nbsp;severa afectaci\u00f3n al agua, los r\u00edos y afluentes del entorno de la gram\u00ednea\u00bb.<\/p>\n\n\n\n<p>La Secretar\u00eda de Medio Ambiente y Recursos Naturales (Semarnat) ha venido advirtiendo que la industria azucarera en M\u00e9xico, es de las empresas que presenta&nbsp;elevados problemas de contaminaci\u00f3n en el agua, como producto del alto consumo energ\u00e9tico, la descarga de agua con alta temperatura a los r\u00edos y arroyos, y gran contenido de materia org\u00e1nica como es el caso del bagazo de la ca\u00f1a, cachaza y vinazas, elementos todos ellos de alto da\u00f1o para el vital y escaso l\u00edquido.<\/p>\n\n\n\n<p>Los impactos ambientales del cultivo de la ca\u00f1a de az\u00facar, principalmente, se traducen en los&nbsp;efectos en el suelo, r\u00edos y aguas subterr\u00e1neas debido al uso de plaguicidas y tambi\u00e9n la compactaci\u00f3n del suelo, debido al uso intensivo de maquinaria agr\u00edcola; la erosi\u00f3n del suelo, as\u00ed como, emisiones con los m\u00e1s altos contaminantes por la pr\u00e1ctica de la&nbsp;quema previa al corte&nbsp;de la ca\u00f1a antes de llegar a las f\u00e1bricas donde la muelen y transforman en az\u00facar.<\/p>\n\n\n\n<p>La situaci\u00f3n geogr\u00e1fica de privilegio de todo Veracruz \u2013 en comparaci\u00f3n con algunas otras entidades del pa\u00eds que tienen Ingenios Azucareros \u2013 gozando todav\u00eda de una&nbsp;riqueza h\u00eddrica extraordinaria, pero al mismo tiempo y lamentablemente, la totalidad de sus r\u00edos&nbsp;son contaminados&nbsp;por la ca\u00f1a e industria azucarera, y por ello hay poca disponibilidad de agua para uso dom\u00e9stico, sin que solo sea la industria azucarera la culpable de este trastorno social y de salud.<\/p>\n\n\n\n<p>Los 18 r\u00edos que atraviesan la entidad veracruzana, contienen &#8211; en m\u00e1s o menos &#8211; fuentes contaminantes que&nbsp;provienen de la industria; petroqu\u00edmica, textilera, alimentaria, fertilizantes, gases, papelera, curtido de piel, refresquera, c\u00edtrica, lechera, fibra sint\u00e9tica, qu\u00edmica, farmac\u00e9utica, cervecera, beneficios de caf\u00e9 y de \u00abingenios azucareros\u00bb, y aguas negras municipales que a la vez llegan a las aguas del Golfo de M\u00e9xico.<\/p>\n\n\n\n<p>Desde el norte al sur, los r\u00edos P\u00e1nuco y Tuxpan, como el r\u00edo Coatzacoalcos, sin dejar de pasar por el r\u00edo Tecolutla, el Nautla, el Actopan, la Antigua, Jamapa, R\u00edo Blanco, el Papaloapan, todos en m\u00e1s o en menos enfrentan el fen\u00f3meno de&nbsp;tener en sus m\u00e1rgenes a la industria&nbsp;y que diariamente derraman fertilizantes inorg\u00e1nicos, aunado al uso de pesticidas por parte del sector agr\u00edcola y ganadero. Y ante el cierre de la zafra,- entre abril y mayo,- ingenios azucareros y el campo ca\u00f1ero ponen en un riesgo de&nbsp;desaparici\u00f3n a los afluentes.<\/p>\n\n\n\n<p>Es urgente que las dependencias p\u00fablicas y el sector privado logren sentarse a construir en la mesa de trabajo pol\u00edticas p\u00fablicas que&nbsp;eviten el deterioro h\u00eddrico, que afecta en la baja corriente de nuestros r\u00edos.<\/p>\n\n\n\n<p>La SEDARPA, SEDEMA Y PROCURADURIA DEL MEDIO AMBIENTE, SEDECOP, SEV, SPC, CAEV, SEFIPLAN, as\u00ed como, las LEGISLATURAS Local y Federal&nbsp;entre otras entidades p\u00fablicas&nbsp;\u2013 sobre todo Federales \u2013 y junto con los empresarios e industriales&nbsp;se est\u00e1n tardando&nbsp;y quiz\u00e1 tambi\u00e9n con los organismos sociales del entorno a la ca\u00f1a de az\u00facar, habr\u00edan de ser convocados a ese gran di\u00e1logo en busca de atender el grave impacto ambiental en Veracruz, pues incluso viene aumentando el da\u00f1o en recursos pesqueros, por citar uno.<\/p>\n\n\n\n<p>Y es que los da\u00f1os en r\u00edos nacen y est\u00e1n en la&nbsp;deforestaci\u00f3n en las altas monta\u00f1as, y recrudece el panorama, pues deriva en poca infiltraci\u00f3n de agua. \u00abHay r\u00edos que est\u00e1n desapareciendo como el que atraviesa el municipio de Puente Nacional y donde \u00fanicamente queda el cauce\u00bb.&nbsp;No hay manera&nbsp;de revertir esta problem\u00e1tica y recuperar los r\u00edos, a menos que haya m\u00e1s inversi\u00f3n tecnol\u00f3gica, lo cual es muy dif\u00edcil por ahora, y no solo por la desaparici\u00f3n de la financiera rural sino por la falta de pol\u00edticas p\u00fablicas y voluntad de las autoridades.<\/p>\n\n\n\n<p>No obstante, para tener acceso al&nbsp;agua limpia&nbsp;se requiere de una&nbsp;educaci\u00f3n ambiental&nbsp;y generar pol\u00edticas p\u00fablicas de concienciaci\u00f3n entre la poblaci\u00f3n, ya que instancias gubernamentales como la Conagua se han visto superadas, y no ahora, sino desde hace muchos a\u00f1os.<\/p>\n\n\n\n<p>DE SOBREMESA<\/p>\n\n\n\n<p>Los especialistas hablan del cambio clim\u00e1tico, del&nbsp;da\u00f1o irreversible&nbsp;que traen consigo \u00ablas quemas de ca\u00f1ales,\u00bb \u00ablos desag\u00fces de ingenios azucareros sobre todo durante la molienda y la zafra\u00bb, pero hace falta voluntad para instrumentar pol\u00edticas p\u00fablicas.<\/p>\n\n\n\n<p>UN CAF\u00c9 LECHERO LIGTH<\/p>\n\n\n\n<p>Tan solo los ingenios azucareros en la&nbsp;zona centro del estado; \u201cEl Potrero\u00bb y la Central Energ\u00e9tica de Atoyac, afectan y contaminan el r\u00edo Atoyac; el San Miguelito, descarga en el arroyo El Tepachero; San Nicol\u00e1s y el ingenio La Providencia, en el r\u00edo Blanco; San Jos\u00e9 de Abajo descarga en el r\u00edo El Zapote; el Motzorongo y el Constancia, en el r\u00edo Para\u00edso, y as\u00ed pasando por El Carmen y el Progreso, cada uno de estos son los que m\u00e1s contaminan las aguas de r\u00edos y arroyos de regi\u00f3n central durante casi seis meses que estas empresas&nbsp;no cesan de arrojar sus desechos; que va desde vinaza, sosa c\u00e1ustica y toda esa cachaza que sale del agua de los molinos de las factor\u00edas.<\/p>\n\n\n\n<p>UN CAF\u00c9 CON PILONCILLO<\/p>\n\n\n\n<p>Todas las regiones ca\u00f1eras en Veracruz cubren&nbsp;m\u00e1s de noventa territorios municipales, y que abastecen a las 18 f\u00e1bricas de az\u00facar. Se hace urgente que los industriales instalen plantas de tratamiento y ayuden al estado y los ayuntamientos, y sobre todo a la poblaci\u00f3n. Y ahora que la gobernadora Nahle anuncio un programa h\u00eddrico para Veracruz, el sector azucarero y ca\u00f1ero, puede participar.<\/p>\n\n\n\n<p>\u00a1ES CUANTO!<\/p>\n\n\n\n<p>enamjl62@gmail.com; enriquezambell@gmail.com<\/p>\n","protected":false},"excerpt":{"rendered":"<p>[S\u00edguenos ahora tambi\u00e9n en WhatsApp.\u00a0Da clic aqu\u00ed]\u00a0Jos\u00e9 Luis Enr\u00edquez Ambell Caf\u00e9 de Ma\u00f1ana El t\u00e9rmino de la&nbsp;zafra&nbsp;en todos los ingenios azucareros, deja sin empleo a los trabajadores temporales y, tambi\u00e9n, da\u00f1os y afectaciones en los caminos que transitan las unidades de carga de la ca\u00f1a que se transporta, as\u00ed como un mayor desgaste por el [&hellip;]<\/p>\n","protected":false},"author":2,"featured_media":119814,"comment_status":"closed","ping_status":"closed","sticky":false,"template":"","format":"standard","meta":{"tdm_status":"","tdm_grid_status":"","footnotes":""},"categories":[70],"tags":[1037,4908,195],"class_list":{"0":"post-140892","1":"post","2":"type-post","3":"status-publish","4":"format-standard","5":"has-post-thumbnail","7":"category-de-opinion","8":"tag-medio-ambiente","9":"tag-semarnat","10":"tag-veracruz"},"yoast_head":"<!-- This site is optimized with the Yoast SEO plugin v27.4 - https:\/\/yoast.com\/product\/yoast-seo-wordpress\/ -->\n<title>RECTA FINAL DE ZAFRA AZUCARERA; DA\u00d1OS AMBIENTALES EN VERACRUZ - Los pol\u00edticos Veracruz<\/title>\n<meta name=\"robots\" content=\"index, follow, max-snippet:-1, max-image-preview:large, max-video-preview:-1\" \/>\n<link rel=\"canonical\" href=\"https:\/\/lospoliticosveracruz.com\/?p=140892\" \/>\n<meta property=\"og:locale\" content=\"es_ES\" \/>\n<meta property=\"og:type\" content=\"article\" \/>\n<meta property=\"og:title\" content=\"RECTA FINAL DE ZAFRA AZUCARERA; DA\u00d1OS AMBIENTALES EN VERACRUZ - Los pol\u00edticos Veracruz\" \/>\n<meta property=\"og:description\" content=\"[S\u00edguenos ahora tambi\u00e9n en WhatsApp.\u00a0Da clic aqu\u00ed]\u00a0Jos\u00e9 Luis Enr\u00edquez Ambell Caf\u00e9 de Ma\u00f1ana El t\u00e9rmino de la&nbsp;zafra&nbsp;en todos los ingenios azucareros, deja sin empleo a los trabajadores temporales y, tambi\u00e9n, da\u00f1os y afectaciones en los caminos que transitan las unidades de carga de la ca\u00f1a que se transporta, as\u00ed como un mayor desgaste por el [&hellip;]\" \/>\n<meta property=\"og:url\" content=\"https:\/\/lospoliticosveracruz.com\/?p=140892\" \/>\n<meta property=\"og:site_name\" content=\"Los pol\u00edticos Veracruz\" \/>\n<meta property=\"article:publisher\" content=\"https:\/\/www.facebook.com\/people\/Notimemes-de-los-Polticos\/61565672886568\/\" \/>\n<meta property=\"article:published_time\" content=\"2025-04-01T02:02:33+00:00\" \/>\n<meta property=\"article:modified_time\" content=\"2025-04-01T02:02:52+00:00\" \/>\n<meta property=\"og:image\" content=\"https:\/\/lospoliticosveracruz.com\/wp-content\/uploads\/2024\/03\/Ambell.jpg\" \/>\n\t<meta property=\"og:image:width\" content=\"1250\" \/>\n\t<meta property=\"og:image:height\" content=\"667\" \/>\n\t<meta property=\"og:image:type\" content=\"image\/jpeg\" \/>\n<meta name=\"author\" content=\"Lo viste en Los Pol\u00edticos\" \/>\n<meta name=\"twitter:card\" content=\"summary_large_image\" \/>\n<meta name=\"twitter:creator\" content=\"@LosPoliticosVer\" \/>\n<meta name=\"twitter:site\" content=\"@LosPoliticosVer\" \/>\n<meta name=\"twitter:label1\" content=\"Escrito por\" \/>\n\t<meta name=\"twitter:data1\" content=\"Lo viste en Los Pol\u00edticos\" \/>\n\t<meta name=\"twitter:label2\" content=\"Tiempo de lectura\" \/>\n\t<meta name=\"twitter:data2\" content=\"6 minutos\" \/>\n<script type=\"application\/ld+json\" class=\"yoast-schema-graph\">{\"@context\":\"https:\\\/\\\/schema.org\",\"@graph\":[{\"@type\":\"Article\",\"@id\":\"https:\\\/\\\/lospoliticosveracruz.com\\\/?p=140892#article\",\"isPartOf\":{\"@id\":\"https:\\\/\\\/lospoliticosveracruz.com\\\/?p=140892\"},\"author\":{\"name\":\"Lo viste en Los Pol\u00edticos\",\"@id\":\"https:\\\/\\\/lospoliticosveracruz.com\\\/#\\\/schema\\\/person\\\/b8702bb0e538456e6efd07080bf2a4a2\"},\"headline\":\"RECTA FINAL DE ZAFRA AZUCARERA; DA\u00d1OS AMBIENTALES EN VERACRUZ\",\"datePublished\":\"2025-04-01T02:02:33+00:00\",\"dateModified\":\"2025-04-01T02:02:52+00:00\",\"mainEntityOfPage\":{\"@id\":\"https:\\\/\\\/lospoliticosveracruz.com\\\/?p=140892\"},\"wordCount\":1135,\"publisher\":{\"@id\":\"https:\\\/\\\/lospoliticosveracruz.com\\\/#organization\"},\"image\":{\"@id\":\"https:\\\/\\\/lospoliticosveracruz.com\\\/?p=140892#primaryimage\"},\"thumbnailUrl\":\"https:\\\/\\\/lospoliticosveracruz.com\\\/wp-content\\\/uploads\\\/2024\\\/03\\\/Ambell.jpg\",\"keywords\":[\"Medio Ambiente\",\"Semarnat\",\"Veracruz\"],\"articleSection\":[\"De Opini\u00f3n\"],\"inLanguage\":\"es\"},{\"@type\":\"WebPage\",\"@id\":\"https:\\\/\\\/lospoliticosveracruz.com\\\/?p=140892\",\"url\":\"https:\\\/\\\/lospoliticosveracruz.com\\\/?p=140892\",\"name\":\"RECTA FINAL DE ZAFRA AZUCARERA; DA\u00d1OS AMBIENTALES EN VERACRUZ - Los pol\u00edticos Veracruz\",\"isPartOf\":{\"@id\":\"https:\\\/\\\/lospoliticosveracruz.com\\\/#website\"},\"primaryImageOfPage\":{\"@id\":\"https:\\\/\\\/lospoliticosveracruz.com\\\/?p=140892#primaryimage\"},\"image\":{\"@id\":\"https:\\\/\\\/lospoliticosveracruz.com\\\/?p=140892#primaryimage\"},\"thumbnailUrl\":\"https:\\\/\\\/lospoliticosveracruz.com\\\/wp-content\\\/uploads\\\/2024\\\/03\\\/Ambell.jpg\",\"datePublished\":\"2025-04-01T02:02:33+00:00\",\"dateModified\":\"2025-04-01T02:02:52+00:00\",\"breadcrumb\":{\"@id\":\"https:\\\/\\\/lospoliticosveracruz.com\\\/?p=140892#breadcrumb\"},\"inLanguage\":\"es\",\"potentialAction\":[{\"@type\":\"ReadAction\",\"target\":[\"https:\\\/\\\/lospoliticosveracruz.com\\\/?p=140892\"]}]},{\"@type\":\"ImageObject\",\"inLanguage\":\"es\",\"@id\":\"https:\\\/\\\/lospoliticosveracruz.com\\\/?p=140892#primaryimage\",\"url\":\"https:\\\/\\\/lospoliticosveracruz.com\\\/wp-content\\\/uploads\\\/2024\\\/03\\\/Ambell.jpg\",\"contentUrl\":\"https:\\\/\\\/lospoliticosveracruz.com\\\/wp-content\\\/uploads\\\/2024\\\/03\\\/Ambell.jpg\",\"width\":1250,\"height\":667},{\"@type\":\"BreadcrumbList\",\"@id\":\"https:\\\/\\\/lospoliticosveracruz.com\\\/?p=140892#breadcrumb\",\"itemListElement\":[{\"@type\":\"ListItem\",\"position\":1,\"name\":\"Portada\",\"item\":\"https:\\\/\\\/lospoliticosveracruz.com\\\/\"},{\"@type\":\"ListItem\",\"position\":2,\"name\":\"RECTA FINAL DE ZAFRA AZUCARERA; DA\u00d1OS AMBIENTALES EN VERACRUZ\"}]},{\"@type\":\"WebSite\",\"@id\":\"https:\\\/\\\/lospoliticosveracruz.com\\\/#website\",\"url\":\"https:\\\/\\\/lospoliticosveracruz.com\\\/\",\"name\":\"Los pol\u00edticos Veracruz\",\"description\":\"\",\"publisher\":{\"@id\":\"https:\\\/\\\/lospoliticosveracruz.com\\\/#organization\"},\"potentialAction\":[{\"@type\":\"SearchAction\",\"target\":{\"@type\":\"EntryPoint\",\"urlTemplate\":\"https:\\\/\\\/lospoliticosveracruz.com\\\/?s={search_term_string}\"},\"query-input\":{\"@type\":\"PropertyValueSpecification\",\"valueRequired\":true,\"valueName\":\"search_term_string\"}}],\"inLanguage\":\"es\"},{\"@type\":\"Organization\",\"@id\":\"https:\\\/\\\/lospoliticosveracruz.com\\\/#organization\",\"name\":\"Los pol\u00edticos Veracruz\",\"url\":\"https:\\\/\\\/lospoliticosveracruz.com\\\/\",\"logo\":{\"@type\":\"ImageObject\",\"inLanguage\":\"es\",\"@id\":\"https:\\\/\\\/lospoliticosveracruz.com\\\/#\\\/schema\\\/logo\\\/image\\\/\",\"url\":\"https:\\\/\\\/lospoliticosveracruz.com\\\/wp-content\\\/uploads\\\/2025\\\/12\\\/Logo-Nuevo-LOS-POLITICOS-1.jpg\",\"contentUrl\":\"https:\\\/\\\/lospoliticosveracruz.com\\\/wp-content\\\/uploads\\\/2025\\\/12\\\/Logo-Nuevo-LOS-POLITICOS-1.jpg\",\"width\":260,\"height\":70,\"caption\":\"Los pol\u00edticos Veracruz\"},\"image\":{\"@id\":\"https:\\\/\\\/lospoliticosveracruz.com\\\/#\\\/schema\\\/logo\\\/image\\\/\"},\"sameAs\":[\"https:\\\/\\\/www.facebook.com\\\/people\\\/Notimemes-de-los-Polticos\\\/61565672886568\\\/\",\"https:\\\/\\\/x.com\\\/LosPoliticosVer\"]},{\"@type\":\"Person\",\"@id\":\"https:\\\/\\\/lospoliticosveracruz.com\\\/#\\\/schema\\\/person\\\/b8702bb0e538456e6efd07080bf2a4a2\",\"name\":\"Lo viste en Los Pol\u00edticos\",\"image\":{\"@type\":\"ImageObject\",\"inLanguage\":\"es\",\"@id\":\"https:\\\/\\\/secure.gravatar.com\\\/avatar\\\/3a8de04a2656d44082be478bd6c086daa447c4651605818287b9532d3d0bd435?s=96&d=mm&r=g\",\"url\":\"https:\\\/\\\/secure.gravatar.com\\\/avatar\\\/3a8de04a2656d44082be478bd6c086daa447c4651605818287b9532d3d0bd435?s=96&d=mm&r=g\",\"contentUrl\":\"https:\\\/\\\/secure.gravatar.com\\\/avatar\\\/3a8de04a2656d44082be478bd6c086daa447c4651605818287b9532d3d0bd435?s=96&d=mm&r=g\",\"caption\":\"Lo viste en Los Pol\u00edticos\"},\"url\":\"https:\\\/\\\/lospoliticosveracruz.com\\\/?author=2\"}]}<\/script>\n<!-- \/ Yoast SEO plugin. -->","yoast_head_json":{"title":"RECTA FINAL DE ZAFRA AZUCARERA; DA\u00d1OS AMBIENTALES EN VERACRUZ - Los pol\u00edticos Veracruz","robots":{"index":"index","follow":"follow","max-snippet":"max-snippet:-1","max-image-preview":"max-image-preview:large","max-video-preview":"max-video-preview:-1"},"canonical":"https:\/\/lospoliticosveracruz.com\/?p=140892","og_locale":"es_ES","og_type":"article","og_title":"RECTA FINAL DE ZAFRA AZUCARERA; DA\u00d1OS AMBIENTALES EN VERACRUZ - Los pol\u00edticos Veracruz","og_description":"[S\u00edguenos ahora tambi\u00e9n en WhatsApp.\u00a0Da clic aqu\u00ed]\u00a0Jos\u00e9 Luis Enr\u00edquez Ambell Caf\u00e9 de Ma\u00f1ana El t\u00e9rmino de la&nbsp;zafra&nbsp;en todos los ingenios azucareros, deja sin empleo a los trabajadores temporales y, tambi\u00e9n, da\u00f1os y afectaciones en los caminos que transitan las unidades de carga de la ca\u00f1a que se transporta, as\u00ed como un mayor desgaste por el [&hellip;]","og_url":"https:\/\/lospoliticosveracruz.com\/?p=140892","og_site_name":"Los pol\u00edticos Veracruz","article_publisher":"https:\/\/www.facebook.com\/people\/Notimemes-de-los-Polticos\/61565672886568\/","article_published_time":"2025-04-01T02:02:33+00:00","article_modified_time":"2025-04-01T02:02:52+00:00","og_image":[{"width":1250,"height":667,"url":"https:\/\/lospoliticosveracruz.com\/wp-content\/uploads\/2024\/03\/Ambell.jpg","type":"image\/jpeg"}],"author":"Lo viste en Los Pol\u00edticos","twitter_card":"summary_large_image","twitter_creator":"@LosPoliticosVer","twitter_site":"@LosPoliticosVer","twitter_misc":{"Escrito por":"Lo viste en Los Pol\u00edticos","Tiempo de lectura":"6 minutos"},"schema":{"@context":"https:\/\/schema.org","@graph":[{"@type":"Article","@id":"https:\/\/lospoliticosveracruz.com\/?p=140892#article","isPartOf":{"@id":"https:\/\/lospoliticosveracruz.com\/?p=140892"},"author":{"name":"Lo viste en Los Pol\u00edticos","@id":"https:\/\/lospoliticosveracruz.com\/#\/schema\/person\/b8702bb0e538456e6efd07080bf2a4a2"},"headline":"RECTA FINAL DE ZAFRA AZUCARERA; DA\u00d1OS AMBIENTALES EN VERACRUZ","datePublished":"2025-04-01T02:02:33+00:00","dateModified":"2025-04-01T02:02:52+00:00","mainEntityOfPage":{"@id":"https:\/\/lospoliticosveracruz.com\/?p=140892"},"wordCount":1135,"publisher":{"@id":"https:\/\/lospoliticosveracruz.com\/#organization"},"image":{"@id":"https:\/\/lospoliticosveracruz.com\/?p=140892#primaryimage"},"thumbnailUrl":"https:\/\/lospoliticosveracruz.com\/wp-content\/uploads\/2024\/03\/Ambell.jpg","keywords":["Medio Ambiente","Semarnat","Veracruz"],"articleSection":["De Opini\u00f3n"],"inLanguage":"es"},{"@type":"WebPage","@id":"https:\/\/lospoliticosveracruz.com\/?p=140892","url":"https:\/\/lospoliticosveracruz.com\/?p=140892","name":"RECTA FINAL DE ZAFRA AZUCARERA; DA\u00d1OS AMBIENTALES EN VERACRUZ - Los pol\u00edticos Veracruz","isPartOf":{"@id":"https:\/\/lospoliticosveracruz.com\/#website"},"primaryImageOfPage":{"@id":"https:\/\/lospoliticosveracruz.com\/?p=140892#primaryimage"},"image":{"@id":"https:\/\/lospoliticosveracruz.com\/?p=140892#primaryimage"},"thumbnailUrl":"https:\/\/lospoliticosveracruz.com\/wp-content\/uploads\/2024\/03\/Ambell.jpg","datePublished":"2025-04-01T02:02:33+00:00","dateModified":"2025-04-01T02:02:52+00:00","breadcrumb":{"@id":"https:\/\/lospoliticosveracruz.com\/?p=140892#breadcrumb"},"inLanguage":"es","potentialAction":[{"@type":"ReadAction","target":["https:\/\/lospoliticosveracruz.com\/?p=140892"]}]},{"@type":"ImageObject","inLanguage":"es","@id":"https:\/\/lospoliticosveracruz.com\/?p=140892#primaryimage","url":"https:\/\/lospoliticosveracruz.com\/wp-content\/uploads\/2024\/03\/Ambell.jpg","contentUrl":"https:\/\/lospoliticosveracruz.com\/wp-content\/uploads\/2024\/03\/Ambell.jpg","width":1250,"height":667},{"@type":"BreadcrumbList","@id":"https:\/\/lospoliticosveracruz.com\/?p=140892#breadcrumb","itemListElement":[{"@type":"ListItem","position":1,"name":"Portada","item":"https:\/\/lospoliticosveracruz.com\/"},{"@type":"ListItem","position":2,"name":"RECTA FINAL DE ZAFRA AZUCARERA; DA\u00d1OS AMBIENTALES EN VERACRUZ"}]},{"@type":"WebSite","@id":"https:\/\/lospoliticosveracruz.com\/#website","url":"https:\/\/lospoliticosveracruz.com\/","name":"Los pol\u00edticos Veracruz","description":"","publisher":{"@id":"https:\/\/lospoliticosveracruz.com\/#organization"},"potentialAction":[{"@type":"SearchAction","target":{"@type":"EntryPoint","urlTemplate":"https:\/\/lospoliticosveracruz.com\/?s={search_term_string}"},"query-input":{"@type":"PropertyValueSpecification","valueRequired":true,"valueName":"search_term_string"}}],"inLanguage":"es"},{"@type":"Organization","@id":"https:\/\/lospoliticosveracruz.com\/#organization","name":"Los pol\u00edticos Veracruz","url":"https:\/\/lospoliticosveracruz.com\/","logo":{"@type":"ImageObject","inLanguage":"es","@id":"https:\/\/lospoliticosveracruz.com\/#\/schema\/logo\/image\/","url":"https:\/\/lospoliticosveracruz.com\/wp-content\/uploads\/2025\/12\/Logo-Nuevo-LOS-POLITICOS-1.jpg","contentUrl":"https:\/\/lospoliticosveracruz.com\/wp-content\/uploads\/2025\/12\/Logo-Nuevo-LOS-POLITICOS-1.jpg","width":260,"height":70,"caption":"Los pol\u00edticos Veracruz"},"image":{"@id":"https:\/\/lospoliticosveracruz.com\/#\/schema\/logo\/image\/"},"sameAs":["https:\/\/www.facebook.com\/people\/Notimemes-de-los-Polticos\/61565672886568\/","https:\/\/x.com\/LosPoliticosVer"]},{"@type":"Person","@id":"https:\/\/lospoliticosveracruz.com\/#\/schema\/person\/b8702bb0e538456e6efd07080bf2a4a2","name":"Lo viste en Los Pol\u00edticos","image":{"@type":"ImageObject","inLanguage":"es","@id":"https:\/\/secure.gravatar.com\/avatar\/3a8de04a2656d44082be478bd6c086daa447c4651605818287b9532d3d0bd435?s=96&d=mm&r=g","url":"https:\/\/secure.gravatar.com\/avatar\/3a8de04a2656d44082be478bd6c086daa447c4651605818287b9532d3d0bd435?s=96&d=mm&r=g","contentUrl":"https:\/\/secure.gravatar.com\/avatar\/3a8de04a2656d44082be478bd6c086daa447c4651605818287b9532d3d0bd435?s=96&d=mm&r=g","caption":"Lo viste en Los Pol\u00edticos"},"url":"https:\/\/lospoliticosveracruz.com\/?author=2"}]}},"_links":{"self":[{"href":"https:\/\/lospoliticosveracruz.com\/index.php?rest_route=\/wp\/v2\/posts\/140892","targetHints":{"allow":["GET"]}}],"collection":[{"href":"https:\/\/lospoliticosveracruz.com\/index.php?rest_route=\/wp\/v2\/posts"}],"about":[{"href":"https:\/\/lospoliticosveracruz.com\/index.php?rest_route=\/wp\/v2\/types\/post"}],"author":[{"embeddable":true,"href":"https:\/\/lospoliticosveracruz.com\/index.php?rest_route=\/wp\/v2\/users\/2"}],"replies":[{"embeddable":true,"href":"https:\/\/lospoliticosveracruz.com\/index.php?rest_route=%2Fwp%2Fv2%2Fcomments&post=140892"}],"version-history":[{"count":1,"href":"https:\/\/lospoliticosveracruz.com\/index.php?rest_route=\/wp\/v2\/posts\/140892\/revisions"}],"predecessor-version":[{"id":140893,"href":"https:\/\/lospoliticosveracruz.com\/index.php?rest_route=\/wp\/v2\/posts\/140892\/revisions\/140893"}],"wp:featuredmedia":[{"embeddable":true,"href":"https:\/\/lospoliticosveracruz.com\/index.php?rest_route=\/wp\/v2\/media\/119814"}],"wp:attachment":[{"href":"https:\/\/lospoliticosveracruz.com\/index.php?rest_route=%2Fwp%2Fv2%2Fmedia&parent=140892"}],"wp:term":[{"taxonomy":"category","embeddable":true,"href":"https:\/\/lospoliticosveracruz.com\/index.php?rest_route=%2Fwp%2Fv2%2Fcategories&post=140892"},{"taxonomy":"post_tag","embeddable":true,"href":"https:\/\/lospoliticosveracruz.com\/index.php?rest_route=%2Fwp%2Fv2%2Ftags&post=140892"}],"curies":[{"name":"wp","href":"https:\/\/api.w.org\/{rel}","templated":true}]}}