{"id":140904,"date":"2025-03-31T21:04:53","date_gmt":"2025-04-01T03:04:53","guid":{"rendered":"https:\/\/lospoliticosveracruz.com.mx\/?p=140904"},"modified":"2025-03-31T21:05:29","modified_gmt":"2025-04-01T03:05:29","slug":"agenda-verde-con-nahle","status":"publish","type":"post","link":"https:\/\/lospoliticosveracruz.com\/?p=140904","title":{"rendered":"AGENDA VERDE CON NAHLE!"},"content":{"rendered":"\n<p><\/p>\n\n\n\n<p>Este d\u00eda, el Grupo Legislativo del Partido Verde Ecologista de M\u00e9xico del Congreso del Estado de Veracruz sostuvo una importante reuni\u00f3n con la Gobernadora del Estado, Roc\u00edo Nahle Garc\u00eda, en la que se abordaron temas fundamentales para la agenda legislativa 2025, que marcar\u00e1 el segundo periodo de sesiones ordinarias del primer a\u00f1o de ejercicio constitucional, a partir del 1 de abril.<\/p>\n\n\n\n<p>En este encuentro de gran relevancia, se dialog\u00f3 sobre los cinco ejes tem\u00e1ticos que guiar\u00e1n nuestro trabajo legislativo en beneficio de las y los veracruzanos:<\/p>\n\n\n\n<ul class=\"wp-block-list\">\n<li>Cuidado y bienestar animal<\/li>\n\n\n\n<li>Medio ambiente y cambio clim\u00e1tico<\/li>\n\n\n\n<li>Desarrollo social y derechos humanos<\/li>\n\n\n\n<li>Gobernanza y sustentabilidad<\/li>\n\n\n\n<li>Agenda 2030<\/li>\n<\/ul>\n\n\n\n<p>El Partido Verde sigue firme en sus ideales y compromiso con el bienestar animal, impulsando una agenda en sinton\u00eda con la visi\u00f3n de nuestra Presidenta Claudia Sheinbaum Pardo y respaldada por activistas que defienden los derechos de los animales en Veracruz. En este sentido, se contempla una iniciativa para garantizar el bienestar animal en granjas bajo el enfoque de \u201cUna Sola Salud\u201d, as\u00ed como la regulaci\u00f3n de santuarios y zool\u00f3gicos.<\/p>\n\n\n\n<p>En materia ambiental, trabajamos en reformas clave al C\u00f3digo Civil del Estado de Veracruz y a la Ley de Desarrollo Forestal Sustentable, con propuestas como:<br>\u2022 Siembra de un \u00e1rbol por cada reci\u00e9n nacido en Veracruz.<br>\u2022 Regulaci\u00f3n del manejo de residuos s\u00f3lidos urbanos.<br>\u2022 Reforma del C\u00f3digo Penal para que los delitos ambientales sean considerados graves.<\/p>\n\n\n\n<p>Desde el eje de desarrollo social y derechos humanos, buscamos garantizar el desarrollo equitativo de los pueblos y comunidades ind\u00edgenas, reconocer y fomentar el uso de la medicina ancestral, generar empleos dignos para personas con discapacidad y promover la igualdad y el respeto a la identidad de g\u00e9nero.<\/p>\n\n\n\n<p>Asimismo, impulsaremos pol\u00edticas p\u00fablicas para la simplificaci\u00f3n administrativa y digitalizaci\u00f3n en Veracruz, con el fin de reducir la burocracia y contribuir al cuidado del medio ambiente.<\/p>\n\n\n\n<p>Finalmente, desde el Poder Legislativo, daremos puntual seguimiento al cumplimiento de los objetivos de desarrollo sostenible de la Agenda 2030, asegurando su integraci\u00f3n en todas las iniciativas y dict\u00e1menes que se presenten ante el Pleno y en las Comisiones.<\/p>\n\n\n\n<p>Sin duda, esta reuni\u00f3n con la Gobernadora Roc\u00edo Nahle Garc\u00eda marca un paso firme hacia un Veracruz m\u00e1s sostenible, equitativo y con justicia ambiental. Desde el Grupo Legislativo del Partido Verde Ecologista, reiteramos nuestro compromiso de hacer pol\u00edtica con el coraz\u00f3n, trabajando en unidad para que esta ambiciosa agenda se haga realidad.<\/p>\n\n\n\n<p>Este gran esfuerzo es impulsado por nuestro Coordinador de bancada, Carlos Marcelo Ruiz S\u00e1nchez, as\u00ed como por nuestra compa\u00f1era Tania Mar\u00eda Cruz Mej\u00eda, Vicepresidenta de la Mesa Directiva, y los diputados Estefan\u00eda Bastida Cuevas y Urbano Bautista Mart\u00ednez.<\/p>\n\n\n\n<p>Adem\u00e1s, nos enorgullece dar la bienvenida a Roxana Barrag\u00e1n y Nallely Camarillo, quienes se integran a nuestro grupo legislativo para fortalecer este proyecto en favor de Veracruz.<\/p>\n\n\n\n<p>\u00a1Sigamos construyendo un mejor futuro para todas y todos!<\/p>\n","protected":false},"excerpt":{"rendered":"<p>Este d\u00eda, el Grupo Legislativo del Partido Verde Ecologista de M\u00e9xico del Congreso del Estado de Veracruz sostuvo una importante reuni\u00f3n con la Gobernadora del Estado, Roc\u00edo Nahle Garc\u00eda, en la que se abordaron temas fundamentales para la agenda legislativa 2025, que marcar\u00e1 el segundo periodo de sesiones ordinarias del primer a\u00f1o de ejercicio constitucional, [&hellip;]<\/p>\n","protected":false},"author":2,"featured_media":140905,"comment_status":"closed","ping_status":"closed","sticky":false,"template":"","format":"standard","meta":{"tdm_status":"","tdm_grid_status":"","footnotes":""},"categories":[73],"tags":[17123,264,3578,31123,195],"class_list":{"0":"post-140904","1":"post","2":"type-post","3":"status-publish","4":"format-standard","5":"has-post-thumbnail","7":"category-de-boleto","8":"tag-carlos-marcelo-ruiz-sanchez","9":"tag-pvem","10":"tag-rocio-nahle","11":"tag-tania-maria-cruz-mejia","12":"tag-veracruz"},"yoast_head":"<!-- This site is optimized with the Yoast SEO plugin v27.4 - https:\/\/yoast.com\/product\/yoast-seo-wordpress\/ -->\n<title>AGENDA VERDE CON NAHLE! - Los pol\u00edticos Veracruz<\/title>\n<meta name=\"robots\" content=\"index, follow, max-snippet:-1, max-image-preview:large, max-video-preview:-1\" \/>\n<link rel=\"canonical\" href=\"https:\/\/lospoliticosveracruz.com\/?p=140904\" \/>\n<meta property=\"og:locale\" content=\"es_ES\" \/>\n<meta property=\"og:type\" content=\"article\" \/>\n<meta property=\"og:title\" content=\"AGENDA VERDE CON NAHLE! - Los pol\u00edticos Veracruz\" \/>\n<meta property=\"og:description\" content=\"Este d\u00eda, el Grupo Legislativo del Partido Verde Ecologista de M\u00e9xico del Congreso del Estado de Veracruz sostuvo una importante reuni\u00f3n con la Gobernadora del Estado, Roc\u00edo Nahle Garc\u00eda, en la que se abordaron temas fundamentales para la agenda legislativa 2025, que marcar\u00e1 el segundo periodo de sesiones ordinarias del primer a\u00f1o de ejercicio constitucional, [&hellip;]\" \/>\n<meta property=\"og:url\" content=\"https:\/\/lospoliticosveracruz.com\/?p=140904\" \/>\n<meta property=\"og:site_name\" content=\"Los pol\u00edticos Veracruz\" \/>\n<meta property=\"article:publisher\" content=\"https:\/\/www.facebook.com\/people\/Notimemes-de-los-Polticos\/61565672886568\/\" \/>\n<meta property=\"article:published_time\" content=\"2025-04-01T03:04:53+00:00\" \/>\n<meta property=\"article:modified_time\" content=\"2025-04-01T03:05:29+00:00\" \/>\n<meta property=\"og:image\" content=\"https:\/\/lospoliticosveracruz.com\/wp-content\/uploads\/2025\/03\/41864290-78a2-48ba-a10d-578a44ac91d0.jpeg\" \/>\n\t<meta property=\"og:image:width\" content=\"1600\" \/>\n\t<meta property=\"og:image:height\" content=\"847\" \/>\n\t<meta property=\"og:image:type\" content=\"image\/jpeg\" \/>\n<meta name=\"author\" content=\"Lo viste en Los Pol\u00edticos\" \/>\n<meta name=\"twitter:card\" content=\"summary_large_image\" \/>\n<meta name=\"twitter:creator\" content=\"@LosPoliticosVer\" \/>\n<meta name=\"twitter:site\" content=\"@LosPoliticosVer\" \/>\n<meta name=\"twitter:label1\" content=\"Escrito por\" \/>\n\t<meta name=\"twitter:data1\" content=\"Lo viste en Los Pol\u00edticos\" \/>\n\t<meta name=\"twitter:label2\" content=\"Tiempo de lectura\" \/>\n\t<meta name=\"twitter:data2\" content=\"3 minutos\" \/>\n<script type=\"application\/ld+json\" class=\"yoast-schema-graph\">{\"@context\":\"https:\\\/\\\/schema.org\",\"@graph\":[{\"@type\":\"Article\",\"@id\":\"https:\\\/\\\/lospoliticosveracruz.com\\\/?p=140904#article\",\"isPartOf\":{\"@id\":\"https:\\\/\\\/lospoliticosveracruz.com\\\/?p=140904\"},\"author\":{\"name\":\"Lo viste en Los Pol\u00edticos\",\"@id\":\"https:\\\/\\\/lospoliticosveracruz.com\\\/#\\\/schema\\\/person\\\/b8702bb0e538456e6efd07080bf2a4a2\"},\"headline\":\"AGENDA VERDE CON NAHLE!\",\"datePublished\":\"2025-04-01T03:04:53+00:00\",\"dateModified\":\"2025-04-01T03:05:29+00:00\",\"mainEntityOfPage\":{\"@id\":\"https:\\\/\\\/lospoliticosveracruz.com\\\/?p=140904\"},\"wordCount\":508,\"publisher\":{\"@id\":\"https:\\\/\\\/lospoliticosveracruz.com\\\/#organization\"},\"image\":{\"@id\":\"https:\\\/\\\/lospoliticosveracruz.com\\\/?p=140904#primaryimage\"},\"thumbnailUrl\":\"https:\\\/\\\/lospoliticosveracruz.com\\\/wp-content\\\/uploads\\\/2025\\\/03\\\/41864290-78a2-48ba-a10d-578a44ac91d0.jpeg\",\"keywords\":[\"Carlos Marcelo Ruiz S\u00e1nchez\",\"PVEM\",\"Roc\u00edo Nahle\",\"Tania Mar\u00eda Cruz Mej\u00eda\",\"Veracruz\"],\"articleSection\":[\"De Boleto\"],\"inLanguage\":\"es\"},{\"@type\":\"WebPage\",\"@id\":\"https:\\\/\\\/lospoliticosveracruz.com\\\/?p=140904\",\"url\":\"https:\\\/\\\/lospoliticosveracruz.com\\\/?p=140904\",\"name\":\"AGENDA VERDE CON NAHLE! - Los pol\u00edticos Veracruz\",\"isPartOf\":{\"@id\":\"https:\\\/\\\/lospoliticosveracruz.com\\\/#website\"},\"primaryImageOfPage\":{\"@id\":\"https:\\\/\\\/lospoliticosveracruz.com\\\/?p=140904#primaryimage\"},\"image\":{\"@id\":\"https:\\\/\\\/lospoliticosveracruz.com\\\/?p=140904#primaryimage\"},\"thumbnailUrl\":\"https:\\\/\\\/lospoliticosveracruz.com\\\/wp-content\\\/uploads\\\/2025\\\/03\\\/41864290-78a2-48ba-a10d-578a44ac91d0.jpeg\",\"datePublished\":\"2025-04-01T03:04:53+00:00\",\"dateModified\":\"2025-04-01T03:05:29+00:00\",\"breadcrumb\":{\"@id\":\"https:\\\/\\\/lospoliticosveracruz.com\\\/?p=140904#breadcrumb\"},\"inLanguage\":\"es\",\"potentialAction\":[{\"@type\":\"ReadAction\",\"target\":[\"https:\\\/\\\/lospoliticosveracruz.com\\\/?p=140904\"]}]},{\"@type\":\"ImageObject\",\"inLanguage\":\"es\",\"@id\":\"https:\\\/\\\/lospoliticosveracruz.com\\\/?p=140904#primaryimage\",\"url\":\"https:\\\/\\\/lospoliticosveracruz.com\\\/wp-content\\\/uploads\\\/2025\\\/03\\\/41864290-78a2-48ba-a10d-578a44ac91d0.jpeg\",\"contentUrl\":\"https:\\\/\\\/lospoliticosveracruz.com\\\/wp-content\\\/uploads\\\/2025\\\/03\\\/41864290-78a2-48ba-a10d-578a44ac91d0.jpeg\",\"width\":1600,\"height\":847},{\"@type\":\"BreadcrumbList\",\"@id\":\"https:\\\/\\\/lospoliticosveracruz.com\\\/?p=140904#breadcrumb\",\"itemListElement\":[{\"@type\":\"ListItem\",\"position\":1,\"name\":\"Portada\",\"item\":\"https:\\\/\\\/lospoliticosveracruz.com\\\/\"},{\"@type\":\"ListItem\",\"position\":2,\"name\":\"AGENDA VERDE CON NAHLE!\"}]},{\"@type\":\"WebSite\",\"@id\":\"https:\\\/\\\/lospoliticosveracruz.com\\\/#website\",\"url\":\"https:\\\/\\\/lospoliticosveracruz.com\\\/\",\"name\":\"Los pol\u00edticos Veracruz\",\"description\":\"\",\"publisher\":{\"@id\":\"https:\\\/\\\/lospoliticosveracruz.com\\\/#organization\"},\"potentialAction\":[{\"@type\":\"SearchAction\",\"target\":{\"@type\":\"EntryPoint\",\"urlTemplate\":\"https:\\\/\\\/lospoliticosveracruz.com\\\/?s={search_term_string}\"},\"query-input\":{\"@type\":\"PropertyValueSpecification\",\"valueRequired\":true,\"valueName\":\"search_term_string\"}}],\"inLanguage\":\"es\"},{\"@type\":\"Organization\",\"@id\":\"https:\\\/\\\/lospoliticosveracruz.com\\\/#organization\",\"name\":\"Los pol\u00edticos Veracruz\",\"url\":\"https:\\\/\\\/lospoliticosveracruz.com\\\/\",\"logo\":{\"@type\":\"ImageObject\",\"inLanguage\":\"es\",\"@id\":\"https:\\\/\\\/lospoliticosveracruz.com\\\/#\\\/schema\\\/logo\\\/image\\\/\",\"url\":\"https:\\\/\\\/lospoliticosveracruz.com\\\/wp-content\\\/uploads\\\/2025\\\/12\\\/Logo-Nuevo-LOS-POLITICOS-1.jpg\",\"contentUrl\":\"https:\\\/\\\/lospoliticosveracruz.com\\\/wp-content\\\/uploads\\\/2025\\\/12\\\/Logo-Nuevo-LOS-POLITICOS-1.jpg\",\"width\":260,\"height\":70,\"caption\":\"Los pol\u00edticos Veracruz\"},\"image\":{\"@id\":\"https:\\\/\\\/lospoliticosveracruz.com\\\/#\\\/schema\\\/logo\\\/image\\\/\"},\"sameAs\":[\"https:\\\/\\\/www.facebook.com\\\/people\\\/Notimemes-de-los-Polticos\\\/61565672886568\\\/\",\"https:\\\/\\\/x.com\\\/LosPoliticosVer\"]},{\"@type\":\"Person\",\"@id\":\"https:\\\/\\\/lospoliticosveracruz.com\\\/#\\\/schema\\\/person\\\/b8702bb0e538456e6efd07080bf2a4a2\",\"name\":\"Lo viste en Los Pol\u00edticos\",\"image\":{\"@type\":\"ImageObject\",\"inLanguage\":\"es\",\"@id\":\"https:\\\/\\\/secure.gravatar.com\\\/avatar\\\/3a8de04a2656d44082be478bd6c086daa447c4651605818287b9532d3d0bd435?s=96&d=mm&r=g\",\"url\":\"https:\\\/\\\/secure.gravatar.com\\\/avatar\\\/3a8de04a2656d44082be478bd6c086daa447c4651605818287b9532d3d0bd435?s=96&d=mm&r=g\",\"contentUrl\":\"https:\\\/\\\/secure.gravatar.com\\\/avatar\\\/3a8de04a2656d44082be478bd6c086daa447c4651605818287b9532d3d0bd435?s=96&d=mm&r=g\",\"caption\":\"Lo viste en Los Pol\u00edticos\"},\"url\":\"https:\\\/\\\/lospoliticosveracruz.com\\\/?author=2\"}]}<\/script>\n<!-- \/ Yoast SEO plugin. -->","yoast_head_json":{"title":"AGENDA VERDE CON NAHLE! - Los pol\u00edticos Veracruz","robots":{"index":"index","follow":"follow","max-snippet":"max-snippet:-1","max-image-preview":"max-image-preview:large","max-video-preview":"max-video-preview:-1"},"canonical":"https:\/\/lospoliticosveracruz.com\/?p=140904","og_locale":"es_ES","og_type":"article","og_title":"AGENDA VERDE CON NAHLE! - Los pol\u00edticos Veracruz","og_description":"Este d\u00eda, el Grupo Legislativo del Partido Verde Ecologista de M\u00e9xico del Congreso del Estado de Veracruz sostuvo una importante reuni\u00f3n con la Gobernadora del Estado, Roc\u00edo Nahle Garc\u00eda, en la que se abordaron temas fundamentales para la agenda legislativa 2025, que marcar\u00e1 el segundo periodo de sesiones ordinarias del primer a\u00f1o de ejercicio constitucional, [&hellip;]","og_url":"https:\/\/lospoliticosveracruz.com\/?p=140904","og_site_name":"Los pol\u00edticos Veracruz","article_publisher":"https:\/\/www.facebook.com\/people\/Notimemes-de-los-Polticos\/61565672886568\/","article_published_time":"2025-04-01T03:04:53+00:00","article_modified_time":"2025-04-01T03:05:29+00:00","og_image":[{"width":1600,"height":847,"url":"https:\/\/lospoliticosveracruz.com\/wp-content\/uploads\/2025\/03\/41864290-78a2-48ba-a10d-578a44ac91d0.jpeg","type":"image\/jpeg"}],"author":"Lo viste en Los Pol\u00edticos","twitter_card":"summary_large_image","twitter_creator":"@LosPoliticosVer","twitter_site":"@LosPoliticosVer","twitter_misc":{"Escrito por":"Lo viste en Los Pol\u00edticos","Tiempo de lectura":"3 minutos"},"schema":{"@context":"https:\/\/schema.org","@graph":[{"@type":"Article","@id":"https:\/\/lospoliticosveracruz.com\/?p=140904#article","isPartOf":{"@id":"https:\/\/lospoliticosveracruz.com\/?p=140904"},"author":{"name":"Lo viste en Los Pol\u00edticos","@id":"https:\/\/lospoliticosveracruz.com\/#\/schema\/person\/b8702bb0e538456e6efd07080bf2a4a2"},"headline":"AGENDA VERDE CON NAHLE!","datePublished":"2025-04-01T03:04:53+00:00","dateModified":"2025-04-01T03:05:29+00:00","mainEntityOfPage":{"@id":"https:\/\/lospoliticosveracruz.com\/?p=140904"},"wordCount":508,"publisher":{"@id":"https:\/\/lospoliticosveracruz.com\/#organization"},"image":{"@id":"https:\/\/lospoliticosveracruz.com\/?p=140904#primaryimage"},"thumbnailUrl":"https:\/\/lospoliticosveracruz.com\/wp-content\/uploads\/2025\/03\/41864290-78a2-48ba-a10d-578a44ac91d0.jpeg","keywords":["Carlos Marcelo Ruiz S\u00e1nchez","PVEM","Roc\u00edo Nahle","Tania Mar\u00eda Cruz Mej\u00eda","Veracruz"],"articleSection":["De Boleto"],"inLanguage":"es"},{"@type":"WebPage","@id":"https:\/\/lospoliticosveracruz.com\/?p=140904","url":"https:\/\/lospoliticosveracruz.com\/?p=140904","name":"AGENDA VERDE CON NAHLE! - Los pol\u00edticos Veracruz","isPartOf":{"@id":"https:\/\/lospoliticosveracruz.com\/#website"},"primaryImageOfPage":{"@id":"https:\/\/lospoliticosveracruz.com\/?p=140904#primaryimage"},"image":{"@id":"https:\/\/lospoliticosveracruz.com\/?p=140904#primaryimage"},"thumbnailUrl":"https:\/\/lospoliticosveracruz.com\/wp-content\/uploads\/2025\/03\/41864290-78a2-48ba-a10d-578a44ac91d0.jpeg","datePublished":"2025-04-01T03:04:53+00:00","dateModified":"2025-04-01T03:05:29+00:00","breadcrumb":{"@id":"https:\/\/lospoliticosveracruz.com\/?p=140904#breadcrumb"},"inLanguage":"es","potentialAction":[{"@type":"ReadAction","target":["https:\/\/lospoliticosveracruz.com\/?p=140904"]}]},{"@type":"ImageObject","inLanguage":"es","@id":"https:\/\/lospoliticosveracruz.com\/?p=140904#primaryimage","url":"https:\/\/lospoliticosveracruz.com\/wp-content\/uploads\/2025\/03\/41864290-78a2-48ba-a10d-578a44ac91d0.jpeg","contentUrl":"https:\/\/lospoliticosveracruz.com\/wp-content\/uploads\/2025\/03\/41864290-78a2-48ba-a10d-578a44ac91d0.jpeg","width":1600,"height":847},{"@type":"BreadcrumbList","@id":"https:\/\/lospoliticosveracruz.com\/?p=140904#breadcrumb","itemListElement":[{"@type":"ListItem","position":1,"name":"Portada","item":"https:\/\/lospoliticosveracruz.com\/"},{"@type":"ListItem","position":2,"name":"AGENDA VERDE CON NAHLE!"}]},{"@type":"WebSite","@id":"https:\/\/lospoliticosveracruz.com\/#website","url":"https:\/\/lospoliticosveracruz.com\/","name":"Los pol\u00edticos Veracruz","description":"","publisher":{"@id":"https:\/\/lospoliticosveracruz.com\/#organization"},"potentialAction":[{"@type":"SearchAction","target":{"@type":"EntryPoint","urlTemplate":"https:\/\/lospoliticosveracruz.com\/?s={search_term_string}"},"query-input":{"@type":"PropertyValueSpecification","valueRequired":true,"valueName":"search_term_string"}}],"inLanguage":"es"},{"@type":"Organization","@id":"https:\/\/lospoliticosveracruz.com\/#organization","name":"Los pol\u00edticos Veracruz","url":"https:\/\/lospoliticosveracruz.com\/","logo":{"@type":"ImageObject","inLanguage":"es","@id":"https:\/\/lospoliticosveracruz.com\/#\/schema\/logo\/image\/","url":"https:\/\/lospoliticosveracruz.com\/wp-content\/uploads\/2025\/12\/Logo-Nuevo-LOS-POLITICOS-1.jpg","contentUrl":"https:\/\/lospoliticosveracruz.com\/wp-content\/uploads\/2025\/12\/Logo-Nuevo-LOS-POLITICOS-1.jpg","width":260,"height":70,"caption":"Los pol\u00edticos Veracruz"},"image":{"@id":"https:\/\/lospoliticosveracruz.com\/#\/schema\/logo\/image\/"},"sameAs":["https:\/\/www.facebook.com\/people\/Notimemes-de-los-Polticos\/61565672886568\/","https:\/\/x.com\/LosPoliticosVer"]},{"@type":"Person","@id":"https:\/\/lospoliticosveracruz.com\/#\/schema\/person\/b8702bb0e538456e6efd07080bf2a4a2","name":"Lo viste en Los Pol\u00edticos","image":{"@type":"ImageObject","inLanguage":"es","@id":"https:\/\/secure.gravatar.com\/avatar\/3a8de04a2656d44082be478bd6c086daa447c4651605818287b9532d3d0bd435?s=96&d=mm&r=g","url":"https:\/\/secure.gravatar.com\/avatar\/3a8de04a2656d44082be478bd6c086daa447c4651605818287b9532d3d0bd435?s=96&d=mm&r=g","contentUrl":"https:\/\/secure.gravatar.com\/avatar\/3a8de04a2656d44082be478bd6c086daa447c4651605818287b9532d3d0bd435?s=96&d=mm&r=g","caption":"Lo viste en Los Pol\u00edticos"},"url":"https:\/\/lospoliticosveracruz.com\/?author=2"}]}},"_links":{"self":[{"href":"https:\/\/lospoliticosveracruz.com\/index.php?rest_route=\/wp\/v2\/posts\/140904","targetHints":{"allow":["GET"]}}],"collection":[{"href":"https:\/\/lospoliticosveracruz.com\/index.php?rest_route=\/wp\/v2\/posts"}],"about":[{"href":"https:\/\/lospoliticosveracruz.com\/index.php?rest_route=\/wp\/v2\/types\/post"}],"author":[{"embeddable":true,"href":"https:\/\/lospoliticosveracruz.com\/index.php?rest_route=\/wp\/v2\/users\/2"}],"replies":[{"embeddable":true,"href":"https:\/\/lospoliticosveracruz.com\/index.php?rest_route=%2Fwp%2Fv2%2Fcomments&post=140904"}],"version-history":[{"count":1,"href":"https:\/\/lospoliticosveracruz.com\/index.php?rest_route=\/wp\/v2\/posts\/140904\/revisions"}],"predecessor-version":[{"id":140906,"href":"https:\/\/lospoliticosveracruz.com\/index.php?rest_route=\/wp\/v2\/posts\/140904\/revisions\/140906"}],"wp:featuredmedia":[{"embeddable":true,"href":"https:\/\/lospoliticosveracruz.com\/index.php?rest_route=\/wp\/v2\/media\/140905"}],"wp:attachment":[{"href":"https:\/\/lospoliticosveracruz.com\/index.php?rest_route=%2Fwp%2Fv2%2Fmedia&parent=140904"}],"wp:term":[{"taxonomy":"category","embeddable":true,"href":"https:\/\/lospoliticosveracruz.com\/index.php?rest_route=%2Fwp%2Fv2%2Fcategories&post=140904"},{"taxonomy":"post_tag","embeddable":true,"href":"https:\/\/lospoliticosveracruz.com\/index.php?rest_route=%2Fwp%2Fv2%2Ftags&post=140904"}],"curies":[{"name":"wp","href":"https:\/\/api.w.org\/{rel}","templated":true}]}}