{"id":140907,"date":"2025-03-31T21:46:57","date_gmt":"2025-04-01T03:46:57","guid":{"rendered":"https:\/\/lospoliticosveracruz.com.mx\/?p=140907"},"modified":"2025-03-31T21:47:23","modified_gmt":"2025-04-01T03:47:23","slug":"cuesta-4-mdp-una-candidatura-de-mc","status":"publish","type":"post","link":"https:\/\/lospoliticosveracruz.com\/?p=140907","title":{"rendered":"\u00bfCUESTA 4 MDP UNA CANDIDATURA DE MC?"},"content":{"rendered":"\n<p><a href=\"https:\/\/whatsapp.com\/channel\/0029Va8zRWlEKyZIP3Z1dF0e\"><strong>\u2002\u2002<\/strong><strong>\u00danete a nuestro canal&nbsp;<\/strong><strong>\u2002\u2002\u2002\u2002\u2002\u2002&nbsp;<\/strong><\/a><strong>\u2002\u2002\u2002\u2002\u2002\u2002&nbsp;<\/strong><\/p>\n\n\n\n<p>\u00a1<strong>LOS POL\u00cdTICOS VERACRUZ<\/strong>&nbsp;ya est\u00e1 en WhatsApp!<\/p>\n\n\n\n<p><\/p>\n\n\n\n<p><strong>Jos\u00e9 Luis Ortega Vidal<br><\/strong><em>Claroscuros<\/em><\/p>\n\n\n\n<p>\u00bfCuatro millones de pesos cuesta obtener una candidatura a presidente municipal de alg\u00fan pueblo veracruzano, en Movimiento Ciudadano?<br>La respuesta obligada a este cuestionamiento queda en manos -o boca- de Dante Delgado Rannauro, fundador del MC; en Jorge \u00c1lvarez M\u00e1ynez, l\u00edder nacional del partido naranja; y en su dirigente estatal en Veracruz, Luis Carbonell de la Hoz.<br>\u00bfDe d\u00f3nde surge la duda?<br>De un se\u00f1alamiento directo lanzado ayer desde el municipio de Jes\u00fas Carranza por el se\u00f1or Miguel \u00c1ngel Salas Clara, ex candidato del MC a la alcald\u00eda carrance\u00f1a.<\/p>\n\n\n\n<p>(2)<br>Salas Clara acudi\u00f3 a la reuni\u00f3n de Movimiento Ciudadano el s\u00e1bado quince de marzo en el sal\u00f3n Texin de Coatepec.<br>Ah\u00ed tom\u00f3 protesta como candidato del MC a presidente municipal, junto a ciento noventa y cinco aspirantes en igual n\u00famero de municipios.<br>As\u00ed las cosas, durante unos d\u00edas don Miguel \u00c1ngel Salas fue candidato a gobernar su pueblo, hasta que apareci\u00f3 en su camino el tema de los cuatro millones de pesos\u2026<\/p>\n\n\n\n<p>(3)<br>Jorge \u00c1lvarez M\u00e1ynez encabez\u00f3 el evento rese\u00f1ado por Diario de Xalapa, de cuya p\u00e1gina digital retomo p\u00e1rrafos de una nota firmada por la reportera Maribel S\u00e1nchez:<\/p>\n\n\n\n<p>\u201cEl l\u00edder nacional de Movimiento Ciudadano (MC) Jorge \u00c1lvarez M\u00e1ynez, tom\u00f3 protesta a 196 candidatos que aspiran a una de las 212 alcald\u00edas en el estado de Veracruz.<br>En entrevista, puntualiz\u00f3 que todav\u00eda hay pendientes, pues est\u00e1n en una evaluaci\u00f3n final, donde tambi\u00e9n toman en cuenta la paridad de g\u00e9nero, pero asegur\u00f3 que s\u00ed habr\u00e1 para las 212 alcald\u00edas. Adem\u00e1s de lo mencionado, llam\u00f3 a los gobiernos a garantizar la seguridad, ante el contexto de violencia.<br>En cuanto a los candidatos pendientes, est\u00e1n los de municipios como Veracruz, Poza Rica y Soledad de Doblado, por mencionar algunos.<br>Al darse a conocer la lista de nombres, MC espec\u00edfica que en 52 municipios no hubo solicitudes de registro para aspirantes a la precandidatura.\u201d<\/p>\n\n\n\n<p>Se a\u00f1ade:<\/p>\n\n\n\n<p>\u2018Fueron, seg\u00fan documento, la Comisi\u00f3n de Candidaturas y la Comisi\u00f3n Nacional de Convenciones y Procesos Internos las que realizaron el an\u00e1lisis y las valoraciones pol\u00edticas pertinentes de las propuestas de la Comisi\u00f3n Operativa Estatal, en t\u00e9rminos de las atribuciones conferidas en los estatutos de partido y la base 25a de la convocatoria.<br>\u201cLa Comisi\u00f3n Operativa Nacional fue la que hizo la aprobaci\u00f3n final con el fin de subsanar la n\u00f3mina de candidaturas que MC postula para el proceso\u201d, puntualiza.\u2019<\/p>\n\n\n\n<p>(4)<br>Diecis\u00e9is d\u00edas despu\u00e9s de la fiesta naranja en Coatepec, uno de los 196 candidatos que tomaron protesta denunci\u00f3 p\u00fablicamente un fraude en su contra.<br>Arquitecto de profesi\u00f3n, Miguel \u00c1ngel Salas Clara acus\u00f3 directamente al teniente coronel Carlos Cruz Orozco, coordinador regional del MC en la zona sur de Veracruz, de pedir cuatro millones de pesos \u201cpara la campa\u00f1a\u201d, que al no ser entregados provocaron su destituci\u00f3n como abanderado emecista.<br>Frente a un grupo de reporteros que lo entrevistaron este lunes, Salas Clara asegur\u00f3 estar dispuesto a confrontar de frente al teniente coronel retirado del Ej\u00e9rcito, con domicilio en Minatitl\u00e1n.<br>El pretexto para retirarle la candidatura fue la cuota de g\u00e9nero, pero eso es mentira; simplemente no tuvo ni el dinero ni la disposici\u00f3n para pagar por un derecho partidista y un ideal de servir a su pueblo, afirm\u00f3 el ahora ex candidato.<\/p>\n\n\n\n<p>(5)<br>La ma\u00f1ana de este 31 de marzo, momentos previos a la denuncia del se\u00f1or Salas Clara por presuntos actos de corrupci\u00f3n en la asignaci\u00f3n de candidaturas de Movimiento Ciudadano, la joven Raisa Iturbe \u00c1lvarez encabez\u00f3 un contingente hasta la sede del OPLE en Jes\u00fas Carranza.<br>Ante el Organismo P\u00fablico Local Electoral, Iturbe \u00c1lvarez se registr\u00f3 como candidata del MC a presidenta municipal.<br>Abogada de profesi\u00f3n, integrante de una familia con recursos econ\u00f3micos millonarios, producto de una exitosa empresa ganadera que los ha llevado a ganar m\u00faltiples premios nacionales en la cr\u00eda de la raza Sardo Negro, Iturbe \u00c1lvarez estuvo inscrita en MORENA como aspirante a la candidatura.<br>El partido guinda opt\u00f3 por la maestra Mar\u00eda del Rosario Dom\u00ednguez Retama -s\u00edndica con licencia en el Ayuntamiento- y as\u00ed se dio a conocer despu\u00e9s del viernes veintiuno de marzo, es decir, casi una semana despu\u00e9s de la toma de protesta de candidatos emecistas en Coatepec.<\/p>\n\n\n\n<p>(6)<br>En Jes\u00fas Carranza, durante un momento de la semana pasada, MORENA ten\u00eda promotora de la 4a Transformaci\u00f3n -eufemismo de candidata- en la persona de Mar\u00eda del Rosario Dom\u00ednguez Retama, mientras el MC contaba con su candidato Miguel \u00c1ngel Salas Clara.<br>Raisa Iturbe no logr\u00f3 su objetivo en MORENA y tampoco se hab\u00eda inscrito en el MC.<\/p>\n\n\n\n<p>(7)<br>El arquitecto Salas denuncia la petici\u00f3n de cuatro millones de pesos como causa -a todas luces corrupta- de su abrupta separaci\u00f3n de la planilla naranja.<\/p>\n\n\n\n<p>(8)<br>\u00bfA Raisa Iturbe \u00c1lvarez le pidieron cuatro millones de pesos en Movimiento Ciudadano?<br>La pregunta es importante\u2026<br>Y la respuesta de la productora ganadera lo es a\u00fan m\u00e1s.<\/p>\n","protected":false},"excerpt":{"rendered":"<p>\u2002\u2002\u00danete a nuestro canal&nbsp;\u2002\u2002\u2002\u2002\u2002\u2002&nbsp;\u2002\u2002\u2002\u2002\u2002\u2002&nbsp; \u00a1LOS POL\u00cdTICOS VERACRUZ&nbsp;ya est\u00e1 en WhatsApp! Jos\u00e9 Luis Ortega VidalClaroscuros \u00bfCuatro millones de pesos cuesta obtener una candidatura a presidente municipal de alg\u00fan pueblo veracruzano, en Movimiento Ciudadano?La respuesta obligada a este cuestionamiento queda en manos -o boca- de Dante Delgado Rannauro, fundador del MC; en Jorge \u00c1lvarez M\u00e1ynez, l\u00edder nacional [&hellip;]<\/p>\n","protected":false},"author":2,"featured_media":119931,"comment_status":"closed","ping_status":"closed","sticky":false,"template":"","format":"standard","meta":{"tdm_status":"","tdm_grid_status":"","footnotes":""},"categories":[70],"tags":[2769,2327],"class_list":{"0":"post-140907","1":"post","2":"type-post","3":"status-publish","4":"format-standard","5":"has-post-thumbnail","7":"category-de-opinion","8":"tag-jose-luis-ortega-vidal","9":"tag-movimiento-ciudadano"},"yoast_head":"<!-- This site is optimized with the Yoast SEO plugin v27.4 - https:\/\/yoast.com\/product\/yoast-seo-wordpress\/ -->\n<title>\u00bfCUESTA 4 MDP UNA CANDIDATURA DE MC? - Los pol\u00edticos Veracruz<\/title>\n<meta name=\"robots\" content=\"index, follow, max-snippet:-1, max-image-preview:large, max-video-preview:-1\" \/>\n<link rel=\"canonical\" href=\"https:\/\/lospoliticosveracruz.com\/?p=140907\" \/>\n<meta property=\"og:locale\" content=\"es_ES\" \/>\n<meta property=\"og:type\" content=\"article\" \/>\n<meta property=\"og:title\" content=\"\u00bfCUESTA 4 MDP UNA CANDIDATURA DE MC? - Los pol\u00edticos Veracruz\" \/>\n<meta property=\"og:description\" content=\"\u2002\u2002\u00danete a nuestro canal&nbsp;\u2002\u2002\u2002\u2002\u2002\u2002&nbsp;\u2002\u2002\u2002\u2002\u2002\u2002&nbsp; \u00a1LOS POL\u00cdTICOS VERACRUZ&nbsp;ya est\u00e1 en WhatsApp! Jos\u00e9 Luis Ortega VidalClaroscuros \u00bfCuatro millones de pesos cuesta obtener una candidatura a presidente municipal de alg\u00fan pueblo veracruzano, en Movimiento Ciudadano?La respuesta obligada a este cuestionamiento queda en manos -o boca- de Dante Delgado Rannauro, fundador del MC; en Jorge \u00c1lvarez M\u00e1ynez, l\u00edder nacional [&hellip;]\" \/>\n<meta property=\"og:url\" content=\"https:\/\/lospoliticosveracruz.com\/?p=140907\" \/>\n<meta property=\"og:site_name\" content=\"Los pol\u00edticos Veracruz\" \/>\n<meta property=\"article:publisher\" content=\"https:\/\/www.facebook.com\/people\/Notimemes-de-los-Polticos\/61565672886568\/\" \/>\n<meta property=\"article:published_time\" content=\"2025-04-01T03:46:57+00:00\" \/>\n<meta property=\"article:modified_time\" content=\"2025-04-01T03:47:23+00:00\" \/>\n<meta property=\"og:image\" content=\"https:\/\/lospoliticosveracruz.com\/wp-content\/uploads\/2024\/03\/Jose-Luis-Ortega-Vidal.jpg\" \/>\n\t<meta property=\"og:image:width\" content=\"1250\" \/>\n\t<meta property=\"og:image:height\" content=\"667\" \/>\n\t<meta property=\"og:image:type\" content=\"image\/jpeg\" \/>\n<meta name=\"author\" content=\"Lo viste en Los Pol\u00edticos\" \/>\n<meta name=\"twitter:card\" content=\"summary_large_image\" \/>\n<meta name=\"twitter:creator\" content=\"@LosPoliticosVer\" \/>\n<meta name=\"twitter:site\" content=\"@LosPoliticosVer\" \/>\n<meta name=\"twitter:label1\" content=\"Escrito por\" \/>\n\t<meta name=\"twitter:data1\" content=\"Lo viste en Los Pol\u00edticos\" \/>\n\t<meta name=\"twitter:label2\" content=\"Tiempo de lectura\" \/>\n\t<meta name=\"twitter:data2\" content=\"4 minutos\" \/>\n<script type=\"application\/ld+json\" class=\"yoast-schema-graph\">{\"@context\":\"https:\\\/\\\/schema.org\",\"@graph\":[{\"@type\":\"Article\",\"@id\":\"https:\\\/\\\/lospoliticosveracruz.com\\\/?p=140907#article\",\"isPartOf\":{\"@id\":\"https:\\\/\\\/lospoliticosveracruz.com\\\/?p=140907\"},\"author\":{\"name\":\"Lo viste en Los Pol\u00edticos\",\"@id\":\"https:\\\/\\\/lospoliticosveracruz.com\\\/#\\\/schema\\\/person\\\/b8702bb0e538456e6efd07080bf2a4a2\"},\"headline\":\"\u00bfCUESTA 4 MDP UNA CANDIDATURA DE MC?\",\"datePublished\":\"2025-04-01T03:46:57+00:00\",\"dateModified\":\"2025-04-01T03:47:23+00:00\",\"mainEntityOfPage\":{\"@id\":\"https:\\\/\\\/lospoliticosveracruz.com\\\/?p=140907\"},\"wordCount\":892,\"publisher\":{\"@id\":\"https:\\\/\\\/lospoliticosveracruz.com\\\/#organization\"},\"image\":{\"@id\":\"https:\\\/\\\/lospoliticosveracruz.com\\\/?p=140907#primaryimage\"},\"thumbnailUrl\":\"https:\\\/\\\/lospoliticosveracruz.com\\\/wp-content\\\/uploads\\\/2024\\\/03\\\/Jose-Luis-Ortega-Vidal.jpg\",\"keywords\":[\"Jos\u00e9 Luis Ortega Vidal\",\"Movimiento Ciudadano\"],\"articleSection\":[\"De Opini\u00f3n\"],\"inLanguage\":\"es\"},{\"@type\":\"WebPage\",\"@id\":\"https:\\\/\\\/lospoliticosveracruz.com\\\/?p=140907\",\"url\":\"https:\\\/\\\/lospoliticosveracruz.com\\\/?p=140907\",\"name\":\"\u00bfCUESTA 4 MDP UNA CANDIDATURA DE MC? - Los pol\u00edticos Veracruz\",\"isPartOf\":{\"@id\":\"https:\\\/\\\/lospoliticosveracruz.com\\\/#website\"},\"primaryImageOfPage\":{\"@id\":\"https:\\\/\\\/lospoliticosveracruz.com\\\/?p=140907#primaryimage\"},\"image\":{\"@id\":\"https:\\\/\\\/lospoliticosveracruz.com\\\/?p=140907#primaryimage\"},\"thumbnailUrl\":\"https:\\\/\\\/lospoliticosveracruz.com\\\/wp-content\\\/uploads\\\/2024\\\/03\\\/Jose-Luis-Ortega-Vidal.jpg\",\"datePublished\":\"2025-04-01T03:46:57+00:00\",\"dateModified\":\"2025-04-01T03:47:23+00:00\",\"breadcrumb\":{\"@id\":\"https:\\\/\\\/lospoliticosveracruz.com\\\/?p=140907#breadcrumb\"},\"inLanguage\":\"es\",\"potentialAction\":[{\"@type\":\"ReadAction\",\"target\":[\"https:\\\/\\\/lospoliticosveracruz.com\\\/?p=140907\"]}]},{\"@type\":\"ImageObject\",\"inLanguage\":\"es\",\"@id\":\"https:\\\/\\\/lospoliticosveracruz.com\\\/?p=140907#primaryimage\",\"url\":\"https:\\\/\\\/lospoliticosveracruz.com\\\/wp-content\\\/uploads\\\/2024\\\/03\\\/Jose-Luis-Ortega-Vidal.jpg\",\"contentUrl\":\"https:\\\/\\\/lospoliticosveracruz.com\\\/wp-content\\\/uploads\\\/2024\\\/03\\\/Jose-Luis-Ortega-Vidal.jpg\",\"width\":1250,\"height\":667},{\"@type\":\"BreadcrumbList\",\"@id\":\"https:\\\/\\\/lospoliticosveracruz.com\\\/?p=140907#breadcrumb\",\"itemListElement\":[{\"@type\":\"ListItem\",\"position\":1,\"name\":\"Portada\",\"item\":\"https:\\\/\\\/lospoliticosveracruz.com\\\/\"},{\"@type\":\"ListItem\",\"position\":2,\"name\":\"\u00bfCUESTA 4 MDP UNA CANDIDATURA DE MC?\"}]},{\"@type\":\"WebSite\",\"@id\":\"https:\\\/\\\/lospoliticosveracruz.com\\\/#website\",\"url\":\"https:\\\/\\\/lospoliticosveracruz.com\\\/\",\"name\":\"Los pol\u00edticos Veracruz\",\"description\":\"\",\"publisher\":{\"@id\":\"https:\\\/\\\/lospoliticosveracruz.com\\\/#organization\"},\"potentialAction\":[{\"@type\":\"SearchAction\",\"target\":{\"@type\":\"EntryPoint\",\"urlTemplate\":\"https:\\\/\\\/lospoliticosveracruz.com\\\/?s={search_term_string}\"},\"query-input\":{\"@type\":\"PropertyValueSpecification\",\"valueRequired\":true,\"valueName\":\"search_term_string\"}}],\"inLanguage\":\"es\"},{\"@type\":\"Organization\",\"@id\":\"https:\\\/\\\/lospoliticosveracruz.com\\\/#organization\",\"name\":\"Los pol\u00edticos Veracruz\",\"url\":\"https:\\\/\\\/lospoliticosveracruz.com\\\/\",\"logo\":{\"@type\":\"ImageObject\",\"inLanguage\":\"es\",\"@id\":\"https:\\\/\\\/lospoliticosveracruz.com\\\/#\\\/schema\\\/logo\\\/image\\\/\",\"url\":\"https:\\\/\\\/lospoliticosveracruz.com\\\/wp-content\\\/uploads\\\/2025\\\/12\\\/Logo-Nuevo-LOS-POLITICOS-1.jpg\",\"contentUrl\":\"https:\\\/\\\/lospoliticosveracruz.com\\\/wp-content\\\/uploads\\\/2025\\\/12\\\/Logo-Nuevo-LOS-POLITICOS-1.jpg\",\"width\":260,\"height\":70,\"caption\":\"Los pol\u00edticos Veracruz\"},\"image\":{\"@id\":\"https:\\\/\\\/lospoliticosveracruz.com\\\/#\\\/schema\\\/logo\\\/image\\\/\"},\"sameAs\":[\"https:\\\/\\\/www.facebook.com\\\/people\\\/Notimemes-de-los-Polticos\\\/61565672886568\\\/\",\"https:\\\/\\\/x.com\\\/LosPoliticosVer\"]},{\"@type\":\"Person\",\"@id\":\"https:\\\/\\\/lospoliticosveracruz.com\\\/#\\\/schema\\\/person\\\/b8702bb0e538456e6efd07080bf2a4a2\",\"name\":\"Lo viste en Los Pol\u00edticos\",\"image\":{\"@type\":\"ImageObject\",\"inLanguage\":\"es\",\"@id\":\"https:\\\/\\\/secure.gravatar.com\\\/avatar\\\/3a8de04a2656d44082be478bd6c086daa447c4651605818287b9532d3d0bd435?s=96&d=mm&r=g\",\"url\":\"https:\\\/\\\/secure.gravatar.com\\\/avatar\\\/3a8de04a2656d44082be478bd6c086daa447c4651605818287b9532d3d0bd435?s=96&d=mm&r=g\",\"contentUrl\":\"https:\\\/\\\/secure.gravatar.com\\\/avatar\\\/3a8de04a2656d44082be478bd6c086daa447c4651605818287b9532d3d0bd435?s=96&d=mm&r=g\",\"caption\":\"Lo viste en Los Pol\u00edticos\"},\"url\":\"https:\\\/\\\/lospoliticosveracruz.com\\\/?author=2\"}]}<\/script>\n<!-- \/ Yoast SEO plugin. -->","yoast_head_json":{"title":"\u00bfCUESTA 4 MDP UNA CANDIDATURA DE MC? - Los pol\u00edticos Veracruz","robots":{"index":"index","follow":"follow","max-snippet":"max-snippet:-1","max-image-preview":"max-image-preview:large","max-video-preview":"max-video-preview:-1"},"canonical":"https:\/\/lospoliticosveracruz.com\/?p=140907","og_locale":"es_ES","og_type":"article","og_title":"\u00bfCUESTA 4 MDP UNA CANDIDATURA DE MC? - Los pol\u00edticos Veracruz","og_description":"\u2002\u2002\u00danete a nuestro canal&nbsp;\u2002\u2002\u2002\u2002\u2002\u2002&nbsp;\u2002\u2002\u2002\u2002\u2002\u2002&nbsp; \u00a1LOS POL\u00cdTICOS VERACRUZ&nbsp;ya est\u00e1 en WhatsApp! Jos\u00e9 Luis Ortega VidalClaroscuros \u00bfCuatro millones de pesos cuesta obtener una candidatura a presidente municipal de alg\u00fan pueblo veracruzano, en Movimiento Ciudadano?La respuesta obligada a este cuestionamiento queda en manos -o boca- de Dante Delgado Rannauro, fundador del MC; en Jorge \u00c1lvarez M\u00e1ynez, l\u00edder nacional [&hellip;]","og_url":"https:\/\/lospoliticosveracruz.com\/?p=140907","og_site_name":"Los pol\u00edticos Veracruz","article_publisher":"https:\/\/www.facebook.com\/people\/Notimemes-de-los-Polticos\/61565672886568\/","article_published_time":"2025-04-01T03:46:57+00:00","article_modified_time":"2025-04-01T03:47:23+00:00","og_image":[{"width":1250,"height":667,"url":"https:\/\/lospoliticosveracruz.com\/wp-content\/uploads\/2024\/03\/Jose-Luis-Ortega-Vidal.jpg","type":"image\/jpeg"}],"author":"Lo viste en Los Pol\u00edticos","twitter_card":"summary_large_image","twitter_creator":"@LosPoliticosVer","twitter_site":"@LosPoliticosVer","twitter_misc":{"Escrito por":"Lo viste en Los Pol\u00edticos","Tiempo de lectura":"4 minutos"},"schema":{"@context":"https:\/\/schema.org","@graph":[{"@type":"Article","@id":"https:\/\/lospoliticosveracruz.com\/?p=140907#article","isPartOf":{"@id":"https:\/\/lospoliticosveracruz.com\/?p=140907"},"author":{"name":"Lo viste en Los Pol\u00edticos","@id":"https:\/\/lospoliticosveracruz.com\/#\/schema\/person\/b8702bb0e538456e6efd07080bf2a4a2"},"headline":"\u00bfCUESTA 4 MDP UNA CANDIDATURA DE MC?","datePublished":"2025-04-01T03:46:57+00:00","dateModified":"2025-04-01T03:47:23+00:00","mainEntityOfPage":{"@id":"https:\/\/lospoliticosveracruz.com\/?p=140907"},"wordCount":892,"publisher":{"@id":"https:\/\/lospoliticosveracruz.com\/#organization"},"image":{"@id":"https:\/\/lospoliticosveracruz.com\/?p=140907#primaryimage"},"thumbnailUrl":"https:\/\/lospoliticosveracruz.com\/wp-content\/uploads\/2024\/03\/Jose-Luis-Ortega-Vidal.jpg","keywords":["Jos\u00e9 Luis Ortega Vidal","Movimiento Ciudadano"],"articleSection":["De Opini\u00f3n"],"inLanguage":"es"},{"@type":"WebPage","@id":"https:\/\/lospoliticosveracruz.com\/?p=140907","url":"https:\/\/lospoliticosveracruz.com\/?p=140907","name":"\u00bfCUESTA 4 MDP UNA CANDIDATURA DE MC? - Los pol\u00edticos Veracruz","isPartOf":{"@id":"https:\/\/lospoliticosveracruz.com\/#website"},"primaryImageOfPage":{"@id":"https:\/\/lospoliticosveracruz.com\/?p=140907#primaryimage"},"image":{"@id":"https:\/\/lospoliticosveracruz.com\/?p=140907#primaryimage"},"thumbnailUrl":"https:\/\/lospoliticosveracruz.com\/wp-content\/uploads\/2024\/03\/Jose-Luis-Ortega-Vidal.jpg","datePublished":"2025-04-01T03:46:57+00:00","dateModified":"2025-04-01T03:47:23+00:00","breadcrumb":{"@id":"https:\/\/lospoliticosveracruz.com\/?p=140907#breadcrumb"},"inLanguage":"es","potentialAction":[{"@type":"ReadAction","target":["https:\/\/lospoliticosveracruz.com\/?p=140907"]}]},{"@type":"ImageObject","inLanguage":"es","@id":"https:\/\/lospoliticosveracruz.com\/?p=140907#primaryimage","url":"https:\/\/lospoliticosveracruz.com\/wp-content\/uploads\/2024\/03\/Jose-Luis-Ortega-Vidal.jpg","contentUrl":"https:\/\/lospoliticosveracruz.com\/wp-content\/uploads\/2024\/03\/Jose-Luis-Ortega-Vidal.jpg","width":1250,"height":667},{"@type":"BreadcrumbList","@id":"https:\/\/lospoliticosveracruz.com\/?p=140907#breadcrumb","itemListElement":[{"@type":"ListItem","position":1,"name":"Portada","item":"https:\/\/lospoliticosveracruz.com\/"},{"@type":"ListItem","position":2,"name":"\u00bfCUESTA 4 MDP UNA CANDIDATURA DE MC?"}]},{"@type":"WebSite","@id":"https:\/\/lospoliticosveracruz.com\/#website","url":"https:\/\/lospoliticosveracruz.com\/","name":"Los pol\u00edticos Veracruz","description":"","publisher":{"@id":"https:\/\/lospoliticosveracruz.com\/#organization"},"potentialAction":[{"@type":"SearchAction","target":{"@type":"EntryPoint","urlTemplate":"https:\/\/lospoliticosveracruz.com\/?s={search_term_string}"},"query-input":{"@type":"PropertyValueSpecification","valueRequired":true,"valueName":"search_term_string"}}],"inLanguage":"es"},{"@type":"Organization","@id":"https:\/\/lospoliticosveracruz.com\/#organization","name":"Los pol\u00edticos Veracruz","url":"https:\/\/lospoliticosveracruz.com\/","logo":{"@type":"ImageObject","inLanguage":"es","@id":"https:\/\/lospoliticosveracruz.com\/#\/schema\/logo\/image\/","url":"https:\/\/lospoliticosveracruz.com\/wp-content\/uploads\/2025\/12\/Logo-Nuevo-LOS-POLITICOS-1.jpg","contentUrl":"https:\/\/lospoliticosveracruz.com\/wp-content\/uploads\/2025\/12\/Logo-Nuevo-LOS-POLITICOS-1.jpg","width":260,"height":70,"caption":"Los pol\u00edticos Veracruz"},"image":{"@id":"https:\/\/lospoliticosveracruz.com\/#\/schema\/logo\/image\/"},"sameAs":["https:\/\/www.facebook.com\/people\/Notimemes-de-los-Polticos\/61565672886568\/","https:\/\/x.com\/LosPoliticosVer"]},{"@type":"Person","@id":"https:\/\/lospoliticosveracruz.com\/#\/schema\/person\/b8702bb0e538456e6efd07080bf2a4a2","name":"Lo viste en Los Pol\u00edticos","image":{"@type":"ImageObject","inLanguage":"es","@id":"https:\/\/secure.gravatar.com\/avatar\/3a8de04a2656d44082be478bd6c086daa447c4651605818287b9532d3d0bd435?s=96&d=mm&r=g","url":"https:\/\/secure.gravatar.com\/avatar\/3a8de04a2656d44082be478bd6c086daa447c4651605818287b9532d3d0bd435?s=96&d=mm&r=g","contentUrl":"https:\/\/secure.gravatar.com\/avatar\/3a8de04a2656d44082be478bd6c086daa447c4651605818287b9532d3d0bd435?s=96&d=mm&r=g","caption":"Lo viste en Los Pol\u00edticos"},"url":"https:\/\/lospoliticosveracruz.com\/?author=2"}]}},"_links":{"self":[{"href":"https:\/\/lospoliticosveracruz.com\/index.php?rest_route=\/wp\/v2\/posts\/140907","targetHints":{"allow":["GET"]}}],"collection":[{"href":"https:\/\/lospoliticosveracruz.com\/index.php?rest_route=\/wp\/v2\/posts"}],"about":[{"href":"https:\/\/lospoliticosveracruz.com\/index.php?rest_route=\/wp\/v2\/types\/post"}],"author":[{"embeddable":true,"href":"https:\/\/lospoliticosveracruz.com\/index.php?rest_route=\/wp\/v2\/users\/2"}],"replies":[{"embeddable":true,"href":"https:\/\/lospoliticosveracruz.com\/index.php?rest_route=%2Fwp%2Fv2%2Fcomments&post=140907"}],"version-history":[{"count":2,"href":"https:\/\/lospoliticosveracruz.com\/index.php?rest_route=\/wp\/v2\/posts\/140907\/revisions"}],"predecessor-version":[{"id":140909,"href":"https:\/\/lospoliticosveracruz.com\/index.php?rest_route=\/wp\/v2\/posts\/140907\/revisions\/140909"}],"wp:featuredmedia":[{"embeddable":true,"href":"https:\/\/lospoliticosveracruz.com\/index.php?rest_route=\/wp\/v2\/media\/119931"}],"wp:attachment":[{"href":"https:\/\/lospoliticosveracruz.com\/index.php?rest_route=%2Fwp%2Fv2%2Fmedia&parent=140907"}],"wp:term":[{"taxonomy":"category","embeddable":true,"href":"https:\/\/lospoliticosveracruz.com\/index.php?rest_route=%2Fwp%2Fv2%2Fcategories&post=140907"},{"taxonomy":"post_tag","embeddable":true,"href":"https:\/\/lospoliticosveracruz.com\/index.php?rest_route=%2Fwp%2Fv2%2Ftags&post=140907"}],"curies":[{"name":"wp","href":"https:\/\/api.w.org\/{rel}","templated":true}]}}