{"id":140911,"date":"2025-04-01T05:30:50","date_gmt":"2025-04-01T11:30:50","guid":{"rendered":"https:\/\/lospoliticosveracruz.com.mx\/?p=140911"},"modified":"2025-04-01T05:34:14","modified_gmt":"2025-04-01T11:34:14","slug":"leales-a-zenyazen-pretenden-descarrilar-al-tec-de-xalapa","status":"publish","type":"post","link":"https:\/\/lospoliticosveracruz.com\/?p=140911","title":{"rendered":"LEALES A ZENYAZEN PRETENDEN DESCARRILAR AL TEC DE XALAPA"},"content":{"rendered":"\n<p><br>[S\u00edguenos ahora tambi\u00e9n en WhatsApp.\u00a0<a href=\"https:\/\/whatsapp.com\/channel\/0029Va8zRWlEKyZIP3Z1dF0e\"><strong><em>Da clic aqu\u00ed<\/em><\/strong><\/a>]\u00a0<br><strong>Bernardo Guti\u00e9rrez Parra<\/strong><\/p>\n\n\n\n<p><em>Desde el Caf\u00e9<\/em><br>No falla, cada vez que hay cambio de gobierno en Veracruz, algunos sindicatos de maestros se le alebrestan al nuevo titular de la Secretar\u00eda de Educaci\u00f3n estatal con el \u00fanico fin de \u201ccalarlo\u201d y ver qu\u00e9 le pueden sacar. Pero que se recuerde, ning\u00fan responsable de la SEV aguant\u00f3 las embestidas que ha soportado la maestra Claudia Tello Espinosa.<\/p>\n\n\n\n<p>Primero fueron ocho sindicatos agrupados en la Uni\u00f3n de Sindicatos Magisteriales del Estado de Veracruz (USMEV), a los que puso quietos y ahora los enemigos est\u00e1n en casa y quiz\u00e1 la maestra Tello lo ignora.<\/p>\n\n\n\n<p>La historia es esta:<\/p>\n\n\n\n<p>Personajes como el Oficial Mayor de la SEV, Jos\u00e9 Ram\u00f3n Cardona Mendoza, aliado ahora al equipo del ex secretario Zenyazen Escobar Garc\u00eda, y la Subsecretaria de Educaci\u00f3n B\u00e1sica, Maritza Ram\u00edrez Aguilar, han hecho mancuerna para desestabilizar a la SEV generando un conflicto en el Instituto Tecnol\u00f3gico Superior de Xalapa.<\/p>\n\n\n\n<p>A trav\u00e9s de libelos digitales y de falsos mensajes que circulan en las redes sociales, intentan desacreditar el trabajo educativo de esa instituci\u00f3n, que est\u00e1 colocada en los primeros lugares del ranking de la educaci\u00f3n tecnol\u00f3gica en el estado de Veracruz.<\/p>\n\n\n\n<p>De acuerdo con fuentes cercanas a la SEV, lo que pretenden tanto Cardona Mendoza como Maritza Ram\u00edrez (siguiendo \u00f3rdenes de Zenyazen), es desacreditar a todo el personal difamando desde el anonimato, para colocar a sus incondicionales y continuar con el saqueo que en el pasado reciente realizaron en varias \u00e1reas del sector educativo.<\/p>\n\n\n\n<p>Seg\u00fan informaci\u00f3n que circula al interior de la SEV, el grupo de Zenyazen Escobar Garc\u00eda estuvo ligado a Eleazar Guerrero P\u00e9rez y a Eleazar Guerrero Barrera, que en los \u00faltimos meses de la administraci\u00f3n de Cuitl\u00e1huac Garc\u00eda Jim\u00e9nez, aprovecharon para saquear a la SEV y llevarse los ahorros y econom\u00edas generadas durante los cinco a\u00f1os anteriores.<\/p>\n\n\n\n<p>Con motivo de lo anterior, existen denuncias por da\u00f1o patrimonial ante la Fiscal\u00eda General del Estado, adem\u00e1s de que hay expedientes que obran en poder del \u00d3rgano Interno de Control de la Contralor\u00eda General del Estado y hasta en el \u00d3rgano de Fiscalizaci\u00f3n Superior del Estado de Veracruz.<\/p>\n\n\n\n<p>Por otra parte, Ver\u00f3nica Vianey Ostoa Mor\u00e1n, actual encargada de la Direcci\u00f3n del Tec de Xalapa, se reporta de manera permanente con \u00d3scar Alejandro Trujillo Flores, el ex director del Tecnol\u00f3gico que impuso en el puesto el ex subsecretario de Finanzas Eleazar Guerrero P\u00e9rez, el primo del ex gobernador Cuitl\u00e1huac Garc\u00eda; tambi\u00e9n con el grupo de Zenyazen Escobar y la propia subsecretaria Maritza Ram\u00edrez Aguilar.<\/p>\n\n\n\n<p>Son estos grupos que tanto da\u00f1o ha hecho a la educaci\u00f3n de Veracruz, incrustados en el Instituto Tecnol\u00f3gico Superior de Xalapa, quienes le siguen causando da\u00f1o a esa instituci\u00f3n que tantos logros ha tenido.<\/p>\n\n\n\n<p>En pocas palabras, quieren desequilibrar los 21 tecnol\u00f3gicos del estado de Veracruz y las 4 universidades; pretenden poner en crisis todo el sistema educativo superior en el estado.<\/p>\n\n\n\n<p>El reclamo social es que tanto la gobernadora Roc\u00edo Nahle Garc\u00eda, como la secretaria Claudia Tello Espinosa, revisen el actuar de estas personas, y den un golpe de tim\u00f3n para evitar que estos grupos le sigan haciendo da\u00f1o al Tecnol\u00f3gico de Xalapa y a otras importantes instituciones educativas.<\/p>\n\n\n\n<p>bernardogup@hotmail.com<\/p>\n","protected":false},"excerpt":{"rendered":"<p>[S\u00edguenos ahora tambi\u00e9n en WhatsApp.\u00a0Da clic aqu\u00ed]\u00a0Bernardo Guti\u00e9rrez Parra Desde el Caf\u00e9No falla, cada vez que hay cambio de gobierno en Veracruz, algunos sindicatos de maestros se le alebrestan al nuevo titular de la Secretar\u00eda de Educaci\u00f3n estatal con el \u00fanico fin de \u201ccalarlo\u201d y ver qu\u00e9 le pueden sacar. Pero que se recuerde, ning\u00fan [&hellip;]<\/p>\n","protected":false},"author":2,"featured_media":119914,"comment_status":"closed","ping_status":"closed","sticky":false,"template":"","format":"standard","meta":{"tdm_status":"","tdm_grid_status":"","footnotes":""},"categories":[70],"tags":[1026,195],"class_list":{"0":"post-140911","1":"post","2":"type-post","3":"status-publish","4":"format-standard","5":"has-post-thumbnail","7":"category-de-opinion","8":"tag-morena","9":"tag-veracruz"},"yoast_head":"<!-- This site is optimized with the Yoast SEO plugin v27.4 - https:\/\/yoast.com\/product\/yoast-seo-wordpress\/ -->\n<title>LEALES A ZENYAZEN PRETENDEN DESCARRILAR AL TEC DE XALAPA - Los pol\u00edticos Veracruz<\/title>\n<meta name=\"robots\" content=\"index, follow, max-snippet:-1, max-image-preview:large, max-video-preview:-1\" \/>\n<link rel=\"canonical\" href=\"https:\/\/lospoliticosveracruz.com\/?p=140911\" \/>\n<meta property=\"og:locale\" content=\"es_ES\" \/>\n<meta property=\"og:type\" content=\"article\" \/>\n<meta property=\"og:title\" content=\"LEALES A ZENYAZEN PRETENDEN DESCARRILAR AL TEC DE XALAPA - Los pol\u00edticos Veracruz\" \/>\n<meta property=\"og:description\" content=\"[S\u00edguenos ahora tambi\u00e9n en WhatsApp.\u00a0Da clic aqu\u00ed]\u00a0Bernardo Guti\u00e9rrez Parra Desde el Caf\u00e9No falla, cada vez que hay cambio de gobierno en Veracruz, algunos sindicatos de maestros se le alebrestan al nuevo titular de la Secretar\u00eda de Educaci\u00f3n estatal con el \u00fanico fin de \u201ccalarlo\u201d y ver qu\u00e9 le pueden sacar. Pero que se recuerde, ning\u00fan [&hellip;]\" \/>\n<meta property=\"og:url\" content=\"https:\/\/lospoliticosveracruz.com\/?p=140911\" \/>\n<meta property=\"og:site_name\" content=\"Los pol\u00edticos Veracruz\" \/>\n<meta property=\"article:publisher\" content=\"https:\/\/www.facebook.com\/people\/Notimemes-de-los-Polticos\/61565672886568\/\" \/>\n<meta property=\"article:published_time\" content=\"2025-04-01T11:30:50+00:00\" \/>\n<meta property=\"article:modified_time\" content=\"2025-04-01T11:34:14+00:00\" \/>\n<meta property=\"og:image\" content=\"https:\/\/lospoliticosveracruz.com\/wp-content\/uploads\/2024\/03\/Bernardo.jpg\" \/>\n\t<meta property=\"og:image:width\" content=\"1250\" \/>\n\t<meta property=\"og:image:height\" content=\"667\" \/>\n\t<meta property=\"og:image:type\" content=\"image\/jpeg\" \/>\n<meta name=\"author\" content=\"Lo viste en Los Pol\u00edticos\" \/>\n<meta name=\"twitter:card\" content=\"summary_large_image\" \/>\n<meta name=\"twitter:creator\" content=\"@LosPoliticosVer\" \/>\n<meta name=\"twitter:site\" content=\"@LosPoliticosVer\" \/>\n<meta name=\"twitter:label1\" content=\"Escrito por\" \/>\n\t<meta name=\"twitter:data1\" content=\"Lo viste en Los Pol\u00edticos\" \/>\n\t<meta name=\"twitter:label2\" content=\"Tiempo de lectura\" \/>\n\t<meta name=\"twitter:data2\" content=\"3 minutos\" \/>\n<script type=\"application\/ld+json\" class=\"yoast-schema-graph\">{\"@context\":\"https:\\\/\\\/schema.org\",\"@graph\":[{\"@type\":\"Article\",\"@id\":\"https:\\\/\\\/lospoliticosveracruz.com\\\/?p=140911#article\",\"isPartOf\":{\"@id\":\"https:\\\/\\\/lospoliticosveracruz.com\\\/?p=140911\"},\"author\":{\"name\":\"Lo viste en Los Pol\u00edticos\",\"@id\":\"https:\\\/\\\/lospoliticosveracruz.com\\\/#\\\/schema\\\/person\\\/b8702bb0e538456e6efd07080bf2a4a2\"},\"headline\":\"LEALES A ZENYAZEN PRETENDEN DESCARRILAR AL TEC DE XALAPA\",\"datePublished\":\"2025-04-01T11:30:50+00:00\",\"dateModified\":\"2025-04-01T11:34:14+00:00\",\"mainEntityOfPage\":{\"@id\":\"https:\\\/\\\/lospoliticosveracruz.com\\\/?p=140911\"},\"wordCount\":598,\"publisher\":{\"@id\":\"https:\\\/\\\/lospoliticosveracruz.com\\\/#organization\"},\"image\":{\"@id\":\"https:\\\/\\\/lospoliticosveracruz.com\\\/?p=140911#primaryimage\"},\"thumbnailUrl\":\"https:\\\/\\\/lospoliticosveracruz.com\\\/wp-content\\\/uploads\\\/2024\\\/03\\\/Bernardo.jpg\",\"keywords\":[\"Morena\",\"Veracruz\"],\"articleSection\":[\"De Opini\u00f3n\"],\"inLanguage\":\"es\"},{\"@type\":\"WebPage\",\"@id\":\"https:\\\/\\\/lospoliticosveracruz.com\\\/?p=140911\",\"url\":\"https:\\\/\\\/lospoliticosveracruz.com\\\/?p=140911\",\"name\":\"LEALES A ZENYAZEN PRETENDEN DESCARRILAR AL TEC DE XALAPA - Los pol\u00edticos Veracruz\",\"isPartOf\":{\"@id\":\"https:\\\/\\\/lospoliticosveracruz.com\\\/#website\"},\"primaryImageOfPage\":{\"@id\":\"https:\\\/\\\/lospoliticosveracruz.com\\\/?p=140911#primaryimage\"},\"image\":{\"@id\":\"https:\\\/\\\/lospoliticosveracruz.com\\\/?p=140911#primaryimage\"},\"thumbnailUrl\":\"https:\\\/\\\/lospoliticosveracruz.com\\\/wp-content\\\/uploads\\\/2024\\\/03\\\/Bernardo.jpg\",\"datePublished\":\"2025-04-01T11:30:50+00:00\",\"dateModified\":\"2025-04-01T11:34:14+00:00\",\"breadcrumb\":{\"@id\":\"https:\\\/\\\/lospoliticosveracruz.com\\\/?p=140911#breadcrumb\"},\"inLanguage\":\"es\",\"potentialAction\":[{\"@type\":\"ReadAction\",\"target\":[\"https:\\\/\\\/lospoliticosveracruz.com\\\/?p=140911\"]}]},{\"@type\":\"ImageObject\",\"inLanguage\":\"es\",\"@id\":\"https:\\\/\\\/lospoliticosveracruz.com\\\/?p=140911#primaryimage\",\"url\":\"https:\\\/\\\/lospoliticosveracruz.com\\\/wp-content\\\/uploads\\\/2024\\\/03\\\/Bernardo.jpg\",\"contentUrl\":\"https:\\\/\\\/lospoliticosveracruz.com\\\/wp-content\\\/uploads\\\/2024\\\/03\\\/Bernardo.jpg\",\"width\":1250,\"height\":667},{\"@type\":\"BreadcrumbList\",\"@id\":\"https:\\\/\\\/lospoliticosveracruz.com\\\/?p=140911#breadcrumb\",\"itemListElement\":[{\"@type\":\"ListItem\",\"position\":1,\"name\":\"Portada\",\"item\":\"https:\\\/\\\/lospoliticosveracruz.com\\\/\"},{\"@type\":\"ListItem\",\"position\":2,\"name\":\"LEALES A ZENYAZEN PRETENDEN DESCARRILAR AL TEC DE XALAPA\"}]},{\"@type\":\"WebSite\",\"@id\":\"https:\\\/\\\/lospoliticosveracruz.com\\\/#website\",\"url\":\"https:\\\/\\\/lospoliticosveracruz.com\\\/\",\"name\":\"Los pol\u00edticos Veracruz\",\"description\":\"\",\"publisher\":{\"@id\":\"https:\\\/\\\/lospoliticosveracruz.com\\\/#organization\"},\"potentialAction\":[{\"@type\":\"SearchAction\",\"target\":{\"@type\":\"EntryPoint\",\"urlTemplate\":\"https:\\\/\\\/lospoliticosveracruz.com\\\/?s={search_term_string}\"},\"query-input\":{\"@type\":\"PropertyValueSpecification\",\"valueRequired\":true,\"valueName\":\"search_term_string\"}}],\"inLanguage\":\"es\"},{\"@type\":\"Organization\",\"@id\":\"https:\\\/\\\/lospoliticosveracruz.com\\\/#organization\",\"name\":\"Los pol\u00edticos Veracruz\",\"url\":\"https:\\\/\\\/lospoliticosveracruz.com\\\/\",\"logo\":{\"@type\":\"ImageObject\",\"inLanguage\":\"es\",\"@id\":\"https:\\\/\\\/lospoliticosveracruz.com\\\/#\\\/schema\\\/logo\\\/image\\\/\",\"url\":\"https:\\\/\\\/lospoliticosveracruz.com\\\/wp-content\\\/uploads\\\/2025\\\/12\\\/Logo-Nuevo-LOS-POLITICOS-1.jpg\",\"contentUrl\":\"https:\\\/\\\/lospoliticosveracruz.com\\\/wp-content\\\/uploads\\\/2025\\\/12\\\/Logo-Nuevo-LOS-POLITICOS-1.jpg\",\"width\":260,\"height\":70,\"caption\":\"Los pol\u00edticos Veracruz\"},\"image\":{\"@id\":\"https:\\\/\\\/lospoliticosveracruz.com\\\/#\\\/schema\\\/logo\\\/image\\\/\"},\"sameAs\":[\"https:\\\/\\\/www.facebook.com\\\/people\\\/Notimemes-de-los-Polticos\\\/61565672886568\\\/\",\"https:\\\/\\\/x.com\\\/LosPoliticosVer\"]},{\"@type\":\"Person\",\"@id\":\"https:\\\/\\\/lospoliticosveracruz.com\\\/#\\\/schema\\\/person\\\/b8702bb0e538456e6efd07080bf2a4a2\",\"name\":\"Lo viste en Los Pol\u00edticos\",\"image\":{\"@type\":\"ImageObject\",\"inLanguage\":\"es\",\"@id\":\"https:\\\/\\\/secure.gravatar.com\\\/avatar\\\/3a8de04a2656d44082be478bd6c086daa447c4651605818287b9532d3d0bd435?s=96&d=mm&r=g\",\"url\":\"https:\\\/\\\/secure.gravatar.com\\\/avatar\\\/3a8de04a2656d44082be478bd6c086daa447c4651605818287b9532d3d0bd435?s=96&d=mm&r=g\",\"contentUrl\":\"https:\\\/\\\/secure.gravatar.com\\\/avatar\\\/3a8de04a2656d44082be478bd6c086daa447c4651605818287b9532d3d0bd435?s=96&d=mm&r=g\",\"caption\":\"Lo viste en Los Pol\u00edticos\"},\"url\":\"https:\\\/\\\/lospoliticosveracruz.com\\\/?author=2\"}]}<\/script>\n<!-- \/ Yoast SEO plugin. -->","yoast_head_json":{"title":"LEALES A ZENYAZEN PRETENDEN DESCARRILAR AL TEC DE XALAPA - Los pol\u00edticos Veracruz","robots":{"index":"index","follow":"follow","max-snippet":"max-snippet:-1","max-image-preview":"max-image-preview:large","max-video-preview":"max-video-preview:-1"},"canonical":"https:\/\/lospoliticosveracruz.com\/?p=140911","og_locale":"es_ES","og_type":"article","og_title":"LEALES A ZENYAZEN PRETENDEN DESCARRILAR AL TEC DE XALAPA - Los pol\u00edticos Veracruz","og_description":"[S\u00edguenos ahora tambi\u00e9n en WhatsApp.\u00a0Da clic aqu\u00ed]\u00a0Bernardo Guti\u00e9rrez Parra Desde el Caf\u00e9No falla, cada vez que hay cambio de gobierno en Veracruz, algunos sindicatos de maestros se le alebrestan al nuevo titular de la Secretar\u00eda de Educaci\u00f3n estatal con el \u00fanico fin de \u201ccalarlo\u201d y ver qu\u00e9 le pueden sacar. Pero que se recuerde, ning\u00fan [&hellip;]","og_url":"https:\/\/lospoliticosveracruz.com\/?p=140911","og_site_name":"Los pol\u00edticos Veracruz","article_publisher":"https:\/\/www.facebook.com\/people\/Notimemes-de-los-Polticos\/61565672886568\/","article_published_time":"2025-04-01T11:30:50+00:00","article_modified_time":"2025-04-01T11:34:14+00:00","og_image":[{"width":1250,"height":667,"url":"https:\/\/lospoliticosveracruz.com\/wp-content\/uploads\/2024\/03\/Bernardo.jpg","type":"image\/jpeg"}],"author":"Lo viste en Los Pol\u00edticos","twitter_card":"summary_large_image","twitter_creator":"@LosPoliticosVer","twitter_site":"@LosPoliticosVer","twitter_misc":{"Escrito por":"Lo viste en Los Pol\u00edticos","Tiempo de lectura":"3 minutos"},"schema":{"@context":"https:\/\/schema.org","@graph":[{"@type":"Article","@id":"https:\/\/lospoliticosveracruz.com\/?p=140911#article","isPartOf":{"@id":"https:\/\/lospoliticosveracruz.com\/?p=140911"},"author":{"name":"Lo viste en Los Pol\u00edticos","@id":"https:\/\/lospoliticosveracruz.com\/#\/schema\/person\/b8702bb0e538456e6efd07080bf2a4a2"},"headline":"LEALES A ZENYAZEN PRETENDEN DESCARRILAR AL TEC DE XALAPA","datePublished":"2025-04-01T11:30:50+00:00","dateModified":"2025-04-01T11:34:14+00:00","mainEntityOfPage":{"@id":"https:\/\/lospoliticosveracruz.com\/?p=140911"},"wordCount":598,"publisher":{"@id":"https:\/\/lospoliticosveracruz.com\/#organization"},"image":{"@id":"https:\/\/lospoliticosveracruz.com\/?p=140911#primaryimage"},"thumbnailUrl":"https:\/\/lospoliticosveracruz.com\/wp-content\/uploads\/2024\/03\/Bernardo.jpg","keywords":["Morena","Veracruz"],"articleSection":["De Opini\u00f3n"],"inLanguage":"es"},{"@type":"WebPage","@id":"https:\/\/lospoliticosveracruz.com\/?p=140911","url":"https:\/\/lospoliticosveracruz.com\/?p=140911","name":"LEALES A ZENYAZEN PRETENDEN DESCARRILAR AL TEC DE XALAPA - Los pol\u00edticos Veracruz","isPartOf":{"@id":"https:\/\/lospoliticosveracruz.com\/#website"},"primaryImageOfPage":{"@id":"https:\/\/lospoliticosveracruz.com\/?p=140911#primaryimage"},"image":{"@id":"https:\/\/lospoliticosveracruz.com\/?p=140911#primaryimage"},"thumbnailUrl":"https:\/\/lospoliticosveracruz.com\/wp-content\/uploads\/2024\/03\/Bernardo.jpg","datePublished":"2025-04-01T11:30:50+00:00","dateModified":"2025-04-01T11:34:14+00:00","breadcrumb":{"@id":"https:\/\/lospoliticosveracruz.com\/?p=140911#breadcrumb"},"inLanguage":"es","potentialAction":[{"@type":"ReadAction","target":["https:\/\/lospoliticosveracruz.com\/?p=140911"]}]},{"@type":"ImageObject","inLanguage":"es","@id":"https:\/\/lospoliticosveracruz.com\/?p=140911#primaryimage","url":"https:\/\/lospoliticosveracruz.com\/wp-content\/uploads\/2024\/03\/Bernardo.jpg","contentUrl":"https:\/\/lospoliticosveracruz.com\/wp-content\/uploads\/2024\/03\/Bernardo.jpg","width":1250,"height":667},{"@type":"BreadcrumbList","@id":"https:\/\/lospoliticosveracruz.com\/?p=140911#breadcrumb","itemListElement":[{"@type":"ListItem","position":1,"name":"Portada","item":"https:\/\/lospoliticosveracruz.com\/"},{"@type":"ListItem","position":2,"name":"LEALES A ZENYAZEN PRETENDEN DESCARRILAR AL TEC DE XALAPA"}]},{"@type":"WebSite","@id":"https:\/\/lospoliticosveracruz.com\/#website","url":"https:\/\/lospoliticosveracruz.com\/","name":"Los pol\u00edticos Veracruz","description":"","publisher":{"@id":"https:\/\/lospoliticosveracruz.com\/#organization"},"potentialAction":[{"@type":"SearchAction","target":{"@type":"EntryPoint","urlTemplate":"https:\/\/lospoliticosveracruz.com\/?s={search_term_string}"},"query-input":{"@type":"PropertyValueSpecification","valueRequired":true,"valueName":"search_term_string"}}],"inLanguage":"es"},{"@type":"Organization","@id":"https:\/\/lospoliticosveracruz.com\/#organization","name":"Los pol\u00edticos Veracruz","url":"https:\/\/lospoliticosveracruz.com\/","logo":{"@type":"ImageObject","inLanguage":"es","@id":"https:\/\/lospoliticosveracruz.com\/#\/schema\/logo\/image\/","url":"https:\/\/lospoliticosveracruz.com\/wp-content\/uploads\/2025\/12\/Logo-Nuevo-LOS-POLITICOS-1.jpg","contentUrl":"https:\/\/lospoliticosveracruz.com\/wp-content\/uploads\/2025\/12\/Logo-Nuevo-LOS-POLITICOS-1.jpg","width":260,"height":70,"caption":"Los pol\u00edticos Veracruz"},"image":{"@id":"https:\/\/lospoliticosveracruz.com\/#\/schema\/logo\/image\/"},"sameAs":["https:\/\/www.facebook.com\/people\/Notimemes-de-los-Polticos\/61565672886568\/","https:\/\/x.com\/LosPoliticosVer"]},{"@type":"Person","@id":"https:\/\/lospoliticosveracruz.com\/#\/schema\/person\/b8702bb0e538456e6efd07080bf2a4a2","name":"Lo viste en Los Pol\u00edticos","image":{"@type":"ImageObject","inLanguage":"es","@id":"https:\/\/secure.gravatar.com\/avatar\/3a8de04a2656d44082be478bd6c086daa447c4651605818287b9532d3d0bd435?s=96&d=mm&r=g","url":"https:\/\/secure.gravatar.com\/avatar\/3a8de04a2656d44082be478bd6c086daa447c4651605818287b9532d3d0bd435?s=96&d=mm&r=g","contentUrl":"https:\/\/secure.gravatar.com\/avatar\/3a8de04a2656d44082be478bd6c086daa447c4651605818287b9532d3d0bd435?s=96&d=mm&r=g","caption":"Lo viste en Los Pol\u00edticos"},"url":"https:\/\/lospoliticosveracruz.com\/?author=2"}]}},"_links":{"self":[{"href":"https:\/\/lospoliticosveracruz.com\/index.php?rest_route=\/wp\/v2\/posts\/140911","targetHints":{"allow":["GET"]}}],"collection":[{"href":"https:\/\/lospoliticosveracruz.com\/index.php?rest_route=\/wp\/v2\/posts"}],"about":[{"href":"https:\/\/lospoliticosveracruz.com\/index.php?rest_route=\/wp\/v2\/types\/post"}],"author":[{"embeddable":true,"href":"https:\/\/lospoliticosveracruz.com\/index.php?rest_route=\/wp\/v2\/users\/2"}],"replies":[{"embeddable":true,"href":"https:\/\/lospoliticosveracruz.com\/index.php?rest_route=%2Fwp%2Fv2%2Fcomments&post=140911"}],"version-history":[{"count":1,"href":"https:\/\/lospoliticosveracruz.com\/index.php?rest_route=\/wp\/v2\/posts\/140911\/revisions"}],"predecessor-version":[{"id":140913,"href":"https:\/\/lospoliticosveracruz.com\/index.php?rest_route=\/wp\/v2\/posts\/140911\/revisions\/140913"}],"wp:featuredmedia":[{"embeddable":true,"href":"https:\/\/lospoliticosveracruz.com\/index.php?rest_route=\/wp\/v2\/media\/119914"}],"wp:attachment":[{"href":"https:\/\/lospoliticosveracruz.com\/index.php?rest_route=%2Fwp%2Fv2%2Fmedia&parent=140911"}],"wp:term":[{"taxonomy":"category","embeddable":true,"href":"https:\/\/lospoliticosveracruz.com\/index.php?rest_route=%2Fwp%2Fv2%2Fcategories&post=140911"},{"taxonomy":"post_tag","embeddable":true,"href":"https:\/\/lospoliticosveracruz.com\/index.php?rest_route=%2Fwp%2Fv2%2Ftags&post=140911"}],"curies":[{"name":"wp","href":"https:\/\/api.w.org\/{rel}","templated":true}]}}