{"id":140915,"date":"2025-04-01T05:45:58","date_gmt":"2025-04-01T11:45:58","guid":{"rendered":"https:\/\/lospoliticosveracruz.com.mx\/?p=140915"},"modified":"2025-04-01T05:46:32","modified_gmt":"2025-04-01T11:46:32","slug":"morena-y-su-caida-en-boca-del-rio","status":"publish","type":"post","link":"https:\/\/lospoliticosveracruz.com\/?p=140915","title":{"rendered":"MORENA Y SU CA\u00cdDA EN BOCA DEL R\u00cdO"},"content":{"rendered":"\n<p>[S\u00edguenos ahora tambi\u00e9n en WhatsApp.\u00a0<a href=\"https:\/\/whatsapp.com\/channel\/0029Va8zRWlEKyZIP3Z1dF0e\"><strong><em>Da clic aqu\u00ed<\/em><\/strong><\/a>]\u00a0<br><strong>Ricardo Chua<\/strong><\/p>\n\n\n\n<p><em>Sale y Vale<\/em><\/p>\n\n\n\n<p>Muchos se han preguntado en qu\u00e9 argumentos pol\u00edticos y electorales.. Se han basado para se\u00f1alar que en el municipio de Boca del R\u00edo.. El partido MORENA con su candidata a la alcald\u00eda, la diputada local con licencia, Bertha Ahued Malpica puede PERDER la elecci\u00f3n con la candidata del PAN, la diputada federal con licencia, Maryjose Gamboa Torales.. En un escenario electoral de 2 a 1.. Cuando en otros municipios, los \u00abMorenos\u00bb tiene gran facilidad de ganar por la marca aunque sea con un mal candidato o una imposici\u00f3n.. La respuesta es sencilla: El padr\u00f3n electoral boque\u00f1o..<\/p>\n\n\n\n<p>El argumento m\u00e1s s\u00f3lido que hay es el tema del padr\u00f3n de beneficiarios de programas sociales del gobierno federal.. Tanto a j\u00f3venes como adultos mayores, que hacen que MORENA gane de facto municipios que tienen un gran n\u00famero de beneficiarios porque todos ellos, \u00absalen\u00bb a votar por MORENA.. Despu\u00e9s de que desde hace 6 a\u00f1os, Andr\u00e9s Manuel L\u00f3pez Obrador cautiv\u00f3 ese voto con dinero.. Y lo manejaron muy bien.. Pero en Boca del R\u00edo s\u00f3lo el 35 a 38 por ciento de su poblaci\u00f3n total son beneficiarios de un programa social federal.. Y el resto de la poblaci\u00f3n no.. Eso hace la diferencia.. MORENA no inicia con esa ventaja..<\/p>\n\n\n\n<p>Al no tener mayor\u00eda de ciudadanos en el padr\u00f3n de beneficiarios.. Ese voto no le ser\u00eda suficiente al partido MORENA.. Para darle la vuelta al PAN en la elecci\u00f3n de alcaldes.. Ya que a pesar de que los panistas llevan muchos a\u00f1os en el poder.. El voto de las zonas de mayor poder adquisitivo en la ciudad, que son tambi\u00e9n las del Estado, en esos fraccionamientos.. El voto ha sido para el PAN, no para los \u00abMorenos\u00bb por eso dif\u00edcilmente se le podr\u00eda presentar una situaci\u00f3n adversa a la candidata panista.. Mientras cuide todos estos aspectos en estos dos meses.. Podr\u00eda caminar tranquila si no comete alg\u00fan error..<\/p>\n\n\n\n<p>Adem\u00e1s el otro factor es sencillo de explicar.. S\u00f3lo hay que recordar que en las elecciones del 2024 para Presidenta y Gobernador.. Boca del R\u00edo fue el \u00fanico municipio de la entidad.. Donde Claudia Shienbaum y Roc\u00edo Nahle perdieron su elecci\u00f3n.. No la ganaron y bas\u00e1ndose en esos n\u00fameros.. La situaci\u00f3n se torna m\u00e1s dif\u00edcil para MORENA y su candidata, Bertha Ahued.. Sobre todo porque el partido en este lugar, se encuentra completamente \u00abfracturado\u00bb por los grupos que no fueron tomados en cuenta en la designaci\u00f3n de candidatos a alcaldes y regidores.. Acusan de traici\u00f3n y \u00abdedazos\u00bb.. Est\u00e1n desunidos..<\/p>\n\n\n\n<p>La otra raz\u00f3n es que Bertha Ahued viene de un distrito de Veracruz puerto.. De ah\u00ed es diputada local.. Boca del R\u00edo fue una demarcaci\u00f3n que no pis\u00f3 hasta finales del 2024 cuando se descart\u00f3 a la ex secretaria de Turismo del gobierno estatal, \u00abNena\u00bb de la Reguera, como candidata a la alcald\u00eda y la tuvieron que subir a ella en ese \u00abbarco\u00bb.. Muchos la ven como una imposici\u00f3n de MORENA.. Mientras que Maryjose Gamboa, ha sido diputada por ese distrito dos veces en elecciones ganadas y ha logrado triunfar en los a\u00f1os m\u00e1s fuertes de L\u00f3pez Obrador que fue del 2018 al 2024.. No ha perdido una elecci\u00f3n..<\/p>\n\n\n\n<p>Al ser del PAN ese distrito y ser tambi\u00e9n uno que ya gan\u00f3 la misma Gamboa Torales.. Se convierte en un municipio m\u00e1s complicado para MORENA.. Ya que esa demarcaci\u00f3n la diputada panista lo ha recorrido cientos de veces y ella conoce a los operadores pol\u00edticos del municipio.. Mientras que Ahued Malpica viene llegando a un municipio que no oper\u00f3 el a\u00f1o pasado.. Y la marca no le alcanza porque la mayor\u00eda de la poblaci\u00f3n boque\u00f1a, no depende de un programa social.. La tierra que ha caminado a Gamboa, simplemente, Bertha no la tiene y es muy poco el lapso de tiempo que tiene para darle la vuelta..<\/p>\n\n\n\n<p>El otro factor en contra de MORENA, se llama Ra\u00fal Zarrabal, que ahora es candidato de Movimiento Ciudadano, al cual los \u00abMorenos\u00bb despreciaron porque nunca lo llamaron a sus filas.. Pese a los conflictos que tuvieron para encontrar un candidato.. MC se dio cuenta y fue por \u00e9l y lo convencieron para \u00abjugar\u00bb con ellos.. Quiz\u00e1s a Zarrabal no le alcance el partido \u00abnaranja\u00bb para ganar.. Pero, sin duda, ser\u00e1 un FACTOR que beneficie al PAN.. Ya que los votos que Ra\u00fal obtenga de m\u00e1s para MC ser\u00e1 lo que les \u00abquite\u00bb a MORENA y al PRI.. No al PAN.. Los priistas est\u00e1n con MORENA no con el PAN..<\/p>\n\n\n\n<p>Zarrabal es un ex priista que todos los operadores pol\u00edticos que conoce en Boca del R\u00edo.. Son del PRI.. Ese PRI que lo encumbr\u00f3 como regidor, diputado local y como alto funcionario estatal en el gobierno de Javier Duarte.. El PRI s\u00f3lo le neg\u00f3 la oportunidad de ser candidato a alcalde.. MORENA hizo lo mismo.. Pero ah\u00ed los \u00abMorenos\u00bb cometieron un gran error.. Si Ra\u00fal hubiera sido candidato de MORENA seguro ese partido hubiera tenido mayor oportunidad de ganar el municipio y a lo mejor Maryjose no hubiera tenido nada que hacer.. Pero no quisieron y se fue con MC.. Y los priistas ir\u00e1n con \u00e9l, no con MORENA..<\/p>\n\n\n\n<p>Con esos escenarios adversos es que los \u00abMorenos\u00bb pueden ver como Boca del R\u00edo.. Se queda con el PAN y que Maryjose Gamboa se pueda convertir en la primera mujer que gobierne esta ciudad.. Los n\u00fameros pueden variar pero con un MC con un candidato priista que es m\u00e1s fuerte ante los boque\u00f1os que la candidata de MORENA.. Ese puede ser el factor que le de el triunfo al PAN.. S\u00f3lo que Zarrabal se baje de la contienda (cosa que dif\u00edcilmente va a suceder y si eso pasa, el contubernio MORENA-MC ser\u00eda evidente) y que los \u00abNaranjas\u00bb no tengan candidato como pas\u00f3 en el Estado de M\u00e9xico en 2023.. Es que los Morenos pudieran dar la vuelta..<\/p>\n\n\n\n<p>REFLEXI\u00d3N.. Si bien es cierto el PAN ya no es ese partido que arrasaba en Boca del R\u00edo como suced\u00eda.. Hasta hace 10 a\u00f1os.. Lo cierto es que MORENA no hizo CRECER a nadie ah\u00ed en estos 6 a\u00f1os porque a Cuitl\u00e1huac Garc\u00eda cuando gobern\u00f3 Veracruz, nunca le interes\u00f3 porque era \u00abTierra de Los Yunes\u00bb.. Ahora que pr\u00e1cticamente ellos tienen fuera las manos del PAN y operan con la 4T.. Ni a\u00fan as\u00ed pareciera que le podr\u00e1n quitar el poder al partido \u00abAzul\u00bb.. Esto s\u00f3lo puede pasar que Maryjose Gamboa cometa un GRAVE error de c\u00e1lculo pol\u00edtico y se revierta.. Porque hasta con la planilla de regidores en MORENA \u00abexplotaron\u00bb.. Y as\u00ed, no se puede.. AMEN..<\/p>\n","protected":false},"excerpt":{"rendered":"<p>[S\u00edguenos ahora tambi\u00e9n en WhatsApp.\u00a0Da clic aqu\u00ed]\u00a0Ricardo Chua Sale y Vale Muchos se han preguntado en qu\u00e9 argumentos pol\u00edticos y electorales.. Se han basado para se\u00f1alar que en el municipio de Boca del R\u00edo.. El partido MORENA con su candidata a la alcald\u00eda, la diputada local con licencia, Bertha Ahued Malpica puede PERDER la elecci\u00f3n [&hellip;]<\/p>\n","protected":false},"author":2,"featured_media":119817,"comment_status":"closed","ping_status":"closed","sticky":false,"template":"","format":"standard","meta":{"tdm_status":"","tdm_grid_status":"","footnotes":""},"categories":[70],"tags":[1937,1026,3447,195],"class_list":{"0":"post-140915","1":"post","2":"type-post","3":"status-publish","4":"format-standard","5":"has-post-thumbnail","7":"category-de-opinion","8":"tag-maryjose-gamboa","9":"tag-morena","10":"tag-raul-zarrabal","11":"tag-veracruz"},"yoast_head":"<!-- This site is optimized with the Yoast SEO plugin v27.4 - https:\/\/yoast.com\/product\/yoast-seo-wordpress\/ -->\n<title>MORENA Y SU CA\u00cdDA EN BOCA DEL R\u00cdO - Los pol\u00edticos Veracruz<\/title>\n<meta name=\"robots\" content=\"index, follow, max-snippet:-1, max-image-preview:large, max-video-preview:-1\" \/>\n<link rel=\"canonical\" href=\"https:\/\/lospoliticosveracruz.com\/?p=140915\" \/>\n<meta property=\"og:locale\" content=\"es_ES\" \/>\n<meta property=\"og:type\" content=\"article\" \/>\n<meta property=\"og:title\" content=\"MORENA Y SU CA\u00cdDA EN BOCA DEL R\u00cdO - Los pol\u00edticos Veracruz\" \/>\n<meta property=\"og:description\" content=\"[S\u00edguenos ahora tambi\u00e9n en WhatsApp.\u00a0Da clic aqu\u00ed]\u00a0Ricardo Chua Sale y Vale Muchos se han preguntado en qu\u00e9 argumentos pol\u00edticos y electorales.. Se han basado para se\u00f1alar que en el municipio de Boca del R\u00edo.. El partido MORENA con su candidata a la alcald\u00eda, la diputada local con licencia, Bertha Ahued Malpica puede PERDER la elecci\u00f3n [&hellip;]\" \/>\n<meta property=\"og:url\" content=\"https:\/\/lospoliticosveracruz.com\/?p=140915\" \/>\n<meta property=\"og:site_name\" content=\"Los pol\u00edticos Veracruz\" \/>\n<meta property=\"article:publisher\" content=\"https:\/\/www.facebook.com\/people\/Notimemes-de-los-Polticos\/61565672886568\/\" \/>\n<meta property=\"article:published_time\" content=\"2025-04-01T11:45:58+00:00\" \/>\n<meta property=\"article:modified_time\" content=\"2025-04-01T11:46:32+00:00\" \/>\n<meta property=\"og:image\" content=\"https:\/\/lospoliticosveracruz.com\/wp-content\/uploads\/2024\/03\/Ricardo-Chua.jpg\" \/>\n\t<meta property=\"og:image:width\" content=\"1250\" \/>\n\t<meta property=\"og:image:height\" content=\"667\" \/>\n\t<meta property=\"og:image:type\" content=\"image\/jpeg\" \/>\n<meta name=\"author\" content=\"Lo viste en Los Pol\u00edticos\" \/>\n<meta name=\"twitter:card\" content=\"summary_large_image\" \/>\n<meta name=\"twitter:creator\" content=\"@LosPoliticosVer\" \/>\n<meta name=\"twitter:site\" content=\"@LosPoliticosVer\" \/>\n<meta name=\"twitter:label1\" content=\"Escrito por\" \/>\n\t<meta name=\"twitter:data1\" content=\"Lo viste en Los Pol\u00edticos\" \/>\n\t<meta name=\"twitter:label2\" content=\"Tiempo de lectura\" \/>\n\t<meta name=\"twitter:data2\" content=\"6 minutos\" \/>\n<script type=\"application\/ld+json\" class=\"yoast-schema-graph\">{\"@context\":\"https:\\\/\\\/schema.org\",\"@graph\":[{\"@type\":\"Article\",\"@id\":\"https:\\\/\\\/lospoliticosveracruz.com\\\/?p=140915#article\",\"isPartOf\":{\"@id\":\"https:\\\/\\\/lospoliticosveracruz.com\\\/?p=140915\"},\"author\":{\"name\":\"Lo viste en Los Pol\u00edticos\",\"@id\":\"https:\\\/\\\/lospoliticosveracruz.com\\\/#\\\/schema\\\/person\\\/b8702bb0e538456e6efd07080bf2a4a2\"},\"headline\":\"MORENA Y SU CA\u00cdDA EN BOCA DEL R\u00cdO\",\"datePublished\":\"2025-04-01T11:45:58+00:00\",\"dateModified\":\"2025-04-01T11:46:32+00:00\",\"mainEntityOfPage\":{\"@id\":\"https:\\\/\\\/lospoliticosveracruz.com\\\/?p=140915\"},\"wordCount\":1186,\"publisher\":{\"@id\":\"https:\\\/\\\/lospoliticosveracruz.com\\\/#organization\"},\"image\":{\"@id\":\"https:\\\/\\\/lospoliticosveracruz.com\\\/?p=140915#primaryimage\"},\"thumbnailUrl\":\"https:\\\/\\\/lospoliticosveracruz.com\\\/wp-content\\\/uploads\\\/2024\\\/03\\\/Ricardo-Chua.jpg\",\"keywords\":[\"Maryjose Gamboa\",\"Morena\",\"Ra\u00fal Zarrabal\",\"Veracruz\"],\"articleSection\":[\"De Opini\u00f3n\"],\"inLanguage\":\"es\"},{\"@type\":\"WebPage\",\"@id\":\"https:\\\/\\\/lospoliticosveracruz.com\\\/?p=140915\",\"url\":\"https:\\\/\\\/lospoliticosveracruz.com\\\/?p=140915\",\"name\":\"MORENA Y SU CA\u00cdDA EN BOCA DEL R\u00cdO - Los pol\u00edticos Veracruz\",\"isPartOf\":{\"@id\":\"https:\\\/\\\/lospoliticosveracruz.com\\\/#website\"},\"primaryImageOfPage\":{\"@id\":\"https:\\\/\\\/lospoliticosveracruz.com\\\/?p=140915#primaryimage\"},\"image\":{\"@id\":\"https:\\\/\\\/lospoliticosveracruz.com\\\/?p=140915#primaryimage\"},\"thumbnailUrl\":\"https:\\\/\\\/lospoliticosveracruz.com\\\/wp-content\\\/uploads\\\/2024\\\/03\\\/Ricardo-Chua.jpg\",\"datePublished\":\"2025-04-01T11:45:58+00:00\",\"dateModified\":\"2025-04-01T11:46:32+00:00\",\"breadcrumb\":{\"@id\":\"https:\\\/\\\/lospoliticosveracruz.com\\\/?p=140915#breadcrumb\"},\"inLanguage\":\"es\",\"potentialAction\":[{\"@type\":\"ReadAction\",\"target\":[\"https:\\\/\\\/lospoliticosveracruz.com\\\/?p=140915\"]}]},{\"@type\":\"ImageObject\",\"inLanguage\":\"es\",\"@id\":\"https:\\\/\\\/lospoliticosveracruz.com\\\/?p=140915#primaryimage\",\"url\":\"https:\\\/\\\/lospoliticosveracruz.com\\\/wp-content\\\/uploads\\\/2024\\\/03\\\/Ricardo-Chua.jpg\",\"contentUrl\":\"https:\\\/\\\/lospoliticosveracruz.com\\\/wp-content\\\/uploads\\\/2024\\\/03\\\/Ricardo-Chua.jpg\",\"width\":1250,\"height\":667},{\"@type\":\"BreadcrumbList\",\"@id\":\"https:\\\/\\\/lospoliticosveracruz.com\\\/?p=140915#breadcrumb\",\"itemListElement\":[{\"@type\":\"ListItem\",\"position\":1,\"name\":\"Portada\",\"item\":\"https:\\\/\\\/lospoliticosveracruz.com\\\/\"},{\"@type\":\"ListItem\",\"position\":2,\"name\":\"MORENA Y SU CA\u00cdDA EN BOCA DEL R\u00cdO\"}]},{\"@type\":\"WebSite\",\"@id\":\"https:\\\/\\\/lospoliticosveracruz.com\\\/#website\",\"url\":\"https:\\\/\\\/lospoliticosveracruz.com\\\/\",\"name\":\"Los pol\u00edticos Veracruz\",\"description\":\"\",\"publisher\":{\"@id\":\"https:\\\/\\\/lospoliticosveracruz.com\\\/#organization\"},\"potentialAction\":[{\"@type\":\"SearchAction\",\"target\":{\"@type\":\"EntryPoint\",\"urlTemplate\":\"https:\\\/\\\/lospoliticosveracruz.com\\\/?s={search_term_string}\"},\"query-input\":{\"@type\":\"PropertyValueSpecification\",\"valueRequired\":true,\"valueName\":\"search_term_string\"}}],\"inLanguage\":\"es\"},{\"@type\":\"Organization\",\"@id\":\"https:\\\/\\\/lospoliticosveracruz.com\\\/#organization\",\"name\":\"Los pol\u00edticos Veracruz\",\"url\":\"https:\\\/\\\/lospoliticosveracruz.com\\\/\",\"logo\":{\"@type\":\"ImageObject\",\"inLanguage\":\"es\",\"@id\":\"https:\\\/\\\/lospoliticosveracruz.com\\\/#\\\/schema\\\/logo\\\/image\\\/\",\"url\":\"https:\\\/\\\/lospoliticosveracruz.com\\\/wp-content\\\/uploads\\\/2025\\\/12\\\/Logo-Nuevo-LOS-POLITICOS-1.jpg\",\"contentUrl\":\"https:\\\/\\\/lospoliticosveracruz.com\\\/wp-content\\\/uploads\\\/2025\\\/12\\\/Logo-Nuevo-LOS-POLITICOS-1.jpg\",\"width\":260,\"height\":70,\"caption\":\"Los pol\u00edticos Veracruz\"},\"image\":{\"@id\":\"https:\\\/\\\/lospoliticosveracruz.com\\\/#\\\/schema\\\/logo\\\/image\\\/\"},\"sameAs\":[\"https:\\\/\\\/www.facebook.com\\\/people\\\/Notimemes-de-los-Polticos\\\/61565672886568\\\/\",\"https:\\\/\\\/x.com\\\/LosPoliticosVer\"]},{\"@type\":\"Person\",\"@id\":\"https:\\\/\\\/lospoliticosveracruz.com\\\/#\\\/schema\\\/person\\\/b8702bb0e538456e6efd07080bf2a4a2\",\"name\":\"Lo viste en Los Pol\u00edticos\",\"image\":{\"@type\":\"ImageObject\",\"inLanguage\":\"es\",\"@id\":\"https:\\\/\\\/secure.gravatar.com\\\/avatar\\\/3a8de04a2656d44082be478bd6c086daa447c4651605818287b9532d3d0bd435?s=96&d=mm&r=g\",\"url\":\"https:\\\/\\\/secure.gravatar.com\\\/avatar\\\/3a8de04a2656d44082be478bd6c086daa447c4651605818287b9532d3d0bd435?s=96&d=mm&r=g\",\"contentUrl\":\"https:\\\/\\\/secure.gravatar.com\\\/avatar\\\/3a8de04a2656d44082be478bd6c086daa447c4651605818287b9532d3d0bd435?s=96&d=mm&r=g\",\"caption\":\"Lo viste en Los Pol\u00edticos\"},\"url\":\"https:\\\/\\\/lospoliticosveracruz.com\\\/?author=2\"}]}<\/script>\n<!-- \/ Yoast SEO plugin. -->","yoast_head_json":{"title":"MORENA Y SU CA\u00cdDA EN BOCA DEL R\u00cdO - Los pol\u00edticos Veracruz","robots":{"index":"index","follow":"follow","max-snippet":"max-snippet:-1","max-image-preview":"max-image-preview:large","max-video-preview":"max-video-preview:-1"},"canonical":"https:\/\/lospoliticosveracruz.com\/?p=140915","og_locale":"es_ES","og_type":"article","og_title":"MORENA Y SU CA\u00cdDA EN BOCA DEL R\u00cdO - Los pol\u00edticos Veracruz","og_description":"[S\u00edguenos ahora tambi\u00e9n en WhatsApp.\u00a0Da clic aqu\u00ed]\u00a0Ricardo Chua Sale y Vale Muchos se han preguntado en qu\u00e9 argumentos pol\u00edticos y electorales.. Se han basado para se\u00f1alar que en el municipio de Boca del R\u00edo.. El partido MORENA con su candidata a la alcald\u00eda, la diputada local con licencia, Bertha Ahued Malpica puede PERDER la elecci\u00f3n [&hellip;]","og_url":"https:\/\/lospoliticosveracruz.com\/?p=140915","og_site_name":"Los pol\u00edticos Veracruz","article_publisher":"https:\/\/www.facebook.com\/people\/Notimemes-de-los-Polticos\/61565672886568\/","article_published_time":"2025-04-01T11:45:58+00:00","article_modified_time":"2025-04-01T11:46:32+00:00","og_image":[{"width":1250,"height":667,"url":"https:\/\/lospoliticosveracruz.com\/wp-content\/uploads\/2024\/03\/Ricardo-Chua.jpg","type":"image\/jpeg"}],"author":"Lo viste en Los Pol\u00edticos","twitter_card":"summary_large_image","twitter_creator":"@LosPoliticosVer","twitter_site":"@LosPoliticosVer","twitter_misc":{"Escrito por":"Lo viste en Los Pol\u00edticos","Tiempo de lectura":"6 minutos"},"schema":{"@context":"https:\/\/schema.org","@graph":[{"@type":"Article","@id":"https:\/\/lospoliticosveracruz.com\/?p=140915#article","isPartOf":{"@id":"https:\/\/lospoliticosveracruz.com\/?p=140915"},"author":{"name":"Lo viste en Los Pol\u00edticos","@id":"https:\/\/lospoliticosveracruz.com\/#\/schema\/person\/b8702bb0e538456e6efd07080bf2a4a2"},"headline":"MORENA Y SU CA\u00cdDA EN BOCA DEL R\u00cdO","datePublished":"2025-04-01T11:45:58+00:00","dateModified":"2025-04-01T11:46:32+00:00","mainEntityOfPage":{"@id":"https:\/\/lospoliticosveracruz.com\/?p=140915"},"wordCount":1186,"publisher":{"@id":"https:\/\/lospoliticosveracruz.com\/#organization"},"image":{"@id":"https:\/\/lospoliticosveracruz.com\/?p=140915#primaryimage"},"thumbnailUrl":"https:\/\/lospoliticosveracruz.com\/wp-content\/uploads\/2024\/03\/Ricardo-Chua.jpg","keywords":["Maryjose Gamboa","Morena","Ra\u00fal Zarrabal","Veracruz"],"articleSection":["De Opini\u00f3n"],"inLanguage":"es"},{"@type":"WebPage","@id":"https:\/\/lospoliticosveracruz.com\/?p=140915","url":"https:\/\/lospoliticosveracruz.com\/?p=140915","name":"MORENA Y SU CA\u00cdDA EN BOCA DEL R\u00cdO - Los pol\u00edticos Veracruz","isPartOf":{"@id":"https:\/\/lospoliticosveracruz.com\/#website"},"primaryImageOfPage":{"@id":"https:\/\/lospoliticosveracruz.com\/?p=140915#primaryimage"},"image":{"@id":"https:\/\/lospoliticosveracruz.com\/?p=140915#primaryimage"},"thumbnailUrl":"https:\/\/lospoliticosveracruz.com\/wp-content\/uploads\/2024\/03\/Ricardo-Chua.jpg","datePublished":"2025-04-01T11:45:58+00:00","dateModified":"2025-04-01T11:46:32+00:00","breadcrumb":{"@id":"https:\/\/lospoliticosveracruz.com\/?p=140915#breadcrumb"},"inLanguage":"es","potentialAction":[{"@type":"ReadAction","target":["https:\/\/lospoliticosveracruz.com\/?p=140915"]}]},{"@type":"ImageObject","inLanguage":"es","@id":"https:\/\/lospoliticosveracruz.com\/?p=140915#primaryimage","url":"https:\/\/lospoliticosveracruz.com\/wp-content\/uploads\/2024\/03\/Ricardo-Chua.jpg","contentUrl":"https:\/\/lospoliticosveracruz.com\/wp-content\/uploads\/2024\/03\/Ricardo-Chua.jpg","width":1250,"height":667},{"@type":"BreadcrumbList","@id":"https:\/\/lospoliticosveracruz.com\/?p=140915#breadcrumb","itemListElement":[{"@type":"ListItem","position":1,"name":"Portada","item":"https:\/\/lospoliticosveracruz.com\/"},{"@type":"ListItem","position":2,"name":"MORENA Y SU CA\u00cdDA EN BOCA DEL R\u00cdO"}]},{"@type":"WebSite","@id":"https:\/\/lospoliticosveracruz.com\/#website","url":"https:\/\/lospoliticosveracruz.com\/","name":"Los pol\u00edticos Veracruz","description":"","publisher":{"@id":"https:\/\/lospoliticosveracruz.com\/#organization"},"potentialAction":[{"@type":"SearchAction","target":{"@type":"EntryPoint","urlTemplate":"https:\/\/lospoliticosveracruz.com\/?s={search_term_string}"},"query-input":{"@type":"PropertyValueSpecification","valueRequired":true,"valueName":"search_term_string"}}],"inLanguage":"es"},{"@type":"Organization","@id":"https:\/\/lospoliticosveracruz.com\/#organization","name":"Los pol\u00edticos Veracruz","url":"https:\/\/lospoliticosveracruz.com\/","logo":{"@type":"ImageObject","inLanguage":"es","@id":"https:\/\/lospoliticosveracruz.com\/#\/schema\/logo\/image\/","url":"https:\/\/lospoliticosveracruz.com\/wp-content\/uploads\/2025\/12\/Logo-Nuevo-LOS-POLITICOS-1.jpg","contentUrl":"https:\/\/lospoliticosveracruz.com\/wp-content\/uploads\/2025\/12\/Logo-Nuevo-LOS-POLITICOS-1.jpg","width":260,"height":70,"caption":"Los pol\u00edticos Veracruz"},"image":{"@id":"https:\/\/lospoliticosveracruz.com\/#\/schema\/logo\/image\/"},"sameAs":["https:\/\/www.facebook.com\/people\/Notimemes-de-los-Polticos\/61565672886568\/","https:\/\/x.com\/LosPoliticosVer"]},{"@type":"Person","@id":"https:\/\/lospoliticosveracruz.com\/#\/schema\/person\/b8702bb0e538456e6efd07080bf2a4a2","name":"Lo viste en Los Pol\u00edticos","image":{"@type":"ImageObject","inLanguage":"es","@id":"https:\/\/secure.gravatar.com\/avatar\/3a8de04a2656d44082be478bd6c086daa447c4651605818287b9532d3d0bd435?s=96&d=mm&r=g","url":"https:\/\/secure.gravatar.com\/avatar\/3a8de04a2656d44082be478bd6c086daa447c4651605818287b9532d3d0bd435?s=96&d=mm&r=g","contentUrl":"https:\/\/secure.gravatar.com\/avatar\/3a8de04a2656d44082be478bd6c086daa447c4651605818287b9532d3d0bd435?s=96&d=mm&r=g","caption":"Lo viste en Los Pol\u00edticos"},"url":"https:\/\/lospoliticosveracruz.com\/?author=2"}]}},"_links":{"self":[{"href":"https:\/\/lospoliticosveracruz.com\/index.php?rest_route=\/wp\/v2\/posts\/140915","targetHints":{"allow":["GET"]}}],"collection":[{"href":"https:\/\/lospoliticosveracruz.com\/index.php?rest_route=\/wp\/v2\/posts"}],"about":[{"href":"https:\/\/lospoliticosveracruz.com\/index.php?rest_route=\/wp\/v2\/types\/post"}],"author":[{"embeddable":true,"href":"https:\/\/lospoliticosveracruz.com\/index.php?rest_route=\/wp\/v2\/users\/2"}],"replies":[{"embeddable":true,"href":"https:\/\/lospoliticosveracruz.com\/index.php?rest_route=%2Fwp%2Fv2%2Fcomments&post=140915"}],"version-history":[{"count":2,"href":"https:\/\/lospoliticosveracruz.com\/index.php?rest_route=\/wp\/v2\/posts\/140915\/revisions"}],"predecessor-version":[{"id":140917,"href":"https:\/\/lospoliticosveracruz.com\/index.php?rest_route=\/wp\/v2\/posts\/140915\/revisions\/140917"}],"wp:featuredmedia":[{"embeddable":true,"href":"https:\/\/lospoliticosveracruz.com\/index.php?rest_route=\/wp\/v2\/media\/119817"}],"wp:attachment":[{"href":"https:\/\/lospoliticosveracruz.com\/index.php?rest_route=%2Fwp%2Fv2%2Fmedia&parent=140915"}],"wp:term":[{"taxonomy":"category","embeddable":true,"href":"https:\/\/lospoliticosveracruz.com\/index.php?rest_route=%2Fwp%2Fv2%2Fcategories&post=140915"},{"taxonomy":"post_tag","embeddable":true,"href":"https:\/\/lospoliticosveracruz.com\/index.php?rest_route=%2Fwp%2Fv2%2Ftags&post=140915"}],"curies":[{"name":"wp","href":"https:\/\/api.w.org\/{rel}","templated":true}]}}