{"id":140920,"date":"2025-04-01T07:38:54","date_gmt":"2025-04-01T13:38:54","guid":{"rendered":"https:\/\/lospoliticosveracruz.com.mx\/?p=140920"},"modified":"2025-04-01T07:39:13","modified_gmt":"2025-04-01T13:39:13","slug":"inician-los-juegos-del-hambre","status":"publish","type":"post","link":"https:\/\/lospoliticosveracruz.com\/?p=140920","title":{"rendered":"INICIAN LOS JUEGOS DEL HAMBRE\u00a0"},"content":{"rendered":"\n<p><strong><a href=\"https:\/\/whatsapp.com\/channel\/0029Va8zRWlEKyZIP3Z1dF0e\">\u2002\u2002<strong>\u00danete a nuestro canal&nbsp;<\/strong><\/a><\/strong><\/p>\n\n\n\n<p>\u00a1<strong>LOS POL\u00cdTICOS VERACRUZ<\/strong>&nbsp;ya est\u00e1 en WhatsApp!<\/p>\n\n\n\n<p><strong>\u00a0Omar Z\u00fa\u00f1iga<\/strong><\/p>\n\n\n\n<p><em>De Primera Mano<\/em><\/p>\n\n\n\n<p>Este domingo 30 de marzo arrancaron las campa\u00f1as para integrar el Poder Judicial de la Federaci\u00f3n, desde los ministros de la Suprema Corte de Justicia de la Naci\u00f3n, su Presidencia (en quien recae la titularidad del PJF), pasando por magistrados, hasta jueces de distrito.<\/p>\n\n\n\n<p>Dos personajes que hicieron lo propio en estas latitudes son el juez de distrito en materia penal Gustavo Stivalet Sedas, originario de los Tuxtlas por cierto, la boleta para este puesto es amarilla y el n\u00famero es el 29.<\/p>\n\n\n\n<p>Stivalet lleva algo as\u00ed como 25 a\u00f1os&nbsp;&nbsp;en el Poder Judicial, es decir, no es ning\u00fan improvisado y m\u00e9ritos por \u00e9l mismo tiene para repetir en el puesto.<\/p>\n\n\n\n<p>Y la xalape\u00f1a, magistrada presidenta de la Sala Regional del Tribunal Electoral del PJF Eva Barrientos Zepeda, quien contiende por el mismo puesto, con m\u00e1s de 30 a\u00f1os de experiencia, acostumbrada a competir y remar contracorriente.<\/p>\n\n\n\n<p>Su boleta es la color mel\u00f3n y va en la posici\u00f3n n\u00famero dos de la misma.<\/p>\n\n\n\n<p>Las reglas para esta campa\u00f1a son muy estrictas, entre las que destaca el asunto del financiamiento, que est\u00e1 prohibido, as\u00ed tal cual, no hay oportunidad de que nadie aporte a la campa\u00f1a de quienes contienden por un puesto en el Poder Judical, sea cual fuere el nivel, y el tope de campa\u00f1a es el equivalente a una campa\u00f1a para diputado federal, algo as\u00ed como, m\u00e1s o menos, 230 mil pesos.<\/p>\n\n\n\n<p>Esa lana debe salir s\u00ed o s\u00ed del bolsillo de los candidatos; el INE asegura que absolutamente todo ser\u00e1 contabilizado.<\/p>\n\n\n\n<p>Ambos, personajes hicieron lo propio, arrancaron su campa\u00f1a con los recursos que tienen a la mano, es decir, lo que pr\u00e1cticamente los m\u00e1s de 3 mil candidatos que buscan 800 espacios, har\u00e1n en el pa\u00eds.<\/p>\n\n\n\n<p>*****<\/p>\n\n\n\n<p>Para documentar el optimismo, digo pr\u00e1cticamente todos, porque al menos las ministras Lenia Batres Guadarrama (su hermano Mart\u00ed es el director del ISSSTE); Loretta Ortiz Ahlf y la ministra plagiaria Yasm\u00edn Esquivel Mossa; las tres identificadas plenamente con Morena, realizaron actos de inicio de campa\u00f1a como si fueran a buscar&nbsp;&nbsp;la Presidencia de la Rep\u00fablica.<\/p>\n\n\n\n<p>Con acarreo incluido, las tres hicieron un despliegue de recursos hasta ofensivo, que deja claras al menos tres cosas.<\/p>\n\n\n\n<p>La primera es que la austeridad no es lo suyo.<\/p>\n\n\n\n<p>La segunda, es que est\u00e1 por dem\u00e1s demostrado que tienen el dinero suficiente para dilapidarlo de esa manera.<\/p>\n\n\n\n<p>Y la tercera es que los topes de campa\u00f1a les importan un carajo y se los pasan por el arco del triunfo.<\/p>\n\n\n\n<p>Ahora corresponder\u00e1 al INE determinar, no si rebasaron los topes de campa\u00f1a, sino en cu\u00e1nto lo hicieron, sin olvidar que esta es precisamente una de las causales para anular las candidaturas.<\/p>\n\n\n\n<p>En una reuni\u00f3n con el senador morenista Manuel Huerta Ladr\u00f3n de Guevara, que hay que reconocerle su congruencia entre lo que piensa y lo que dice, le dije que esperaba que en junio pr\u00f3ximo, luego de&nbsp;&nbsp;la elecci\u00f3n, no estuvi\u00e9ramos hablando de que una persona que rob\u00f3 su tesis de licenciatura, fuera a dirigir los destinos de la Suprema Corte de Justicia de la Naci\u00f3n.<\/p>\n\n\n\n<p>\u00c9l contest\u00f3 que esperaba lo mismo.<\/p>\n\n\n\n<p>Sin embargo, esa situaci\u00f3n est\u00e1 latente y en nuestras manos evitarlo.<\/p>\n\n\n\n<p>La elecci\u00f3n es una realidad, lo que podemos y debemos hacer es dejar de quejarse e ir a votar, informarse y hacer una elecci\u00f3n informada, para que lleguen los mejores perfiles en puesto tan delicados como la impartici\u00f3n de justicia, como Eva Barrientos y Gustavo Stivalet.<\/p>\n\n\n\n<p>*****<\/p>\n\n\n\n<p>Pues nada, que la flamante secretaria de Turismo Nena de la Reguera, luego de la gran exhibida que se dio por su ignorancia en la industria tur\u00edstica, finalmente le renunci\u00f3 a la gobernadora Roc\u00edo Nahle y se ir\u00e1 a hacer algo que sepa hacer, como ser socialit\u00e9 y mam\u00e1 de la actriz Ana de la Reguera, eso se la da bien.<\/p>\n\n\n\n<p>Y dicho sea de paso, simplifica las cosas en la pretendida fusi\u00f3n con Cultura, que seguimos insistiendo, ojal\u00e1 se recapacite sobre el tema\u2026<\/p>\n\n\n\n<p>Tambi\u00e9n se fue Adriana Mu\u00f1oz, que dicen era responsable del \u00e1rea de Comunicaci\u00f3n Social del Gobierno del Estado, para buscar una regidur\u00eda en la planilla de Rosa Mar\u00eda Hern\u00e1ndez Espejo en Veracruz, con lo que busca posicionarse y trabajar desde ah\u00ed para buscar ella misma la alcald\u00eda en cuatro a\u00f1os.<\/p>\n\n\n\n<p>Esperemos pues, ahora s\u00ed empiece a trabajar la oficina de Comunicaci\u00f3n Social de Roc\u00edo Nahle.<\/p>\n\n\n\n<p>*****<\/p>\n\n\n\n<p>A prop\u00f3sito del fallecimiento de Enrique B\u00e1tiz, este texto, de la doctora Enid Negrete:<\/p>\n\n\n\n<p>Es sumamente extra\u00f1o que ahora se hable de&nbsp;&nbsp;Enrique B\u00e1tiz como un \u00abgran hombre\u00bb, un artista y no s\u00e9 qu\u00e9 m\u00e1s. Enrique fue muy cercano a mi familia, lo conoc\u00ed desde ni\u00f1a y todos sab\u00edamos c\u00f3mo era.<\/p>\n\n\n\n<p>Su secretaria se pon\u00eda nerviosa si se tardaba mucho en tener reuniones con jovencitas en su oficina. Maltrataba m\u00fasicos de una manera espantosa y siempre sinti\u00f3 que era el centro de la tierra.<\/p>\n\n\n\n<p>Se qued\u00f3 con partituras originales que no le pertenec\u00edan y siempre negaba tenerlas, pero nunca las tocaba.<\/p>\n\n\n\n<p>Estuvo acusado de violaci\u00f3n, de maltrato y de acoso.<\/p>\n\n\n\n<p>Mi madre dec\u00eda que era muy talentoso, pero imposible. Tuvo muy buenos gestos con mi familia y a m\u00ed siempre me trat\u00f3 bien \u00bfEso justifica su trato de neur\u00f3tico?, \u00bfahora que est\u00e1 muerto, vamos a tratarlo como si hubiera sido el pr\u00f3cer de la m\u00fasica mexicana?<\/p>\n\n\n\n<p>Para m\u00ed, lo que lo define, fue el di\u00e1logo que tuvo con mi madre:<\/p>\n\n\n\n<p>-Consuelo \u00bft\u00fa crees que soy un hijo de la chingada?<\/p>\n\n\n\n<p>-Enrique, tu siempre has sido el mismo.<\/p>\n\n\n\n<p>\u00a1Qu\u00e9 barbaridad!<\/p>\n\n\n\n<p>deprimera.mano2020@gmail.com<\/p>\n","protected":false},"excerpt":{"rendered":"<p>\u2002\u2002\u00danete a nuestro canal&nbsp; \u00a1LOS POL\u00cdTICOS VERACRUZ&nbsp;ya est\u00e1 en WhatsApp! \u00a0Omar Z\u00fa\u00f1iga De Primera Mano Este domingo 30 de marzo arrancaron las campa\u00f1as para integrar el Poder Judicial de la Federaci\u00f3n, desde los ministros de la Suprema Corte de Justicia de la Naci\u00f3n, su Presidencia (en quien recae la titularidad del PJF), pasando por magistrados, [&hellip;]<\/p>\n","protected":false},"author":2,"featured_media":119918,"comment_status":"closed","ping_status":"closed","sticky":false,"template":"","format":"standard","meta":{"tdm_status":"","tdm_grid_status":"","footnotes":""},"categories":[70],"tags":[],"class_list":{"0":"post-140920","1":"post","2":"type-post","3":"status-publish","4":"format-standard","5":"has-post-thumbnail","7":"category-de-opinion"},"yoast_head":"<!-- This site is optimized with the Yoast SEO plugin v27.4 - https:\/\/yoast.com\/product\/yoast-seo-wordpress\/ -->\n<title>INICIAN LOS JUEGOS DEL HAMBRE\u00a0 - Los pol\u00edticos Veracruz<\/title>\n<meta name=\"robots\" content=\"index, follow, max-snippet:-1, max-image-preview:large, max-video-preview:-1\" \/>\n<link rel=\"canonical\" href=\"https:\/\/lospoliticosveracruz.com\/?p=140920\" \/>\n<meta property=\"og:locale\" content=\"es_ES\" \/>\n<meta property=\"og:type\" content=\"article\" \/>\n<meta property=\"og:title\" content=\"INICIAN LOS JUEGOS DEL HAMBRE\u00a0 - Los pol\u00edticos Veracruz\" \/>\n<meta property=\"og:description\" content=\"\u2002\u2002\u00danete a nuestro canal&nbsp; \u00a1LOS POL\u00cdTICOS VERACRUZ&nbsp;ya est\u00e1 en WhatsApp! \u00a0Omar Z\u00fa\u00f1iga De Primera Mano Este domingo 30 de marzo arrancaron las campa\u00f1as para integrar el Poder Judicial de la Federaci\u00f3n, desde los ministros de la Suprema Corte de Justicia de la Naci\u00f3n, su Presidencia (en quien recae la titularidad del PJF), pasando por magistrados, [&hellip;]\" \/>\n<meta property=\"og:url\" content=\"https:\/\/lospoliticosveracruz.com\/?p=140920\" \/>\n<meta property=\"og:site_name\" content=\"Los pol\u00edticos Veracruz\" \/>\n<meta property=\"article:publisher\" content=\"https:\/\/www.facebook.com\/people\/Notimemes-de-los-Polticos\/61565672886568\/\" \/>\n<meta property=\"article:published_time\" content=\"2025-04-01T13:38:54+00:00\" \/>\n<meta property=\"article:modified_time\" content=\"2025-04-01T13:39:13+00:00\" \/>\n<meta property=\"og:image\" content=\"https:\/\/lospoliticosveracruz.com\/wp-content\/uploads\/2024\/03\/Omar-Zuniga.jpg\" \/>\n\t<meta property=\"og:image:width\" content=\"1250\" \/>\n\t<meta property=\"og:image:height\" content=\"667\" \/>\n\t<meta property=\"og:image:type\" content=\"image\/jpeg\" \/>\n<meta name=\"author\" content=\"Lo viste en Los Pol\u00edticos\" \/>\n<meta name=\"twitter:card\" content=\"summary_large_image\" \/>\n<meta name=\"twitter:creator\" content=\"@LosPoliticosVer\" \/>\n<meta name=\"twitter:site\" content=\"@LosPoliticosVer\" \/>\n<meta name=\"twitter:label1\" content=\"Escrito por\" \/>\n\t<meta name=\"twitter:data1\" content=\"Lo viste en Los Pol\u00edticos\" \/>\n\t<meta name=\"twitter:label2\" content=\"Tiempo de lectura\" \/>\n\t<meta name=\"twitter:data2\" content=\"5 minutos\" \/>\n<script type=\"application\/ld+json\" class=\"yoast-schema-graph\">{\"@context\":\"https:\\\/\\\/schema.org\",\"@graph\":[{\"@type\":\"Article\",\"@id\":\"https:\\\/\\\/lospoliticosveracruz.com\\\/?p=140920#article\",\"isPartOf\":{\"@id\":\"https:\\\/\\\/lospoliticosveracruz.com\\\/?p=140920\"},\"author\":{\"name\":\"Lo viste en Los Pol\u00edticos\",\"@id\":\"https:\\\/\\\/lospoliticosveracruz.com\\\/#\\\/schema\\\/person\\\/b8702bb0e538456e6efd07080bf2a4a2\"},\"headline\":\"INICIAN LOS JUEGOS DEL HAMBRE\u00a0\",\"datePublished\":\"2025-04-01T13:38:54+00:00\",\"dateModified\":\"2025-04-01T13:39:13+00:00\",\"mainEntityOfPage\":{\"@id\":\"https:\\\/\\\/lospoliticosveracruz.com\\\/?p=140920\"},\"wordCount\":1010,\"publisher\":{\"@id\":\"https:\\\/\\\/lospoliticosveracruz.com\\\/#organization\"},\"image\":{\"@id\":\"https:\\\/\\\/lospoliticosveracruz.com\\\/?p=140920#primaryimage\"},\"thumbnailUrl\":\"https:\\\/\\\/lospoliticosveracruz.com\\\/wp-content\\\/uploads\\\/2024\\\/03\\\/Omar-Zuniga.jpg\",\"articleSection\":[\"De Opini\u00f3n\"],\"inLanguage\":\"es\"},{\"@type\":\"WebPage\",\"@id\":\"https:\\\/\\\/lospoliticosveracruz.com\\\/?p=140920\",\"url\":\"https:\\\/\\\/lospoliticosveracruz.com\\\/?p=140920\",\"name\":\"INICIAN LOS JUEGOS DEL HAMBRE\u00a0 - Los pol\u00edticos Veracruz\",\"isPartOf\":{\"@id\":\"https:\\\/\\\/lospoliticosveracruz.com\\\/#website\"},\"primaryImageOfPage\":{\"@id\":\"https:\\\/\\\/lospoliticosveracruz.com\\\/?p=140920#primaryimage\"},\"image\":{\"@id\":\"https:\\\/\\\/lospoliticosveracruz.com\\\/?p=140920#primaryimage\"},\"thumbnailUrl\":\"https:\\\/\\\/lospoliticosveracruz.com\\\/wp-content\\\/uploads\\\/2024\\\/03\\\/Omar-Zuniga.jpg\",\"datePublished\":\"2025-04-01T13:38:54+00:00\",\"dateModified\":\"2025-04-01T13:39:13+00:00\",\"breadcrumb\":{\"@id\":\"https:\\\/\\\/lospoliticosveracruz.com\\\/?p=140920#breadcrumb\"},\"inLanguage\":\"es\",\"potentialAction\":[{\"@type\":\"ReadAction\",\"target\":[\"https:\\\/\\\/lospoliticosveracruz.com\\\/?p=140920\"]}]},{\"@type\":\"ImageObject\",\"inLanguage\":\"es\",\"@id\":\"https:\\\/\\\/lospoliticosveracruz.com\\\/?p=140920#primaryimage\",\"url\":\"https:\\\/\\\/lospoliticosveracruz.com\\\/wp-content\\\/uploads\\\/2024\\\/03\\\/Omar-Zuniga.jpg\",\"contentUrl\":\"https:\\\/\\\/lospoliticosveracruz.com\\\/wp-content\\\/uploads\\\/2024\\\/03\\\/Omar-Zuniga.jpg\",\"width\":1250,\"height\":667},{\"@type\":\"BreadcrumbList\",\"@id\":\"https:\\\/\\\/lospoliticosveracruz.com\\\/?p=140920#breadcrumb\",\"itemListElement\":[{\"@type\":\"ListItem\",\"position\":1,\"name\":\"Portada\",\"item\":\"https:\\\/\\\/lospoliticosveracruz.com\\\/\"},{\"@type\":\"ListItem\",\"position\":2,\"name\":\"INICIAN LOS JUEGOS DEL HAMBRE\u00a0\"}]},{\"@type\":\"WebSite\",\"@id\":\"https:\\\/\\\/lospoliticosveracruz.com\\\/#website\",\"url\":\"https:\\\/\\\/lospoliticosveracruz.com\\\/\",\"name\":\"Los pol\u00edticos Veracruz\",\"description\":\"\",\"publisher\":{\"@id\":\"https:\\\/\\\/lospoliticosveracruz.com\\\/#organization\"},\"potentialAction\":[{\"@type\":\"SearchAction\",\"target\":{\"@type\":\"EntryPoint\",\"urlTemplate\":\"https:\\\/\\\/lospoliticosveracruz.com\\\/?s={search_term_string}\"},\"query-input\":{\"@type\":\"PropertyValueSpecification\",\"valueRequired\":true,\"valueName\":\"search_term_string\"}}],\"inLanguage\":\"es\"},{\"@type\":\"Organization\",\"@id\":\"https:\\\/\\\/lospoliticosveracruz.com\\\/#organization\",\"name\":\"Los pol\u00edticos Veracruz\",\"url\":\"https:\\\/\\\/lospoliticosveracruz.com\\\/\",\"logo\":{\"@type\":\"ImageObject\",\"inLanguage\":\"es\",\"@id\":\"https:\\\/\\\/lospoliticosveracruz.com\\\/#\\\/schema\\\/logo\\\/image\\\/\",\"url\":\"https:\\\/\\\/lospoliticosveracruz.com\\\/wp-content\\\/uploads\\\/2025\\\/12\\\/Logo-Nuevo-LOS-POLITICOS-1.jpg\",\"contentUrl\":\"https:\\\/\\\/lospoliticosveracruz.com\\\/wp-content\\\/uploads\\\/2025\\\/12\\\/Logo-Nuevo-LOS-POLITICOS-1.jpg\",\"width\":260,\"height\":70,\"caption\":\"Los pol\u00edticos Veracruz\"},\"image\":{\"@id\":\"https:\\\/\\\/lospoliticosveracruz.com\\\/#\\\/schema\\\/logo\\\/image\\\/\"},\"sameAs\":[\"https:\\\/\\\/www.facebook.com\\\/people\\\/Notimemes-de-los-Polticos\\\/61565672886568\\\/\",\"https:\\\/\\\/x.com\\\/LosPoliticosVer\"]},{\"@type\":\"Person\",\"@id\":\"https:\\\/\\\/lospoliticosveracruz.com\\\/#\\\/schema\\\/person\\\/b8702bb0e538456e6efd07080bf2a4a2\",\"name\":\"Lo viste en Los Pol\u00edticos\",\"image\":{\"@type\":\"ImageObject\",\"inLanguage\":\"es\",\"@id\":\"https:\\\/\\\/secure.gravatar.com\\\/avatar\\\/3a8de04a2656d44082be478bd6c086daa447c4651605818287b9532d3d0bd435?s=96&d=mm&r=g\",\"url\":\"https:\\\/\\\/secure.gravatar.com\\\/avatar\\\/3a8de04a2656d44082be478bd6c086daa447c4651605818287b9532d3d0bd435?s=96&d=mm&r=g\",\"contentUrl\":\"https:\\\/\\\/secure.gravatar.com\\\/avatar\\\/3a8de04a2656d44082be478bd6c086daa447c4651605818287b9532d3d0bd435?s=96&d=mm&r=g\",\"caption\":\"Lo viste en Los Pol\u00edticos\"},\"url\":\"https:\\\/\\\/lospoliticosveracruz.com\\\/?author=2\"}]}<\/script>\n<!-- \/ Yoast SEO plugin. -->","yoast_head_json":{"title":"INICIAN LOS JUEGOS DEL HAMBRE\u00a0 - Los pol\u00edticos Veracruz","robots":{"index":"index","follow":"follow","max-snippet":"max-snippet:-1","max-image-preview":"max-image-preview:large","max-video-preview":"max-video-preview:-1"},"canonical":"https:\/\/lospoliticosveracruz.com\/?p=140920","og_locale":"es_ES","og_type":"article","og_title":"INICIAN LOS JUEGOS DEL HAMBRE\u00a0 - Los pol\u00edticos Veracruz","og_description":"\u2002\u2002\u00danete a nuestro canal&nbsp; \u00a1LOS POL\u00cdTICOS VERACRUZ&nbsp;ya est\u00e1 en WhatsApp! \u00a0Omar Z\u00fa\u00f1iga De Primera Mano Este domingo 30 de marzo arrancaron las campa\u00f1as para integrar el Poder Judicial de la Federaci\u00f3n, desde los ministros de la Suprema Corte de Justicia de la Naci\u00f3n, su Presidencia (en quien recae la titularidad del PJF), pasando por magistrados, [&hellip;]","og_url":"https:\/\/lospoliticosveracruz.com\/?p=140920","og_site_name":"Los pol\u00edticos Veracruz","article_publisher":"https:\/\/www.facebook.com\/people\/Notimemes-de-los-Polticos\/61565672886568\/","article_published_time":"2025-04-01T13:38:54+00:00","article_modified_time":"2025-04-01T13:39:13+00:00","og_image":[{"width":1250,"height":667,"url":"https:\/\/lospoliticosveracruz.com\/wp-content\/uploads\/2024\/03\/Omar-Zuniga.jpg","type":"image\/jpeg"}],"author":"Lo viste en Los Pol\u00edticos","twitter_card":"summary_large_image","twitter_creator":"@LosPoliticosVer","twitter_site":"@LosPoliticosVer","twitter_misc":{"Escrito por":"Lo viste en Los Pol\u00edticos","Tiempo de lectura":"5 minutos"},"schema":{"@context":"https:\/\/schema.org","@graph":[{"@type":"Article","@id":"https:\/\/lospoliticosveracruz.com\/?p=140920#article","isPartOf":{"@id":"https:\/\/lospoliticosveracruz.com\/?p=140920"},"author":{"name":"Lo viste en Los Pol\u00edticos","@id":"https:\/\/lospoliticosveracruz.com\/#\/schema\/person\/b8702bb0e538456e6efd07080bf2a4a2"},"headline":"INICIAN LOS JUEGOS DEL HAMBRE\u00a0","datePublished":"2025-04-01T13:38:54+00:00","dateModified":"2025-04-01T13:39:13+00:00","mainEntityOfPage":{"@id":"https:\/\/lospoliticosveracruz.com\/?p=140920"},"wordCount":1010,"publisher":{"@id":"https:\/\/lospoliticosveracruz.com\/#organization"},"image":{"@id":"https:\/\/lospoliticosveracruz.com\/?p=140920#primaryimage"},"thumbnailUrl":"https:\/\/lospoliticosveracruz.com\/wp-content\/uploads\/2024\/03\/Omar-Zuniga.jpg","articleSection":["De Opini\u00f3n"],"inLanguage":"es"},{"@type":"WebPage","@id":"https:\/\/lospoliticosveracruz.com\/?p=140920","url":"https:\/\/lospoliticosveracruz.com\/?p=140920","name":"INICIAN LOS JUEGOS DEL HAMBRE\u00a0 - Los pol\u00edticos Veracruz","isPartOf":{"@id":"https:\/\/lospoliticosveracruz.com\/#website"},"primaryImageOfPage":{"@id":"https:\/\/lospoliticosveracruz.com\/?p=140920#primaryimage"},"image":{"@id":"https:\/\/lospoliticosveracruz.com\/?p=140920#primaryimage"},"thumbnailUrl":"https:\/\/lospoliticosveracruz.com\/wp-content\/uploads\/2024\/03\/Omar-Zuniga.jpg","datePublished":"2025-04-01T13:38:54+00:00","dateModified":"2025-04-01T13:39:13+00:00","breadcrumb":{"@id":"https:\/\/lospoliticosveracruz.com\/?p=140920#breadcrumb"},"inLanguage":"es","potentialAction":[{"@type":"ReadAction","target":["https:\/\/lospoliticosveracruz.com\/?p=140920"]}]},{"@type":"ImageObject","inLanguage":"es","@id":"https:\/\/lospoliticosveracruz.com\/?p=140920#primaryimage","url":"https:\/\/lospoliticosveracruz.com\/wp-content\/uploads\/2024\/03\/Omar-Zuniga.jpg","contentUrl":"https:\/\/lospoliticosveracruz.com\/wp-content\/uploads\/2024\/03\/Omar-Zuniga.jpg","width":1250,"height":667},{"@type":"BreadcrumbList","@id":"https:\/\/lospoliticosveracruz.com\/?p=140920#breadcrumb","itemListElement":[{"@type":"ListItem","position":1,"name":"Portada","item":"https:\/\/lospoliticosveracruz.com\/"},{"@type":"ListItem","position":2,"name":"INICIAN LOS JUEGOS DEL HAMBRE\u00a0"}]},{"@type":"WebSite","@id":"https:\/\/lospoliticosveracruz.com\/#website","url":"https:\/\/lospoliticosveracruz.com\/","name":"Los pol\u00edticos Veracruz","description":"","publisher":{"@id":"https:\/\/lospoliticosveracruz.com\/#organization"},"potentialAction":[{"@type":"SearchAction","target":{"@type":"EntryPoint","urlTemplate":"https:\/\/lospoliticosveracruz.com\/?s={search_term_string}"},"query-input":{"@type":"PropertyValueSpecification","valueRequired":true,"valueName":"search_term_string"}}],"inLanguage":"es"},{"@type":"Organization","@id":"https:\/\/lospoliticosveracruz.com\/#organization","name":"Los pol\u00edticos Veracruz","url":"https:\/\/lospoliticosveracruz.com\/","logo":{"@type":"ImageObject","inLanguage":"es","@id":"https:\/\/lospoliticosveracruz.com\/#\/schema\/logo\/image\/","url":"https:\/\/lospoliticosveracruz.com\/wp-content\/uploads\/2025\/12\/Logo-Nuevo-LOS-POLITICOS-1.jpg","contentUrl":"https:\/\/lospoliticosveracruz.com\/wp-content\/uploads\/2025\/12\/Logo-Nuevo-LOS-POLITICOS-1.jpg","width":260,"height":70,"caption":"Los pol\u00edticos Veracruz"},"image":{"@id":"https:\/\/lospoliticosveracruz.com\/#\/schema\/logo\/image\/"},"sameAs":["https:\/\/www.facebook.com\/people\/Notimemes-de-los-Polticos\/61565672886568\/","https:\/\/x.com\/LosPoliticosVer"]},{"@type":"Person","@id":"https:\/\/lospoliticosveracruz.com\/#\/schema\/person\/b8702bb0e538456e6efd07080bf2a4a2","name":"Lo viste en Los Pol\u00edticos","image":{"@type":"ImageObject","inLanguage":"es","@id":"https:\/\/secure.gravatar.com\/avatar\/3a8de04a2656d44082be478bd6c086daa447c4651605818287b9532d3d0bd435?s=96&d=mm&r=g","url":"https:\/\/secure.gravatar.com\/avatar\/3a8de04a2656d44082be478bd6c086daa447c4651605818287b9532d3d0bd435?s=96&d=mm&r=g","contentUrl":"https:\/\/secure.gravatar.com\/avatar\/3a8de04a2656d44082be478bd6c086daa447c4651605818287b9532d3d0bd435?s=96&d=mm&r=g","caption":"Lo viste en Los Pol\u00edticos"},"url":"https:\/\/lospoliticosveracruz.com\/?author=2"}]}},"_links":{"self":[{"href":"https:\/\/lospoliticosveracruz.com\/index.php?rest_route=\/wp\/v2\/posts\/140920","targetHints":{"allow":["GET"]}}],"collection":[{"href":"https:\/\/lospoliticosveracruz.com\/index.php?rest_route=\/wp\/v2\/posts"}],"about":[{"href":"https:\/\/lospoliticosveracruz.com\/index.php?rest_route=\/wp\/v2\/types\/post"}],"author":[{"embeddable":true,"href":"https:\/\/lospoliticosveracruz.com\/index.php?rest_route=\/wp\/v2\/users\/2"}],"replies":[{"embeddable":true,"href":"https:\/\/lospoliticosveracruz.com\/index.php?rest_route=%2Fwp%2Fv2%2Fcomments&post=140920"}],"version-history":[{"count":2,"href":"https:\/\/lospoliticosveracruz.com\/index.php?rest_route=\/wp\/v2\/posts\/140920\/revisions"}],"predecessor-version":[{"id":140922,"href":"https:\/\/lospoliticosveracruz.com\/index.php?rest_route=\/wp\/v2\/posts\/140920\/revisions\/140922"}],"wp:featuredmedia":[{"embeddable":true,"href":"https:\/\/lospoliticosveracruz.com\/index.php?rest_route=\/wp\/v2\/media\/119918"}],"wp:attachment":[{"href":"https:\/\/lospoliticosveracruz.com\/index.php?rest_route=%2Fwp%2Fv2%2Fmedia&parent=140920"}],"wp:term":[{"taxonomy":"category","embeddable":true,"href":"https:\/\/lospoliticosveracruz.com\/index.php?rest_route=%2Fwp%2Fv2%2Fcategories&post=140920"},{"taxonomy":"post_tag","embeddable":true,"href":"https:\/\/lospoliticosveracruz.com\/index.php?rest_route=%2Fwp%2Fv2%2Ftags&post=140920"}],"curies":[{"name":"wp","href":"https:\/\/api.w.org\/{rel}","templated":true}]}}