{"id":140998,"date":"2025-04-01T16:22:02","date_gmt":"2025-04-01T22:22:02","guid":{"rendered":"https:\/\/lospoliticosveracruz.com.mx\/?p=140998"},"modified":"2025-04-01T16:22:20","modified_gmt":"2025-04-01T22:22:20","slug":"por-un-veracruz-mas-justo-e-incluyente","status":"publish","type":"post","link":"https:\/\/lospoliticosveracruz.com\/?p=140998","title":{"rendered":"POR UN VERACRUZ M\u00c1S JUSTO E INCLUYENTE"},"content":{"rendered":"\n<p><strong><a href=\"https:\/\/whatsapp.com\/channel\/0029Va8zRWlEKyZIP3Z1dF0e\">\u2002\u2002<strong>\u00danete a nuestro canal&nbsp;<\/strong>\u2002<\/a><\/strong><\/p>\n\n\n\n<p>\u00a1<strong>LOS POL\u00cdTICOS VERACRUZ<\/strong>&nbsp;ya est\u00e1 en WhatsApp!<\/p>\n\n\n\n<p><\/p>\n\n\n\n<p>Zongolica: Al encabezar el Foro Regional sobre los Beneficios y Alcances de la Reforma al Art\u00edculo 2do Constitucional, realizado en el municipio de Zongolica, la diputada Dulce Mar\u00eda Hern\u00e1ndez Tepole, expres\u00f3 que estos encuentros permiten profundizar la importancia de esta reforma en cuanto a las implicaciones en el respeto de los derechos de mujeres, hombres, ni\u00f1os y ni\u00f1as, de pueblos originarios.<\/p>\n\n\n\n<p>Al hacer uso de la voz, la legisladora agradeci\u00f3 la participaci\u00f3n de autoridades federales, estatales y de la regi\u00f3n, e indic\u00f3 que deben aprovecharse estas oportunidades, \u201cpara atender a pobladores de las diversas comunidades, brindarles el apoyo y poner atenci\u00f3n a las necesidades que presentan\u201d, asever\u00f3.<\/p>\n\n\n\n<p>En este evento se presentaron las ponencias Interseccionalidad y Pueblos Originarios, a cargo de Francisco L\u00f3pez Vel\u00e1zquez, y&nbsp;&nbsp;Beneficios y Alcances de la Reforma del Art\u00edculo 2do, expuesta por Jos\u00e9 Hern\u00e1ndez Hern\u00e1ndez.<\/p>\n\n\n\n<p>Se cont\u00f3 con la participaci\u00f3n de la y los presidentes municipales de Zongolica, Wenceslao Cosme Reyes; Rafael Delgado, Alejandra Enr\u00edquez Ortiz; y de Tequila, Jes\u00fas Valencia Valencia.<\/p>\n\n\n\n<p>Adem\u00e1s, por parte del Instituto Veracruzano de Asuntos Ind\u00edgenas (IVAIS), Mar\u00eda Luisa Santes Santes; diputado federal Jonathan Puertos Chimalhua; director del INPI Zongolica, Reynaldo Zavaleta Colotl; coordinadora de Bienestar en Zongolica, Venus Valeria Corona Hern\u00e1ndez. As\u00ed como representantes de los municipios de Los Reyes y Magdalena; agentes y subagentes municipales, representantes de localidades y p\u00fablico en general.<\/p>\n","protected":false},"excerpt":{"rendered":"<p>\u2002\u2002\u00danete a nuestro canal&nbsp;\u2002 \u00a1LOS POL\u00cdTICOS VERACRUZ&nbsp;ya est\u00e1 en WhatsApp! Zongolica: Al encabezar el Foro Regional sobre los Beneficios y Alcances de la Reforma al Art\u00edculo 2do Constitucional, realizado en el municipio de Zongolica, la diputada Dulce Mar\u00eda Hern\u00e1ndez Tepole, expres\u00f3 que estos encuentros permiten profundizar la importancia de esta reforma en cuanto a las [&hellip;]<\/p>\n","protected":false},"author":2,"featured_media":140999,"comment_status":"closed","ping_status":"closed","sticky":false,"template":"","format":"standard","meta":{"tdm_status":"","tdm_grid_status":"","footnotes":""},"categories":[73],"tags":[],"class_list":{"0":"post-140998","1":"post","2":"type-post","3":"status-publish","4":"format-standard","5":"has-post-thumbnail","7":"category-de-boleto"},"yoast_head":"<!-- This site is optimized with the Yoast SEO plugin v27.4 - https:\/\/yoast.com\/product\/yoast-seo-wordpress\/ -->\n<title>POR UN VERACRUZ M\u00c1S JUSTO E INCLUYENTE - Los pol\u00edticos Veracruz<\/title>\n<meta name=\"robots\" content=\"index, follow, max-snippet:-1, max-image-preview:large, max-video-preview:-1\" \/>\n<link rel=\"canonical\" href=\"https:\/\/lospoliticosveracruz.com\/?p=140998\" \/>\n<meta property=\"og:locale\" content=\"es_ES\" \/>\n<meta property=\"og:type\" content=\"article\" \/>\n<meta property=\"og:title\" content=\"POR UN VERACRUZ M\u00c1S JUSTO E INCLUYENTE - Los pol\u00edticos Veracruz\" \/>\n<meta property=\"og:description\" content=\"\u2002\u2002\u00danete a nuestro canal&nbsp;\u2002 \u00a1LOS POL\u00cdTICOS VERACRUZ&nbsp;ya est\u00e1 en WhatsApp! Zongolica: Al encabezar el Foro Regional sobre los Beneficios y Alcances de la Reforma al Art\u00edculo 2do Constitucional, realizado en el municipio de Zongolica, la diputada Dulce Mar\u00eda Hern\u00e1ndez Tepole, expres\u00f3 que estos encuentros permiten profundizar la importancia de esta reforma en cuanto a las [&hellip;]\" \/>\n<meta property=\"og:url\" content=\"https:\/\/lospoliticosveracruz.com\/?p=140998\" \/>\n<meta property=\"og:site_name\" content=\"Los pol\u00edticos Veracruz\" \/>\n<meta property=\"article:publisher\" content=\"https:\/\/www.facebook.com\/people\/Notimemes-de-los-Polticos\/61565672886568\/\" \/>\n<meta property=\"article:published_time\" content=\"2025-04-01T22:22:02+00:00\" \/>\n<meta property=\"article:modified_time\" content=\"2025-04-01T22:22:20+00:00\" \/>\n<meta property=\"og:image\" content=\"https:\/\/lospoliticosveracruz.com\/wp-content\/uploads\/2025\/04\/IMG_8690.jpeg\" \/>\n\t<meta property=\"og:image:width\" content=\"600\" \/>\n\t<meta property=\"og:image:height\" content=\"320\" \/>\n\t<meta property=\"og:image:type\" content=\"image\/jpeg\" \/>\n<meta name=\"author\" content=\"Lo viste en Los Pol\u00edticos\" \/>\n<meta name=\"twitter:card\" content=\"summary_large_image\" \/>\n<meta name=\"twitter:creator\" content=\"@LosPoliticosVer\" \/>\n<meta name=\"twitter:site\" content=\"@LosPoliticosVer\" \/>\n<meta name=\"twitter:label1\" content=\"Escrito por\" \/>\n\t<meta name=\"twitter:data1\" content=\"Lo viste en Los Pol\u00edticos\" \/>\n\t<meta name=\"twitter:label2\" content=\"Tiempo de lectura\" \/>\n\t<meta name=\"twitter:data2\" content=\"1 minuto\" \/>\n<script type=\"application\/ld+json\" class=\"yoast-schema-graph\">{\"@context\":\"https:\\\/\\\/schema.org\",\"@graph\":[{\"@type\":\"Article\",\"@id\":\"https:\\\/\\\/lospoliticosveracruz.com\\\/?p=140998#article\",\"isPartOf\":{\"@id\":\"https:\\\/\\\/lospoliticosveracruz.com\\\/?p=140998\"},\"author\":{\"name\":\"Lo viste en Los Pol\u00edticos\",\"@id\":\"https:\\\/\\\/lospoliticosveracruz.com\\\/#\\\/schema\\\/person\\\/b8702bb0e538456e6efd07080bf2a4a2\"},\"headline\":\"POR UN VERACRUZ M\u00c1S JUSTO E INCLUYENTE\",\"datePublished\":\"2025-04-01T22:22:02+00:00\",\"dateModified\":\"2025-04-01T22:22:20+00:00\",\"mainEntityOfPage\":{\"@id\":\"https:\\\/\\\/lospoliticosveracruz.com\\\/?p=140998\"},\"wordCount\":268,\"publisher\":{\"@id\":\"https:\\\/\\\/lospoliticosveracruz.com\\\/#organization\"},\"image\":{\"@id\":\"https:\\\/\\\/lospoliticosveracruz.com\\\/?p=140998#primaryimage\"},\"thumbnailUrl\":\"https:\\\/\\\/lospoliticosveracruz.com\\\/wp-content\\\/uploads\\\/2025\\\/04\\\/IMG_8690.jpeg\",\"articleSection\":[\"De Boleto\"],\"inLanguage\":\"es\"},{\"@type\":\"WebPage\",\"@id\":\"https:\\\/\\\/lospoliticosveracruz.com\\\/?p=140998\",\"url\":\"https:\\\/\\\/lospoliticosveracruz.com\\\/?p=140998\",\"name\":\"POR UN VERACRUZ M\u00c1S JUSTO E INCLUYENTE - Los pol\u00edticos Veracruz\",\"isPartOf\":{\"@id\":\"https:\\\/\\\/lospoliticosveracruz.com\\\/#website\"},\"primaryImageOfPage\":{\"@id\":\"https:\\\/\\\/lospoliticosveracruz.com\\\/?p=140998#primaryimage\"},\"image\":{\"@id\":\"https:\\\/\\\/lospoliticosveracruz.com\\\/?p=140998#primaryimage\"},\"thumbnailUrl\":\"https:\\\/\\\/lospoliticosveracruz.com\\\/wp-content\\\/uploads\\\/2025\\\/04\\\/IMG_8690.jpeg\",\"datePublished\":\"2025-04-01T22:22:02+00:00\",\"dateModified\":\"2025-04-01T22:22:20+00:00\",\"breadcrumb\":{\"@id\":\"https:\\\/\\\/lospoliticosveracruz.com\\\/?p=140998#breadcrumb\"},\"inLanguage\":\"es\",\"potentialAction\":[{\"@type\":\"ReadAction\",\"target\":[\"https:\\\/\\\/lospoliticosveracruz.com\\\/?p=140998\"]}]},{\"@type\":\"ImageObject\",\"inLanguage\":\"es\",\"@id\":\"https:\\\/\\\/lospoliticosveracruz.com\\\/?p=140998#primaryimage\",\"url\":\"https:\\\/\\\/lospoliticosveracruz.com\\\/wp-content\\\/uploads\\\/2025\\\/04\\\/IMG_8690.jpeg\",\"contentUrl\":\"https:\\\/\\\/lospoliticosveracruz.com\\\/wp-content\\\/uploads\\\/2025\\\/04\\\/IMG_8690.jpeg\",\"width\":600,\"height\":320},{\"@type\":\"BreadcrumbList\",\"@id\":\"https:\\\/\\\/lospoliticosveracruz.com\\\/?p=140998#breadcrumb\",\"itemListElement\":[{\"@type\":\"ListItem\",\"position\":1,\"name\":\"Portada\",\"item\":\"https:\\\/\\\/lospoliticosveracruz.com\\\/\"},{\"@type\":\"ListItem\",\"position\":2,\"name\":\"POR UN VERACRUZ M\u00c1S JUSTO E INCLUYENTE\"}]},{\"@type\":\"WebSite\",\"@id\":\"https:\\\/\\\/lospoliticosveracruz.com\\\/#website\",\"url\":\"https:\\\/\\\/lospoliticosveracruz.com\\\/\",\"name\":\"Los pol\u00edticos Veracruz\",\"description\":\"\",\"publisher\":{\"@id\":\"https:\\\/\\\/lospoliticosveracruz.com\\\/#organization\"},\"potentialAction\":[{\"@type\":\"SearchAction\",\"target\":{\"@type\":\"EntryPoint\",\"urlTemplate\":\"https:\\\/\\\/lospoliticosveracruz.com\\\/?s={search_term_string}\"},\"query-input\":{\"@type\":\"PropertyValueSpecification\",\"valueRequired\":true,\"valueName\":\"search_term_string\"}}],\"inLanguage\":\"es\"},{\"@type\":\"Organization\",\"@id\":\"https:\\\/\\\/lospoliticosveracruz.com\\\/#organization\",\"name\":\"Los pol\u00edticos Veracruz\",\"url\":\"https:\\\/\\\/lospoliticosveracruz.com\\\/\",\"logo\":{\"@type\":\"ImageObject\",\"inLanguage\":\"es\",\"@id\":\"https:\\\/\\\/lospoliticosveracruz.com\\\/#\\\/schema\\\/logo\\\/image\\\/\",\"url\":\"https:\\\/\\\/lospoliticosveracruz.com\\\/wp-content\\\/uploads\\\/2025\\\/12\\\/Logo-Nuevo-LOS-POLITICOS-1.jpg\",\"contentUrl\":\"https:\\\/\\\/lospoliticosveracruz.com\\\/wp-content\\\/uploads\\\/2025\\\/12\\\/Logo-Nuevo-LOS-POLITICOS-1.jpg\",\"width\":260,\"height\":70,\"caption\":\"Los pol\u00edticos Veracruz\"},\"image\":{\"@id\":\"https:\\\/\\\/lospoliticosveracruz.com\\\/#\\\/schema\\\/logo\\\/image\\\/\"},\"sameAs\":[\"https:\\\/\\\/www.facebook.com\\\/people\\\/Notimemes-de-los-Polticos\\\/61565672886568\\\/\",\"https:\\\/\\\/x.com\\\/LosPoliticosVer\"]},{\"@type\":\"Person\",\"@id\":\"https:\\\/\\\/lospoliticosveracruz.com\\\/#\\\/schema\\\/person\\\/b8702bb0e538456e6efd07080bf2a4a2\",\"name\":\"Lo viste en Los Pol\u00edticos\",\"image\":{\"@type\":\"ImageObject\",\"inLanguage\":\"es\",\"@id\":\"https:\\\/\\\/secure.gravatar.com\\\/avatar\\\/3a8de04a2656d44082be478bd6c086daa447c4651605818287b9532d3d0bd435?s=96&d=mm&r=g\",\"url\":\"https:\\\/\\\/secure.gravatar.com\\\/avatar\\\/3a8de04a2656d44082be478bd6c086daa447c4651605818287b9532d3d0bd435?s=96&d=mm&r=g\",\"contentUrl\":\"https:\\\/\\\/secure.gravatar.com\\\/avatar\\\/3a8de04a2656d44082be478bd6c086daa447c4651605818287b9532d3d0bd435?s=96&d=mm&r=g\",\"caption\":\"Lo viste en Los Pol\u00edticos\"},\"url\":\"https:\\\/\\\/lospoliticosveracruz.com\\\/?author=2\"}]}<\/script>\n<!-- \/ Yoast SEO plugin. -->","yoast_head_json":{"title":"POR UN VERACRUZ M\u00c1S JUSTO E INCLUYENTE - Los pol\u00edticos Veracruz","robots":{"index":"index","follow":"follow","max-snippet":"max-snippet:-1","max-image-preview":"max-image-preview:large","max-video-preview":"max-video-preview:-1"},"canonical":"https:\/\/lospoliticosveracruz.com\/?p=140998","og_locale":"es_ES","og_type":"article","og_title":"POR UN VERACRUZ M\u00c1S JUSTO E INCLUYENTE - Los pol\u00edticos Veracruz","og_description":"\u2002\u2002\u00danete a nuestro canal&nbsp;\u2002 \u00a1LOS POL\u00cdTICOS VERACRUZ&nbsp;ya est\u00e1 en WhatsApp! Zongolica: Al encabezar el Foro Regional sobre los Beneficios y Alcances de la Reforma al Art\u00edculo 2do Constitucional, realizado en el municipio de Zongolica, la diputada Dulce Mar\u00eda Hern\u00e1ndez Tepole, expres\u00f3 que estos encuentros permiten profundizar la importancia de esta reforma en cuanto a las [&hellip;]","og_url":"https:\/\/lospoliticosveracruz.com\/?p=140998","og_site_name":"Los pol\u00edticos Veracruz","article_publisher":"https:\/\/www.facebook.com\/people\/Notimemes-de-los-Polticos\/61565672886568\/","article_published_time":"2025-04-01T22:22:02+00:00","article_modified_time":"2025-04-01T22:22:20+00:00","og_image":[{"width":600,"height":320,"url":"https:\/\/lospoliticosveracruz.com\/wp-content\/uploads\/2025\/04\/IMG_8690.jpeg","type":"image\/jpeg"}],"author":"Lo viste en Los Pol\u00edticos","twitter_card":"summary_large_image","twitter_creator":"@LosPoliticosVer","twitter_site":"@LosPoliticosVer","twitter_misc":{"Escrito por":"Lo viste en Los Pol\u00edticos","Tiempo de lectura":"1 minuto"},"schema":{"@context":"https:\/\/schema.org","@graph":[{"@type":"Article","@id":"https:\/\/lospoliticosveracruz.com\/?p=140998#article","isPartOf":{"@id":"https:\/\/lospoliticosveracruz.com\/?p=140998"},"author":{"name":"Lo viste en Los Pol\u00edticos","@id":"https:\/\/lospoliticosveracruz.com\/#\/schema\/person\/b8702bb0e538456e6efd07080bf2a4a2"},"headline":"POR UN VERACRUZ M\u00c1S JUSTO E INCLUYENTE","datePublished":"2025-04-01T22:22:02+00:00","dateModified":"2025-04-01T22:22:20+00:00","mainEntityOfPage":{"@id":"https:\/\/lospoliticosveracruz.com\/?p=140998"},"wordCount":268,"publisher":{"@id":"https:\/\/lospoliticosveracruz.com\/#organization"},"image":{"@id":"https:\/\/lospoliticosveracruz.com\/?p=140998#primaryimage"},"thumbnailUrl":"https:\/\/lospoliticosveracruz.com\/wp-content\/uploads\/2025\/04\/IMG_8690.jpeg","articleSection":["De Boleto"],"inLanguage":"es"},{"@type":"WebPage","@id":"https:\/\/lospoliticosveracruz.com\/?p=140998","url":"https:\/\/lospoliticosveracruz.com\/?p=140998","name":"POR UN VERACRUZ M\u00c1S JUSTO E INCLUYENTE - Los pol\u00edticos Veracruz","isPartOf":{"@id":"https:\/\/lospoliticosveracruz.com\/#website"},"primaryImageOfPage":{"@id":"https:\/\/lospoliticosveracruz.com\/?p=140998#primaryimage"},"image":{"@id":"https:\/\/lospoliticosveracruz.com\/?p=140998#primaryimage"},"thumbnailUrl":"https:\/\/lospoliticosveracruz.com\/wp-content\/uploads\/2025\/04\/IMG_8690.jpeg","datePublished":"2025-04-01T22:22:02+00:00","dateModified":"2025-04-01T22:22:20+00:00","breadcrumb":{"@id":"https:\/\/lospoliticosveracruz.com\/?p=140998#breadcrumb"},"inLanguage":"es","potentialAction":[{"@type":"ReadAction","target":["https:\/\/lospoliticosveracruz.com\/?p=140998"]}]},{"@type":"ImageObject","inLanguage":"es","@id":"https:\/\/lospoliticosveracruz.com\/?p=140998#primaryimage","url":"https:\/\/lospoliticosveracruz.com\/wp-content\/uploads\/2025\/04\/IMG_8690.jpeg","contentUrl":"https:\/\/lospoliticosveracruz.com\/wp-content\/uploads\/2025\/04\/IMG_8690.jpeg","width":600,"height":320},{"@type":"BreadcrumbList","@id":"https:\/\/lospoliticosveracruz.com\/?p=140998#breadcrumb","itemListElement":[{"@type":"ListItem","position":1,"name":"Portada","item":"https:\/\/lospoliticosveracruz.com\/"},{"@type":"ListItem","position":2,"name":"POR UN VERACRUZ M\u00c1S JUSTO E INCLUYENTE"}]},{"@type":"WebSite","@id":"https:\/\/lospoliticosveracruz.com\/#website","url":"https:\/\/lospoliticosveracruz.com\/","name":"Los pol\u00edticos Veracruz","description":"","publisher":{"@id":"https:\/\/lospoliticosveracruz.com\/#organization"},"potentialAction":[{"@type":"SearchAction","target":{"@type":"EntryPoint","urlTemplate":"https:\/\/lospoliticosveracruz.com\/?s={search_term_string}"},"query-input":{"@type":"PropertyValueSpecification","valueRequired":true,"valueName":"search_term_string"}}],"inLanguage":"es"},{"@type":"Organization","@id":"https:\/\/lospoliticosveracruz.com\/#organization","name":"Los pol\u00edticos Veracruz","url":"https:\/\/lospoliticosveracruz.com\/","logo":{"@type":"ImageObject","inLanguage":"es","@id":"https:\/\/lospoliticosveracruz.com\/#\/schema\/logo\/image\/","url":"https:\/\/lospoliticosveracruz.com\/wp-content\/uploads\/2025\/12\/Logo-Nuevo-LOS-POLITICOS-1.jpg","contentUrl":"https:\/\/lospoliticosveracruz.com\/wp-content\/uploads\/2025\/12\/Logo-Nuevo-LOS-POLITICOS-1.jpg","width":260,"height":70,"caption":"Los pol\u00edticos Veracruz"},"image":{"@id":"https:\/\/lospoliticosveracruz.com\/#\/schema\/logo\/image\/"},"sameAs":["https:\/\/www.facebook.com\/people\/Notimemes-de-los-Polticos\/61565672886568\/","https:\/\/x.com\/LosPoliticosVer"]},{"@type":"Person","@id":"https:\/\/lospoliticosveracruz.com\/#\/schema\/person\/b8702bb0e538456e6efd07080bf2a4a2","name":"Lo viste en Los Pol\u00edticos","image":{"@type":"ImageObject","inLanguage":"es","@id":"https:\/\/secure.gravatar.com\/avatar\/3a8de04a2656d44082be478bd6c086daa447c4651605818287b9532d3d0bd435?s=96&d=mm&r=g","url":"https:\/\/secure.gravatar.com\/avatar\/3a8de04a2656d44082be478bd6c086daa447c4651605818287b9532d3d0bd435?s=96&d=mm&r=g","contentUrl":"https:\/\/secure.gravatar.com\/avatar\/3a8de04a2656d44082be478bd6c086daa447c4651605818287b9532d3d0bd435?s=96&d=mm&r=g","caption":"Lo viste en Los Pol\u00edticos"},"url":"https:\/\/lospoliticosveracruz.com\/?author=2"}]}},"_links":{"self":[{"href":"https:\/\/lospoliticosveracruz.com\/index.php?rest_route=\/wp\/v2\/posts\/140998","targetHints":{"allow":["GET"]}}],"collection":[{"href":"https:\/\/lospoliticosveracruz.com\/index.php?rest_route=\/wp\/v2\/posts"}],"about":[{"href":"https:\/\/lospoliticosveracruz.com\/index.php?rest_route=\/wp\/v2\/types\/post"}],"author":[{"embeddable":true,"href":"https:\/\/lospoliticosveracruz.com\/index.php?rest_route=\/wp\/v2\/users\/2"}],"replies":[{"embeddable":true,"href":"https:\/\/lospoliticosveracruz.com\/index.php?rest_route=%2Fwp%2Fv2%2Fcomments&post=140998"}],"version-history":[{"count":2,"href":"https:\/\/lospoliticosveracruz.com\/index.php?rest_route=\/wp\/v2\/posts\/140998\/revisions"}],"predecessor-version":[{"id":141001,"href":"https:\/\/lospoliticosveracruz.com\/index.php?rest_route=\/wp\/v2\/posts\/140998\/revisions\/141001"}],"wp:featuredmedia":[{"embeddable":true,"href":"https:\/\/lospoliticosveracruz.com\/index.php?rest_route=\/wp\/v2\/media\/140999"}],"wp:attachment":[{"href":"https:\/\/lospoliticosveracruz.com\/index.php?rest_route=%2Fwp%2Fv2%2Fmedia&parent=140998"}],"wp:term":[{"taxonomy":"category","embeddable":true,"href":"https:\/\/lospoliticosveracruz.com\/index.php?rest_route=%2Fwp%2Fv2%2Fcategories&post=140998"},{"taxonomy":"post_tag","embeddable":true,"href":"https:\/\/lospoliticosveracruz.com\/index.php?rest_route=%2Fwp%2Fv2%2Ftags&post=140998"}],"curies":[{"name":"wp","href":"https:\/\/api.w.org\/{rel}","templated":true}]}}