{"id":14101,"date":"2014-12-10T20:56:13","date_gmt":"2014-12-11T02:56:13","guid":{"rendered":"http:\/\/www.lospoliticosveracruz.com.mx\/?p=14101"},"modified":"2014-12-10T20:56:13","modified_gmt":"2014-12-11T02:56:13","slug":"de-los-juegos-a-la-cumbre","status":"publish","type":"post","link":"https:\/\/lospoliticosveracruz.com\/?p=14101","title":{"rendered":"De los juegos a la cumbre"},"content":{"rendered":"<p><a href=\"http:\/\/www.lospoliticosveracruz.com.mx\/wp-content\/uploads\/2014\/12\/Javier-Duarte.jpg\"><img loading=\"lazy\" decoding=\"async\" class=\"alignnone size-medium wp-image-14102\" src=\"http:\/\/www.lospoliticosveracruz.com.mx\/wp-content\/uploads\/2014\/12\/Javier-Duarte-300x195.jpg\" alt=\"Javier Duarte\" width=\"300\" height=\"195\" \/><\/a><\/p>\n<p><strong>Rodrigo Montoya Rivera<\/strong><\/p>\n<p><em>Ideas<\/em><br \/>\nLos veracruzanos somos muy buenos en muchas cosas, sabemos trabajar, divertirnos, pensar de manera sensata, vaya, un pueblo orgulloso de sus tradiciones y de nuestra identidad.<br \/>\nPero si algo nos distingue en el \u00e1mbito nacional a lo largo y ancho de la rep\u00fablica mexicana reconocen nuestra buena anfitriona. Y es que cuando un amigo de fuera visita mi casa, como creo suele suceder con todos los que hemos tenido el honor de recibir a alguien for\u00e1neo, nos gusta platicarles de nuestra familia, de d\u00f3nde venimos, que proyectos tenemos y actualmente a que nos dedicamos. Igualmente sucede cuando viene gente de otras latitudes y otras nacionalidades.<br \/>\nSi algo debemos reconocer es que cuando un amigo o hermano de diferente lugar geogr\u00e1fico nos visita, debe encontrar nuestro hogar limpio y en orden; nuestra casa debe acertar lo mejor posible en condiciones \u00f3ptimas que permitan a nuestro visitante sentirse c\u00f3modo en su estad\u00eda en nuestro territorio, debemos tener siempre algo que ofrecer para as\u00ed demostrar nuestro gusto por recibir a quien hace el honor de visitarnos, vaya hacer de nuestro convidado una estad\u00eda amena.<br \/>\nVeracruz, en los \u00faltimos meses se ha posicionado como un sitio de comodidad para quienes gustan de estar en nuestras tierras, ya sea de placer o por negocios, por trabajo o por familia pero nuestra entidad se ha convertido sin lugar a dudas en uno de los destinos m\u00e1s propicios para ser visitados en las distintas etapas del a\u00f1o. Ya que su variedad geogr\u00e1fica y cultural permiten desarrollar un sinf\u00edn de actividades para los que est\u00e1n de visita o as\u00ed planean hacerlo en fechas posteriores.<br \/>\nY volviendo a la analog\u00eda de la casa, la cual debe estar en perfecto cuidado para abrir las puertas de quien nos visita, lo mismo sucede con una entidad y con un gobierno que es responsable de sus acciones buscando que ofrecer a quien tiene a bien estar en nuestro estado sin importar su procedencia o la raz\u00f3n de su visita, pero siempre buscando las comodidades de quien est\u00e1 en casa.<br \/>\nHace unos d\u00edas presenciamos en los municipios sedes el desarrollo de los Juegos Centroamericanos y del Caribe Veracruz 2014, raz\u00f3n por la cual, el ejecutivo del estado, es decir, el anfitri\u00f3n se preocup\u00f3 y sobretodo se ocup\u00f3 por ofrecer algo a los deportistas que asist\u00edan a esta justa. Que mejor ofrecimiento que unas instalaciones dignas, de primer mundo, de un nivel casi inigualable en el que los cientos de atletas que se albergaron en ciudades como Xalapa, Veracruz y Boca del R\u00edo, pudieron disfrutar y aprovechar los complejos remodelados y construidos para ellos.<br \/>\nEs propicio felicitar a Javier Duarte de Ochoa un joven visionario que se traz\u00f3 la meta de llevar a cabo los mejores juegos de la historia.<br \/>\nEl mandatario estatal puede hoy en d\u00eda presumir que su buen trabajo es motivo de grandes satisfacciones y reconocimientos. No es ninguna casualidad que el jefe de las instituciones a nivel federal Enrique Pe\u00f1a Nieto haya estado presente en la Cumbre Iberoamericana de Jefes de Estado y de Gobierno realizada en la zona conurbada Veracruz- Boca del R\u00edo, sede que presenci\u00f3 el reconocimiento del Presidente al mandatario estatal el cual ha mostrado trabajo, esmero pero lo m\u00e1s importante liderazgo, siendo un joven que venci\u00f3 la especulaci\u00f3n de los agoreros del fracaso.<br \/>\nPor el bien de la entidad ojal\u00e1 se sigan mordiendo la lengua quienes apuestan al fracaso. Que a Veracruz le vaya bien hoy y siempre porque este a\u00f1o 2014 simple y sencillamente los que deseaban lo contrario se equivocaron.<br \/>\nBien por el ejecutivo del estado Javier Duarte de Ochoa y por los alcaldes que han sido junto con el anfitriones en las sedes de tan importantes eventos de relevancia nacional e internacional.<br \/>\nL\u00e9eme en: www.rodrigomontoya.com.mx<br \/>\nTwitter: @RodrigoMontoyaR<br \/>\nComentarios: rodrigomontoya91@gmail.com<\/p>\n","protected":false},"excerpt":{"rendered":"<p>Rodrigo Montoya Rivera Ideas Los veracruzanos somos muy buenos en muchas cosas, sabemos trabajar, divertirnos, pensar de manera sensata, vaya, un pueblo orgulloso de sus tradiciones y de nuestra identidad. Pero si algo nos distingue en el \u00e1mbito nacional a lo largo y ancho de la rep\u00fablica mexicana reconocen nuestra buena anfitriona. Y es que [&hellip;]<\/p>\n","protected":false},"author":2,"featured_media":0,"comment_status":"open","ping_status":"open","sticky":false,"template":"","format":"standard","meta":{"tdm_status":"","tdm_grid_status":"","footnotes":""},"categories":[70],"tags":[947,260,276,195],"class_list":{"0":"post-14101","1":"post","2":"type-post","3":"status-publish","4":"format-standard","6":"category-de-opinion","7":"tag-cumbre-iberoamericana-de-jefes-de-estado","8":"tag-javier-duarte-de-ochoa","9":"tag-juegos-centroamericanos-y-del-caribe-2014","10":"tag-veracruz"},"yoast_head":"<!-- This site is optimized with the Yoast SEO plugin v27.4 - https:\/\/yoast.com\/product\/yoast-seo-wordpress\/ -->\n<title>De los juegos a la cumbre - Los pol\u00edticos Veracruz<\/title>\n<meta name=\"robots\" content=\"index, follow, max-snippet:-1, max-image-preview:large, max-video-preview:-1\" \/>\n<link rel=\"canonical\" href=\"https:\/\/lospoliticosveracruz.com\/?p=14101\" \/>\n<meta property=\"og:locale\" content=\"es_ES\" \/>\n<meta property=\"og:type\" content=\"article\" \/>\n<meta property=\"og:title\" content=\"De los juegos a la cumbre - Los pol\u00edticos Veracruz\" \/>\n<meta property=\"og:description\" content=\"Rodrigo Montoya Rivera Ideas Los veracruzanos somos muy buenos en muchas cosas, sabemos trabajar, divertirnos, pensar de manera sensata, vaya, un pueblo orgulloso de sus tradiciones y de nuestra identidad. Pero si algo nos distingue en el \u00e1mbito nacional a lo largo y ancho de la rep\u00fablica mexicana reconocen nuestra buena anfitriona. Y es que [&hellip;]\" \/>\n<meta property=\"og:url\" content=\"https:\/\/lospoliticosveracruz.com\/?p=14101\" \/>\n<meta property=\"og:site_name\" content=\"Los pol\u00edticos Veracruz\" \/>\n<meta property=\"article:publisher\" content=\"https:\/\/www.facebook.com\/people\/Notimemes-de-los-Polticos\/61565672886568\/\" \/>\n<meta property=\"article:published_time\" content=\"2014-12-11T02:56:13+00:00\" \/>\n<meta property=\"og:image\" content=\"http:\/\/www.lospoliticosveracruz.com.mx\/wp-content\/uploads\/2014\/12\/Javier-Duarte-300x195.jpg\" \/>\n<meta name=\"author\" content=\"Lo viste en Los Pol\u00edticos\" \/>\n<meta name=\"twitter:card\" content=\"summary_large_image\" \/>\n<meta name=\"twitter:creator\" content=\"@LosPoliticosVer\" \/>\n<meta name=\"twitter:site\" content=\"@LosPoliticosVer\" \/>\n<meta name=\"twitter:label1\" content=\"Escrito por\" \/>\n\t<meta name=\"twitter:data1\" content=\"Lo viste en Los Pol\u00edticos\" \/>\n\t<meta name=\"twitter:label2\" content=\"Tiempo de lectura\" \/>\n\t<meta name=\"twitter:data2\" content=\"3 minutos\" \/>\n<script type=\"application\/ld+json\" class=\"yoast-schema-graph\">{\"@context\":\"https:\\\/\\\/schema.org\",\"@graph\":[{\"@type\":\"Article\",\"@id\":\"https:\\\/\\\/lospoliticosveracruz.com\\\/?p=14101#article\",\"isPartOf\":{\"@id\":\"https:\\\/\\\/lospoliticosveracruz.com\\\/?p=14101\"},\"author\":{\"name\":\"Lo viste en Los Pol\u00edticos\",\"@id\":\"https:\\\/\\\/lospoliticosveracruz.com\\\/#\\\/schema\\\/person\\\/b8702bb0e538456e6efd07080bf2a4a2\"},\"headline\":\"De los juegos a la cumbre\",\"datePublished\":\"2014-12-11T02:56:13+00:00\",\"mainEntityOfPage\":{\"@id\":\"https:\\\/\\\/lospoliticosveracruz.com\\\/?p=14101\"},\"wordCount\":665,\"commentCount\":0,\"publisher\":{\"@id\":\"https:\\\/\\\/lospoliticosveracruz.com\\\/#organization\"},\"image\":{\"@id\":\"https:\\\/\\\/lospoliticosveracruz.com\\\/?p=14101#primaryimage\"},\"thumbnailUrl\":\"http:\\\/\\\/www.lospoliticosveracruz.com.mx\\\/wp-content\\\/uploads\\\/2014\\\/12\\\/Javier-Duarte-300x195.jpg\",\"keywords\":[\"Cumbre Iberoamericana de Jefes de Estado\",\"Javier Duarte de Ochoa\",\"Juegos Centroamericanos y del Caribe 2014\",\"Veracruz\"],\"articleSection\":[\"De Opini\u00f3n\"],\"inLanguage\":\"es\",\"potentialAction\":[{\"@type\":\"CommentAction\",\"name\":\"Comment\",\"target\":[\"https:\\\/\\\/lospoliticosveracruz.com\\\/?p=14101#respond\"]}]},{\"@type\":\"WebPage\",\"@id\":\"https:\\\/\\\/lospoliticosveracruz.com\\\/?p=14101\",\"url\":\"https:\\\/\\\/lospoliticosveracruz.com\\\/?p=14101\",\"name\":\"De los juegos a la cumbre - Los pol\u00edticos Veracruz\",\"isPartOf\":{\"@id\":\"https:\\\/\\\/lospoliticosveracruz.com\\\/#website\"},\"primaryImageOfPage\":{\"@id\":\"https:\\\/\\\/lospoliticosveracruz.com\\\/?p=14101#primaryimage\"},\"image\":{\"@id\":\"https:\\\/\\\/lospoliticosveracruz.com\\\/?p=14101#primaryimage\"},\"thumbnailUrl\":\"http:\\\/\\\/www.lospoliticosveracruz.com.mx\\\/wp-content\\\/uploads\\\/2014\\\/12\\\/Javier-Duarte-300x195.jpg\",\"datePublished\":\"2014-12-11T02:56:13+00:00\",\"breadcrumb\":{\"@id\":\"https:\\\/\\\/lospoliticosveracruz.com\\\/?p=14101#breadcrumb\"},\"inLanguage\":\"es\",\"potentialAction\":[{\"@type\":\"ReadAction\",\"target\":[\"https:\\\/\\\/lospoliticosveracruz.com\\\/?p=14101\"]}]},{\"@type\":\"ImageObject\",\"inLanguage\":\"es\",\"@id\":\"https:\\\/\\\/lospoliticosveracruz.com\\\/?p=14101#primaryimage\",\"url\":\"http:\\\/\\\/www.lospoliticosveracruz.com.mx\\\/wp-content\\\/uploads\\\/2014\\\/12\\\/Javier-Duarte-300x195.jpg\",\"contentUrl\":\"http:\\\/\\\/www.lospoliticosveracruz.com.mx\\\/wp-content\\\/uploads\\\/2014\\\/12\\\/Javier-Duarte-300x195.jpg\"},{\"@type\":\"BreadcrumbList\",\"@id\":\"https:\\\/\\\/lospoliticosveracruz.com\\\/?p=14101#breadcrumb\",\"itemListElement\":[{\"@type\":\"ListItem\",\"position\":1,\"name\":\"Portada\",\"item\":\"https:\\\/\\\/lospoliticosveracruz.com\\\/\"},{\"@type\":\"ListItem\",\"position\":2,\"name\":\"De los juegos a la cumbre\"}]},{\"@type\":\"WebSite\",\"@id\":\"https:\\\/\\\/lospoliticosveracruz.com\\\/#website\",\"url\":\"https:\\\/\\\/lospoliticosveracruz.com\\\/\",\"name\":\"Los pol\u00edticos Veracruz\",\"description\":\"\",\"publisher\":{\"@id\":\"https:\\\/\\\/lospoliticosveracruz.com\\\/#organization\"},\"potentialAction\":[{\"@type\":\"SearchAction\",\"target\":{\"@type\":\"EntryPoint\",\"urlTemplate\":\"https:\\\/\\\/lospoliticosveracruz.com\\\/?s={search_term_string}\"},\"query-input\":{\"@type\":\"PropertyValueSpecification\",\"valueRequired\":true,\"valueName\":\"search_term_string\"}}],\"inLanguage\":\"es\"},{\"@type\":\"Organization\",\"@id\":\"https:\\\/\\\/lospoliticosveracruz.com\\\/#organization\",\"name\":\"Los pol\u00edticos Veracruz\",\"url\":\"https:\\\/\\\/lospoliticosveracruz.com\\\/\",\"logo\":{\"@type\":\"ImageObject\",\"inLanguage\":\"es\",\"@id\":\"https:\\\/\\\/lospoliticosveracruz.com\\\/#\\\/schema\\\/logo\\\/image\\\/\",\"url\":\"https:\\\/\\\/lospoliticosveracruz.com\\\/wp-content\\\/uploads\\\/2025\\\/12\\\/Logo-Nuevo-LOS-POLITICOS-1.jpg\",\"contentUrl\":\"https:\\\/\\\/lospoliticosveracruz.com\\\/wp-content\\\/uploads\\\/2025\\\/12\\\/Logo-Nuevo-LOS-POLITICOS-1.jpg\",\"width\":260,\"height\":70,\"caption\":\"Los pol\u00edticos Veracruz\"},\"image\":{\"@id\":\"https:\\\/\\\/lospoliticosveracruz.com\\\/#\\\/schema\\\/logo\\\/image\\\/\"},\"sameAs\":[\"https:\\\/\\\/www.facebook.com\\\/people\\\/Notimemes-de-los-Polticos\\\/61565672886568\\\/\",\"https:\\\/\\\/x.com\\\/LosPoliticosVer\"]},{\"@type\":\"Person\",\"@id\":\"https:\\\/\\\/lospoliticosveracruz.com\\\/#\\\/schema\\\/person\\\/b8702bb0e538456e6efd07080bf2a4a2\",\"name\":\"Lo viste en Los Pol\u00edticos\",\"image\":{\"@type\":\"ImageObject\",\"inLanguage\":\"es\",\"@id\":\"https:\\\/\\\/secure.gravatar.com\\\/avatar\\\/3a8de04a2656d44082be478bd6c086daa447c4651605818287b9532d3d0bd435?s=96&d=mm&r=g\",\"url\":\"https:\\\/\\\/secure.gravatar.com\\\/avatar\\\/3a8de04a2656d44082be478bd6c086daa447c4651605818287b9532d3d0bd435?s=96&d=mm&r=g\",\"contentUrl\":\"https:\\\/\\\/secure.gravatar.com\\\/avatar\\\/3a8de04a2656d44082be478bd6c086daa447c4651605818287b9532d3d0bd435?s=96&d=mm&r=g\",\"caption\":\"Lo viste en Los Pol\u00edticos\"},\"url\":\"https:\\\/\\\/lospoliticosveracruz.com\\\/?author=2\"}]}<\/script>\n<!-- \/ Yoast SEO plugin. -->","yoast_head_json":{"title":"De los juegos a la cumbre - Los pol\u00edticos Veracruz","robots":{"index":"index","follow":"follow","max-snippet":"max-snippet:-1","max-image-preview":"max-image-preview:large","max-video-preview":"max-video-preview:-1"},"canonical":"https:\/\/lospoliticosveracruz.com\/?p=14101","og_locale":"es_ES","og_type":"article","og_title":"De los juegos a la cumbre - Los pol\u00edticos Veracruz","og_description":"Rodrigo Montoya Rivera Ideas Los veracruzanos somos muy buenos en muchas cosas, sabemos trabajar, divertirnos, pensar de manera sensata, vaya, un pueblo orgulloso de sus tradiciones y de nuestra identidad. Pero si algo nos distingue en el \u00e1mbito nacional a lo largo y ancho de la rep\u00fablica mexicana reconocen nuestra buena anfitriona. Y es que [&hellip;]","og_url":"https:\/\/lospoliticosveracruz.com\/?p=14101","og_site_name":"Los pol\u00edticos Veracruz","article_publisher":"https:\/\/www.facebook.com\/people\/Notimemes-de-los-Polticos\/61565672886568\/","article_published_time":"2014-12-11T02:56:13+00:00","og_image":[{"url":"http:\/\/www.lospoliticosveracruz.com.mx\/wp-content\/uploads\/2014\/12\/Javier-Duarte-300x195.jpg","type":"","width":"","height":""}],"author":"Lo viste en Los Pol\u00edticos","twitter_card":"summary_large_image","twitter_creator":"@LosPoliticosVer","twitter_site":"@LosPoliticosVer","twitter_misc":{"Escrito por":"Lo viste en Los Pol\u00edticos","Tiempo de lectura":"3 minutos"},"schema":{"@context":"https:\/\/schema.org","@graph":[{"@type":"Article","@id":"https:\/\/lospoliticosveracruz.com\/?p=14101#article","isPartOf":{"@id":"https:\/\/lospoliticosveracruz.com\/?p=14101"},"author":{"name":"Lo viste en Los Pol\u00edticos","@id":"https:\/\/lospoliticosveracruz.com\/#\/schema\/person\/b8702bb0e538456e6efd07080bf2a4a2"},"headline":"De los juegos a la cumbre","datePublished":"2014-12-11T02:56:13+00:00","mainEntityOfPage":{"@id":"https:\/\/lospoliticosveracruz.com\/?p=14101"},"wordCount":665,"commentCount":0,"publisher":{"@id":"https:\/\/lospoliticosveracruz.com\/#organization"},"image":{"@id":"https:\/\/lospoliticosveracruz.com\/?p=14101#primaryimage"},"thumbnailUrl":"http:\/\/www.lospoliticosveracruz.com.mx\/wp-content\/uploads\/2014\/12\/Javier-Duarte-300x195.jpg","keywords":["Cumbre Iberoamericana de Jefes de Estado","Javier Duarte de Ochoa","Juegos Centroamericanos y del Caribe 2014","Veracruz"],"articleSection":["De Opini\u00f3n"],"inLanguage":"es","potentialAction":[{"@type":"CommentAction","name":"Comment","target":["https:\/\/lospoliticosveracruz.com\/?p=14101#respond"]}]},{"@type":"WebPage","@id":"https:\/\/lospoliticosveracruz.com\/?p=14101","url":"https:\/\/lospoliticosveracruz.com\/?p=14101","name":"De los juegos a la cumbre - Los pol\u00edticos Veracruz","isPartOf":{"@id":"https:\/\/lospoliticosveracruz.com\/#website"},"primaryImageOfPage":{"@id":"https:\/\/lospoliticosveracruz.com\/?p=14101#primaryimage"},"image":{"@id":"https:\/\/lospoliticosveracruz.com\/?p=14101#primaryimage"},"thumbnailUrl":"http:\/\/www.lospoliticosveracruz.com.mx\/wp-content\/uploads\/2014\/12\/Javier-Duarte-300x195.jpg","datePublished":"2014-12-11T02:56:13+00:00","breadcrumb":{"@id":"https:\/\/lospoliticosveracruz.com\/?p=14101#breadcrumb"},"inLanguage":"es","potentialAction":[{"@type":"ReadAction","target":["https:\/\/lospoliticosveracruz.com\/?p=14101"]}]},{"@type":"ImageObject","inLanguage":"es","@id":"https:\/\/lospoliticosveracruz.com\/?p=14101#primaryimage","url":"http:\/\/www.lospoliticosveracruz.com.mx\/wp-content\/uploads\/2014\/12\/Javier-Duarte-300x195.jpg","contentUrl":"http:\/\/www.lospoliticosveracruz.com.mx\/wp-content\/uploads\/2014\/12\/Javier-Duarte-300x195.jpg"},{"@type":"BreadcrumbList","@id":"https:\/\/lospoliticosveracruz.com\/?p=14101#breadcrumb","itemListElement":[{"@type":"ListItem","position":1,"name":"Portada","item":"https:\/\/lospoliticosveracruz.com\/"},{"@type":"ListItem","position":2,"name":"De los juegos a la cumbre"}]},{"@type":"WebSite","@id":"https:\/\/lospoliticosveracruz.com\/#website","url":"https:\/\/lospoliticosveracruz.com\/","name":"Los pol\u00edticos Veracruz","description":"","publisher":{"@id":"https:\/\/lospoliticosveracruz.com\/#organization"},"potentialAction":[{"@type":"SearchAction","target":{"@type":"EntryPoint","urlTemplate":"https:\/\/lospoliticosveracruz.com\/?s={search_term_string}"},"query-input":{"@type":"PropertyValueSpecification","valueRequired":true,"valueName":"search_term_string"}}],"inLanguage":"es"},{"@type":"Organization","@id":"https:\/\/lospoliticosveracruz.com\/#organization","name":"Los pol\u00edticos Veracruz","url":"https:\/\/lospoliticosveracruz.com\/","logo":{"@type":"ImageObject","inLanguage":"es","@id":"https:\/\/lospoliticosveracruz.com\/#\/schema\/logo\/image\/","url":"https:\/\/lospoliticosveracruz.com\/wp-content\/uploads\/2025\/12\/Logo-Nuevo-LOS-POLITICOS-1.jpg","contentUrl":"https:\/\/lospoliticosveracruz.com\/wp-content\/uploads\/2025\/12\/Logo-Nuevo-LOS-POLITICOS-1.jpg","width":260,"height":70,"caption":"Los pol\u00edticos Veracruz"},"image":{"@id":"https:\/\/lospoliticosveracruz.com\/#\/schema\/logo\/image\/"},"sameAs":["https:\/\/www.facebook.com\/people\/Notimemes-de-los-Polticos\/61565672886568\/","https:\/\/x.com\/LosPoliticosVer"]},{"@type":"Person","@id":"https:\/\/lospoliticosveracruz.com\/#\/schema\/person\/b8702bb0e538456e6efd07080bf2a4a2","name":"Lo viste en Los Pol\u00edticos","image":{"@type":"ImageObject","inLanguage":"es","@id":"https:\/\/secure.gravatar.com\/avatar\/3a8de04a2656d44082be478bd6c086daa447c4651605818287b9532d3d0bd435?s=96&d=mm&r=g","url":"https:\/\/secure.gravatar.com\/avatar\/3a8de04a2656d44082be478bd6c086daa447c4651605818287b9532d3d0bd435?s=96&d=mm&r=g","contentUrl":"https:\/\/secure.gravatar.com\/avatar\/3a8de04a2656d44082be478bd6c086daa447c4651605818287b9532d3d0bd435?s=96&d=mm&r=g","caption":"Lo viste en Los Pol\u00edticos"},"url":"https:\/\/lospoliticosveracruz.com\/?author=2"}]}},"_links":{"self":[{"href":"https:\/\/lospoliticosveracruz.com\/index.php?rest_route=\/wp\/v2\/posts\/14101","targetHints":{"allow":["GET"]}}],"collection":[{"href":"https:\/\/lospoliticosveracruz.com\/index.php?rest_route=\/wp\/v2\/posts"}],"about":[{"href":"https:\/\/lospoliticosveracruz.com\/index.php?rest_route=\/wp\/v2\/types\/post"}],"author":[{"embeddable":true,"href":"https:\/\/lospoliticosveracruz.com\/index.php?rest_route=\/wp\/v2\/users\/2"}],"replies":[{"embeddable":true,"href":"https:\/\/lospoliticosveracruz.com\/index.php?rest_route=%2Fwp%2Fv2%2Fcomments&post=14101"}],"version-history":[{"count":1,"href":"https:\/\/lospoliticosveracruz.com\/index.php?rest_route=\/wp\/v2\/posts\/14101\/revisions"}],"predecessor-version":[{"id":14103,"href":"https:\/\/lospoliticosveracruz.com\/index.php?rest_route=\/wp\/v2\/posts\/14101\/revisions\/14103"}],"wp:attachment":[{"href":"https:\/\/lospoliticosveracruz.com\/index.php?rest_route=%2Fwp%2Fv2%2Fmedia&parent=14101"}],"wp:term":[{"taxonomy":"category","embeddable":true,"href":"https:\/\/lospoliticosveracruz.com\/index.php?rest_route=%2Fwp%2Fv2%2Fcategories&post=14101"},{"taxonomy":"post_tag","embeddable":true,"href":"https:\/\/lospoliticosveracruz.com\/index.php?rest_route=%2Fwp%2Fv2%2Ftags&post=14101"}],"curies":[{"name":"wp","href":"https:\/\/api.w.org\/{rel}","templated":true}]}}