{"id":141139,"date":"2025-04-02T21:05:32","date_gmt":"2025-04-03T03:05:32","guid":{"rendered":"https:\/\/lospoliticosveracruz.com.mx\/?p=141139"},"modified":"2025-04-02T21:05:53","modified_gmt":"2025-04-03T03:05:53","slug":"proximo-fiscal-o-puro-bla-bla","status":"publish","type":"post","link":"https:\/\/lospoliticosveracruz.com\/?p=141139","title":{"rendered":"\u00bfPR\u00d3XIMO FISCAL O PURO BLA BLA?"},"content":{"rendered":"\n<p><a><\/a><a href=\"https:\/\/whatsapp.com\/channel\/0029Va8zRWlEKyZIP3Z1dF0e\"><strong>\u2002\u2002<\/strong><strong>\u00da<\/strong><strong>NETE A NUESTRO CANAL<\/strong><strong><\/strong><\/a><\/p>\n\n\n\n<p>\u00a1<a href=\"https:\/\/whatsapp.com\/channel\/0029Va8zRWlEKyZIP3Z1dF0e\"><strong>LOS POL\u00cd<\/strong><strong>TICOS VERACRUZ<\/strong><\/a> ya est\u00e1 en WhatsApp!<\/p>\n\n\n\n<p><\/p>\n\n\n\n<p><strong>Bernardo Guti\u00e9rrez Parra<\/strong><\/p>\n\n\n\n<p><em>Desde el Caf\u00e9<br><\/em><\/p>\n\n\n\n<p>Alguna vez cuando le pregunt\u00e9 a don Agust\u00edn Acosta Lagunes, cual hab\u00eda sido el problema m\u00e1s serio con el que hab\u00eda tenido que lidiar como gobernador de Veracruz, me contest\u00f3 que todos tuvieron su grado de dificultad: \u201cpero salimos adelante al resolver la mayor\u00eda\u201d.<\/p>\n\n\n\n<p>La charla se extendi\u00f3 por m\u00e1s de cuarenta minutos en los que tocamos varios temas y cuando nos desped\u00edamos pareci\u00f3 recordar: \u201cAh no, hubo un problema que no pude resolver, con el que no pudieron mis antecesores ni podr\u00e1n mis sucesores\u201d. Y me cont\u00f3 de sujetos que haci\u00e9ndose pasar por amigos de toda su confianza, esquilmaban a incautos ofreci\u00e9ndoles cargos p\u00fablicos en su administraci\u00f3n y cobrando por ello.<\/p>\n\n\n\n<p>Algo m\u00e1s o menos as\u00ed le est\u00e1 pasando a la gobernadora Roc\u00edo Nahle con el ex juez Jos\u00e9 Clemente Zorrilla Rostro, que anda vendiendo posiciones en la Fiscal\u00eda General del Estado, al coque de que \u00e9l ser\u00e1 el pr\u00f3ximo titular de la dependencia pues en breve -dice- abandonar\u00e1 ese cargo Ver\u00f3nica Hern\u00e1ndez Giad\u00e1ns.<\/p>\n\n\n\n<p>Hombre muy cercano en su tiempo al entonces secretario de Gobierno, Eric Cisneros, Zorrilla Rostro fue un juez obediente con su amo. Siguiendo instrucciones de Eric, puso en libertad en Jalacingo a un grupo delincuencial acusado de secuestro y violaci\u00f3n. Pero cuando Eric se empez\u00f3 a tambalear, corri\u00f3 a buscar el cobijo del entonces presidente de la Junta de Coordinaci\u00f3n Pol\u00edtica del Congreso estatal, Juan Javier G\u00f3mez Cazar\u00edn.<\/p>\n\n\n\n<p>Ya sin Eric ni Juan Javier para que lo arropen, Jos\u00e9 Clemente Zorrilla presume su amistad y cercan\u00eda con el diputado local de Morena, Diego Casta\u00f1eda Aburto, presidente de la Comisi\u00f3n de Procuraci\u00f3n de Justicia del Congreso local. De ah\u00ed que est\u00e9 repartiendo casi en su totalidad, la estructura de la instancia de procuraci\u00f3n de justicia en la entidad.<\/p>\n\n\n\n<p>Jos\u00e9 Clemente es un convencido de que \u201cla tiene segura\u201d, que la Fiscal\u00eda ya es suya porque cuenta con el \u201crespaldo total\u201d de la gobernadora Nahle y por supuesto, de Diego Casta\u00f1eda.<\/p>\n\n\n\n<p>\u00bfSer\u00e1?<\/p>\n\n\n\n<p>Acosta Lagunes me cont\u00f3 en aquella ocasi\u00f3n, que mand\u00f3 a la c\u00e1rcel a un sujeto al que apenas conoc\u00eda, pero que llevaba en el bolsillo una foto donde aparecen ambos en un evento, para dar fe de su cercan\u00eda con el gobernador. Y con esa foto tim\u00f3 a varias personas.<\/p>\n\n\n\n<p>\u00bfSabr\u00e1 Roc\u00edo Nahle que Jos\u00e9 Clemente Zorrilla ya casi termin\u00f3 de \u201crepartir\u201d las oficinas de la Fiscal\u00eda General del estado, que lo estar\u00eda haciendo a nombre de ella y que presuntamente est\u00e1 cobrando una buena mochada por el \u201cfavor\u201d?<\/p>\n\n\n\n<p>Estoy seguro que lo ignora porque de lo contrario\u2026<\/p>\n\n\n\n<p>A pesar de que ninguna ley proh\u00edbe que cualquier hijo de vecino presuma de su amistad con la gobernadora, si est\u00e1n penados el abuso de confianza, el tr\u00e1fico de influencias y la corrupci\u00f3n. Y el \u201cfuturo\u201d Fiscal estar\u00eda incurriendo en esos il\u00edcitos.<\/p>\n\n\n\n<p>\u00bfSer\u00e1 que en efecto Jos\u00e9 Clemente ya tiene segura la titularidad de la FGE?<\/p>\n\n\n\n<p>La verdad lo ignoro, pero no hay que olvidar que del plato a la boca se cae la sopa. Y puede que en lugar de ser el pr\u00f3ximo Fiscal, Zorrilla Rostro pase a engrosar las filas del desempleo por tener la boca muy floja,<\/p>\n\n\n\n<p>Habr\u00e1 que ver.<\/p>\n\n\n\n<p>bernardogup@hotmail.com<\/p>\n","protected":false},"excerpt":{"rendered":"<p>\u2002\u2002\u00daNETE A NUESTRO CANAL \u00a1LOS POL\u00cdTICOS VERACRUZ ya est\u00e1 en WhatsApp! Bernardo Guti\u00e9rrez Parra Desde el Caf\u00e9 Alguna vez cuando le pregunt\u00e9 a don Agust\u00edn Acosta Lagunes, cual hab\u00eda sido el problema m\u00e1s serio con el que hab\u00eda tenido que lidiar como gobernador de Veracruz, me contest\u00f3 que todos tuvieron su grado de dificultad: \u201cpero [&hellip;]<\/p>\n","protected":false},"author":2,"featured_media":119914,"comment_status":"closed","ping_status":"closed","sticky":false,"template":"","format":"standard","meta":{"tdm_status":"","tdm_grid_status":"","footnotes":""},"categories":[70],"tags":[],"class_list":{"0":"post-141139","1":"post","2":"type-post","3":"status-publish","4":"format-standard","5":"has-post-thumbnail","7":"category-de-opinion"},"yoast_head":"<!-- This site is optimized with the Yoast SEO plugin v27.4 - https:\/\/yoast.com\/product\/yoast-seo-wordpress\/ -->\n<title>\u00bfPR\u00d3XIMO FISCAL O PURO BLA BLA? - Los pol\u00edticos Veracruz<\/title>\n<meta name=\"robots\" content=\"index, follow, max-snippet:-1, max-image-preview:large, max-video-preview:-1\" \/>\n<link rel=\"canonical\" href=\"https:\/\/lospoliticosveracruz.com\/?p=141139\" \/>\n<meta property=\"og:locale\" content=\"es_ES\" \/>\n<meta property=\"og:type\" content=\"article\" \/>\n<meta property=\"og:title\" content=\"\u00bfPR\u00d3XIMO FISCAL O PURO BLA BLA? - Los pol\u00edticos Veracruz\" \/>\n<meta property=\"og:description\" content=\"\u2002\u2002\u00daNETE A NUESTRO CANAL \u00a1LOS POL\u00cdTICOS VERACRUZ ya est\u00e1 en WhatsApp! Bernardo Guti\u00e9rrez Parra Desde el Caf\u00e9 Alguna vez cuando le pregunt\u00e9 a don Agust\u00edn Acosta Lagunes, cual hab\u00eda sido el problema m\u00e1s serio con el que hab\u00eda tenido que lidiar como gobernador de Veracruz, me contest\u00f3 que todos tuvieron su grado de dificultad: \u201cpero [&hellip;]\" \/>\n<meta property=\"og:url\" content=\"https:\/\/lospoliticosveracruz.com\/?p=141139\" \/>\n<meta property=\"og:site_name\" content=\"Los pol\u00edticos Veracruz\" \/>\n<meta property=\"article:publisher\" content=\"https:\/\/www.facebook.com\/people\/Notimemes-de-los-Polticos\/61565672886568\/\" \/>\n<meta property=\"article:published_time\" content=\"2025-04-03T03:05:32+00:00\" \/>\n<meta property=\"article:modified_time\" content=\"2025-04-03T03:05:53+00:00\" \/>\n<meta property=\"og:image\" content=\"https:\/\/lospoliticosveracruz.com\/wp-content\/uploads\/2024\/03\/Bernardo.jpg\" \/>\n\t<meta property=\"og:image:width\" content=\"1250\" \/>\n\t<meta property=\"og:image:height\" content=\"667\" \/>\n\t<meta property=\"og:image:type\" content=\"image\/jpeg\" \/>\n<meta name=\"author\" content=\"Lo viste en Los Pol\u00edticos\" \/>\n<meta name=\"twitter:card\" content=\"summary_large_image\" \/>\n<meta name=\"twitter:creator\" content=\"@LosPoliticosVer\" \/>\n<meta name=\"twitter:site\" content=\"@LosPoliticosVer\" \/>\n<meta name=\"twitter:label1\" content=\"Escrito por\" \/>\n\t<meta name=\"twitter:data1\" content=\"Lo viste en Los Pol\u00edticos\" \/>\n\t<meta name=\"twitter:label2\" content=\"Tiempo de lectura\" \/>\n\t<meta name=\"twitter:data2\" content=\"3 minutos\" \/>\n<script type=\"application\/ld+json\" class=\"yoast-schema-graph\">{\"@context\":\"https:\\\/\\\/schema.org\",\"@graph\":[{\"@type\":\"Article\",\"@id\":\"https:\\\/\\\/lospoliticosveracruz.com\\\/?p=141139#article\",\"isPartOf\":{\"@id\":\"https:\\\/\\\/lospoliticosveracruz.com\\\/?p=141139\"},\"author\":{\"name\":\"Lo viste en Los Pol\u00edticos\",\"@id\":\"https:\\\/\\\/lospoliticosveracruz.com\\\/#\\\/schema\\\/person\\\/b8702bb0e538456e6efd07080bf2a4a2\"},\"headline\":\"\u00bfPR\u00d3XIMO FISCAL O PURO BLA BLA?\",\"datePublished\":\"2025-04-03T03:05:32+00:00\",\"dateModified\":\"2025-04-03T03:05:53+00:00\",\"mainEntityOfPage\":{\"@id\":\"https:\\\/\\\/lospoliticosveracruz.com\\\/?p=141139\"},\"wordCount\":600,\"publisher\":{\"@id\":\"https:\\\/\\\/lospoliticosveracruz.com\\\/#organization\"},\"image\":{\"@id\":\"https:\\\/\\\/lospoliticosveracruz.com\\\/?p=141139#primaryimage\"},\"thumbnailUrl\":\"https:\\\/\\\/lospoliticosveracruz.com\\\/wp-content\\\/uploads\\\/2024\\\/03\\\/Bernardo.jpg\",\"articleSection\":[\"De Opini\u00f3n\"],\"inLanguage\":\"es\"},{\"@type\":\"WebPage\",\"@id\":\"https:\\\/\\\/lospoliticosveracruz.com\\\/?p=141139\",\"url\":\"https:\\\/\\\/lospoliticosveracruz.com\\\/?p=141139\",\"name\":\"\u00bfPR\u00d3XIMO FISCAL O PURO BLA BLA? - Los pol\u00edticos Veracruz\",\"isPartOf\":{\"@id\":\"https:\\\/\\\/lospoliticosveracruz.com\\\/#website\"},\"primaryImageOfPage\":{\"@id\":\"https:\\\/\\\/lospoliticosveracruz.com\\\/?p=141139#primaryimage\"},\"image\":{\"@id\":\"https:\\\/\\\/lospoliticosveracruz.com\\\/?p=141139#primaryimage\"},\"thumbnailUrl\":\"https:\\\/\\\/lospoliticosveracruz.com\\\/wp-content\\\/uploads\\\/2024\\\/03\\\/Bernardo.jpg\",\"datePublished\":\"2025-04-03T03:05:32+00:00\",\"dateModified\":\"2025-04-03T03:05:53+00:00\",\"breadcrumb\":{\"@id\":\"https:\\\/\\\/lospoliticosveracruz.com\\\/?p=141139#breadcrumb\"},\"inLanguage\":\"es\",\"potentialAction\":[{\"@type\":\"ReadAction\",\"target\":[\"https:\\\/\\\/lospoliticosveracruz.com\\\/?p=141139\"]}]},{\"@type\":\"ImageObject\",\"inLanguage\":\"es\",\"@id\":\"https:\\\/\\\/lospoliticosveracruz.com\\\/?p=141139#primaryimage\",\"url\":\"https:\\\/\\\/lospoliticosveracruz.com\\\/wp-content\\\/uploads\\\/2024\\\/03\\\/Bernardo.jpg\",\"contentUrl\":\"https:\\\/\\\/lospoliticosveracruz.com\\\/wp-content\\\/uploads\\\/2024\\\/03\\\/Bernardo.jpg\",\"width\":1250,\"height\":667},{\"@type\":\"BreadcrumbList\",\"@id\":\"https:\\\/\\\/lospoliticosveracruz.com\\\/?p=141139#breadcrumb\",\"itemListElement\":[{\"@type\":\"ListItem\",\"position\":1,\"name\":\"Portada\",\"item\":\"https:\\\/\\\/lospoliticosveracruz.com\\\/\"},{\"@type\":\"ListItem\",\"position\":2,\"name\":\"\u00bfPR\u00d3XIMO FISCAL O PURO BLA BLA?\"}]},{\"@type\":\"WebSite\",\"@id\":\"https:\\\/\\\/lospoliticosveracruz.com\\\/#website\",\"url\":\"https:\\\/\\\/lospoliticosveracruz.com\\\/\",\"name\":\"Los pol\u00edticos Veracruz\",\"description\":\"\",\"publisher\":{\"@id\":\"https:\\\/\\\/lospoliticosveracruz.com\\\/#organization\"},\"potentialAction\":[{\"@type\":\"SearchAction\",\"target\":{\"@type\":\"EntryPoint\",\"urlTemplate\":\"https:\\\/\\\/lospoliticosveracruz.com\\\/?s={search_term_string}\"},\"query-input\":{\"@type\":\"PropertyValueSpecification\",\"valueRequired\":true,\"valueName\":\"search_term_string\"}}],\"inLanguage\":\"es\"},{\"@type\":\"Organization\",\"@id\":\"https:\\\/\\\/lospoliticosveracruz.com\\\/#organization\",\"name\":\"Los pol\u00edticos Veracruz\",\"url\":\"https:\\\/\\\/lospoliticosveracruz.com\\\/\",\"logo\":{\"@type\":\"ImageObject\",\"inLanguage\":\"es\",\"@id\":\"https:\\\/\\\/lospoliticosveracruz.com\\\/#\\\/schema\\\/logo\\\/image\\\/\",\"url\":\"https:\\\/\\\/lospoliticosveracruz.com\\\/wp-content\\\/uploads\\\/2025\\\/12\\\/Logo-Nuevo-LOS-POLITICOS-1.jpg\",\"contentUrl\":\"https:\\\/\\\/lospoliticosveracruz.com\\\/wp-content\\\/uploads\\\/2025\\\/12\\\/Logo-Nuevo-LOS-POLITICOS-1.jpg\",\"width\":260,\"height\":70,\"caption\":\"Los pol\u00edticos Veracruz\"},\"image\":{\"@id\":\"https:\\\/\\\/lospoliticosveracruz.com\\\/#\\\/schema\\\/logo\\\/image\\\/\"},\"sameAs\":[\"https:\\\/\\\/www.facebook.com\\\/people\\\/Notimemes-de-los-Polticos\\\/61565672886568\\\/\",\"https:\\\/\\\/x.com\\\/LosPoliticosVer\"]},{\"@type\":\"Person\",\"@id\":\"https:\\\/\\\/lospoliticosveracruz.com\\\/#\\\/schema\\\/person\\\/b8702bb0e538456e6efd07080bf2a4a2\",\"name\":\"Lo viste en Los Pol\u00edticos\",\"image\":{\"@type\":\"ImageObject\",\"inLanguage\":\"es\",\"@id\":\"https:\\\/\\\/secure.gravatar.com\\\/avatar\\\/3a8de04a2656d44082be478bd6c086daa447c4651605818287b9532d3d0bd435?s=96&d=mm&r=g\",\"url\":\"https:\\\/\\\/secure.gravatar.com\\\/avatar\\\/3a8de04a2656d44082be478bd6c086daa447c4651605818287b9532d3d0bd435?s=96&d=mm&r=g\",\"contentUrl\":\"https:\\\/\\\/secure.gravatar.com\\\/avatar\\\/3a8de04a2656d44082be478bd6c086daa447c4651605818287b9532d3d0bd435?s=96&d=mm&r=g\",\"caption\":\"Lo viste en Los Pol\u00edticos\"},\"url\":\"https:\\\/\\\/lospoliticosveracruz.com\\\/?author=2\"}]}<\/script>\n<!-- \/ Yoast SEO plugin. -->","yoast_head_json":{"title":"\u00bfPR\u00d3XIMO FISCAL O PURO BLA BLA? - Los pol\u00edticos Veracruz","robots":{"index":"index","follow":"follow","max-snippet":"max-snippet:-1","max-image-preview":"max-image-preview:large","max-video-preview":"max-video-preview:-1"},"canonical":"https:\/\/lospoliticosveracruz.com\/?p=141139","og_locale":"es_ES","og_type":"article","og_title":"\u00bfPR\u00d3XIMO FISCAL O PURO BLA BLA? - Los pol\u00edticos Veracruz","og_description":"\u2002\u2002\u00daNETE A NUESTRO CANAL \u00a1LOS POL\u00cdTICOS VERACRUZ ya est\u00e1 en WhatsApp! Bernardo Guti\u00e9rrez Parra Desde el Caf\u00e9 Alguna vez cuando le pregunt\u00e9 a don Agust\u00edn Acosta Lagunes, cual hab\u00eda sido el problema m\u00e1s serio con el que hab\u00eda tenido que lidiar como gobernador de Veracruz, me contest\u00f3 que todos tuvieron su grado de dificultad: \u201cpero [&hellip;]","og_url":"https:\/\/lospoliticosveracruz.com\/?p=141139","og_site_name":"Los pol\u00edticos Veracruz","article_publisher":"https:\/\/www.facebook.com\/people\/Notimemes-de-los-Polticos\/61565672886568\/","article_published_time":"2025-04-03T03:05:32+00:00","article_modified_time":"2025-04-03T03:05:53+00:00","og_image":[{"width":1250,"height":667,"url":"https:\/\/lospoliticosveracruz.com\/wp-content\/uploads\/2024\/03\/Bernardo.jpg","type":"image\/jpeg"}],"author":"Lo viste en Los Pol\u00edticos","twitter_card":"summary_large_image","twitter_creator":"@LosPoliticosVer","twitter_site":"@LosPoliticosVer","twitter_misc":{"Escrito por":"Lo viste en Los Pol\u00edticos","Tiempo de lectura":"3 minutos"},"schema":{"@context":"https:\/\/schema.org","@graph":[{"@type":"Article","@id":"https:\/\/lospoliticosveracruz.com\/?p=141139#article","isPartOf":{"@id":"https:\/\/lospoliticosveracruz.com\/?p=141139"},"author":{"name":"Lo viste en Los Pol\u00edticos","@id":"https:\/\/lospoliticosveracruz.com\/#\/schema\/person\/b8702bb0e538456e6efd07080bf2a4a2"},"headline":"\u00bfPR\u00d3XIMO FISCAL O PURO BLA BLA?","datePublished":"2025-04-03T03:05:32+00:00","dateModified":"2025-04-03T03:05:53+00:00","mainEntityOfPage":{"@id":"https:\/\/lospoliticosveracruz.com\/?p=141139"},"wordCount":600,"publisher":{"@id":"https:\/\/lospoliticosveracruz.com\/#organization"},"image":{"@id":"https:\/\/lospoliticosveracruz.com\/?p=141139#primaryimage"},"thumbnailUrl":"https:\/\/lospoliticosveracruz.com\/wp-content\/uploads\/2024\/03\/Bernardo.jpg","articleSection":["De Opini\u00f3n"],"inLanguage":"es"},{"@type":"WebPage","@id":"https:\/\/lospoliticosveracruz.com\/?p=141139","url":"https:\/\/lospoliticosveracruz.com\/?p=141139","name":"\u00bfPR\u00d3XIMO FISCAL O PURO BLA BLA? - Los pol\u00edticos Veracruz","isPartOf":{"@id":"https:\/\/lospoliticosveracruz.com\/#website"},"primaryImageOfPage":{"@id":"https:\/\/lospoliticosveracruz.com\/?p=141139#primaryimage"},"image":{"@id":"https:\/\/lospoliticosveracruz.com\/?p=141139#primaryimage"},"thumbnailUrl":"https:\/\/lospoliticosveracruz.com\/wp-content\/uploads\/2024\/03\/Bernardo.jpg","datePublished":"2025-04-03T03:05:32+00:00","dateModified":"2025-04-03T03:05:53+00:00","breadcrumb":{"@id":"https:\/\/lospoliticosveracruz.com\/?p=141139#breadcrumb"},"inLanguage":"es","potentialAction":[{"@type":"ReadAction","target":["https:\/\/lospoliticosveracruz.com\/?p=141139"]}]},{"@type":"ImageObject","inLanguage":"es","@id":"https:\/\/lospoliticosveracruz.com\/?p=141139#primaryimage","url":"https:\/\/lospoliticosveracruz.com\/wp-content\/uploads\/2024\/03\/Bernardo.jpg","contentUrl":"https:\/\/lospoliticosveracruz.com\/wp-content\/uploads\/2024\/03\/Bernardo.jpg","width":1250,"height":667},{"@type":"BreadcrumbList","@id":"https:\/\/lospoliticosveracruz.com\/?p=141139#breadcrumb","itemListElement":[{"@type":"ListItem","position":1,"name":"Portada","item":"https:\/\/lospoliticosveracruz.com\/"},{"@type":"ListItem","position":2,"name":"\u00bfPR\u00d3XIMO FISCAL O PURO BLA BLA?"}]},{"@type":"WebSite","@id":"https:\/\/lospoliticosveracruz.com\/#website","url":"https:\/\/lospoliticosveracruz.com\/","name":"Los pol\u00edticos Veracruz","description":"","publisher":{"@id":"https:\/\/lospoliticosveracruz.com\/#organization"},"potentialAction":[{"@type":"SearchAction","target":{"@type":"EntryPoint","urlTemplate":"https:\/\/lospoliticosveracruz.com\/?s={search_term_string}"},"query-input":{"@type":"PropertyValueSpecification","valueRequired":true,"valueName":"search_term_string"}}],"inLanguage":"es"},{"@type":"Organization","@id":"https:\/\/lospoliticosveracruz.com\/#organization","name":"Los pol\u00edticos Veracruz","url":"https:\/\/lospoliticosveracruz.com\/","logo":{"@type":"ImageObject","inLanguage":"es","@id":"https:\/\/lospoliticosveracruz.com\/#\/schema\/logo\/image\/","url":"https:\/\/lospoliticosveracruz.com\/wp-content\/uploads\/2025\/12\/Logo-Nuevo-LOS-POLITICOS-1.jpg","contentUrl":"https:\/\/lospoliticosveracruz.com\/wp-content\/uploads\/2025\/12\/Logo-Nuevo-LOS-POLITICOS-1.jpg","width":260,"height":70,"caption":"Los pol\u00edticos Veracruz"},"image":{"@id":"https:\/\/lospoliticosveracruz.com\/#\/schema\/logo\/image\/"},"sameAs":["https:\/\/www.facebook.com\/people\/Notimemes-de-los-Polticos\/61565672886568\/","https:\/\/x.com\/LosPoliticosVer"]},{"@type":"Person","@id":"https:\/\/lospoliticosveracruz.com\/#\/schema\/person\/b8702bb0e538456e6efd07080bf2a4a2","name":"Lo viste en Los Pol\u00edticos","image":{"@type":"ImageObject","inLanguage":"es","@id":"https:\/\/secure.gravatar.com\/avatar\/3a8de04a2656d44082be478bd6c086daa447c4651605818287b9532d3d0bd435?s=96&d=mm&r=g","url":"https:\/\/secure.gravatar.com\/avatar\/3a8de04a2656d44082be478bd6c086daa447c4651605818287b9532d3d0bd435?s=96&d=mm&r=g","contentUrl":"https:\/\/secure.gravatar.com\/avatar\/3a8de04a2656d44082be478bd6c086daa447c4651605818287b9532d3d0bd435?s=96&d=mm&r=g","caption":"Lo viste en Los Pol\u00edticos"},"url":"https:\/\/lospoliticosveracruz.com\/?author=2"}]}},"_links":{"self":[{"href":"https:\/\/lospoliticosveracruz.com\/index.php?rest_route=\/wp\/v2\/posts\/141139","targetHints":{"allow":["GET"]}}],"collection":[{"href":"https:\/\/lospoliticosveracruz.com\/index.php?rest_route=\/wp\/v2\/posts"}],"about":[{"href":"https:\/\/lospoliticosveracruz.com\/index.php?rest_route=\/wp\/v2\/types\/post"}],"author":[{"embeddable":true,"href":"https:\/\/lospoliticosveracruz.com\/index.php?rest_route=\/wp\/v2\/users\/2"}],"replies":[{"embeddable":true,"href":"https:\/\/lospoliticosveracruz.com\/index.php?rest_route=%2Fwp%2Fv2%2Fcomments&post=141139"}],"version-history":[{"count":2,"href":"https:\/\/lospoliticosveracruz.com\/index.php?rest_route=\/wp\/v2\/posts\/141139\/revisions"}],"predecessor-version":[{"id":141141,"href":"https:\/\/lospoliticosveracruz.com\/index.php?rest_route=\/wp\/v2\/posts\/141139\/revisions\/141141"}],"wp:featuredmedia":[{"embeddable":true,"href":"https:\/\/lospoliticosveracruz.com\/index.php?rest_route=\/wp\/v2\/media\/119914"}],"wp:attachment":[{"href":"https:\/\/lospoliticosveracruz.com\/index.php?rest_route=%2Fwp%2Fv2%2Fmedia&parent=141139"}],"wp:term":[{"taxonomy":"category","embeddable":true,"href":"https:\/\/lospoliticosveracruz.com\/index.php?rest_route=%2Fwp%2Fv2%2Fcategories&post=141139"},{"taxonomy":"post_tag","embeddable":true,"href":"https:\/\/lospoliticosveracruz.com\/index.php?rest_route=%2Fwp%2Fv2%2Ftags&post=141139"}],"curies":[{"name":"wp","href":"https:\/\/api.w.org\/{rel}","templated":true}]}}