{"id":141145,"date":"2025-04-03T07:25:10","date_gmt":"2025-04-03T13:25:10","guid":{"rendered":"https:\/\/lospoliticosveracruz.com.mx\/?p=141145"},"modified":"2025-04-03T07:25:39","modified_gmt":"2025-04-03T13:25:39","slug":"amarilla-a-8-precandidatos","status":"publish","type":"post","link":"https:\/\/lospoliticosveracruz.com\/?p=141145","title":{"rendered":"AMARILLA A 8 PRECANDIDATOS!"},"content":{"rendered":"\n<p>[S\u00edguenos ahora tambi\u00e9n en WhatsApp.\u00a0<a href=\"https:\/\/whatsapp.com\/channel\/0029Va8zRWlEKyZIP3Z1dF0e\"><strong><em>Da clic aqu\u00ed<\/em><\/strong><\/a>]<br><strong>Fanny Y\u00e9pez<\/strong><br><em>La Columna<\/em><\/p>\n\n\n\n<p>Fue el Instituto Nacional Electoral (INE), que lanzo un salvavidas a ocho precandidatos a presidentes municipales en la entidad veracruzana, quienes estuvieron en riesgo de perder su nominaci\u00f3n por no comunicar en tiempo y forma los gastos que tuvieron en su etapa de precampa\u00f1a.<br>El peri\u00f3dico Reforma public\u00f3 la tarde de este mi\u00e9rcoles que, con solo un voto de los consejeros de ese Instituto, estos aspirantes alcaldes de la alianza Morena- PVEM-PT: Alberto Silva Ramos, l\u00edder local del PVEM que va por la Presidencia Municipal de Tuxpan; Nora Gonz\u00e1lez, por Mart\u00ednez de la Torre; y Celso Rogelio Quiroz, por Poza Rica se pusieron en riesgo.<br>Mientras que otros cinco que compiten por la v\u00eda independiente: Enrique Mariano Molina Ram\u00edrez, Boca del R\u00edo; Margarito Fonseca Serrano, Catemaco; y por Coatzacoalcos Salvador Cueto Sosa, Sayloung Aquino Gonz\u00e1lez y Conrado Navarrete Gregorio tambi\u00e9n salieron a relucir.<br>Se quisieron pasar de listos estos ocho aspirantes, pero la autoridad electoral detect\u00f3 esta situaci\u00f3n irregular, y les saco la primera tarjeta amarilla de amonestaci\u00f3n, bajo la condici\u00f3n de que de proseguir con la misma actitud de ocultar informaci\u00f3n podr\u00edan perder el registro.<br>Con esta medida los consejeros del INE env\u00edan un claro mensaje a todos los aspirantes para que corrijan sus acciones, de lo contrario, los funcionarios del \u00e1rbitro de la contienda les puede sacar la tarjeta roja y sacarlos de la cancha del juego.<br>Los seis consejeros explicaron que en otros procesos se han impuesto sanciones para impedir la p\u00e9rdida de registro, mientras que cinco insistieron en que debe existir una consecuencia ejemplar para quien impida la fiscalizaci\u00f3n. Bajo advertencia no hay enga\u00f1o.<br>Sin importar el tipo de elecci\u00f3n, los partidos y aspirantes siguen cometiendo las mismas trampas para evitar que la autoridad detecte el origen y destino de recursos que emplean en sus actividades proselitistas.<br>En la entidad veracruzana, est\u00e1n en juego 212 presidencias municipales, aspirantes de partidos y por la v\u00eda independiente reportaron ingresos por 6 millones 870 mil 429 pesos y gastos por 4 millones 146 mil 818 pesos en sus precampa\u00f1as.<br>La presidenta de la Comisi\u00f3n de Fiscalizaci\u00f3n, Carla Humphrey, reproch\u00f3 que 970 informes de aspirantes de Morena y afines, entregaron su reporte a trav\u00e9s de correo electr\u00f3nico o de manera f\u00edsica, por lo que demand\u00f3 al \u00e1rea encargada robustecer las sanciones.<br>Por ello, indic\u00f3, la conducta m\u00e1s com\u00fan sigue siendo los informes fuera de los mecanismos establecidos, por lo que se impusieron multas por 2 millones 676 mil 498 pesos, seguido por egreso no reportado, cuya sanci\u00f3n es de 2 millones 28 mil 850 pesos.<br>Las consejeras evidenciaron que Morena se dedic\u00f3 a repartir cemento, tinacos, cisternas, tanques de gas, l\u00e1minas de zinc y hasta medicamentos en algunos municipios, por al menos 918 mil 345 millones de pesos.<br>Se registra Rosa Mar\u00eda<br>Arropada por cientos de militantes y simpatizantes morenistas, Rosa Mar\u00eda Hern\u00e1ndez Espejo, promotora de la Cuarta Transformaci\u00f3n en Veracruz, formaliz\u00f3 su registro ante el Organismo P\u00fablico Local Electoral (OPLE), como candidata a la presidencia municipal del puerto de Veracruz, representando la alianza entre el Movimiento de Regeneraci\u00f3n Nacional (MORENA) y el Partido Verde Ecologista de M\u00e9xico (PVEM).<br>Durante su mensaje, Rosa Mar\u00eda, destaco que tiene toda la confianza, porque \u201cdetr\u00e1s de m\u00ed est\u00e1 el pueblo, no estoy sola\u201d, fueron las palabras de la diputada federal con licencia, Rosa Mar\u00eda Hern\u00e1ndez Espejo, qui\u00e9n la tarde de este mi\u00e9rcoles 2 de marzo se registr\u00f3 ante el OPLE como candidata a la alcald\u00eda de Veracruz por Morena.<br>La comunicadora de profesi\u00f3n, estuvo acompa\u00f1ada de militantes de Morena y del Verde Ecologista, adem\u00e1s de sindicatos y l\u00edderes de colonias; en breve entrevista asegur\u00f3 que es tiempo de mujeres, pero de mujeres transformadoras.<br>Se le borr\u00f3 la sonrisa a Polo Deschamps<br>Al que le cambio el semblante, fue a Polo Deschamps, en su postura falsa se ha mimetizado como camale\u00f3n, al color que m\u00e1s le convenga a sus intereses pol\u00edticos electorales. Ha militado en el partido azul, luego paso al naranja, y en la actualidad sin conocer la doctrina de la 4t se siente morenista.<br>Les platico, que Polo Deschamps se puso blanco del susto cuando el neo morenista se encontraba en un conocido restaurante de la Riviera Veracruzana, ah\u00ed vio entrar de pronto a la maestra Lissette Alvarez Vera, cuando este personaje se encontraba reunido con un par de prominentes empresarios a los que estaba pasando la charola, pero hab\u00eda aprovechado para despotricar contra la presidenta municipal de Alvarado.<br>\u201cEsa pinche vieja, no s\u00e9 c\u00f3mo la soportan, ya estamos hartos de ella\u2026\u201d fueron algunos de los mensajes que Polo Deschamps dijera durante la reuni\u00f3n.<br>Fueron otros comensales que se encontraban a unos metros del ex alcalde panista de Medell\u00edn de Bravo, quienes se echaron todo el show y con desagrado escucharon las expresiones mis\u00f3ginas del ahora candidato del partido guinda.<br>Y es que resulta que, -as\u00ed nos la pasaron-, minutos antes de la llegada de Polo para degustar unas bebidas, hab\u00eda llegado una familiar de la maestra Lizzette, quien esper\u00f3 paciente la llegada de la alcaldesa.<br>Cuando entro al lugar la alcaldesa de Alvarado, con paso firme se dirigi\u00f3 a la mesa donde se encontraba Polo Deschamps y fue la funcionaria municipal quien lo encaro, \u201c\u00bfqu\u00e9 m\u00e1s dec\u00edas de m\u00ed, dilo ahora que me tienes enfrente si tienes los\u2026 pantalones suficientes?\u201d, le dijo sin pre\u00e1mbulos y al puro estilo alvarade\u00f1o. .?.<br>\u201cNo supo ni qu\u00e9 decir, se qued\u00f3 perplejo, no tuvo valor para decirle de frente las cosas a la alcaldesa\u201d, nos comentaron quienes presenciaron toda la escena, agregando que la maestra s\u00f3lo le dijo eso y se fue a otra mesa con otras personas; \u201cfue muy c\u00f3mico y de pena ajena el momento y el tal Polo, de forma cobarde pidi\u00f3 la cuenta y se march\u00f3 de inmediato\u201d.<br>El Pueblo de Teocelo, ya est\u00e1 decidido por Daniela<br>La que camina en Teocelo sin hacer alardes, pero tejiendo fino es la candidata del Partido del Trabajo, Daniela Villegas Olmos, quien previo a su registro como candidata a la presidencia municipal, logr\u00f3 una importante alianza con Luis Valencia, quien se trajo consigo a toda la estructura de la Cuarta Transformaci\u00f3n.<br>Apenas el pasado fin de semana, la ahora candidata acudi\u00f3 a hacer su registro ante el Organismo P\u00fablico Local Electoral de este municipio.<br>Lleg\u00f3 acompa\u00f1ada de Luis Valencia y m\u00e1s de doscientos ciudadanos que con gusto caminaron junto a ella desde el parque frente al Palacio Municipal.<br>Fue Luis Valencia quien, ahora es candidato a S\u00edndico, el que destac\u00f3 la alianza y de la cual, el Pueblo de Teocelo ya est\u00e1 decidido, \u201cestamos haciendo un gran equipo nos fusionamos dos equipos pol\u00edticos y vamos a encabezar la verdadera izquierda de Teocelo\u201d.<br>Por su parte, la candidata a la presidencia municipal, Daniela Villegas Olmos, quien lleg\u00f3 arropada por el l\u00edder estatal del PT, Vicente Aguilar Aguilar; dijo que \u201csomos la unidad de todo Teocelo, estamos trabajando todos en equipo pues es un proyecto de las y los teocelanos\u201d.<\/p>\n","protected":false},"excerpt":{"rendered":"<p>[S\u00edguenos ahora tambi\u00e9n en WhatsApp.\u00a0Da clic aqu\u00ed]Fanny Y\u00e9pezLa Columna Fue el Instituto Nacional Electoral (INE), que lanzo un salvavidas a ocho precandidatos a presidentes municipales en la entidad veracruzana, quienes estuvieron en riesgo de perder su nominaci\u00f3n por no comunicar en tiempo y forma los gastos que tuvieron en su etapa de precampa\u00f1a.El peri\u00f3dico Reforma [&hellip;]<\/p>\n","protected":false},"author":2,"featured_media":126076,"comment_status":"closed","ping_status":"closed","sticky":false,"template":"","format":"standard","meta":{"tdm_status":"","tdm_grid_status":"","footnotes":""},"categories":[70],"tags":[43445,1026,195],"class_list":{"0":"post-141145","1":"post","2":"type-post","3":"status-publish","4":"format-standard","5":"has-post-thumbnail","7":"category-de-opinion","8":"tag-lissette-alvarez","9":"tag-morena","10":"tag-veracruz"},"yoast_head":"<!-- This site is optimized with the Yoast SEO plugin v27.4 - https:\/\/yoast.com\/product\/yoast-seo-wordpress\/ -->\n<title>AMARILLA A 8 PRECANDIDATOS! - Los pol\u00edticos Veracruz<\/title>\n<meta name=\"robots\" content=\"index, follow, max-snippet:-1, max-image-preview:large, max-video-preview:-1\" \/>\n<link rel=\"canonical\" href=\"https:\/\/lospoliticosveracruz.com\/?p=141145\" \/>\n<meta property=\"og:locale\" content=\"es_ES\" \/>\n<meta property=\"og:type\" content=\"article\" \/>\n<meta property=\"og:title\" content=\"AMARILLA A 8 PRECANDIDATOS! - Los pol\u00edticos Veracruz\" \/>\n<meta property=\"og:description\" content=\"[S\u00edguenos ahora tambi\u00e9n en WhatsApp.\u00a0Da clic aqu\u00ed]Fanny Y\u00e9pezLa Columna Fue el Instituto Nacional Electoral (INE), que lanzo un salvavidas a ocho precandidatos a presidentes municipales en la entidad veracruzana, quienes estuvieron en riesgo de perder su nominaci\u00f3n por no comunicar en tiempo y forma los gastos que tuvieron en su etapa de precampa\u00f1a.El peri\u00f3dico Reforma [&hellip;]\" \/>\n<meta property=\"og:url\" content=\"https:\/\/lospoliticosveracruz.com\/?p=141145\" \/>\n<meta property=\"og:site_name\" content=\"Los pol\u00edticos Veracruz\" \/>\n<meta property=\"article:publisher\" content=\"https:\/\/www.facebook.com\/people\/Notimemes-de-los-Polticos\/61565672886568\/\" \/>\n<meta property=\"article:published_time\" content=\"2025-04-03T13:25:10+00:00\" \/>\n<meta property=\"article:modified_time\" content=\"2025-04-03T13:25:39+00:00\" \/>\n<meta property=\"og:image\" content=\"https:\/\/lospoliticosveracruz.com\/wp-content\/uploads\/2024\/06\/Fanny-Yepez.jpg\" \/>\n\t<meta property=\"og:image:width\" content=\"1250\" \/>\n\t<meta property=\"og:image:height\" content=\"667\" \/>\n\t<meta property=\"og:image:type\" content=\"image\/jpeg\" \/>\n<meta name=\"author\" content=\"Lo viste en Los Pol\u00edticos\" \/>\n<meta name=\"twitter:card\" content=\"summary_large_image\" \/>\n<meta name=\"twitter:creator\" content=\"@LosPoliticosVer\" \/>\n<meta name=\"twitter:site\" content=\"@LosPoliticosVer\" \/>\n<meta name=\"twitter:label1\" content=\"Escrito por\" \/>\n\t<meta name=\"twitter:data1\" content=\"Lo viste en Los Pol\u00edticos\" \/>\n\t<meta name=\"twitter:label2\" content=\"Tiempo de lectura\" \/>\n\t<meta name=\"twitter:data2\" content=\"6 minutos\" \/>\n<script type=\"application\/ld+json\" class=\"yoast-schema-graph\">{\"@context\":\"https:\\\/\\\/schema.org\",\"@graph\":[{\"@type\":\"Article\",\"@id\":\"https:\\\/\\\/lospoliticosveracruz.com\\\/?p=141145#article\",\"isPartOf\":{\"@id\":\"https:\\\/\\\/lospoliticosveracruz.com\\\/?p=141145\"},\"author\":{\"name\":\"Lo viste en Los Pol\u00edticos\",\"@id\":\"https:\\\/\\\/lospoliticosveracruz.com\\\/#\\\/schema\\\/person\\\/b8702bb0e538456e6efd07080bf2a4a2\"},\"headline\":\"AMARILLA A 8 PRECANDIDATOS!\",\"datePublished\":\"2025-04-03T13:25:10+00:00\",\"dateModified\":\"2025-04-03T13:25:39+00:00\",\"mainEntityOfPage\":{\"@id\":\"https:\\\/\\\/lospoliticosveracruz.com\\\/?p=141145\"},\"wordCount\":1225,\"publisher\":{\"@id\":\"https:\\\/\\\/lospoliticosveracruz.com\\\/#organization\"},\"image\":{\"@id\":\"https:\\\/\\\/lospoliticosveracruz.com\\\/?p=141145#primaryimage\"},\"thumbnailUrl\":\"https:\\\/\\\/lospoliticosveracruz.com\\\/wp-content\\\/uploads\\\/2024\\\/06\\\/Fanny-Yepez.jpg\",\"keywords\":[\"Lissette Alvarez\",\"Morena\",\"Veracruz\"],\"articleSection\":[\"De Opini\u00f3n\"],\"inLanguage\":\"es\"},{\"@type\":\"WebPage\",\"@id\":\"https:\\\/\\\/lospoliticosveracruz.com\\\/?p=141145\",\"url\":\"https:\\\/\\\/lospoliticosveracruz.com\\\/?p=141145\",\"name\":\"AMARILLA A 8 PRECANDIDATOS! - Los pol\u00edticos Veracruz\",\"isPartOf\":{\"@id\":\"https:\\\/\\\/lospoliticosveracruz.com\\\/#website\"},\"primaryImageOfPage\":{\"@id\":\"https:\\\/\\\/lospoliticosveracruz.com\\\/?p=141145#primaryimage\"},\"image\":{\"@id\":\"https:\\\/\\\/lospoliticosveracruz.com\\\/?p=141145#primaryimage\"},\"thumbnailUrl\":\"https:\\\/\\\/lospoliticosveracruz.com\\\/wp-content\\\/uploads\\\/2024\\\/06\\\/Fanny-Yepez.jpg\",\"datePublished\":\"2025-04-03T13:25:10+00:00\",\"dateModified\":\"2025-04-03T13:25:39+00:00\",\"breadcrumb\":{\"@id\":\"https:\\\/\\\/lospoliticosveracruz.com\\\/?p=141145#breadcrumb\"},\"inLanguage\":\"es\",\"potentialAction\":[{\"@type\":\"ReadAction\",\"target\":[\"https:\\\/\\\/lospoliticosveracruz.com\\\/?p=141145\"]}]},{\"@type\":\"ImageObject\",\"inLanguage\":\"es\",\"@id\":\"https:\\\/\\\/lospoliticosveracruz.com\\\/?p=141145#primaryimage\",\"url\":\"https:\\\/\\\/lospoliticosveracruz.com\\\/wp-content\\\/uploads\\\/2024\\\/06\\\/Fanny-Yepez.jpg\",\"contentUrl\":\"https:\\\/\\\/lospoliticosveracruz.com\\\/wp-content\\\/uploads\\\/2024\\\/06\\\/Fanny-Yepez.jpg\",\"width\":1250,\"height\":667},{\"@type\":\"BreadcrumbList\",\"@id\":\"https:\\\/\\\/lospoliticosveracruz.com\\\/?p=141145#breadcrumb\",\"itemListElement\":[{\"@type\":\"ListItem\",\"position\":1,\"name\":\"Portada\",\"item\":\"https:\\\/\\\/lospoliticosveracruz.com\\\/\"},{\"@type\":\"ListItem\",\"position\":2,\"name\":\"AMARILLA A 8 PRECANDIDATOS!\"}]},{\"@type\":\"WebSite\",\"@id\":\"https:\\\/\\\/lospoliticosveracruz.com\\\/#website\",\"url\":\"https:\\\/\\\/lospoliticosveracruz.com\\\/\",\"name\":\"Los pol\u00edticos Veracruz\",\"description\":\"\",\"publisher\":{\"@id\":\"https:\\\/\\\/lospoliticosveracruz.com\\\/#organization\"},\"potentialAction\":[{\"@type\":\"SearchAction\",\"target\":{\"@type\":\"EntryPoint\",\"urlTemplate\":\"https:\\\/\\\/lospoliticosveracruz.com\\\/?s={search_term_string}\"},\"query-input\":{\"@type\":\"PropertyValueSpecification\",\"valueRequired\":true,\"valueName\":\"search_term_string\"}}],\"inLanguage\":\"es\"},{\"@type\":\"Organization\",\"@id\":\"https:\\\/\\\/lospoliticosveracruz.com\\\/#organization\",\"name\":\"Los pol\u00edticos Veracruz\",\"url\":\"https:\\\/\\\/lospoliticosveracruz.com\\\/\",\"logo\":{\"@type\":\"ImageObject\",\"inLanguage\":\"es\",\"@id\":\"https:\\\/\\\/lospoliticosveracruz.com\\\/#\\\/schema\\\/logo\\\/image\\\/\",\"url\":\"https:\\\/\\\/lospoliticosveracruz.com\\\/wp-content\\\/uploads\\\/2025\\\/12\\\/Logo-Nuevo-LOS-POLITICOS-1.jpg\",\"contentUrl\":\"https:\\\/\\\/lospoliticosveracruz.com\\\/wp-content\\\/uploads\\\/2025\\\/12\\\/Logo-Nuevo-LOS-POLITICOS-1.jpg\",\"width\":260,\"height\":70,\"caption\":\"Los pol\u00edticos Veracruz\"},\"image\":{\"@id\":\"https:\\\/\\\/lospoliticosveracruz.com\\\/#\\\/schema\\\/logo\\\/image\\\/\"},\"sameAs\":[\"https:\\\/\\\/www.facebook.com\\\/people\\\/Notimemes-de-los-Polticos\\\/61565672886568\\\/\",\"https:\\\/\\\/x.com\\\/LosPoliticosVer\"]},{\"@type\":\"Person\",\"@id\":\"https:\\\/\\\/lospoliticosveracruz.com\\\/#\\\/schema\\\/person\\\/b8702bb0e538456e6efd07080bf2a4a2\",\"name\":\"Lo viste en Los Pol\u00edticos\",\"image\":{\"@type\":\"ImageObject\",\"inLanguage\":\"es\",\"@id\":\"https:\\\/\\\/secure.gravatar.com\\\/avatar\\\/3a8de04a2656d44082be478bd6c086daa447c4651605818287b9532d3d0bd435?s=96&d=mm&r=g\",\"url\":\"https:\\\/\\\/secure.gravatar.com\\\/avatar\\\/3a8de04a2656d44082be478bd6c086daa447c4651605818287b9532d3d0bd435?s=96&d=mm&r=g\",\"contentUrl\":\"https:\\\/\\\/secure.gravatar.com\\\/avatar\\\/3a8de04a2656d44082be478bd6c086daa447c4651605818287b9532d3d0bd435?s=96&d=mm&r=g\",\"caption\":\"Lo viste en Los Pol\u00edticos\"},\"url\":\"https:\\\/\\\/lospoliticosveracruz.com\\\/?author=2\"}]}<\/script>\n<!-- \/ Yoast SEO plugin. -->","yoast_head_json":{"title":"AMARILLA A 8 PRECANDIDATOS! - Los pol\u00edticos Veracruz","robots":{"index":"index","follow":"follow","max-snippet":"max-snippet:-1","max-image-preview":"max-image-preview:large","max-video-preview":"max-video-preview:-1"},"canonical":"https:\/\/lospoliticosveracruz.com\/?p=141145","og_locale":"es_ES","og_type":"article","og_title":"AMARILLA A 8 PRECANDIDATOS! - Los pol\u00edticos Veracruz","og_description":"[S\u00edguenos ahora tambi\u00e9n en WhatsApp.\u00a0Da clic aqu\u00ed]Fanny Y\u00e9pezLa Columna Fue el Instituto Nacional Electoral (INE), que lanzo un salvavidas a ocho precandidatos a presidentes municipales en la entidad veracruzana, quienes estuvieron en riesgo de perder su nominaci\u00f3n por no comunicar en tiempo y forma los gastos que tuvieron en su etapa de precampa\u00f1a.El peri\u00f3dico Reforma [&hellip;]","og_url":"https:\/\/lospoliticosveracruz.com\/?p=141145","og_site_name":"Los pol\u00edticos Veracruz","article_publisher":"https:\/\/www.facebook.com\/people\/Notimemes-de-los-Polticos\/61565672886568\/","article_published_time":"2025-04-03T13:25:10+00:00","article_modified_time":"2025-04-03T13:25:39+00:00","og_image":[{"width":1250,"height":667,"url":"https:\/\/lospoliticosveracruz.com\/wp-content\/uploads\/2024\/06\/Fanny-Yepez.jpg","type":"image\/jpeg"}],"author":"Lo viste en Los Pol\u00edticos","twitter_card":"summary_large_image","twitter_creator":"@LosPoliticosVer","twitter_site":"@LosPoliticosVer","twitter_misc":{"Escrito por":"Lo viste en Los Pol\u00edticos","Tiempo de lectura":"6 minutos"},"schema":{"@context":"https:\/\/schema.org","@graph":[{"@type":"Article","@id":"https:\/\/lospoliticosveracruz.com\/?p=141145#article","isPartOf":{"@id":"https:\/\/lospoliticosveracruz.com\/?p=141145"},"author":{"name":"Lo viste en Los Pol\u00edticos","@id":"https:\/\/lospoliticosveracruz.com\/#\/schema\/person\/b8702bb0e538456e6efd07080bf2a4a2"},"headline":"AMARILLA A 8 PRECANDIDATOS!","datePublished":"2025-04-03T13:25:10+00:00","dateModified":"2025-04-03T13:25:39+00:00","mainEntityOfPage":{"@id":"https:\/\/lospoliticosveracruz.com\/?p=141145"},"wordCount":1225,"publisher":{"@id":"https:\/\/lospoliticosveracruz.com\/#organization"},"image":{"@id":"https:\/\/lospoliticosveracruz.com\/?p=141145#primaryimage"},"thumbnailUrl":"https:\/\/lospoliticosveracruz.com\/wp-content\/uploads\/2024\/06\/Fanny-Yepez.jpg","keywords":["Lissette Alvarez","Morena","Veracruz"],"articleSection":["De Opini\u00f3n"],"inLanguage":"es"},{"@type":"WebPage","@id":"https:\/\/lospoliticosveracruz.com\/?p=141145","url":"https:\/\/lospoliticosveracruz.com\/?p=141145","name":"AMARILLA A 8 PRECANDIDATOS! - Los pol\u00edticos Veracruz","isPartOf":{"@id":"https:\/\/lospoliticosveracruz.com\/#website"},"primaryImageOfPage":{"@id":"https:\/\/lospoliticosveracruz.com\/?p=141145#primaryimage"},"image":{"@id":"https:\/\/lospoliticosveracruz.com\/?p=141145#primaryimage"},"thumbnailUrl":"https:\/\/lospoliticosveracruz.com\/wp-content\/uploads\/2024\/06\/Fanny-Yepez.jpg","datePublished":"2025-04-03T13:25:10+00:00","dateModified":"2025-04-03T13:25:39+00:00","breadcrumb":{"@id":"https:\/\/lospoliticosveracruz.com\/?p=141145#breadcrumb"},"inLanguage":"es","potentialAction":[{"@type":"ReadAction","target":["https:\/\/lospoliticosveracruz.com\/?p=141145"]}]},{"@type":"ImageObject","inLanguage":"es","@id":"https:\/\/lospoliticosveracruz.com\/?p=141145#primaryimage","url":"https:\/\/lospoliticosveracruz.com\/wp-content\/uploads\/2024\/06\/Fanny-Yepez.jpg","contentUrl":"https:\/\/lospoliticosveracruz.com\/wp-content\/uploads\/2024\/06\/Fanny-Yepez.jpg","width":1250,"height":667},{"@type":"BreadcrumbList","@id":"https:\/\/lospoliticosveracruz.com\/?p=141145#breadcrumb","itemListElement":[{"@type":"ListItem","position":1,"name":"Portada","item":"https:\/\/lospoliticosveracruz.com\/"},{"@type":"ListItem","position":2,"name":"AMARILLA A 8 PRECANDIDATOS!"}]},{"@type":"WebSite","@id":"https:\/\/lospoliticosveracruz.com\/#website","url":"https:\/\/lospoliticosveracruz.com\/","name":"Los pol\u00edticos Veracruz","description":"","publisher":{"@id":"https:\/\/lospoliticosveracruz.com\/#organization"},"potentialAction":[{"@type":"SearchAction","target":{"@type":"EntryPoint","urlTemplate":"https:\/\/lospoliticosveracruz.com\/?s={search_term_string}"},"query-input":{"@type":"PropertyValueSpecification","valueRequired":true,"valueName":"search_term_string"}}],"inLanguage":"es"},{"@type":"Organization","@id":"https:\/\/lospoliticosveracruz.com\/#organization","name":"Los pol\u00edticos Veracruz","url":"https:\/\/lospoliticosveracruz.com\/","logo":{"@type":"ImageObject","inLanguage":"es","@id":"https:\/\/lospoliticosveracruz.com\/#\/schema\/logo\/image\/","url":"https:\/\/lospoliticosveracruz.com\/wp-content\/uploads\/2025\/12\/Logo-Nuevo-LOS-POLITICOS-1.jpg","contentUrl":"https:\/\/lospoliticosveracruz.com\/wp-content\/uploads\/2025\/12\/Logo-Nuevo-LOS-POLITICOS-1.jpg","width":260,"height":70,"caption":"Los pol\u00edticos Veracruz"},"image":{"@id":"https:\/\/lospoliticosveracruz.com\/#\/schema\/logo\/image\/"},"sameAs":["https:\/\/www.facebook.com\/people\/Notimemes-de-los-Polticos\/61565672886568\/","https:\/\/x.com\/LosPoliticosVer"]},{"@type":"Person","@id":"https:\/\/lospoliticosveracruz.com\/#\/schema\/person\/b8702bb0e538456e6efd07080bf2a4a2","name":"Lo viste en Los Pol\u00edticos","image":{"@type":"ImageObject","inLanguage":"es","@id":"https:\/\/secure.gravatar.com\/avatar\/3a8de04a2656d44082be478bd6c086daa447c4651605818287b9532d3d0bd435?s=96&d=mm&r=g","url":"https:\/\/secure.gravatar.com\/avatar\/3a8de04a2656d44082be478bd6c086daa447c4651605818287b9532d3d0bd435?s=96&d=mm&r=g","contentUrl":"https:\/\/secure.gravatar.com\/avatar\/3a8de04a2656d44082be478bd6c086daa447c4651605818287b9532d3d0bd435?s=96&d=mm&r=g","caption":"Lo viste en Los Pol\u00edticos"},"url":"https:\/\/lospoliticosveracruz.com\/?author=2"}]}},"_links":{"self":[{"href":"https:\/\/lospoliticosveracruz.com\/index.php?rest_route=\/wp\/v2\/posts\/141145","targetHints":{"allow":["GET"]}}],"collection":[{"href":"https:\/\/lospoliticosveracruz.com\/index.php?rest_route=\/wp\/v2\/posts"}],"about":[{"href":"https:\/\/lospoliticosveracruz.com\/index.php?rest_route=\/wp\/v2\/types\/post"}],"author":[{"embeddable":true,"href":"https:\/\/lospoliticosveracruz.com\/index.php?rest_route=\/wp\/v2\/users\/2"}],"replies":[{"embeddable":true,"href":"https:\/\/lospoliticosveracruz.com\/index.php?rest_route=%2Fwp%2Fv2%2Fcomments&post=141145"}],"version-history":[{"count":2,"href":"https:\/\/lospoliticosveracruz.com\/index.php?rest_route=\/wp\/v2\/posts\/141145\/revisions"}],"predecessor-version":[{"id":141147,"href":"https:\/\/lospoliticosveracruz.com\/index.php?rest_route=\/wp\/v2\/posts\/141145\/revisions\/141147"}],"wp:featuredmedia":[{"embeddable":true,"href":"https:\/\/lospoliticosveracruz.com\/index.php?rest_route=\/wp\/v2\/media\/126076"}],"wp:attachment":[{"href":"https:\/\/lospoliticosveracruz.com\/index.php?rest_route=%2Fwp%2Fv2%2Fmedia&parent=141145"}],"wp:term":[{"taxonomy":"category","embeddable":true,"href":"https:\/\/lospoliticosveracruz.com\/index.php?rest_route=%2Fwp%2Fv2%2Fcategories&post=141145"},{"taxonomy":"post_tag","embeddable":true,"href":"https:\/\/lospoliticosveracruz.com\/index.php?rest_route=%2Fwp%2Fv2%2Ftags&post=141145"}],"curies":[{"name":"wp","href":"https:\/\/api.w.org\/{rel}","templated":true}]}}