{"id":141234,"date":"2025-04-04T06:48:24","date_gmt":"2025-04-04T12:48:24","guid":{"rendered":"https:\/\/lospoliticosveracruz.com.mx\/?p=141234"},"modified":"2025-04-04T06:49:00","modified_gmt":"2025-04-04T12:49:00","slug":"marcela-y-basilio","status":"publish","type":"post","link":"https:\/\/lospoliticosveracruz.com\/?p=141234","title":{"rendered":"MARCELA Y BASILIO"},"content":{"rendered":"\n<p>[S\u00edguenos ahora tambi\u00e9n en WhatsApp.\u00a0<a href=\"https:\/\/whatsapp.com\/channel\/0029Va8zRWlEKyZIP3Z1dF0e\"><strong><em>Da clic aqu\u00ed<\/em><\/strong><\/a>]\u00a0<\/p>\n\n\n\n<p><strong>Omar Z\u00fa\u00f1iga<\/strong><\/p>\n\n\n\n<p><em>De Primera Mano<\/em><\/p>\n\n\n\n<p>Hace cinco a\u00f1os y algunos d\u00edas, el 30 de marzo del a\u00f1o 2020, en pleno encierro por la pandemia de Covid 19 que azot\u00f3 al Mundo, sobre las 14:15, quiz\u00e1 14:30&nbsp;horas&nbsp;-no lo recuerdo con exactitud-, el tiempo era tan extra\u00f1o&nbsp;en su inexorable marcha en aquellos d\u00edas aciagos,&nbsp;recib\u00ed un mensaje de un buen amigo, donde me dec\u00eda que hab\u00edan baleado a&nbsp;<strong>Mar\u00eda Elena Ferral<\/strong>&nbsp;en&nbsp;su adoptiva&nbsp;Papantla.<\/p>\n\n\n\n<p>Las horas siguientes fueron de llamadas interminables,&nbsp;hasta que pude confirmar la horrible noticia con una persona cercana a ella.<\/p>\n\n\n\n<p>Por la tarde-noche se confirm\u00f3 su fallecimiento en un hospital de Poza Rica a donde fue trasladadapara ser atendida.<\/p>\n\n\n\n<p>Dada la relevancia del atentado, se abrieron tres carpetas de investigaci\u00f3n. Una en Papantla donde fueron los hechos;&nbsp;otra en Poza Rica donde fue declarada muerta y la tercera por parte de la Fiscal\u00eda Especializada en Delitos contra Periodistas, todas en el fuero com\u00fan.&nbsp;<\/p>\n\n\n\n<p>Al final, las tres se&nbsp;hicieron&nbsp;una sola y fueron a parar para su integraci\u00f3n a la Fiscal\u00eda de Investigaciones Ministeriales de la Fiscal\u00eda General Estado, donde despacha como titular&nbsp;<strong>Marcela Aguilera Landeta<\/strong>, craso error.<\/p>\n\n\n\n<p>En aquel momento, el entonces gobernador&nbsp;<strong>Cuitl\u00e1huac Garc\u00eda<\/strong>&nbsp;mostr\u00f3 su indignaci\u00f3n (aj\u00e1) y prometi\u00f3 como mandatario estatal, fiscal y polic\u00eda investigador que era, que se investigar\u00eda hasta las \u00faltimas consecuencias y no quedar\u00eda en la impunidad,&nbsp;\u201ccaiga quien caiga\u201d.<\/p>\n\n\n\n<p>Pues bien, en el camino de estos cinco a\u00f1os se detuvo a los probables autores materiales, incluido el tirador y se determin\u00f3 que el asesinato estuvo totalmente relacionado con el trabajo period\u00edstico de Mar\u00eda Elena, que si algo ten\u00eda, es que era combativa hasta la pared de enfrente y no se dejaba&nbsp;amilanar por&nbsp;nadie\u2026 siempre&nbsp;luchaba por lo que ella cre\u00eda.<\/p>\n\n\n\n<p>Tambi\u00e9n se pudo establecer que el autor intelectual en grado de presunci\u00f3n, es&nbsp;<strong>Basilio Picazo<\/strong>, l\u00edder del denominado Grupo Totonacapan, exalcalde de Coyutla y cacique de los municipios de la sierra totonaca.<\/p>\n\n\n\n<p>En ese lapso, tambi\u00e9n la Fiscal\u00eda Especializada en Delitos cometidos contra&nbsp;la&nbsp;Libertad de Expresi\u00f3n de la FGR (FEADLE)&nbsp;abri\u00f3&nbsp;una Carpeta de Investigaci\u00f3n paralela a la&nbsp;que se llevaba en&nbsp;Veracruz.&nbsp;<\/p>\n\n\n\n<p>FEADLE,&nbsp;al no contar con el apoyo de la FGE para la investigaci\u00f3n, no pudo hacer gran cosa.<\/p>\n\n\n\n<p>El asunto es el juez \u201cobsequi\u00f3\u201d (as\u00ed le dicen) una orden de aprehensi\u00f3n en contra&nbsp;de&nbsp;<strong>Basilio Picazo<\/strong>por su probable participaci\u00f3n en el asesinato de&nbsp;<strong>Mar\u00eda Elena Ferral<\/strong>, en grado de autor\u00eda intelectual.<\/p>\n\n\n\n<p>Como es conocido, esta orden qued\u00f3 sin efectos en agosto del a\u00f1o pasado, luego de que&nbsp;Picazo&nbsp;interpusiera un amparo y que la FGE no&nbsp;hiciera nada para inconformarse ante la medida y dejara de&nbsp;aportar&nbsp;elementos de prueba&nbsp;a la investigaci\u00f3n.<\/p>\n\n\n\n<p>Esto \u00faltimo se conoci\u00f3 en fecha muy cerca al aniversario luctuoso de&nbsp;<strong>Mar\u00eda Elena<\/strong>, y&nbsp;se pudo conocer&nbsp;solamente porque las v\u00edctimas indirectas interpusieron un amparo para conocer los avances de la investigaci\u00f3n, pues la Fiscal\u00eda literalmente perdi\u00f3 el inter\u00e9s en esclarecer los hechos al 100 por ciento, luego de que se cancelara la orden de aprehensi\u00f3n contra&nbsp;<strong>Basilio Picazo<\/strong>.<\/p>\n\n\n\n<p>No hay coincidencias en la vida, y cuando se tata de procuraci\u00f3n de justicia, mucho menos.<\/p>\n\n\n\n<p>Resulta que la fiscal de Investigaciones Ministeriales,&nbsp;<strong>Marcela Aguilera Landeta<\/strong>, fue (\u00bfes?) aliada pol\u00edtica de&nbsp;<strong>Basilio Picazo<\/strong>;&nbsp;ambos coincidieron en el&nbsp;otrora poderoso Sector&nbsp;Popular del PRI, la CNOP.<\/p>\n\n\n\n<p>Incluso ambos fueron compa\u00f1eros diputados y compartieron Comisi\u00f3n en el Congreso local.<\/p>\n\n\n\n<p>Aunque la Fiscal General&nbsp;<strong>Ver\u00f3nica Hern\u00e1ndez Giad\u00e1ns<\/strong>&nbsp;ha demostrado&nbsp;algo de&nbsp;inter\u00e9s en esclarecer el asunto \u201chasta sus \u00faltimas consecuencias\u201d, la mala integraci\u00f3n&nbsp;de la Carpeta, que en definitiva no es por causas fortuitas, sino m\u00e1s bien convenientemente omisas,&nbsp;por parte&nbsp;de la encargada de&nbsp;investigar,&nbsp;que es la misma&nbsp;<strong>Marcela Aguilera<\/strong>, amiga&nbsp;y cercana&nbsp;<strong>Basilio Picazo<\/strong>, el asunto se encuentra empantanado y pareciera que el poder no est\u00e1 en el tercer piso del edifcio de Circuito &nbsp;San Rafael Gu\u00edzar y Valencia de Xalapa, sino en el primero, donde despaca la fiscal de IM.<\/p>\n\n\n\n<p>A cinco a\u00f1os, siguen las dudas, que son muchas, sobre la&nbsp;realidad de qui\u00e9n est\u00e1 detr\u00e1s del asesinato de&nbsp;<strong>Mar\u00eda Elena Ferral<\/strong>, la combativa periodista papanteca que perdi\u00f3 la vida por defender la libertad de expresi\u00f3n.<\/p>\n\n\n\n<p>Esperamos que se haga justicia, aunque ya no fue ni pronta ni expedita, pero que se haga&nbsp;y que realmente caiga quien tiene&nbsp;que caer.<\/p>\n\n\n\n<p>\u00a1Qu\u00e9 barbaridad!<\/p>\n\n\n\n<p>deprimera.mano2020@gmail.com<\/p>\n","protected":false},"excerpt":{"rendered":"<p>[S\u00edguenos ahora tambi\u00e9n en WhatsApp.\u00a0Da clic aqu\u00ed]\u00a0 Omar Z\u00fa\u00f1iga De Primera Mano Hace cinco a\u00f1os y algunos d\u00edas, el 30 de marzo del a\u00f1o 2020, en pleno encierro por la pandemia de Covid 19 que azot\u00f3 al Mundo, sobre las 14:15, quiz\u00e1 14:30&nbsp;horas&nbsp;-no lo recuerdo con exactitud-, el tiempo era tan extra\u00f1o&nbsp;en su inexorable marcha [&hellip;]<\/p>\n","protected":false},"author":2,"featured_media":119918,"comment_status":"closed","ping_status":"closed","sticky":false,"template":"","format":"standard","meta":{"tdm_status":"","tdm_grid_status":"","footnotes":""},"categories":[70],"tags":[1563,5090,17188,1026,195],"class_list":{"0":"post-141234","1":"post","2":"type-post","3":"status-publish","4":"format-standard","5":"has-post-thumbnail","7":"category-de-opinion","8":"tag-cuitlahuac-garcia-jimenez","9":"tag-marcela-aguilera-landeta","10":"tag-maria-elena-ferral","11":"tag-morena","12":"tag-veracruz"},"yoast_head":"<!-- This site is optimized with the Yoast SEO plugin v27.4 - https:\/\/yoast.com\/product\/yoast-seo-wordpress\/ -->\n<title>MARCELA Y BASILIO - Los pol\u00edticos Veracruz<\/title>\n<meta name=\"robots\" content=\"index, follow, max-snippet:-1, max-image-preview:large, max-video-preview:-1\" \/>\n<link rel=\"canonical\" href=\"https:\/\/lospoliticosveracruz.com\/?p=141234\" \/>\n<meta property=\"og:locale\" content=\"es_ES\" \/>\n<meta property=\"og:type\" content=\"article\" \/>\n<meta property=\"og:title\" content=\"MARCELA Y BASILIO - Los pol\u00edticos Veracruz\" \/>\n<meta property=\"og:description\" content=\"[S\u00edguenos ahora tambi\u00e9n en WhatsApp.\u00a0Da clic aqu\u00ed]\u00a0 Omar Z\u00fa\u00f1iga De Primera Mano Hace cinco a\u00f1os y algunos d\u00edas, el 30 de marzo del a\u00f1o 2020, en pleno encierro por la pandemia de Covid 19 que azot\u00f3 al Mundo, sobre las 14:15, quiz\u00e1 14:30&nbsp;horas&nbsp;-no lo recuerdo con exactitud-, el tiempo era tan extra\u00f1o&nbsp;en su inexorable marcha [&hellip;]\" \/>\n<meta property=\"og:url\" content=\"https:\/\/lospoliticosveracruz.com\/?p=141234\" \/>\n<meta property=\"og:site_name\" content=\"Los pol\u00edticos Veracruz\" \/>\n<meta property=\"article:publisher\" content=\"https:\/\/www.facebook.com\/people\/Notimemes-de-los-Polticos\/61565672886568\/\" \/>\n<meta property=\"article:published_time\" content=\"2025-04-04T12:48:24+00:00\" \/>\n<meta property=\"article:modified_time\" content=\"2025-04-04T12:49:00+00:00\" \/>\n<meta property=\"og:image\" content=\"https:\/\/lospoliticosveracruz.com\/wp-content\/uploads\/2024\/03\/Omar-Zuniga.jpg\" \/>\n\t<meta property=\"og:image:width\" content=\"1250\" \/>\n\t<meta property=\"og:image:height\" content=\"667\" \/>\n\t<meta property=\"og:image:type\" content=\"image\/jpeg\" \/>\n<meta name=\"author\" content=\"Lo viste en Los Pol\u00edticos\" \/>\n<meta name=\"twitter:card\" content=\"summary_large_image\" \/>\n<meta name=\"twitter:creator\" content=\"@LosPoliticosVer\" \/>\n<meta name=\"twitter:site\" content=\"@LosPoliticosVer\" \/>\n<meta name=\"twitter:label1\" content=\"Escrito por\" \/>\n\t<meta name=\"twitter:data1\" content=\"Lo viste en Los Pol\u00edticos\" \/>\n\t<meta name=\"twitter:label2\" content=\"Tiempo de lectura\" \/>\n\t<meta name=\"twitter:data2\" content=\"4 minutos\" \/>\n<script type=\"application\/ld+json\" class=\"yoast-schema-graph\">{\"@context\":\"https:\\\/\\\/schema.org\",\"@graph\":[{\"@type\":\"Article\",\"@id\":\"https:\\\/\\\/lospoliticosveracruz.com\\\/?p=141234#article\",\"isPartOf\":{\"@id\":\"https:\\\/\\\/lospoliticosveracruz.com\\\/?p=141234\"},\"author\":{\"name\":\"Lo viste en Los Pol\u00edticos\",\"@id\":\"https:\\\/\\\/lospoliticosveracruz.com\\\/#\\\/schema\\\/person\\\/b8702bb0e538456e6efd07080bf2a4a2\"},\"headline\":\"MARCELA Y BASILIO\",\"datePublished\":\"2025-04-04T12:48:24+00:00\",\"dateModified\":\"2025-04-04T12:49:00+00:00\",\"mainEntityOfPage\":{\"@id\":\"https:\\\/\\\/lospoliticosveracruz.com\\\/?p=141234\"},\"wordCount\":863,\"publisher\":{\"@id\":\"https:\\\/\\\/lospoliticosveracruz.com\\\/#organization\"},\"image\":{\"@id\":\"https:\\\/\\\/lospoliticosveracruz.com\\\/?p=141234#primaryimage\"},\"thumbnailUrl\":\"https:\\\/\\\/lospoliticosveracruz.com\\\/wp-content\\\/uploads\\\/2024\\\/03\\\/Omar-Zuniga.jpg\",\"keywords\":[\"Cuitl\u00e1huac Garc\u00eda Jim\u00e9nez\",\"Marcela Aguilera Landeta\",\"Mar\u00eda Elena Ferral\",\"Morena\",\"Veracruz\"],\"articleSection\":[\"De Opini\u00f3n\"],\"inLanguage\":\"es\"},{\"@type\":\"WebPage\",\"@id\":\"https:\\\/\\\/lospoliticosveracruz.com\\\/?p=141234\",\"url\":\"https:\\\/\\\/lospoliticosveracruz.com\\\/?p=141234\",\"name\":\"MARCELA Y BASILIO - Los pol\u00edticos Veracruz\",\"isPartOf\":{\"@id\":\"https:\\\/\\\/lospoliticosveracruz.com\\\/#website\"},\"primaryImageOfPage\":{\"@id\":\"https:\\\/\\\/lospoliticosveracruz.com\\\/?p=141234#primaryimage\"},\"image\":{\"@id\":\"https:\\\/\\\/lospoliticosveracruz.com\\\/?p=141234#primaryimage\"},\"thumbnailUrl\":\"https:\\\/\\\/lospoliticosveracruz.com\\\/wp-content\\\/uploads\\\/2024\\\/03\\\/Omar-Zuniga.jpg\",\"datePublished\":\"2025-04-04T12:48:24+00:00\",\"dateModified\":\"2025-04-04T12:49:00+00:00\",\"breadcrumb\":{\"@id\":\"https:\\\/\\\/lospoliticosveracruz.com\\\/?p=141234#breadcrumb\"},\"inLanguage\":\"es\",\"potentialAction\":[{\"@type\":\"ReadAction\",\"target\":[\"https:\\\/\\\/lospoliticosveracruz.com\\\/?p=141234\"]}]},{\"@type\":\"ImageObject\",\"inLanguage\":\"es\",\"@id\":\"https:\\\/\\\/lospoliticosveracruz.com\\\/?p=141234#primaryimage\",\"url\":\"https:\\\/\\\/lospoliticosveracruz.com\\\/wp-content\\\/uploads\\\/2024\\\/03\\\/Omar-Zuniga.jpg\",\"contentUrl\":\"https:\\\/\\\/lospoliticosveracruz.com\\\/wp-content\\\/uploads\\\/2024\\\/03\\\/Omar-Zuniga.jpg\",\"width\":1250,\"height\":667},{\"@type\":\"BreadcrumbList\",\"@id\":\"https:\\\/\\\/lospoliticosveracruz.com\\\/?p=141234#breadcrumb\",\"itemListElement\":[{\"@type\":\"ListItem\",\"position\":1,\"name\":\"Portada\",\"item\":\"https:\\\/\\\/lospoliticosveracruz.com\\\/\"},{\"@type\":\"ListItem\",\"position\":2,\"name\":\"MARCELA Y BASILIO\"}]},{\"@type\":\"WebSite\",\"@id\":\"https:\\\/\\\/lospoliticosveracruz.com\\\/#website\",\"url\":\"https:\\\/\\\/lospoliticosveracruz.com\\\/\",\"name\":\"Los pol\u00edticos Veracruz\",\"description\":\"\",\"publisher\":{\"@id\":\"https:\\\/\\\/lospoliticosveracruz.com\\\/#organization\"},\"potentialAction\":[{\"@type\":\"SearchAction\",\"target\":{\"@type\":\"EntryPoint\",\"urlTemplate\":\"https:\\\/\\\/lospoliticosveracruz.com\\\/?s={search_term_string}\"},\"query-input\":{\"@type\":\"PropertyValueSpecification\",\"valueRequired\":true,\"valueName\":\"search_term_string\"}}],\"inLanguage\":\"es\"},{\"@type\":\"Organization\",\"@id\":\"https:\\\/\\\/lospoliticosveracruz.com\\\/#organization\",\"name\":\"Los pol\u00edticos Veracruz\",\"url\":\"https:\\\/\\\/lospoliticosveracruz.com\\\/\",\"logo\":{\"@type\":\"ImageObject\",\"inLanguage\":\"es\",\"@id\":\"https:\\\/\\\/lospoliticosveracruz.com\\\/#\\\/schema\\\/logo\\\/image\\\/\",\"url\":\"https:\\\/\\\/lospoliticosveracruz.com\\\/wp-content\\\/uploads\\\/2025\\\/12\\\/Logo-Nuevo-LOS-POLITICOS-1.jpg\",\"contentUrl\":\"https:\\\/\\\/lospoliticosveracruz.com\\\/wp-content\\\/uploads\\\/2025\\\/12\\\/Logo-Nuevo-LOS-POLITICOS-1.jpg\",\"width\":260,\"height\":70,\"caption\":\"Los pol\u00edticos Veracruz\"},\"image\":{\"@id\":\"https:\\\/\\\/lospoliticosveracruz.com\\\/#\\\/schema\\\/logo\\\/image\\\/\"},\"sameAs\":[\"https:\\\/\\\/www.facebook.com\\\/people\\\/Notimemes-de-los-Polticos\\\/61565672886568\\\/\",\"https:\\\/\\\/x.com\\\/LosPoliticosVer\"]},{\"@type\":\"Person\",\"@id\":\"https:\\\/\\\/lospoliticosveracruz.com\\\/#\\\/schema\\\/person\\\/b8702bb0e538456e6efd07080bf2a4a2\",\"name\":\"Lo viste en Los Pol\u00edticos\",\"image\":{\"@type\":\"ImageObject\",\"inLanguage\":\"es\",\"@id\":\"https:\\\/\\\/secure.gravatar.com\\\/avatar\\\/3a8de04a2656d44082be478bd6c086daa447c4651605818287b9532d3d0bd435?s=96&d=mm&r=g\",\"url\":\"https:\\\/\\\/secure.gravatar.com\\\/avatar\\\/3a8de04a2656d44082be478bd6c086daa447c4651605818287b9532d3d0bd435?s=96&d=mm&r=g\",\"contentUrl\":\"https:\\\/\\\/secure.gravatar.com\\\/avatar\\\/3a8de04a2656d44082be478bd6c086daa447c4651605818287b9532d3d0bd435?s=96&d=mm&r=g\",\"caption\":\"Lo viste en Los Pol\u00edticos\"},\"url\":\"https:\\\/\\\/lospoliticosveracruz.com\\\/?author=2\"}]}<\/script>\n<!-- \/ Yoast SEO plugin. -->","yoast_head_json":{"title":"MARCELA Y BASILIO - Los pol\u00edticos Veracruz","robots":{"index":"index","follow":"follow","max-snippet":"max-snippet:-1","max-image-preview":"max-image-preview:large","max-video-preview":"max-video-preview:-1"},"canonical":"https:\/\/lospoliticosveracruz.com\/?p=141234","og_locale":"es_ES","og_type":"article","og_title":"MARCELA Y BASILIO - Los pol\u00edticos Veracruz","og_description":"[S\u00edguenos ahora tambi\u00e9n en WhatsApp.\u00a0Da clic aqu\u00ed]\u00a0 Omar Z\u00fa\u00f1iga De Primera Mano Hace cinco a\u00f1os y algunos d\u00edas, el 30 de marzo del a\u00f1o 2020, en pleno encierro por la pandemia de Covid 19 que azot\u00f3 al Mundo, sobre las 14:15, quiz\u00e1 14:30&nbsp;horas&nbsp;-no lo recuerdo con exactitud-, el tiempo era tan extra\u00f1o&nbsp;en su inexorable marcha [&hellip;]","og_url":"https:\/\/lospoliticosveracruz.com\/?p=141234","og_site_name":"Los pol\u00edticos Veracruz","article_publisher":"https:\/\/www.facebook.com\/people\/Notimemes-de-los-Polticos\/61565672886568\/","article_published_time":"2025-04-04T12:48:24+00:00","article_modified_time":"2025-04-04T12:49:00+00:00","og_image":[{"width":1250,"height":667,"url":"https:\/\/lospoliticosveracruz.com\/wp-content\/uploads\/2024\/03\/Omar-Zuniga.jpg","type":"image\/jpeg"}],"author":"Lo viste en Los Pol\u00edticos","twitter_card":"summary_large_image","twitter_creator":"@LosPoliticosVer","twitter_site":"@LosPoliticosVer","twitter_misc":{"Escrito por":"Lo viste en Los Pol\u00edticos","Tiempo de lectura":"4 minutos"},"schema":{"@context":"https:\/\/schema.org","@graph":[{"@type":"Article","@id":"https:\/\/lospoliticosveracruz.com\/?p=141234#article","isPartOf":{"@id":"https:\/\/lospoliticosveracruz.com\/?p=141234"},"author":{"name":"Lo viste en Los Pol\u00edticos","@id":"https:\/\/lospoliticosveracruz.com\/#\/schema\/person\/b8702bb0e538456e6efd07080bf2a4a2"},"headline":"MARCELA Y BASILIO","datePublished":"2025-04-04T12:48:24+00:00","dateModified":"2025-04-04T12:49:00+00:00","mainEntityOfPage":{"@id":"https:\/\/lospoliticosveracruz.com\/?p=141234"},"wordCount":863,"publisher":{"@id":"https:\/\/lospoliticosveracruz.com\/#organization"},"image":{"@id":"https:\/\/lospoliticosveracruz.com\/?p=141234#primaryimage"},"thumbnailUrl":"https:\/\/lospoliticosveracruz.com\/wp-content\/uploads\/2024\/03\/Omar-Zuniga.jpg","keywords":["Cuitl\u00e1huac Garc\u00eda Jim\u00e9nez","Marcela Aguilera Landeta","Mar\u00eda Elena Ferral","Morena","Veracruz"],"articleSection":["De Opini\u00f3n"],"inLanguage":"es"},{"@type":"WebPage","@id":"https:\/\/lospoliticosveracruz.com\/?p=141234","url":"https:\/\/lospoliticosveracruz.com\/?p=141234","name":"MARCELA Y BASILIO - Los pol\u00edticos Veracruz","isPartOf":{"@id":"https:\/\/lospoliticosveracruz.com\/#website"},"primaryImageOfPage":{"@id":"https:\/\/lospoliticosveracruz.com\/?p=141234#primaryimage"},"image":{"@id":"https:\/\/lospoliticosveracruz.com\/?p=141234#primaryimage"},"thumbnailUrl":"https:\/\/lospoliticosveracruz.com\/wp-content\/uploads\/2024\/03\/Omar-Zuniga.jpg","datePublished":"2025-04-04T12:48:24+00:00","dateModified":"2025-04-04T12:49:00+00:00","breadcrumb":{"@id":"https:\/\/lospoliticosveracruz.com\/?p=141234#breadcrumb"},"inLanguage":"es","potentialAction":[{"@type":"ReadAction","target":["https:\/\/lospoliticosveracruz.com\/?p=141234"]}]},{"@type":"ImageObject","inLanguage":"es","@id":"https:\/\/lospoliticosveracruz.com\/?p=141234#primaryimage","url":"https:\/\/lospoliticosveracruz.com\/wp-content\/uploads\/2024\/03\/Omar-Zuniga.jpg","contentUrl":"https:\/\/lospoliticosveracruz.com\/wp-content\/uploads\/2024\/03\/Omar-Zuniga.jpg","width":1250,"height":667},{"@type":"BreadcrumbList","@id":"https:\/\/lospoliticosveracruz.com\/?p=141234#breadcrumb","itemListElement":[{"@type":"ListItem","position":1,"name":"Portada","item":"https:\/\/lospoliticosveracruz.com\/"},{"@type":"ListItem","position":2,"name":"MARCELA Y BASILIO"}]},{"@type":"WebSite","@id":"https:\/\/lospoliticosveracruz.com\/#website","url":"https:\/\/lospoliticosveracruz.com\/","name":"Los pol\u00edticos Veracruz","description":"","publisher":{"@id":"https:\/\/lospoliticosveracruz.com\/#organization"},"potentialAction":[{"@type":"SearchAction","target":{"@type":"EntryPoint","urlTemplate":"https:\/\/lospoliticosveracruz.com\/?s={search_term_string}"},"query-input":{"@type":"PropertyValueSpecification","valueRequired":true,"valueName":"search_term_string"}}],"inLanguage":"es"},{"@type":"Organization","@id":"https:\/\/lospoliticosveracruz.com\/#organization","name":"Los pol\u00edticos Veracruz","url":"https:\/\/lospoliticosveracruz.com\/","logo":{"@type":"ImageObject","inLanguage":"es","@id":"https:\/\/lospoliticosveracruz.com\/#\/schema\/logo\/image\/","url":"https:\/\/lospoliticosveracruz.com\/wp-content\/uploads\/2025\/12\/Logo-Nuevo-LOS-POLITICOS-1.jpg","contentUrl":"https:\/\/lospoliticosveracruz.com\/wp-content\/uploads\/2025\/12\/Logo-Nuevo-LOS-POLITICOS-1.jpg","width":260,"height":70,"caption":"Los pol\u00edticos Veracruz"},"image":{"@id":"https:\/\/lospoliticosveracruz.com\/#\/schema\/logo\/image\/"},"sameAs":["https:\/\/www.facebook.com\/people\/Notimemes-de-los-Polticos\/61565672886568\/","https:\/\/x.com\/LosPoliticosVer"]},{"@type":"Person","@id":"https:\/\/lospoliticosveracruz.com\/#\/schema\/person\/b8702bb0e538456e6efd07080bf2a4a2","name":"Lo viste en Los Pol\u00edticos","image":{"@type":"ImageObject","inLanguage":"es","@id":"https:\/\/secure.gravatar.com\/avatar\/3a8de04a2656d44082be478bd6c086daa447c4651605818287b9532d3d0bd435?s=96&d=mm&r=g","url":"https:\/\/secure.gravatar.com\/avatar\/3a8de04a2656d44082be478bd6c086daa447c4651605818287b9532d3d0bd435?s=96&d=mm&r=g","contentUrl":"https:\/\/secure.gravatar.com\/avatar\/3a8de04a2656d44082be478bd6c086daa447c4651605818287b9532d3d0bd435?s=96&d=mm&r=g","caption":"Lo viste en Los Pol\u00edticos"},"url":"https:\/\/lospoliticosveracruz.com\/?author=2"}]}},"_links":{"self":[{"href":"https:\/\/lospoliticosveracruz.com\/index.php?rest_route=\/wp\/v2\/posts\/141234","targetHints":{"allow":["GET"]}}],"collection":[{"href":"https:\/\/lospoliticosveracruz.com\/index.php?rest_route=\/wp\/v2\/posts"}],"about":[{"href":"https:\/\/lospoliticosveracruz.com\/index.php?rest_route=\/wp\/v2\/types\/post"}],"author":[{"embeddable":true,"href":"https:\/\/lospoliticosveracruz.com\/index.php?rest_route=\/wp\/v2\/users\/2"}],"replies":[{"embeddable":true,"href":"https:\/\/lospoliticosveracruz.com\/index.php?rest_route=%2Fwp%2Fv2%2Fcomments&post=141234"}],"version-history":[{"count":2,"href":"https:\/\/lospoliticosveracruz.com\/index.php?rest_route=\/wp\/v2\/posts\/141234\/revisions"}],"predecessor-version":[{"id":141236,"href":"https:\/\/lospoliticosveracruz.com\/index.php?rest_route=\/wp\/v2\/posts\/141234\/revisions\/141236"}],"wp:featuredmedia":[{"embeddable":true,"href":"https:\/\/lospoliticosveracruz.com\/index.php?rest_route=\/wp\/v2\/media\/119918"}],"wp:attachment":[{"href":"https:\/\/lospoliticosveracruz.com\/index.php?rest_route=%2Fwp%2Fv2%2Fmedia&parent=141234"}],"wp:term":[{"taxonomy":"category","embeddable":true,"href":"https:\/\/lospoliticosveracruz.com\/index.php?rest_route=%2Fwp%2Fv2%2Fcategories&post=141234"},{"taxonomy":"post_tag","embeddable":true,"href":"https:\/\/lospoliticosveracruz.com\/index.php?rest_route=%2Fwp%2Fv2%2Ftags&post=141234"}],"curies":[{"name":"wp","href":"https:\/\/api.w.org\/{rel}","templated":true}]}}