{"id":141237,"date":"2025-04-04T07:07:59","date_gmt":"2025-04-04T13:07:59","guid":{"rendered":"https:\/\/lospoliticosveracruz.com.mx\/?p=141237"},"modified":"2025-04-04T07:09:16","modified_gmt":"2025-04-04T13:09:16","slug":"pvem-huele-a-podrido","status":"publish","type":"post","link":"https:\/\/lospoliticosveracruz.com\/?p=141237","title":{"rendered":"PVEM, HUELE A PODRIDO\u2026"},"content":{"rendered":"\n<p>[S\u00edguenos ahora tambi\u00e9n en WhatsApp.\u00a0<a href=\"https:\/\/whatsapp.com\/channel\/0029Va8zRWlEKyZIP3Z1dF0e\"><strong><em>Da clic aqu\u00ed<\/em><\/strong><\/a>]\u00a0<\/p>\n\n\n\n<p><strong>Miguel Valera&nbsp;<\/strong><\/p>\n\n\n\n<p><em>Contrase\u00f1as<\/em><\/p>\n\n\n\n<p>\u201cAlgo huele mal en Dinamarca\u201d, le dijo quedito, casi al o\u00eddo, Marcelo al pr\u00edncipe Hamlet, en el pu\u00f1o de William Shakespeare. La frase, que se inmortaliz\u00f3 en la obra literaria, ha trascendido la historia y se aplica, por extensi\u00f3n, a situaciones donde&nbsp;las cosas se descomponen, se pudren, se van al traste, se corrompen, como sucedi\u00f3 en Alvarado, el municipio mal gobernado por la presidenta&nbsp;<strong>Lizzete<\/strong><strong>&nbsp;\u00c1lvarez Vera<\/strong>.<\/p>\n\n\n\n<p>El Partido Verde Ecologista de M\u00e9xico, que ha abanderado causas nobles, se ha ido pudriendo desde la c\u00fapula. Ah\u00ed est\u00e1 el caso del ahora diputado&nbsp;<strong>Marcelo Ruiz S\u00e1nchez<\/strong>, sancionado por el INE \u2014expediente INE\/P-COF-UTF\/151\/2019\/VER\u2014 por la utilizaci\u00f3n de empresas fantasmas para la justificaci\u00f3n del gasto de prerrogativas, los excesos en su vida privada&nbsp;y otras&nbsp;<em>lindeces<\/em>&nbsp;que han sido ventiladas profusamente.<\/p>\n\n\n\n<p>No se puede pensar en administrar un instituto pol\u00edtico o un gobierno \u2014como en el caso de Alvarado\u2014 con visi\u00f3n patrimonialista familiar, personal. En otras demarcaciones ha ocurrido lo mismo, con otros institutos pol\u00edticos, como en Paso de Ovejas, donde el alcalde&nbsp;<strong>Mario&nbsp;<\/strong><strong>M\u00e1fara<\/strong><strong>&nbsp;Ram\u00edrez<\/strong>&nbsp;intent\u00f3 imponer a su hijo&nbsp;<strong>Luis Felipe&nbsp;<\/strong><strong>M\u00e1fara<\/strong><strong>&nbsp;Romero<\/strong>&nbsp;y al no lograrlo, opt\u00f3 por darle paso a la novia del joven,&nbsp;<strong>Anah\u00ed Hern\u00e1ndez<\/strong>.<\/p>\n\n\n\n<p>Nuestra entidad tiene muchos casos as\u00ed. Las y los veracruzanos, tan apasionados por servir a su pueblo, con fijaciones ed\u00edpicas, hacen hasta lo imposible para seguir pegados a la ubre del presupuesto, a la chichi del recurso p\u00fablico. Por eso en Alvarado, la maestra&nbsp;<strong>Lizzete<\/strong><strong>&nbsp;\u00c1lvarez Vera<\/strong>&nbsp;olvid\u00f3 lo que escribi\u00f3 en el&nbsp;<em>curriculum<\/em>&nbsp;que la presenta en la p\u00e1gina oficial del Ayuntamiento que preside.<\/p>\n\n\n\n<p>\u201cEs una mujer de car\u00e1cter, de firmes convicciones, trabajadora, honesta, sencilla, optimista y comprometida con su pueblo\u201d, se puede leer en el espacio web.&nbsp;Obnubilada por el poder, intent\u00f3 imponer a su hermana&nbsp;<strong>Irasema \u00c1lvarez Vera<\/strong>&nbsp;a la presidencia municipal,&nbsp;quien,&nbsp;dicho sea de paso, seg\u00fan versiones de los propios alvarade\u00f1os, es quien la ha mangoneado, controlando diversas \u00e1reas del gobierno.<\/p>\n\n\n\n<p>Ante la ausencia de obra p\u00fablica, de resultados tangibles para la poblaci\u00f3n, antes de finalizar el 2024, se lanz\u00f3 contra los ex alcaldes&nbsp;<strong>Octavio Ruiz Barroso<\/strong>&nbsp;y&nbsp;<strong>Bogart Ruiz Rosas<\/strong>&nbsp;y le pidi\u00f3, le rog\u00f3 a la gobernadora&nbsp;<strong>Roc\u00edo Nahle Garc\u00eda<\/strong>&nbsp;que interviniera para que la Fiscal\u00eda General del Estado de Veracruz (FGE) que a\u00fan&nbsp;preside&nbsp;<strong>Ver\u00f3nica Hern\u00e1ndez&nbsp;<\/strong><strong>Giad\u00e1ns<\/strong>, interviniera para destrabar las denuncias que obran en contra de los ex mun\u00edcipes, uno de los cuales fue su aliado.<\/p>\n\n\n\n<p>Si bien, como escribi\u00f3 el viejo Blaise Pascal, uno puede montarse en los hombros de otros para ver m\u00e1s lejos,&nbsp;<strong>Lizzete<\/strong><strong>&nbsp;\u00c1lvarez Vera<\/strong>&nbsp;lo hizo para hundirlos y salvar el pellejo frente a la debacle de su gobierno. Pero bueno, ahora, nos cuentan los nobles alvarade\u00f1os, la primera edil de esta demarcaci\u00f3n est\u00e1 desesperada y sabe que tiene que apoyar la candidatura de su correligionario&nbsp;<strong>Alberto \u00c1ngel Cobos M\u00e1rquez<\/strong>,&nbsp;quien,&nbsp;dicho sea de paso, tuvo una desangelada inscripci\u00f3n en su registro ante el Organismo P\u00fablico Local Electoral.&nbsp;<\/p>\n\n\n\n<p>Acompa\u00f1ado por unas&nbsp;300 personas, 250 de ellos empleados municipales, el buen Cobos no tuvo presencia de&nbsp;liderazgos y personajes representativos de esta demarcaci\u00f3n. Su marcha de registro fue un verdadero fracaso y mostr\u00f3 la realidad de un partido debilitado y de una administraci\u00f3n fracasada. Este partido no cuenta en Alvarado con una estructura pol\u00edtica s\u00f3lida.&nbsp;<\/p>\n\n\n\n<p>No hay que olvidar que quienes trabajaron por&nbsp;<strong>Lizzette \u00c1lvarez Vera<\/strong>&nbsp;eran parte de la estructura del ex alcalde&nbsp;<strong>Bogar Ruiz<\/strong>, a quien le pag\u00f3 con el desd\u00e9n y la persecuci\u00f3n. A todos sus ex colaboradores los fue corriendo del gobierno local. As\u00ed que no se ve otro destino en Alvarado que el fracaso de este proyecto pol\u00edtico que naci\u00f3 verde y se fue pudriendo poco a poco.<\/p>\n\n\n\n<p><strong>Alberto \u00c1ngel Cobos M\u00e1rquez<\/strong><strong>&nbsp;<\/strong>fue director de Gobernaci\u00f3n con&nbsp;<strong>Eric Patrocinio Cisneros Burgos<\/strong>, pero su aliado y mentor era&nbsp;<strong>Carlos Alberto Ju\u00e1rez Gil<\/strong>, de quien fue su secretario particular cuando este asumi\u00f3 la titularidad de la SEGOB. Antes, siendo titular de Gobernaci\u00f3n, ayud\u00f3 a un integrante del \u201cClan Yunes\u201d en la realizaci\u00f3n de un tr\u00e1mite en la dependencia y fue reprimido por el propio Cisneros Burgos, cuando se enter\u00e9 del hecho. El personaje de marras ha estado obsesionado por el \u201cpoder\u201d y en esa din\u00e1mica no le ha importado saltar de un color a otros, en su obsesi\u00f3n por ser el primer edil de Alvarado. &nbsp;<\/p>\n\n\n\n<p>Adem\u00e1s, \u00bfusted cree que la gobernadora&nbsp;<strong>Roc\u00edo Nahle Garc\u00eda<\/strong>&nbsp;apoyar\u00e1 el proyecto de un pol\u00edtico, por muy noble, que sea, que sirvi\u00f3 a los intereses de&nbsp;<strong>Carlos Alberto Ju\u00e1rez Gil<\/strong><strong>&nbsp;<\/strong>y de un equipo que le dio la espalda? \u00a1Claro que no! As\u00ed que, lamentablemente para el joven pol\u00edtico&nbsp;verdeecologista, su candidatura, es, citando al escritor colombiano nacido en Aracataca,&nbsp;<strong>Gabriel Garc\u00eda M\u00e1rquez<\/strong>, la cr\u00f3nica de una muerte anunciada.<\/p>\n\n\n\n<p><strong>JOSIEL ACOSTA VA CONTRA NEPOTISMO EN PASO DE OVEJAS<\/strong><\/p>\n\n\n\n<p>Arropado por cientos de&nbsp;pasovejenses,&nbsp;<strong>Josiel<\/strong><strong>&nbsp;Acosta<\/strong>formaliz\u00f3 su registro como Candidato del Partido del Trabajo (PT) para la presidencia municipal de&nbsp;esta demarcaci\u00f3n que fue cuna del republicanismo mexicano y en donde vivi\u00f3 y combati\u00f3 el h\u00e9roe de la patria,&nbsp;<strong>Guad<\/strong><strong>a<\/strong><strong>lupe Victoria<\/strong>.&nbsp;<\/p>\n\n\n\n<p>El maestro, con una larga trayectoria administrativa, estuvo arropado por cientos de amigos, compa\u00f1eros, militantes y simpatizantes. Su proyecto, dijo a los medios, es construir un&nbsp;gobierno cercano, transparente y con sentido social.&nbsp;Le acompa\u00f1an en este periplo pol\u00edtico&nbsp;<strong>Juan V\u00edctor Ram\u00edrez Morales<\/strong>Coordinador Municipal, adem\u00e1s de la candidata a s\u00edndico&nbsp;<strong>Edubiges<\/strong><strong>&nbsp;Escobar Chama<\/strong>, la doctora&nbsp;<strong>Alicia del Carmen \u00c1lvarez Escalante<\/strong>, candidata a regidora primera,&nbsp;<strong>Domingo Garc\u00eda Medina<\/strong>&nbsp;candidato a regidor segundo y la candidata a la regidur\u00eda tercera&nbsp;<strong>Beti<\/strong><strong>Hern\u00e1ndez Vel\u00e1zquez<\/strong>.<\/p>\n\n\n\n<p>Los aplausos que&nbsp;<strong>Josiel<\/strong><strong>&nbsp;Acosta&nbsp;<\/strong>recibi\u00f3 en su registro, tambi\u00e9n como suelen decir los cl\u00e1sicos, fueron en contra de alguien. \u00a1Ya sabemos de qui\u00e9n! El candidato del PT seguramente tendr\u00e1 mucho \u00e9xito.&nbsp;<\/p>\n\n\n\n<p><strong>@MValeraH<\/strong><\/p>\n","protected":false},"excerpt":{"rendered":"<p>[S\u00edguenos ahora tambi\u00e9n en WhatsApp.\u00a0Da clic aqu\u00ed]\u00a0 Miguel Valera&nbsp; Contrase\u00f1as \u201cAlgo huele mal en Dinamarca\u201d, le dijo quedito, casi al o\u00eddo, Marcelo al pr\u00edncipe Hamlet, en el pu\u00f1o de William Shakespeare. La frase, que se inmortaliz\u00f3 en la obra literaria, ha trascendido la historia y se aplica, por extensi\u00f3n, a situaciones donde&nbsp;las cosas se descomponen, [&hellip;]<\/p>\n","protected":false},"author":2,"featured_media":119815,"comment_status":"closed","ping_status":"closed","sticky":false,"template":"","format":"standard","meta":{"tdm_status":"","tdm_grid_status":"","footnotes":""},"categories":[70],"tags":[301,22187,4703,264],"class_list":{"0":"post-141237","1":"post","2":"type-post","3":"status-publish","4":"format-standard","5":"has-post-thumbnail","7":"category-de-opinion","8":"tag-alvarado","9":"tag-irasema-guzman-martinez","10":"tag-paso-de-ovejas","11":"tag-pvem"},"yoast_head":"<!-- This site is optimized with the Yoast SEO plugin v27.4 - https:\/\/yoast.com\/product\/yoast-seo-wordpress\/ -->\n<title>PVEM, HUELE A PODRIDO\u2026 - Los pol\u00edticos Veracruz<\/title>\n<meta name=\"robots\" content=\"index, follow, max-snippet:-1, max-image-preview:large, max-video-preview:-1\" \/>\n<link rel=\"canonical\" href=\"https:\/\/lospoliticosveracruz.com\/?p=141237\" \/>\n<meta property=\"og:locale\" content=\"es_ES\" \/>\n<meta property=\"og:type\" content=\"article\" \/>\n<meta property=\"og:title\" content=\"PVEM, HUELE A PODRIDO\u2026 - Los pol\u00edticos Veracruz\" \/>\n<meta property=\"og:description\" content=\"[S\u00edguenos ahora tambi\u00e9n en WhatsApp.\u00a0Da clic aqu\u00ed]\u00a0 Miguel Valera&nbsp; Contrase\u00f1as \u201cAlgo huele mal en Dinamarca\u201d, le dijo quedito, casi al o\u00eddo, Marcelo al pr\u00edncipe Hamlet, en el pu\u00f1o de William Shakespeare. La frase, que se inmortaliz\u00f3 en la obra literaria, ha trascendido la historia y se aplica, por extensi\u00f3n, a situaciones donde&nbsp;las cosas se descomponen, [&hellip;]\" \/>\n<meta property=\"og:url\" content=\"https:\/\/lospoliticosveracruz.com\/?p=141237\" \/>\n<meta property=\"og:site_name\" content=\"Los pol\u00edticos Veracruz\" \/>\n<meta property=\"article:publisher\" content=\"https:\/\/www.facebook.com\/people\/Notimemes-de-los-Polticos\/61565672886568\/\" \/>\n<meta property=\"article:published_time\" content=\"2025-04-04T13:07:59+00:00\" \/>\n<meta property=\"article:modified_time\" content=\"2025-04-04T13:09:16+00:00\" \/>\n<meta property=\"og:image\" content=\"https:\/\/lospoliticosveracruz.com\/wp-content\/uploads\/2024\/03\/Miguel-Valera.jpg\" \/>\n\t<meta property=\"og:image:width\" content=\"1250\" \/>\n\t<meta property=\"og:image:height\" content=\"667\" \/>\n\t<meta property=\"og:image:type\" content=\"image\/jpeg\" \/>\n<meta name=\"author\" content=\"Lo viste en Los Pol\u00edticos\" \/>\n<meta name=\"twitter:card\" content=\"summary_large_image\" \/>\n<meta name=\"twitter:creator\" content=\"@LosPoliticosVer\" \/>\n<meta name=\"twitter:site\" content=\"@LosPoliticosVer\" \/>\n<meta name=\"twitter:label1\" content=\"Escrito por\" \/>\n\t<meta name=\"twitter:data1\" content=\"Lo viste en Los Pol\u00edticos\" \/>\n\t<meta name=\"twitter:label2\" content=\"Tiempo de lectura\" \/>\n\t<meta name=\"twitter:data2\" content=\"6 minutos\" \/>\n<script type=\"application\/ld+json\" class=\"yoast-schema-graph\">{\"@context\":\"https:\\\/\\\/schema.org\",\"@graph\":[{\"@type\":\"Article\",\"@id\":\"https:\\\/\\\/lospoliticosveracruz.com\\\/?p=141237#article\",\"isPartOf\":{\"@id\":\"https:\\\/\\\/lospoliticosveracruz.com\\\/?p=141237\"},\"author\":{\"name\":\"Lo viste en Los Pol\u00edticos\",\"@id\":\"https:\\\/\\\/lospoliticosveracruz.com\\\/#\\\/schema\\\/person\\\/b8702bb0e538456e6efd07080bf2a4a2\"},\"headline\":\"PVEM, HUELE A PODRIDO\u2026\",\"datePublished\":\"2025-04-04T13:07:59+00:00\",\"dateModified\":\"2025-04-04T13:09:16+00:00\",\"mainEntityOfPage\":{\"@id\":\"https:\\\/\\\/lospoliticosveracruz.com\\\/?p=141237\"},\"wordCount\":1129,\"publisher\":{\"@id\":\"https:\\\/\\\/lospoliticosveracruz.com\\\/#organization\"},\"image\":{\"@id\":\"https:\\\/\\\/lospoliticosveracruz.com\\\/?p=141237#primaryimage\"},\"thumbnailUrl\":\"https:\\\/\\\/lospoliticosveracruz.com\\\/wp-content\\\/uploads\\\/2024\\\/03\\\/Miguel-Valera.jpg\",\"keywords\":[\"Alvarado\",\"Irasema Guzm\u00e1n Mart\u00ednez.\",\"Paso de Ovejas\",\"PVEM\"],\"articleSection\":[\"De Opini\u00f3n\"],\"inLanguage\":\"es\"},{\"@type\":\"WebPage\",\"@id\":\"https:\\\/\\\/lospoliticosveracruz.com\\\/?p=141237\",\"url\":\"https:\\\/\\\/lospoliticosveracruz.com\\\/?p=141237\",\"name\":\"PVEM, HUELE A PODRIDO\u2026 - Los pol\u00edticos Veracruz\",\"isPartOf\":{\"@id\":\"https:\\\/\\\/lospoliticosveracruz.com\\\/#website\"},\"primaryImageOfPage\":{\"@id\":\"https:\\\/\\\/lospoliticosveracruz.com\\\/?p=141237#primaryimage\"},\"image\":{\"@id\":\"https:\\\/\\\/lospoliticosveracruz.com\\\/?p=141237#primaryimage\"},\"thumbnailUrl\":\"https:\\\/\\\/lospoliticosveracruz.com\\\/wp-content\\\/uploads\\\/2024\\\/03\\\/Miguel-Valera.jpg\",\"datePublished\":\"2025-04-04T13:07:59+00:00\",\"dateModified\":\"2025-04-04T13:09:16+00:00\",\"breadcrumb\":{\"@id\":\"https:\\\/\\\/lospoliticosveracruz.com\\\/?p=141237#breadcrumb\"},\"inLanguage\":\"es\",\"potentialAction\":[{\"@type\":\"ReadAction\",\"target\":[\"https:\\\/\\\/lospoliticosveracruz.com\\\/?p=141237\"]}]},{\"@type\":\"ImageObject\",\"inLanguage\":\"es\",\"@id\":\"https:\\\/\\\/lospoliticosveracruz.com\\\/?p=141237#primaryimage\",\"url\":\"https:\\\/\\\/lospoliticosveracruz.com\\\/wp-content\\\/uploads\\\/2024\\\/03\\\/Miguel-Valera.jpg\",\"contentUrl\":\"https:\\\/\\\/lospoliticosveracruz.com\\\/wp-content\\\/uploads\\\/2024\\\/03\\\/Miguel-Valera.jpg\",\"width\":1250,\"height\":667},{\"@type\":\"BreadcrumbList\",\"@id\":\"https:\\\/\\\/lospoliticosveracruz.com\\\/?p=141237#breadcrumb\",\"itemListElement\":[{\"@type\":\"ListItem\",\"position\":1,\"name\":\"Portada\",\"item\":\"https:\\\/\\\/lospoliticosveracruz.com\\\/\"},{\"@type\":\"ListItem\",\"position\":2,\"name\":\"PVEM, HUELE A PODRIDO\u2026\"}]},{\"@type\":\"WebSite\",\"@id\":\"https:\\\/\\\/lospoliticosveracruz.com\\\/#website\",\"url\":\"https:\\\/\\\/lospoliticosveracruz.com\\\/\",\"name\":\"Los pol\u00edticos Veracruz\",\"description\":\"\",\"publisher\":{\"@id\":\"https:\\\/\\\/lospoliticosveracruz.com\\\/#organization\"},\"potentialAction\":[{\"@type\":\"SearchAction\",\"target\":{\"@type\":\"EntryPoint\",\"urlTemplate\":\"https:\\\/\\\/lospoliticosveracruz.com\\\/?s={search_term_string}\"},\"query-input\":{\"@type\":\"PropertyValueSpecification\",\"valueRequired\":true,\"valueName\":\"search_term_string\"}}],\"inLanguage\":\"es\"},{\"@type\":\"Organization\",\"@id\":\"https:\\\/\\\/lospoliticosveracruz.com\\\/#organization\",\"name\":\"Los pol\u00edticos Veracruz\",\"url\":\"https:\\\/\\\/lospoliticosveracruz.com\\\/\",\"logo\":{\"@type\":\"ImageObject\",\"inLanguage\":\"es\",\"@id\":\"https:\\\/\\\/lospoliticosveracruz.com\\\/#\\\/schema\\\/logo\\\/image\\\/\",\"url\":\"https:\\\/\\\/lospoliticosveracruz.com\\\/wp-content\\\/uploads\\\/2025\\\/12\\\/Logo-Nuevo-LOS-POLITICOS-1.jpg\",\"contentUrl\":\"https:\\\/\\\/lospoliticosveracruz.com\\\/wp-content\\\/uploads\\\/2025\\\/12\\\/Logo-Nuevo-LOS-POLITICOS-1.jpg\",\"width\":260,\"height\":70,\"caption\":\"Los pol\u00edticos Veracruz\"},\"image\":{\"@id\":\"https:\\\/\\\/lospoliticosveracruz.com\\\/#\\\/schema\\\/logo\\\/image\\\/\"},\"sameAs\":[\"https:\\\/\\\/www.facebook.com\\\/people\\\/Notimemes-de-los-Polticos\\\/61565672886568\\\/\",\"https:\\\/\\\/x.com\\\/LosPoliticosVer\"]},{\"@type\":\"Person\",\"@id\":\"https:\\\/\\\/lospoliticosveracruz.com\\\/#\\\/schema\\\/person\\\/b8702bb0e538456e6efd07080bf2a4a2\",\"name\":\"Lo viste en Los Pol\u00edticos\",\"image\":{\"@type\":\"ImageObject\",\"inLanguage\":\"es\",\"@id\":\"https:\\\/\\\/secure.gravatar.com\\\/avatar\\\/3a8de04a2656d44082be478bd6c086daa447c4651605818287b9532d3d0bd435?s=96&d=mm&r=g\",\"url\":\"https:\\\/\\\/secure.gravatar.com\\\/avatar\\\/3a8de04a2656d44082be478bd6c086daa447c4651605818287b9532d3d0bd435?s=96&d=mm&r=g\",\"contentUrl\":\"https:\\\/\\\/secure.gravatar.com\\\/avatar\\\/3a8de04a2656d44082be478bd6c086daa447c4651605818287b9532d3d0bd435?s=96&d=mm&r=g\",\"caption\":\"Lo viste en Los Pol\u00edticos\"},\"url\":\"https:\\\/\\\/lospoliticosveracruz.com\\\/?author=2\"}]}<\/script>\n<!-- \/ Yoast SEO plugin. -->","yoast_head_json":{"title":"PVEM, HUELE A PODRIDO\u2026 - Los pol\u00edticos Veracruz","robots":{"index":"index","follow":"follow","max-snippet":"max-snippet:-1","max-image-preview":"max-image-preview:large","max-video-preview":"max-video-preview:-1"},"canonical":"https:\/\/lospoliticosveracruz.com\/?p=141237","og_locale":"es_ES","og_type":"article","og_title":"PVEM, HUELE A PODRIDO\u2026 - Los pol\u00edticos Veracruz","og_description":"[S\u00edguenos ahora tambi\u00e9n en WhatsApp.\u00a0Da clic aqu\u00ed]\u00a0 Miguel Valera&nbsp; Contrase\u00f1as \u201cAlgo huele mal en Dinamarca\u201d, le dijo quedito, casi al o\u00eddo, Marcelo al pr\u00edncipe Hamlet, en el pu\u00f1o de William Shakespeare. La frase, que se inmortaliz\u00f3 en la obra literaria, ha trascendido la historia y se aplica, por extensi\u00f3n, a situaciones donde&nbsp;las cosas se descomponen, [&hellip;]","og_url":"https:\/\/lospoliticosveracruz.com\/?p=141237","og_site_name":"Los pol\u00edticos Veracruz","article_publisher":"https:\/\/www.facebook.com\/people\/Notimemes-de-los-Polticos\/61565672886568\/","article_published_time":"2025-04-04T13:07:59+00:00","article_modified_time":"2025-04-04T13:09:16+00:00","og_image":[{"width":1250,"height":667,"url":"https:\/\/lospoliticosveracruz.com\/wp-content\/uploads\/2024\/03\/Miguel-Valera.jpg","type":"image\/jpeg"}],"author":"Lo viste en Los Pol\u00edticos","twitter_card":"summary_large_image","twitter_creator":"@LosPoliticosVer","twitter_site":"@LosPoliticosVer","twitter_misc":{"Escrito por":"Lo viste en Los Pol\u00edticos","Tiempo de lectura":"6 minutos"},"schema":{"@context":"https:\/\/schema.org","@graph":[{"@type":"Article","@id":"https:\/\/lospoliticosveracruz.com\/?p=141237#article","isPartOf":{"@id":"https:\/\/lospoliticosveracruz.com\/?p=141237"},"author":{"name":"Lo viste en Los Pol\u00edticos","@id":"https:\/\/lospoliticosveracruz.com\/#\/schema\/person\/b8702bb0e538456e6efd07080bf2a4a2"},"headline":"PVEM, HUELE A PODRIDO\u2026","datePublished":"2025-04-04T13:07:59+00:00","dateModified":"2025-04-04T13:09:16+00:00","mainEntityOfPage":{"@id":"https:\/\/lospoliticosveracruz.com\/?p=141237"},"wordCount":1129,"publisher":{"@id":"https:\/\/lospoliticosveracruz.com\/#organization"},"image":{"@id":"https:\/\/lospoliticosveracruz.com\/?p=141237#primaryimage"},"thumbnailUrl":"https:\/\/lospoliticosveracruz.com\/wp-content\/uploads\/2024\/03\/Miguel-Valera.jpg","keywords":["Alvarado","Irasema Guzm\u00e1n Mart\u00ednez.","Paso de Ovejas","PVEM"],"articleSection":["De Opini\u00f3n"],"inLanguage":"es"},{"@type":"WebPage","@id":"https:\/\/lospoliticosveracruz.com\/?p=141237","url":"https:\/\/lospoliticosveracruz.com\/?p=141237","name":"PVEM, HUELE A PODRIDO\u2026 - Los pol\u00edticos Veracruz","isPartOf":{"@id":"https:\/\/lospoliticosveracruz.com\/#website"},"primaryImageOfPage":{"@id":"https:\/\/lospoliticosveracruz.com\/?p=141237#primaryimage"},"image":{"@id":"https:\/\/lospoliticosveracruz.com\/?p=141237#primaryimage"},"thumbnailUrl":"https:\/\/lospoliticosveracruz.com\/wp-content\/uploads\/2024\/03\/Miguel-Valera.jpg","datePublished":"2025-04-04T13:07:59+00:00","dateModified":"2025-04-04T13:09:16+00:00","breadcrumb":{"@id":"https:\/\/lospoliticosveracruz.com\/?p=141237#breadcrumb"},"inLanguage":"es","potentialAction":[{"@type":"ReadAction","target":["https:\/\/lospoliticosveracruz.com\/?p=141237"]}]},{"@type":"ImageObject","inLanguage":"es","@id":"https:\/\/lospoliticosveracruz.com\/?p=141237#primaryimage","url":"https:\/\/lospoliticosveracruz.com\/wp-content\/uploads\/2024\/03\/Miguel-Valera.jpg","contentUrl":"https:\/\/lospoliticosveracruz.com\/wp-content\/uploads\/2024\/03\/Miguel-Valera.jpg","width":1250,"height":667},{"@type":"BreadcrumbList","@id":"https:\/\/lospoliticosveracruz.com\/?p=141237#breadcrumb","itemListElement":[{"@type":"ListItem","position":1,"name":"Portada","item":"https:\/\/lospoliticosveracruz.com\/"},{"@type":"ListItem","position":2,"name":"PVEM, HUELE A PODRIDO\u2026"}]},{"@type":"WebSite","@id":"https:\/\/lospoliticosveracruz.com\/#website","url":"https:\/\/lospoliticosveracruz.com\/","name":"Los pol\u00edticos Veracruz","description":"","publisher":{"@id":"https:\/\/lospoliticosveracruz.com\/#organization"},"potentialAction":[{"@type":"SearchAction","target":{"@type":"EntryPoint","urlTemplate":"https:\/\/lospoliticosveracruz.com\/?s={search_term_string}"},"query-input":{"@type":"PropertyValueSpecification","valueRequired":true,"valueName":"search_term_string"}}],"inLanguage":"es"},{"@type":"Organization","@id":"https:\/\/lospoliticosveracruz.com\/#organization","name":"Los pol\u00edticos Veracruz","url":"https:\/\/lospoliticosveracruz.com\/","logo":{"@type":"ImageObject","inLanguage":"es","@id":"https:\/\/lospoliticosveracruz.com\/#\/schema\/logo\/image\/","url":"https:\/\/lospoliticosveracruz.com\/wp-content\/uploads\/2025\/12\/Logo-Nuevo-LOS-POLITICOS-1.jpg","contentUrl":"https:\/\/lospoliticosveracruz.com\/wp-content\/uploads\/2025\/12\/Logo-Nuevo-LOS-POLITICOS-1.jpg","width":260,"height":70,"caption":"Los pol\u00edticos Veracruz"},"image":{"@id":"https:\/\/lospoliticosveracruz.com\/#\/schema\/logo\/image\/"},"sameAs":["https:\/\/www.facebook.com\/people\/Notimemes-de-los-Polticos\/61565672886568\/","https:\/\/x.com\/LosPoliticosVer"]},{"@type":"Person","@id":"https:\/\/lospoliticosveracruz.com\/#\/schema\/person\/b8702bb0e538456e6efd07080bf2a4a2","name":"Lo viste en Los Pol\u00edticos","image":{"@type":"ImageObject","inLanguage":"es","@id":"https:\/\/secure.gravatar.com\/avatar\/3a8de04a2656d44082be478bd6c086daa447c4651605818287b9532d3d0bd435?s=96&d=mm&r=g","url":"https:\/\/secure.gravatar.com\/avatar\/3a8de04a2656d44082be478bd6c086daa447c4651605818287b9532d3d0bd435?s=96&d=mm&r=g","contentUrl":"https:\/\/secure.gravatar.com\/avatar\/3a8de04a2656d44082be478bd6c086daa447c4651605818287b9532d3d0bd435?s=96&d=mm&r=g","caption":"Lo viste en Los Pol\u00edticos"},"url":"https:\/\/lospoliticosveracruz.com\/?author=2"}]}},"_links":{"self":[{"href":"https:\/\/lospoliticosveracruz.com\/index.php?rest_route=\/wp\/v2\/posts\/141237","targetHints":{"allow":["GET"]}}],"collection":[{"href":"https:\/\/lospoliticosveracruz.com\/index.php?rest_route=\/wp\/v2\/posts"}],"about":[{"href":"https:\/\/lospoliticosveracruz.com\/index.php?rest_route=\/wp\/v2\/types\/post"}],"author":[{"embeddable":true,"href":"https:\/\/lospoliticosveracruz.com\/index.php?rest_route=\/wp\/v2\/users\/2"}],"replies":[{"embeddable":true,"href":"https:\/\/lospoliticosveracruz.com\/index.php?rest_route=%2Fwp%2Fv2%2Fcomments&post=141237"}],"version-history":[{"count":2,"href":"https:\/\/lospoliticosveracruz.com\/index.php?rest_route=\/wp\/v2\/posts\/141237\/revisions"}],"predecessor-version":[{"id":141239,"href":"https:\/\/lospoliticosveracruz.com\/index.php?rest_route=\/wp\/v2\/posts\/141237\/revisions\/141239"}],"wp:featuredmedia":[{"embeddable":true,"href":"https:\/\/lospoliticosveracruz.com\/index.php?rest_route=\/wp\/v2\/media\/119815"}],"wp:attachment":[{"href":"https:\/\/lospoliticosveracruz.com\/index.php?rest_route=%2Fwp%2Fv2%2Fmedia&parent=141237"}],"wp:term":[{"taxonomy":"category","embeddable":true,"href":"https:\/\/lospoliticosveracruz.com\/index.php?rest_route=%2Fwp%2Fv2%2Fcategories&post=141237"},{"taxonomy":"post_tag","embeddable":true,"href":"https:\/\/lospoliticosveracruz.com\/index.php?rest_route=%2Fwp%2Fv2%2Ftags&post=141237"}],"curies":[{"name":"wp","href":"https:\/\/api.w.org\/{rel}","templated":true}]}}