{"id":141243,"date":"2025-04-04T07:37:04","date_gmt":"2025-04-04T13:37:04","guid":{"rendered":"https:\/\/lospoliticosveracruz.com.mx\/?p=141243"},"modified":"2025-04-04T07:37:18","modified_gmt":"2025-04-04T13:37:18","slug":"teuchitlan-iv","status":"publish","type":"post","link":"https:\/\/lospoliticosveracruz.com\/?p=141243","title":{"rendered":"TEUCHITL\u00c1N IV"},"content":{"rendered":"\n<p><a><\/a><a href=\"https:\/\/whatsapp.com\/channel\/0029Va8zRWlEKyZIP3Z1dF0e\"><strong>\u2002\u2002<\/strong><strong>\u00da<\/strong><strong>NETE A NUESTRO CANAL<\/strong><strong><\/strong><\/a><\/p>\n\n\n\n<p>\u00a1<a href=\"https:\/\/whatsapp.com\/channel\/0029Va8zRWlEKyZIP3Z1dF0e\"><strong>LOS POL\u00cd<\/strong><strong>TICOS VERACRUZ<\/strong><\/a> ya est\u00e1 en WhatsApp!<\/p>\n\n\n\n<p><\/p>\n\n\n\n<p><strong>Felipe de Jes\u00fas Fern\u00e1ndez Basilio<\/strong><\/p>\n\n\n\n<p><em>Desde a Janela<br><\/em>El horror de lo visto en Teuchitl\u00e1n, Jalisco gracias al descubrimiento de colectivos de la sociedad civil a parte de preocuparnos como pa\u00eds, nos debe de llevar a reflexionar sobre c\u00f3mo fue que llegamos a este nivel de barbarie y qu\u00e9 medidas se podr\u00edan tomar para que no vuelva a haber eventos tan macabros en M\u00e9xico.<br>Primero que nada, debemos de admitir que M\u00e9xico siempre ha sido un pa\u00eds en el que la crueldad es algo habitual desde tiempos muy remotos, tan es as\u00ed que las civilizaciones precolombinas, principalmente las mesoamericanas, se destacaron por tener una cosmovisi\u00f3n basada en el terror \u2013 basta con ver las representaciones de sus deidades \u2013 y unos m\u00e9todos muy crueles para agradar a sus divinidades; en pocas palabras, el derramamiento de sangre y el asesinato eran bien vistos.<br>A lo anterior debemos de sumar la llegada del cristianismo, el cual entre sus m\u00faltiples facetas tiene una \u2013 con la que no concuerdo \u2013 que consiste en exaltar y describir a detalle el martirio tanto de Cristo como de muchos santos, lo cual tambi\u00e9n ha contribuido para la normalizaci\u00f3n popular de la crueldad; como comentario aparte les platico que desde que sali\u00f3 hasta la fecha me he rehusado a ver el filme \u201cLa Pasi\u00f3n\u201d.<br>As\u00ed tenemos que, ni la \u00e9poca virreinal (es un error de lenguaje llamar como \u201ccolonial\u201d a algo que no fue una \u201ccolonia\u201d) ni tampoco la \u00e9poca independiente lograron hacer grandes cambios en esa crueldad, m\u00e1s bien la toleraron y hasta la cultivaron mediante la instalaci\u00f3n de una pesada burocracia, una impartici\u00f3n de justicia bastante ineficiente y una corrupci\u00f3n generalizada que ha hecho que las autoridades se hagan de la vista gorda frente a las atrocidades cometidas por el llamado \u201cPueblo Bueno\u201d o \u201cM\u00e9xico Profundo\u201d.<br>Como ejemplos de esta ineficiencia de la procuraci\u00f3n y la impartici\u00f3n de justicia por parte del Estado tenemos que todos los linchamientos que se han sabido han resultado impunes y hasta bien vistos por buena parte de la sociedad mexicana, ya que se argumenta que no hay otro remedio contra la delincuencia.<br>Y peor a\u00fan resulta que cuando los grupos criminales se ponen a \u201cimpartir justicia\u201d, tambi\u00e9n son aplaudidos por razones muy similares a las ya comentadas.<br>Y a esa ineficiencia gubernamental necesariamente le debemos de a\u00f1adir cosas que el mismo Estado ha hecho para hacer que el crimen sea bien visto por la sociedad, comenzando con la \u00e9poca del PRI.<br>As\u00ed es, el PRI ha sido el gran constructor de instituciones y tambi\u00e9n de perversiones y un ejemplo de estas \u00faltimas es la llamada \u201cHistoria de Bronce\u201d que durante d\u00e9cadas fue inculcada, y sigue si\u00e9ndolo, en todos los rincones del pa\u00eds y en la que se ensalza como h\u00e9roes inmaculados a personajes verdaderamente sanguinarios como Hidalgo, Ju\u00e1rez y el gran Pancho Villa.<br>Y otra de las perversiones de la \u00e9poca pri\u00edsta es que al igual que su mutaci\u00f3n actual de color guinda, era v\u00e1lido hacer negocios con el crimen organizado y un ejemplo muy notorio de eso se dio en el Veracruz de la docena tr\u00e1gica de Herrera y Duarte.<br>La verdad ha sido muy triste y tambi\u00e9n muy de preocupar esta cara de la historia de M\u00e9xico y todav\u00eda nos falta comentar la peor parte de la misma y esta se dio a partir de 2018 cuando lleg\u00f3 a la presidencia de la rep\u00fablica un personaje que fue tan mal\u00e9volo que exalt\u00f3 por todos los medios a su alcance al crimen organizado.<br>Y seguramente los llam\u00f3 \u201chumanos\u201d, \u201cbuenos muchachos\u201d y decidi\u00f3 no combatirlos y repartirles abrazos en lugar de balazos, porque era uno de ellos; as\u00ed es, la cereza del pastel en esta historia sobre la crueldad en M\u00e9xico ha sido que el mismo Jefe del Estado y del Gobierno no solo haya dejado de combatir al crimen organizado, sino que haya tratado de hacerlo ver como algo normal y hasta bueno.<br>Y consecuencia de esto \u00faltimo es que el Estado mexicano actual est\u00e1 destruyendo o neutralizando a toda instituci\u00f3n con las funciones y capacidades para combatir al crimen organizado, siendo la \u00faltima reforma al Poder Judicial un buen ejemplo de ello.<br>\u00bfSaben que varios candidatos a jueces y magistrados son abogados de criminales?<br>Aparte de la neutralizaci\u00f3n del poder judicial tenemos la de la Comisi\u00f3n Nacional de Derechos Humanos, la cual debido a la piedra que tiene atravesada no defiende los derechos de las v\u00edctimas frente a la inacci\u00f3n del Estado.<br>Tambi\u00e9n existen comisiones de b\u00fasqueda nacional y locales que tienen la consigna de hacer todo menos buscar a los desaparecidos y que est\u00e1n encabezadas por personas que desconocen todo sobre la materia.<br>Ya comentamos algunas de las causas que han hecho de M\u00e9xico un pa\u00eds propenso y tolerante a la barbarie, en la pr\u00f3xima entrega cerraremos este ciclo dedicado al campo de exterminio de Teuchitl\u00e1n con algunas medidas que consideramos que podr\u00edan ser \u00fatiles para hacer de nuestro pa\u00eds un lugar menos violento.<br>felfebas@gmail.com<br>Twitter: @FelipeFBasilio<\/p>\n","protected":false},"excerpt":{"rendered":"<p>\u2002\u2002\u00daNETE A NUESTRO CANAL \u00a1LOS POL\u00cdTICOS VERACRUZ ya est\u00e1 en WhatsApp! Felipe de Jes\u00fas Fern\u00e1ndez Basilio Desde a JanelaEl horror de lo visto en Teuchitl\u00e1n, Jalisco gracias al descubrimiento de colectivos de la sociedad civil a parte de preocuparnos como pa\u00eds, nos debe de llevar a reflexionar sobre c\u00f3mo fue que llegamos a este nivel [&hellip;]<\/p>\n","protected":false},"author":2,"featured_media":119963,"comment_status":"closed","ping_status":"closed","sticky":false,"template":"","format":"standard","meta":{"tdm_status":"","tdm_grid_status":"","footnotes":""},"categories":[70],"tags":[12710,43455],"class_list":{"0":"post-141243","1":"post","2":"type-post","3":"status-publish","4":"format-standard","5":"has-post-thumbnail","7":"category-de-opinion","8":"tag-felipe-de-jesus-fernandez-basilio","9":"tag-teuchitlan-2"},"yoast_head":"<!-- This site is optimized with the Yoast SEO plugin v27.4 - https:\/\/yoast.com\/product\/yoast-seo-wordpress\/ -->\n<title>TEUCHITL\u00c1N IV - Los pol\u00edticos Veracruz<\/title>\n<meta name=\"robots\" content=\"index, follow, max-snippet:-1, max-image-preview:large, max-video-preview:-1\" \/>\n<link rel=\"canonical\" href=\"https:\/\/lospoliticosveracruz.com\/?p=141243\" \/>\n<meta property=\"og:locale\" content=\"es_ES\" \/>\n<meta property=\"og:type\" content=\"article\" \/>\n<meta property=\"og:title\" content=\"TEUCHITL\u00c1N IV - Los pol\u00edticos Veracruz\" \/>\n<meta property=\"og:description\" content=\"\u2002\u2002\u00daNETE A NUESTRO CANAL \u00a1LOS POL\u00cdTICOS VERACRUZ ya est\u00e1 en WhatsApp! Felipe de Jes\u00fas Fern\u00e1ndez Basilio Desde a JanelaEl horror de lo visto en Teuchitl\u00e1n, Jalisco gracias al descubrimiento de colectivos de la sociedad civil a parte de preocuparnos como pa\u00eds, nos debe de llevar a reflexionar sobre c\u00f3mo fue que llegamos a este nivel [&hellip;]\" \/>\n<meta property=\"og:url\" content=\"https:\/\/lospoliticosveracruz.com\/?p=141243\" \/>\n<meta property=\"og:site_name\" content=\"Los pol\u00edticos Veracruz\" \/>\n<meta property=\"article:publisher\" content=\"https:\/\/www.facebook.com\/people\/Notimemes-de-los-Polticos\/61565672886568\/\" \/>\n<meta property=\"article:published_time\" content=\"2025-04-04T13:37:04+00:00\" \/>\n<meta property=\"article:modified_time\" content=\"2025-04-04T13:37:18+00:00\" \/>\n<meta property=\"og:image\" content=\"https:\/\/lospoliticosveracruz.com\/wp-content\/uploads\/2024\/03\/Felipe-Fernandez-Basilio.jpg\" \/>\n\t<meta property=\"og:image:width\" content=\"1250\" \/>\n\t<meta property=\"og:image:height\" content=\"667\" \/>\n\t<meta property=\"og:image:type\" content=\"image\/jpeg\" \/>\n<meta name=\"author\" content=\"Lo viste en Los Pol\u00edticos\" \/>\n<meta name=\"twitter:card\" content=\"summary_large_image\" \/>\n<meta name=\"twitter:creator\" content=\"@LosPoliticosVer\" \/>\n<meta name=\"twitter:site\" content=\"@LosPoliticosVer\" \/>\n<meta name=\"twitter:label1\" content=\"Escrito por\" \/>\n\t<meta name=\"twitter:data1\" content=\"Lo viste en Los Pol\u00edticos\" \/>\n\t<meta name=\"twitter:label2\" content=\"Tiempo de lectura\" \/>\n\t<meta name=\"twitter:data2\" content=\"4 minutos\" \/>\n<script type=\"application\/ld+json\" class=\"yoast-schema-graph\">{\"@context\":\"https:\\\/\\\/schema.org\",\"@graph\":[{\"@type\":\"Article\",\"@id\":\"https:\\\/\\\/lospoliticosveracruz.com\\\/?p=141243#article\",\"isPartOf\":{\"@id\":\"https:\\\/\\\/lospoliticosveracruz.com\\\/?p=141243\"},\"author\":{\"name\":\"Lo viste en Los Pol\u00edticos\",\"@id\":\"https:\\\/\\\/lospoliticosveracruz.com\\\/#\\\/schema\\\/person\\\/b8702bb0e538456e6efd07080bf2a4a2\"},\"headline\":\"TEUCHITL\u00c1N IV\",\"datePublished\":\"2025-04-04T13:37:04+00:00\",\"dateModified\":\"2025-04-04T13:37:18+00:00\",\"mainEntityOfPage\":{\"@id\":\"https:\\\/\\\/lospoliticosveracruz.com\\\/?p=141243\"},\"wordCount\":897,\"publisher\":{\"@id\":\"https:\\\/\\\/lospoliticosveracruz.com\\\/#organization\"},\"image\":{\"@id\":\"https:\\\/\\\/lospoliticosveracruz.com\\\/?p=141243#primaryimage\"},\"thumbnailUrl\":\"https:\\\/\\\/lospoliticosveracruz.com\\\/wp-content\\\/uploads\\\/2024\\\/03\\\/Felipe-Fernandez-Basilio.jpg\",\"keywords\":[\"Felipe de Jes\u00fas Fern\u00e1ndez Basilio\",\"TEUCHITL\u00c1N\"],\"articleSection\":[\"De Opini\u00f3n\"],\"inLanguage\":\"es\"},{\"@type\":\"WebPage\",\"@id\":\"https:\\\/\\\/lospoliticosveracruz.com\\\/?p=141243\",\"url\":\"https:\\\/\\\/lospoliticosveracruz.com\\\/?p=141243\",\"name\":\"TEUCHITL\u00c1N IV - Los pol\u00edticos Veracruz\",\"isPartOf\":{\"@id\":\"https:\\\/\\\/lospoliticosveracruz.com\\\/#website\"},\"primaryImageOfPage\":{\"@id\":\"https:\\\/\\\/lospoliticosveracruz.com\\\/?p=141243#primaryimage\"},\"image\":{\"@id\":\"https:\\\/\\\/lospoliticosveracruz.com\\\/?p=141243#primaryimage\"},\"thumbnailUrl\":\"https:\\\/\\\/lospoliticosveracruz.com\\\/wp-content\\\/uploads\\\/2024\\\/03\\\/Felipe-Fernandez-Basilio.jpg\",\"datePublished\":\"2025-04-04T13:37:04+00:00\",\"dateModified\":\"2025-04-04T13:37:18+00:00\",\"breadcrumb\":{\"@id\":\"https:\\\/\\\/lospoliticosveracruz.com\\\/?p=141243#breadcrumb\"},\"inLanguage\":\"es\",\"potentialAction\":[{\"@type\":\"ReadAction\",\"target\":[\"https:\\\/\\\/lospoliticosveracruz.com\\\/?p=141243\"]}]},{\"@type\":\"ImageObject\",\"inLanguage\":\"es\",\"@id\":\"https:\\\/\\\/lospoliticosveracruz.com\\\/?p=141243#primaryimage\",\"url\":\"https:\\\/\\\/lospoliticosveracruz.com\\\/wp-content\\\/uploads\\\/2024\\\/03\\\/Felipe-Fernandez-Basilio.jpg\",\"contentUrl\":\"https:\\\/\\\/lospoliticosveracruz.com\\\/wp-content\\\/uploads\\\/2024\\\/03\\\/Felipe-Fernandez-Basilio.jpg\",\"width\":1250,\"height\":667},{\"@type\":\"BreadcrumbList\",\"@id\":\"https:\\\/\\\/lospoliticosveracruz.com\\\/?p=141243#breadcrumb\",\"itemListElement\":[{\"@type\":\"ListItem\",\"position\":1,\"name\":\"Portada\",\"item\":\"https:\\\/\\\/lospoliticosveracruz.com\\\/\"},{\"@type\":\"ListItem\",\"position\":2,\"name\":\"TEUCHITL\u00c1N IV\"}]},{\"@type\":\"WebSite\",\"@id\":\"https:\\\/\\\/lospoliticosveracruz.com\\\/#website\",\"url\":\"https:\\\/\\\/lospoliticosveracruz.com\\\/\",\"name\":\"Los pol\u00edticos Veracruz\",\"description\":\"\",\"publisher\":{\"@id\":\"https:\\\/\\\/lospoliticosveracruz.com\\\/#organization\"},\"potentialAction\":[{\"@type\":\"SearchAction\",\"target\":{\"@type\":\"EntryPoint\",\"urlTemplate\":\"https:\\\/\\\/lospoliticosveracruz.com\\\/?s={search_term_string}\"},\"query-input\":{\"@type\":\"PropertyValueSpecification\",\"valueRequired\":true,\"valueName\":\"search_term_string\"}}],\"inLanguage\":\"es\"},{\"@type\":\"Organization\",\"@id\":\"https:\\\/\\\/lospoliticosveracruz.com\\\/#organization\",\"name\":\"Los pol\u00edticos Veracruz\",\"url\":\"https:\\\/\\\/lospoliticosveracruz.com\\\/\",\"logo\":{\"@type\":\"ImageObject\",\"inLanguage\":\"es\",\"@id\":\"https:\\\/\\\/lospoliticosveracruz.com\\\/#\\\/schema\\\/logo\\\/image\\\/\",\"url\":\"https:\\\/\\\/lospoliticosveracruz.com\\\/wp-content\\\/uploads\\\/2025\\\/12\\\/Logo-Nuevo-LOS-POLITICOS-1.jpg\",\"contentUrl\":\"https:\\\/\\\/lospoliticosveracruz.com\\\/wp-content\\\/uploads\\\/2025\\\/12\\\/Logo-Nuevo-LOS-POLITICOS-1.jpg\",\"width\":260,\"height\":70,\"caption\":\"Los pol\u00edticos Veracruz\"},\"image\":{\"@id\":\"https:\\\/\\\/lospoliticosveracruz.com\\\/#\\\/schema\\\/logo\\\/image\\\/\"},\"sameAs\":[\"https:\\\/\\\/www.facebook.com\\\/people\\\/Notimemes-de-los-Polticos\\\/61565672886568\\\/\",\"https:\\\/\\\/x.com\\\/LosPoliticosVer\"]},{\"@type\":\"Person\",\"@id\":\"https:\\\/\\\/lospoliticosveracruz.com\\\/#\\\/schema\\\/person\\\/b8702bb0e538456e6efd07080bf2a4a2\",\"name\":\"Lo viste en Los Pol\u00edticos\",\"image\":{\"@type\":\"ImageObject\",\"inLanguage\":\"es\",\"@id\":\"https:\\\/\\\/secure.gravatar.com\\\/avatar\\\/3a8de04a2656d44082be478bd6c086daa447c4651605818287b9532d3d0bd435?s=96&d=mm&r=g\",\"url\":\"https:\\\/\\\/secure.gravatar.com\\\/avatar\\\/3a8de04a2656d44082be478bd6c086daa447c4651605818287b9532d3d0bd435?s=96&d=mm&r=g\",\"contentUrl\":\"https:\\\/\\\/secure.gravatar.com\\\/avatar\\\/3a8de04a2656d44082be478bd6c086daa447c4651605818287b9532d3d0bd435?s=96&d=mm&r=g\",\"caption\":\"Lo viste en Los Pol\u00edticos\"},\"url\":\"https:\\\/\\\/lospoliticosveracruz.com\\\/?author=2\"}]}<\/script>\n<!-- \/ Yoast SEO plugin. -->","yoast_head_json":{"title":"TEUCHITL\u00c1N IV - Los pol\u00edticos Veracruz","robots":{"index":"index","follow":"follow","max-snippet":"max-snippet:-1","max-image-preview":"max-image-preview:large","max-video-preview":"max-video-preview:-1"},"canonical":"https:\/\/lospoliticosveracruz.com\/?p=141243","og_locale":"es_ES","og_type":"article","og_title":"TEUCHITL\u00c1N IV - Los pol\u00edticos Veracruz","og_description":"\u2002\u2002\u00daNETE A NUESTRO CANAL \u00a1LOS POL\u00cdTICOS VERACRUZ ya est\u00e1 en WhatsApp! Felipe de Jes\u00fas Fern\u00e1ndez Basilio Desde a JanelaEl horror de lo visto en Teuchitl\u00e1n, Jalisco gracias al descubrimiento de colectivos de la sociedad civil a parte de preocuparnos como pa\u00eds, nos debe de llevar a reflexionar sobre c\u00f3mo fue que llegamos a este nivel [&hellip;]","og_url":"https:\/\/lospoliticosveracruz.com\/?p=141243","og_site_name":"Los pol\u00edticos Veracruz","article_publisher":"https:\/\/www.facebook.com\/people\/Notimemes-de-los-Polticos\/61565672886568\/","article_published_time":"2025-04-04T13:37:04+00:00","article_modified_time":"2025-04-04T13:37:18+00:00","og_image":[{"width":1250,"height":667,"url":"https:\/\/lospoliticosveracruz.com\/wp-content\/uploads\/2024\/03\/Felipe-Fernandez-Basilio.jpg","type":"image\/jpeg"}],"author":"Lo viste en Los Pol\u00edticos","twitter_card":"summary_large_image","twitter_creator":"@LosPoliticosVer","twitter_site":"@LosPoliticosVer","twitter_misc":{"Escrito por":"Lo viste en Los Pol\u00edticos","Tiempo de lectura":"4 minutos"},"schema":{"@context":"https:\/\/schema.org","@graph":[{"@type":"Article","@id":"https:\/\/lospoliticosveracruz.com\/?p=141243#article","isPartOf":{"@id":"https:\/\/lospoliticosveracruz.com\/?p=141243"},"author":{"name":"Lo viste en Los Pol\u00edticos","@id":"https:\/\/lospoliticosveracruz.com\/#\/schema\/person\/b8702bb0e538456e6efd07080bf2a4a2"},"headline":"TEUCHITL\u00c1N IV","datePublished":"2025-04-04T13:37:04+00:00","dateModified":"2025-04-04T13:37:18+00:00","mainEntityOfPage":{"@id":"https:\/\/lospoliticosveracruz.com\/?p=141243"},"wordCount":897,"publisher":{"@id":"https:\/\/lospoliticosveracruz.com\/#organization"},"image":{"@id":"https:\/\/lospoliticosveracruz.com\/?p=141243#primaryimage"},"thumbnailUrl":"https:\/\/lospoliticosveracruz.com\/wp-content\/uploads\/2024\/03\/Felipe-Fernandez-Basilio.jpg","keywords":["Felipe de Jes\u00fas Fern\u00e1ndez Basilio","TEUCHITL\u00c1N"],"articleSection":["De Opini\u00f3n"],"inLanguage":"es"},{"@type":"WebPage","@id":"https:\/\/lospoliticosveracruz.com\/?p=141243","url":"https:\/\/lospoliticosveracruz.com\/?p=141243","name":"TEUCHITL\u00c1N IV - Los pol\u00edticos Veracruz","isPartOf":{"@id":"https:\/\/lospoliticosveracruz.com\/#website"},"primaryImageOfPage":{"@id":"https:\/\/lospoliticosveracruz.com\/?p=141243#primaryimage"},"image":{"@id":"https:\/\/lospoliticosveracruz.com\/?p=141243#primaryimage"},"thumbnailUrl":"https:\/\/lospoliticosveracruz.com\/wp-content\/uploads\/2024\/03\/Felipe-Fernandez-Basilio.jpg","datePublished":"2025-04-04T13:37:04+00:00","dateModified":"2025-04-04T13:37:18+00:00","breadcrumb":{"@id":"https:\/\/lospoliticosveracruz.com\/?p=141243#breadcrumb"},"inLanguage":"es","potentialAction":[{"@type":"ReadAction","target":["https:\/\/lospoliticosveracruz.com\/?p=141243"]}]},{"@type":"ImageObject","inLanguage":"es","@id":"https:\/\/lospoliticosveracruz.com\/?p=141243#primaryimage","url":"https:\/\/lospoliticosveracruz.com\/wp-content\/uploads\/2024\/03\/Felipe-Fernandez-Basilio.jpg","contentUrl":"https:\/\/lospoliticosveracruz.com\/wp-content\/uploads\/2024\/03\/Felipe-Fernandez-Basilio.jpg","width":1250,"height":667},{"@type":"BreadcrumbList","@id":"https:\/\/lospoliticosveracruz.com\/?p=141243#breadcrumb","itemListElement":[{"@type":"ListItem","position":1,"name":"Portada","item":"https:\/\/lospoliticosveracruz.com\/"},{"@type":"ListItem","position":2,"name":"TEUCHITL\u00c1N IV"}]},{"@type":"WebSite","@id":"https:\/\/lospoliticosveracruz.com\/#website","url":"https:\/\/lospoliticosveracruz.com\/","name":"Los pol\u00edticos Veracruz","description":"","publisher":{"@id":"https:\/\/lospoliticosveracruz.com\/#organization"},"potentialAction":[{"@type":"SearchAction","target":{"@type":"EntryPoint","urlTemplate":"https:\/\/lospoliticosveracruz.com\/?s={search_term_string}"},"query-input":{"@type":"PropertyValueSpecification","valueRequired":true,"valueName":"search_term_string"}}],"inLanguage":"es"},{"@type":"Organization","@id":"https:\/\/lospoliticosveracruz.com\/#organization","name":"Los pol\u00edticos Veracruz","url":"https:\/\/lospoliticosveracruz.com\/","logo":{"@type":"ImageObject","inLanguage":"es","@id":"https:\/\/lospoliticosveracruz.com\/#\/schema\/logo\/image\/","url":"https:\/\/lospoliticosveracruz.com\/wp-content\/uploads\/2025\/12\/Logo-Nuevo-LOS-POLITICOS-1.jpg","contentUrl":"https:\/\/lospoliticosveracruz.com\/wp-content\/uploads\/2025\/12\/Logo-Nuevo-LOS-POLITICOS-1.jpg","width":260,"height":70,"caption":"Los pol\u00edticos Veracruz"},"image":{"@id":"https:\/\/lospoliticosveracruz.com\/#\/schema\/logo\/image\/"},"sameAs":["https:\/\/www.facebook.com\/people\/Notimemes-de-los-Polticos\/61565672886568\/","https:\/\/x.com\/LosPoliticosVer"]},{"@type":"Person","@id":"https:\/\/lospoliticosveracruz.com\/#\/schema\/person\/b8702bb0e538456e6efd07080bf2a4a2","name":"Lo viste en Los Pol\u00edticos","image":{"@type":"ImageObject","inLanguage":"es","@id":"https:\/\/secure.gravatar.com\/avatar\/3a8de04a2656d44082be478bd6c086daa447c4651605818287b9532d3d0bd435?s=96&d=mm&r=g","url":"https:\/\/secure.gravatar.com\/avatar\/3a8de04a2656d44082be478bd6c086daa447c4651605818287b9532d3d0bd435?s=96&d=mm&r=g","contentUrl":"https:\/\/secure.gravatar.com\/avatar\/3a8de04a2656d44082be478bd6c086daa447c4651605818287b9532d3d0bd435?s=96&d=mm&r=g","caption":"Lo viste en Los Pol\u00edticos"},"url":"https:\/\/lospoliticosveracruz.com\/?author=2"}]}},"_links":{"self":[{"href":"https:\/\/lospoliticosveracruz.com\/index.php?rest_route=\/wp\/v2\/posts\/141243","targetHints":{"allow":["GET"]}}],"collection":[{"href":"https:\/\/lospoliticosveracruz.com\/index.php?rest_route=\/wp\/v2\/posts"}],"about":[{"href":"https:\/\/lospoliticosveracruz.com\/index.php?rest_route=\/wp\/v2\/types\/post"}],"author":[{"embeddable":true,"href":"https:\/\/lospoliticosveracruz.com\/index.php?rest_route=\/wp\/v2\/users\/2"}],"replies":[{"embeddable":true,"href":"https:\/\/lospoliticosveracruz.com\/index.php?rest_route=%2Fwp%2Fv2%2Fcomments&post=141243"}],"version-history":[{"count":1,"href":"https:\/\/lospoliticosveracruz.com\/index.php?rest_route=\/wp\/v2\/posts\/141243\/revisions"}],"predecessor-version":[{"id":141245,"href":"https:\/\/lospoliticosveracruz.com\/index.php?rest_route=\/wp\/v2\/posts\/141243\/revisions\/141245"}],"wp:featuredmedia":[{"embeddable":true,"href":"https:\/\/lospoliticosveracruz.com\/index.php?rest_route=\/wp\/v2\/media\/119963"}],"wp:attachment":[{"href":"https:\/\/lospoliticosveracruz.com\/index.php?rest_route=%2Fwp%2Fv2%2Fmedia&parent=141243"}],"wp:term":[{"taxonomy":"category","embeddable":true,"href":"https:\/\/lospoliticosveracruz.com\/index.php?rest_route=%2Fwp%2Fv2%2Fcategories&post=141243"},{"taxonomy":"post_tag","embeddable":true,"href":"https:\/\/lospoliticosveracruz.com\/index.php?rest_route=%2Fwp%2Fv2%2Ftags&post=141243"}],"curies":[{"name":"wp","href":"https:\/\/api.w.org\/{rel}","templated":true}]}}